{"id":8613,"date":"2022-05-11T05:35:00","date_gmt":"2022-05-11T08:35:00","guid":{"rendered":"https:\/\/www.padreeustaquio.com.br\/?p=8613"},"modified":"2022-05-13T09:20:34","modified_gmt":"2022-05-13T12:20:34","slug":"brothers-of-the-sacred-hearts-are-ordained-in-paraguay","status":"publish","type":"post","link":"https:\/\/www.padreeustaquio.com.br\/en\/brothers-of-the-sacred-hearts-are-ordained-in-paraguay\/","title":{"rendered":"Brothers of the Sacred Hearts are ordained in Paraguay."},"content":{"rendered":"<p>The evening of Tuesday, May 10th, was marked by three ordinations held in Paraguay. At the city&#039;s sports complex, Deacon Gustavo van Humbeeck, ss.cc., was ordained a priest, and in the same ceremony, brothers Greg\u00f3rio Samuel Silvero, ss.cc., and Vitor Henrique Borges, ss.cc., received diaconal ordination. <a href=\"https:\/\/www.youtube.com\/watch?v=G1nVjfbyvfs\" target=\"_blank\" rel=\"noreferrer noopener\">CLICK HERE<\/a> And watch the ceremony again, which was broadcast on the Padre Eust\u00e1quio Channel on YouTube.<\/p>\n\n\n\n<p>The Holy Mass was presided over by the Archbishop of Asunci\u00f3n \u2013 Paraguay, Dom Adalberto Martinez Flores, and concelebrated by many priests, among them the Provincial of Brazil \u2013 Paraguay region, Fr. Osv\u00e2nio Humberto Mariano, ss.cc. The ceremony was held at the Fernando de la Mora Sports Center and was attended by family and friends of the ordained brothers.<\/p>\n\n\n\n<p>Among his remarks, Archbishop Adalberto spoke about recognizing the remarkable inspiration that Damien continues to give to the entire Church to dedicate itself entirely to the service of the poorest.<\/p>\n\n\n\n<p><strong>Father Gustavo van Humbeeck, ss.cc.<\/strong><\/p>\n\n\n\n<p>Gustavo Rafael Arnaldo Van Humbeeck Benegas was born on March 14, 1989, in Asunci\u00f3n, the capital of Paraguay, and joined the Congregation in 2012. That same year, he began his philosophical studies at the Jesuit Institute of Humanistic and Philosophical Studies in Asunci\u00f3n, entering the novitiate three years later in Chile. He professed his temporary vows on January 15, 2016, at the Santa Catarina de Sena Parish, where he grew in his Christian life, and made his perpetual profession at the Nossa Senhora de F\u00e1tima Parish in the city of Presidente Franco in 2020. In 2020, Father Gustavo underwent a formative experience at the Sanctuary of Health and Peace, the Church of Blessed Father Eust\u00e1quio in Belo Horizonte, Minas Gerais, Brazil.<\/p>\n\n\n\n<p><strong>Deacon Samuel Silvero, ss.cc.<\/strong><\/p>\n\n\n\n<p>Gregorio Samuel Silvero, son of Juan Andr\u00e9s Silvero D\u00e1valos and Ramona Beatriz G\u00f3mez, belongs to the parish community of Our Lady of Fatima in the city of Presidente Franco, Paraguay, where his Christian vocation developed. He entered the Congregation of the Sacred Hearts in 2014, completing his philosophical studies in Asunci\u00f3n (capital of Paraguay). He entered the novitiate in Peru in 2017 and made his religious profession the following year. His pastoral and theological formation was developed in Belo Horizonte, Brazil, and he made his perpetual vows in 2021. In that same year, he was assigned to work with the parish community of Saint Catherine of Siena.<\/p>\n\n\n\n<p><strong>Deacon Vitor Borges, ss.cc.<\/strong><\/p>\n\n\n\n<p>Vitor Henrique Borges was born in Patroc\u00ednio, Minas Gerais (Brazil), on November 23, 1992. Son of Jo\u00e3o Silvestres Borges and Aura Alves Ara\u00fajo Borges. He entered the Congregation of the Sacred Hearts in 2014. He completed his novitiate in Peru in 2017 and professed his temporary vows in 2018. Since February 2021, after completing his academic studies in Belo Horizonte, he has lived in the Sacred Hearts community of Patroc\u00ednio-MG, where he professed his perpetual vows in December 2021. Throughout this year he has been carrying out his pastoral experience at the Salvador del Mundo Parish, in the city of Asunci\u00f3n (Paraguay), where he currently resides with the brothers of the postulancy community.<\/p>\n\n\n\n<p><\/p>","protected":false},"excerpt":{"rendered":"<p>A noite dessa ter\u00e7a-feira, dia 10 de maio, foi marcada por tr\u00eas ordena\u00e7\u00f5es realizadas no Paraguai. No poliesportivo da cidade, o Di\u00e1cono Gustavo van Humbeeck, ss.cc. foi ordenado presb\u00edtero e, na mesma cerim\u00f4nia, os irm\u00e3os Greg\u00f3rio Samuel Silvero, ss.cc. e Vitor Henrique Borges, ss.cc. receberam a ordena\u00e7\u00e3o diaconal. CLIQUE AQUI e reveja a cerim\u00f4nia, que foi transmitida pelo Canal Padre Eust\u00e1quio, no YouTube. A Santa Missa foi presidida pelo Arcebispo de Assun\u00e7\u00e3o &#8211; Paraguai, Dom Adalberto Martinez Flores, e concelebrada por muitos padres, dentre eles o Provincial do Brasil &#8211; regi\u00e3o do Paraguai, Pe. Osv\u00e2nio Humberto Mariano, ss.cc. A cerim\u00f4nia [&hellip;]<\/p>\n","protected":false},"author":2,"featured_media":8632,"comment_status":"open","ping_status":"closed","sticky":false,"template":"","format":"standard","meta":{"_acf_changed":false,"footnotes":""},"categories":[611],"tags":[],"class_list":["post-8613","post","type-post","status-publish","format-standard","has-post-thumbnail","hentry","category-noticias"],"acf":[],"yoast_head":"<!-- This site is optimized with the Yoast SEO plugin v27.2 - https:\/\/yoast.com\/product\/yoast-seo-wordpress\/ -->\n<title>Irm\u00e3os dos Sagrados Cora\u00e7\u00f5es s\u00e3o ordenados no Paraguai<\/title>\n<meta name=\"description\" content=\"A noite dessa ter\u00e7a-feira, dia 10 de maio, foi marcada por tr\u00eas ordena\u00e7\u00f5es realizadas no Paraguai. No poliesportivo da cidade, o Di\u00e1cono Gustavo van Humbeeck, ss.cc. foi ordenado presb\u00edtero da igreja. Na mesma cerim\u00f4nia, os irm\u00e3os Greg\u00f3rio Samuel Silvero, ss.cc. e Vitor Henrique Borges, ss.cc. receberam a ordena\u00e7\u00e3o diaconal.\" \/>\n<meta name=\"robots\" content=\"index, follow, max-snippet:-1, max-image-preview:large, max-video-preview:-1\" \/>\n<link rel=\"canonical\" href=\"https:\/\/www.padreeustaquio.com.br\/en\/brothers-of-the-sacred-hearts-are-ordained-in-paraguay\/\" \/>\n<meta property=\"og:locale\" content=\"en_US\" \/>\n<meta property=\"og:type\" content=\"article\" \/>\n<meta property=\"og:title\" content=\"Irm\u00e3os dos Sagrados Cora\u00e7\u00f5es s\u00e3o ordenados no Paraguai\" \/>\n<meta property=\"og:description\" content=\"A noite dessa ter\u00e7a-feira, dia 10 de maio, foi marcada por tr\u00eas ordena\u00e7\u00f5es realizadas no Paraguai. No poliesportivo da cidade, o Di\u00e1cono Gustavo van Humbeeck, ss.cc. foi ordenado presb\u00edtero da igreja. Na mesma cerim\u00f4nia, os irm\u00e3os Greg\u00f3rio Samuel Silvero, ss.cc. e Vitor Henrique Borges, ss.cc. receberam a ordena\u00e7\u00e3o diaconal.\" \/>\n<meta property=\"og:url\" content=\"https:\/\/www.padreeustaquio.com.br\/en\/brothers-of-the-sacred-hearts-are-ordained-in-paraguay\/\" \/>\n<meta property=\"og:site_name\" content=\"Padre Eust\u00e1quio\" \/>\n<meta property=\"article:publisher\" content=\"https:\/\/www.facebook.com\/beatopadreeustaquio\/\" \/>\n<meta property=\"article:published_time\" content=\"2022-05-11T08:35:00+00:00\" \/>\n<meta property=\"article:modified_time\" content=\"2022-05-13T12:20:34+00:00\" \/>\n<meta property=\"og:image\" content=\"https:\/\/www.padreeustaquio.com.br\/wp-content\/uploads\/2022\/05\/vitor-samuel-e-gustavo.jpg\" \/>\n\t<meta property=\"og:image:width\" content=\"748\" \/>\n\t<meta property=\"og:image:height\" content=\"394\" \/>\n\t<meta property=\"og:image:type\" content=\"image\/jpeg\" \/>\n<meta name=\"author\" content=\"@sscc\" \/>\n<meta name=\"twitter:card\" content=\"summary_large_image\" \/>\n<meta name=\"twitter:creator\" content=\"@beatopeustaquio\" \/>\n<meta name=\"twitter:site\" content=\"@beatopeustaquio\" \/>\n<meta name=\"twitter:label1\" content=\"Written by\" \/>\n\t<meta name=\"twitter:data1\" content=\"@sscc\" \/>\n\t<meta name=\"twitter:label2\" content=\"Est. reading time\" \/>\n\t<meta name=\"twitter:data2\" content=\"3 minutes\" \/>\n<script type=\"application\/ld+json\" class=\"yoast-schema-graph\">{\"@context\":\"https:\/\/schema.org\",\"@graph\":[{\"@type\":\"Article\",\"@id\":\"https:\/\/www.padreeustaquio.com.br\/irmaos-dos-sagrados-coracoes-sao-ordenados-no-paraguai\/#article\",\"isPartOf\":{\"@id\":\"https:\/\/www.padreeustaquio.com.br\/irmaos-dos-sagrados-coracoes-sao-ordenados-no-paraguai\/\"},\"author\":{\"name\":\"@sscc\",\"@id\":\"https:\/\/www.padreeustaquio.com.br\/#\/schema\/person\/a2a51db1d00f1a7af0204a0f1ddb1566\"},\"headline\":\"Irm\u00e3os dos Sagrados Cora\u00e7\u00f5es s\u00e3o ordenados no Paraguai\",\"datePublished\":\"2022-05-11T08:35:00+00:00\",\"dateModified\":\"2022-05-13T12:20:34+00:00\",\"mainEntityOfPage\":{\"@id\":\"https:\/\/www.padreeustaquio.com.br\/irmaos-dos-sagrados-coracoes-sao-ordenados-no-paraguai\/\"},\"wordCount\":567,\"commentCount\":0,\"publisher\":{\"@id\":\"https:\/\/www.padreeustaquio.com.br\/#organization\"},\"image\":{\"@id\":\"https:\/\/www.padreeustaquio.com.br\/irmaos-dos-sagrados-coracoes-sao-ordenados-no-paraguai\/#primaryimage\"},\"thumbnailUrl\":\"https:\/\/www.padreeustaquio.com.br\/wp-content\/uploads\/2022\/05\/vitor-samuel-e-gustavo.jpg\",\"articleSection\":[\"Not\u00edcias\"],\"inLanguage\":\"en-US\",\"potentialAction\":[{\"@type\":\"CommentAction\",\"name\":\"Comment\",\"target\":[\"https:\/\/www.padreeustaquio.com.br\/irmaos-dos-sagrados-coracoes-sao-ordenados-no-paraguai\/#respond\"]}]},{\"@type\":\"WebPage\",\"@id\":\"https:\/\/www.padreeustaquio.com.br\/irmaos-dos-sagrados-coracoes-sao-ordenados-no-paraguai\/\",\"url\":\"https:\/\/www.padreeustaquio.com.br\/irmaos-dos-sagrados-coracoes-sao-ordenados-no-paraguai\/\",\"name\":\"Irm\u00e3os dos Sagrados Cora\u00e7\u00f5es s\u00e3o ordenados no Paraguai\",\"isPartOf\":{\"@id\":\"https:\/\/www.padreeustaquio.com.br\/#website\"},\"primaryImageOfPage\":{\"@id\":\"https:\/\/www.padreeustaquio.com.br\/irmaos-dos-sagrados-coracoes-sao-ordenados-no-paraguai\/#primaryimage\"},\"image\":{\"@id\":\"https:\/\/www.padreeustaquio.com.br\/irmaos-dos-sagrados-coracoes-sao-ordenados-no-paraguai\/#primaryimage\"},\"thumbnailUrl\":\"https:\/\/www.padreeustaquio.com.br\/wp-content\/uploads\/2022\/05\/vitor-samuel-e-gustavo.jpg\",\"datePublished\":\"2022-05-11T08:35:00+00:00\",\"dateModified\":\"2022-05-13T12:20:34+00:00\",\"description\":\"A noite dessa ter\u00e7a-feira, dia 10 de maio, foi marcada por tr\u00eas ordena\u00e7\u00f5es realizadas no Paraguai. No poliesportivo da cidade, o Di\u00e1cono Gustavo van Humbeeck, ss.cc. foi ordenado presb\u00edtero da igreja. Na mesma cerim\u00f4nia, os irm\u00e3os Greg\u00f3rio Samuel Silvero, ss.cc. e Vitor Henrique Borges, ss.cc. receberam a ordena\u00e7\u00e3o diaconal.\",\"breadcrumb\":{\"@id\":\"https:\/\/www.padreeustaquio.com.br\/irmaos-dos-sagrados-coracoes-sao-ordenados-no-paraguai\/#breadcrumb\"},\"inLanguage\":\"en-US\",\"potentialAction\":[{\"@type\":\"ReadAction\",\"target\":[\"https:\/\/www.padreeustaquio.com.br\/irmaos-dos-sagrados-coracoes-sao-ordenados-no-paraguai\/\"]}]},{\"@type\":\"ImageObject\",\"inLanguage\":\"en-US\",\"@id\":\"https:\/\/www.padreeustaquio.com.br\/irmaos-dos-sagrados-coracoes-sao-ordenados-no-paraguai\/#primaryimage\",\"url\":\"https:\/\/www.padreeustaquio.com.br\/wp-content\/uploads\/2022\/05\/vitor-samuel-e-gustavo.jpg\",\"contentUrl\":\"https:\/\/www.padreeustaquio.com.br\/wp-content\/uploads\/2022\/05\/vitor-samuel-e-gustavo.jpg\",\"width\":748,\"height\":394},{\"@type\":\"BreadcrumbList\",\"@id\":\"https:\/\/www.padreeustaquio.com.br\/irmaos-dos-sagrados-coracoes-sao-ordenados-no-paraguai\/#breadcrumb\",\"itemListElement\":[{\"@type\":\"ListItem\",\"position\":1,\"name\":\"In\u00edcio\",\"item\":\"https:\/\/www.padreeustaquio.com.br\/\"},{\"@type\":\"ListItem\",\"position\":2,\"name\":\"Irm\u00e3os dos Sagrados Cora\u00e7\u00f5es s\u00e3o ordenados no Paraguai\"}]},{\"@type\":\"WebSite\",\"@id\":\"https:\/\/www.padreeustaquio.com.br\/#website\",\"url\":\"https:\/\/www.padreeustaquio.com.br\/\",\"name\":\"Padre Eust\u00e1quio\",\"description\":\"Sa\u00fade e Paz\",\"publisher\":{\"@id\":\"https:\/\/www.padreeustaquio.com.br\/#organization\"},\"potentialAction\":[{\"@type\":\"SearchAction\",\"target\":{\"@type\":\"EntryPoint\",\"urlTemplate\":\"https:\/\/www.padreeustaquio.com.br\/?s={search_term_string}\"},\"query-input\":{\"@type\":\"PropertyValueSpecification\",\"valueRequired\":true,\"valueName\":\"search_term_string\"}}],\"inLanguage\":\"en-US\"},{\"@type\":\"Organization\",\"@id\":\"https:\/\/www.padreeustaquio.com.br\/#organization\",\"name\":\"Padre Eust\u00e1quio\",\"url\":\"https:\/\/www.padreeustaquio.com.br\/\",\"logo\":{\"@type\":\"ImageObject\",\"inLanguage\":\"en-US\",\"@id\":\"https:\/\/www.padreeustaquio.com.br\/#\/schema\/logo\/image\/\",\"url\":\"https:\/\/www.padreeustaquio.com.br\/wp-content\/uploads\/2019\/08\/marca.png\",\"contentUrl\":\"https:\/\/www.padreeustaquio.com.br\/wp-content\/uploads\/2019\/08\/marca.png\",\"width\":350,\"height\":400,\"caption\":\"Padre Eust\u00e1quio\"},\"image\":{\"@id\":\"https:\/\/www.padreeustaquio.com.br\/#\/schema\/logo\/image\/\"},\"sameAs\":[\"https:\/\/www.facebook.com\/beatopadreeustaquio\/\",\"https:\/\/x.com\/beatopeustaquio\",\"https:\/\/www.instagram.com\/beatopadreeustaquio\/\",\"https:\/\/www.youtube.com\/channel\/UCRhw7vfabnajwLxb1ZXMeIw\"]},{\"@type\":\"Person\",\"@id\":\"https:\/\/www.padreeustaquio.com.br\/#\/schema\/person\/a2a51db1d00f1a7af0204a0f1ddb1566\",\"name\":\"@sscc\",\"image\":{\"@type\":\"ImageObject\",\"inLanguage\":\"en-US\",\"@id\":\"https:\/\/secure.gravatar.com\/avatar\/68cfafa5f44617fea54071e215026e0ff06be366c3d54a8425f04fdcb86f8c5f?s=96&d=mm&r=g\",\"url\":\"https:\/\/secure.gravatar.com\/avatar\/68cfafa5f44617fea54071e215026e0ff06be366c3d54a8425f04fdcb86f8c5f?s=96&d=mm&r=g\",\"contentUrl\":\"https:\/\/secure.gravatar.com\/avatar\/68cfafa5f44617fea54071e215026e0ff06be366c3d54a8425f04fdcb86f8c5f?s=96&d=mm&r=g\",\"caption\":\"@sscc\"},\"url\":\"https:\/\/www.padreeustaquio.com.br\/en\/author\/sscc\/\"}]}<\/script>\n<!-- \/ Yoast SEO plugin. -->","yoast_head_json":{"title":"Brothers of the Sacred Hearts are ordained in Paraguay.","description":"The evening of Tuesday, May 10th, was marked by three ordinations held in Paraguay. At the city&#039;s sports complex, Deacon Gustavo van Humbeeck, ss.cc., was ordained a priest of the church. In the same ceremony, brothers Greg\u00f3rio Samuel Silvero, ss.cc., and Vitor Henrique Borges, ss.cc., received diaconal ordination.","robots":{"index":"index","follow":"follow","max-snippet":"max-snippet:-1","max-image-preview":"max-image-preview:large","max-video-preview":"max-video-preview:-1"},"canonical":"https:\/\/www.padreeustaquio.com.br\/en\/brothers-of-the-sacred-hearts-are-ordained-in-paraguay\/","og_locale":"en_US","og_type":"article","og_title":"Irm\u00e3os dos Sagrados Cora\u00e7\u00f5es s\u00e3o ordenados no Paraguai","og_description":"A noite dessa ter\u00e7a-feira, dia 10 de maio, foi marcada por tr\u00eas ordena\u00e7\u00f5es realizadas no Paraguai. No poliesportivo da cidade, o Di\u00e1cono Gustavo van Humbeeck, ss.cc. foi ordenado presb\u00edtero da igreja. Na mesma cerim\u00f4nia, os irm\u00e3os Greg\u00f3rio Samuel Silvero, ss.cc. e Vitor Henrique Borges, ss.cc. receberam a ordena\u00e7\u00e3o diaconal.","og_url":"https:\/\/www.padreeustaquio.com.br\/en\/brothers-of-the-sacred-hearts-are-ordained-in-paraguay\/","og_site_name":"Padre Eust\u00e1quio","article_publisher":"https:\/\/www.facebook.com\/beatopadreeustaquio\/","article_published_time":"2022-05-11T08:35:00+00:00","article_modified_time":"2022-05-13T12:20:34+00:00","og_image":[{"width":748,"height":394,"url":"https:\/\/www.padreeustaquio.com.br\/wp-content\/uploads\/2022\/05\/vitor-samuel-e-gustavo.jpg","type":"image\/jpeg"}],"author":"@sscc","twitter_card":"summary_large_image","twitter_creator":"@beatopeustaquio","twitter_site":"@beatopeustaquio","twitter_misc":{"Written by":"@sscc","Est. reading time":"3 minutes"},"schema":{"@context":"https:\/\/schema.org","@graph":[{"@type":"Article","@id":"https:\/\/www.padreeustaquio.com.br\/irmaos-dos-sagrados-coracoes-sao-ordenados-no-paraguai\/#article","isPartOf":{"@id":"https:\/\/www.padreeustaquio.com.br\/irmaos-dos-sagrados-coracoes-sao-ordenados-no-paraguai\/"},"author":{"name":"@sscc","@id":"https:\/\/www.padreeustaquio.com.br\/#\/schema\/person\/a2a51db1d00f1a7af0204a0f1ddb1566"},"headline":"Irm\u00e3os dos Sagrados Cora\u00e7\u00f5es s\u00e3o ordenados no Paraguai","datePublished":"2022-05-11T08:35:00+00:00","dateModified":"2022-05-13T12:20:34+00:00","mainEntityOfPage":{"@id":"https:\/\/www.padreeustaquio.com.br\/irmaos-dos-sagrados-coracoes-sao-ordenados-no-paraguai\/"},"wordCount":567,"commentCount":0,"publisher":{"@id":"https:\/\/www.padreeustaquio.com.br\/#organization"},"image":{"@id":"https:\/\/www.padreeustaquio.com.br\/irmaos-dos-sagrados-coracoes-sao-ordenados-no-paraguai\/#primaryimage"},"thumbnailUrl":"https:\/\/www.padreeustaquio.com.br\/wp-content\/uploads\/2022\/05\/vitor-samuel-e-gustavo.jpg","articleSection":["Not\u00edcias"],"inLanguage":"en-US","potentialAction":[{"@type":"CommentAction","name":"Comment","target":["https:\/\/www.padreeustaquio.com.br\/irmaos-dos-sagrados-coracoes-sao-ordenados-no-paraguai\/#respond"]}]},{"@type":"WebPage","@id":"https:\/\/www.padreeustaquio.com.br\/irmaos-dos-sagrados-coracoes-sao-ordenados-no-paraguai\/","url":"https:\/\/www.padreeustaquio.com.br\/irmaos-dos-sagrados-coracoes-sao-ordenados-no-paraguai\/","name":"Brothers of the Sacred Hearts are ordained in Paraguay.","isPartOf":{"@id":"https:\/\/www.padreeustaquio.com.br\/#website"},"primaryImageOfPage":{"@id":"https:\/\/www.padreeustaquio.com.br\/irmaos-dos-sagrados-coracoes-sao-ordenados-no-paraguai\/#primaryimage"},"image":{"@id":"https:\/\/www.padreeustaquio.com.br\/irmaos-dos-sagrados-coracoes-sao-ordenados-no-paraguai\/#primaryimage"},"thumbnailUrl":"https:\/\/www.padreeustaquio.com.br\/wp-content\/uploads\/2022\/05\/vitor-samuel-e-gustavo.jpg","datePublished":"2022-05-11T08:35:00+00:00","dateModified":"2022-05-13T12:20:34+00:00","description":"The evening of Tuesday, May 10th, was marked by three ordinations held in Paraguay. At the city&#039;s sports complex, Deacon Gustavo van Humbeeck, ss.cc., was ordained a priest of the church. In the same ceremony, brothers Greg\u00f3rio Samuel Silvero, ss.cc., and Vitor Henrique Borges, ss.cc., received diaconal ordination.","breadcrumb":{"@id":"https:\/\/www.padreeustaquio.com.br\/irmaos-dos-sagrados-coracoes-sao-ordenados-no-paraguai\/#breadcrumb"},"inLanguage":"en-US","potentialAction":[{"@type":"ReadAction","target":["https:\/\/www.padreeustaquio.com.br\/irmaos-dos-sagrados-coracoes-sao-ordenados-no-paraguai\/"]}]},{"@type":"ImageObject","inLanguage":"en-US","@id":"https:\/\/www.padreeustaquio.com.br\/irmaos-dos-sagrados-coracoes-sao-ordenados-no-paraguai\/#primaryimage","url":"https:\/\/www.padreeustaquio.com.br\/wp-content\/uploads\/2022\/05\/vitor-samuel-e-gustavo.jpg","contentUrl":"https:\/\/www.padreeustaquio.com.br\/wp-content\/uploads\/2022\/05\/vitor-samuel-e-gustavo.jpg","width":748,"height":394},{"@type":"BreadcrumbList","@id":"https:\/\/www.padreeustaquio.com.br\/irmaos-dos-sagrados-coracoes-sao-ordenados-no-paraguai\/#breadcrumb","itemListElement":[{"@type":"ListItem","position":1,"name":"In\u00edcio","item":"https:\/\/www.padreeustaquio.com.br\/"},{"@type":"ListItem","position":2,"name":"Irm\u00e3os dos Sagrados Cora\u00e7\u00f5es s\u00e3o ordenados no Paraguai"}]},{"@type":"WebSite","@id":"https:\/\/www.padreeustaquio.com.br\/#website","url":"https:\/\/www.padreeustaquio.com.br\/","name":"FATHER EUST\u00c1QUIO","description":"Health and Peace","publisher":{"@id":"https:\/\/www.padreeustaquio.com.br\/#organization"},"potentialAction":[{"@type":"SearchAction","target":{"@type":"EntryPoint","urlTemplate":"https:\/\/www.padreeustaquio.com.br\/?s={search_term_string}"},"query-input":{"@type":"PropertyValueSpecification","valueRequired":true,"valueName":"search_term_string"}}],"inLanguage":"en-US"},{"@type":"Organization","@id":"https:\/\/www.padreeustaquio.com.br\/#organization","name":"FATHER EUST\u00c1QUIO","url":"https:\/\/www.padreeustaquio.com.br\/","logo":{"@type":"ImageObject","inLanguage":"en-US","@id":"https:\/\/www.padreeustaquio.com.br\/#\/schema\/logo\/image\/","url":"https:\/\/www.padreeustaquio.com.br\/wp-content\/uploads\/2019\/08\/marca.png","contentUrl":"https:\/\/www.padreeustaquio.com.br\/wp-content\/uploads\/2019\/08\/marca.png","width":350,"height":400,"caption":"Padre Eust\u00e1quio"},"image":{"@id":"https:\/\/www.padreeustaquio.com.br\/#\/schema\/logo\/image\/"},"sameAs":["https:\/\/www.facebook.com\/beatopadreeustaquio\/","https:\/\/x.com\/beatopeustaquio","https:\/\/www.instagram.com\/beatopadreeustaquio\/","https:\/\/www.youtube.com\/channel\/UCRhw7vfabnajwLxb1ZXMeIw"]},{"@type":"Person","@id":"https:\/\/www.padreeustaquio.com.br\/#\/schema\/person\/a2a51db1d00f1a7af0204a0f1ddb1566","name":"@sscc","image":{"@type":"ImageObject","inLanguage":"en-US","@id":"https:\/\/secure.gravatar.com\/avatar\/68cfafa5f44617fea54071e215026e0ff06be366c3d54a8425f04fdcb86f8c5f?s=96&d=mm&r=g","url":"https:\/\/secure.gravatar.com\/avatar\/68cfafa5f44617fea54071e215026e0ff06be366c3d54a8425f04fdcb86f8c5f?s=96&d=mm&r=g","contentUrl":"https:\/\/secure.gravatar.com\/avatar\/68cfafa5f44617fea54071e215026e0ff06be366c3d54a8425f04fdcb86f8c5f?s=96&d=mm&r=g","caption":"@sscc"},"url":"https:\/\/www.padreeustaquio.com.br\/en\/author\/sscc\/"}]}},"_links":{"self":[{"href":"https:\/\/www.padreeustaquio.com.br\/en\/wp-json\/wp\/v2\/posts\/8613","targetHints":{"allow":["GET"]}}],"collection":[{"href":"https:\/\/www.padreeustaquio.com.br\/en\/wp-json\/wp\/v2\/posts"}],"about":[{"href":"https:\/\/www.padreeustaquio.com.br\/en\/wp-json\/wp\/v2\/types\/post"}],"author":[{"embeddable":true,"href":"https:\/\/www.padreeustaquio.com.br\/en\/wp-json\/wp\/v2\/users\/2"}],"replies":[{"embeddable":true,"href":"https:\/\/www.padreeustaquio.com.br\/en\/wp-json\/wp\/v2\/comments?post=8613"}],"version-history":[{"count":0,"href":"https:\/\/www.padreeustaquio.com.br\/en\/wp-json\/wp\/v2\/posts\/8613\/revisions"}],"wp:featuredmedia":[{"embeddable":true,"href":"https:\/\/www.padreeustaquio.com.br\/en\/wp-json\/wp\/v2\/media\/8632"}],"wp:attachment":[{"href":"https:\/\/www.padreeustaquio.com.br\/en\/wp-json\/wp\/v2\/media?parent=8613"}],"wp:term":[{"taxonomy":"category","embeddable":true,"href":"https:\/\/www.padreeustaquio.com.br\/en\/wp-json\/wp\/v2\/categories?post=8613"},{"taxonomy":"post_tag","embeddable":true,"href":"https:\/\/www.padreeustaquio.com.br\/en\/wp-json\/wp\/v2\/tags?post=8613"}],"curies":[{"name":"wp","href":"https:\/\/api.w.org\/{rel}","templated":true}]}}