{"id":8609,"date":"2022-05-10T14:02:11","date_gmt":"2022-05-10T17:02:11","guid":{"rendered":"https:\/\/www.padreeustaquio.com.br\/?p=8609"},"modified":"2022-05-10T14:02:13","modified_gmt":"2022-05-10T17:02:13","slug":"today-is-the-day-of-saint-damian-of-molokai-the-saint-who-inspired-father-eustaquio","status":"publish","type":"post","link":"https:\/\/www.padreeustaquio.com.br\/en\/today-is-the-day-of-saint-damian-of-molokai-the-saint-who-inspired-father-eustaquio\/","title":{"rendered":"Today is the feast day of Saint Damien of Molokai, the saint who inspired Father Eustace."},"content":{"rendered":"<p>From a young age, Father Eust\u00e1quio knew of the blessings and heroism of Saint Damien, who was known in the region for his story of love and care for people suffering from leprosy in Molokai. In his youth, reading about the Saint&#039;s life captivated the Missionary of Health and Peace, and sparked in his heart the dream of a missionary life, just like the apostle of the lepers. And that is how the Blessed One entered the Congregation of the Sacred Hearts.<\/p>\n\n\n\n<p><strong>Life and legacy of Saint Damien of Molokai<\/strong><\/p>\n\n\n\n<p>Jozef de Veuster was born in Tremelo on January 3, 1840. Having entered the novitiate of the Congregation of the Sacred Hearts of Jesus and Mary, he adopted the name Damien. Influenced by his brother, who wanted to be a missionary in distant lands, he also decided to go to mission areas. He obtained permission to move to the Hawaiian archipelago. Thus, he arrived in Honolulu, the capital of the islands. There he received priestly ordination and began to dedicate himself particularly to the sick.<\/p>\n\n\n\n<p>At that time, those suffering from leprosy or Hansen&#039;s disease were sent and forced to live in a colony on the island of Molokai. Faced with the need for a priest to provide religious and spiritual care, Damien volunteered to take on this mission. Gradually, however, the holy missionary transformed Molokai. He built a church dedicated to Saint Philomena, a hospital, an infirmary, a school, and several houses on the island.<\/p>\n\n\n\n<p>In 1885, at the age of 49, Father Damien himself contracted leprosy. Offered to leave the island for treatment, Father Damien refused. Despite the pain, he continued God&#039;s work among those despised people. Shortly before his death, he witnessed the arrival of Father Wendelin and the Franciscan Sisters, who took over the infirmary. One of them was Blessed Mother Marianna Cope, who served the island&#039;s sick for over 30 years. Father Damien passed away on April 15, 1889, was beatified by Saint John Paul II in 1995, and canonized by Pope Benedict XVI in 2009.<\/p>\n\n\n\n<p>May 10th was chosen as the liturgical day for the remembrance of Saint Damien of Molokai because it was the day he arrived on the island to care for the lepers.<\/p>\n\n\n\n<p><\/p>","protected":false},"excerpt":{"rendered":"<p>Desde pequeno, Padre Eust\u00e1quio conhecia as venturas e o hero\u00edsmo de S\u00e3o Dami\u00e3o, que era conhecido na regi\u00e3o por sua hist\u00f3ria de amor e cuidado \u00e0s pessoas que sofriam com a Lepra, em Molokai. Na juventude, a leitura da vida do Santo encantou o Mission\u00e1rio da Sa\u00fade e da Paz, e fez surgir no cora\u00e7\u00e3o dele o sonho com a vida mission\u00e1ria, assim como o ap\u00f3stolo dos hansenianos. E foi assim que o Bem-aventurado entrou para a Congrega\u00e7\u00e3o dos Sagrados Cora\u00e7\u00f5es. Vida e legado de S\u00e3o Dami\u00e3o de Molokai Jozef de Veuster, nasceu em Tremelo dia 3 de janeiro de [&hellip;]<\/p>\n","protected":false},"author":2,"featured_media":8610,"comment_status":"open","ping_status":"closed","sticky":false,"template":"","format":"standard","meta":{"_acf_changed":false,"footnotes":""},"categories":[611],"tags":[],"class_list":["post-8609","post","type-post","status-publish","format-standard","has-post-thumbnail","hentry","category-noticias"],"acf":[],"yoast_head":"<!-- This site is optimized with the Yoast SEO plugin v27.2 - https:\/\/yoast.com\/product\/yoast-seo-wordpress\/ -->\n<title>Hoje \u00e9 dia de S\u00e3o Dami\u00e3o de Molokai, o Santo que inspirou Padre Eust\u00e1quio<\/title>\n<meta name=\"description\" content=\"Desde pequeno, Padre Eust\u00e1quio conhecia as venturas e o hero\u00edsmo de S\u00e3o Dami\u00e3o, que era conhecido na regi\u00e3o por sua hist\u00f3ria de amor e cuidado \u00e0s pessoas que sofriam com a Lepra, em Molokai. Na juventude, a leitura da vida do Santo encantou o Mission\u00e1rio da Sa\u00fade e da Paz, e fez surgir no cora\u00e7\u00e3o dele o sonho com a vida mission\u00e1ria, assim como o ap\u00f3stolo dos hansenianos. E foi assim que o Bem-aventurado entrou para a Congrega\u00e7\u00e3o dos Sagrados Cora\u00e7\u00f5es.\" \/>\n<meta name=\"robots\" content=\"index, follow, max-snippet:-1, max-image-preview:large, max-video-preview:-1\" \/>\n<link rel=\"canonical\" href=\"https:\/\/www.padreeustaquio.com.br\/en\/today-is-the-day-of-saint-damian-of-molokai-the-saint-who-inspired-father-eustaquio\/\" \/>\n<meta property=\"og:locale\" content=\"en_US\" \/>\n<meta property=\"og:type\" content=\"article\" \/>\n<meta property=\"og:title\" content=\"Hoje \u00e9 dia de S\u00e3o Dami\u00e3o de Molokai, o Santo que inspirou Padre Eust\u00e1quio\" \/>\n<meta property=\"og:description\" content=\"Desde pequeno, Padre Eust\u00e1quio conhecia as venturas e o hero\u00edsmo de S\u00e3o Dami\u00e3o, que era conhecido na regi\u00e3o por sua hist\u00f3ria de amor e cuidado \u00e0s pessoas que sofriam com a Lepra, em Molokai. Na juventude, a leitura da vida do Santo encantou o Mission\u00e1rio da Sa\u00fade e da Paz, e fez surgir no cora\u00e7\u00e3o dele o sonho com a vida mission\u00e1ria, assim como o ap\u00f3stolo dos hansenianos. E foi assim que o Bem-aventurado entrou para a Congrega\u00e7\u00e3o dos Sagrados Cora\u00e7\u00f5es.\" \/>\n<meta property=\"og:url\" content=\"https:\/\/www.padreeustaquio.com.br\/en\/today-is-the-day-of-saint-damian-of-molokai-the-saint-who-inspired-father-eustaquio\/\" \/>\n<meta property=\"og:site_name\" content=\"Padre Eust\u00e1quio\" \/>\n<meta property=\"article:publisher\" content=\"https:\/\/www.facebook.com\/beatopadreeustaquio\/\" \/>\n<meta property=\"article:published_time\" content=\"2022-05-10T17:02:11+00:00\" \/>\n<meta property=\"article:modified_time\" content=\"2022-05-10T17:02:13+00:00\" \/>\n<meta property=\"og:image\" content=\"https:\/\/www.padreeustaquio.com.br\/wp-content\/uploads\/2019\/07\/Padre.png\" \/>\n\t<meta property=\"og:image:width\" content=\"816\" \/>\n\t<meta property=\"og:image:height\" content=\"697\" \/>\n\t<meta property=\"og:image:type\" content=\"image\/png\" \/>\n<meta name=\"author\" content=\"@sscc\" \/>\n<meta name=\"twitter:card\" content=\"summary_large_image\" \/>\n<meta name=\"twitter:creator\" content=\"@beatopeustaquio\" \/>\n<meta name=\"twitter:site\" content=\"@beatopeustaquio\" \/>\n<meta name=\"twitter:label1\" content=\"Written by\" \/>\n\t<meta name=\"twitter:data1\" content=\"@sscc\" \/>\n\t<meta name=\"twitter:label2\" content=\"Est. reading time\" \/>\n\t<meta name=\"twitter:data2\" content=\"2 minutes\" \/>\n<script type=\"application\/ld+json\" class=\"yoast-schema-graph\">{\"@context\":\"https:\/\/schema.org\",\"@graph\":[{\"@type\":\"Article\",\"@id\":\"https:\/\/www.padreeustaquio.com.br\/hoje-e-dia-de-sao-damiao-de-molokai-o-santo-que-inspirou-padre-eustaquio\/#article\",\"isPartOf\":{\"@id\":\"https:\/\/www.padreeustaquio.com.br\/hoje-e-dia-de-sao-damiao-de-molokai-o-santo-que-inspirou-padre-eustaquio\/\"},\"author\":{\"name\":\"@sscc\",\"@id\":\"https:\/\/www.padreeustaquio.com.br\/#\/schema\/person\/a2a51db1d00f1a7af0204a0f1ddb1566\"},\"headline\":\"Hoje \u00e9 dia de S\u00e3o Dami\u00e3o de Molokai, o Santo que inspirou Padre Eust\u00e1quio\",\"datePublished\":\"2022-05-10T17:02:11+00:00\",\"dateModified\":\"2022-05-10T17:02:13+00:00\",\"mainEntityOfPage\":{\"@id\":\"https:\/\/www.padreeustaquio.com.br\/hoje-e-dia-de-sao-damiao-de-molokai-o-santo-que-inspirou-padre-eustaquio\/\"},\"wordCount\":428,\"commentCount\":0,\"publisher\":{\"@id\":\"https:\/\/www.padreeustaquio.com.br\/#organization\"},\"image\":{\"@id\":\"https:\/\/www.padreeustaquio.com.br\/hoje-e-dia-de-sao-damiao-de-molokai-o-santo-que-inspirou-padre-eustaquio\/#primaryimage\"},\"thumbnailUrl\":\"https:\/\/www.padreeustaquio.com.br\/wp-content\/uploads\/2022\/05\/Foto-17.bmp\",\"articleSection\":[\"Not\u00edcias\"],\"inLanguage\":\"en-US\",\"potentialAction\":[{\"@type\":\"CommentAction\",\"name\":\"Comment\",\"target\":[\"https:\/\/www.padreeustaquio.com.br\/hoje-e-dia-de-sao-damiao-de-molokai-o-santo-que-inspirou-padre-eustaquio\/#respond\"]}]},{\"@type\":\"WebPage\",\"@id\":\"https:\/\/www.padreeustaquio.com.br\/hoje-e-dia-de-sao-damiao-de-molokai-o-santo-que-inspirou-padre-eustaquio\/\",\"url\":\"https:\/\/www.padreeustaquio.com.br\/hoje-e-dia-de-sao-damiao-de-molokai-o-santo-que-inspirou-padre-eustaquio\/\",\"name\":\"Hoje \u00e9 dia de S\u00e3o Dami\u00e3o de Molokai, o Santo que inspirou Padre Eust\u00e1quio\",\"isPartOf\":{\"@id\":\"https:\/\/www.padreeustaquio.com.br\/#website\"},\"primaryImageOfPage\":{\"@id\":\"https:\/\/www.padreeustaquio.com.br\/hoje-e-dia-de-sao-damiao-de-molokai-o-santo-que-inspirou-padre-eustaquio\/#primaryimage\"},\"image\":{\"@id\":\"https:\/\/www.padreeustaquio.com.br\/hoje-e-dia-de-sao-damiao-de-molokai-o-santo-que-inspirou-padre-eustaquio\/#primaryimage\"},\"thumbnailUrl\":\"https:\/\/www.padreeustaquio.com.br\/wp-content\/uploads\/2022\/05\/Foto-17.bmp\",\"datePublished\":\"2022-05-10T17:02:11+00:00\",\"dateModified\":\"2022-05-10T17:02:13+00:00\",\"description\":\"Desde pequeno, Padre Eust\u00e1quio conhecia as venturas e o hero\u00edsmo de S\u00e3o Dami\u00e3o, que era conhecido na regi\u00e3o por sua hist\u00f3ria de amor e cuidado \u00e0s pessoas que sofriam com a Lepra, em Molokai. Na juventude, a leitura da vida do Santo encantou o Mission\u00e1rio da Sa\u00fade e da Paz, e fez surgir no cora\u00e7\u00e3o dele o sonho com a vida mission\u00e1ria, assim como o ap\u00f3stolo dos hansenianos. E foi assim que o Bem-aventurado entrou para a Congrega\u00e7\u00e3o dos Sagrados Cora\u00e7\u00f5es.\",\"breadcrumb\":{\"@id\":\"https:\/\/www.padreeustaquio.com.br\/hoje-e-dia-de-sao-damiao-de-molokai-o-santo-que-inspirou-padre-eustaquio\/#breadcrumb\"},\"inLanguage\":\"en-US\",\"potentialAction\":[{\"@type\":\"ReadAction\",\"target\":[\"https:\/\/www.padreeustaquio.com.br\/hoje-e-dia-de-sao-damiao-de-molokai-o-santo-que-inspirou-padre-eustaquio\/\"]}]},{\"@type\":\"ImageObject\",\"inLanguage\":\"en-US\",\"@id\":\"https:\/\/www.padreeustaquio.com.br\/hoje-e-dia-de-sao-damiao-de-molokai-o-santo-que-inspirou-padre-eustaquio\/#primaryimage\",\"url\":\"https:\/\/www.padreeustaquio.com.br\/wp-content\/uploads\/2022\/05\/Foto-17.bmp\",\"contentUrl\":\"https:\/\/www.padreeustaquio.com.br\/wp-content\/uploads\/2022\/05\/Foto-17.bmp\",\"width\":1216,\"height\":736},{\"@type\":\"BreadcrumbList\",\"@id\":\"https:\/\/www.padreeustaquio.com.br\/hoje-e-dia-de-sao-damiao-de-molokai-o-santo-que-inspirou-padre-eustaquio\/#breadcrumb\",\"itemListElement\":[{\"@type\":\"ListItem\",\"position\":1,\"name\":\"In\u00edcio\",\"item\":\"https:\/\/www.padreeustaquio.com.br\/\"},{\"@type\":\"ListItem\",\"position\":2,\"name\":\"Hoje \u00e9 dia de S\u00e3o Dami\u00e3o de Molokai, o Santo que inspirou Padre Eust\u00e1quio\"}]},{\"@type\":\"WebSite\",\"@id\":\"https:\/\/www.padreeustaquio.com.br\/#website\",\"url\":\"https:\/\/www.padreeustaquio.com.br\/\",\"name\":\"Padre Eust\u00e1quio\",\"description\":\"Sa\u00fade e Paz\",\"publisher\":{\"@id\":\"https:\/\/www.padreeustaquio.com.br\/#organization\"},\"potentialAction\":[{\"@type\":\"SearchAction\",\"target\":{\"@type\":\"EntryPoint\",\"urlTemplate\":\"https:\/\/www.padreeustaquio.com.br\/?s={search_term_string}\"},\"query-input\":{\"@type\":\"PropertyValueSpecification\",\"valueRequired\":true,\"valueName\":\"search_term_string\"}}],\"inLanguage\":\"en-US\"},{\"@type\":\"Organization\",\"@id\":\"https:\/\/www.padreeustaquio.com.br\/#organization\",\"name\":\"Padre Eust\u00e1quio\",\"url\":\"https:\/\/www.padreeustaquio.com.br\/\",\"logo\":{\"@type\":\"ImageObject\",\"inLanguage\":\"en-US\",\"@id\":\"https:\/\/www.padreeustaquio.com.br\/#\/schema\/logo\/image\/\",\"url\":\"https:\/\/www.padreeustaquio.com.br\/wp-content\/uploads\/2019\/08\/marca.png\",\"contentUrl\":\"https:\/\/www.padreeustaquio.com.br\/wp-content\/uploads\/2019\/08\/marca.png\",\"width\":350,\"height\":400,\"caption\":\"Padre Eust\u00e1quio\"},\"image\":{\"@id\":\"https:\/\/www.padreeustaquio.com.br\/#\/schema\/logo\/image\/\"},\"sameAs\":[\"https:\/\/www.facebook.com\/beatopadreeustaquio\/\",\"https:\/\/x.com\/beatopeustaquio\",\"https:\/\/www.instagram.com\/beatopadreeustaquio\/\",\"https:\/\/www.youtube.com\/channel\/UCRhw7vfabnajwLxb1ZXMeIw\"]},{\"@type\":\"Person\",\"@id\":\"https:\/\/www.padreeustaquio.com.br\/#\/schema\/person\/a2a51db1d00f1a7af0204a0f1ddb1566\",\"name\":\"@sscc\",\"image\":{\"@type\":\"ImageObject\",\"inLanguage\":\"en-US\",\"@id\":\"https:\/\/secure.gravatar.com\/avatar\/68cfafa5f44617fea54071e215026e0ff06be366c3d54a8425f04fdcb86f8c5f?s=96&d=mm&r=g\",\"url\":\"https:\/\/secure.gravatar.com\/avatar\/68cfafa5f44617fea54071e215026e0ff06be366c3d54a8425f04fdcb86f8c5f?s=96&d=mm&r=g\",\"contentUrl\":\"https:\/\/secure.gravatar.com\/avatar\/68cfafa5f44617fea54071e215026e0ff06be366c3d54a8425f04fdcb86f8c5f?s=96&d=mm&r=g\",\"caption\":\"@sscc\"},\"url\":\"https:\/\/www.padreeustaquio.com.br\/en\/author\/sscc\/\"}]}<\/script>\n<!-- \/ Yoast SEO plugin. -->","yoast_head_json":{"title":"Today is the feast day of Saint Damien of Molokai, the saint who inspired Father Eustace.","description":"From a young age, Father Eust\u00e1quio knew of the blessings and heroism of Saint Damien, who was known in the region for his story of love and care for people suffering from leprosy in Molokai. In his youth, reading about the Saint&#039;s life captivated the Missionary of Health and Peace, and sparked in his heart the dream of a missionary life, just like the apostle of the lepers. And that is how the Blessed One entered the Congregation of the Sacred Hearts.","robots":{"index":"index","follow":"follow","max-snippet":"max-snippet:-1","max-image-preview":"max-image-preview:large","max-video-preview":"max-video-preview:-1"},"canonical":"https:\/\/www.padreeustaquio.com.br\/en\/today-is-the-day-of-saint-damian-of-molokai-the-saint-who-inspired-father-eustaquio\/","og_locale":"en_US","og_type":"article","og_title":"Hoje \u00e9 dia de S\u00e3o Dami\u00e3o de Molokai, o Santo que inspirou Padre Eust\u00e1quio","og_description":"Desde pequeno, Padre Eust\u00e1quio conhecia as venturas e o hero\u00edsmo de S\u00e3o Dami\u00e3o, que era conhecido na regi\u00e3o por sua hist\u00f3ria de amor e cuidado \u00e0s pessoas que sofriam com a Lepra, em Molokai. Na juventude, a leitura da vida do Santo encantou o Mission\u00e1rio da Sa\u00fade e da Paz, e fez surgir no cora\u00e7\u00e3o dele o sonho com a vida mission\u00e1ria, assim como o ap\u00f3stolo dos hansenianos. E foi assim que o Bem-aventurado entrou para a Congrega\u00e7\u00e3o dos Sagrados Cora\u00e7\u00f5es.","og_url":"https:\/\/www.padreeustaquio.com.br\/en\/today-is-the-day-of-saint-damian-of-molokai-the-saint-who-inspired-father-eustaquio\/","og_site_name":"Padre Eust\u00e1quio","article_publisher":"https:\/\/www.facebook.com\/beatopadreeustaquio\/","article_published_time":"2022-05-10T17:02:11+00:00","article_modified_time":"2022-05-10T17:02:13+00:00","og_image":[{"width":816,"height":697,"url":"https:\/\/www.padreeustaquio.com.br\/wp-content\/uploads\/2019\/07\/Padre.png","type":"image\/png"}],"author":"@sscc","twitter_card":"summary_large_image","twitter_creator":"@beatopeustaquio","twitter_site":"@beatopeustaquio","twitter_misc":{"Written by":"@sscc","Est. reading time":"2 minutes"},"schema":{"@context":"https:\/\/schema.org","@graph":[{"@type":"Article","@id":"https:\/\/www.padreeustaquio.com.br\/hoje-e-dia-de-sao-damiao-de-molokai-o-santo-que-inspirou-padre-eustaquio\/#article","isPartOf":{"@id":"https:\/\/www.padreeustaquio.com.br\/hoje-e-dia-de-sao-damiao-de-molokai-o-santo-que-inspirou-padre-eustaquio\/"},"author":{"name":"@sscc","@id":"https:\/\/www.padreeustaquio.com.br\/#\/schema\/person\/a2a51db1d00f1a7af0204a0f1ddb1566"},"headline":"Hoje \u00e9 dia de S\u00e3o Dami\u00e3o de Molokai, o Santo que inspirou Padre Eust\u00e1quio","datePublished":"2022-05-10T17:02:11+00:00","dateModified":"2022-05-10T17:02:13+00:00","mainEntityOfPage":{"@id":"https:\/\/www.padreeustaquio.com.br\/hoje-e-dia-de-sao-damiao-de-molokai-o-santo-que-inspirou-padre-eustaquio\/"},"wordCount":428,"commentCount":0,"publisher":{"@id":"https:\/\/www.padreeustaquio.com.br\/#organization"},"image":{"@id":"https:\/\/www.padreeustaquio.com.br\/hoje-e-dia-de-sao-damiao-de-molokai-o-santo-que-inspirou-padre-eustaquio\/#primaryimage"},"thumbnailUrl":"https:\/\/www.padreeustaquio.com.br\/wp-content\/uploads\/2022\/05\/Foto-17.bmp","articleSection":["Not\u00edcias"],"inLanguage":"en-US","potentialAction":[{"@type":"CommentAction","name":"Comment","target":["https:\/\/www.padreeustaquio.com.br\/hoje-e-dia-de-sao-damiao-de-molokai-o-santo-que-inspirou-padre-eustaquio\/#respond"]}]},{"@type":"WebPage","@id":"https:\/\/www.padreeustaquio.com.br\/hoje-e-dia-de-sao-damiao-de-molokai-o-santo-que-inspirou-padre-eustaquio\/","url":"https:\/\/www.padreeustaquio.com.br\/hoje-e-dia-de-sao-damiao-de-molokai-o-santo-que-inspirou-padre-eustaquio\/","name":"Today is the feast day of Saint Damien of Molokai, the saint who inspired Father Eustace.","isPartOf":{"@id":"https:\/\/www.padreeustaquio.com.br\/#website"},"primaryImageOfPage":{"@id":"https:\/\/www.padreeustaquio.com.br\/hoje-e-dia-de-sao-damiao-de-molokai-o-santo-que-inspirou-padre-eustaquio\/#primaryimage"},"image":{"@id":"https:\/\/www.padreeustaquio.com.br\/hoje-e-dia-de-sao-damiao-de-molokai-o-santo-que-inspirou-padre-eustaquio\/#primaryimage"},"thumbnailUrl":"https:\/\/www.padreeustaquio.com.br\/wp-content\/uploads\/2022\/05\/Foto-17.bmp","datePublished":"2022-05-10T17:02:11+00:00","dateModified":"2022-05-10T17:02:13+00:00","description":"From a young age, Father Eust\u00e1quio knew of the blessings and heroism of Saint Damien, who was known in the region for his story of love and care for people suffering from leprosy in Molokai. In his youth, reading about the Saint&#039;s life captivated the Missionary of Health and Peace, and sparked in his heart the dream of a missionary life, just like the apostle of the lepers. And that is how the Blessed One entered the Congregation of the Sacred Hearts.","breadcrumb":{"@id":"https:\/\/www.padreeustaquio.com.br\/hoje-e-dia-de-sao-damiao-de-molokai-o-santo-que-inspirou-padre-eustaquio\/#breadcrumb"},"inLanguage":"en-US","potentialAction":[{"@type":"ReadAction","target":["https:\/\/www.padreeustaquio.com.br\/hoje-e-dia-de-sao-damiao-de-molokai-o-santo-que-inspirou-padre-eustaquio\/"]}]},{"@type":"ImageObject","inLanguage":"en-US","@id":"https:\/\/www.padreeustaquio.com.br\/hoje-e-dia-de-sao-damiao-de-molokai-o-santo-que-inspirou-padre-eustaquio\/#primaryimage","url":"https:\/\/www.padreeustaquio.com.br\/wp-content\/uploads\/2022\/05\/Foto-17.bmp","contentUrl":"https:\/\/www.padreeustaquio.com.br\/wp-content\/uploads\/2022\/05\/Foto-17.bmp","width":1216,"height":736},{"@type":"BreadcrumbList","@id":"https:\/\/www.padreeustaquio.com.br\/hoje-e-dia-de-sao-damiao-de-molokai-o-santo-que-inspirou-padre-eustaquio\/#breadcrumb","itemListElement":[{"@type":"ListItem","position":1,"name":"In\u00edcio","item":"https:\/\/www.padreeustaquio.com.br\/"},{"@type":"ListItem","position":2,"name":"Hoje \u00e9 dia de S\u00e3o Dami\u00e3o de Molokai, o Santo que inspirou Padre Eust\u00e1quio"}]},{"@type":"WebSite","@id":"https:\/\/www.padreeustaquio.com.br\/#website","url":"https:\/\/www.padreeustaquio.com.br\/","name":"FATHER EUST\u00c1QUIO","description":"Health and Peace","publisher":{"@id":"https:\/\/www.padreeustaquio.com.br\/#organization"},"potentialAction":[{"@type":"SearchAction","target":{"@type":"EntryPoint","urlTemplate":"https:\/\/www.padreeustaquio.com.br\/?s={search_term_string}"},"query-input":{"@type":"PropertyValueSpecification","valueRequired":true,"valueName":"search_term_string"}}],"inLanguage":"en-US"},{"@type":"Organization","@id":"https:\/\/www.padreeustaquio.com.br\/#organization","name":"FATHER EUST\u00c1QUIO","url":"https:\/\/www.padreeustaquio.com.br\/","logo":{"@type":"ImageObject","inLanguage":"en-US","@id":"https:\/\/www.padreeustaquio.com.br\/#\/schema\/logo\/image\/","url":"https:\/\/www.padreeustaquio.com.br\/wp-content\/uploads\/2019\/08\/marca.png","contentUrl":"https:\/\/www.padreeustaquio.com.br\/wp-content\/uploads\/2019\/08\/marca.png","width":350,"height":400,"caption":"Padre Eust\u00e1quio"},"image":{"@id":"https:\/\/www.padreeustaquio.com.br\/#\/schema\/logo\/image\/"},"sameAs":["https:\/\/www.facebook.com\/beatopadreeustaquio\/","https:\/\/x.com\/beatopeustaquio","https:\/\/www.instagram.com\/beatopadreeustaquio\/","https:\/\/www.youtube.com\/channel\/UCRhw7vfabnajwLxb1ZXMeIw"]},{"@type":"Person","@id":"https:\/\/www.padreeustaquio.com.br\/#\/schema\/person\/a2a51db1d00f1a7af0204a0f1ddb1566","name":"@sscc","image":{"@type":"ImageObject","inLanguage":"en-US","@id":"https:\/\/secure.gravatar.com\/avatar\/68cfafa5f44617fea54071e215026e0ff06be366c3d54a8425f04fdcb86f8c5f?s=96&d=mm&r=g","url":"https:\/\/secure.gravatar.com\/avatar\/68cfafa5f44617fea54071e215026e0ff06be366c3d54a8425f04fdcb86f8c5f?s=96&d=mm&r=g","contentUrl":"https:\/\/secure.gravatar.com\/avatar\/68cfafa5f44617fea54071e215026e0ff06be366c3d54a8425f04fdcb86f8c5f?s=96&d=mm&r=g","caption":"@sscc"},"url":"https:\/\/www.padreeustaquio.com.br\/en\/author\/sscc\/"}]}},"_links":{"self":[{"href":"https:\/\/www.padreeustaquio.com.br\/en\/wp-json\/wp\/v2\/posts\/8609","targetHints":{"allow":["GET"]}}],"collection":[{"href":"https:\/\/www.padreeustaquio.com.br\/en\/wp-json\/wp\/v2\/posts"}],"about":[{"href":"https:\/\/www.padreeustaquio.com.br\/en\/wp-json\/wp\/v2\/types\/post"}],"author":[{"embeddable":true,"href":"https:\/\/www.padreeustaquio.com.br\/en\/wp-json\/wp\/v2\/users\/2"}],"replies":[{"embeddable":true,"href":"https:\/\/www.padreeustaquio.com.br\/en\/wp-json\/wp\/v2\/comments?post=8609"}],"version-history":[{"count":0,"href":"https:\/\/www.padreeustaquio.com.br\/en\/wp-json\/wp\/v2\/posts\/8609\/revisions"}],"wp:featuredmedia":[{"embeddable":true,"href":"https:\/\/www.padreeustaquio.com.br\/en\/wp-json\/wp\/v2\/media\/8610"}],"wp:attachment":[{"href":"https:\/\/www.padreeustaquio.com.br\/en\/wp-json\/wp\/v2\/media?parent=8609"}],"wp:term":[{"taxonomy":"category","embeddable":true,"href":"https:\/\/www.padreeustaquio.com.br\/en\/wp-json\/wp\/v2\/categories?post=8609"},{"taxonomy":"post_tag","embeddable":true,"href":"https:\/\/www.padreeustaquio.com.br\/en\/wp-json\/wp\/v2\/tags?post=8609"}],"curies":[{"name":"wp","href":"https:\/\/api.w.org\/{rel}","templated":true}]}}