{"id":8593,"date":"2022-05-06T08:56:25","date_gmt":"2022-05-06T11:56:25","guid":{"rendered":"https:\/\/www.padreeustaquio.com.br\/?p=8593"},"modified":"2022-05-06T08:56:59","modified_gmt":"2022-05-06T11:56:59","slug":"mass-at-7-am-on-saturdays-will-once-again-be-held-at-father-eustaquios-church","status":"publish","type":"post","link":"https:\/\/www.padreeustaquio.com.br\/en\/mass-at-7-am-on-saturdays-will-once-again-be-held-at-father-eustaquios-church\/","title":{"rendered":"Masses at 7 am on Saturdays will once again be held at the Church of Father Eust\u00e1quio."},"content":{"rendered":"<p>Starting tomorrow, May 7th, Saturday morning masses will resume at the Sanctuary of Health and Peace. The 7:00 AM Eucharistic Celebration, which had been suspended due to the pandemic, is now once again part of the official schedule of Father Eust\u00e1quio&#039;s church.<\/p>\n\n\n\n<p>With the celebration, Saturdays will now have two permanent masses, at 7 am and 5 pm. With the return, the Sanctuary will have 20 weekly masses to better serve parishioners and devotees who visit the church daily. The new schedule of celebrations is as follows:<\/p>\n\n\n\n<p>Sunday:\u00a0<em>7am, 8:30am, 10am, 5pm and 7pm<\/em><br>- Monday:\u00a0<em>7pm<\/em><br>Tuesday to Friday:\u00a0<em>7am, 12pm (except holidays) and 7pm<\/em><br>Saturday:\u00a0<em>7am and 5pm<\/em><\/p>\n\n\n\n<p>In addition to these celebrations, the Sanctuary of Health and Peace also holds masses every 30th of the month at 3 pm (except when the date falls on a Sunday, in which case there are already five masses) for the Canonization of Father Eust\u00e1quio, and every first Friday of the month there is also the Mass of the Sacred Heart of Jesus with the participation of the Apostleship of Prayer.<\/p>\n\n\n\n<p>To find out about the other opening hours of the Sanctuary <a href=\"https:\/\/www.padreeustaquio.com.br\/en\/santuario\/\" target=\"_blank\" rel=\"noreferrer noopener\">Click here <\/a>and join us in our celebrations.<\/p>\n\n\n\n<p><\/p>","protected":false},"excerpt":{"rendered":"<p>A partir de amanh\u00e3, dia 07 de maio, as missas matutinas aos s\u00e1bados voltam a ser realizadas no Santu\u00e1rio da Sa\u00fade e da Paz. A Celebra\u00e7\u00e3o Eucar\u00edstica das 7h, chegou a ser suspensa por causa da pandemia, mas agora passa novamente a fazer parte da programa\u00e7\u00e3o oficial da igreja do Padre Eust\u00e1quio. Com a celebra\u00e7\u00e3o, o s\u00e1bado passa a ter duas missas permanentes, \u00e0s 7h e \u00e0s 17h. Com o retorno o Santu\u00e1rio passa a ter 20 missas semanais para atender melhor os paroquianos e aos devotos que visitam diariamente a igreja. O novo quadro de hor\u00e1rios das Celebra\u00e7\u00f5es fica [&hellip;]<\/p>\n","protected":false},"author":2,"featured_media":8594,"comment_status":"open","ping_status":"closed","sticky":false,"template":"","format":"standard","meta":{"_acf_changed":false,"footnotes":""},"categories":[611],"tags":[],"class_list":["post-8593","post","type-post","status-publish","format-standard","has-post-thumbnail","hentry","category-noticias"],"acf":[],"yoast_head":"<!-- This site is optimized with the Yoast SEO plugin v27.2 - https:\/\/yoast.com\/product\/yoast-seo-wordpress\/ -->\n<title>Missas \u00e0s 7h aos s\u00e1bados voltam a ser realizadas na Igreja do Padre Eust\u00e1quio<\/title>\n<meta name=\"description\" content=\"A partir de amanh\u00e3, dia 07 de maio, as missas matutinas aos s\u00e1bados voltam a ser realizadas no Santu\u00e1rio da Sa\u00fade e da Paz. A Celebra\u00e7\u00e3o Eucar\u00edstica das 7h, chegou a ser suspensa por causa da pandemia, mas agora passa novamente a fazer parte da programa\u00e7\u00e3o oficial da igreja do Padre Eust\u00e1quio.\" \/>\n<meta name=\"robots\" content=\"index, follow, max-snippet:-1, max-image-preview:large, max-video-preview:-1\" \/>\n<link rel=\"canonical\" href=\"https:\/\/www.padreeustaquio.com.br\/en\/mass-at-7-am-on-saturdays-will-once-again-be-held-at-father-eustaquios-church\/\" \/>\n<meta property=\"og:locale\" content=\"en_US\" \/>\n<meta property=\"og:type\" content=\"article\" \/>\n<meta property=\"og:title\" content=\"Missas \u00e0s 7h aos s\u00e1bados voltam a ser realizadas na Igreja do Padre Eust\u00e1quio\" \/>\n<meta property=\"og:description\" content=\"A partir de amanh\u00e3, dia 07 de maio, as missas matutinas aos s\u00e1bados voltam a ser realizadas no Santu\u00e1rio da Sa\u00fade e da Paz. A Celebra\u00e7\u00e3o Eucar\u00edstica das 7h, chegou a ser suspensa por causa da pandemia, mas agora passa novamente a fazer parte da programa\u00e7\u00e3o oficial da igreja do Padre Eust\u00e1quio.\" \/>\n<meta property=\"og:url\" content=\"https:\/\/www.padreeustaquio.com.br\/en\/mass-at-7-am-on-saturdays-will-once-again-be-held-at-father-eustaquios-church\/\" \/>\n<meta property=\"og:site_name\" content=\"Padre Eust\u00e1quio\" \/>\n<meta property=\"article:publisher\" content=\"https:\/\/www.facebook.com\/beatopadreeustaquio\/\" \/>\n<meta property=\"article:published_time\" content=\"2022-05-06T11:56:25+00:00\" \/>\n<meta property=\"article:modified_time\" content=\"2022-05-06T11:56:59+00:00\" \/>\n<meta property=\"og:image\" content=\"https:\/\/www.padreeustaquio.com.br\/wp-content\/uploads\/2022\/05\/missa-sabado.jpg\" \/>\n\t<meta property=\"og:image:width\" content=\"748\" \/>\n\t<meta property=\"og:image:height\" content=\"394\" \/>\n\t<meta property=\"og:image:type\" content=\"image\/jpeg\" \/>\n<meta name=\"author\" content=\"@sscc\" \/>\n<meta name=\"twitter:card\" content=\"summary_large_image\" \/>\n<meta name=\"twitter:creator\" content=\"@beatopeustaquio\" \/>\n<meta name=\"twitter:site\" content=\"@beatopeustaquio\" \/>\n<meta name=\"twitter:label1\" content=\"Written by\" \/>\n\t<meta name=\"twitter:data1\" content=\"@sscc\" \/>\n\t<meta name=\"twitter:label2\" content=\"Est. reading time\" \/>\n\t<meta name=\"twitter:data2\" content=\"1 minute\" \/>\n<script type=\"application\/ld+json\" class=\"yoast-schema-graph\">{\"@context\":\"https:\/\/schema.org\",\"@graph\":[{\"@type\":\"Article\",\"@id\":\"https:\/\/www.padreeustaquio.com.br\/missa-das-7h-aos-sabados-voltam-a-ser-realizadas-na-igreja-do-padre-eustaquio\/#article\",\"isPartOf\":{\"@id\":\"https:\/\/www.padreeustaquio.com.br\/missa-das-7h-aos-sabados-voltam-a-ser-realizadas-na-igreja-do-padre-eustaquio\/\"},\"author\":{\"name\":\"@sscc\",\"@id\":\"https:\/\/www.padreeustaquio.com.br\/#\/schema\/person\/a2a51db1d00f1a7af0204a0f1ddb1566\"},\"headline\":\"Missas \u00e0s 7h aos s\u00e1bados voltam a ser realizadas na Igreja do Padre Eust\u00e1quio\",\"datePublished\":\"2022-05-06T11:56:25+00:00\",\"dateModified\":\"2022-05-06T11:56:59+00:00\",\"mainEntityOfPage\":{\"@id\":\"https:\/\/www.padreeustaquio.com.br\/missa-das-7h-aos-sabados-voltam-a-ser-realizadas-na-igreja-do-padre-eustaquio\/\"},\"wordCount\":238,\"commentCount\":0,\"publisher\":{\"@id\":\"https:\/\/www.padreeustaquio.com.br\/#organization\"},\"image\":{\"@id\":\"https:\/\/www.padreeustaquio.com.br\/missa-das-7h-aos-sabados-voltam-a-ser-realizadas-na-igreja-do-padre-eustaquio\/#primaryimage\"},\"thumbnailUrl\":\"https:\/\/www.padreeustaquio.com.br\/wp-content\/uploads\/2022\/05\/missa-sabado.jpg\",\"articleSection\":[\"Not\u00edcias\"],\"inLanguage\":\"en-US\",\"potentialAction\":[{\"@type\":\"CommentAction\",\"name\":\"Comment\",\"target\":[\"https:\/\/www.padreeustaquio.com.br\/missa-das-7h-aos-sabados-voltam-a-ser-realizadas-na-igreja-do-padre-eustaquio\/#respond\"]}]},{\"@type\":\"WebPage\",\"@id\":\"https:\/\/www.padreeustaquio.com.br\/missa-das-7h-aos-sabados-voltam-a-ser-realizadas-na-igreja-do-padre-eustaquio\/\",\"url\":\"https:\/\/www.padreeustaquio.com.br\/missa-das-7h-aos-sabados-voltam-a-ser-realizadas-na-igreja-do-padre-eustaquio\/\",\"name\":\"Missas \u00e0s 7h aos s\u00e1bados voltam a ser realizadas na Igreja do Padre Eust\u00e1quio\",\"isPartOf\":{\"@id\":\"https:\/\/www.padreeustaquio.com.br\/#website\"},\"primaryImageOfPage\":{\"@id\":\"https:\/\/www.padreeustaquio.com.br\/missa-das-7h-aos-sabados-voltam-a-ser-realizadas-na-igreja-do-padre-eustaquio\/#primaryimage\"},\"image\":{\"@id\":\"https:\/\/www.padreeustaquio.com.br\/missa-das-7h-aos-sabados-voltam-a-ser-realizadas-na-igreja-do-padre-eustaquio\/#primaryimage\"},\"thumbnailUrl\":\"https:\/\/www.padreeustaquio.com.br\/wp-content\/uploads\/2022\/05\/missa-sabado.jpg\",\"datePublished\":\"2022-05-06T11:56:25+00:00\",\"dateModified\":\"2022-05-06T11:56:59+00:00\",\"description\":\"A partir de amanh\u00e3, dia 07 de maio, as missas matutinas aos s\u00e1bados voltam a ser realizadas no Santu\u00e1rio da Sa\u00fade e da Paz. A Celebra\u00e7\u00e3o Eucar\u00edstica das 7h, chegou a ser suspensa por causa da pandemia, mas agora passa novamente a fazer parte da programa\u00e7\u00e3o oficial da igreja do Padre Eust\u00e1quio.\",\"breadcrumb\":{\"@id\":\"https:\/\/www.padreeustaquio.com.br\/missa-das-7h-aos-sabados-voltam-a-ser-realizadas-na-igreja-do-padre-eustaquio\/#breadcrumb\"},\"inLanguage\":\"en-US\",\"potentialAction\":[{\"@type\":\"ReadAction\",\"target\":[\"https:\/\/www.padreeustaquio.com.br\/missa-das-7h-aos-sabados-voltam-a-ser-realizadas-na-igreja-do-padre-eustaquio\/\"]}]},{\"@type\":\"ImageObject\",\"inLanguage\":\"en-US\",\"@id\":\"https:\/\/www.padreeustaquio.com.br\/missa-das-7h-aos-sabados-voltam-a-ser-realizadas-na-igreja-do-padre-eustaquio\/#primaryimage\",\"url\":\"https:\/\/www.padreeustaquio.com.br\/wp-content\/uploads\/2022\/05\/missa-sabado.jpg\",\"contentUrl\":\"https:\/\/www.padreeustaquio.com.br\/wp-content\/uploads\/2022\/05\/missa-sabado.jpg\",\"width\":748,\"height\":394},{\"@type\":\"BreadcrumbList\",\"@id\":\"https:\/\/www.padreeustaquio.com.br\/missa-das-7h-aos-sabados-voltam-a-ser-realizadas-na-igreja-do-padre-eustaquio\/#breadcrumb\",\"itemListElement\":[{\"@type\":\"ListItem\",\"position\":1,\"name\":\"In\u00edcio\",\"item\":\"https:\/\/www.padreeustaquio.com.br\/\"},{\"@type\":\"ListItem\",\"position\":2,\"name\":\"Missas \u00e0s 7h aos s\u00e1bados voltam a ser realizadas na Igreja do Padre Eust\u00e1quio\"}]},{\"@type\":\"WebSite\",\"@id\":\"https:\/\/www.padreeustaquio.com.br\/#website\",\"url\":\"https:\/\/www.padreeustaquio.com.br\/\",\"name\":\"Padre Eust\u00e1quio\",\"description\":\"Sa\u00fade e Paz\",\"publisher\":{\"@id\":\"https:\/\/www.padreeustaquio.com.br\/#organization\"},\"potentialAction\":[{\"@type\":\"SearchAction\",\"target\":{\"@type\":\"EntryPoint\",\"urlTemplate\":\"https:\/\/www.padreeustaquio.com.br\/?s={search_term_string}\"},\"query-input\":{\"@type\":\"PropertyValueSpecification\",\"valueRequired\":true,\"valueName\":\"search_term_string\"}}],\"inLanguage\":\"en-US\"},{\"@type\":\"Organization\",\"@id\":\"https:\/\/www.padreeustaquio.com.br\/#organization\",\"name\":\"Padre Eust\u00e1quio\",\"url\":\"https:\/\/www.padreeustaquio.com.br\/\",\"logo\":{\"@type\":\"ImageObject\",\"inLanguage\":\"en-US\",\"@id\":\"https:\/\/www.padreeustaquio.com.br\/#\/schema\/logo\/image\/\",\"url\":\"https:\/\/www.padreeustaquio.com.br\/wp-content\/uploads\/2019\/08\/marca.png\",\"contentUrl\":\"https:\/\/www.padreeustaquio.com.br\/wp-content\/uploads\/2019\/08\/marca.png\",\"width\":350,\"height\":400,\"caption\":\"Padre Eust\u00e1quio\"},\"image\":{\"@id\":\"https:\/\/www.padreeustaquio.com.br\/#\/schema\/logo\/image\/\"},\"sameAs\":[\"https:\/\/www.facebook.com\/beatopadreeustaquio\/\",\"https:\/\/x.com\/beatopeustaquio\",\"https:\/\/www.instagram.com\/beatopadreeustaquio\/\",\"https:\/\/www.youtube.com\/channel\/UCRhw7vfabnajwLxb1ZXMeIw\"]},{\"@type\":\"Person\",\"@id\":\"https:\/\/www.padreeustaquio.com.br\/#\/schema\/person\/a2a51db1d00f1a7af0204a0f1ddb1566\",\"name\":\"@sscc\",\"image\":{\"@type\":\"ImageObject\",\"inLanguage\":\"en-US\",\"@id\":\"https:\/\/secure.gravatar.com\/avatar\/68cfafa5f44617fea54071e215026e0ff06be366c3d54a8425f04fdcb86f8c5f?s=96&d=mm&r=g\",\"url\":\"https:\/\/secure.gravatar.com\/avatar\/68cfafa5f44617fea54071e215026e0ff06be366c3d54a8425f04fdcb86f8c5f?s=96&d=mm&r=g\",\"contentUrl\":\"https:\/\/secure.gravatar.com\/avatar\/68cfafa5f44617fea54071e215026e0ff06be366c3d54a8425f04fdcb86f8c5f?s=96&d=mm&r=g\",\"caption\":\"@sscc\"},\"url\":\"https:\/\/www.padreeustaquio.com.br\/en\/author\/sscc\/\"}]}<\/script>\n<!-- \/ Yoast SEO plugin. -->","yoast_head_json":{"title":"Masses at 7 am on Saturdays will once again be held at the Church of Father Eust\u00e1quio.","description":"Starting tomorrow, May 7th, Saturday morning masses will resume at the Sanctuary of Health and Peace. The 7:00 AM Eucharistic Celebration, which had been suspended due to the pandemic, is now once again part of the official schedule of Father Eust\u00e1quio&#039;s church.","robots":{"index":"index","follow":"follow","max-snippet":"max-snippet:-1","max-image-preview":"max-image-preview:large","max-video-preview":"max-video-preview:-1"},"canonical":"https:\/\/www.padreeustaquio.com.br\/en\/mass-at-7-am-on-saturdays-will-once-again-be-held-at-father-eustaquios-church\/","og_locale":"en_US","og_type":"article","og_title":"Missas \u00e0s 7h aos s\u00e1bados voltam a ser realizadas na Igreja do Padre Eust\u00e1quio","og_description":"A partir de amanh\u00e3, dia 07 de maio, as missas matutinas aos s\u00e1bados voltam a ser realizadas no Santu\u00e1rio da Sa\u00fade e da Paz. A Celebra\u00e7\u00e3o Eucar\u00edstica das 7h, chegou a ser suspensa por causa da pandemia, mas agora passa novamente a fazer parte da programa\u00e7\u00e3o oficial da igreja do Padre Eust\u00e1quio.","og_url":"https:\/\/www.padreeustaquio.com.br\/en\/mass-at-7-am-on-saturdays-will-once-again-be-held-at-father-eustaquios-church\/","og_site_name":"Padre Eust\u00e1quio","article_publisher":"https:\/\/www.facebook.com\/beatopadreeustaquio\/","article_published_time":"2022-05-06T11:56:25+00:00","article_modified_time":"2022-05-06T11:56:59+00:00","og_image":[{"width":748,"height":394,"url":"https:\/\/www.padreeustaquio.com.br\/wp-content\/uploads\/2022\/05\/missa-sabado.jpg","type":"image\/jpeg"}],"author":"@sscc","twitter_card":"summary_large_image","twitter_creator":"@beatopeustaquio","twitter_site":"@beatopeustaquio","twitter_misc":{"Written by":"@sscc","Est. reading time":"1 minute"},"schema":{"@context":"https:\/\/schema.org","@graph":[{"@type":"Article","@id":"https:\/\/www.padreeustaquio.com.br\/missa-das-7h-aos-sabados-voltam-a-ser-realizadas-na-igreja-do-padre-eustaquio\/#article","isPartOf":{"@id":"https:\/\/www.padreeustaquio.com.br\/missa-das-7h-aos-sabados-voltam-a-ser-realizadas-na-igreja-do-padre-eustaquio\/"},"author":{"name":"@sscc","@id":"https:\/\/www.padreeustaquio.com.br\/#\/schema\/person\/a2a51db1d00f1a7af0204a0f1ddb1566"},"headline":"Missas \u00e0s 7h aos s\u00e1bados voltam a ser realizadas na Igreja do Padre Eust\u00e1quio","datePublished":"2022-05-06T11:56:25+00:00","dateModified":"2022-05-06T11:56:59+00:00","mainEntityOfPage":{"@id":"https:\/\/www.padreeustaquio.com.br\/missa-das-7h-aos-sabados-voltam-a-ser-realizadas-na-igreja-do-padre-eustaquio\/"},"wordCount":238,"commentCount":0,"publisher":{"@id":"https:\/\/www.padreeustaquio.com.br\/#organization"},"image":{"@id":"https:\/\/www.padreeustaquio.com.br\/missa-das-7h-aos-sabados-voltam-a-ser-realizadas-na-igreja-do-padre-eustaquio\/#primaryimage"},"thumbnailUrl":"https:\/\/www.padreeustaquio.com.br\/wp-content\/uploads\/2022\/05\/missa-sabado.jpg","articleSection":["Not\u00edcias"],"inLanguage":"en-US","potentialAction":[{"@type":"CommentAction","name":"Comment","target":["https:\/\/www.padreeustaquio.com.br\/missa-das-7h-aos-sabados-voltam-a-ser-realizadas-na-igreja-do-padre-eustaquio\/#respond"]}]},{"@type":"WebPage","@id":"https:\/\/www.padreeustaquio.com.br\/missa-das-7h-aos-sabados-voltam-a-ser-realizadas-na-igreja-do-padre-eustaquio\/","url":"https:\/\/www.padreeustaquio.com.br\/missa-das-7h-aos-sabados-voltam-a-ser-realizadas-na-igreja-do-padre-eustaquio\/","name":"Masses at 7 am on Saturdays will once again be held at the Church of Father Eust\u00e1quio.","isPartOf":{"@id":"https:\/\/www.padreeustaquio.com.br\/#website"},"primaryImageOfPage":{"@id":"https:\/\/www.padreeustaquio.com.br\/missa-das-7h-aos-sabados-voltam-a-ser-realizadas-na-igreja-do-padre-eustaquio\/#primaryimage"},"image":{"@id":"https:\/\/www.padreeustaquio.com.br\/missa-das-7h-aos-sabados-voltam-a-ser-realizadas-na-igreja-do-padre-eustaquio\/#primaryimage"},"thumbnailUrl":"https:\/\/www.padreeustaquio.com.br\/wp-content\/uploads\/2022\/05\/missa-sabado.jpg","datePublished":"2022-05-06T11:56:25+00:00","dateModified":"2022-05-06T11:56:59+00:00","description":"Starting tomorrow, May 7th, Saturday morning masses will resume at the Sanctuary of Health and Peace. The 7:00 AM Eucharistic Celebration, which had been suspended due to the pandemic, is now once again part of the official schedule of Father Eust\u00e1quio&#039;s church.","breadcrumb":{"@id":"https:\/\/www.padreeustaquio.com.br\/missa-das-7h-aos-sabados-voltam-a-ser-realizadas-na-igreja-do-padre-eustaquio\/#breadcrumb"},"inLanguage":"en-US","potentialAction":[{"@type":"ReadAction","target":["https:\/\/www.padreeustaquio.com.br\/missa-das-7h-aos-sabados-voltam-a-ser-realizadas-na-igreja-do-padre-eustaquio\/"]}]},{"@type":"ImageObject","inLanguage":"en-US","@id":"https:\/\/www.padreeustaquio.com.br\/missa-das-7h-aos-sabados-voltam-a-ser-realizadas-na-igreja-do-padre-eustaquio\/#primaryimage","url":"https:\/\/www.padreeustaquio.com.br\/wp-content\/uploads\/2022\/05\/missa-sabado.jpg","contentUrl":"https:\/\/www.padreeustaquio.com.br\/wp-content\/uploads\/2022\/05\/missa-sabado.jpg","width":748,"height":394},{"@type":"BreadcrumbList","@id":"https:\/\/www.padreeustaquio.com.br\/missa-das-7h-aos-sabados-voltam-a-ser-realizadas-na-igreja-do-padre-eustaquio\/#breadcrumb","itemListElement":[{"@type":"ListItem","position":1,"name":"In\u00edcio","item":"https:\/\/www.padreeustaquio.com.br\/"},{"@type":"ListItem","position":2,"name":"Missas \u00e0s 7h aos s\u00e1bados voltam a ser realizadas na Igreja do Padre Eust\u00e1quio"}]},{"@type":"WebSite","@id":"https:\/\/www.padreeustaquio.com.br\/#website","url":"https:\/\/www.padreeustaquio.com.br\/","name":"FATHER EUST\u00c1QUIO","description":"Health and Peace","publisher":{"@id":"https:\/\/www.padreeustaquio.com.br\/#organization"},"potentialAction":[{"@type":"SearchAction","target":{"@type":"EntryPoint","urlTemplate":"https:\/\/www.padreeustaquio.com.br\/?s={search_term_string}"},"query-input":{"@type":"PropertyValueSpecification","valueRequired":true,"valueName":"search_term_string"}}],"inLanguage":"en-US"},{"@type":"Organization","@id":"https:\/\/www.padreeustaquio.com.br\/#organization","name":"FATHER EUST\u00c1QUIO","url":"https:\/\/www.padreeustaquio.com.br\/","logo":{"@type":"ImageObject","inLanguage":"en-US","@id":"https:\/\/www.padreeustaquio.com.br\/#\/schema\/logo\/image\/","url":"https:\/\/www.padreeustaquio.com.br\/wp-content\/uploads\/2019\/08\/marca.png","contentUrl":"https:\/\/www.padreeustaquio.com.br\/wp-content\/uploads\/2019\/08\/marca.png","width":350,"height":400,"caption":"Padre Eust\u00e1quio"},"image":{"@id":"https:\/\/www.padreeustaquio.com.br\/#\/schema\/logo\/image\/"},"sameAs":["https:\/\/www.facebook.com\/beatopadreeustaquio\/","https:\/\/x.com\/beatopeustaquio","https:\/\/www.instagram.com\/beatopadreeustaquio\/","https:\/\/www.youtube.com\/channel\/UCRhw7vfabnajwLxb1ZXMeIw"]},{"@type":"Person","@id":"https:\/\/www.padreeustaquio.com.br\/#\/schema\/person\/a2a51db1d00f1a7af0204a0f1ddb1566","name":"@sscc","image":{"@type":"ImageObject","inLanguage":"en-US","@id":"https:\/\/secure.gravatar.com\/avatar\/68cfafa5f44617fea54071e215026e0ff06be366c3d54a8425f04fdcb86f8c5f?s=96&d=mm&r=g","url":"https:\/\/secure.gravatar.com\/avatar\/68cfafa5f44617fea54071e215026e0ff06be366c3d54a8425f04fdcb86f8c5f?s=96&d=mm&r=g","contentUrl":"https:\/\/secure.gravatar.com\/avatar\/68cfafa5f44617fea54071e215026e0ff06be366c3d54a8425f04fdcb86f8c5f?s=96&d=mm&r=g","caption":"@sscc"},"url":"https:\/\/www.padreeustaquio.com.br\/en\/author\/sscc\/"}]}},"_links":{"self":[{"href":"https:\/\/www.padreeustaquio.com.br\/en\/wp-json\/wp\/v2\/posts\/8593","targetHints":{"allow":["GET"]}}],"collection":[{"href":"https:\/\/www.padreeustaquio.com.br\/en\/wp-json\/wp\/v2\/posts"}],"about":[{"href":"https:\/\/www.padreeustaquio.com.br\/en\/wp-json\/wp\/v2\/types\/post"}],"author":[{"embeddable":true,"href":"https:\/\/www.padreeustaquio.com.br\/en\/wp-json\/wp\/v2\/users\/2"}],"replies":[{"embeddable":true,"href":"https:\/\/www.padreeustaquio.com.br\/en\/wp-json\/wp\/v2\/comments?post=8593"}],"version-history":[{"count":0,"href":"https:\/\/www.padreeustaquio.com.br\/en\/wp-json\/wp\/v2\/posts\/8593\/revisions"}],"wp:featuredmedia":[{"embeddable":true,"href":"https:\/\/www.padreeustaquio.com.br\/en\/wp-json\/wp\/v2\/media\/8594"}],"wp:attachment":[{"href":"https:\/\/www.padreeustaquio.com.br\/en\/wp-json\/wp\/v2\/media?parent=8593"}],"wp:term":[{"taxonomy":"category","embeddable":true,"href":"https:\/\/www.padreeustaquio.com.br\/en\/wp-json\/wp\/v2\/categories?post=8593"},{"taxonomy":"post_tag","embeddable":true,"href":"https:\/\/www.padreeustaquio.com.br\/en\/wp-json\/wp\/v2\/tags?post=8593"}],"curies":[{"name":"wp","href":"https:\/\/api.w.org\/{rel}","templated":true}]}}