{"id":8560,"date":"2022-05-02T05:48:00","date_gmt":"2022-05-02T08:48:00","guid":{"rendered":"https:\/\/www.padreeustaquio.com.br\/?p=8560"},"modified":"2022-05-01T14:08:25","modified_gmt":"2022-05-01T17:08:25","slug":"the-traffic-lights-around-the-sanctuary-are-personalized-with-the-face-of-father-eustaquio","status":"publish","type":"post","link":"https:\/\/www.padreeustaquio.com.br\/en\/the-traffic-lights-around-the-sanctuary-are-personalized-with-the-face-of-father-eustaquio\/","title":{"rendered":"Traffic lights around the Sanctuary are personalized with the face of Father Eust\u00e1quio."},"content":{"rendered":"<p>Two corners of the block where the Sanctuary of Health and Peace, the Church of Father Eust\u00e1quio in Belo Horizonte, is located, have gained new visual identities on their pedestrian traffic lights. The signage now displays the silhouette of Father Eust\u00e1quio with the Sacred Hearts.<\/p>\n\n\n\n<div class=\"wp-block-image\"><figure class=\"alignleft size-medium\"><img decoding=\"async\" width=\"300\" height=\"158\" src=\"https:\/\/www.padreeustaquio.com.br\/wp-content\/uploads\/2022\/05\/semaforo-1-300x158.jpg\" alt=\"\" class=\"wp-image-8564\" srcset=\"https:\/\/www.padreeustaquio.com.br\/wp-content\/uploads\/2022\/05\/semaforo-1-300x158.jpg 300w, https:\/\/www.padreeustaquio.com.br\/wp-content\/uploads\/2022\/05\/semaforo-1.jpg 748w\" sizes=\"(max-width: 300px) 100vw, 300px\" \/><\/figure><\/div>\n\n\n\n<p>The project was requested by the Communications team of the National Secretariat for the Cause of Canonization of Blessed Father Eust\u00e1quio, given the cultural and traditional importance that the figure of the religious man brings to the neighborhood and to the entire city of Belo Horizonte. <\/p>\n\n\n\n<p>Inspired by a project from the Municipal Secretariat of Culture of the capital of Minas Gerais, the National Secretariat, in partnership with BHTrans (Belo Horizonte Transport and Traffic Company), printed the silhouette that outlines the face of Father Eust\u00e1quio on the pedestrian traffic lights at the intersections of Rua Padre Eust\u00e1quio with Rua Ces\u00e1rio Alvim and Rua Castigliano. <\/p>\n\n\n\n<div class=\"wp-block-image\"><figure class=\"alignright size-medium\"><img decoding=\"async\" width=\"300\" height=\"158\" src=\"https:\/\/www.padreeustaquio.com.br\/wp-content\/uploads\/2022\/05\/sinal-2-300x158.jpg\" alt=\"\" class=\"wp-image-8566\" srcset=\"https:\/\/www.padreeustaquio.com.br\/wp-content\/uploads\/2022\/05\/sinal-2-300x158.jpg 300w, https:\/\/www.padreeustaquio.com.br\/wp-content\/uploads\/2022\/05\/sinal-2.jpg 748w\" sizes=\"(max-width: 300px) 100vw, 300px\" \/><\/figure><\/div>\n\n\n\n<p>The signage has been attracting attention, prompting people to take photos and comment on social media. The idea is for the place to become increasingly recognized as a religious tourism destination in the state, welcoming devotees and tourists from all over the country and even from outside Brazil.<\/p>\n\n\n\n<p><\/p>","protected":false},"excerpt":{"rendered":"<p>Duas esquinas do quarteir\u00e3o onde fica o Santu\u00e1rio da Sa\u00fade e da Paz, a Igreja do Padre Eust\u00e1quio em Belo Horizonte, ganharam novas identidades visuais nos sem\u00e1foros para pedestres. A sinaliza\u00e7\u00e3o a partir de agora mostra a silhueta de Padre Eust\u00e1quio com os Sagrados Cora\u00e7\u00f5es. O projeto foi requerido pela equipe de Comunica\u00e7\u00e3o do Secretariado Nacional para a Causa de Canoniza\u00e7\u00e3o do Beato Padre Eust\u00e1quio, dada a import\u00e2ncia cultural e tradicional que a figura do religioso traz para o bairro e para toda a cidade de Belo Horizonte. Inspirado num projeto da Secretaria Municipal de Cultura da capital mineira, o [&hellip;]<\/p>\n","protected":false},"author":2,"featured_media":8563,"comment_status":"open","ping_status":"closed","sticky":false,"template":"","format":"standard","meta":{"_acf_changed":false,"footnotes":""},"categories":[611],"tags":[],"class_list":["post-8560","post","type-post","status-publish","format-standard","has-post-thumbnail","hentry","category-noticias"],"acf":[],"yoast_head":"<!-- This site is optimized with the Yoast SEO plugin v27.2 - https:\/\/yoast.com\/product\/yoast-seo-wordpress\/ -->\n<title>Sem\u00e1foros do entorno do Santu\u00e1rio s\u00e3o personalizados com o rosto de Padre Eust\u00e1quio<\/title>\n<meta name=\"description\" content=\"Duas esquinas do quarteir\u00e3o onde fica o Santu\u00e1rio da Sa\u00fade e da Paz, a Igreja do Padre Eust\u00e1quio em Belo Horizonte, ganharam novas identidades visuais nos sem\u00e1foros para pedestres. A sinaliza\u00e7\u00e3o a partir de agora mostra a silhueta de Padre Eust\u00e1quio com os Sagrados Cora\u00e7\u00f5es.\" \/>\n<meta name=\"robots\" content=\"index, follow, max-snippet:-1, max-image-preview:large, max-video-preview:-1\" \/>\n<link rel=\"canonical\" href=\"https:\/\/www.padreeustaquio.com.br\/en\/the-traffic-lights-around-the-sanctuary-are-personalized-with-the-face-of-father-eustaquio\/\" \/>\n<meta property=\"og:locale\" content=\"en_US\" \/>\n<meta property=\"og:type\" content=\"article\" \/>\n<meta property=\"og:title\" content=\"Sem\u00e1foros do entorno do Santu\u00e1rio s\u00e3o personalizados com o rosto de Padre Eust\u00e1quio\" \/>\n<meta property=\"og:description\" content=\"Duas esquinas do quarteir\u00e3o onde fica o Santu\u00e1rio da Sa\u00fade e da Paz, a Igreja do Padre Eust\u00e1quio em Belo Horizonte, ganharam novas identidades visuais nos sem\u00e1foros para pedestres. A sinaliza\u00e7\u00e3o a partir de agora mostra a silhueta de Padre Eust\u00e1quio com os Sagrados Cora\u00e7\u00f5es.\" \/>\n<meta property=\"og:url\" content=\"https:\/\/www.padreeustaquio.com.br\/en\/the-traffic-lights-around-the-sanctuary-are-personalized-with-the-face-of-father-eustaquio\/\" \/>\n<meta property=\"og:site_name\" content=\"Padre Eust\u00e1quio\" \/>\n<meta property=\"article:publisher\" content=\"https:\/\/www.facebook.com\/beatopadreeustaquio\/\" \/>\n<meta property=\"article:published_time\" content=\"2022-05-02T08:48:00+00:00\" \/>\n<meta property=\"og:image\" content=\"https:\/\/www.padreeustaquio.com.br\/wp-content\/uploads\/2022\/05\/sinal-3.jpg\" \/>\n\t<meta property=\"og:image:width\" content=\"748\" \/>\n\t<meta property=\"og:image:height\" content=\"394\" \/>\n\t<meta property=\"og:image:type\" content=\"image\/jpeg\" \/>\n<meta name=\"author\" content=\"@sscc\" \/>\n<meta name=\"twitter:card\" content=\"summary_large_image\" \/>\n<meta name=\"twitter:creator\" content=\"@beatopeustaquio\" \/>\n<meta name=\"twitter:site\" content=\"@beatopeustaquio\" \/>\n<meta name=\"twitter:label1\" content=\"Written by\" \/>\n\t<meta name=\"twitter:data1\" content=\"@sscc\" \/>\n\t<meta name=\"twitter:label2\" content=\"Est. reading time\" \/>\n\t<meta name=\"twitter:data2\" content=\"2 minutes\" \/>\n<script type=\"application\/ld+json\" class=\"yoast-schema-graph\">{\"@context\":\"https:\/\/schema.org\",\"@graph\":[{\"@type\":\"Article\",\"@id\":\"https:\/\/www.padreeustaquio.com.br\/semaforos-do-entorno-do-santuario-sao-personalizados-com-o-rosto-de-padre-eustaquio\/#article\",\"isPartOf\":{\"@id\":\"https:\/\/www.padreeustaquio.com.br\/semaforos-do-entorno-do-santuario-sao-personalizados-com-o-rosto-de-padre-eustaquio\/\"},\"author\":{\"name\":\"@sscc\",\"@id\":\"https:\/\/www.padreeustaquio.com.br\/#\/schema\/person\/a2a51db1d00f1a7af0204a0f1ddb1566\"},\"headline\":\"Sem\u00e1foros do entorno do Santu\u00e1rio s\u00e3o personalizados com o rosto de Padre Eust\u00e1quio\",\"datePublished\":\"2022-05-02T08:48:00+00:00\",\"mainEntityOfPage\":{\"@id\":\"https:\/\/www.padreeustaquio.com.br\/semaforos-do-entorno-do-santuario-sao-personalizados-com-o-rosto-de-padre-eustaquio\/\"},\"wordCount\":229,\"commentCount\":0,\"publisher\":{\"@id\":\"https:\/\/www.padreeustaquio.com.br\/#organization\"},\"image\":{\"@id\":\"https:\/\/www.padreeustaquio.com.br\/semaforos-do-entorno-do-santuario-sao-personalizados-com-o-rosto-de-padre-eustaquio\/#primaryimage\"},\"thumbnailUrl\":\"https:\/\/www.padreeustaquio.com.br\/wp-content\/uploads\/2022\/05\/sinal-3.jpg\",\"articleSection\":[\"Not\u00edcias\"],\"inLanguage\":\"en-US\",\"potentialAction\":[{\"@type\":\"CommentAction\",\"name\":\"Comment\",\"target\":[\"https:\/\/www.padreeustaquio.com.br\/semaforos-do-entorno-do-santuario-sao-personalizados-com-o-rosto-de-padre-eustaquio\/#respond\"]}]},{\"@type\":\"WebPage\",\"@id\":\"https:\/\/www.padreeustaquio.com.br\/semaforos-do-entorno-do-santuario-sao-personalizados-com-o-rosto-de-padre-eustaquio\/\",\"url\":\"https:\/\/www.padreeustaquio.com.br\/semaforos-do-entorno-do-santuario-sao-personalizados-com-o-rosto-de-padre-eustaquio\/\",\"name\":\"Sem\u00e1foros do entorno do Santu\u00e1rio s\u00e3o personalizados com o rosto de Padre Eust\u00e1quio\",\"isPartOf\":{\"@id\":\"https:\/\/www.padreeustaquio.com.br\/#website\"},\"primaryImageOfPage\":{\"@id\":\"https:\/\/www.padreeustaquio.com.br\/semaforos-do-entorno-do-santuario-sao-personalizados-com-o-rosto-de-padre-eustaquio\/#primaryimage\"},\"image\":{\"@id\":\"https:\/\/www.padreeustaquio.com.br\/semaforos-do-entorno-do-santuario-sao-personalizados-com-o-rosto-de-padre-eustaquio\/#primaryimage\"},\"thumbnailUrl\":\"https:\/\/www.padreeustaquio.com.br\/wp-content\/uploads\/2022\/05\/sinal-3.jpg\",\"datePublished\":\"2022-05-02T08:48:00+00:00\",\"description\":\"Duas esquinas do quarteir\u00e3o onde fica o Santu\u00e1rio da Sa\u00fade e da Paz, a Igreja do Padre Eust\u00e1quio em Belo Horizonte, ganharam novas identidades visuais nos sem\u00e1foros para pedestres. A sinaliza\u00e7\u00e3o a partir de agora mostra a silhueta de Padre Eust\u00e1quio com os Sagrados Cora\u00e7\u00f5es.\",\"breadcrumb\":{\"@id\":\"https:\/\/www.padreeustaquio.com.br\/semaforos-do-entorno-do-santuario-sao-personalizados-com-o-rosto-de-padre-eustaquio\/#breadcrumb\"},\"inLanguage\":\"en-US\",\"potentialAction\":[{\"@type\":\"ReadAction\",\"target\":[\"https:\/\/www.padreeustaquio.com.br\/semaforos-do-entorno-do-santuario-sao-personalizados-com-o-rosto-de-padre-eustaquio\/\"]}]},{\"@type\":\"ImageObject\",\"inLanguage\":\"en-US\",\"@id\":\"https:\/\/www.padreeustaquio.com.br\/semaforos-do-entorno-do-santuario-sao-personalizados-com-o-rosto-de-padre-eustaquio\/#primaryimage\",\"url\":\"https:\/\/www.padreeustaquio.com.br\/wp-content\/uploads\/2022\/05\/sinal-3.jpg\",\"contentUrl\":\"https:\/\/www.padreeustaquio.com.br\/wp-content\/uploads\/2022\/05\/sinal-3.jpg\",\"width\":748,\"height\":394},{\"@type\":\"BreadcrumbList\",\"@id\":\"https:\/\/www.padreeustaquio.com.br\/semaforos-do-entorno-do-santuario-sao-personalizados-com-o-rosto-de-padre-eustaquio\/#breadcrumb\",\"itemListElement\":[{\"@type\":\"ListItem\",\"position\":1,\"name\":\"In\u00edcio\",\"item\":\"https:\/\/www.padreeustaquio.com.br\/\"},{\"@type\":\"ListItem\",\"position\":2,\"name\":\"Sem\u00e1foros do entorno do Santu\u00e1rio s\u00e3o personalizados com o rosto de Padre Eust\u00e1quio\"}]},{\"@type\":\"WebSite\",\"@id\":\"https:\/\/www.padreeustaquio.com.br\/#website\",\"url\":\"https:\/\/www.padreeustaquio.com.br\/\",\"name\":\"Padre Eust\u00e1quio\",\"description\":\"Sa\u00fade e Paz\",\"publisher\":{\"@id\":\"https:\/\/www.padreeustaquio.com.br\/#organization\"},\"potentialAction\":[{\"@type\":\"SearchAction\",\"target\":{\"@type\":\"EntryPoint\",\"urlTemplate\":\"https:\/\/www.padreeustaquio.com.br\/?s={search_term_string}\"},\"query-input\":{\"@type\":\"PropertyValueSpecification\",\"valueRequired\":true,\"valueName\":\"search_term_string\"}}],\"inLanguage\":\"en-US\"},{\"@type\":\"Organization\",\"@id\":\"https:\/\/www.padreeustaquio.com.br\/#organization\",\"name\":\"Padre Eust\u00e1quio\",\"url\":\"https:\/\/www.padreeustaquio.com.br\/\",\"logo\":{\"@type\":\"ImageObject\",\"inLanguage\":\"en-US\",\"@id\":\"https:\/\/www.padreeustaquio.com.br\/#\/schema\/logo\/image\/\",\"url\":\"https:\/\/www.padreeustaquio.com.br\/wp-content\/uploads\/2019\/08\/marca.png\",\"contentUrl\":\"https:\/\/www.padreeustaquio.com.br\/wp-content\/uploads\/2019\/08\/marca.png\",\"width\":350,\"height\":400,\"caption\":\"Padre Eust\u00e1quio\"},\"image\":{\"@id\":\"https:\/\/www.padreeustaquio.com.br\/#\/schema\/logo\/image\/\"},\"sameAs\":[\"https:\/\/www.facebook.com\/beatopadreeustaquio\/\",\"https:\/\/x.com\/beatopeustaquio\",\"https:\/\/www.instagram.com\/beatopadreeustaquio\/\",\"https:\/\/www.youtube.com\/channel\/UCRhw7vfabnajwLxb1ZXMeIw\"]},{\"@type\":\"Person\",\"@id\":\"https:\/\/www.padreeustaquio.com.br\/#\/schema\/person\/a2a51db1d00f1a7af0204a0f1ddb1566\",\"name\":\"@sscc\",\"image\":{\"@type\":\"ImageObject\",\"inLanguage\":\"en-US\",\"@id\":\"https:\/\/secure.gravatar.com\/avatar\/68cfafa5f44617fea54071e215026e0ff06be366c3d54a8425f04fdcb86f8c5f?s=96&d=mm&r=g\",\"url\":\"https:\/\/secure.gravatar.com\/avatar\/68cfafa5f44617fea54071e215026e0ff06be366c3d54a8425f04fdcb86f8c5f?s=96&d=mm&r=g\",\"contentUrl\":\"https:\/\/secure.gravatar.com\/avatar\/68cfafa5f44617fea54071e215026e0ff06be366c3d54a8425f04fdcb86f8c5f?s=96&d=mm&r=g\",\"caption\":\"@sscc\"},\"url\":\"https:\/\/www.padreeustaquio.com.br\/en\/author\/sscc\/\"}]}<\/script>\n<!-- \/ Yoast SEO plugin. -->","yoast_head_json":{"title":"Traffic lights around the Sanctuary are personalized with the face of Father Eust\u00e1quio.","description":"Two corners of the block where the Sanctuary of Health and Peace, the Church of Father Eust\u00e1quio in Belo Horizonte, is located, have gained new visual identities on their pedestrian traffic lights. The signage now displays the silhouette of Father Eust\u00e1quio with the Sacred Hearts.","robots":{"index":"index","follow":"follow","max-snippet":"max-snippet:-1","max-image-preview":"max-image-preview:large","max-video-preview":"max-video-preview:-1"},"canonical":"https:\/\/www.padreeustaquio.com.br\/en\/the-traffic-lights-around-the-sanctuary-are-personalized-with-the-face-of-father-eustaquio\/","og_locale":"en_US","og_type":"article","og_title":"Sem\u00e1foros do entorno do Santu\u00e1rio s\u00e3o personalizados com o rosto de Padre Eust\u00e1quio","og_description":"Duas esquinas do quarteir\u00e3o onde fica o Santu\u00e1rio da Sa\u00fade e da Paz, a Igreja do Padre Eust\u00e1quio em Belo Horizonte, ganharam novas identidades visuais nos sem\u00e1foros para pedestres. A sinaliza\u00e7\u00e3o a partir de agora mostra a silhueta de Padre Eust\u00e1quio com os Sagrados Cora\u00e7\u00f5es.","og_url":"https:\/\/www.padreeustaquio.com.br\/en\/the-traffic-lights-around-the-sanctuary-are-personalized-with-the-face-of-father-eustaquio\/","og_site_name":"Padre Eust\u00e1quio","article_publisher":"https:\/\/www.facebook.com\/beatopadreeustaquio\/","article_published_time":"2022-05-02T08:48:00+00:00","og_image":[{"width":748,"height":394,"url":"https:\/\/www.padreeustaquio.com.br\/wp-content\/uploads\/2022\/05\/sinal-3.jpg","type":"image\/jpeg"}],"author":"@sscc","twitter_card":"summary_large_image","twitter_creator":"@beatopeustaquio","twitter_site":"@beatopeustaquio","twitter_misc":{"Written by":"@sscc","Est. reading time":"2 minutes"},"schema":{"@context":"https:\/\/schema.org","@graph":[{"@type":"Article","@id":"https:\/\/www.padreeustaquio.com.br\/semaforos-do-entorno-do-santuario-sao-personalizados-com-o-rosto-de-padre-eustaquio\/#article","isPartOf":{"@id":"https:\/\/www.padreeustaquio.com.br\/semaforos-do-entorno-do-santuario-sao-personalizados-com-o-rosto-de-padre-eustaquio\/"},"author":{"name":"@sscc","@id":"https:\/\/www.padreeustaquio.com.br\/#\/schema\/person\/a2a51db1d00f1a7af0204a0f1ddb1566"},"headline":"Sem\u00e1foros do entorno do Santu\u00e1rio s\u00e3o personalizados com o rosto de Padre Eust\u00e1quio","datePublished":"2022-05-02T08:48:00+00:00","mainEntityOfPage":{"@id":"https:\/\/www.padreeustaquio.com.br\/semaforos-do-entorno-do-santuario-sao-personalizados-com-o-rosto-de-padre-eustaquio\/"},"wordCount":229,"commentCount":0,"publisher":{"@id":"https:\/\/www.padreeustaquio.com.br\/#organization"},"image":{"@id":"https:\/\/www.padreeustaquio.com.br\/semaforos-do-entorno-do-santuario-sao-personalizados-com-o-rosto-de-padre-eustaquio\/#primaryimage"},"thumbnailUrl":"https:\/\/www.padreeustaquio.com.br\/wp-content\/uploads\/2022\/05\/sinal-3.jpg","articleSection":["Not\u00edcias"],"inLanguage":"en-US","potentialAction":[{"@type":"CommentAction","name":"Comment","target":["https:\/\/www.padreeustaquio.com.br\/semaforos-do-entorno-do-santuario-sao-personalizados-com-o-rosto-de-padre-eustaquio\/#respond"]}]},{"@type":"WebPage","@id":"https:\/\/www.padreeustaquio.com.br\/semaforos-do-entorno-do-santuario-sao-personalizados-com-o-rosto-de-padre-eustaquio\/","url":"https:\/\/www.padreeustaquio.com.br\/semaforos-do-entorno-do-santuario-sao-personalizados-com-o-rosto-de-padre-eustaquio\/","name":"Traffic lights around the Sanctuary are personalized with the face of Father Eust\u00e1quio.","isPartOf":{"@id":"https:\/\/www.padreeustaquio.com.br\/#website"},"primaryImageOfPage":{"@id":"https:\/\/www.padreeustaquio.com.br\/semaforos-do-entorno-do-santuario-sao-personalizados-com-o-rosto-de-padre-eustaquio\/#primaryimage"},"image":{"@id":"https:\/\/www.padreeustaquio.com.br\/semaforos-do-entorno-do-santuario-sao-personalizados-com-o-rosto-de-padre-eustaquio\/#primaryimage"},"thumbnailUrl":"https:\/\/www.padreeustaquio.com.br\/wp-content\/uploads\/2022\/05\/sinal-3.jpg","datePublished":"2022-05-02T08:48:00+00:00","description":"Two corners of the block where the Sanctuary of Health and Peace, the Church of Father Eust\u00e1quio in Belo Horizonte, is located, have gained new visual identities on their pedestrian traffic lights. The signage now displays the silhouette of Father Eust\u00e1quio with the Sacred Hearts.","breadcrumb":{"@id":"https:\/\/www.padreeustaquio.com.br\/semaforos-do-entorno-do-santuario-sao-personalizados-com-o-rosto-de-padre-eustaquio\/#breadcrumb"},"inLanguage":"en-US","potentialAction":[{"@type":"ReadAction","target":["https:\/\/www.padreeustaquio.com.br\/semaforos-do-entorno-do-santuario-sao-personalizados-com-o-rosto-de-padre-eustaquio\/"]}]},{"@type":"ImageObject","inLanguage":"en-US","@id":"https:\/\/www.padreeustaquio.com.br\/semaforos-do-entorno-do-santuario-sao-personalizados-com-o-rosto-de-padre-eustaquio\/#primaryimage","url":"https:\/\/www.padreeustaquio.com.br\/wp-content\/uploads\/2022\/05\/sinal-3.jpg","contentUrl":"https:\/\/www.padreeustaquio.com.br\/wp-content\/uploads\/2022\/05\/sinal-3.jpg","width":748,"height":394},{"@type":"BreadcrumbList","@id":"https:\/\/www.padreeustaquio.com.br\/semaforos-do-entorno-do-santuario-sao-personalizados-com-o-rosto-de-padre-eustaquio\/#breadcrumb","itemListElement":[{"@type":"ListItem","position":1,"name":"In\u00edcio","item":"https:\/\/www.padreeustaquio.com.br\/"},{"@type":"ListItem","position":2,"name":"Sem\u00e1foros do entorno do Santu\u00e1rio s\u00e3o personalizados com o rosto de Padre Eust\u00e1quio"}]},{"@type":"WebSite","@id":"https:\/\/www.padreeustaquio.com.br\/#website","url":"https:\/\/www.padreeustaquio.com.br\/","name":"FATHER EUST\u00c1QUIO","description":"Health and Peace","publisher":{"@id":"https:\/\/www.padreeustaquio.com.br\/#organization"},"potentialAction":[{"@type":"SearchAction","target":{"@type":"EntryPoint","urlTemplate":"https:\/\/www.padreeustaquio.com.br\/?s={search_term_string}"},"query-input":{"@type":"PropertyValueSpecification","valueRequired":true,"valueName":"search_term_string"}}],"inLanguage":"en-US"},{"@type":"Organization","@id":"https:\/\/www.padreeustaquio.com.br\/#organization","name":"FATHER EUST\u00c1QUIO","url":"https:\/\/www.padreeustaquio.com.br\/","logo":{"@type":"ImageObject","inLanguage":"en-US","@id":"https:\/\/www.padreeustaquio.com.br\/#\/schema\/logo\/image\/","url":"https:\/\/www.padreeustaquio.com.br\/wp-content\/uploads\/2019\/08\/marca.png","contentUrl":"https:\/\/www.padreeustaquio.com.br\/wp-content\/uploads\/2019\/08\/marca.png","width":350,"height":400,"caption":"Padre Eust\u00e1quio"},"image":{"@id":"https:\/\/www.padreeustaquio.com.br\/#\/schema\/logo\/image\/"},"sameAs":["https:\/\/www.facebook.com\/beatopadreeustaquio\/","https:\/\/x.com\/beatopeustaquio","https:\/\/www.instagram.com\/beatopadreeustaquio\/","https:\/\/www.youtube.com\/channel\/UCRhw7vfabnajwLxb1ZXMeIw"]},{"@type":"Person","@id":"https:\/\/www.padreeustaquio.com.br\/#\/schema\/person\/a2a51db1d00f1a7af0204a0f1ddb1566","name":"@sscc","image":{"@type":"ImageObject","inLanguage":"en-US","@id":"https:\/\/secure.gravatar.com\/avatar\/68cfafa5f44617fea54071e215026e0ff06be366c3d54a8425f04fdcb86f8c5f?s=96&d=mm&r=g","url":"https:\/\/secure.gravatar.com\/avatar\/68cfafa5f44617fea54071e215026e0ff06be366c3d54a8425f04fdcb86f8c5f?s=96&d=mm&r=g","contentUrl":"https:\/\/secure.gravatar.com\/avatar\/68cfafa5f44617fea54071e215026e0ff06be366c3d54a8425f04fdcb86f8c5f?s=96&d=mm&r=g","caption":"@sscc"},"url":"https:\/\/www.padreeustaquio.com.br\/en\/author\/sscc\/"}]}},"_links":{"self":[{"href":"https:\/\/www.padreeustaquio.com.br\/en\/wp-json\/wp\/v2\/posts\/8560","targetHints":{"allow":["GET"]}}],"collection":[{"href":"https:\/\/www.padreeustaquio.com.br\/en\/wp-json\/wp\/v2\/posts"}],"about":[{"href":"https:\/\/www.padreeustaquio.com.br\/en\/wp-json\/wp\/v2\/types\/post"}],"author":[{"embeddable":true,"href":"https:\/\/www.padreeustaquio.com.br\/en\/wp-json\/wp\/v2\/users\/2"}],"replies":[{"embeddable":true,"href":"https:\/\/www.padreeustaquio.com.br\/en\/wp-json\/wp\/v2\/comments?post=8560"}],"version-history":[{"count":0,"href":"https:\/\/www.padreeustaquio.com.br\/en\/wp-json\/wp\/v2\/posts\/8560\/revisions"}],"wp:featuredmedia":[{"embeddable":true,"href":"https:\/\/www.padreeustaquio.com.br\/en\/wp-json\/wp\/v2\/media\/8563"}],"wp:attachment":[{"href":"https:\/\/www.padreeustaquio.com.br\/en\/wp-json\/wp\/v2\/media?parent=8560"}],"wp:term":[{"taxonomy":"category","embeddable":true,"href":"https:\/\/www.padreeustaquio.com.br\/en\/wp-json\/wp\/v2\/categories?post=8560"},{"taxonomy":"post_tag","embeddable":true,"href":"https:\/\/www.padreeustaquio.com.br\/en\/wp-json\/wp\/v2\/tags?post=8560"}],"curies":[{"name":"wp","href":"https:\/\/api.w.org\/{rel}","templated":true}]}}