{"id":8541,"date":"2022-05-04T05:49:00","date_gmt":"2022-05-04T08:49:00","guid":{"rendered":"https:\/\/www.padreeustaquio.com.br\/?p=8541"},"modified":"2022-05-01T16:48:25","modified_gmt":"2022-05-01T19:48:25","slug":"spanish-church-pays-homage-to-saint-damian-and-father-eustace","status":"publish","type":"post","link":"https:\/\/www.padreeustaquio.com.br\/en\/spanish-church-pays-homage-to-saint-damian-and-father-eustace\/","title":{"rendered":"Spanish church pays homage to Saint Damien and Father Eustace."},"content":{"rendered":"<p>The Congregation of the Sacred Hearts has a very beautiful church, located in a prime area of Madrid, Spain. The temple stands out for its architecture, being considered by many to be a work of art. The church is located in a very important part of the city, being very close to the Santiago Bernab\u00e9u Stadium, home of Real Madrid.<\/p>\n\n\n\n<p>The church was built in the 1960s, with a functional architecture, meeting the new liturgical perspectives proposed by the Second Vatican Council. The work was entrusted to the renowned architect Rodolfo Garcia Pablos, who built a penitential chapel that was later named after Saint Damien of Molokai.<\/p>\n\n\n\n<p>In Spain, devotion to Saint Damien is very strong, which is why he was chosen to be honored.<\/p>\n\n\n\n<div class=\"wp-block-image\"><figure class=\"alignleft size-medium is-resized\"><img fetchpriority=\"high\" decoding=\"async\" src=\"https:\/\/www.padreeustaquio.com.br\/wp-content\/uploads\/2022\/04\/Medalha-de-Padre-Eustaquio-na-Espanha-300x200.jpeg\" alt=\"\" class=\"wp-image-8543\" width=\"340\" height=\"227\" srcset=\"https:\/\/www.padreeustaquio.com.br\/wp-content\/uploads\/2022\/04\/Medalha-de-Padre-Eustaquio-na-Espanha-300x200.jpeg 300w, https:\/\/www.padreeustaquio.com.br\/wp-content\/uploads\/2022\/04\/Medalha-de-Padre-Eustaquio-na-Espanha-1024x682.jpeg 1024w, https:\/\/www.padreeustaquio.com.br\/wp-content\/uploads\/2022\/04\/Medalha-de-Padre-Eustaquio-na-Espanha-768x512.jpeg 768w, https:\/\/www.padreeustaquio.com.br\/wp-content\/uploads\/2022\/04\/Medalha-de-Padre-Eustaquio-na-Espanha.jpeg 1280w\" sizes=\"(max-width: 340px) 100vw, 340px\" \/><\/figure><\/div>\n\n\n\n<p><strong>Tribute to Father Eust\u00e1quio<\/strong><\/p>\n\n\n\n<p>Years later, Father Eust\u00e1quio was also honored at the Chapel of Saint Damian. A bas-relief medallion was placed there, inaugurated in 2013. The piece was made by Julio Lopes Hernandez, considered a great Spanish sculptor.<\/p>\n\n\n\n<p><\/p>","protected":false},"excerpt":{"rendered":"<p>A Congrega\u00e7\u00e3o dos Sagrados Cora\u00e7\u00f5es possui uma igreja muito bonita, localizada em um ponto nobre de Madri, na Espanha. O templo se destaca por sua arquitetura, sendo considerado por muitos, uma obra de arte. A igreja se localiza em um ponto muito importante da cidade, estando bem pr\u00f3xima do Est\u00e1dio Santiago Bernab\u00e9u, do Real Madri. A igreja foi constru\u00edda na d\u00e9cada de 1960, com uma arquitetura funcional, atendendo as novas perspectivas lit\u00fargicas propostas pelo Conc\u00edlio Vaticano II. O trabalho foi confiado ao renomado arquiteto Rodolfo Garcia Pablos, que construiu uma capela penitencial que recebeu mais tarde o nome de S\u00e3o [&hellip;]<\/p>\n","protected":false},"author":2,"featured_media":8542,"comment_status":"open","ping_status":"closed","sticky":false,"template":"","format":"standard","meta":{"_acf_changed":false,"footnotes":""},"categories":[611],"tags":[],"class_list":["post-8541","post","type-post","status-publish","format-standard","has-post-thumbnail","hentry","category-noticias"],"acf":[],"yoast_head":"<!-- This site is optimized with the Yoast SEO plugin v27.2 - https:\/\/yoast.com\/product\/yoast-seo-wordpress\/ -->\n<title>Igreja espanhola tem homenagem a S\u00e3o Dami\u00e3o e a Padre Eust\u00e1quio<\/title>\n<meta name=\"description\" content=\"A Congrega\u00e7\u00e3o dos Sagrados Cora\u00e7\u00f5es possui uma igreja muito bonita, localizada em um ponto nobre de Madri, na Espanha. O templo se destaca por sua arquitetura, sendo considerado por muitos, uma obra de arte. A igreja se localiza em um ponto muito importante da cidade, estando bem pr\u00f3xima do Est\u00e1dio Santiago Bernab\u00e9u, do Real Madri.\" \/>\n<meta name=\"robots\" content=\"index, follow, max-snippet:-1, max-image-preview:large, max-video-preview:-1\" \/>\n<link rel=\"canonical\" href=\"https:\/\/www.padreeustaquio.com.br\/en\/spanish-church-pays-homage-to-saint-damian-and-father-eustace\/\" \/>\n<meta property=\"og:locale\" content=\"en_US\" \/>\n<meta property=\"og:type\" content=\"article\" \/>\n<meta property=\"og:title\" content=\"Igreja espanhola tem homenagem a S\u00e3o Dami\u00e3o e a Padre Eust\u00e1quio\" \/>\n<meta property=\"og:description\" content=\"A Congrega\u00e7\u00e3o dos Sagrados Cora\u00e7\u00f5es possui uma igreja muito bonita, localizada em um ponto nobre de Madri, na Espanha. O templo se destaca por sua arquitetura, sendo considerado por muitos, uma obra de arte. A igreja se localiza em um ponto muito importante da cidade, estando bem pr\u00f3xima do Est\u00e1dio Santiago Bernab\u00e9u, do Real Madri.\" \/>\n<meta property=\"og:url\" content=\"https:\/\/www.padreeustaquio.com.br\/en\/spanish-church-pays-homage-to-saint-damian-and-father-eustace\/\" \/>\n<meta property=\"og:site_name\" content=\"Padre Eust\u00e1quio\" \/>\n<meta property=\"article:publisher\" content=\"https:\/\/www.facebook.com\/beatopadreeustaquio\/\" \/>\n<meta property=\"article:published_time\" content=\"2022-05-04T08:49:00+00:00\" \/>\n<meta property=\"og:image\" content=\"https:\/\/www.padreeustaquio.com.br\/wp-content\/uploads\/2022\/04\/igreja-espanhola.jpg\" \/>\n\t<meta property=\"og:image:width\" content=\"748\" \/>\n\t<meta property=\"og:image:height\" content=\"394\" \/>\n\t<meta property=\"og:image:type\" content=\"image\/jpeg\" \/>\n<meta name=\"author\" content=\"@sscc\" \/>\n<meta name=\"twitter:card\" content=\"summary_large_image\" \/>\n<meta name=\"twitter:creator\" content=\"@beatopeustaquio\" \/>\n<meta name=\"twitter:site\" content=\"@beatopeustaquio\" \/>\n<meta name=\"twitter:label1\" content=\"Written by\" \/>\n\t<meta name=\"twitter:data1\" content=\"@sscc\" \/>\n\t<meta name=\"twitter:label2\" content=\"Est. reading time\" \/>\n\t<meta name=\"twitter:data2\" content=\"1 minute\" \/>\n<script type=\"application\/ld+json\" class=\"yoast-schema-graph\">{\"@context\":\"https:\/\/schema.org\",\"@graph\":[{\"@type\":\"Article\",\"@id\":\"https:\/\/www.padreeustaquio.com.br\/igreja-espanhola-tem-homenagem-a-sao-damiao-e-a-padre-eustaquio\/#article\",\"isPartOf\":{\"@id\":\"https:\/\/www.padreeustaquio.com.br\/igreja-espanhola-tem-homenagem-a-sao-damiao-e-a-padre-eustaquio\/\"},\"author\":{\"name\":\"@sscc\",\"@id\":\"https:\/\/www.padreeustaquio.com.br\/#\/schema\/person\/a2a51db1d00f1a7af0204a0f1ddb1566\"},\"headline\":\"Igreja espanhola tem homenagem a S\u00e3o Dami\u00e3o e a Padre Eust\u00e1quio\",\"datePublished\":\"2022-05-04T08:49:00+00:00\",\"mainEntityOfPage\":{\"@id\":\"https:\/\/www.padreeustaquio.com.br\/igreja-espanhola-tem-homenagem-a-sao-damiao-e-a-padre-eustaquio\/\"},\"wordCount\":196,\"commentCount\":0,\"publisher\":{\"@id\":\"https:\/\/www.padreeustaquio.com.br\/#organization\"},\"image\":{\"@id\":\"https:\/\/www.padreeustaquio.com.br\/igreja-espanhola-tem-homenagem-a-sao-damiao-e-a-padre-eustaquio\/#primaryimage\"},\"thumbnailUrl\":\"https:\/\/www.padreeustaquio.com.br\/wp-content\/uploads\/2022\/04\/igreja-espanhola.jpg\",\"articleSection\":[\"Not\u00edcias\"],\"inLanguage\":\"en-US\",\"potentialAction\":[{\"@type\":\"CommentAction\",\"name\":\"Comment\",\"target\":[\"https:\/\/www.padreeustaquio.com.br\/igreja-espanhola-tem-homenagem-a-sao-damiao-e-a-padre-eustaquio\/#respond\"]}]},{\"@type\":\"WebPage\",\"@id\":\"https:\/\/www.padreeustaquio.com.br\/igreja-espanhola-tem-homenagem-a-sao-damiao-e-a-padre-eustaquio\/\",\"url\":\"https:\/\/www.padreeustaquio.com.br\/igreja-espanhola-tem-homenagem-a-sao-damiao-e-a-padre-eustaquio\/\",\"name\":\"Igreja espanhola tem homenagem a S\u00e3o Dami\u00e3o e a Padre Eust\u00e1quio\",\"isPartOf\":{\"@id\":\"https:\/\/www.padreeustaquio.com.br\/#website\"},\"primaryImageOfPage\":{\"@id\":\"https:\/\/www.padreeustaquio.com.br\/igreja-espanhola-tem-homenagem-a-sao-damiao-e-a-padre-eustaquio\/#primaryimage\"},\"image\":{\"@id\":\"https:\/\/www.padreeustaquio.com.br\/igreja-espanhola-tem-homenagem-a-sao-damiao-e-a-padre-eustaquio\/#primaryimage\"},\"thumbnailUrl\":\"https:\/\/www.padreeustaquio.com.br\/wp-content\/uploads\/2022\/04\/igreja-espanhola.jpg\",\"datePublished\":\"2022-05-04T08:49:00+00:00\",\"description\":\"A Congrega\u00e7\u00e3o dos Sagrados Cora\u00e7\u00f5es possui uma igreja muito bonita, localizada em um ponto nobre de Madri, na Espanha. O templo se destaca por sua arquitetura, sendo considerado por muitos, uma obra de arte. A igreja se localiza em um ponto muito importante da cidade, estando bem pr\u00f3xima do Est\u00e1dio Santiago Bernab\u00e9u, do Real Madri.\",\"breadcrumb\":{\"@id\":\"https:\/\/www.padreeustaquio.com.br\/igreja-espanhola-tem-homenagem-a-sao-damiao-e-a-padre-eustaquio\/#breadcrumb\"},\"inLanguage\":\"en-US\",\"potentialAction\":[{\"@type\":\"ReadAction\",\"target\":[\"https:\/\/www.padreeustaquio.com.br\/igreja-espanhola-tem-homenagem-a-sao-damiao-e-a-padre-eustaquio\/\"]}]},{\"@type\":\"ImageObject\",\"inLanguage\":\"en-US\",\"@id\":\"https:\/\/www.padreeustaquio.com.br\/igreja-espanhola-tem-homenagem-a-sao-damiao-e-a-padre-eustaquio\/#primaryimage\",\"url\":\"https:\/\/www.padreeustaquio.com.br\/wp-content\/uploads\/2022\/04\/igreja-espanhola.jpg\",\"contentUrl\":\"https:\/\/www.padreeustaquio.com.br\/wp-content\/uploads\/2022\/04\/igreja-espanhola.jpg\",\"width\":748,\"height\":394},{\"@type\":\"BreadcrumbList\",\"@id\":\"https:\/\/www.padreeustaquio.com.br\/igreja-espanhola-tem-homenagem-a-sao-damiao-e-a-padre-eustaquio\/#breadcrumb\",\"itemListElement\":[{\"@type\":\"ListItem\",\"position\":1,\"name\":\"In\u00edcio\",\"item\":\"https:\/\/www.padreeustaquio.com.br\/\"},{\"@type\":\"ListItem\",\"position\":2,\"name\":\"Igreja espanhola tem homenagem a S\u00e3o Dami\u00e3o e a Padre Eust\u00e1quio\"}]},{\"@type\":\"WebSite\",\"@id\":\"https:\/\/www.padreeustaquio.com.br\/#website\",\"url\":\"https:\/\/www.padreeustaquio.com.br\/\",\"name\":\"Padre Eust\u00e1quio\",\"description\":\"Sa\u00fade e Paz\",\"publisher\":{\"@id\":\"https:\/\/www.padreeustaquio.com.br\/#organization\"},\"potentialAction\":[{\"@type\":\"SearchAction\",\"target\":{\"@type\":\"EntryPoint\",\"urlTemplate\":\"https:\/\/www.padreeustaquio.com.br\/?s={search_term_string}\"},\"query-input\":{\"@type\":\"PropertyValueSpecification\",\"valueRequired\":true,\"valueName\":\"search_term_string\"}}],\"inLanguage\":\"en-US\"},{\"@type\":\"Organization\",\"@id\":\"https:\/\/www.padreeustaquio.com.br\/#organization\",\"name\":\"Padre Eust\u00e1quio\",\"url\":\"https:\/\/www.padreeustaquio.com.br\/\",\"logo\":{\"@type\":\"ImageObject\",\"inLanguage\":\"en-US\",\"@id\":\"https:\/\/www.padreeustaquio.com.br\/#\/schema\/logo\/image\/\",\"url\":\"https:\/\/www.padreeustaquio.com.br\/wp-content\/uploads\/2019\/08\/marca.png\",\"contentUrl\":\"https:\/\/www.padreeustaquio.com.br\/wp-content\/uploads\/2019\/08\/marca.png\",\"width\":350,\"height\":400,\"caption\":\"Padre Eust\u00e1quio\"},\"image\":{\"@id\":\"https:\/\/www.padreeustaquio.com.br\/#\/schema\/logo\/image\/\"},\"sameAs\":[\"https:\/\/www.facebook.com\/beatopadreeustaquio\/\",\"https:\/\/x.com\/beatopeustaquio\",\"https:\/\/www.instagram.com\/beatopadreeustaquio\/\",\"https:\/\/www.youtube.com\/channel\/UCRhw7vfabnajwLxb1ZXMeIw\"]},{\"@type\":\"Person\",\"@id\":\"https:\/\/www.padreeustaquio.com.br\/#\/schema\/person\/a2a51db1d00f1a7af0204a0f1ddb1566\",\"name\":\"@sscc\",\"image\":{\"@type\":\"ImageObject\",\"inLanguage\":\"en-US\",\"@id\":\"https:\/\/secure.gravatar.com\/avatar\/68cfafa5f44617fea54071e215026e0ff06be366c3d54a8425f04fdcb86f8c5f?s=96&d=mm&r=g\",\"url\":\"https:\/\/secure.gravatar.com\/avatar\/68cfafa5f44617fea54071e215026e0ff06be366c3d54a8425f04fdcb86f8c5f?s=96&d=mm&r=g\",\"contentUrl\":\"https:\/\/secure.gravatar.com\/avatar\/68cfafa5f44617fea54071e215026e0ff06be366c3d54a8425f04fdcb86f8c5f?s=96&d=mm&r=g\",\"caption\":\"@sscc\"},\"url\":\"https:\/\/www.padreeustaquio.com.br\/en\/author\/sscc\/\"}]}<\/script>\n<!-- \/ Yoast SEO plugin. -->","yoast_head_json":{"title":"Spanish church pays homage to Saint Damien and Father Eustace.","description":"The Congregation of the Sacred Hearts has a very beautiful church, located in a prime area of Madrid, Spain. The temple stands out for its architecture, being considered by many to be a work of art. The church is located in a very important part of the city, being very close to the Santiago Bernab\u00e9u Stadium, home of Real Madrid.","robots":{"index":"index","follow":"follow","max-snippet":"max-snippet:-1","max-image-preview":"max-image-preview:large","max-video-preview":"max-video-preview:-1"},"canonical":"https:\/\/www.padreeustaquio.com.br\/en\/spanish-church-pays-homage-to-saint-damian-and-father-eustace\/","og_locale":"en_US","og_type":"article","og_title":"Igreja espanhola tem homenagem a S\u00e3o Dami\u00e3o e a Padre Eust\u00e1quio","og_description":"A Congrega\u00e7\u00e3o dos Sagrados Cora\u00e7\u00f5es possui uma igreja muito bonita, localizada em um ponto nobre de Madri, na Espanha. O templo se destaca por sua arquitetura, sendo considerado por muitos, uma obra de arte. A igreja se localiza em um ponto muito importante da cidade, estando bem pr\u00f3xima do Est\u00e1dio Santiago Bernab\u00e9u, do Real Madri.","og_url":"https:\/\/www.padreeustaquio.com.br\/en\/spanish-church-pays-homage-to-saint-damian-and-father-eustace\/","og_site_name":"Padre Eust\u00e1quio","article_publisher":"https:\/\/www.facebook.com\/beatopadreeustaquio\/","article_published_time":"2022-05-04T08:49:00+00:00","og_image":[{"width":748,"height":394,"url":"https:\/\/www.padreeustaquio.com.br\/wp-content\/uploads\/2022\/04\/igreja-espanhola.jpg","type":"image\/jpeg"}],"author":"@sscc","twitter_card":"summary_large_image","twitter_creator":"@beatopeustaquio","twitter_site":"@beatopeustaquio","twitter_misc":{"Written by":"@sscc","Est. reading time":"1 minute"},"schema":{"@context":"https:\/\/schema.org","@graph":[{"@type":"Article","@id":"https:\/\/www.padreeustaquio.com.br\/igreja-espanhola-tem-homenagem-a-sao-damiao-e-a-padre-eustaquio\/#article","isPartOf":{"@id":"https:\/\/www.padreeustaquio.com.br\/igreja-espanhola-tem-homenagem-a-sao-damiao-e-a-padre-eustaquio\/"},"author":{"name":"@sscc","@id":"https:\/\/www.padreeustaquio.com.br\/#\/schema\/person\/a2a51db1d00f1a7af0204a0f1ddb1566"},"headline":"Igreja espanhola tem homenagem a S\u00e3o Dami\u00e3o e a Padre Eust\u00e1quio","datePublished":"2022-05-04T08:49:00+00:00","mainEntityOfPage":{"@id":"https:\/\/www.padreeustaquio.com.br\/igreja-espanhola-tem-homenagem-a-sao-damiao-e-a-padre-eustaquio\/"},"wordCount":196,"commentCount":0,"publisher":{"@id":"https:\/\/www.padreeustaquio.com.br\/#organization"},"image":{"@id":"https:\/\/www.padreeustaquio.com.br\/igreja-espanhola-tem-homenagem-a-sao-damiao-e-a-padre-eustaquio\/#primaryimage"},"thumbnailUrl":"https:\/\/www.padreeustaquio.com.br\/wp-content\/uploads\/2022\/04\/igreja-espanhola.jpg","articleSection":["Not\u00edcias"],"inLanguage":"en-US","potentialAction":[{"@type":"CommentAction","name":"Comment","target":["https:\/\/www.padreeustaquio.com.br\/igreja-espanhola-tem-homenagem-a-sao-damiao-e-a-padre-eustaquio\/#respond"]}]},{"@type":"WebPage","@id":"https:\/\/www.padreeustaquio.com.br\/igreja-espanhola-tem-homenagem-a-sao-damiao-e-a-padre-eustaquio\/","url":"https:\/\/www.padreeustaquio.com.br\/igreja-espanhola-tem-homenagem-a-sao-damiao-e-a-padre-eustaquio\/","name":"Spanish church pays homage to Saint Damien and Father Eustace.","isPartOf":{"@id":"https:\/\/www.padreeustaquio.com.br\/#website"},"primaryImageOfPage":{"@id":"https:\/\/www.padreeustaquio.com.br\/igreja-espanhola-tem-homenagem-a-sao-damiao-e-a-padre-eustaquio\/#primaryimage"},"image":{"@id":"https:\/\/www.padreeustaquio.com.br\/igreja-espanhola-tem-homenagem-a-sao-damiao-e-a-padre-eustaquio\/#primaryimage"},"thumbnailUrl":"https:\/\/www.padreeustaquio.com.br\/wp-content\/uploads\/2022\/04\/igreja-espanhola.jpg","datePublished":"2022-05-04T08:49:00+00:00","description":"The Congregation of the Sacred Hearts has a very beautiful church, located in a prime area of Madrid, Spain. The temple stands out for its architecture, being considered by many to be a work of art. The church is located in a very important part of the city, being very close to the Santiago Bernab\u00e9u Stadium, home of Real Madrid.","breadcrumb":{"@id":"https:\/\/www.padreeustaquio.com.br\/igreja-espanhola-tem-homenagem-a-sao-damiao-e-a-padre-eustaquio\/#breadcrumb"},"inLanguage":"en-US","potentialAction":[{"@type":"ReadAction","target":["https:\/\/www.padreeustaquio.com.br\/igreja-espanhola-tem-homenagem-a-sao-damiao-e-a-padre-eustaquio\/"]}]},{"@type":"ImageObject","inLanguage":"en-US","@id":"https:\/\/www.padreeustaquio.com.br\/igreja-espanhola-tem-homenagem-a-sao-damiao-e-a-padre-eustaquio\/#primaryimage","url":"https:\/\/www.padreeustaquio.com.br\/wp-content\/uploads\/2022\/04\/igreja-espanhola.jpg","contentUrl":"https:\/\/www.padreeustaquio.com.br\/wp-content\/uploads\/2022\/04\/igreja-espanhola.jpg","width":748,"height":394},{"@type":"BreadcrumbList","@id":"https:\/\/www.padreeustaquio.com.br\/igreja-espanhola-tem-homenagem-a-sao-damiao-e-a-padre-eustaquio\/#breadcrumb","itemListElement":[{"@type":"ListItem","position":1,"name":"In\u00edcio","item":"https:\/\/www.padreeustaquio.com.br\/"},{"@type":"ListItem","position":2,"name":"Igreja espanhola tem homenagem a S\u00e3o Dami\u00e3o e a Padre Eust\u00e1quio"}]},{"@type":"WebSite","@id":"https:\/\/www.padreeustaquio.com.br\/#website","url":"https:\/\/www.padreeustaquio.com.br\/","name":"FATHER EUST\u00c1QUIO","description":"Health and Peace","publisher":{"@id":"https:\/\/www.padreeustaquio.com.br\/#organization"},"potentialAction":[{"@type":"SearchAction","target":{"@type":"EntryPoint","urlTemplate":"https:\/\/www.padreeustaquio.com.br\/?s={search_term_string}"},"query-input":{"@type":"PropertyValueSpecification","valueRequired":true,"valueName":"search_term_string"}}],"inLanguage":"en-US"},{"@type":"Organization","@id":"https:\/\/www.padreeustaquio.com.br\/#organization","name":"FATHER EUST\u00c1QUIO","url":"https:\/\/www.padreeustaquio.com.br\/","logo":{"@type":"ImageObject","inLanguage":"en-US","@id":"https:\/\/www.padreeustaquio.com.br\/#\/schema\/logo\/image\/","url":"https:\/\/www.padreeustaquio.com.br\/wp-content\/uploads\/2019\/08\/marca.png","contentUrl":"https:\/\/www.padreeustaquio.com.br\/wp-content\/uploads\/2019\/08\/marca.png","width":350,"height":400,"caption":"Padre Eust\u00e1quio"},"image":{"@id":"https:\/\/www.padreeustaquio.com.br\/#\/schema\/logo\/image\/"},"sameAs":["https:\/\/www.facebook.com\/beatopadreeustaquio\/","https:\/\/x.com\/beatopeustaquio","https:\/\/www.instagram.com\/beatopadreeustaquio\/","https:\/\/www.youtube.com\/channel\/UCRhw7vfabnajwLxb1ZXMeIw"]},{"@type":"Person","@id":"https:\/\/www.padreeustaquio.com.br\/#\/schema\/person\/a2a51db1d00f1a7af0204a0f1ddb1566","name":"@sscc","image":{"@type":"ImageObject","inLanguage":"en-US","@id":"https:\/\/secure.gravatar.com\/avatar\/68cfafa5f44617fea54071e215026e0ff06be366c3d54a8425f04fdcb86f8c5f?s=96&d=mm&r=g","url":"https:\/\/secure.gravatar.com\/avatar\/68cfafa5f44617fea54071e215026e0ff06be366c3d54a8425f04fdcb86f8c5f?s=96&d=mm&r=g","contentUrl":"https:\/\/secure.gravatar.com\/avatar\/68cfafa5f44617fea54071e215026e0ff06be366c3d54a8425f04fdcb86f8c5f?s=96&d=mm&r=g","caption":"@sscc"},"url":"https:\/\/www.padreeustaquio.com.br\/en\/author\/sscc\/"}]}},"_links":{"self":[{"href":"https:\/\/www.padreeustaquio.com.br\/en\/wp-json\/wp\/v2\/posts\/8541","targetHints":{"allow":["GET"]}}],"collection":[{"href":"https:\/\/www.padreeustaquio.com.br\/en\/wp-json\/wp\/v2\/posts"}],"about":[{"href":"https:\/\/www.padreeustaquio.com.br\/en\/wp-json\/wp\/v2\/types\/post"}],"author":[{"embeddable":true,"href":"https:\/\/www.padreeustaquio.com.br\/en\/wp-json\/wp\/v2\/users\/2"}],"replies":[{"embeddable":true,"href":"https:\/\/www.padreeustaquio.com.br\/en\/wp-json\/wp\/v2\/comments?post=8541"}],"version-history":[{"count":0,"href":"https:\/\/www.padreeustaquio.com.br\/en\/wp-json\/wp\/v2\/posts\/8541\/revisions"}],"wp:featuredmedia":[{"embeddable":true,"href":"https:\/\/www.padreeustaquio.com.br\/en\/wp-json\/wp\/v2\/media\/8542"}],"wp:attachment":[{"href":"https:\/\/www.padreeustaquio.com.br\/en\/wp-json\/wp\/v2\/media?parent=8541"}],"wp:term":[{"taxonomy":"category","embeddable":true,"href":"https:\/\/www.padreeustaquio.com.br\/en\/wp-json\/wp\/v2\/categories?post=8541"},{"taxonomy":"post_tag","embeddable":true,"href":"https:\/\/www.padreeustaquio.com.br\/en\/wp-json\/wp\/v2\/tags?post=8541"}],"curies":[{"name":"wp","href":"https:\/\/api.w.org\/{rel}","templated":true}]}}