{"id":8536,"date":"2022-04-27T15:24:56","date_gmt":"2022-04-27T18:24:56","guid":{"rendered":"https:\/\/www.padreeustaquio.com.br\/?p=8536"},"modified":"2022-04-27T15:25:05","modified_gmt":"2022-04-27T18:25:05","slug":"vice-postulator-recommends-book-on-the-archdiocese-of-belo-horizonte-website","status":"publish","type":"post","link":"https:\/\/www.padreeustaquio.com.br\/en\/vice-postulator-recommends-book-on-the-archdiocese-of-belo-horizonte-website\/","title":{"rendered":"Vice-postulator recommends book on the Archdiocese of Belo Horizonte website."},"content":{"rendered":"<p>Rector of the Archdiocesan Sanctuary of Health and Peace, Father Marcus Vin\u00edcius Maciel, or simply Father Vin\u00edcius, as he is known in the community.\u00a0<strong>Archdiocese of Belo Horizonte<\/strong>, She balances her routine so that she can dedicate herself permanently to reading. She considers books fundamental for personal growth and for her work in the Church, alongside the faithful. <\/p>\n\n\n\n<p>Themes of formation, Christian spirituality, the history of Minas Gerais and education, as well as Brazilian and European literature, from Machado de Assis to the Russian Dostoevsky, are part of his daily life through publications. Father Vinicius is preparing to complete his master&#039;s degree in Religious Studies at PUC Minas, where he is studying the blessed life of Father Eust\u00e1quio.<\/p>\n\n\n\n<p>Our guest this week reads with ease, a habit encouraged by his family and school since childhood. This week, pay attention, the story that Father Vin\u00edcius recommends is described by him as unmissable. &quot;I consider the book to have been written by a genius of our time,&quot; he praises.&nbsp;&nbsp;<strong><em>A religious figure in a changing era.&nbsp;<\/em><\/strong>It narrates the 50-year journey of consecrated life of the author, Brother Henrique Cristiano Jos\u00e9 Matos.<\/p>\n\n\n\n<p>Written in three volumes, the first book begins in 1941 and goes until 1964, from the birth of the priest of Dutch origin to his arrival in Brazil. Volumes 2 and 3 cover the period from 1964 to 2010. Part of the work refers to Father Henrique Cristiano&#039;s experience at PUC Minas, where he was a professor for over 30 years. \u201cThe book gives us a vision of what happened in the Church in the post-war period, with fascinating accounts, testimonies, and records,\u201d describes Father Vin\u00edcius. \u201cIt is a very well-founded, pleasant, and profound piece of writing.\u201d<\/p>\n\n\n\n<p>Father Vinicius also highlights some of the author&#039;s characteristics. \u201cBrother Henrique Cristiano is a wise and profound connoisseur of human existence. He is a mystic, living in retreat, intimately connected to God, but at the same time to the world,\u201d he describes. Brother Henrique lives in Igarap\u00e9, in the Metropolitan Region of Belo Horizonte, where he dedicates himself to Prison Ministry.<\/p>\n\n\n\n<p><\/p>","protected":false},"excerpt":{"rendered":"<p>Reitor do Santu\u00e1rio Arquidiocesano da Sa\u00fade e da Paz, padre Marcus Vin\u00edcius Maciel, ou apenas padre Vin\u00edcius, como \u00e9 conhecido na\u00a0Arquidiocese de BH, equilibra sua rotina,\u00a0 para que de forma permanente se dedique \u00e0s leituras. Considera os livros fundamentais para o crescimento pessoal e para o trabalho na Igreja, junto aos fi\u00e9is. Temas de forma\u00e7\u00e3o, de espiritualidade crist\u00e3, hist\u00f3ria de Minas Gerais e da Educa\u00e7\u00e3o, assim como a literatura brasileira e tamb\u00e9m europeia, de Machado de Assis ao russo Dostoi\u00e9vski, as publica\u00e7\u00f5es fazem parte do seu cotidiano. Padre Vinicius se prepara para concluir o mestrado em Ci\u00eancias da Religi\u00e3o, na [&hellip;]<\/p>\n","protected":false},"author":2,"featured_media":8537,"comment_status":"open","ping_status":"closed","sticky":false,"template":"","format":"standard","meta":{"_acf_changed":false,"footnotes":""},"categories":[611],"tags":[],"class_list":["post-8536","post","type-post","status-publish","format-standard","has-post-thumbnail","hentry","category-noticias"],"acf":[],"yoast_head":"<!-- This site is optimized with the Yoast SEO plugin v27.2 - https:\/\/yoast.com\/product\/yoast-seo-wordpress\/ -->\n<title>Vice-postulador indica livro em site da Arquidiocese de Belo Horizonte<\/title>\n<meta name=\"description\" content=\"Reitor do Santu\u00e1rio Arquidiocesano da Sa\u00fade e da Paz, padre Marcus Vin\u00edcius Maciel, ou apenas padre Vin\u00edcius, como \u00e9 conhecido na\u00a0Arquidiocese de BH, equilibra sua rotina,\u00a0 para que de forma permanente se dedique \u00e0s leituras. Considera os livros fundamentais para o crescimento pessoal e para o trabalho na Igreja, junto aos fi\u00e9is.\" \/>\n<meta name=\"robots\" content=\"index, follow, max-snippet:-1, max-image-preview:large, max-video-preview:-1\" \/>\n<link rel=\"canonical\" href=\"https:\/\/www.padreeustaquio.com.br\/en\/vice-postulator-recommends-book-on-the-archdiocese-of-belo-horizonte-website\/\" \/>\n<meta property=\"og:locale\" content=\"en_US\" \/>\n<meta property=\"og:type\" content=\"article\" \/>\n<meta property=\"og:title\" content=\"Vice-postulador indica livro em site da Arquidiocese de Belo Horizonte\" \/>\n<meta property=\"og:description\" content=\"Reitor do Santu\u00e1rio Arquidiocesano da Sa\u00fade e da Paz, padre Marcus Vin\u00edcius Maciel, ou apenas padre Vin\u00edcius, como \u00e9 conhecido na\u00a0Arquidiocese de BH, equilibra sua rotina,\u00a0 para que de forma permanente se dedique \u00e0s leituras. Considera os livros fundamentais para o crescimento pessoal e para o trabalho na Igreja, junto aos fi\u00e9is.\" \/>\n<meta property=\"og:url\" content=\"https:\/\/www.padreeustaquio.com.br\/en\/vice-postulator-recommends-book-on-the-archdiocese-of-belo-horizonte-website\/\" \/>\n<meta property=\"og:site_name\" content=\"Padre Eust\u00e1quio\" \/>\n<meta property=\"article:publisher\" content=\"https:\/\/www.facebook.com\/beatopadreeustaquio\/\" \/>\n<meta property=\"article:published_time\" content=\"2022-04-27T18:24:56+00:00\" \/>\n<meta property=\"article:modified_time\" content=\"2022-04-27T18:25:05+00:00\" \/>\n<meta property=\"og:image\" content=\"https:\/\/www.padreeustaquio.com.br\/wp-content\/uploads\/2022\/04\/indica-livro.jpg\" \/>\n\t<meta property=\"og:image:width\" content=\"748\" \/>\n\t<meta property=\"og:image:height\" content=\"394\" \/>\n\t<meta property=\"og:image:type\" content=\"image\/jpeg\" \/>\n<meta name=\"author\" content=\"@sscc\" \/>\n<meta name=\"twitter:card\" content=\"summary_large_image\" \/>\n<meta name=\"twitter:creator\" content=\"@beatopeustaquio\" \/>\n<meta name=\"twitter:site\" content=\"@beatopeustaquio\" \/>\n<meta name=\"twitter:label1\" content=\"Written by\" \/>\n\t<meta name=\"twitter:data1\" content=\"@sscc\" \/>\n\t<meta name=\"twitter:label2\" content=\"Est. reading time\" \/>\n\t<meta name=\"twitter:data2\" content=\"2 minutes\" \/>\n<script type=\"application\/ld+json\" class=\"yoast-schema-graph\">{\"@context\":\"https:\/\/schema.org\",\"@graph\":[{\"@type\":\"Article\",\"@id\":\"https:\/\/www.padreeustaquio.com.br\/vice-postulador-indica-livro-em-site-da-arquidiocese-de-belo-horizonte\/#article\",\"isPartOf\":{\"@id\":\"https:\/\/www.padreeustaquio.com.br\/vice-postulador-indica-livro-em-site-da-arquidiocese-de-belo-horizonte\/\"},\"author\":{\"name\":\"@sscc\",\"@id\":\"https:\/\/www.padreeustaquio.com.br\/#\/schema\/person\/a2a51db1d00f1a7af0204a0f1ddb1566\"},\"headline\":\"Vice-postulador indica livro em site da Arquidiocese de Belo Horizonte\",\"datePublished\":\"2022-04-27T18:24:56+00:00\",\"dateModified\":\"2022-04-27T18:25:05+00:00\",\"mainEntityOfPage\":{\"@id\":\"https:\/\/www.padreeustaquio.com.br\/vice-postulador-indica-livro-em-site-da-arquidiocese-de-belo-horizonte\/\"},\"wordCount\":370,\"commentCount\":0,\"publisher\":{\"@id\":\"https:\/\/www.padreeustaquio.com.br\/#organization\"},\"image\":{\"@id\":\"https:\/\/www.padreeustaquio.com.br\/vice-postulador-indica-livro-em-site-da-arquidiocese-de-belo-horizonte\/#primaryimage\"},\"thumbnailUrl\":\"https:\/\/www.padreeustaquio.com.br\/wp-content\/uploads\/2022\/04\/indica-livro.jpg\",\"articleSection\":[\"Not\u00edcias\"],\"inLanguage\":\"en-US\",\"potentialAction\":[{\"@type\":\"CommentAction\",\"name\":\"Comment\",\"target\":[\"https:\/\/www.padreeustaquio.com.br\/vice-postulador-indica-livro-em-site-da-arquidiocese-de-belo-horizonte\/#respond\"]}]},{\"@type\":\"WebPage\",\"@id\":\"https:\/\/www.padreeustaquio.com.br\/vice-postulador-indica-livro-em-site-da-arquidiocese-de-belo-horizonte\/\",\"url\":\"https:\/\/www.padreeustaquio.com.br\/vice-postulador-indica-livro-em-site-da-arquidiocese-de-belo-horizonte\/\",\"name\":\"Vice-postulador indica livro em site da Arquidiocese de Belo Horizonte\",\"isPartOf\":{\"@id\":\"https:\/\/www.padreeustaquio.com.br\/#website\"},\"primaryImageOfPage\":{\"@id\":\"https:\/\/www.padreeustaquio.com.br\/vice-postulador-indica-livro-em-site-da-arquidiocese-de-belo-horizonte\/#primaryimage\"},\"image\":{\"@id\":\"https:\/\/www.padreeustaquio.com.br\/vice-postulador-indica-livro-em-site-da-arquidiocese-de-belo-horizonte\/#primaryimage\"},\"thumbnailUrl\":\"https:\/\/www.padreeustaquio.com.br\/wp-content\/uploads\/2022\/04\/indica-livro.jpg\",\"datePublished\":\"2022-04-27T18:24:56+00:00\",\"dateModified\":\"2022-04-27T18:25:05+00:00\",\"description\":\"Reitor do Santu\u00e1rio Arquidiocesano da Sa\u00fade e da Paz, padre Marcus Vin\u00edcius Maciel, ou apenas padre Vin\u00edcius, como \u00e9 conhecido na\u00a0Arquidiocese de BH, equilibra sua rotina,\u00a0 para que de forma permanente se dedique \u00e0s leituras. Considera os livros fundamentais para o crescimento pessoal e para o trabalho na Igreja, junto aos fi\u00e9is.\",\"breadcrumb\":{\"@id\":\"https:\/\/www.padreeustaquio.com.br\/vice-postulador-indica-livro-em-site-da-arquidiocese-de-belo-horizonte\/#breadcrumb\"},\"inLanguage\":\"en-US\",\"potentialAction\":[{\"@type\":\"ReadAction\",\"target\":[\"https:\/\/www.padreeustaquio.com.br\/vice-postulador-indica-livro-em-site-da-arquidiocese-de-belo-horizonte\/\"]}]},{\"@type\":\"ImageObject\",\"inLanguage\":\"en-US\",\"@id\":\"https:\/\/www.padreeustaquio.com.br\/vice-postulador-indica-livro-em-site-da-arquidiocese-de-belo-horizonte\/#primaryimage\",\"url\":\"https:\/\/www.padreeustaquio.com.br\/wp-content\/uploads\/2022\/04\/indica-livro.jpg\",\"contentUrl\":\"https:\/\/www.padreeustaquio.com.br\/wp-content\/uploads\/2022\/04\/indica-livro.jpg\",\"width\":748,\"height\":394},{\"@type\":\"BreadcrumbList\",\"@id\":\"https:\/\/www.padreeustaquio.com.br\/vice-postulador-indica-livro-em-site-da-arquidiocese-de-belo-horizonte\/#breadcrumb\",\"itemListElement\":[{\"@type\":\"ListItem\",\"position\":1,\"name\":\"In\u00edcio\",\"item\":\"https:\/\/www.padreeustaquio.com.br\/\"},{\"@type\":\"ListItem\",\"position\":2,\"name\":\"Vice-postulador indica livro em site da Arquidiocese de Belo Horizonte\"}]},{\"@type\":\"WebSite\",\"@id\":\"https:\/\/www.padreeustaquio.com.br\/#website\",\"url\":\"https:\/\/www.padreeustaquio.com.br\/\",\"name\":\"Padre Eust\u00e1quio\",\"description\":\"Sa\u00fade e Paz\",\"publisher\":{\"@id\":\"https:\/\/www.padreeustaquio.com.br\/#organization\"},\"potentialAction\":[{\"@type\":\"SearchAction\",\"target\":{\"@type\":\"EntryPoint\",\"urlTemplate\":\"https:\/\/www.padreeustaquio.com.br\/?s={search_term_string}\"},\"query-input\":{\"@type\":\"PropertyValueSpecification\",\"valueRequired\":true,\"valueName\":\"search_term_string\"}}],\"inLanguage\":\"en-US\"},{\"@type\":\"Organization\",\"@id\":\"https:\/\/www.padreeustaquio.com.br\/#organization\",\"name\":\"Padre Eust\u00e1quio\",\"url\":\"https:\/\/www.padreeustaquio.com.br\/\",\"logo\":{\"@type\":\"ImageObject\",\"inLanguage\":\"en-US\",\"@id\":\"https:\/\/www.padreeustaquio.com.br\/#\/schema\/logo\/image\/\",\"url\":\"https:\/\/www.padreeustaquio.com.br\/wp-content\/uploads\/2019\/08\/marca.png\",\"contentUrl\":\"https:\/\/www.padreeustaquio.com.br\/wp-content\/uploads\/2019\/08\/marca.png\",\"width\":350,\"height\":400,\"caption\":\"Padre Eust\u00e1quio\"},\"image\":{\"@id\":\"https:\/\/www.padreeustaquio.com.br\/#\/schema\/logo\/image\/\"},\"sameAs\":[\"https:\/\/www.facebook.com\/beatopadreeustaquio\/\",\"https:\/\/x.com\/beatopeustaquio\",\"https:\/\/www.instagram.com\/beatopadreeustaquio\/\",\"https:\/\/www.youtube.com\/channel\/UCRhw7vfabnajwLxb1ZXMeIw\"]},{\"@type\":\"Person\",\"@id\":\"https:\/\/www.padreeustaquio.com.br\/#\/schema\/person\/a2a51db1d00f1a7af0204a0f1ddb1566\",\"name\":\"@sscc\",\"image\":{\"@type\":\"ImageObject\",\"inLanguage\":\"en-US\",\"@id\":\"https:\/\/secure.gravatar.com\/avatar\/68cfafa5f44617fea54071e215026e0ff06be366c3d54a8425f04fdcb86f8c5f?s=96&d=mm&r=g\",\"url\":\"https:\/\/secure.gravatar.com\/avatar\/68cfafa5f44617fea54071e215026e0ff06be366c3d54a8425f04fdcb86f8c5f?s=96&d=mm&r=g\",\"contentUrl\":\"https:\/\/secure.gravatar.com\/avatar\/68cfafa5f44617fea54071e215026e0ff06be366c3d54a8425f04fdcb86f8c5f?s=96&d=mm&r=g\",\"caption\":\"@sscc\"},\"url\":\"https:\/\/www.padreeustaquio.com.br\/en\/author\/sscc\/\"}]}<\/script>\n<!-- \/ Yoast SEO plugin. -->","yoast_head_json":{"title":"Vice-postulator recommends book on the Archdiocese of Belo Horizonte website.","description":"Father Marcus Vin\u00edcius Maciel, or simply Father Vin\u00edcius, as he is known in the Archdiocese of Belo Horizonte, rector of the Archdiocesan Sanctuary of Health and Peace, balances his routine so that he can dedicate himself permanently to reading. He considers books fundamental for personal growth and for his work in the Church, alongside the faithful.","robots":{"index":"index","follow":"follow","max-snippet":"max-snippet:-1","max-image-preview":"max-image-preview:large","max-video-preview":"max-video-preview:-1"},"canonical":"https:\/\/www.padreeustaquio.com.br\/en\/vice-postulator-recommends-book-on-the-archdiocese-of-belo-horizonte-website\/","og_locale":"en_US","og_type":"article","og_title":"Vice-postulador indica livro em site da Arquidiocese de Belo Horizonte","og_description":"Reitor do Santu\u00e1rio Arquidiocesano da Sa\u00fade e da Paz, padre Marcus Vin\u00edcius Maciel, ou apenas padre Vin\u00edcius, como \u00e9 conhecido na\u00a0Arquidiocese de BH, equilibra sua rotina,\u00a0 para que de forma permanente se dedique \u00e0s leituras. Considera os livros fundamentais para o crescimento pessoal e para o trabalho na Igreja, junto aos fi\u00e9is.","og_url":"https:\/\/www.padreeustaquio.com.br\/en\/vice-postulator-recommends-book-on-the-archdiocese-of-belo-horizonte-website\/","og_site_name":"Padre Eust\u00e1quio","article_publisher":"https:\/\/www.facebook.com\/beatopadreeustaquio\/","article_published_time":"2022-04-27T18:24:56+00:00","article_modified_time":"2022-04-27T18:25:05+00:00","og_image":[{"width":748,"height":394,"url":"https:\/\/www.padreeustaquio.com.br\/wp-content\/uploads\/2022\/04\/indica-livro.jpg","type":"image\/jpeg"}],"author":"@sscc","twitter_card":"summary_large_image","twitter_creator":"@beatopeustaquio","twitter_site":"@beatopeustaquio","twitter_misc":{"Written by":"@sscc","Est. reading time":"2 minutes"},"schema":{"@context":"https:\/\/schema.org","@graph":[{"@type":"Article","@id":"https:\/\/www.padreeustaquio.com.br\/vice-postulador-indica-livro-em-site-da-arquidiocese-de-belo-horizonte\/#article","isPartOf":{"@id":"https:\/\/www.padreeustaquio.com.br\/vice-postulador-indica-livro-em-site-da-arquidiocese-de-belo-horizonte\/"},"author":{"name":"@sscc","@id":"https:\/\/www.padreeustaquio.com.br\/#\/schema\/person\/a2a51db1d00f1a7af0204a0f1ddb1566"},"headline":"Vice-postulador indica livro em site da Arquidiocese de Belo Horizonte","datePublished":"2022-04-27T18:24:56+00:00","dateModified":"2022-04-27T18:25:05+00:00","mainEntityOfPage":{"@id":"https:\/\/www.padreeustaquio.com.br\/vice-postulador-indica-livro-em-site-da-arquidiocese-de-belo-horizonte\/"},"wordCount":370,"commentCount":0,"publisher":{"@id":"https:\/\/www.padreeustaquio.com.br\/#organization"},"image":{"@id":"https:\/\/www.padreeustaquio.com.br\/vice-postulador-indica-livro-em-site-da-arquidiocese-de-belo-horizonte\/#primaryimage"},"thumbnailUrl":"https:\/\/www.padreeustaquio.com.br\/wp-content\/uploads\/2022\/04\/indica-livro.jpg","articleSection":["Not\u00edcias"],"inLanguage":"en-US","potentialAction":[{"@type":"CommentAction","name":"Comment","target":["https:\/\/www.padreeustaquio.com.br\/vice-postulador-indica-livro-em-site-da-arquidiocese-de-belo-horizonte\/#respond"]}]},{"@type":"WebPage","@id":"https:\/\/www.padreeustaquio.com.br\/vice-postulador-indica-livro-em-site-da-arquidiocese-de-belo-horizonte\/","url":"https:\/\/www.padreeustaquio.com.br\/vice-postulador-indica-livro-em-site-da-arquidiocese-de-belo-horizonte\/","name":"Vice-postulator recommends book on the Archdiocese of Belo Horizonte website.","isPartOf":{"@id":"https:\/\/www.padreeustaquio.com.br\/#website"},"primaryImageOfPage":{"@id":"https:\/\/www.padreeustaquio.com.br\/vice-postulador-indica-livro-em-site-da-arquidiocese-de-belo-horizonte\/#primaryimage"},"image":{"@id":"https:\/\/www.padreeustaquio.com.br\/vice-postulador-indica-livro-em-site-da-arquidiocese-de-belo-horizonte\/#primaryimage"},"thumbnailUrl":"https:\/\/www.padreeustaquio.com.br\/wp-content\/uploads\/2022\/04\/indica-livro.jpg","datePublished":"2022-04-27T18:24:56+00:00","dateModified":"2022-04-27T18:25:05+00:00","description":"Father Marcus Vin\u00edcius Maciel, or simply Father Vin\u00edcius, as he is known in the Archdiocese of Belo Horizonte, rector of the Archdiocesan Sanctuary of Health and Peace, balances his routine so that he can dedicate himself permanently to reading. He considers books fundamental for personal growth and for his work in the Church, alongside the faithful.","breadcrumb":{"@id":"https:\/\/www.padreeustaquio.com.br\/vice-postulador-indica-livro-em-site-da-arquidiocese-de-belo-horizonte\/#breadcrumb"},"inLanguage":"en-US","potentialAction":[{"@type":"ReadAction","target":["https:\/\/www.padreeustaquio.com.br\/vice-postulador-indica-livro-em-site-da-arquidiocese-de-belo-horizonte\/"]}]},{"@type":"ImageObject","inLanguage":"en-US","@id":"https:\/\/www.padreeustaquio.com.br\/vice-postulador-indica-livro-em-site-da-arquidiocese-de-belo-horizonte\/#primaryimage","url":"https:\/\/www.padreeustaquio.com.br\/wp-content\/uploads\/2022\/04\/indica-livro.jpg","contentUrl":"https:\/\/www.padreeustaquio.com.br\/wp-content\/uploads\/2022\/04\/indica-livro.jpg","width":748,"height":394},{"@type":"BreadcrumbList","@id":"https:\/\/www.padreeustaquio.com.br\/vice-postulador-indica-livro-em-site-da-arquidiocese-de-belo-horizonte\/#breadcrumb","itemListElement":[{"@type":"ListItem","position":1,"name":"In\u00edcio","item":"https:\/\/www.padreeustaquio.com.br\/"},{"@type":"ListItem","position":2,"name":"Vice-postulador indica livro em site da Arquidiocese de Belo Horizonte"}]},{"@type":"WebSite","@id":"https:\/\/www.padreeustaquio.com.br\/#website","url":"https:\/\/www.padreeustaquio.com.br\/","name":"FATHER EUST\u00c1QUIO","description":"Health and Peace","publisher":{"@id":"https:\/\/www.padreeustaquio.com.br\/#organization"},"potentialAction":[{"@type":"SearchAction","target":{"@type":"EntryPoint","urlTemplate":"https:\/\/www.padreeustaquio.com.br\/?s={search_term_string}"},"query-input":{"@type":"PropertyValueSpecification","valueRequired":true,"valueName":"search_term_string"}}],"inLanguage":"en-US"},{"@type":"Organization","@id":"https:\/\/www.padreeustaquio.com.br\/#organization","name":"FATHER EUST\u00c1QUIO","url":"https:\/\/www.padreeustaquio.com.br\/","logo":{"@type":"ImageObject","inLanguage":"en-US","@id":"https:\/\/www.padreeustaquio.com.br\/#\/schema\/logo\/image\/","url":"https:\/\/www.padreeustaquio.com.br\/wp-content\/uploads\/2019\/08\/marca.png","contentUrl":"https:\/\/www.padreeustaquio.com.br\/wp-content\/uploads\/2019\/08\/marca.png","width":350,"height":400,"caption":"Padre Eust\u00e1quio"},"image":{"@id":"https:\/\/www.padreeustaquio.com.br\/#\/schema\/logo\/image\/"},"sameAs":["https:\/\/www.facebook.com\/beatopadreeustaquio\/","https:\/\/x.com\/beatopeustaquio","https:\/\/www.instagram.com\/beatopadreeustaquio\/","https:\/\/www.youtube.com\/channel\/UCRhw7vfabnajwLxb1ZXMeIw"]},{"@type":"Person","@id":"https:\/\/www.padreeustaquio.com.br\/#\/schema\/person\/a2a51db1d00f1a7af0204a0f1ddb1566","name":"@sscc","image":{"@type":"ImageObject","inLanguage":"en-US","@id":"https:\/\/secure.gravatar.com\/avatar\/68cfafa5f44617fea54071e215026e0ff06be366c3d54a8425f04fdcb86f8c5f?s=96&d=mm&r=g","url":"https:\/\/secure.gravatar.com\/avatar\/68cfafa5f44617fea54071e215026e0ff06be366c3d54a8425f04fdcb86f8c5f?s=96&d=mm&r=g","contentUrl":"https:\/\/secure.gravatar.com\/avatar\/68cfafa5f44617fea54071e215026e0ff06be366c3d54a8425f04fdcb86f8c5f?s=96&d=mm&r=g","caption":"@sscc"},"url":"https:\/\/www.padreeustaquio.com.br\/en\/author\/sscc\/"}]}},"_links":{"self":[{"href":"https:\/\/www.padreeustaquio.com.br\/en\/wp-json\/wp\/v2\/posts\/8536","targetHints":{"allow":["GET"]}}],"collection":[{"href":"https:\/\/www.padreeustaquio.com.br\/en\/wp-json\/wp\/v2\/posts"}],"about":[{"href":"https:\/\/www.padreeustaquio.com.br\/en\/wp-json\/wp\/v2\/types\/post"}],"author":[{"embeddable":true,"href":"https:\/\/www.padreeustaquio.com.br\/en\/wp-json\/wp\/v2\/users\/2"}],"replies":[{"embeddable":true,"href":"https:\/\/www.padreeustaquio.com.br\/en\/wp-json\/wp\/v2\/comments?post=8536"}],"version-history":[{"count":0,"href":"https:\/\/www.padreeustaquio.com.br\/en\/wp-json\/wp\/v2\/posts\/8536\/revisions"}],"wp:featuredmedia":[{"embeddable":true,"href":"https:\/\/www.padreeustaquio.com.br\/en\/wp-json\/wp\/v2\/media\/8537"}],"wp:attachment":[{"href":"https:\/\/www.padreeustaquio.com.br\/en\/wp-json\/wp\/v2\/media?parent=8536"}],"wp:term":[{"taxonomy":"category","embeddable":true,"href":"https:\/\/www.padreeustaquio.com.br\/en\/wp-json\/wp\/v2\/categories?post=8536"},{"taxonomy":"post_tag","embeddable":true,"href":"https:\/\/www.padreeustaquio.com.br\/en\/wp-json\/wp\/v2\/tags?post=8536"}],"curies":[{"name":"wp","href":"https:\/\/api.w.org\/{rel}","templated":true}]}}