{"id":8516,"date":"2022-04-25T09:00:14","date_gmt":"2022-04-25T12:00:14","guid":{"rendered":"https:\/\/www.padreeustaquio.com.br\/?p=8516"},"modified":"2022-04-25T09:06:30","modified_gmt":"2022-04-25T12:06:30","slug":"a-cross-that-belonged-to-father-eustaquio-is-being-carried-on-a-pilgrimage-by-devotees-in-porto-alegre-sao-paulo","status":"publish","type":"post","link":"https:\/\/www.padreeustaquio.com.br\/en\/a-cross-that-belonged-to-father-eustaquio-is-being-carried-on-a-pilgrimage-by-devotees-in-porto-alegre-sao-paulo\/","title":{"rendered":"The cross that belonged to Father Eust\u00e1quio is being carried on pilgrimage by devotees in Po\u00e1\/SP."},"content":{"rendered":"<p>A crucifix that belonged to Blessed Father Eustace is being carried around the homes of devotees in Po\u00e1, S\u00e3o Paulo. The item was a gift left by the Blessed Father to one of the city&#039;s devotees.<\/p>\n\n\n\n<p>According to the current guardian of the crucifix, Cida Rey, the object was bequeathed to her grandmother, Dona Cesira Passotori Barbieri, who lived with the Dutch priest when he arrived in the city of Po\u00e1, S\u00e3o Paulo. Cesira was one of the people who welcomed Father Eust\u00e1quio to Po\u00e1, thus maintaining a friendship with the Blessed One.<\/p>\n\n\n\n<div class=\"wp-block-image\"><figure class=\"alignright size-medium is-resized\"><img fetchpriority=\"high\" decoding=\"async\" src=\"https:\/\/www.padreeustaquio.com.br\/wp-content\/uploads\/2022\/04\/cruz-que-pertenceu-a-padre-eustaquio-poa-sao-paulo-300x225.jpeg\" alt=\"\" class=\"wp-image-8519\" width=\"351\" height=\"263\" srcset=\"https:\/\/www.padreeustaquio.com.br\/wp-content\/uploads\/2022\/04\/cruz-que-pertenceu-a-padre-eustaquio-poa-sao-paulo-300x225.jpeg 300w, https:\/\/www.padreeustaquio.com.br\/wp-content\/uploads\/2022\/04\/cruz-que-pertenceu-a-padre-eustaquio-poa-sao-paulo-1024x768.jpeg 1024w, https:\/\/www.padreeustaquio.com.br\/wp-content\/uploads\/2022\/04\/cruz-que-pertenceu-a-padre-eustaquio-poa-sao-paulo-768x576.jpeg 768w, https:\/\/www.padreeustaquio.com.br\/wp-content\/uploads\/2022\/04\/cruz-que-pertenceu-a-padre-eustaquio-poa-sao-paulo-1536x1152.jpeg 1536w, https:\/\/www.padreeustaquio.com.br\/wp-content\/uploads\/2022\/04\/cruz-que-pertenceu-a-padre-eustaquio-poa-sao-paulo-180x135.jpeg 180w, https:\/\/www.padreeustaquio.com.br\/wp-content\/uploads\/2022\/04\/cruz-que-pertenceu-a-padre-eustaquio-poa-sao-paulo-400x300.jpeg 400w, https:\/\/www.padreeustaquio.com.br\/wp-content\/uploads\/2022\/04\/cruz-que-pertenceu-a-padre-eustaquio-poa-sao-paulo-600x450.jpeg 600w, https:\/\/www.padreeustaquio.com.br\/wp-content\/uploads\/2022\/04\/cruz-que-pertenceu-a-padre-eustaquio-poa-sao-paulo-800x600.jpeg 800w, https:\/\/www.padreeustaquio.com.br\/wp-content\/uploads\/2022\/04\/cruz-que-pertenceu-a-padre-eustaquio-poa-sao-paulo-1200x900.jpeg 1200w, https:\/\/www.padreeustaquio.com.br\/wp-content\/uploads\/2022\/04\/cruz-que-pertenceu-a-padre-eustaquio-poa-sao-paulo.jpeg 1600w\" sizes=\"(max-width: 351px) 100vw, 351px\" \/><\/figure><\/div>\n\n\n\n<p>Cida Rey recounts that when the priest was removed from Po\u00e1, he distributed several items that belonged to him to people close to him. Cida&#039;s grandmother received the crucifix. But beyond the object, he left a mission: the cross could not remain idle; it had to serve the people he once served.<\/p>\n\n\n\n<p>Since then, the cross, which has become a pilgrim cross, goes from house to house, carrying a message of hope to people who are in difficulty, especially those who are experiencing health problems, keeping alive the message of &quot;Health and Peace&quot; left by the Blessed One.<\/p>","protected":false},"excerpt":{"rendered":"<p>Um crucifixo que pertenceu ao Beato Padre Eust\u00e1quio percorre casas de devotos em Po\u00e1\/SP. O item foi um presente deixado pelo Bem-aventurado a uma das devotas da cidade. Segundo a atual guardi\u00e3 do crucifixo, Cida Rey, o objeto foi deixado de heran\u00e7a para a av\u00f3 dela, Dona Cesira Passotori Barbieri, que conviveu com o padre holand\u00eas quando ele chegou \u00e0 cidade paulista. Cesira foi uma das pessoas que acolheu Padre Eust\u00e1quio em Po\u00e1, mantendo assim uma amizade com o Bem-aventurado. Cida Rey conta que quando o Padre foi afastado de Po\u00e1, ele distribuiu v\u00e1rios itens que pertenciam a ele para [&hellip;]<\/p>\n","protected":false},"author":2,"featured_media":8522,"comment_status":"open","ping_status":"closed","sticky":false,"template":"","format":"standard","meta":{"_acf_changed":false,"footnotes":""},"categories":[611],"tags":[],"class_list":["post-8516","post","type-post","status-publish","format-standard","has-post-thumbnail","hentry","category-noticias"],"acf":[],"yoast_head":"<!-- This site is optimized with the Yoast SEO plugin v27.2 - https:\/\/yoast.com\/product\/yoast-seo-wordpress\/ -->\n<title>Cruz que pertenceu a Padre Eust\u00e1quio faz peregrina\u00e7\u00e3o entre devotos em Po\u00e1\/SP<\/title>\n<meta name=\"description\" content=\"Um crucifixo que pertenceu ao Beato Padre Eust\u00e1quio percorre casas de devotos em Po\u00e1\/SP. O item foi um presente deixado pelo Bem-aventurado a uma das devotas da cidade.\" \/>\n<meta name=\"robots\" content=\"index, follow, max-snippet:-1, max-image-preview:large, max-video-preview:-1\" \/>\n<link rel=\"canonical\" href=\"https:\/\/www.padreeustaquio.com.br\/en\/a-cross-that-belonged-to-father-eustaquio-is-being-carried-on-a-pilgrimage-by-devotees-in-porto-alegre-sao-paulo\/\" \/>\n<meta property=\"og:locale\" content=\"en_US\" \/>\n<meta property=\"og:type\" content=\"article\" \/>\n<meta property=\"og:title\" content=\"Cruz que pertenceu a Padre Eust\u00e1quio faz peregrina\u00e7\u00e3o entre devotos em Po\u00e1\/SP\" \/>\n<meta property=\"og:description\" content=\"Um crucifixo que pertenceu ao Beato Padre Eust\u00e1quio percorre casas de devotos em Po\u00e1\/SP. O item foi um presente deixado pelo Bem-aventurado a uma das devotas da cidade.\" \/>\n<meta property=\"og:url\" content=\"https:\/\/www.padreeustaquio.com.br\/en\/a-cross-that-belonged-to-father-eustaquio-is-being-carried-on-a-pilgrimage-by-devotees-in-porto-alegre-sao-paulo\/\" \/>\n<meta property=\"og:site_name\" content=\"Padre Eust\u00e1quio\" \/>\n<meta property=\"article:publisher\" content=\"https:\/\/www.facebook.com\/beatopadreeustaquio\/\" \/>\n<meta property=\"article:published_time\" content=\"2022-04-25T12:00:14+00:00\" \/>\n<meta property=\"article:modified_time\" content=\"2022-04-25T12:06:30+00:00\" \/>\n<meta property=\"og:image\" content=\"https:\/\/www.padreeustaquio.com.br\/wp-content\/uploads\/2022\/04\/cruz-peregrina-de-padre-eustaquio.jpg\" \/>\n\t<meta property=\"og:image:width\" content=\"748\" \/>\n\t<meta property=\"og:image:height\" content=\"394\" \/>\n\t<meta property=\"og:image:type\" content=\"image\/jpeg\" \/>\n<meta name=\"author\" content=\"@sscc\" \/>\n<meta name=\"twitter:card\" content=\"summary_large_image\" \/>\n<meta name=\"twitter:creator\" content=\"@beatopeustaquio\" \/>\n<meta name=\"twitter:site\" content=\"@beatopeustaquio\" \/>\n<meta name=\"twitter:label1\" content=\"Written by\" \/>\n\t<meta name=\"twitter:data1\" content=\"@sscc\" \/>\n\t<meta name=\"twitter:label2\" content=\"Est. reading time\" \/>\n\t<meta name=\"twitter:data2\" content=\"1 minute\" \/>\n<script type=\"application\/ld+json\" class=\"yoast-schema-graph\">{\"@context\":\"https:\/\/schema.org\",\"@graph\":[{\"@type\":\"Article\",\"@id\":\"https:\/\/www.padreeustaquio.com.br\/cruz-que-pertenceu-a-padre-eustaquio-faz-peregrinacao-entre-devotos-em-poa-sp\/#article\",\"isPartOf\":{\"@id\":\"https:\/\/www.padreeustaquio.com.br\/cruz-que-pertenceu-a-padre-eustaquio-faz-peregrinacao-entre-devotos-em-poa-sp\/\"},\"author\":{\"name\":\"@sscc\",\"@id\":\"https:\/\/www.padreeustaquio.com.br\/#\/schema\/person\/a2a51db1d00f1a7af0204a0f1ddb1566\"},\"headline\":\"Cruz que pertenceu a Padre Eust\u00e1quio faz peregrina\u00e7\u00e3o entre devotos em Po\u00e1\/SP\",\"datePublished\":\"2022-04-25T12:00:14+00:00\",\"dateModified\":\"2022-04-25T12:06:30+00:00\",\"mainEntityOfPage\":{\"@id\":\"https:\/\/www.padreeustaquio.com.br\/cruz-que-pertenceu-a-padre-eustaquio-faz-peregrinacao-entre-devotos-em-poa-sp\/\"},\"wordCount\":206,\"commentCount\":0,\"publisher\":{\"@id\":\"https:\/\/www.padreeustaquio.com.br\/#organization\"},\"image\":{\"@id\":\"https:\/\/www.padreeustaquio.com.br\/cruz-que-pertenceu-a-padre-eustaquio-faz-peregrinacao-entre-devotos-em-poa-sp\/#primaryimage\"},\"thumbnailUrl\":\"https:\/\/www.padreeustaquio.com.br\/wp-content\/uploads\/2022\/04\/cruz-peregrina-de-padre-eustaquio.jpg\",\"articleSection\":[\"Not\u00edcias\"],\"inLanguage\":\"en-US\",\"potentialAction\":[{\"@type\":\"CommentAction\",\"name\":\"Comment\",\"target\":[\"https:\/\/www.padreeustaquio.com.br\/cruz-que-pertenceu-a-padre-eustaquio-faz-peregrinacao-entre-devotos-em-poa-sp\/#respond\"]}]},{\"@type\":\"WebPage\",\"@id\":\"https:\/\/www.padreeustaquio.com.br\/cruz-que-pertenceu-a-padre-eustaquio-faz-peregrinacao-entre-devotos-em-poa-sp\/\",\"url\":\"https:\/\/www.padreeustaquio.com.br\/cruz-que-pertenceu-a-padre-eustaquio-faz-peregrinacao-entre-devotos-em-poa-sp\/\",\"name\":\"Cruz que pertenceu a Padre Eust\u00e1quio faz peregrina\u00e7\u00e3o entre devotos em Po\u00e1\/SP\",\"isPartOf\":{\"@id\":\"https:\/\/www.padreeustaquio.com.br\/#website\"},\"primaryImageOfPage\":{\"@id\":\"https:\/\/www.padreeustaquio.com.br\/cruz-que-pertenceu-a-padre-eustaquio-faz-peregrinacao-entre-devotos-em-poa-sp\/#primaryimage\"},\"image\":{\"@id\":\"https:\/\/www.padreeustaquio.com.br\/cruz-que-pertenceu-a-padre-eustaquio-faz-peregrinacao-entre-devotos-em-poa-sp\/#primaryimage\"},\"thumbnailUrl\":\"https:\/\/www.padreeustaquio.com.br\/wp-content\/uploads\/2022\/04\/cruz-peregrina-de-padre-eustaquio.jpg\",\"datePublished\":\"2022-04-25T12:00:14+00:00\",\"dateModified\":\"2022-04-25T12:06:30+00:00\",\"description\":\"Um crucifixo que pertenceu ao Beato Padre Eust\u00e1quio percorre casas de devotos em Po\u00e1\/SP. O item foi um presente deixado pelo Bem-aventurado a uma das devotas da cidade.\",\"breadcrumb\":{\"@id\":\"https:\/\/www.padreeustaquio.com.br\/cruz-que-pertenceu-a-padre-eustaquio-faz-peregrinacao-entre-devotos-em-poa-sp\/#breadcrumb\"},\"inLanguage\":\"en-US\",\"potentialAction\":[{\"@type\":\"ReadAction\",\"target\":[\"https:\/\/www.padreeustaquio.com.br\/cruz-que-pertenceu-a-padre-eustaquio-faz-peregrinacao-entre-devotos-em-poa-sp\/\"]}]},{\"@type\":\"ImageObject\",\"inLanguage\":\"en-US\",\"@id\":\"https:\/\/www.padreeustaquio.com.br\/cruz-que-pertenceu-a-padre-eustaquio-faz-peregrinacao-entre-devotos-em-poa-sp\/#primaryimage\",\"url\":\"https:\/\/www.padreeustaquio.com.br\/wp-content\/uploads\/2022\/04\/cruz-peregrina-de-padre-eustaquio.jpg\",\"contentUrl\":\"https:\/\/www.padreeustaquio.com.br\/wp-content\/uploads\/2022\/04\/cruz-peregrina-de-padre-eustaquio.jpg\",\"width\":748,\"height\":394},{\"@type\":\"BreadcrumbList\",\"@id\":\"https:\/\/www.padreeustaquio.com.br\/cruz-que-pertenceu-a-padre-eustaquio-faz-peregrinacao-entre-devotos-em-poa-sp\/#breadcrumb\",\"itemListElement\":[{\"@type\":\"ListItem\",\"position\":1,\"name\":\"In\u00edcio\",\"item\":\"https:\/\/www.padreeustaquio.com.br\/\"},{\"@type\":\"ListItem\",\"position\":2,\"name\":\"Cruz que pertenceu a Padre Eust\u00e1quio faz peregrina\u00e7\u00e3o entre devotos em Po\u00e1\/SP\"}]},{\"@type\":\"WebSite\",\"@id\":\"https:\/\/www.padreeustaquio.com.br\/#website\",\"url\":\"https:\/\/www.padreeustaquio.com.br\/\",\"name\":\"Padre Eust\u00e1quio\",\"description\":\"Sa\u00fade e Paz\",\"publisher\":{\"@id\":\"https:\/\/www.padreeustaquio.com.br\/#organization\"},\"potentialAction\":[{\"@type\":\"SearchAction\",\"target\":{\"@type\":\"EntryPoint\",\"urlTemplate\":\"https:\/\/www.padreeustaquio.com.br\/?s={search_term_string}\"},\"query-input\":{\"@type\":\"PropertyValueSpecification\",\"valueRequired\":true,\"valueName\":\"search_term_string\"}}],\"inLanguage\":\"en-US\"},{\"@type\":\"Organization\",\"@id\":\"https:\/\/www.padreeustaquio.com.br\/#organization\",\"name\":\"Padre Eust\u00e1quio\",\"url\":\"https:\/\/www.padreeustaquio.com.br\/\",\"logo\":{\"@type\":\"ImageObject\",\"inLanguage\":\"en-US\",\"@id\":\"https:\/\/www.padreeustaquio.com.br\/#\/schema\/logo\/image\/\",\"url\":\"https:\/\/www.padreeustaquio.com.br\/wp-content\/uploads\/2019\/08\/marca.png\",\"contentUrl\":\"https:\/\/www.padreeustaquio.com.br\/wp-content\/uploads\/2019\/08\/marca.png\",\"width\":350,\"height\":400,\"caption\":\"Padre Eust\u00e1quio\"},\"image\":{\"@id\":\"https:\/\/www.padreeustaquio.com.br\/#\/schema\/logo\/image\/\"},\"sameAs\":[\"https:\/\/www.facebook.com\/beatopadreeustaquio\/\",\"https:\/\/x.com\/beatopeustaquio\",\"https:\/\/www.instagram.com\/beatopadreeustaquio\/\",\"https:\/\/www.youtube.com\/channel\/UCRhw7vfabnajwLxb1ZXMeIw\"]},{\"@type\":\"Person\",\"@id\":\"https:\/\/www.padreeustaquio.com.br\/#\/schema\/person\/a2a51db1d00f1a7af0204a0f1ddb1566\",\"name\":\"@sscc\",\"image\":{\"@type\":\"ImageObject\",\"inLanguage\":\"en-US\",\"@id\":\"https:\/\/secure.gravatar.com\/avatar\/68cfafa5f44617fea54071e215026e0ff06be366c3d54a8425f04fdcb86f8c5f?s=96&d=mm&r=g\",\"url\":\"https:\/\/secure.gravatar.com\/avatar\/68cfafa5f44617fea54071e215026e0ff06be366c3d54a8425f04fdcb86f8c5f?s=96&d=mm&r=g\",\"contentUrl\":\"https:\/\/secure.gravatar.com\/avatar\/68cfafa5f44617fea54071e215026e0ff06be366c3d54a8425f04fdcb86f8c5f?s=96&d=mm&r=g\",\"caption\":\"@sscc\"},\"url\":\"https:\/\/www.padreeustaquio.com.br\/en\/author\/sscc\/\"}]}<\/script>\n<!-- \/ Yoast SEO plugin. -->","yoast_head_json":{"title":"The cross that belonged to Father Eust\u00e1quio is being carried on pilgrimage by devotees in Po\u00e1\/SP.","description":"A crucifix that belonged to Blessed Father Eustace is being carried around the homes of devotees in Po\u00e1, S\u00e3o Paulo. The item was a gift left by the Blessed Father to one of the city&#039;s devotees.","robots":{"index":"index","follow":"follow","max-snippet":"max-snippet:-1","max-image-preview":"max-image-preview:large","max-video-preview":"max-video-preview:-1"},"canonical":"https:\/\/www.padreeustaquio.com.br\/en\/a-cross-that-belonged-to-father-eustaquio-is-being-carried-on-a-pilgrimage-by-devotees-in-porto-alegre-sao-paulo\/","og_locale":"en_US","og_type":"article","og_title":"Cruz que pertenceu a Padre Eust\u00e1quio faz peregrina\u00e7\u00e3o entre devotos em Po\u00e1\/SP","og_description":"Um crucifixo que pertenceu ao Beato Padre Eust\u00e1quio percorre casas de devotos em Po\u00e1\/SP. O item foi um presente deixado pelo Bem-aventurado a uma das devotas da cidade.","og_url":"https:\/\/www.padreeustaquio.com.br\/en\/a-cross-that-belonged-to-father-eustaquio-is-being-carried-on-a-pilgrimage-by-devotees-in-porto-alegre-sao-paulo\/","og_site_name":"Padre Eust\u00e1quio","article_publisher":"https:\/\/www.facebook.com\/beatopadreeustaquio\/","article_published_time":"2022-04-25T12:00:14+00:00","article_modified_time":"2022-04-25T12:06:30+00:00","og_image":[{"width":748,"height":394,"url":"https:\/\/www.padreeustaquio.com.br\/wp-content\/uploads\/2022\/04\/cruz-peregrina-de-padre-eustaquio.jpg","type":"image\/jpeg"}],"author":"@sscc","twitter_card":"summary_large_image","twitter_creator":"@beatopeustaquio","twitter_site":"@beatopeustaquio","twitter_misc":{"Written by":"@sscc","Est. reading time":"1 minute"},"schema":{"@context":"https:\/\/schema.org","@graph":[{"@type":"Article","@id":"https:\/\/www.padreeustaquio.com.br\/cruz-que-pertenceu-a-padre-eustaquio-faz-peregrinacao-entre-devotos-em-poa-sp\/#article","isPartOf":{"@id":"https:\/\/www.padreeustaquio.com.br\/cruz-que-pertenceu-a-padre-eustaquio-faz-peregrinacao-entre-devotos-em-poa-sp\/"},"author":{"name":"@sscc","@id":"https:\/\/www.padreeustaquio.com.br\/#\/schema\/person\/a2a51db1d00f1a7af0204a0f1ddb1566"},"headline":"Cruz que pertenceu a Padre Eust\u00e1quio faz peregrina\u00e7\u00e3o entre devotos em Po\u00e1\/SP","datePublished":"2022-04-25T12:00:14+00:00","dateModified":"2022-04-25T12:06:30+00:00","mainEntityOfPage":{"@id":"https:\/\/www.padreeustaquio.com.br\/cruz-que-pertenceu-a-padre-eustaquio-faz-peregrinacao-entre-devotos-em-poa-sp\/"},"wordCount":206,"commentCount":0,"publisher":{"@id":"https:\/\/www.padreeustaquio.com.br\/#organization"},"image":{"@id":"https:\/\/www.padreeustaquio.com.br\/cruz-que-pertenceu-a-padre-eustaquio-faz-peregrinacao-entre-devotos-em-poa-sp\/#primaryimage"},"thumbnailUrl":"https:\/\/www.padreeustaquio.com.br\/wp-content\/uploads\/2022\/04\/cruz-peregrina-de-padre-eustaquio.jpg","articleSection":["Not\u00edcias"],"inLanguage":"en-US","potentialAction":[{"@type":"CommentAction","name":"Comment","target":["https:\/\/www.padreeustaquio.com.br\/cruz-que-pertenceu-a-padre-eustaquio-faz-peregrinacao-entre-devotos-em-poa-sp\/#respond"]}]},{"@type":"WebPage","@id":"https:\/\/www.padreeustaquio.com.br\/cruz-que-pertenceu-a-padre-eustaquio-faz-peregrinacao-entre-devotos-em-poa-sp\/","url":"https:\/\/www.padreeustaquio.com.br\/cruz-que-pertenceu-a-padre-eustaquio-faz-peregrinacao-entre-devotos-em-poa-sp\/","name":"The cross that belonged to Father Eust\u00e1quio is being carried on pilgrimage by devotees in Po\u00e1\/SP.","isPartOf":{"@id":"https:\/\/www.padreeustaquio.com.br\/#website"},"primaryImageOfPage":{"@id":"https:\/\/www.padreeustaquio.com.br\/cruz-que-pertenceu-a-padre-eustaquio-faz-peregrinacao-entre-devotos-em-poa-sp\/#primaryimage"},"image":{"@id":"https:\/\/www.padreeustaquio.com.br\/cruz-que-pertenceu-a-padre-eustaquio-faz-peregrinacao-entre-devotos-em-poa-sp\/#primaryimage"},"thumbnailUrl":"https:\/\/www.padreeustaquio.com.br\/wp-content\/uploads\/2022\/04\/cruz-peregrina-de-padre-eustaquio.jpg","datePublished":"2022-04-25T12:00:14+00:00","dateModified":"2022-04-25T12:06:30+00:00","description":"A crucifix that belonged to Blessed Father Eustace is being carried around the homes of devotees in Po\u00e1, S\u00e3o Paulo. The item was a gift left by the Blessed Father to one of the city&#039;s devotees.","breadcrumb":{"@id":"https:\/\/www.padreeustaquio.com.br\/cruz-que-pertenceu-a-padre-eustaquio-faz-peregrinacao-entre-devotos-em-poa-sp\/#breadcrumb"},"inLanguage":"en-US","potentialAction":[{"@type":"ReadAction","target":["https:\/\/www.padreeustaquio.com.br\/cruz-que-pertenceu-a-padre-eustaquio-faz-peregrinacao-entre-devotos-em-poa-sp\/"]}]},{"@type":"ImageObject","inLanguage":"en-US","@id":"https:\/\/www.padreeustaquio.com.br\/cruz-que-pertenceu-a-padre-eustaquio-faz-peregrinacao-entre-devotos-em-poa-sp\/#primaryimage","url":"https:\/\/www.padreeustaquio.com.br\/wp-content\/uploads\/2022\/04\/cruz-peregrina-de-padre-eustaquio.jpg","contentUrl":"https:\/\/www.padreeustaquio.com.br\/wp-content\/uploads\/2022\/04\/cruz-peregrina-de-padre-eustaquio.jpg","width":748,"height":394},{"@type":"BreadcrumbList","@id":"https:\/\/www.padreeustaquio.com.br\/cruz-que-pertenceu-a-padre-eustaquio-faz-peregrinacao-entre-devotos-em-poa-sp\/#breadcrumb","itemListElement":[{"@type":"ListItem","position":1,"name":"In\u00edcio","item":"https:\/\/www.padreeustaquio.com.br\/"},{"@type":"ListItem","position":2,"name":"Cruz que pertenceu a Padre Eust\u00e1quio faz peregrina\u00e7\u00e3o entre devotos em Po\u00e1\/SP"}]},{"@type":"WebSite","@id":"https:\/\/www.padreeustaquio.com.br\/#website","url":"https:\/\/www.padreeustaquio.com.br\/","name":"FATHER EUST\u00c1QUIO","description":"Health and Peace","publisher":{"@id":"https:\/\/www.padreeustaquio.com.br\/#organization"},"potentialAction":[{"@type":"SearchAction","target":{"@type":"EntryPoint","urlTemplate":"https:\/\/www.padreeustaquio.com.br\/?s={search_term_string}"},"query-input":{"@type":"PropertyValueSpecification","valueRequired":true,"valueName":"search_term_string"}}],"inLanguage":"en-US"},{"@type":"Organization","@id":"https:\/\/www.padreeustaquio.com.br\/#organization","name":"FATHER EUST\u00c1QUIO","url":"https:\/\/www.padreeustaquio.com.br\/","logo":{"@type":"ImageObject","inLanguage":"en-US","@id":"https:\/\/www.padreeustaquio.com.br\/#\/schema\/logo\/image\/","url":"https:\/\/www.padreeustaquio.com.br\/wp-content\/uploads\/2019\/08\/marca.png","contentUrl":"https:\/\/www.padreeustaquio.com.br\/wp-content\/uploads\/2019\/08\/marca.png","width":350,"height":400,"caption":"Padre Eust\u00e1quio"},"image":{"@id":"https:\/\/www.padreeustaquio.com.br\/#\/schema\/logo\/image\/"},"sameAs":["https:\/\/www.facebook.com\/beatopadreeustaquio\/","https:\/\/x.com\/beatopeustaquio","https:\/\/www.instagram.com\/beatopadreeustaquio\/","https:\/\/www.youtube.com\/channel\/UCRhw7vfabnajwLxb1ZXMeIw"]},{"@type":"Person","@id":"https:\/\/www.padreeustaquio.com.br\/#\/schema\/person\/a2a51db1d00f1a7af0204a0f1ddb1566","name":"@sscc","image":{"@type":"ImageObject","inLanguage":"en-US","@id":"https:\/\/secure.gravatar.com\/avatar\/68cfafa5f44617fea54071e215026e0ff06be366c3d54a8425f04fdcb86f8c5f?s=96&d=mm&r=g","url":"https:\/\/secure.gravatar.com\/avatar\/68cfafa5f44617fea54071e215026e0ff06be366c3d54a8425f04fdcb86f8c5f?s=96&d=mm&r=g","contentUrl":"https:\/\/secure.gravatar.com\/avatar\/68cfafa5f44617fea54071e215026e0ff06be366c3d54a8425f04fdcb86f8c5f?s=96&d=mm&r=g","caption":"@sscc"},"url":"https:\/\/www.padreeustaquio.com.br\/en\/author\/sscc\/"}]}},"_links":{"self":[{"href":"https:\/\/www.padreeustaquio.com.br\/en\/wp-json\/wp\/v2\/posts\/8516","targetHints":{"allow":["GET"]}}],"collection":[{"href":"https:\/\/www.padreeustaquio.com.br\/en\/wp-json\/wp\/v2\/posts"}],"about":[{"href":"https:\/\/www.padreeustaquio.com.br\/en\/wp-json\/wp\/v2\/types\/post"}],"author":[{"embeddable":true,"href":"https:\/\/www.padreeustaquio.com.br\/en\/wp-json\/wp\/v2\/users\/2"}],"replies":[{"embeddable":true,"href":"https:\/\/www.padreeustaquio.com.br\/en\/wp-json\/wp\/v2\/comments?post=8516"}],"version-history":[{"count":0,"href":"https:\/\/www.padreeustaquio.com.br\/en\/wp-json\/wp\/v2\/posts\/8516\/revisions"}],"wp:featuredmedia":[{"embeddable":true,"href":"https:\/\/www.padreeustaquio.com.br\/en\/wp-json\/wp\/v2\/media\/8522"}],"wp:attachment":[{"href":"https:\/\/www.padreeustaquio.com.br\/en\/wp-json\/wp\/v2\/media?parent=8516"}],"wp:term":[{"taxonomy":"category","embeddable":true,"href":"https:\/\/www.padreeustaquio.com.br\/en\/wp-json\/wp\/v2\/categories?post=8516"},{"taxonomy":"post_tag","embeddable":true,"href":"https:\/\/www.padreeustaquio.com.br\/en\/wp-json\/wp\/v2\/tags?post=8516"}],"curies":[{"name":"wp","href":"https:\/\/api.w.org\/{rel}","templated":true}]}}