{"id":8492,"date":"2022-04-19T05:45:00","date_gmt":"2022-04-19T08:45:00","guid":{"rendered":"https:\/\/www.padreeustaquio.com.br\/?p=8492"},"modified":"2022-04-18T11:53:22","modified_gmt":"2022-04-18T14:53:22","slug":"padre-eustaquio-museum-in-porto-alegre-sp-receives-a-visit-from-the-palavra-viva-community","status":"publish","type":"post","link":"https:\/\/www.padreeustaquio.com.br\/en\/padre-eustaquio-museum-in-porto-alegre-sp-receives-a-visit-from-the-palavra-viva-community\/","title":{"rendered":"Padre Eust\u00e1quio Museum in Po\u00e1-SP receives a visit from the Palavra Viva Community."},"content":{"rendered":"<p>The museum dedicated to Father Eust\u00e1quio in Po\u00e1, S\u00e3o Paulo, received a visit last week from missionaries of the Palavra Viva Community. The group was in the city to participate in Holy Week in the municipality.<\/p>\n\n\n\n<p>The group that visited the Museum was able to learn a little about the history of the Blessed One, seeing up close utensils and clothing that belonged to Father Eust\u00e1quio. They were delighted by the testimonies and the vocation of the Missionary of Health and Peace.<\/p>\n\n\n\n<p>The missionaries who were in Po\u00e1 came from various parts of Brazil, including cities in Minas Gerais, S\u00e3o Paulo, Amap\u00e1, Amazonas, Mato Grosso, and Rio de Janeiro. In addition, there were representatives from the Word of Life Community from France.<\/p>\n\n\n\n<p>If you haven&#039;t yet visited the Padre Eust\u00e1quio Museum, located in Po\u00e1\/SP, <a href=\"http:\/\/museupadreeustaquio.wordpress.com\" target=\"_blank\" rel=\"noreferrer noopener\">Click here<\/a> To learn more about the place.<\/p>\n\n\n\n<p><\/p>","protected":false},"excerpt":{"rendered":"<p>O Museu dedicado ao Padre Eust\u00e1quio em Po\u00e1, S\u00e3o Paulo, recebeu na \u00faltima semana a visita de mission\u00e1rios da Comunidade Palavra Viva. O grupo esteve na cidade paulista para participar da Semana Santa no munic\u00edpio. O grupo que esteve no Museu p\u00f4de conhecer um pouco da hist\u00f3ria do Bem-aventurado, vendo de perto utens\u00edlios e roupas que pertenceram a Padre Eust\u00e1quio. Eles ficaram encantados com os testemunhos e a voca\u00e7\u00e3o do Mission\u00e1rio da Sa\u00fade e da Paz. Os mission\u00e1rios que estiveram em Po\u00e1 vieram de v\u00e1rias partes do Brasil como de cidades mineiras, de S\u00e3o Paulo, Amap\u00e1, Amazonas, Mato Grosso e [&hellip;]<\/p>\n","protected":false},"author":2,"featured_media":8493,"comment_status":"open","ping_status":"closed","sticky":false,"template":"","format":"standard","meta":{"_acf_changed":false,"footnotes":""},"categories":[611],"tags":[],"class_list":["post-8492","post","type-post","status-publish","format-standard","has-post-thumbnail","hentry","category-noticias"],"acf":[],"yoast_head":"<!-- This site is optimized with the Yoast SEO plugin v27.2 - https:\/\/yoast.com\/product\/yoast-seo-wordpress\/ -->\n<title>Museu Padre Eust\u00e1quio em Po\u00e1-SP recebe visita da Comunidade Palavra Viva<\/title>\n<meta name=\"description\" content=\"O Museu dedicado ao Padre Eust\u00e1quio em Po\u00e1, S\u00e3o Paulo, recebeu na \u00faltima semana a visita de mission\u00e1rios da Comunidade Palavra Viva. O grupo esteve na cidade paulista para participar da Semana Santa no munic\u00edpio.\" \/>\n<meta name=\"robots\" content=\"index, follow, max-snippet:-1, max-image-preview:large, max-video-preview:-1\" \/>\n<link rel=\"canonical\" href=\"https:\/\/www.padreeustaquio.com.br\/en\/padre-eustaquio-museum-in-porto-alegre-sp-receives-a-visit-from-the-palavra-viva-community\/\" \/>\n<meta property=\"og:locale\" content=\"en_US\" \/>\n<meta property=\"og:type\" content=\"article\" \/>\n<meta property=\"og:title\" content=\"Museu Padre Eust\u00e1quio em Po\u00e1-SP recebe visita da Comunidade Palavra Viva\" \/>\n<meta property=\"og:description\" content=\"O Museu dedicado ao Padre Eust\u00e1quio em Po\u00e1, S\u00e3o Paulo, recebeu na \u00faltima semana a visita de mission\u00e1rios da Comunidade Palavra Viva. O grupo esteve na cidade paulista para participar da Semana Santa no munic\u00edpio.\" \/>\n<meta property=\"og:url\" content=\"https:\/\/www.padreeustaquio.com.br\/en\/padre-eustaquio-museum-in-porto-alegre-sp-receives-a-visit-from-the-palavra-viva-community\/\" \/>\n<meta property=\"og:site_name\" content=\"Padre Eust\u00e1quio\" \/>\n<meta property=\"article:publisher\" content=\"https:\/\/www.facebook.com\/beatopadreeustaquio\/\" \/>\n<meta property=\"article:published_time\" content=\"2022-04-19T08:45:00+00:00\" \/>\n<meta property=\"og:image\" content=\"https:\/\/www.padreeustaquio.com.br\/wp-content\/uploads\/2022\/04\/visita-palavra-viva-a-museu-poa.jpg\" \/>\n\t<meta property=\"og:image:width\" content=\"748\" \/>\n\t<meta property=\"og:image:height\" content=\"394\" \/>\n\t<meta property=\"og:image:type\" content=\"image\/jpeg\" \/>\n<meta name=\"author\" content=\"@sscc\" \/>\n<meta name=\"twitter:card\" content=\"summary_large_image\" \/>\n<meta name=\"twitter:creator\" content=\"@beatopeustaquio\" \/>\n<meta name=\"twitter:site\" content=\"@beatopeustaquio\" \/>\n<meta name=\"twitter:label1\" content=\"Written by\" \/>\n\t<meta name=\"twitter:data1\" content=\"@sscc\" \/>\n\t<meta name=\"twitter:label2\" content=\"Est. reading time\" \/>\n\t<meta name=\"twitter:data2\" content=\"1 minute\" \/>\n<script type=\"application\/ld+json\" class=\"yoast-schema-graph\">{\"@context\":\"https:\/\/schema.org\",\"@graph\":[{\"@type\":\"Article\",\"@id\":\"https:\/\/www.padreeustaquio.com.br\/museu-padre-eustaquio-em-poa-sp-recebe-visita-da-comunidade-palavra-viva\/#article\",\"isPartOf\":{\"@id\":\"https:\/\/www.padreeustaquio.com.br\/museu-padre-eustaquio-em-poa-sp-recebe-visita-da-comunidade-palavra-viva\/\"},\"author\":{\"name\":\"@sscc\",\"@id\":\"https:\/\/www.padreeustaquio.com.br\/#\/schema\/person\/a2a51db1d00f1a7af0204a0f1ddb1566\"},\"headline\":\"Museu Padre Eust\u00e1quio em Po\u00e1-SP recebe visita da Comunidade Palavra Viva\",\"datePublished\":\"2022-04-19T08:45:00+00:00\",\"mainEntityOfPage\":{\"@id\":\"https:\/\/www.padreeustaquio.com.br\/museu-padre-eustaquio-em-poa-sp-recebe-visita-da-comunidade-palavra-viva\/\"},\"wordCount\":166,\"commentCount\":0,\"publisher\":{\"@id\":\"https:\/\/www.padreeustaquio.com.br\/#organization\"},\"image\":{\"@id\":\"https:\/\/www.padreeustaquio.com.br\/museu-padre-eustaquio-em-poa-sp-recebe-visita-da-comunidade-palavra-viva\/#primaryimage\"},\"thumbnailUrl\":\"https:\/\/www.padreeustaquio.com.br\/wp-content\/uploads\/2022\/04\/visita-palavra-viva-a-museu-poa.jpg\",\"articleSection\":[\"Not\u00edcias\"],\"inLanguage\":\"en-US\",\"potentialAction\":[{\"@type\":\"CommentAction\",\"name\":\"Comment\",\"target\":[\"https:\/\/www.padreeustaquio.com.br\/museu-padre-eustaquio-em-poa-sp-recebe-visita-da-comunidade-palavra-viva\/#respond\"]}]},{\"@type\":\"WebPage\",\"@id\":\"https:\/\/www.padreeustaquio.com.br\/museu-padre-eustaquio-em-poa-sp-recebe-visita-da-comunidade-palavra-viva\/\",\"url\":\"https:\/\/www.padreeustaquio.com.br\/museu-padre-eustaquio-em-poa-sp-recebe-visita-da-comunidade-palavra-viva\/\",\"name\":\"Museu Padre Eust\u00e1quio em Po\u00e1-SP recebe visita da Comunidade Palavra Viva\",\"isPartOf\":{\"@id\":\"https:\/\/www.padreeustaquio.com.br\/#website\"},\"primaryImageOfPage\":{\"@id\":\"https:\/\/www.padreeustaquio.com.br\/museu-padre-eustaquio-em-poa-sp-recebe-visita-da-comunidade-palavra-viva\/#primaryimage\"},\"image\":{\"@id\":\"https:\/\/www.padreeustaquio.com.br\/museu-padre-eustaquio-em-poa-sp-recebe-visita-da-comunidade-palavra-viva\/#primaryimage\"},\"thumbnailUrl\":\"https:\/\/www.padreeustaquio.com.br\/wp-content\/uploads\/2022\/04\/visita-palavra-viva-a-museu-poa.jpg\",\"datePublished\":\"2022-04-19T08:45:00+00:00\",\"description\":\"O Museu dedicado ao Padre Eust\u00e1quio em Po\u00e1, S\u00e3o Paulo, recebeu na \u00faltima semana a visita de mission\u00e1rios da Comunidade Palavra Viva. O grupo esteve na cidade paulista para participar da Semana Santa no munic\u00edpio.\",\"breadcrumb\":{\"@id\":\"https:\/\/www.padreeustaquio.com.br\/museu-padre-eustaquio-em-poa-sp-recebe-visita-da-comunidade-palavra-viva\/#breadcrumb\"},\"inLanguage\":\"en-US\",\"potentialAction\":[{\"@type\":\"ReadAction\",\"target\":[\"https:\/\/www.padreeustaquio.com.br\/museu-padre-eustaquio-em-poa-sp-recebe-visita-da-comunidade-palavra-viva\/\"]}]},{\"@type\":\"ImageObject\",\"inLanguage\":\"en-US\",\"@id\":\"https:\/\/www.padreeustaquio.com.br\/museu-padre-eustaquio-em-poa-sp-recebe-visita-da-comunidade-palavra-viva\/#primaryimage\",\"url\":\"https:\/\/www.padreeustaquio.com.br\/wp-content\/uploads\/2022\/04\/visita-palavra-viva-a-museu-poa.jpg\",\"contentUrl\":\"https:\/\/www.padreeustaquio.com.br\/wp-content\/uploads\/2022\/04\/visita-palavra-viva-a-museu-poa.jpg\",\"width\":748,\"height\":394},{\"@type\":\"BreadcrumbList\",\"@id\":\"https:\/\/www.padreeustaquio.com.br\/museu-padre-eustaquio-em-poa-sp-recebe-visita-da-comunidade-palavra-viva\/#breadcrumb\",\"itemListElement\":[{\"@type\":\"ListItem\",\"position\":1,\"name\":\"In\u00edcio\",\"item\":\"https:\/\/www.padreeustaquio.com.br\/\"},{\"@type\":\"ListItem\",\"position\":2,\"name\":\"Museu Padre Eust\u00e1quio em Po\u00e1-SP recebe visita da Comunidade Palavra Viva\"}]},{\"@type\":\"WebSite\",\"@id\":\"https:\/\/www.padreeustaquio.com.br\/#website\",\"url\":\"https:\/\/www.padreeustaquio.com.br\/\",\"name\":\"Padre Eust\u00e1quio\",\"description\":\"Sa\u00fade e Paz\",\"publisher\":{\"@id\":\"https:\/\/www.padreeustaquio.com.br\/#organization\"},\"potentialAction\":[{\"@type\":\"SearchAction\",\"target\":{\"@type\":\"EntryPoint\",\"urlTemplate\":\"https:\/\/www.padreeustaquio.com.br\/?s={search_term_string}\"},\"query-input\":{\"@type\":\"PropertyValueSpecification\",\"valueRequired\":true,\"valueName\":\"search_term_string\"}}],\"inLanguage\":\"en-US\"},{\"@type\":\"Organization\",\"@id\":\"https:\/\/www.padreeustaquio.com.br\/#organization\",\"name\":\"Padre Eust\u00e1quio\",\"url\":\"https:\/\/www.padreeustaquio.com.br\/\",\"logo\":{\"@type\":\"ImageObject\",\"inLanguage\":\"en-US\",\"@id\":\"https:\/\/www.padreeustaquio.com.br\/#\/schema\/logo\/image\/\",\"url\":\"https:\/\/www.padreeustaquio.com.br\/wp-content\/uploads\/2019\/08\/marca.png\",\"contentUrl\":\"https:\/\/www.padreeustaquio.com.br\/wp-content\/uploads\/2019\/08\/marca.png\",\"width\":350,\"height\":400,\"caption\":\"Padre Eust\u00e1quio\"},\"image\":{\"@id\":\"https:\/\/www.padreeustaquio.com.br\/#\/schema\/logo\/image\/\"},\"sameAs\":[\"https:\/\/www.facebook.com\/beatopadreeustaquio\/\",\"https:\/\/x.com\/beatopeustaquio\",\"https:\/\/www.instagram.com\/beatopadreeustaquio\/\",\"https:\/\/www.youtube.com\/channel\/UCRhw7vfabnajwLxb1ZXMeIw\"]},{\"@type\":\"Person\",\"@id\":\"https:\/\/www.padreeustaquio.com.br\/#\/schema\/person\/a2a51db1d00f1a7af0204a0f1ddb1566\",\"name\":\"@sscc\",\"image\":{\"@type\":\"ImageObject\",\"inLanguage\":\"en-US\",\"@id\":\"https:\/\/secure.gravatar.com\/avatar\/68cfafa5f44617fea54071e215026e0ff06be366c3d54a8425f04fdcb86f8c5f?s=96&d=mm&r=g\",\"url\":\"https:\/\/secure.gravatar.com\/avatar\/68cfafa5f44617fea54071e215026e0ff06be366c3d54a8425f04fdcb86f8c5f?s=96&d=mm&r=g\",\"contentUrl\":\"https:\/\/secure.gravatar.com\/avatar\/68cfafa5f44617fea54071e215026e0ff06be366c3d54a8425f04fdcb86f8c5f?s=96&d=mm&r=g\",\"caption\":\"@sscc\"},\"url\":\"https:\/\/www.padreeustaquio.com.br\/en\/author\/sscc\/\"}]}<\/script>\n<!-- \/ Yoast SEO plugin. -->","yoast_head_json":{"title":"Padre Eust\u00e1quio Museum in Po\u00e1-SP receives a visit from the Palavra Viva Community.","description":"The museum dedicated to Father Eust\u00e1quio in Po\u00e1, S\u00e3o Paulo, received a visit last week from missionaries of the Palavra Viva Community. The group was in the city to participate in Holy Week in the municipality.","robots":{"index":"index","follow":"follow","max-snippet":"max-snippet:-1","max-image-preview":"max-image-preview:large","max-video-preview":"max-video-preview:-1"},"canonical":"https:\/\/www.padreeustaquio.com.br\/en\/padre-eustaquio-museum-in-porto-alegre-sp-receives-a-visit-from-the-palavra-viva-community\/","og_locale":"en_US","og_type":"article","og_title":"Museu Padre Eust\u00e1quio em Po\u00e1-SP recebe visita da Comunidade Palavra Viva","og_description":"O Museu dedicado ao Padre Eust\u00e1quio em Po\u00e1, S\u00e3o Paulo, recebeu na \u00faltima semana a visita de mission\u00e1rios da Comunidade Palavra Viva. O grupo esteve na cidade paulista para participar da Semana Santa no munic\u00edpio.","og_url":"https:\/\/www.padreeustaquio.com.br\/en\/padre-eustaquio-museum-in-porto-alegre-sp-receives-a-visit-from-the-palavra-viva-community\/","og_site_name":"Padre Eust\u00e1quio","article_publisher":"https:\/\/www.facebook.com\/beatopadreeustaquio\/","article_published_time":"2022-04-19T08:45:00+00:00","og_image":[{"width":748,"height":394,"url":"https:\/\/www.padreeustaquio.com.br\/wp-content\/uploads\/2022\/04\/visita-palavra-viva-a-museu-poa.jpg","type":"image\/jpeg"}],"author":"@sscc","twitter_card":"summary_large_image","twitter_creator":"@beatopeustaquio","twitter_site":"@beatopeustaquio","twitter_misc":{"Written by":"@sscc","Est. reading time":"1 minute"},"schema":{"@context":"https:\/\/schema.org","@graph":[{"@type":"Article","@id":"https:\/\/www.padreeustaquio.com.br\/museu-padre-eustaquio-em-poa-sp-recebe-visita-da-comunidade-palavra-viva\/#article","isPartOf":{"@id":"https:\/\/www.padreeustaquio.com.br\/museu-padre-eustaquio-em-poa-sp-recebe-visita-da-comunidade-palavra-viva\/"},"author":{"name":"@sscc","@id":"https:\/\/www.padreeustaquio.com.br\/#\/schema\/person\/a2a51db1d00f1a7af0204a0f1ddb1566"},"headline":"Museu Padre Eust\u00e1quio em Po\u00e1-SP recebe visita da Comunidade Palavra Viva","datePublished":"2022-04-19T08:45:00+00:00","mainEntityOfPage":{"@id":"https:\/\/www.padreeustaquio.com.br\/museu-padre-eustaquio-em-poa-sp-recebe-visita-da-comunidade-palavra-viva\/"},"wordCount":166,"commentCount":0,"publisher":{"@id":"https:\/\/www.padreeustaquio.com.br\/#organization"},"image":{"@id":"https:\/\/www.padreeustaquio.com.br\/museu-padre-eustaquio-em-poa-sp-recebe-visita-da-comunidade-palavra-viva\/#primaryimage"},"thumbnailUrl":"https:\/\/www.padreeustaquio.com.br\/wp-content\/uploads\/2022\/04\/visita-palavra-viva-a-museu-poa.jpg","articleSection":["Not\u00edcias"],"inLanguage":"en-US","potentialAction":[{"@type":"CommentAction","name":"Comment","target":["https:\/\/www.padreeustaquio.com.br\/museu-padre-eustaquio-em-poa-sp-recebe-visita-da-comunidade-palavra-viva\/#respond"]}]},{"@type":"WebPage","@id":"https:\/\/www.padreeustaquio.com.br\/museu-padre-eustaquio-em-poa-sp-recebe-visita-da-comunidade-palavra-viva\/","url":"https:\/\/www.padreeustaquio.com.br\/museu-padre-eustaquio-em-poa-sp-recebe-visita-da-comunidade-palavra-viva\/","name":"Padre Eust\u00e1quio Museum in Po\u00e1-SP receives a visit from the Palavra Viva Community.","isPartOf":{"@id":"https:\/\/www.padreeustaquio.com.br\/#website"},"primaryImageOfPage":{"@id":"https:\/\/www.padreeustaquio.com.br\/museu-padre-eustaquio-em-poa-sp-recebe-visita-da-comunidade-palavra-viva\/#primaryimage"},"image":{"@id":"https:\/\/www.padreeustaquio.com.br\/museu-padre-eustaquio-em-poa-sp-recebe-visita-da-comunidade-palavra-viva\/#primaryimage"},"thumbnailUrl":"https:\/\/www.padreeustaquio.com.br\/wp-content\/uploads\/2022\/04\/visita-palavra-viva-a-museu-poa.jpg","datePublished":"2022-04-19T08:45:00+00:00","description":"The museum dedicated to Father Eust\u00e1quio in Po\u00e1, S\u00e3o Paulo, received a visit last week from missionaries of the Palavra Viva Community. The group was in the city to participate in Holy Week in the municipality.","breadcrumb":{"@id":"https:\/\/www.padreeustaquio.com.br\/museu-padre-eustaquio-em-poa-sp-recebe-visita-da-comunidade-palavra-viva\/#breadcrumb"},"inLanguage":"en-US","potentialAction":[{"@type":"ReadAction","target":["https:\/\/www.padreeustaquio.com.br\/museu-padre-eustaquio-em-poa-sp-recebe-visita-da-comunidade-palavra-viva\/"]}]},{"@type":"ImageObject","inLanguage":"en-US","@id":"https:\/\/www.padreeustaquio.com.br\/museu-padre-eustaquio-em-poa-sp-recebe-visita-da-comunidade-palavra-viva\/#primaryimage","url":"https:\/\/www.padreeustaquio.com.br\/wp-content\/uploads\/2022\/04\/visita-palavra-viva-a-museu-poa.jpg","contentUrl":"https:\/\/www.padreeustaquio.com.br\/wp-content\/uploads\/2022\/04\/visita-palavra-viva-a-museu-poa.jpg","width":748,"height":394},{"@type":"BreadcrumbList","@id":"https:\/\/www.padreeustaquio.com.br\/museu-padre-eustaquio-em-poa-sp-recebe-visita-da-comunidade-palavra-viva\/#breadcrumb","itemListElement":[{"@type":"ListItem","position":1,"name":"In\u00edcio","item":"https:\/\/www.padreeustaquio.com.br\/"},{"@type":"ListItem","position":2,"name":"Museu Padre Eust\u00e1quio em Po\u00e1-SP recebe visita da Comunidade Palavra Viva"}]},{"@type":"WebSite","@id":"https:\/\/www.padreeustaquio.com.br\/#website","url":"https:\/\/www.padreeustaquio.com.br\/","name":"FATHER EUST\u00c1QUIO","description":"Health and Peace","publisher":{"@id":"https:\/\/www.padreeustaquio.com.br\/#organization"},"potentialAction":[{"@type":"SearchAction","target":{"@type":"EntryPoint","urlTemplate":"https:\/\/www.padreeustaquio.com.br\/?s={search_term_string}"},"query-input":{"@type":"PropertyValueSpecification","valueRequired":true,"valueName":"search_term_string"}}],"inLanguage":"en-US"},{"@type":"Organization","@id":"https:\/\/www.padreeustaquio.com.br\/#organization","name":"FATHER EUST\u00c1QUIO","url":"https:\/\/www.padreeustaquio.com.br\/","logo":{"@type":"ImageObject","inLanguage":"en-US","@id":"https:\/\/www.padreeustaquio.com.br\/#\/schema\/logo\/image\/","url":"https:\/\/www.padreeustaquio.com.br\/wp-content\/uploads\/2019\/08\/marca.png","contentUrl":"https:\/\/www.padreeustaquio.com.br\/wp-content\/uploads\/2019\/08\/marca.png","width":350,"height":400,"caption":"Padre Eust\u00e1quio"},"image":{"@id":"https:\/\/www.padreeustaquio.com.br\/#\/schema\/logo\/image\/"},"sameAs":["https:\/\/www.facebook.com\/beatopadreeustaquio\/","https:\/\/x.com\/beatopeustaquio","https:\/\/www.instagram.com\/beatopadreeustaquio\/","https:\/\/www.youtube.com\/channel\/UCRhw7vfabnajwLxb1ZXMeIw"]},{"@type":"Person","@id":"https:\/\/www.padreeustaquio.com.br\/#\/schema\/person\/a2a51db1d00f1a7af0204a0f1ddb1566","name":"@sscc","image":{"@type":"ImageObject","inLanguage":"en-US","@id":"https:\/\/secure.gravatar.com\/avatar\/68cfafa5f44617fea54071e215026e0ff06be366c3d54a8425f04fdcb86f8c5f?s=96&d=mm&r=g","url":"https:\/\/secure.gravatar.com\/avatar\/68cfafa5f44617fea54071e215026e0ff06be366c3d54a8425f04fdcb86f8c5f?s=96&d=mm&r=g","contentUrl":"https:\/\/secure.gravatar.com\/avatar\/68cfafa5f44617fea54071e215026e0ff06be366c3d54a8425f04fdcb86f8c5f?s=96&d=mm&r=g","caption":"@sscc"},"url":"https:\/\/www.padreeustaquio.com.br\/en\/author\/sscc\/"}]}},"_links":{"self":[{"href":"https:\/\/www.padreeustaquio.com.br\/en\/wp-json\/wp\/v2\/posts\/8492","targetHints":{"allow":["GET"]}}],"collection":[{"href":"https:\/\/www.padreeustaquio.com.br\/en\/wp-json\/wp\/v2\/posts"}],"about":[{"href":"https:\/\/www.padreeustaquio.com.br\/en\/wp-json\/wp\/v2\/types\/post"}],"author":[{"embeddable":true,"href":"https:\/\/www.padreeustaquio.com.br\/en\/wp-json\/wp\/v2\/users\/2"}],"replies":[{"embeddable":true,"href":"https:\/\/www.padreeustaquio.com.br\/en\/wp-json\/wp\/v2\/comments?post=8492"}],"version-history":[{"count":0,"href":"https:\/\/www.padreeustaquio.com.br\/en\/wp-json\/wp\/v2\/posts\/8492\/revisions"}],"wp:featuredmedia":[{"embeddable":true,"href":"https:\/\/www.padreeustaquio.com.br\/en\/wp-json\/wp\/v2\/media\/8493"}],"wp:attachment":[{"href":"https:\/\/www.padreeustaquio.com.br\/en\/wp-json\/wp\/v2\/media?parent=8492"}],"wp:term":[{"taxonomy":"category","embeddable":true,"href":"https:\/\/www.padreeustaquio.com.br\/en\/wp-json\/wp\/v2\/categories?post=8492"},{"taxonomy":"post_tag","embeddable":true,"href":"https:\/\/www.padreeustaquio.com.br\/en\/wp-json\/wp\/v2\/tags?post=8492"}],"curies":[{"name":"wp","href":"https:\/\/api.w.org\/{rel}","templated":true}]}}