{"id":8482,"date":"2022-04-18T05:55:00","date_gmt":"2022-04-18T08:55:00","guid":{"rendered":"https:\/\/www.padreeustaquio.com.br\/?p=8482"},"modified":"2022-04-18T10:41:38","modified_gmt":"2022-04-18T13:41:38","slug":"two-years-later-the-community-returns-to-celebrate-easter-in-person-at-father-eustaquios-church","status":"publish","type":"post","link":"https:\/\/www.padreeustaquio.com.br\/en\/two-years-later-the-community-returns-to-celebrate-easter-in-person-at-father-eustaquios-church\/","title":{"rendered":"Two years later, the Church of Father Eust\u00e1quio will once again celebrate Easter in person."},"content":{"rendered":"<p>While still taking necessary health precautions, many people participated in this year&#039;s Holy Week at the Sanctuary of Health and Peace. The Church of Father Eust\u00e1quio once again experienced moments of reflection, adoration, and prayer with faithful and devotees gathered around the Easter celebrations.<\/p>\n\n\n\n<p>Since Saturday the 9th, when the community was already celebrating the Holy Mass of Palm Sunday with procession and blessing, hundreds of people gathered to pray. On Sunday, a veritable multitude attended the 10 am Mass, singing and praising God.<\/p>\n\n\n\n<p>During the Easter Triduum, several moments moved the devotees who attended the church and those who followed along on the Padre Eust\u00e1quio Channel on YouTube (<a href=\"https:\/\/www.youtube.com\/playlist?list=PL7SBzddW7UznrWFBFGTpGR15Vk2-HJGxz\" target=\"_blank\" rel=\"noreferrer noopener\">review here<\/a>On Thursday, the Washing of the Feet ritual was performed with the presence of teachers, educators, students from the Padre Eust\u00e1quio Daycare Center, and catechists. The adoration, broadcast over the internet, reached the homes of hundreds of people.<\/p>\n\n\n\n<p>On Friday, in addition to the Crown of the Seven Sorrows, the Stations of the Cross through the streets of the neighborhood brought together dozens of people. In the afternoon, the celebration of the Passion with the church full also moved those who participated, but the real expectation was for the return of the Passion Play by the young people of the Sacred Hearts Parish. Many of those who were in the church or watched from home were touched by the Gospel message conveyed during the play, which has already reached more than 3,000 views on the internet.<\/p>\n\n\n\n<p>On Saturday, an old tradition of the Padre Eust\u00e1quio church was revived. About 100 people, working together, cleaned the church, preparing it well for the arrival of Easter. In the evening, the blessing of the New Fire at the Padre Eust\u00e1quio Marist College, the procession, and the Easter Vigil at the church also brought back the feeling of community united around the Easter of Christ.<\/p>\n\n\n\n<p>Yesterday, the five Easter Masses concluded the return of in-person Holy Week. Those who were in church or participated virtually through the Padre Eust\u00e1quio Channel received the solemn blessing and now have the mission of bringing the Risen Christ to their brothers and sisters.<\/p>\n\n\n\n<p><\/p>","protected":false},"excerpt":{"rendered":"<p>Ainda mantendo os cuidados necess\u00e1rios \u00e0 sa\u00fade, muita gente participou da Semana Santa deste ano no Santu\u00e1rio da Sa\u00fade e da Paz. A Igreja do Padre Eust\u00e1quio voltou a viver momentos de reflex\u00e3o, adora\u00e7\u00e3o e ora\u00e7\u00e3o com fi\u00e9is e devotos reunidos entorno da P\u00e1scoa de Cristo. Desde o s\u00e1bado, dia 9, quando a comunidade j\u00e1 celebrava a Santa Missa do Domingo de Ramos com prociss\u00e3o e b\u00ean\u00e7\u00e3o, centenas de pessoas se reuniram para rezar. No domingo, uma verdadeira multid\u00e3o compareceu na missa das 10h cantando e louvando a Deus. Durante o Tr\u00edduo Pascal, v\u00e1rios momentos emocionaram os devotos que compareceram [&hellip;]<\/p>\n","protected":false},"author":2,"featured_media":8485,"comment_status":"open","ping_status":"closed","sticky":false,"template":"","format":"standard","meta":{"_acf_changed":false,"footnotes":""},"categories":[611],"tags":[],"class_list":["post-8482","post","type-post","status-publish","format-standard","has-post-thumbnail","hentry","category-noticias"],"acf":[],"yoast_head":"<!-- This site is optimized with the Yoast SEO plugin v27.2 - https:\/\/yoast.com\/product\/yoast-seo-wordpress\/ -->\n<title>Dois anos depois Igreja do Padre Eust\u00e1quio volta a celebrar a P\u00e1scoa presencialmente<\/title>\n<meta name=\"description\" content=\"Ainda mantendo os cuidados necess\u00e1rios \u00e0 sa\u00fade, muita gente participou da Semana Santa desse ano no Santu\u00e1rio da Sa\u00fade e da Paz. A Igreja do Padre Eust\u00e1quio voltou a viver momentos de reflex\u00e3o, adora\u00e7\u00e3o e ora\u00e7\u00e3o com fi\u00e9is e devotos reunidos entorno da P\u00e1scoa de Cristo.\" \/>\n<meta name=\"robots\" content=\"index, follow, max-snippet:-1, max-image-preview:large, max-video-preview:-1\" \/>\n<link rel=\"canonical\" href=\"https:\/\/www.padreeustaquio.com.br\/en\/two-years-later-the-community-returns-to-celebrate-easter-in-person-at-father-eustaquios-church\/\" \/>\n<meta property=\"og:locale\" content=\"en_US\" \/>\n<meta property=\"og:type\" content=\"article\" \/>\n<meta property=\"og:title\" content=\"Dois anos depois Igreja do Padre Eust\u00e1quio volta a celebrar a P\u00e1scoa presencialmente\" \/>\n<meta property=\"og:description\" content=\"Ainda mantendo os cuidados necess\u00e1rios \u00e0 sa\u00fade, muita gente participou da Semana Santa desse ano no Santu\u00e1rio da Sa\u00fade e da Paz. A Igreja do Padre Eust\u00e1quio voltou a viver momentos de reflex\u00e3o, adora\u00e7\u00e3o e ora\u00e7\u00e3o com fi\u00e9is e devotos reunidos entorno da P\u00e1scoa de Cristo.\" \/>\n<meta property=\"og:url\" content=\"https:\/\/www.padreeustaquio.com.br\/en\/two-years-later-the-community-returns-to-celebrate-easter-in-person-at-father-eustaquios-church\/\" \/>\n<meta property=\"og:site_name\" content=\"Padre Eust\u00e1quio\" \/>\n<meta property=\"article:publisher\" content=\"https:\/\/www.facebook.com\/beatopadreeustaquio\/\" \/>\n<meta property=\"article:published_time\" content=\"2022-04-18T08:55:00+00:00\" \/>\n<meta property=\"article:modified_time\" content=\"2022-04-18T13:41:38+00:00\" \/>\n<meta property=\"og:image\" content=\"https:\/\/www.padreeustaquio.com.br\/wp-content\/uploads\/2022\/04\/resumo-sem-santa.jpg\" \/>\n\t<meta property=\"og:image:width\" content=\"748\" \/>\n\t<meta property=\"og:image:height\" content=\"394\" \/>\n\t<meta property=\"og:image:type\" content=\"image\/jpeg\" \/>\n<meta name=\"author\" content=\"@sscc\" \/>\n<meta name=\"twitter:card\" content=\"summary_large_image\" \/>\n<meta name=\"twitter:creator\" content=\"@beatopeustaquio\" \/>\n<meta name=\"twitter:site\" content=\"@beatopeustaquio\" \/>\n<meta name=\"twitter:label1\" content=\"Written by\" \/>\n\t<meta name=\"twitter:data1\" content=\"@sscc\" \/>\n\t<meta name=\"twitter:label2\" content=\"Est. reading time\" \/>\n\t<meta name=\"twitter:data2\" content=\"2 minutes\" \/>\n<script type=\"application\/ld+json\" class=\"yoast-schema-graph\">{\"@context\":\"https:\/\/schema.org\",\"@graph\":[{\"@type\":\"Article\",\"@id\":\"https:\/\/www.padreeustaquio.com.br\/dois-anos-depois-comunidade-volta-a-celebrar-a-pascoa-presencialmente-na-igreja-do-padre-eustaquio\/#article\",\"isPartOf\":{\"@id\":\"https:\/\/www.padreeustaquio.com.br\/dois-anos-depois-comunidade-volta-a-celebrar-a-pascoa-presencialmente-na-igreja-do-padre-eustaquio\/\"},\"author\":{\"name\":\"@sscc\",\"@id\":\"https:\/\/www.padreeustaquio.com.br\/#\/schema\/person\/a2a51db1d00f1a7af0204a0f1ddb1566\"},\"headline\":\"Dois anos depois Igreja do Padre Eust\u00e1quio volta a celebrar a P\u00e1scoa presencialmente\",\"datePublished\":\"2022-04-18T08:55:00+00:00\",\"dateModified\":\"2022-04-18T13:41:38+00:00\",\"mainEntityOfPage\":{\"@id\":\"https:\/\/www.padreeustaquio.com.br\/dois-anos-depois-comunidade-volta-a-celebrar-a-pascoa-presencialmente-na-igreja-do-padre-eustaquio\/\"},\"wordCount\":403,\"commentCount\":0,\"publisher\":{\"@id\":\"https:\/\/www.padreeustaquio.com.br\/#organization\"},\"image\":{\"@id\":\"https:\/\/www.padreeustaquio.com.br\/dois-anos-depois-comunidade-volta-a-celebrar-a-pascoa-presencialmente-na-igreja-do-padre-eustaquio\/#primaryimage\"},\"thumbnailUrl\":\"https:\/\/www.padreeustaquio.com.br\/wp-content\/uploads\/2022\/04\/resumo-sem-santa.jpg\",\"articleSection\":[\"Not\u00edcias\"],\"inLanguage\":\"en-US\",\"potentialAction\":[{\"@type\":\"CommentAction\",\"name\":\"Comment\",\"target\":[\"https:\/\/www.padreeustaquio.com.br\/dois-anos-depois-comunidade-volta-a-celebrar-a-pascoa-presencialmente-na-igreja-do-padre-eustaquio\/#respond\"]}]},{\"@type\":\"WebPage\",\"@id\":\"https:\/\/www.padreeustaquio.com.br\/dois-anos-depois-comunidade-volta-a-celebrar-a-pascoa-presencialmente-na-igreja-do-padre-eustaquio\/\",\"url\":\"https:\/\/www.padreeustaquio.com.br\/dois-anos-depois-comunidade-volta-a-celebrar-a-pascoa-presencialmente-na-igreja-do-padre-eustaquio\/\",\"name\":\"Dois anos depois Igreja do Padre Eust\u00e1quio volta a celebrar a P\u00e1scoa presencialmente\",\"isPartOf\":{\"@id\":\"https:\/\/www.padreeustaquio.com.br\/#website\"},\"primaryImageOfPage\":{\"@id\":\"https:\/\/www.padreeustaquio.com.br\/dois-anos-depois-comunidade-volta-a-celebrar-a-pascoa-presencialmente-na-igreja-do-padre-eustaquio\/#primaryimage\"},\"image\":{\"@id\":\"https:\/\/www.padreeustaquio.com.br\/dois-anos-depois-comunidade-volta-a-celebrar-a-pascoa-presencialmente-na-igreja-do-padre-eustaquio\/#primaryimage\"},\"thumbnailUrl\":\"https:\/\/www.padreeustaquio.com.br\/wp-content\/uploads\/2022\/04\/resumo-sem-santa.jpg\",\"datePublished\":\"2022-04-18T08:55:00+00:00\",\"dateModified\":\"2022-04-18T13:41:38+00:00\",\"description\":\"Ainda mantendo os cuidados necess\u00e1rios \u00e0 sa\u00fade, muita gente participou da Semana Santa desse ano no Santu\u00e1rio da Sa\u00fade e da Paz. A Igreja do Padre Eust\u00e1quio voltou a viver momentos de reflex\u00e3o, adora\u00e7\u00e3o e ora\u00e7\u00e3o com fi\u00e9is e devotos reunidos entorno da P\u00e1scoa de Cristo.\",\"breadcrumb\":{\"@id\":\"https:\/\/www.padreeustaquio.com.br\/dois-anos-depois-comunidade-volta-a-celebrar-a-pascoa-presencialmente-na-igreja-do-padre-eustaquio\/#breadcrumb\"},\"inLanguage\":\"en-US\",\"potentialAction\":[{\"@type\":\"ReadAction\",\"target\":[\"https:\/\/www.padreeustaquio.com.br\/dois-anos-depois-comunidade-volta-a-celebrar-a-pascoa-presencialmente-na-igreja-do-padre-eustaquio\/\"]}]},{\"@type\":\"ImageObject\",\"inLanguage\":\"en-US\",\"@id\":\"https:\/\/www.padreeustaquio.com.br\/dois-anos-depois-comunidade-volta-a-celebrar-a-pascoa-presencialmente-na-igreja-do-padre-eustaquio\/#primaryimage\",\"url\":\"https:\/\/www.padreeustaquio.com.br\/wp-content\/uploads\/2022\/04\/resumo-sem-santa.jpg\",\"contentUrl\":\"https:\/\/www.padreeustaquio.com.br\/wp-content\/uploads\/2022\/04\/resumo-sem-santa.jpg\",\"width\":748,\"height\":394},{\"@type\":\"BreadcrumbList\",\"@id\":\"https:\/\/www.padreeustaquio.com.br\/dois-anos-depois-comunidade-volta-a-celebrar-a-pascoa-presencialmente-na-igreja-do-padre-eustaquio\/#breadcrumb\",\"itemListElement\":[{\"@type\":\"ListItem\",\"position\":1,\"name\":\"In\u00edcio\",\"item\":\"https:\/\/www.padreeustaquio.com.br\/\"},{\"@type\":\"ListItem\",\"position\":2,\"name\":\"Dois anos depois Igreja do Padre Eust\u00e1quio volta a celebrar a P\u00e1scoa presencialmente\"}]},{\"@type\":\"WebSite\",\"@id\":\"https:\/\/www.padreeustaquio.com.br\/#website\",\"url\":\"https:\/\/www.padreeustaquio.com.br\/\",\"name\":\"Padre Eust\u00e1quio\",\"description\":\"Sa\u00fade e Paz\",\"publisher\":{\"@id\":\"https:\/\/www.padreeustaquio.com.br\/#organization\"},\"potentialAction\":[{\"@type\":\"SearchAction\",\"target\":{\"@type\":\"EntryPoint\",\"urlTemplate\":\"https:\/\/www.padreeustaquio.com.br\/?s={search_term_string}\"},\"query-input\":{\"@type\":\"PropertyValueSpecification\",\"valueRequired\":true,\"valueName\":\"search_term_string\"}}],\"inLanguage\":\"en-US\"},{\"@type\":\"Organization\",\"@id\":\"https:\/\/www.padreeustaquio.com.br\/#organization\",\"name\":\"Padre Eust\u00e1quio\",\"url\":\"https:\/\/www.padreeustaquio.com.br\/\",\"logo\":{\"@type\":\"ImageObject\",\"inLanguage\":\"en-US\",\"@id\":\"https:\/\/www.padreeustaquio.com.br\/#\/schema\/logo\/image\/\",\"url\":\"https:\/\/www.padreeustaquio.com.br\/wp-content\/uploads\/2019\/08\/marca.png\",\"contentUrl\":\"https:\/\/www.padreeustaquio.com.br\/wp-content\/uploads\/2019\/08\/marca.png\",\"width\":350,\"height\":400,\"caption\":\"Padre Eust\u00e1quio\"},\"image\":{\"@id\":\"https:\/\/www.padreeustaquio.com.br\/#\/schema\/logo\/image\/\"},\"sameAs\":[\"https:\/\/www.facebook.com\/beatopadreeustaquio\/\",\"https:\/\/x.com\/beatopeustaquio\",\"https:\/\/www.instagram.com\/beatopadreeustaquio\/\",\"https:\/\/www.youtube.com\/channel\/UCRhw7vfabnajwLxb1ZXMeIw\"]},{\"@type\":\"Person\",\"@id\":\"https:\/\/www.padreeustaquio.com.br\/#\/schema\/person\/a2a51db1d00f1a7af0204a0f1ddb1566\",\"name\":\"@sscc\",\"image\":{\"@type\":\"ImageObject\",\"inLanguage\":\"en-US\",\"@id\":\"https:\/\/secure.gravatar.com\/avatar\/68cfafa5f44617fea54071e215026e0ff06be366c3d54a8425f04fdcb86f8c5f?s=96&d=mm&r=g\",\"url\":\"https:\/\/secure.gravatar.com\/avatar\/68cfafa5f44617fea54071e215026e0ff06be366c3d54a8425f04fdcb86f8c5f?s=96&d=mm&r=g\",\"contentUrl\":\"https:\/\/secure.gravatar.com\/avatar\/68cfafa5f44617fea54071e215026e0ff06be366c3d54a8425f04fdcb86f8c5f?s=96&d=mm&r=g\",\"caption\":\"@sscc\"},\"url\":\"https:\/\/www.padreeustaquio.com.br\/en\/author\/sscc\/\"}]}<\/script>\n<!-- \/ Yoast SEO plugin. -->","yoast_head_json":{"title":"Two years later, the Church of Father Eust\u00e1quio will once again celebrate Easter in person.","description":"While still taking necessary health precautions, many people participated in this year&#039;s Holy Week at the Sanctuary of Health and Peace. The Church of Father Eust\u00e1quio once again experienced moments of reflection, adoration, and prayer with faithful and devotees gathered around the Easter celebrations.","robots":{"index":"index","follow":"follow","max-snippet":"max-snippet:-1","max-image-preview":"max-image-preview:large","max-video-preview":"max-video-preview:-1"},"canonical":"https:\/\/www.padreeustaquio.com.br\/en\/two-years-later-the-community-returns-to-celebrate-easter-in-person-at-father-eustaquios-church\/","og_locale":"en_US","og_type":"article","og_title":"Dois anos depois Igreja do Padre Eust\u00e1quio volta a celebrar a P\u00e1scoa presencialmente","og_description":"Ainda mantendo os cuidados necess\u00e1rios \u00e0 sa\u00fade, muita gente participou da Semana Santa desse ano no Santu\u00e1rio da Sa\u00fade e da Paz. A Igreja do Padre Eust\u00e1quio voltou a viver momentos de reflex\u00e3o, adora\u00e7\u00e3o e ora\u00e7\u00e3o com fi\u00e9is e devotos reunidos entorno da P\u00e1scoa de Cristo.","og_url":"https:\/\/www.padreeustaquio.com.br\/en\/two-years-later-the-community-returns-to-celebrate-easter-in-person-at-father-eustaquios-church\/","og_site_name":"Padre Eust\u00e1quio","article_publisher":"https:\/\/www.facebook.com\/beatopadreeustaquio\/","article_published_time":"2022-04-18T08:55:00+00:00","article_modified_time":"2022-04-18T13:41:38+00:00","og_image":[{"width":748,"height":394,"url":"https:\/\/www.padreeustaquio.com.br\/wp-content\/uploads\/2022\/04\/resumo-sem-santa.jpg","type":"image\/jpeg"}],"author":"@sscc","twitter_card":"summary_large_image","twitter_creator":"@beatopeustaquio","twitter_site":"@beatopeustaquio","twitter_misc":{"Written by":"@sscc","Est. reading time":"2 minutes"},"schema":{"@context":"https:\/\/schema.org","@graph":[{"@type":"Article","@id":"https:\/\/www.padreeustaquio.com.br\/dois-anos-depois-comunidade-volta-a-celebrar-a-pascoa-presencialmente-na-igreja-do-padre-eustaquio\/#article","isPartOf":{"@id":"https:\/\/www.padreeustaquio.com.br\/dois-anos-depois-comunidade-volta-a-celebrar-a-pascoa-presencialmente-na-igreja-do-padre-eustaquio\/"},"author":{"name":"@sscc","@id":"https:\/\/www.padreeustaquio.com.br\/#\/schema\/person\/a2a51db1d00f1a7af0204a0f1ddb1566"},"headline":"Dois anos depois Igreja do Padre Eust\u00e1quio volta a celebrar a P\u00e1scoa presencialmente","datePublished":"2022-04-18T08:55:00+00:00","dateModified":"2022-04-18T13:41:38+00:00","mainEntityOfPage":{"@id":"https:\/\/www.padreeustaquio.com.br\/dois-anos-depois-comunidade-volta-a-celebrar-a-pascoa-presencialmente-na-igreja-do-padre-eustaquio\/"},"wordCount":403,"commentCount":0,"publisher":{"@id":"https:\/\/www.padreeustaquio.com.br\/#organization"},"image":{"@id":"https:\/\/www.padreeustaquio.com.br\/dois-anos-depois-comunidade-volta-a-celebrar-a-pascoa-presencialmente-na-igreja-do-padre-eustaquio\/#primaryimage"},"thumbnailUrl":"https:\/\/www.padreeustaquio.com.br\/wp-content\/uploads\/2022\/04\/resumo-sem-santa.jpg","articleSection":["Not\u00edcias"],"inLanguage":"en-US","potentialAction":[{"@type":"CommentAction","name":"Comment","target":["https:\/\/www.padreeustaquio.com.br\/dois-anos-depois-comunidade-volta-a-celebrar-a-pascoa-presencialmente-na-igreja-do-padre-eustaquio\/#respond"]}]},{"@type":"WebPage","@id":"https:\/\/www.padreeustaquio.com.br\/dois-anos-depois-comunidade-volta-a-celebrar-a-pascoa-presencialmente-na-igreja-do-padre-eustaquio\/","url":"https:\/\/www.padreeustaquio.com.br\/dois-anos-depois-comunidade-volta-a-celebrar-a-pascoa-presencialmente-na-igreja-do-padre-eustaquio\/","name":"Two years later, the Church of Father Eust\u00e1quio will once again celebrate Easter in person.","isPartOf":{"@id":"https:\/\/www.padreeustaquio.com.br\/#website"},"primaryImageOfPage":{"@id":"https:\/\/www.padreeustaquio.com.br\/dois-anos-depois-comunidade-volta-a-celebrar-a-pascoa-presencialmente-na-igreja-do-padre-eustaquio\/#primaryimage"},"image":{"@id":"https:\/\/www.padreeustaquio.com.br\/dois-anos-depois-comunidade-volta-a-celebrar-a-pascoa-presencialmente-na-igreja-do-padre-eustaquio\/#primaryimage"},"thumbnailUrl":"https:\/\/www.padreeustaquio.com.br\/wp-content\/uploads\/2022\/04\/resumo-sem-santa.jpg","datePublished":"2022-04-18T08:55:00+00:00","dateModified":"2022-04-18T13:41:38+00:00","description":"While still taking necessary health precautions, many people participated in this year&#039;s Holy Week at the Sanctuary of Health and Peace. The Church of Father Eust\u00e1quio once again experienced moments of reflection, adoration, and prayer with faithful and devotees gathered around the Easter celebrations.","breadcrumb":{"@id":"https:\/\/www.padreeustaquio.com.br\/dois-anos-depois-comunidade-volta-a-celebrar-a-pascoa-presencialmente-na-igreja-do-padre-eustaquio\/#breadcrumb"},"inLanguage":"en-US","potentialAction":[{"@type":"ReadAction","target":["https:\/\/www.padreeustaquio.com.br\/dois-anos-depois-comunidade-volta-a-celebrar-a-pascoa-presencialmente-na-igreja-do-padre-eustaquio\/"]}]},{"@type":"ImageObject","inLanguage":"en-US","@id":"https:\/\/www.padreeustaquio.com.br\/dois-anos-depois-comunidade-volta-a-celebrar-a-pascoa-presencialmente-na-igreja-do-padre-eustaquio\/#primaryimage","url":"https:\/\/www.padreeustaquio.com.br\/wp-content\/uploads\/2022\/04\/resumo-sem-santa.jpg","contentUrl":"https:\/\/www.padreeustaquio.com.br\/wp-content\/uploads\/2022\/04\/resumo-sem-santa.jpg","width":748,"height":394},{"@type":"BreadcrumbList","@id":"https:\/\/www.padreeustaquio.com.br\/dois-anos-depois-comunidade-volta-a-celebrar-a-pascoa-presencialmente-na-igreja-do-padre-eustaquio\/#breadcrumb","itemListElement":[{"@type":"ListItem","position":1,"name":"In\u00edcio","item":"https:\/\/www.padreeustaquio.com.br\/"},{"@type":"ListItem","position":2,"name":"Dois anos depois Igreja do Padre Eust\u00e1quio volta a celebrar a P\u00e1scoa presencialmente"}]},{"@type":"WebSite","@id":"https:\/\/www.padreeustaquio.com.br\/#website","url":"https:\/\/www.padreeustaquio.com.br\/","name":"FATHER EUST\u00c1QUIO","description":"Health and Peace","publisher":{"@id":"https:\/\/www.padreeustaquio.com.br\/#organization"},"potentialAction":[{"@type":"SearchAction","target":{"@type":"EntryPoint","urlTemplate":"https:\/\/www.padreeustaquio.com.br\/?s={search_term_string}"},"query-input":{"@type":"PropertyValueSpecification","valueRequired":true,"valueName":"search_term_string"}}],"inLanguage":"en-US"},{"@type":"Organization","@id":"https:\/\/www.padreeustaquio.com.br\/#organization","name":"FATHER EUST\u00c1QUIO","url":"https:\/\/www.padreeustaquio.com.br\/","logo":{"@type":"ImageObject","inLanguage":"en-US","@id":"https:\/\/www.padreeustaquio.com.br\/#\/schema\/logo\/image\/","url":"https:\/\/www.padreeustaquio.com.br\/wp-content\/uploads\/2019\/08\/marca.png","contentUrl":"https:\/\/www.padreeustaquio.com.br\/wp-content\/uploads\/2019\/08\/marca.png","width":350,"height":400,"caption":"Padre Eust\u00e1quio"},"image":{"@id":"https:\/\/www.padreeustaquio.com.br\/#\/schema\/logo\/image\/"},"sameAs":["https:\/\/www.facebook.com\/beatopadreeustaquio\/","https:\/\/x.com\/beatopeustaquio","https:\/\/www.instagram.com\/beatopadreeustaquio\/","https:\/\/www.youtube.com\/channel\/UCRhw7vfabnajwLxb1ZXMeIw"]},{"@type":"Person","@id":"https:\/\/www.padreeustaquio.com.br\/#\/schema\/person\/a2a51db1d00f1a7af0204a0f1ddb1566","name":"@sscc","image":{"@type":"ImageObject","inLanguage":"en-US","@id":"https:\/\/secure.gravatar.com\/avatar\/68cfafa5f44617fea54071e215026e0ff06be366c3d54a8425f04fdcb86f8c5f?s=96&d=mm&r=g","url":"https:\/\/secure.gravatar.com\/avatar\/68cfafa5f44617fea54071e215026e0ff06be366c3d54a8425f04fdcb86f8c5f?s=96&d=mm&r=g","contentUrl":"https:\/\/secure.gravatar.com\/avatar\/68cfafa5f44617fea54071e215026e0ff06be366c3d54a8425f04fdcb86f8c5f?s=96&d=mm&r=g","caption":"@sscc"},"url":"https:\/\/www.padreeustaquio.com.br\/en\/author\/sscc\/"}]}},"_links":{"self":[{"href":"https:\/\/www.padreeustaquio.com.br\/en\/wp-json\/wp\/v2\/posts\/8482","targetHints":{"allow":["GET"]}}],"collection":[{"href":"https:\/\/www.padreeustaquio.com.br\/en\/wp-json\/wp\/v2\/posts"}],"about":[{"href":"https:\/\/www.padreeustaquio.com.br\/en\/wp-json\/wp\/v2\/types\/post"}],"author":[{"embeddable":true,"href":"https:\/\/www.padreeustaquio.com.br\/en\/wp-json\/wp\/v2\/users\/2"}],"replies":[{"embeddable":true,"href":"https:\/\/www.padreeustaquio.com.br\/en\/wp-json\/wp\/v2\/comments?post=8482"}],"version-history":[{"count":0,"href":"https:\/\/www.padreeustaquio.com.br\/en\/wp-json\/wp\/v2\/posts\/8482\/revisions"}],"wp:featuredmedia":[{"embeddable":true,"href":"https:\/\/www.padreeustaquio.com.br\/en\/wp-json\/wp\/v2\/media\/8485"}],"wp:attachment":[{"href":"https:\/\/www.padreeustaquio.com.br\/en\/wp-json\/wp\/v2\/media?parent=8482"}],"wp:term":[{"taxonomy":"category","embeddable":true,"href":"https:\/\/www.padreeustaquio.com.br\/en\/wp-json\/wp\/v2\/categories?post=8482"},{"taxonomy":"post_tag","embeddable":true,"href":"https:\/\/www.padreeustaquio.com.br\/en\/wp-json\/wp\/v2\/tags?post=8482"}],"curies":[{"name":"wp","href":"https:\/\/api.w.org\/{rel}","templated":true}]}}