{"id":8461,"date":"2022-04-14T06:11:00","date_gmt":"2022-04-14T09:11:00","guid":{"rendered":"https:\/\/www.padreeustaquio.com.br\/?p=8461"},"modified":"2022-04-12T13:17:32","modified_gmt":"2022-04-12T16:17:32","slug":"participate-in-the-easter-triduum-that-begins-today","status":"publish","type":"post","link":"https:\/\/www.padreeustaquio.com.br\/en\/participate-in-the-easter-triduum-that-begins-today\/","title":{"rendered":"Participate in the Easter Triduum that begins today."},"content":{"rendered":"<p>This Thursday, Catholics around the world begin the celebration of the Easter Triduum, that is, the period of time that goes from the afternoon of Holy Thursday until the morning of Easter Sunday. But what is the meaning of this period? The president of the Episcopal Pastoral Commission for Liturgy of the National Conference of Bishops of Brazil (CNBB), Bishop Armando Bucciol, explains that the Easter Triduum involves three moments in a single celebration.<\/p>\n\n\n\n<p><strong>Holy Thursday<\/strong><\/p>\n\n\n\n<p>\u201cWe begin with the celebration of the Passover Meal on Thursday evening, in which we commemorate the great farewell supper, which, according to the evangelist John, begins with the gesture of the washing of the feet. Christ manifests his willingness to love to the end; he considers himself the servant of humanity.\u201d.<\/p>\n\n\n\n<p><strong>Good Friday<\/strong><\/p>\n\n\n\n<p>\u201cAfter the Passover meal, with the celebration of the Eucharist, a living memory of the greatest mystery of God&#039;s love, of Christ&#039;s sacrifice to the very end, on Good Friday we celebrate this sober rite of intense spirituality of the Lord&#039;s death. On that day, the Church does not celebrate the Eucharist, but invites its faithful to look upon, to contemplate the crucified Christ, who dies on the Cross. He loved us to the point of giving the last drop of his blood.\u201d.<\/p>\n\n\n\n<p><strong>Holy Saturday<\/strong><\/p>\n\n\n\n<p>\u201cAfter the silence of Holy Saturday, in which the Church meditates and reflects on the dead Christ, we arrive at the night of the Easter Vigil, in which we celebrate Christ&#039;s victory over death. Death has been conquered, and the Church vibrates and renews its faith, its hope in a lived fullness of fulfillment that Christ has already sown, planted on earth, and which will be fully realized at the end of time. The Easter Vigil concludes the Triduum.\u201d.<\/p>\n\n\n\n<p><strong>Plan ahead and participate!<\/strong><\/p>\n\n\n\n<p>At the Church of Father Eust\u00e1quio, devotees will be able to intensely experience these moments. Those who cannot participate in person will still have the opportunity to follow along on the Padre Eust\u00e1quio Channel, which will broadcast all the celebrations. Check the schedule:<\/p>\n\n\n\n<p>On Thursday at 7 PM at the Sanctuary, there will be a Mass of the Washing of the Feet and Institution of the Eucharist. Following this, a small procession will carry the Blessed Sacrament to the Community Center where the congregation will participate in Adoration until midnight. The Adoration will be broadcast on the Padre Eust\u00e1quio Channel until 10 PM.<\/p>\n\n\n\n<p>The day begins early on Good Friday (the 15th), at 7 am the traditional Stations of the Cross will be held through the streets of the neighborhood. It will begin at the corner of Vila Rica and Par\u00e1 de Minas streets. At noon there will be the Sermon of the Seven Last Words at the Padre Eust\u00e1quio Church. At 3 pm there will be a Solemn Liturgical Action with the celebration of the Passion and Death of Jesus, and at 7 pm, the youth will reenact the Passion of Christ, also inside the Church; afterwards there will be the burial procession with the image of the Dead Christ.<\/p>\n\n\n\n<p>On Saturday the 16th, a community tradition will be revived. The Washing of the Church is scheduled for 8:30 am so that all parishioners and devotees can participate and prepare the temple for a new moment. The Easter Vigil will be held at 7 pm, beginning in the courtyard of the Padre Eust\u00e1quio Marist School. Following this, the procession with the Paschal Candle will proceed to the Church where the celebration will conclude. And, on Easter Sunday, the Sanctuary will hold all its usual celebrations: at 7 am, 8:30 am, 10 am, 5 pm and 7 pm.<\/p>\n\n\n\n<p>Come celebrate with us and experience this moment intensely, the greatest in the liturgy of the Catholic faith, and may your Easter truly be the resurrection of Christ in your life.<\/p>\n\n\n\n<p><\/p>","protected":false},"excerpt":{"rendered":"<p>Nesta quinta-feira, os cat\u00f3licos no mundo inteiro iniciam a celebra\u00e7\u00e3o do Tr\u00edduo Pascal, ou seja, o per\u00edodo de tempo que vai da tarde de quinta-feira Santa at\u00e9 a manh\u00e3 do Domingo de P\u00e1scoa. Mas, qual o significado deste per\u00edodo? O presidente da Comiss\u00e3o Episcopal Pastoral para a Liturgia da Confer\u00eancia Nacional dos Bispos do Brasil (CNBB), dom Armando Bucciol, explica que o Tr\u00edduo Pascal envolve tr\u00eas momentos em uma \u00fanica celebra\u00e7\u00e3o. Quinta-feira Santa \u201cCome\u00e7amos com a celebra\u00e7\u00e3o da Ceia Pascal, na quinta-feira \u00e0 noite, em que n\u00f3s fazemos mem\u00f3ria da grande ceia da despedida, que come\u00e7a, segundo o evangelista Jo\u00e3o, [&hellip;]<\/p>\n","protected":false},"author":2,"featured_media":8462,"comment_status":"open","ping_status":"closed","sticky":false,"template":"","format":"standard","meta":{"_acf_changed":false,"footnotes":""},"categories":[611],"tags":[],"class_list":["post-8461","post","type-post","status-publish","format-standard","has-post-thumbnail","hentry","category-noticias"],"acf":[],"yoast_head":"<!-- This site is optimized with the Yoast SEO plugin v27.2 - https:\/\/yoast.com\/product\/yoast-seo-wordpress\/ -->\n<title>Participe do Tr\u00edduo Pascal que se inicia hoje - Padre Eust\u00e1quio<\/title>\n<meta name=\"description\" content=\"Nesta quinta-feira, os cat\u00f3licos no mundo inteiro iniciam a celebra\u00e7\u00e3o do Tr\u00edduo Pascal, ou seja, o per\u00edodo de tempo que vai da tarde de quinta-feira Santa at\u00e9 a manh\u00e3 do Domingo de P\u00e1scoa. Mas, qual o significado deste per\u00edodo?\" \/>\n<meta name=\"robots\" content=\"index, follow, max-snippet:-1, max-image-preview:large, max-video-preview:-1\" \/>\n<link rel=\"canonical\" href=\"https:\/\/www.padreeustaquio.com.br\/en\/participate-in-the-easter-triduum-that-begins-today\/\" \/>\n<meta property=\"og:locale\" content=\"en_US\" \/>\n<meta property=\"og:type\" content=\"article\" \/>\n<meta property=\"og:title\" content=\"Participe do Tr\u00edduo Pascal que se inicia hoje - Padre Eust\u00e1quio\" \/>\n<meta property=\"og:description\" content=\"Nesta quinta-feira, os cat\u00f3licos no mundo inteiro iniciam a celebra\u00e7\u00e3o do Tr\u00edduo Pascal, ou seja, o per\u00edodo de tempo que vai da tarde de quinta-feira Santa at\u00e9 a manh\u00e3 do Domingo de P\u00e1scoa. Mas, qual o significado deste per\u00edodo?\" \/>\n<meta property=\"og:url\" content=\"https:\/\/www.padreeustaquio.com.br\/en\/participate-in-the-easter-triduum-that-begins-today\/\" \/>\n<meta property=\"og:site_name\" content=\"Padre Eust\u00e1quio\" \/>\n<meta property=\"article:publisher\" content=\"https:\/\/www.facebook.com\/beatopadreeustaquio\/\" \/>\n<meta property=\"article:published_time\" content=\"2022-04-14T09:11:00+00:00\" \/>\n<meta property=\"og:image\" content=\"https:\/\/www.padreeustaquio.com.br\/wp-content\/uploads\/2022\/04\/triduo.jpg\" \/>\n\t<meta property=\"og:image:width\" content=\"748\" \/>\n\t<meta property=\"og:image:height\" content=\"394\" \/>\n\t<meta property=\"og:image:type\" content=\"image\/jpeg\" \/>\n<meta name=\"author\" content=\"@sscc\" \/>\n<meta name=\"twitter:card\" content=\"summary_large_image\" \/>\n<meta name=\"twitter:creator\" content=\"@beatopeustaquio\" \/>\n<meta name=\"twitter:site\" content=\"@beatopeustaquio\" \/>\n<meta name=\"twitter:label1\" content=\"Written by\" \/>\n\t<meta name=\"twitter:data1\" content=\"@sscc\" \/>\n\t<meta name=\"twitter:label2\" content=\"Est. reading time\" \/>\n\t<meta name=\"twitter:data2\" content=\"3 minutes\" \/>\n<script type=\"application\/ld+json\" class=\"yoast-schema-graph\">{\"@context\":\"https:\/\/schema.org\",\"@graph\":[{\"@type\":\"Article\",\"@id\":\"https:\/\/www.padreeustaquio.com.br\/participe-do-triduo-pascal-que-se-inicia-hoje\/#article\",\"isPartOf\":{\"@id\":\"https:\/\/www.padreeustaquio.com.br\/participe-do-triduo-pascal-que-se-inicia-hoje\/\"},\"author\":{\"name\":\"@sscc\",\"@id\":\"https:\/\/www.padreeustaquio.com.br\/#\/schema\/person\/a2a51db1d00f1a7af0204a0f1ddb1566\"},\"headline\":\"Participe do Tr\u00edduo Pascal que se inicia hoje\",\"datePublished\":\"2022-04-14T09:11:00+00:00\",\"mainEntityOfPage\":{\"@id\":\"https:\/\/www.padreeustaquio.com.br\/participe-do-triduo-pascal-que-se-inicia-hoje\/\"},\"wordCount\":668,\"commentCount\":0,\"publisher\":{\"@id\":\"https:\/\/www.padreeustaquio.com.br\/#organization\"},\"image\":{\"@id\":\"https:\/\/www.padreeustaquio.com.br\/participe-do-triduo-pascal-que-se-inicia-hoje\/#primaryimage\"},\"thumbnailUrl\":\"https:\/\/www.padreeustaquio.com.br\/wp-content\/uploads\/2022\/04\/triduo.jpg\",\"articleSection\":[\"Not\u00edcias\"],\"inLanguage\":\"en-US\",\"potentialAction\":[{\"@type\":\"CommentAction\",\"name\":\"Comment\",\"target\":[\"https:\/\/www.padreeustaquio.com.br\/participe-do-triduo-pascal-que-se-inicia-hoje\/#respond\"]}]},{\"@type\":\"WebPage\",\"@id\":\"https:\/\/www.padreeustaquio.com.br\/participe-do-triduo-pascal-que-se-inicia-hoje\/\",\"url\":\"https:\/\/www.padreeustaquio.com.br\/participe-do-triduo-pascal-que-se-inicia-hoje\/\",\"name\":\"Participe do Tr\u00edduo Pascal que se inicia hoje - Padre Eust\u00e1quio\",\"isPartOf\":{\"@id\":\"https:\/\/www.padreeustaquio.com.br\/#website\"},\"primaryImageOfPage\":{\"@id\":\"https:\/\/www.padreeustaquio.com.br\/participe-do-triduo-pascal-que-se-inicia-hoje\/#primaryimage\"},\"image\":{\"@id\":\"https:\/\/www.padreeustaquio.com.br\/participe-do-triduo-pascal-que-se-inicia-hoje\/#primaryimage\"},\"thumbnailUrl\":\"https:\/\/www.padreeustaquio.com.br\/wp-content\/uploads\/2022\/04\/triduo.jpg\",\"datePublished\":\"2022-04-14T09:11:00+00:00\",\"description\":\"Nesta quinta-feira, os cat\u00f3licos no mundo inteiro iniciam a celebra\u00e7\u00e3o do Tr\u00edduo Pascal, ou seja, o per\u00edodo de tempo que vai da tarde de quinta-feira Santa at\u00e9 a manh\u00e3 do Domingo de P\u00e1scoa. Mas, qual o significado deste per\u00edodo?\",\"breadcrumb\":{\"@id\":\"https:\/\/www.padreeustaquio.com.br\/participe-do-triduo-pascal-que-se-inicia-hoje\/#breadcrumb\"},\"inLanguage\":\"en-US\",\"potentialAction\":[{\"@type\":\"ReadAction\",\"target\":[\"https:\/\/www.padreeustaquio.com.br\/participe-do-triduo-pascal-que-se-inicia-hoje\/\"]}]},{\"@type\":\"ImageObject\",\"inLanguage\":\"en-US\",\"@id\":\"https:\/\/www.padreeustaquio.com.br\/participe-do-triduo-pascal-que-se-inicia-hoje\/#primaryimage\",\"url\":\"https:\/\/www.padreeustaquio.com.br\/wp-content\/uploads\/2022\/04\/triduo.jpg\",\"contentUrl\":\"https:\/\/www.padreeustaquio.com.br\/wp-content\/uploads\/2022\/04\/triduo.jpg\",\"width\":748,\"height\":394},{\"@type\":\"BreadcrumbList\",\"@id\":\"https:\/\/www.padreeustaquio.com.br\/participe-do-triduo-pascal-que-se-inicia-hoje\/#breadcrumb\",\"itemListElement\":[{\"@type\":\"ListItem\",\"position\":1,\"name\":\"In\u00edcio\",\"item\":\"https:\/\/www.padreeustaquio.com.br\/\"},{\"@type\":\"ListItem\",\"position\":2,\"name\":\"Participe do Tr\u00edduo Pascal que se inicia hoje\"}]},{\"@type\":\"WebSite\",\"@id\":\"https:\/\/www.padreeustaquio.com.br\/#website\",\"url\":\"https:\/\/www.padreeustaquio.com.br\/\",\"name\":\"Padre Eust\u00e1quio\",\"description\":\"Sa\u00fade e Paz\",\"publisher\":{\"@id\":\"https:\/\/www.padreeustaquio.com.br\/#organization\"},\"potentialAction\":[{\"@type\":\"SearchAction\",\"target\":{\"@type\":\"EntryPoint\",\"urlTemplate\":\"https:\/\/www.padreeustaquio.com.br\/?s={search_term_string}\"},\"query-input\":{\"@type\":\"PropertyValueSpecification\",\"valueRequired\":true,\"valueName\":\"search_term_string\"}}],\"inLanguage\":\"en-US\"},{\"@type\":\"Organization\",\"@id\":\"https:\/\/www.padreeustaquio.com.br\/#organization\",\"name\":\"Padre Eust\u00e1quio\",\"url\":\"https:\/\/www.padreeustaquio.com.br\/\",\"logo\":{\"@type\":\"ImageObject\",\"inLanguage\":\"en-US\",\"@id\":\"https:\/\/www.padreeustaquio.com.br\/#\/schema\/logo\/image\/\",\"url\":\"https:\/\/www.padreeustaquio.com.br\/wp-content\/uploads\/2019\/08\/marca.png\",\"contentUrl\":\"https:\/\/www.padreeustaquio.com.br\/wp-content\/uploads\/2019\/08\/marca.png\",\"width\":350,\"height\":400,\"caption\":\"Padre Eust\u00e1quio\"},\"image\":{\"@id\":\"https:\/\/www.padreeustaquio.com.br\/#\/schema\/logo\/image\/\"},\"sameAs\":[\"https:\/\/www.facebook.com\/beatopadreeustaquio\/\",\"https:\/\/x.com\/beatopeustaquio\",\"https:\/\/www.instagram.com\/beatopadreeustaquio\/\",\"https:\/\/www.youtube.com\/channel\/UCRhw7vfabnajwLxb1ZXMeIw\"]},{\"@type\":\"Person\",\"@id\":\"https:\/\/www.padreeustaquio.com.br\/#\/schema\/person\/a2a51db1d00f1a7af0204a0f1ddb1566\",\"name\":\"@sscc\",\"image\":{\"@type\":\"ImageObject\",\"inLanguage\":\"en-US\",\"@id\":\"https:\/\/secure.gravatar.com\/avatar\/68cfafa5f44617fea54071e215026e0ff06be366c3d54a8425f04fdcb86f8c5f?s=96&d=mm&r=g\",\"url\":\"https:\/\/secure.gravatar.com\/avatar\/68cfafa5f44617fea54071e215026e0ff06be366c3d54a8425f04fdcb86f8c5f?s=96&d=mm&r=g\",\"contentUrl\":\"https:\/\/secure.gravatar.com\/avatar\/68cfafa5f44617fea54071e215026e0ff06be366c3d54a8425f04fdcb86f8c5f?s=96&d=mm&r=g\",\"caption\":\"@sscc\"},\"url\":\"https:\/\/www.padreeustaquio.com.br\/en\/author\/sscc\/\"}]}<\/script>\n<!-- \/ Yoast SEO plugin. -->","yoast_head_json":{"title":"Participate in the Easter Triduum that begins today - Father Eust\u00e1quio","description":"This Thursday, Catholics around the world begin the celebration of the Easter Triduum, that is, the period of time that runs from the afternoon of Holy Thursday until the morning of Easter Sunday. But what is the meaning of this period?","robots":{"index":"index","follow":"follow","max-snippet":"max-snippet:-1","max-image-preview":"max-image-preview:large","max-video-preview":"max-video-preview:-1"},"canonical":"https:\/\/www.padreeustaquio.com.br\/en\/participate-in-the-easter-triduum-that-begins-today\/","og_locale":"en_US","og_type":"article","og_title":"Participe do Tr\u00edduo Pascal que se inicia hoje - Padre Eust\u00e1quio","og_description":"Nesta quinta-feira, os cat\u00f3licos no mundo inteiro iniciam a celebra\u00e7\u00e3o do Tr\u00edduo Pascal, ou seja, o per\u00edodo de tempo que vai da tarde de quinta-feira Santa at\u00e9 a manh\u00e3 do Domingo de P\u00e1scoa. Mas, qual o significado deste per\u00edodo?","og_url":"https:\/\/www.padreeustaquio.com.br\/en\/participate-in-the-easter-triduum-that-begins-today\/","og_site_name":"Padre Eust\u00e1quio","article_publisher":"https:\/\/www.facebook.com\/beatopadreeustaquio\/","article_published_time":"2022-04-14T09:11:00+00:00","og_image":[{"width":748,"height":394,"url":"https:\/\/www.padreeustaquio.com.br\/wp-content\/uploads\/2022\/04\/triduo.jpg","type":"image\/jpeg"}],"author":"@sscc","twitter_card":"summary_large_image","twitter_creator":"@beatopeustaquio","twitter_site":"@beatopeustaquio","twitter_misc":{"Written by":"@sscc","Est. reading time":"3 minutes"},"schema":{"@context":"https:\/\/schema.org","@graph":[{"@type":"Article","@id":"https:\/\/www.padreeustaquio.com.br\/participe-do-triduo-pascal-que-se-inicia-hoje\/#article","isPartOf":{"@id":"https:\/\/www.padreeustaquio.com.br\/participe-do-triduo-pascal-que-se-inicia-hoje\/"},"author":{"name":"@sscc","@id":"https:\/\/www.padreeustaquio.com.br\/#\/schema\/person\/a2a51db1d00f1a7af0204a0f1ddb1566"},"headline":"Participe do Tr\u00edduo Pascal que se inicia hoje","datePublished":"2022-04-14T09:11:00+00:00","mainEntityOfPage":{"@id":"https:\/\/www.padreeustaquio.com.br\/participe-do-triduo-pascal-que-se-inicia-hoje\/"},"wordCount":668,"commentCount":0,"publisher":{"@id":"https:\/\/www.padreeustaquio.com.br\/#organization"},"image":{"@id":"https:\/\/www.padreeustaquio.com.br\/participe-do-triduo-pascal-que-se-inicia-hoje\/#primaryimage"},"thumbnailUrl":"https:\/\/www.padreeustaquio.com.br\/wp-content\/uploads\/2022\/04\/triduo.jpg","articleSection":["Not\u00edcias"],"inLanguage":"en-US","potentialAction":[{"@type":"CommentAction","name":"Comment","target":["https:\/\/www.padreeustaquio.com.br\/participe-do-triduo-pascal-que-se-inicia-hoje\/#respond"]}]},{"@type":"WebPage","@id":"https:\/\/www.padreeustaquio.com.br\/participe-do-triduo-pascal-que-se-inicia-hoje\/","url":"https:\/\/www.padreeustaquio.com.br\/participe-do-triduo-pascal-que-se-inicia-hoje\/","name":"Participate in the Easter Triduum that begins today - Father Eust\u00e1quio","isPartOf":{"@id":"https:\/\/www.padreeustaquio.com.br\/#website"},"primaryImageOfPage":{"@id":"https:\/\/www.padreeustaquio.com.br\/participe-do-triduo-pascal-que-se-inicia-hoje\/#primaryimage"},"image":{"@id":"https:\/\/www.padreeustaquio.com.br\/participe-do-triduo-pascal-que-se-inicia-hoje\/#primaryimage"},"thumbnailUrl":"https:\/\/www.padreeustaquio.com.br\/wp-content\/uploads\/2022\/04\/triduo.jpg","datePublished":"2022-04-14T09:11:00+00:00","description":"This Thursday, Catholics around the world begin the celebration of the Easter Triduum, that is, the period of time that runs from the afternoon of Holy Thursday until the morning of Easter Sunday. But what is the meaning of this period?","breadcrumb":{"@id":"https:\/\/www.padreeustaquio.com.br\/participe-do-triduo-pascal-que-se-inicia-hoje\/#breadcrumb"},"inLanguage":"en-US","potentialAction":[{"@type":"ReadAction","target":["https:\/\/www.padreeustaquio.com.br\/participe-do-triduo-pascal-que-se-inicia-hoje\/"]}]},{"@type":"ImageObject","inLanguage":"en-US","@id":"https:\/\/www.padreeustaquio.com.br\/participe-do-triduo-pascal-que-se-inicia-hoje\/#primaryimage","url":"https:\/\/www.padreeustaquio.com.br\/wp-content\/uploads\/2022\/04\/triduo.jpg","contentUrl":"https:\/\/www.padreeustaquio.com.br\/wp-content\/uploads\/2022\/04\/triduo.jpg","width":748,"height":394},{"@type":"BreadcrumbList","@id":"https:\/\/www.padreeustaquio.com.br\/participe-do-triduo-pascal-que-se-inicia-hoje\/#breadcrumb","itemListElement":[{"@type":"ListItem","position":1,"name":"In\u00edcio","item":"https:\/\/www.padreeustaquio.com.br\/"},{"@type":"ListItem","position":2,"name":"Participe do Tr\u00edduo Pascal que se inicia hoje"}]},{"@type":"WebSite","@id":"https:\/\/www.padreeustaquio.com.br\/#website","url":"https:\/\/www.padreeustaquio.com.br\/","name":"FATHER EUST\u00c1QUIO","description":"Health and Peace","publisher":{"@id":"https:\/\/www.padreeustaquio.com.br\/#organization"},"potentialAction":[{"@type":"SearchAction","target":{"@type":"EntryPoint","urlTemplate":"https:\/\/www.padreeustaquio.com.br\/?s={search_term_string}"},"query-input":{"@type":"PropertyValueSpecification","valueRequired":true,"valueName":"search_term_string"}}],"inLanguage":"en-US"},{"@type":"Organization","@id":"https:\/\/www.padreeustaquio.com.br\/#organization","name":"FATHER EUST\u00c1QUIO","url":"https:\/\/www.padreeustaquio.com.br\/","logo":{"@type":"ImageObject","inLanguage":"en-US","@id":"https:\/\/www.padreeustaquio.com.br\/#\/schema\/logo\/image\/","url":"https:\/\/www.padreeustaquio.com.br\/wp-content\/uploads\/2019\/08\/marca.png","contentUrl":"https:\/\/www.padreeustaquio.com.br\/wp-content\/uploads\/2019\/08\/marca.png","width":350,"height":400,"caption":"Padre Eust\u00e1quio"},"image":{"@id":"https:\/\/www.padreeustaquio.com.br\/#\/schema\/logo\/image\/"},"sameAs":["https:\/\/www.facebook.com\/beatopadreeustaquio\/","https:\/\/x.com\/beatopeustaquio","https:\/\/www.instagram.com\/beatopadreeustaquio\/","https:\/\/www.youtube.com\/channel\/UCRhw7vfabnajwLxb1ZXMeIw"]},{"@type":"Person","@id":"https:\/\/www.padreeustaquio.com.br\/#\/schema\/person\/a2a51db1d00f1a7af0204a0f1ddb1566","name":"@sscc","image":{"@type":"ImageObject","inLanguage":"en-US","@id":"https:\/\/secure.gravatar.com\/avatar\/68cfafa5f44617fea54071e215026e0ff06be366c3d54a8425f04fdcb86f8c5f?s=96&d=mm&r=g","url":"https:\/\/secure.gravatar.com\/avatar\/68cfafa5f44617fea54071e215026e0ff06be366c3d54a8425f04fdcb86f8c5f?s=96&d=mm&r=g","contentUrl":"https:\/\/secure.gravatar.com\/avatar\/68cfafa5f44617fea54071e215026e0ff06be366c3d54a8425f04fdcb86f8c5f?s=96&d=mm&r=g","caption":"@sscc"},"url":"https:\/\/www.padreeustaquio.com.br\/en\/author\/sscc\/"}]}},"_links":{"self":[{"href":"https:\/\/www.padreeustaquio.com.br\/en\/wp-json\/wp\/v2\/posts\/8461","targetHints":{"allow":["GET"]}}],"collection":[{"href":"https:\/\/www.padreeustaquio.com.br\/en\/wp-json\/wp\/v2\/posts"}],"about":[{"href":"https:\/\/www.padreeustaquio.com.br\/en\/wp-json\/wp\/v2\/types\/post"}],"author":[{"embeddable":true,"href":"https:\/\/www.padreeustaquio.com.br\/en\/wp-json\/wp\/v2\/users\/2"}],"replies":[{"embeddable":true,"href":"https:\/\/www.padreeustaquio.com.br\/en\/wp-json\/wp\/v2\/comments?post=8461"}],"version-history":[{"count":0,"href":"https:\/\/www.padreeustaquio.com.br\/en\/wp-json\/wp\/v2\/posts\/8461\/revisions"}],"wp:featuredmedia":[{"embeddable":true,"href":"https:\/\/www.padreeustaquio.com.br\/en\/wp-json\/wp\/v2\/media\/8462"}],"wp:attachment":[{"href":"https:\/\/www.padreeustaquio.com.br\/en\/wp-json\/wp\/v2\/media?parent=8461"}],"wp:term":[{"taxonomy":"category","embeddable":true,"href":"https:\/\/www.padreeustaquio.com.br\/en\/wp-json\/wp\/v2\/categories?post=8461"},{"taxonomy":"post_tag","embeddable":true,"href":"https:\/\/www.padreeustaquio.com.br\/en\/wp-json\/wp\/v2\/tags?post=8461"}],"curies":[{"name":"wp","href":"https:\/\/api.w.org\/{rel}","templated":true}]}}