{"id":8454,"date":"2022-04-12T06:09:00","date_gmt":"2022-04-12T09:09:00","guid":{"rendered":"https:\/\/www.padreeustaquio.com.br\/?p=8454"},"modified":"2022-04-11T10:28:07","modified_gmt":"2022-04-11T13:28:07","slug":"vice-candidate-records-reflection-for-good-friday-on-radio-america","status":"publish","type":"post","link":"https:\/\/www.padreeustaquio.com.br\/en\/vice-candidate-records-reflection-for-good-friday-on-radio-america\/","title":{"rendered":"Vice-postulator records reflection for Good Friday on Radio America"},"content":{"rendered":"<p>The vice-postulator of the Cause for Canonization of Father Eust\u00e1quio, Fr. Vin\u00edcius Maciel, ss.cc., was at the headquarters of Radio Am\u00e9rica AM to record a special program that will be broadcast during the special programming that will air next Friday. The theme was the agony of Jesus in the final moments of his Passion.<\/p>\n\n\n\n<p>Father Vin\u00edcius, who is also the rector of the Sanctuary of Health and Peace, was received by the director of Radio Am\u00e9rica, Elanilza Carneiro, and the producers of the Catholic station. In the studio, Fr. Vin\u00edcius offered an intense reflection and related the theme to the Sacred Hearts of Jesus and Mary. The program will air during the station&#039;s special programming for Good Friday and will last 45 minutes.<\/p>\n\n\n\n<p>Tune in to AM radio \u2013 750 KHz or visit the website of <a href=\"https:\/\/radioamerica.arquidiocesebh.org.br\/\" target=\"_blank\" rel=\"noreferrer noopener\">Radio America<\/a> to listen to the program. <a href=\"https:\/\/radioamerica.arquidiocesebh.org.br\/noticia\/radio-america-exibe-programacao-especial-durante-a-semana-santa\/\" target=\"_blank\" rel=\"noreferrer noopener\">Click here<\/a> And check out the special programming for Holy Week.<\/p>\n\n\n\n<p><strong>RADIO AMERICA<\/strong><\/p>\n\n\n\n<p>Founded in 1955, R\u00e1dio Am\u00e9rica is part of the Rede Catedral de Comunica\u00e7\u00e3o Cat\u00f3lica (Cathedral Network of Catholic Communication), which unites the media outlets of the Archdiocese of Belo Horizonte. The station is one of the most traditional radio broadcasting platforms in Minas Gerais and holds the second position in audience share on the AM frequency.<\/p>\n\n\n\n<p>With the mission of providing communication that contributes to building a more just, humane, and fraternal society, Am\u00e9rica brings quality content to listeners, promoting evangelization, education, and culture.<\/p>\n\n\n\n<p>Tuned in via AM 750 frequency, the station is present in several municipalities in Minas Gerais, within a 100 km radius of Belo Horizonte, and throughout Brazil via satellite. The programming is also available on the website (americabh.com.br) and on the \u201cRede Catedral\u201d app.<\/p>\n\n\n\n<p><\/p>\n\n\n\n<p>In 2015, Radio Am\u00e9rica was proclaimed the station of Our Lady of Pity \u2013 Patron Saint of Minas Gerais.<\/p>\n\n\n\n<p><\/p>","protected":false},"excerpt":{"rendered":"<p>O vice-postulador da Causa de Canoniza\u00e7\u00e3o de Padre Eust\u00e1quio, Pe. Vin\u00edcius Maciel, ss.cc., esteve na sede da R\u00e1dio Am\u00e9rica AM para gravar um programa especial que ser\u00e1 veiculado durante a programa\u00e7\u00e3o diferenciada que ser\u00e1 levada ao ar na pr\u00f3xima sexta-feira. O tema foi a agonia de Jesus nos momentos finais da sua Paix\u00e3o. Padre Vin\u00edcius, que tamb\u00e9m \u00e9 o reitor do Santu\u00e1rio da Sa\u00fade e da Paz, foi recebido pela diretora da R\u00e1dio Am\u00e9rica, Elanilza Carneiro, e pelos produtores da emissora cat\u00f3lica. Em est\u00fadio, Pe. Vin\u00edcius fez uma reflex\u00e3o intensa e relacionou o tema aos Sagrados Cora\u00e7\u00f5es de Jesus e [&hellip;]<\/p>\n","protected":false},"author":2,"featured_media":8455,"comment_status":"open","ping_status":"closed","sticky":false,"template":"","format":"standard","meta":{"_acf_changed":false,"footnotes":""},"categories":[611],"tags":[],"class_list":["post-8454","post","type-post","status-publish","format-standard","has-post-thumbnail","hentry","category-noticias"],"acf":[],"yoast_head":"<!-- This site is optimized with the Yoast SEO plugin v27.2 - https:\/\/yoast.com\/product\/yoast-seo-wordpress\/ -->\n<title>Vice-postulador grava reflex\u00e3o para a Sexta-feira da Paix\u00e3o na R\u00e1dio Am\u00e9rica<\/title>\n<meta name=\"description\" content=\"O vice-postulador da Causa de Canoniza\u00e7\u00e3o de Padre Eust\u00e1quio, Pe. Vin\u00edcius Maciel, ss.cc., esteve na sede da R\u00e1dio Am\u00e9rica AM para gravar um programa especial que ser\u00e1 veiculado durante a programa\u00e7\u00e3o diferenciada que ser\u00e1 levada ao ar na pr\u00f3xima sexta-feira. O tema foi a agonia de Jesus nos momentos finais da sua Paix\u00e3o.\" \/>\n<meta name=\"robots\" content=\"index, follow, max-snippet:-1, max-image-preview:large, max-video-preview:-1\" \/>\n<link rel=\"canonical\" href=\"https:\/\/www.padreeustaquio.com.br\/en\/vice-candidate-records-reflection-for-good-friday-on-radio-america\/\" \/>\n<meta property=\"og:locale\" content=\"en_US\" \/>\n<meta property=\"og:type\" content=\"article\" \/>\n<meta property=\"og:title\" content=\"Vice-postulador grava reflex\u00e3o para a Sexta-feira da Paix\u00e3o na R\u00e1dio Am\u00e9rica\" \/>\n<meta property=\"og:description\" content=\"O vice-postulador da Causa de Canoniza\u00e7\u00e3o de Padre Eust\u00e1quio, Pe. Vin\u00edcius Maciel, ss.cc., esteve na sede da R\u00e1dio Am\u00e9rica AM para gravar um programa especial que ser\u00e1 veiculado durante a programa\u00e7\u00e3o diferenciada que ser\u00e1 levada ao ar na pr\u00f3xima sexta-feira. O tema foi a agonia de Jesus nos momentos finais da sua Paix\u00e3o.\" \/>\n<meta property=\"og:url\" content=\"https:\/\/www.padreeustaquio.com.br\/en\/vice-candidate-records-reflection-for-good-friday-on-radio-america\/\" \/>\n<meta property=\"og:site_name\" content=\"Padre Eust\u00e1quio\" \/>\n<meta property=\"article:publisher\" content=\"https:\/\/www.facebook.com\/beatopadreeustaquio\/\" \/>\n<meta property=\"article:published_time\" content=\"2022-04-12T09:09:00+00:00\" \/>\n<meta property=\"og:image\" content=\"https:\/\/www.padreeustaquio.com.br\/wp-content\/uploads\/2022\/04\/radio-america-com-padre-vinicius.jpg\" \/>\n\t<meta property=\"og:image:width\" content=\"748\" \/>\n\t<meta property=\"og:image:height\" content=\"394\" \/>\n\t<meta property=\"og:image:type\" content=\"image\/jpeg\" \/>\n<meta name=\"author\" content=\"@sscc\" \/>\n<meta name=\"twitter:card\" content=\"summary_large_image\" \/>\n<meta name=\"twitter:creator\" content=\"@beatopeustaquio\" \/>\n<meta name=\"twitter:site\" content=\"@beatopeustaquio\" \/>\n<meta name=\"twitter:label1\" content=\"Written by\" \/>\n\t<meta name=\"twitter:data1\" content=\"@sscc\" \/>\n\t<meta name=\"twitter:label2\" content=\"Est. reading time\" \/>\n\t<meta name=\"twitter:data2\" content=\"2 minutes\" \/>\n<script type=\"application\/ld+json\" class=\"yoast-schema-graph\">{\"@context\":\"https:\/\/schema.org\",\"@graph\":[{\"@type\":\"Article\",\"@id\":\"https:\/\/www.padreeustaquio.com.br\/vice-postulador-grava-reflexao-para-a-sexta-feira-da-paixao-na-radio-america\/#article\",\"isPartOf\":{\"@id\":\"https:\/\/www.padreeustaquio.com.br\/vice-postulador-grava-reflexao-para-a-sexta-feira-da-paixao-na-radio-america\/\"},\"author\":{\"name\":\"@sscc\",\"@id\":\"https:\/\/www.padreeustaquio.com.br\/#\/schema\/person\/a2a51db1d00f1a7af0204a0f1ddb1566\"},\"headline\":\"Vice-postulador grava reflex\u00e3o para a Sexta-feira da Paix\u00e3o na R\u00e1dio Am\u00e9rica\",\"datePublished\":\"2022-04-12T09:09:00+00:00\",\"mainEntityOfPage\":{\"@id\":\"https:\/\/www.padreeustaquio.com.br\/vice-postulador-grava-reflexao-para-a-sexta-feira-da-paixao-na-radio-america\/\"},\"wordCount\":367,\"commentCount\":0,\"publisher\":{\"@id\":\"https:\/\/www.padreeustaquio.com.br\/#organization\"},\"image\":{\"@id\":\"https:\/\/www.padreeustaquio.com.br\/vice-postulador-grava-reflexao-para-a-sexta-feira-da-paixao-na-radio-america\/#primaryimage\"},\"thumbnailUrl\":\"https:\/\/www.padreeustaquio.com.br\/wp-content\/uploads\/2022\/04\/radio-america-com-padre-vinicius.jpg\",\"articleSection\":[\"Not\u00edcias\"],\"inLanguage\":\"en-US\",\"potentialAction\":[{\"@type\":\"CommentAction\",\"name\":\"Comment\",\"target\":[\"https:\/\/www.padreeustaquio.com.br\/vice-postulador-grava-reflexao-para-a-sexta-feira-da-paixao-na-radio-america\/#respond\"]}]},{\"@type\":\"WebPage\",\"@id\":\"https:\/\/www.padreeustaquio.com.br\/vice-postulador-grava-reflexao-para-a-sexta-feira-da-paixao-na-radio-america\/\",\"url\":\"https:\/\/www.padreeustaquio.com.br\/vice-postulador-grava-reflexao-para-a-sexta-feira-da-paixao-na-radio-america\/\",\"name\":\"Vice-postulador grava reflex\u00e3o para a Sexta-feira da Paix\u00e3o na R\u00e1dio Am\u00e9rica\",\"isPartOf\":{\"@id\":\"https:\/\/www.padreeustaquio.com.br\/#website\"},\"primaryImageOfPage\":{\"@id\":\"https:\/\/www.padreeustaquio.com.br\/vice-postulador-grava-reflexao-para-a-sexta-feira-da-paixao-na-radio-america\/#primaryimage\"},\"image\":{\"@id\":\"https:\/\/www.padreeustaquio.com.br\/vice-postulador-grava-reflexao-para-a-sexta-feira-da-paixao-na-radio-america\/#primaryimage\"},\"thumbnailUrl\":\"https:\/\/www.padreeustaquio.com.br\/wp-content\/uploads\/2022\/04\/radio-america-com-padre-vinicius.jpg\",\"datePublished\":\"2022-04-12T09:09:00+00:00\",\"description\":\"O vice-postulador da Causa de Canoniza\u00e7\u00e3o de Padre Eust\u00e1quio, Pe. Vin\u00edcius Maciel, ss.cc., esteve na sede da R\u00e1dio Am\u00e9rica AM para gravar um programa especial que ser\u00e1 veiculado durante a programa\u00e7\u00e3o diferenciada que ser\u00e1 levada ao ar na pr\u00f3xima sexta-feira. O tema foi a agonia de Jesus nos momentos finais da sua Paix\u00e3o.\",\"breadcrumb\":{\"@id\":\"https:\/\/www.padreeustaquio.com.br\/vice-postulador-grava-reflexao-para-a-sexta-feira-da-paixao-na-radio-america\/#breadcrumb\"},\"inLanguage\":\"en-US\",\"potentialAction\":[{\"@type\":\"ReadAction\",\"target\":[\"https:\/\/www.padreeustaquio.com.br\/vice-postulador-grava-reflexao-para-a-sexta-feira-da-paixao-na-radio-america\/\"]}]},{\"@type\":\"ImageObject\",\"inLanguage\":\"en-US\",\"@id\":\"https:\/\/www.padreeustaquio.com.br\/vice-postulador-grava-reflexao-para-a-sexta-feira-da-paixao-na-radio-america\/#primaryimage\",\"url\":\"https:\/\/www.padreeustaquio.com.br\/wp-content\/uploads\/2022\/04\/radio-america-com-padre-vinicius.jpg\",\"contentUrl\":\"https:\/\/www.padreeustaquio.com.br\/wp-content\/uploads\/2022\/04\/radio-america-com-padre-vinicius.jpg\",\"width\":748,\"height\":394},{\"@type\":\"BreadcrumbList\",\"@id\":\"https:\/\/www.padreeustaquio.com.br\/vice-postulador-grava-reflexao-para-a-sexta-feira-da-paixao-na-radio-america\/#breadcrumb\",\"itemListElement\":[{\"@type\":\"ListItem\",\"position\":1,\"name\":\"In\u00edcio\",\"item\":\"https:\/\/www.padreeustaquio.com.br\/\"},{\"@type\":\"ListItem\",\"position\":2,\"name\":\"Vice-postulador grava reflex\u00e3o para a Sexta-feira da Paix\u00e3o na R\u00e1dio Am\u00e9rica\"}]},{\"@type\":\"WebSite\",\"@id\":\"https:\/\/www.padreeustaquio.com.br\/#website\",\"url\":\"https:\/\/www.padreeustaquio.com.br\/\",\"name\":\"Padre Eust\u00e1quio\",\"description\":\"Sa\u00fade e Paz\",\"publisher\":{\"@id\":\"https:\/\/www.padreeustaquio.com.br\/#organization\"},\"potentialAction\":[{\"@type\":\"SearchAction\",\"target\":{\"@type\":\"EntryPoint\",\"urlTemplate\":\"https:\/\/www.padreeustaquio.com.br\/?s={search_term_string}\"},\"query-input\":{\"@type\":\"PropertyValueSpecification\",\"valueRequired\":true,\"valueName\":\"search_term_string\"}}],\"inLanguage\":\"en-US\"},{\"@type\":\"Organization\",\"@id\":\"https:\/\/www.padreeustaquio.com.br\/#organization\",\"name\":\"Padre Eust\u00e1quio\",\"url\":\"https:\/\/www.padreeustaquio.com.br\/\",\"logo\":{\"@type\":\"ImageObject\",\"inLanguage\":\"en-US\",\"@id\":\"https:\/\/www.padreeustaquio.com.br\/#\/schema\/logo\/image\/\",\"url\":\"https:\/\/www.padreeustaquio.com.br\/wp-content\/uploads\/2019\/08\/marca.png\",\"contentUrl\":\"https:\/\/www.padreeustaquio.com.br\/wp-content\/uploads\/2019\/08\/marca.png\",\"width\":350,\"height\":400,\"caption\":\"Padre Eust\u00e1quio\"},\"image\":{\"@id\":\"https:\/\/www.padreeustaquio.com.br\/#\/schema\/logo\/image\/\"},\"sameAs\":[\"https:\/\/www.facebook.com\/beatopadreeustaquio\/\",\"https:\/\/x.com\/beatopeustaquio\",\"https:\/\/www.instagram.com\/beatopadreeustaquio\/\",\"https:\/\/www.youtube.com\/channel\/UCRhw7vfabnajwLxb1ZXMeIw\"]},{\"@type\":\"Person\",\"@id\":\"https:\/\/www.padreeustaquio.com.br\/#\/schema\/person\/a2a51db1d00f1a7af0204a0f1ddb1566\",\"name\":\"@sscc\",\"image\":{\"@type\":\"ImageObject\",\"inLanguage\":\"en-US\",\"@id\":\"https:\/\/secure.gravatar.com\/avatar\/68cfafa5f44617fea54071e215026e0ff06be366c3d54a8425f04fdcb86f8c5f?s=96&d=mm&r=g\",\"url\":\"https:\/\/secure.gravatar.com\/avatar\/68cfafa5f44617fea54071e215026e0ff06be366c3d54a8425f04fdcb86f8c5f?s=96&d=mm&r=g\",\"contentUrl\":\"https:\/\/secure.gravatar.com\/avatar\/68cfafa5f44617fea54071e215026e0ff06be366c3d54a8425f04fdcb86f8c5f?s=96&d=mm&r=g\",\"caption\":\"@sscc\"},\"url\":\"https:\/\/www.padreeustaquio.com.br\/en\/author\/sscc\/\"}]}<\/script>\n<!-- \/ Yoast SEO plugin. -->","yoast_head_json":{"title":"Vice-postulator records reflection for Good Friday on Radio America","description":"The vice-postulator of the Cause for Canonization of Father Eust\u00e1quio, Fr. Vin\u00edcius Maciel, ss.cc., was at the headquarters of Radio Am\u00e9rica AM to record a special program that will be broadcast during the special programming that will air next Friday. The theme was the agony of Jesus in the final moments of his Passion.","robots":{"index":"index","follow":"follow","max-snippet":"max-snippet:-1","max-image-preview":"max-image-preview:large","max-video-preview":"max-video-preview:-1"},"canonical":"https:\/\/www.padreeustaquio.com.br\/en\/vice-candidate-records-reflection-for-good-friday-on-radio-america\/","og_locale":"en_US","og_type":"article","og_title":"Vice-postulador grava reflex\u00e3o para a Sexta-feira da Paix\u00e3o na R\u00e1dio Am\u00e9rica","og_description":"O vice-postulador da Causa de Canoniza\u00e7\u00e3o de Padre Eust\u00e1quio, Pe. Vin\u00edcius Maciel, ss.cc., esteve na sede da R\u00e1dio Am\u00e9rica AM para gravar um programa especial que ser\u00e1 veiculado durante a programa\u00e7\u00e3o diferenciada que ser\u00e1 levada ao ar na pr\u00f3xima sexta-feira. O tema foi a agonia de Jesus nos momentos finais da sua Paix\u00e3o.","og_url":"https:\/\/www.padreeustaquio.com.br\/en\/vice-candidate-records-reflection-for-good-friday-on-radio-america\/","og_site_name":"Padre Eust\u00e1quio","article_publisher":"https:\/\/www.facebook.com\/beatopadreeustaquio\/","article_published_time":"2022-04-12T09:09:00+00:00","og_image":[{"width":748,"height":394,"url":"https:\/\/www.padreeustaquio.com.br\/wp-content\/uploads\/2022\/04\/radio-america-com-padre-vinicius.jpg","type":"image\/jpeg"}],"author":"@sscc","twitter_card":"summary_large_image","twitter_creator":"@beatopeustaquio","twitter_site":"@beatopeustaquio","twitter_misc":{"Written by":"@sscc","Est. reading time":"2 minutes"},"schema":{"@context":"https:\/\/schema.org","@graph":[{"@type":"Article","@id":"https:\/\/www.padreeustaquio.com.br\/vice-postulador-grava-reflexao-para-a-sexta-feira-da-paixao-na-radio-america\/#article","isPartOf":{"@id":"https:\/\/www.padreeustaquio.com.br\/vice-postulador-grava-reflexao-para-a-sexta-feira-da-paixao-na-radio-america\/"},"author":{"name":"@sscc","@id":"https:\/\/www.padreeustaquio.com.br\/#\/schema\/person\/a2a51db1d00f1a7af0204a0f1ddb1566"},"headline":"Vice-postulador grava reflex\u00e3o para a Sexta-feira da Paix\u00e3o na R\u00e1dio Am\u00e9rica","datePublished":"2022-04-12T09:09:00+00:00","mainEntityOfPage":{"@id":"https:\/\/www.padreeustaquio.com.br\/vice-postulador-grava-reflexao-para-a-sexta-feira-da-paixao-na-radio-america\/"},"wordCount":367,"commentCount":0,"publisher":{"@id":"https:\/\/www.padreeustaquio.com.br\/#organization"},"image":{"@id":"https:\/\/www.padreeustaquio.com.br\/vice-postulador-grava-reflexao-para-a-sexta-feira-da-paixao-na-radio-america\/#primaryimage"},"thumbnailUrl":"https:\/\/www.padreeustaquio.com.br\/wp-content\/uploads\/2022\/04\/radio-america-com-padre-vinicius.jpg","articleSection":["Not\u00edcias"],"inLanguage":"en-US","potentialAction":[{"@type":"CommentAction","name":"Comment","target":["https:\/\/www.padreeustaquio.com.br\/vice-postulador-grava-reflexao-para-a-sexta-feira-da-paixao-na-radio-america\/#respond"]}]},{"@type":"WebPage","@id":"https:\/\/www.padreeustaquio.com.br\/vice-postulador-grava-reflexao-para-a-sexta-feira-da-paixao-na-radio-america\/","url":"https:\/\/www.padreeustaquio.com.br\/vice-postulador-grava-reflexao-para-a-sexta-feira-da-paixao-na-radio-america\/","name":"Vice-postulator records reflection for Good Friday on Radio America","isPartOf":{"@id":"https:\/\/www.padreeustaquio.com.br\/#website"},"primaryImageOfPage":{"@id":"https:\/\/www.padreeustaquio.com.br\/vice-postulador-grava-reflexao-para-a-sexta-feira-da-paixao-na-radio-america\/#primaryimage"},"image":{"@id":"https:\/\/www.padreeustaquio.com.br\/vice-postulador-grava-reflexao-para-a-sexta-feira-da-paixao-na-radio-america\/#primaryimage"},"thumbnailUrl":"https:\/\/www.padreeustaquio.com.br\/wp-content\/uploads\/2022\/04\/radio-america-com-padre-vinicius.jpg","datePublished":"2022-04-12T09:09:00+00:00","description":"The vice-postulator of the Cause for Canonization of Father Eust\u00e1quio, Fr. Vin\u00edcius Maciel, ss.cc., was at the headquarters of Radio Am\u00e9rica AM to record a special program that will be broadcast during the special programming that will air next Friday. The theme was the agony of Jesus in the final moments of his Passion.","breadcrumb":{"@id":"https:\/\/www.padreeustaquio.com.br\/vice-postulador-grava-reflexao-para-a-sexta-feira-da-paixao-na-radio-america\/#breadcrumb"},"inLanguage":"en-US","potentialAction":[{"@type":"ReadAction","target":["https:\/\/www.padreeustaquio.com.br\/vice-postulador-grava-reflexao-para-a-sexta-feira-da-paixao-na-radio-america\/"]}]},{"@type":"ImageObject","inLanguage":"en-US","@id":"https:\/\/www.padreeustaquio.com.br\/vice-postulador-grava-reflexao-para-a-sexta-feira-da-paixao-na-radio-america\/#primaryimage","url":"https:\/\/www.padreeustaquio.com.br\/wp-content\/uploads\/2022\/04\/radio-america-com-padre-vinicius.jpg","contentUrl":"https:\/\/www.padreeustaquio.com.br\/wp-content\/uploads\/2022\/04\/radio-america-com-padre-vinicius.jpg","width":748,"height":394},{"@type":"BreadcrumbList","@id":"https:\/\/www.padreeustaquio.com.br\/vice-postulador-grava-reflexao-para-a-sexta-feira-da-paixao-na-radio-america\/#breadcrumb","itemListElement":[{"@type":"ListItem","position":1,"name":"In\u00edcio","item":"https:\/\/www.padreeustaquio.com.br\/"},{"@type":"ListItem","position":2,"name":"Vice-postulador grava reflex\u00e3o para a Sexta-feira da Paix\u00e3o na R\u00e1dio Am\u00e9rica"}]},{"@type":"WebSite","@id":"https:\/\/www.padreeustaquio.com.br\/#website","url":"https:\/\/www.padreeustaquio.com.br\/","name":"FATHER EUST\u00c1QUIO","description":"Health and Peace","publisher":{"@id":"https:\/\/www.padreeustaquio.com.br\/#organization"},"potentialAction":[{"@type":"SearchAction","target":{"@type":"EntryPoint","urlTemplate":"https:\/\/www.padreeustaquio.com.br\/?s={search_term_string}"},"query-input":{"@type":"PropertyValueSpecification","valueRequired":true,"valueName":"search_term_string"}}],"inLanguage":"en-US"},{"@type":"Organization","@id":"https:\/\/www.padreeustaquio.com.br\/#organization","name":"FATHER EUST\u00c1QUIO","url":"https:\/\/www.padreeustaquio.com.br\/","logo":{"@type":"ImageObject","inLanguage":"en-US","@id":"https:\/\/www.padreeustaquio.com.br\/#\/schema\/logo\/image\/","url":"https:\/\/www.padreeustaquio.com.br\/wp-content\/uploads\/2019\/08\/marca.png","contentUrl":"https:\/\/www.padreeustaquio.com.br\/wp-content\/uploads\/2019\/08\/marca.png","width":350,"height":400,"caption":"Padre Eust\u00e1quio"},"image":{"@id":"https:\/\/www.padreeustaquio.com.br\/#\/schema\/logo\/image\/"},"sameAs":["https:\/\/www.facebook.com\/beatopadreeustaquio\/","https:\/\/x.com\/beatopeustaquio","https:\/\/www.instagram.com\/beatopadreeustaquio\/","https:\/\/www.youtube.com\/channel\/UCRhw7vfabnajwLxb1ZXMeIw"]},{"@type":"Person","@id":"https:\/\/www.padreeustaquio.com.br\/#\/schema\/person\/a2a51db1d00f1a7af0204a0f1ddb1566","name":"@sscc","image":{"@type":"ImageObject","inLanguage":"en-US","@id":"https:\/\/secure.gravatar.com\/avatar\/68cfafa5f44617fea54071e215026e0ff06be366c3d54a8425f04fdcb86f8c5f?s=96&d=mm&r=g","url":"https:\/\/secure.gravatar.com\/avatar\/68cfafa5f44617fea54071e215026e0ff06be366c3d54a8425f04fdcb86f8c5f?s=96&d=mm&r=g","contentUrl":"https:\/\/secure.gravatar.com\/avatar\/68cfafa5f44617fea54071e215026e0ff06be366c3d54a8425f04fdcb86f8c5f?s=96&d=mm&r=g","caption":"@sscc"},"url":"https:\/\/www.padreeustaquio.com.br\/en\/author\/sscc\/"}]}},"_links":{"self":[{"href":"https:\/\/www.padreeustaquio.com.br\/en\/wp-json\/wp\/v2\/posts\/8454","targetHints":{"allow":["GET"]}}],"collection":[{"href":"https:\/\/www.padreeustaquio.com.br\/en\/wp-json\/wp\/v2\/posts"}],"about":[{"href":"https:\/\/www.padreeustaquio.com.br\/en\/wp-json\/wp\/v2\/types\/post"}],"author":[{"embeddable":true,"href":"https:\/\/www.padreeustaquio.com.br\/en\/wp-json\/wp\/v2\/users\/2"}],"replies":[{"embeddable":true,"href":"https:\/\/www.padreeustaquio.com.br\/en\/wp-json\/wp\/v2\/comments?post=8454"}],"version-history":[{"count":0,"href":"https:\/\/www.padreeustaquio.com.br\/en\/wp-json\/wp\/v2\/posts\/8454\/revisions"}],"wp:featuredmedia":[{"embeddable":true,"href":"https:\/\/www.padreeustaquio.com.br\/en\/wp-json\/wp\/v2\/media\/8455"}],"wp:attachment":[{"href":"https:\/\/www.padreeustaquio.com.br\/en\/wp-json\/wp\/v2\/media?parent=8454"}],"wp:term":[{"taxonomy":"category","embeddable":true,"href":"https:\/\/www.padreeustaquio.com.br\/en\/wp-json\/wp\/v2\/categories?post=8454"},{"taxonomy":"post_tag","embeddable":true,"href":"https:\/\/www.padreeustaquio.com.br\/en\/wp-json\/wp\/v2\/tags?post=8454"}],"curies":[{"name":"wp","href":"https:\/\/api.w.org\/{rel}","templated":true}]}}