{"id":8451,"date":"2022-04-11T10:06:24","date_gmt":"2022-04-11T13:06:24","guid":{"rendered":"https:\/\/www.padreeustaquio.com.br\/?p=8451"},"modified":"2022-04-11T10:06:26","modified_gmt":"2022-04-11T13:06:26","slug":"devotees-return-to-celebrate-holy-week-in-person-in-belo-horizonte","status":"publish","type":"post","link":"https:\/\/www.padreeustaquio.com.br\/en\/devotees-return-to-celebrate-holy-week-in-person-in-belo-horizonte\/","title":{"rendered":"Devotees return to celebrate Holy Week in person in Belo Horizonte."},"content":{"rendered":"<p>Two years after holding Holy Week without the presence of the faithful, this weekend moved many people at the Sanctuary of Health and Peace. Thousands of people gathered to celebrate Palm Sunday. With processions, songs, and prayers, God&#039;s people met again in person to celebrate Christ&#039;s Easter.<\/p>\n\n\n\n<p>Holy Week at the Church of Father Eust\u00e1quio began on the eve of the rites, on Saturday the 9th. Father Alexandre Campos, sscc, presided over the celebration, which began outside the church and was followed by a procession with palm branches around the church.<\/p>\n\n\n\n<p>On Sunday at 10 am, a crowd of devotees gathered in front of the church to celebrate Jesus&#039; entry into Jerusalem. The Palm Sunday procession and Mass brought together people who hadn&#039;t been to church in a long time. Everyone wore masks and maintained hand hygiene and other precautions to avoid contamination. Those who participated were moved to see the church full of people singing and praising God.<\/p>\n\n\n\n<p>Those who were unable to attend in person or were far from the Sanctuary watched everything on the Padre Eust\u00e1quio Channel, both <a href=\"https:\/\/www.youtube.com\/watch?v=fW305AN72M0\" target=\"_blank\" rel=\"noreferrer noopener\">Saturday Mass and Procession (review here)<\/a>, as for <a href=\"https:\/\/www.youtube.com\/watch?v=T-u5CQqxI9w\" target=\"_blank\" rel=\"noreferrer noopener\">Sunday Mass and Procession (review here)<\/a>. In the other masses, even those not broadcast, there was a blessing of the palms and the church was also full of worshippers.<\/p>\n\n\n\n<p><strong>Complete Schedule for Holy Week 2022<\/strong><\/p>\n\n\n\n<p>On Monday and Tuesday (11 and 12) the Sanctuary will have the normal masses for these days, on Wednesday (13), at 7 pm, there will be mass in the church and at the same time two processions will leave: one from Conjunto Santos Dumont (with Our Lord of the Steps) and another from Lar Dona Paula (with Our Lady of Sorrows); afterwards the meeting of the images will take place in the Church with the Sermon of the Encounter.<\/p>\n\n\n\n<p>On Thursday the 14th, we will join you on the Padre Eust\u00e1quio Channel for the Mass of Unity, live from the Christ the King Cathedral at 9 am. In the evening, at 7 pm at the Sanctuary, there will be a celebration of the Mass of the Washing of the Feet and Institution of the Eucharist. Afterwards, a small procession will carry the Blessed Sacrament to the Community Center where the assembly will hold Adoration until midnight. On the Padre Eust\u00e1quio Channel, the Adoration will be broadcast until 10 pm.<\/p>\n\n\n\n<p>The day begins early on Good Friday (the 15th), at 7 am the traditional Stations of the Cross will be held through the streets of the neighborhood. It will begin at the corner of Vila Rica and Par\u00e1 de Minas streets. At noon there will be the Sermon of the Seven Last Words at the Padre Eust\u00e1quio Church. At 3 pm there will be a Solemn Liturgical Action with the celebration of the Passion and Death of Jesus, and at 7 pm, the youth will reenact the Passion of Christ, also inside the Church; afterwards there will be the burial procession with the image of the Dead Christ.<\/p>\n\n\n\n<p>On Saturday the 16th, a community tradition will be revived. The Washing of the Church is scheduled for 8:30 am so that all parishioners and devotees can participate and prepare the temple for a new moment. The Easter Vigil will be held at 7 pm, beginning in the courtyard of the Padre Eust\u00e1quio Marist School. Following this, the procession with the Paschal Candle will proceed to the Church where the celebration will conclude. And, on Easter Sunday, the Sanctuary will hold all its usual celebrations: at 7 am, 8:30 am, 10 am, 5 pm and 7 pm.<\/p>\n\n\n\n<p>Come celebrate with us and experience this moment intensely, the greatest in the liturgy of the Catholic faith, and may your Easter truly be the resurrection of Christ in your life.<\/p>\n\n\n\n<p><\/p>","protected":false},"excerpt":{"rendered":"<p>Dois anos depois de realizar a Semana Santa sem a presen\u00e7a de fi\u00e9is, esse final de semana deixou muita gente emocionada no Santu\u00e1rio da Sa\u00fade e da Paz. Milhares de pessoas se reuniram para celebrar o Domingo de Ramos. Com prociss\u00f5es, cantos e ora\u00e7\u00f5es, o povo de Deus voltou a se encontrar presencialmente para Celebrar a P\u00e1scoa de Cristo. A Semana Santa na Igreja do Padre Eust\u00e1quio come\u00e7ou j\u00e1 na v\u00e9spera, no s\u00e1bado, dia 9, Padre Alexandre Campos, sscc, presidiu a celebra\u00e7\u00e3o que come\u00e7ou do lado de fora da igreja e teve, na sequ\u00eancia a prociss\u00e3o com os ramos entorno [&hellip;]<\/p>\n","protected":false},"author":2,"featured_media":8452,"comment_status":"open","ping_status":"closed","sticky":false,"template":"","format":"standard","meta":{"_acf_changed":false,"footnotes":""},"categories":[611],"tags":[],"class_list":["post-8451","post","type-post","status-publish","format-standard","has-post-thumbnail","hentry","category-noticias"],"acf":[],"yoast_head":"<!-- This site is optimized with the Yoast SEO plugin v27.2 - https:\/\/yoast.com\/product\/yoast-seo-wordpress\/ -->\n<title>Devotos voltam a celebrar a Semana Santa presencialmente em BH<\/title>\n<meta name=\"description\" content=\"Dois anos depois de realizar a Semana Santa sem a presen\u00e7a de fi\u00e9is, esse final de semana deixou muita gente emocionada no Santu\u00e1rio da Sa\u00fade e da Paz. Milhares de pessoas se reuniram para celebrar o Domingo de Ramos. Com prociss\u00f5es, cantos e ora\u00e7\u00f5es, o povo de Deus voltou a se encontrar presencialmente para Celebrar a P\u00e1scoa de Cristo.\" \/>\n<meta name=\"robots\" content=\"index, follow, max-snippet:-1, max-image-preview:large, max-video-preview:-1\" \/>\n<link rel=\"canonical\" href=\"https:\/\/www.padreeustaquio.com.br\/en\/devotees-return-to-celebrate-holy-week-in-person-in-belo-horizonte\/\" \/>\n<meta property=\"og:locale\" content=\"en_US\" \/>\n<meta property=\"og:type\" content=\"article\" \/>\n<meta property=\"og:title\" content=\"Devotos voltam a celebrar a Semana Santa presencialmente em BH\" \/>\n<meta property=\"og:description\" content=\"Dois anos depois de realizar a Semana Santa sem a presen\u00e7a de fi\u00e9is, esse final de semana deixou muita gente emocionada no Santu\u00e1rio da Sa\u00fade e da Paz. Milhares de pessoas se reuniram para celebrar o Domingo de Ramos. Com prociss\u00f5es, cantos e ora\u00e7\u00f5es, o povo de Deus voltou a se encontrar presencialmente para Celebrar a P\u00e1scoa de Cristo.\" \/>\n<meta property=\"og:url\" content=\"https:\/\/www.padreeustaquio.com.br\/en\/devotees-return-to-celebrate-holy-week-in-person-in-belo-horizonte\/\" \/>\n<meta property=\"og:site_name\" content=\"Padre Eust\u00e1quio\" \/>\n<meta property=\"article:publisher\" content=\"https:\/\/www.facebook.com\/beatopadreeustaquio\/\" \/>\n<meta property=\"article:published_time\" content=\"2022-04-11T13:06:24+00:00\" \/>\n<meta property=\"article:modified_time\" content=\"2022-04-11T13:06:26+00:00\" \/>\n<meta property=\"og:image\" content=\"https:\/\/www.padreeustaquio.com.br\/wp-content\/uploads\/2022\/04\/Domingo-de-Ramos.jpg\" \/>\n\t<meta property=\"og:image:width\" content=\"748\" \/>\n\t<meta property=\"og:image:height\" content=\"394\" \/>\n\t<meta property=\"og:image:type\" content=\"image\/jpeg\" \/>\n<meta name=\"author\" content=\"@sscc\" \/>\n<meta name=\"twitter:card\" content=\"summary_large_image\" \/>\n<meta name=\"twitter:creator\" content=\"@beatopeustaquio\" \/>\n<meta name=\"twitter:site\" content=\"@beatopeustaquio\" \/>\n<meta name=\"twitter:label1\" content=\"Written by\" \/>\n\t<meta name=\"twitter:data1\" content=\"@sscc\" \/>\n\t<meta name=\"twitter:label2\" content=\"Est. reading time\" \/>\n\t<meta name=\"twitter:data2\" content=\"3 minutes\" \/>\n<script type=\"application\/ld+json\" class=\"yoast-schema-graph\">{\"@context\":\"https:\/\/schema.org\",\"@graph\":[{\"@type\":\"Article\",\"@id\":\"https:\/\/www.padreeustaquio.com.br\/devotos-voltam-a-celebrar-a-semana-santa-presencialmente-em-bh\/#article\",\"isPartOf\":{\"@id\":\"https:\/\/www.padreeustaquio.com.br\/devotos-voltam-a-celebrar-a-semana-santa-presencialmente-em-bh\/\"},\"author\":{\"name\":\"@sscc\",\"@id\":\"https:\/\/www.padreeustaquio.com.br\/#\/schema\/person\/a2a51db1d00f1a7af0204a0f1ddb1566\"},\"headline\":\"Devotos voltam a celebrar a Semana Santa presencialmente em BH\",\"datePublished\":\"2022-04-11T13:06:24+00:00\",\"dateModified\":\"2022-04-11T13:06:26+00:00\",\"mainEntityOfPage\":{\"@id\":\"https:\/\/www.padreeustaquio.com.br\/devotos-voltam-a-celebrar-a-semana-santa-presencialmente-em-bh\/\"},\"wordCount\":664,\"commentCount\":0,\"publisher\":{\"@id\":\"https:\/\/www.padreeustaquio.com.br\/#organization\"},\"image\":{\"@id\":\"https:\/\/www.padreeustaquio.com.br\/devotos-voltam-a-celebrar-a-semana-santa-presencialmente-em-bh\/#primaryimage\"},\"thumbnailUrl\":\"https:\/\/www.padreeustaquio.com.br\/wp-content\/uploads\/2022\/04\/Domingo-de-Ramos.jpg\",\"articleSection\":[\"Not\u00edcias\"],\"inLanguage\":\"en-US\",\"potentialAction\":[{\"@type\":\"CommentAction\",\"name\":\"Comment\",\"target\":[\"https:\/\/www.padreeustaquio.com.br\/devotos-voltam-a-celebrar-a-semana-santa-presencialmente-em-bh\/#respond\"]}]},{\"@type\":\"WebPage\",\"@id\":\"https:\/\/www.padreeustaquio.com.br\/devotos-voltam-a-celebrar-a-semana-santa-presencialmente-em-bh\/\",\"url\":\"https:\/\/www.padreeustaquio.com.br\/devotos-voltam-a-celebrar-a-semana-santa-presencialmente-em-bh\/\",\"name\":\"Devotos voltam a celebrar a Semana Santa presencialmente em BH\",\"isPartOf\":{\"@id\":\"https:\/\/www.padreeustaquio.com.br\/#website\"},\"primaryImageOfPage\":{\"@id\":\"https:\/\/www.padreeustaquio.com.br\/devotos-voltam-a-celebrar-a-semana-santa-presencialmente-em-bh\/#primaryimage\"},\"image\":{\"@id\":\"https:\/\/www.padreeustaquio.com.br\/devotos-voltam-a-celebrar-a-semana-santa-presencialmente-em-bh\/#primaryimage\"},\"thumbnailUrl\":\"https:\/\/www.padreeustaquio.com.br\/wp-content\/uploads\/2022\/04\/Domingo-de-Ramos.jpg\",\"datePublished\":\"2022-04-11T13:06:24+00:00\",\"dateModified\":\"2022-04-11T13:06:26+00:00\",\"description\":\"Dois anos depois de realizar a Semana Santa sem a presen\u00e7a de fi\u00e9is, esse final de semana deixou muita gente emocionada no Santu\u00e1rio da Sa\u00fade e da Paz. Milhares de pessoas se reuniram para celebrar o Domingo de Ramos. Com prociss\u00f5es, cantos e ora\u00e7\u00f5es, o povo de Deus voltou a se encontrar presencialmente para Celebrar a P\u00e1scoa de Cristo.\",\"breadcrumb\":{\"@id\":\"https:\/\/www.padreeustaquio.com.br\/devotos-voltam-a-celebrar-a-semana-santa-presencialmente-em-bh\/#breadcrumb\"},\"inLanguage\":\"en-US\",\"potentialAction\":[{\"@type\":\"ReadAction\",\"target\":[\"https:\/\/www.padreeustaquio.com.br\/devotos-voltam-a-celebrar-a-semana-santa-presencialmente-em-bh\/\"]}]},{\"@type\":\"ImageObject\",\"inLanguage\":\"en-US\",\"@id\":\"https:\/\/www.padreeustaquio.com.br\/devotos-voltam-a-celebrar-a-semana-santa-presencialmente-em-bh\/#primaryimage\",\"url\":\"https:\/\/www.padreeustaquio.com.br\/wp-content\/uploads\/2022\/04\/Domingo-de-Ramos.jpg\",\"contentUrl\":\"https:\/\/www.padreeustaquio.com.br\/wp-content\/uploads\/2022\/04\/Domingo-de-Ramos.jpg\",\"width\":748,\"height\":394},{\"@type\":\"BreadcrumbList\",\"@id\":\"https:\/\/www.padreeustaquio.com.br\/devotos-voltam-a-celebrar-a-semana-santa-presencialmente-em-bh\/#breadcrumb\",\"itemListElement\":[{\"@type\":\"ListItem\",\"position\":1,\"name\":\"In\u00edcio\",\"item\":\"https:\/\/www.padreeustaquio.com.br\/\"},{\"@type\":\"ListItem\",\"position\":2,\"name\":\"Devotos voltam a celebrar a Semana Santa presencialmente em BH\"}]},{\"@type\":\"WebSite\",\"@id\":\"https:\/\/www.padreeustaquio.com.br\/#website\",\"url\":\"https:\/\/www.padreeustaquio.com.br\/\",\"name\":\"Padre Eust\u00e1quio\",\"description\":\"Sa\u00fade e Paz\",\"publisher\":{\"@id\":\"https:\/\/www.padreeustaquio.com.br\/#organization\"},\"potentialAction\":[{\"@type\":\"SearchAction\",\"target\":{\"@type\":\"EntryPoint\",\"urlTemplate\":\"https:\/\/www.padreeustaquio.com.br\/?s={search_term_string}\"},\"query-input\":{\"@type\":\"PropertyValueSpecification\",\"valueRequired\":true,\"valueName\":\"search_term_string\"}}],\"inLanguage\":\"en-US\"},{\"@type\":\"Organization\",\"@id\":\"https:\/\/www.padreeustaquio.com.br\/#organization\",\"name\":\"Padre Eust\u00e1quio\",\"url\":\"https:\/\/www.padreeustaquio.com.br\/\",\"logo\":{\"@type\":\"ImageObject\",\"inLanguage\":\"en-US\",\"@id\":\"https:\/\/www.padreeustaquio.com.br\/#\/schema\/logo\/image\/\",\"url\":\"https:\/\/www.padreeustaquio.com.br\/wp-content\/uploads\/2019\/08\/marca.png\",\"contentUrl\":\"https:\/\/www.padreeustaquio.com.br\/wp-content\/uploads\/2019\/08\/marca.png\",\"width\":350,\"height\":400,\"caption\":\"Padre Eust\u00e1quio\"},\"image\":{\"@id\":\"https:\/\/www.padreeustaquio.com.br\/#\/schema\/logo\/image\/\"},\"sameAs\":[\"https:\/\/www.facebook.com\/beatopadreeustaquio\/\",\"https:\/\/x.com\/beatopeustaquio\",\"https:\/\/www.instagram.com\/beatopadreeustaquio\/\",\"https:\/\/www.youtube.com\/channel\/UCRhw7vfabnajwLxb1ZXMeIw\"]},{\"@type\":\"Person\",\"@id\":\"https:\/\/www.padreeustaquio.com.br\/#\/schema\/person\/a2a51db1d00f1a7af0204a0f1ddb1566\",\"name\":\"@sscc\",\"image\":{\"@type\":\"ImageObject\",\"inLanguage\":\"en-US\",\"@id\":\"https:\/\/secure.gravatar.com\/avatar\/68cfafa5f44617fea54071e215026e0ff06be366c3d54a8425f04fdcb86f8c5f?s=96&d=mm&r=g\",\"url\":\"https:\/\/secure.gravatar.com\/avatar\/68cfafa5f44617fea54071e215026e0ff06be366c3d54a8425f04fdcb86f8c5f?s=96&d=mm&r=g\",\"contentUrl\":\"https:\/\/secure.gravatar.com\/avatar\/68cfafa5f44617fea54071e215026e0ff06be366c3d54a8425f04fdcb86f8c5f?s=96&d=mm&r=g\",\"caption\":\"@sscc\"},\"url\":\"https:\/\/www.padreeustaquio.com.br\/en\/author\/sscc\/\"}]}<\/script>\n<!-- \/ Yoast SEO plugin. -->","yoast_head_json":{"title":"Devotees return to celebrate Holy Week in person in Belo Horizonte.","description":"Two years after holding Holy Week without the presence of the faithful, this weekend moved many people at the Sanctuary of Health and Peace. Thousands of people gathered to celebrate Palm Sunday. With processions, songs, and prayers, God&#039;s people met again in person to celebrate Christ&#039;s Easter.","robots":{"index":"index","follow":"follow","max-snippet":"max-snippet:-1","max-image-preview":"max-image-preview:large","max-video-preview":"max-video-preview:-1"},"canonical":"https:\/\/www.padreeustaquio.com.br\/en\/devotees-return-to-celebrate-holy-week-in-person-in-belo-horizonte\/","og_locale":"en_US","og_type":"article","og_title":"Devotos voltam a celebrar a Semana Santa presencialmente em BH","og_description":"Dois anos depois de realizar a Semana Santa sem a presen\u00e7a de fi\u00e9is, esse final de semana deixou muita gente emocionada no Santu\u00e1rio da Sa\u00fade e da Paz. Milhares de pessoas se reuniram para celebrar o Domingo de Ramos. Com prociss\u00f5es, cantos e ora\u00e7\u00f5es, o povo de Deus voltou a se encontrar presencialmente para Celebrar a P\u00e1scoa de Cristo.","og_url":"https:\/\/www.padreeustaquio.com.br\/en\/devotees-return-to-celebrate-holy-week-in-person-in-belo-horizonte\/","og_site_name":"Padre Eust\u00e1quio","article_publisher":"https:\/\/www.facebook.com\/beatopadreeustaquio\/","article_published_time":"2022-04-11T13:06:24+00:00","article_modified_time":"2022-04-11T13:06:26+00:00","og_image":[{"width":748,"height":394,"url":"https:\/\/www.padreeustaquio.com.br\/wp-content\/uploads\/2022\/04\/Domingo-de-Ramos.jpg","type":"image\/jpeg"}],"author":"@sscc","twitter_card":"summary_large_image","twitter_creator":"@beatopeustaquio","twitter_site":"@beatopeustaquio","twitter_misc":{"Written by":"@sscc","Est. reading time":"3 minutes"},"schema":{"@context":"https:\/\/schema.org","@graph":[{"@type":"Article","@id":"https:\/\/www.padreeustaquio.com.br\/devotos-voltam-a-celebrar-a-semana-santa-presencialmente-em-bh\/#article","isPartOf":{"@id":"https:\/\/www.padreeustaquio.com.br\/devotos-voltam-a-celebrar-a-semana-santa-presencialmente-em-bh\/"},"author":{"name":"@sscc","@id":"https:\/\/www.padreeustaquio.com.br\/#\/schema\/person\/a2a51db1d00f1a7af0204a0f1ddb1566"},"headline":"Devotos voltam a celebrar a Semana Santa presencialmente em BH","datePublished":"2022-04-11T13:06:24+00:00","dateModified":"2022-04-11T13:06:26+00:00","mainEntityOfPage":{"@id":"https:\/\/www.padreeustaquio.com.br\/devotos-voltam-a-celebrar-a-semana-santa-presencialmente-em-bh\/"},"wordCount":664,"commentCount":0,"publisher":{"@id":"https:\/\/www.padreeustaquio.com.br\/#organization"},"image":{"@id":"https:\/\/www.padreeustaquio.com.br\/devotos-voltam-a-celebrar-a-semana-santa-presencialmente-em-bh\/#primaryimage"},"thumbnailUrl":"https:\/\/www.padreeustaquio.com.br\/wp-content\/uploads\/2022\/04\/Domingo-de-Ramos.jpg","articleSection":["Not\u00edcias"],"inLanguage":"en-US","potentialAction":[{"@type":"CommentAction","name":"Comment","target":["https:\/\/www.padreeustaquio.com.br\/devotos-voltam-a-celebrar-a-semana-santa-presencialmente-em-bh\/#respond"]}]},{"@type":"WebPage","@id":"https:\/\/www.padreeustaquio.com.br\/devotos-voltam-a-celebrar-a-semana-santa-presencialmente-em-bh\/","url":"https:\/\/www.padreeustaquio.com.br\/devotos-voltam-a-celebrar-a-semana-santa-presencialmente-em-bh\/","name":"Devotees return to celebrate Holy Week in person in Belo Horizonte.","isPartOf":{"@id":"https:\/\/www.padreeustaquio.com.br\/#website"},"primaryImageOfPage":{"@id":"https:\/\/www.padreeustaquio.com.br\/devotos-voltam-a-celebrar-a-semana-santa-presencialmente-em-bh\/#primaryimage"},"image":{"@id":"https:\/\/www.padreeustaquio.com.br\/devotos-voltam-a-celebrar-a-semana-santa-presencialmente-em-bh\/#primaryimage"},"thumbnailUrl":"https:\/\/www.padreeustaquio.com.br\/wp-content\/uploads\/2022\/04\/Domingo-de-Ramos.jpg","datePublished":"2022-04-11T13:06:24+00:00","dateModified":"2022-04-11T13:06:26+00:00","description":"Two years after holding Holy Week without the presence of the faithful, this weekend moved many people at the Sanctuary of Health and Peace. Thousands of people gathered to celebrate Palm Sunday. With processions, songs, and prayers, God&#039;s people met again in person to celebrate Christ&#039;s Easter.","breadcrumb":{"@id":"https:\/\/www.padreeustaquio.com.br\/devotos-voltam-a-celebrar-a-semana-santa-presencialmente-em-bh\/#breadcrumb"},"inLanguage":"en-US","potentialAction":[{"@type":"ReadAction","target":["https:\/\/www.padreeustaquio.com.br\/devotos-voltam-a-celebrar-a-semana-santa-presencialmente-em-bh\/"]}]},{"@type":"ImageObject","inLanguage":"en-US","@id":"https:\/\/www.padreeustaquio.com.br\/devotos-voltam-a-celebrar-a-semana-santa-presencialmente-em-bh\/#primaryimage","url":"https:\/\/www.padreeustaquio.com.br\/wp-content\/uploads\/2022\/04\/Domingo-de-Ramos.jpg","contentUrl":"https:\/\/www.padreeustaquio.com.br\/wp-content\/uploads\/2022\/04\/Domingo-de-Ramos.jpg","width":748,"height":394},{"@type":"BreadcrumbList","@id":"https:\/\/www.padreeustaquio.com.br\/devotos-voltam-a-celebrar-a-semana-santa-presencialmente-em-bh\/#breadcrumb","itemListElement":[{"@type":"ListItem","position":1,"name":"In\u00edcio","item":"https:\/\/www.padreeustaquio.com.br\/"},{"@type":"ListItem","position":2,"name":"Devotos voltam a celebrar a Semana Santa presencialmente em BH"}]},{"@type":"WebSite","@id":"https:\/\/www.padreeustaquio.com.br\/#website","url":"https:\/\/www.padreeustaquio.com.br\/","name":"FATHER EUST\u00c1QUIO","description":"Health and Peace","publisher":{"@id":"https:\/\/www.padreeustaquio.com.br\/#organization"},"potentialAction":[{"@type":"SearchAction","target":{"@type":"EntryPoint","urlTemplate":"https:\/\/www.padreeustaquio.com.br\/?s={search_term_string}"},"query-input":{"@type":"PropertyValueSpecification","valueRequired":true,"valueName":"search_term_string"}}],"inLanguage":"en-US"},{"@type":"Organization","@id":"https:\/\/www.padreeustaquio.com.br\/#organization","name":"FATHER EUST\u00c1QUIO","url":"https:\/\/www.padreeustaquio.com.br\/","logo":{"@type":"ImageObject","inLanguage":"en-US","@id":"https:\/\/www.padreeustaquio.com.br\/#\/schema\/logo\/image\/","url":"https:\/\/www.padreeustaquio.com.br\/wp-content\/uploads\/2019\/08\/marca.png","contentUrl":"https:\/\/www.padreeustaquio.com.br\/wp-content\/uploads\/2019\/08\/marca.png","width":350,"height":400,"caption":"Padre Eust\u00e1quio"},"image":{"@id":"https:\/\/www.padreeustaquio.com.br\/#\/schema\/logo\/image\/"},"sameAs":["https:\/\/www.facebook.com\/beatopadreeustaquio\/","https:\/\/x.com\/beatopeustaquio","https:\/\/www.instagram.com\/beatopadreeustaquio\/","https:\/\/www.youtube.com\/channel\/UCRhw7vfabnajwLxb1ZXMeIw"]},{"@type":"Person","@id":"https:\/\/www.padreeustaquio.com.br\/#\/schema\/person\/a2a51db1d00f1a7af0204a0f1ddb1566","name":"@sscc","image":{"@type":"ImageObject","inLanguage":"en-US","@id":"https:\/\/secure.gravatar.com\/avatar\/68cfafa5f44617fea54071e215026e0ff06be366c3d54a8425f04fdcb86f8c5f?s=96&d=mm&r=g","url":"https:\/\/secure.gravatar.com\/avatar\/68cfafa5f44617fea54071e215026e0ff06be366c3d54a8425f04fdcb86f8c5f?s=96&d=mm&r=g","contentUrl":"https:\/\/secure.gravatar.com\/avatar\/68cfafa5f44617fea54071e215026e0ff06be366c3d54a8425f04fdcb86f8c5f?s=96&d=mm&r=g","caption":"@sscc"},"url":"https:\/\/www.padreeustaquio.com.br\/en\/author\/sscc\/"}]}},"_links":{"self":[{"href":"https:\/\/www.padreeustaquio.com.br\/en\/wp-json\/wp\/v2\/posts\/8451","targetHints":{"allow":["GET"]}}],"collection":[{"href":"https:\/\/www.padreeustaquio.com.br\/en\/wp-json\/wp\/v2\/posts"}],"about":[{"href":"https:\/\/www.padreeustaquio.com.br\/en\/wp-json\/wp\/v2\/types\/post"}],"author":[{"embeddable":true,"href":"https:\/\/www.padreeustaquio.com.br\/en\/wp-json\/wp\/v2\/users\/2"}],"replies":[{"embeddable":true,"href":"https:\/\/www.padreeustaquio.com.br\/en\/wp-json\/wp\/v2\/comments?post=8451"}],"version-history":[{"count":0,"href":"https:\/\/www.padreeustaquio.com.br\/en\/wp-json\/wp\/v2\/posts\/8451\/revisions"}],"wp:featuredmedia":[{"embeddable":true,"href":"https:\/\/www.padreeustaquio.com.br\/en\/wp-json\/wp\/v2\/media\/8452"}],"wp:attachment":[{"href":"https:\/\/www.padreeustaquio.com.br\/en\/wp-json\/wp\/v2\/media?parent=8451"}],"wp:term":[{"taxonomy":"category","embeddable":true,"href":"https:\/\/www.padreeustaquio.com.br\/en\/wp-json\/wp\/v2\/categories?post=8451"},{"taxonomy":"post_tag","embeddable":true,"href":"https:\/\/www.padreeustaquio.com.br\/en\/wp-json\/wp\/v2\/tags?post=8451"}],"curies":[{"name":"wp","href":"https:\/\/api.w.org\/{rel}","templated":true}]}}