{"id":8432,"date":"2022-04-08T06:14:00","date_gmt":"2022-04-08T09:14:00","guid":{"rendered":"https:\/\/www.padreeustaquio.com.br\/?p=8432"},"modified":"2022-04-07T09:24:29","modified_gmt":"2022-04-07T12:24:29","slug":"cause-for-canonization-makes-donation-to-padre-eustaquio-museum-in-porto-alegre-sao-paulo","status":"publish","type":"post","link":"https:\/\/www.padreeustaquio.com.br\/en\/cause-for-canonization-makes-donation-to-padre-eustaquio-museum-in-porto-alegre-sao-paulo\/","title":{"rendered":"The cause for canonization makes a donation to the Padre Eust\u00e1quio Museum in Po\u00e1, S\u00e3o Paulo."},"content":{"rendered":"<p>The Cause for the Canonization of Blessed Father Eust\u00e1quio made a donation to the Museum dedicated to the Blessed in Po\u00e1, in the metropolitan region of S\u00e3o Paulo. The item is a cassock that belonged to the religious of the Sacred Hearts. The delivery was made by the Vice-Postulator of the cause, Father Vin\u00edcius Maciel, SSCC, and by the researcher from the National Secretariat, Leandro Castro.<\/p>\n\n\n\n<p>The cassock bears the marks of time and the work that Father Eust\u00e1quio carried out during his life. Years of dedication to others, especially the sick and suffering. On the garment, it is possible to observe girdles and patches made many years ago. The white cassock also shows stains and signs of the times when it was worn by the Blessed.<\/p>\n\n\n\n<p>The donation was delivered to the Museum&#039;s coordinators, Delcimar Ferreira and Luciana Freire, and is a recognition from the National Secretariat for the Cause of Canonization of the Blessed, for the beautiful work developed since 2014 by the volunteer group &quot;Friends of the Padre Eust\u00e1quio Museum&quot;.<\/p>\n\n\n\n<p><strong>The Cassock<\/strong><\/p>\n\n\n\n<div class=\"wp-block-image\"><figure class=\"alignleft size-medium is-resized\"><img fetchpriority=\"high\" decoding=\"async\" src=\"https:\/\/www.padreeustaquio.com.br\/wp-content\/uploads\/2022\/04\/WhatsApp-Image-2022-04-04-at-17.05.10-3-300x200.jpeg\" alt=\"\" class=\"wp-image-8434\" width=\"340\" height=\"227\" srcset=\"https:\/\/www.padreeustaquio.com.br\/wp-content\/uploads\/2022\/04\/WhatsApp-Image-2022-04-04-at-17.05.10-3-300x200.jpeg 300w, https:\/\/www.padreeustaquio.com.br\/wp-content\/uploads\/2022\/04\/WhatsApp-Image-2022-04-04-at-17.05.10-3-1024x682.jpeg 1024w, https:\/\/www.padreeustaquio.com.br\/wp-content\/uploads\/2022\/04\/WhatsApp-Image-2022-04-04-at-17.05.10-3-768x512.jpeg 768w, https:\/\/www.padreeustaquio.com.br\/wp-content\/uploads\/2022\/04\/WhatsApp-Image-2022-04-04-at-17.05.10-3.jpeg 1280w\" sizes=\"(max-width: 340px) 100vw, 340px\" \/><\/figure><\/div>\n\n\n\n<p>This cassock belonging to Blessed Father Eustace was recovered and cataloged by the team working on the Blessed&#039;s belongings. According to researcher Leandro Castro, the certification that the cassock truly belonged to the Blessed is due to the Blessed&#039;s identification number, found on the inside of the garment. The Dutch priest was identified within the Congregation by the number 79.<\/p>\n\n\n\n<p><\/p>","protected":false},"excerpt":{"rendered":"<p>A Causa de Canoniza\u00e7\u00e3o do Beato Padre Eust\u00e1quio fez uma doa\u00e7\u00e3o para o Museu dedicado ao Bem-aventurado em Po\u00e1, na regi\u00e3o metropolitana de S\u00e3o Paulo. A pe\u00e7a \u00e9 um batina que pertenceu ao religioso dos Sagrados Cora\u00e7\u00f5es. A entrega foi realizada pelo Vice-postulador da causa, Padre Vin\u00edcius Maciel, SSCC e pelo pesquisador do Secretariado Nacional. Leandro Castro. A batina traz marcas do tempo e do trabalho que Padre Eust\u00e1quio desenvolvia durante sua vida. Anos de dedica\u00e7\u00e3o ao pr\u00f3ximo, principalmente aos doentes e sofredores. Na veste \u00e9 poss\u00edvel observar cingidos e remendos feitos h\u00e1 muitos anos. A batina branca traz ainda [&hellip;]<\/p>\n","protected":false},"author":2,"featured_media":8433,"comment_status":"open","ping_status":"closed","sticky":false,"template":"","format":"standard","meta":{"_acf_changed":false,"footnotes":""},"categories":[611],"tags":[],"class_list":["post-8432","post","type-post","status-publish","format-standard","has-post-thumbnail","hentry","category-noticias"],"acf":[],"yoast_head":"<!-- This site is optimized with the Yoast SEO plugin v27.2 - https:\/\/yoast.com\/product\/yoast-seo-wordpress\/ -->\n<title>Causa de Canoniza\u00e7\u00e3o faz doa\u00e7\u00e3o para Museu Padre Eust\u00e1quio em Po\u00e1, S\u00e3o Paulo<\/title>\n<meta name=\"description\" content=\"A Causa de Canoniza\u00e7\u00e3o do Beato Padre Eust\u00e1quio fez uma doa\u00e7\u00e3o para o Museu dedicado ao Bem-aventurado em Po\u00e1, na regi\u00e3o metropolitana de S\u00e3o Paulo. A pe\u00e7a \u00e9 um batina que pertenceu ao religioso dos Sagrados Cora\u00e7\u00f5es. A entrega foi realizada pelo Vice-postulador da causa, Padre Vin\u00edcius Maciel, SSCC e pelo pesquisador do Secretariado Nacional. Leandro Castro.\" \/>\n<meta name=\"robots\" content=\"index, follow, max-snippet:-1, max-image-preview:large, max-video-preview:-1\" \/>\n<link rel=\"canonical\" href=\"https:\/\/www.padreeustaquio.com.br\/en\/cause-for-canonization-makes-donation-to-padre-eustaquio-museum-in-porto-alegre-sao-paulo\/\" \/>\n<meta property=\"og:locale\" content=\"en_US\" \/>\n<meta property=\"og:type\" content=\"article\" \/>\n<meta property=\"og:title\" content=\"Causa de Canoniza\u00e7\u00e3o faz doa\u00e7\u00e3o para Museu Padre Eust\u00e1quio em Po\u00e1, S\u00e3o Paulo\" \/>\n<meta property=\"og:description\" content=\"A Causa de Canoniza\u00e7\u00e3o do Beato Padre Eust\u00e1quio fez uma doa\u00e7\u00e3o para o Museu dedicado ao Bem-aventurado em Po\u00e1, na regi\u00e3o metropolitana de S\u00e3o Paulo. A pe\u00e7a \u00e9 um batina que pertenceu ao religioso dos Sagrados Cora\u00e7\u00f5es. A entrega foi realizada pelo Vice-postulador da causa, Padre Vin\u00edcius Maciel, SSCC e pelo pesquisador do Secretariado Nacional. Leandro Castro.\" \/>\n<meta property=\"og:url\" content=\"https:\/\/www.padreeustaquio.com.br\/en\/cause-for-canonization-makes-donation-to-padre-eustaquio-museum-in-porto-alegre-sao-paulo\/\" \/>\n<meta property=\"og:site_name\" content=\"Padre Eust\u00e1quio\" \/>\n<meta property=\"article:publisher\" content=\"https:\/\/www.facebook.com\/beatopadreeustaquio\/\" \/>\n<meta property=\"article:published_time\" content=\"2022-04-08T09:14:00+00:00\" \/>\n<meta property=\"og:image\" content=\"https:\/\/www.padreeustaquio.com.br\/wp-content\/uploads\/2022\/04\/WhatsApp-Image-2022-04-04-at-17.05.10-2.jpeg\" \/>\n\t<meta property=\"og:image:width\" content=\"1280\" \/>\n\t<meta property=\"og:image:height\" content=\"853\" \/>\n\t<meta property=\"og:image:type\" content=\"image\/jpeg\" \/>\n<meta name=\"author\" content=\"@sscc\" \/>\n<meta name=\"twitter:card\" content=\"summary_large_image\" \/>\n<meta name=\"twitter:creator\" content=\"@beatopeustaquio\" \/>\n<meta name=\"twitter:site\" content=\"@beatopeustaquio\" \/>\n<meta name=\"twitter:label1\" content=\"Written by\" \/>\n\t<meta name=\"twitter:data1\" content=\"@sscc\" \/>\n\t<meta name=\"twitter:label2\" content=\"Est. reading time\" \/>\n\t<meta name=\"twitter:data2\" content=\"2 minutes\" \/>\n<script type=\"application\/ld+json\" class=\"yoast-schema-graph\">{\"@context\":\"https:\/\/schema.org\",\"@graph\":[{\"@type\":\"Article\",\"@id\":\"https:\/\/www.padreeustaquio.com.br\/causa-de-canonizacao-faz-doacao-para-museu-padre-eustaquio-em-poa-sao-paulo\/#article\",\"isPartOf\":{\"@id\":\"https:\/\/www.padreeustaquio.com.br\/causa-de-canonizacao-faz-doacao-para-museu-padre-eustaquio-em-poa-sao-paulo\/\"},\"author\":{\"name\":\"@sscc\",\"@id\":\"https:\/\/www.padreeustaquio.com.br\/#\/schema\/person\/a2a51db1d00f1a7af0204a0f1ddb1566\"},\"headline\":\"Causa de Canoniza\u00e7\u00e3o faz doa\u00e7\u00e3o para Museu Padre Eust\u00e1quio em Po\u00e1, S\u00e3o Paulo\",\"datePublished\":\"2022-04-08T09:14:00+00:00\",\"mainEntityOfPage\":{\"@id\":\"https:\/\/www.padreeustaquio.com.br\/causa-de-canonizacao-faz-doacao-para-museu-padre-eustaquio-em-poa-sao-paulo\/\"},\"wordCount\":249,\"commentCount\":0,\"publisher\":{\"@id\":\"https:\/\/www.padreeustaquio.com.br\/#organization\"},\"image\":{\"@id\":\"https:\/\/www.padreeustaquio.com.br\/causa-de-canonizacao-faz-doacao-para-museu-padre-eustaquio-em-poa-sao-paulo\/#primaryimage\"},\"thumbnailUrl\":\"https:\/\/www.padreeustaquio.com.br\/wp-content\/uploads\/2022\/04\/WhatsApp-Image-2022-04-04-at-17.05.10-2.jpeg\",\"articleSection\":[\"Not\u00edcias\"],\"inLanguage\":\"en-US\",\"potentialAction\":[{\"@type\":\"CommentAction\",\"name\":\"Comment\",\"target\":[\"https:\/\/www.padreeustaquio.com.br\/causa-de-canonizacao-faz-doacao-para-museu-padre-eustaquio-em-poa-sao-paulo\/#respond\"]}]},{\"@type\":\"WebPage\",\"@id\":\"https:\/\/www.padreeustaquio.com.br\/causa-de-canonizacao-faz-doacao-para-museu-padre-eustaquio-em-poa-sao-paulo\/\",\"url\":\"https:\/\/www.padreeustaquio.com.br\/causa-de-canonizacao-faz-doacao-para-museu-padre-eustaquio-em-poa-sao-paulo\/\",\"name\":\"Causa de Canoniza\u00e7\u00e3o faz doa\u00e7\u00e3o para Museu Padre Eust\u00e1quio em Po\u00e1, S\u00e3o Paulo\",\"isPartOf\":{\"@id\":\"https:\/\/www.padreeustaquio.com.br\/#website\"},\"primaryImageOfPage\":{\"@id\":\"https:\/\/www.padreeustaquio.com.br\/causa-de-canonizacao-faz-doacao-para-museu-padre-eustaquio-em-poa-sao-paulo\/#primaryimage\"},\"image\":{\"@id\":\"https:\/\/www.padreeustaquio.com.br\/causa-de-canonizacao-faz-doacao-para-museu-padre-eustaquio-em-poa-sao-paulo\/#primaryimage\"},\"thumbnailUrl\":\"https:\/\/www.padreeustaquio.com.br\/wp-content\/uploads\/2022\/04\/WhatsApp-Image-2022-04-04-at-17.05.10-2.jpeg\",\"datePublished\":\"2022-04-08T09:14:00+00:00\",\"description\":\"A Causa de Canoniza\u00e7\u00e3o do Beato Padre Eust\u00e1quio fez uma doa\u00e7\u00e3o para o Museu dedicado ao Bem-aventurado em Po\u00e1, na regi\u00e3o metropolitana de S\u00e3o Paulo. A pe\u00e7a \u00e9 um batina que pertenceu ao religioso dos Sagrados Cora\u00e7\u00f5es. A entrega foi realizada pelo Vice-postulador da causa, Padre Vin\u00edcius Maciel, SSCC e pelo pesquisador do Secretariado Nacional. Leandro Castro.\",\"breadcrumb\":{\"@id\":\"https:\/\/www.padreeustaquio.com.br\/causa-de-canonizacao-faz-doacao-para-museu-padre-eustaquio-em-poa-sao-paulo\/#breadcrumb\"},\"inLanguage\":\"en-US\",\"potentialAction\":[{\"@type\":\"ReadAction\",\"target\":[\"https:\/\/www.padreeustaquio.com.br\/causa-de-canonizacao-faz-doacao-para-museu-padre-eustaquio-em-poa-sao-paulo\/\"]}]},{\"@type\":\"ImageObject\",\"inLanguage\":\"en-US\",\"@id\":\"https:\/\/www.padreeustaquio.com.br\/causa-de-canonizacao-faz-doacao-para-museu-padre-eustaquio-em-poa-sao-paulo\/#primaryimage\",\"url\":\"https:\/\/www.padreeustaquio.com.br\/wp-content\/uploads\/2022\/04\/WhatsApp-Image-2022-04-04-at-17.05.10-2.jpeg\",\"contentUrl\":\"https:\/\/www.padreeustaquio.com.br\/wp-content\/uploads\/2022\/04\/WhatsApp-Image-2022-04-04-at-17.05.10-2.jpeg\",\"width\":1280,\"height\":853},{\"@type\":\"BreadcrumbList\",\"@id\":\"https:\/\/www.padreeustaquio.com.br\/causa-de-canonizacao-faz-doacao-para-museu-padre-eustaquio-em-poa-sao-paulo\/#breadcrumb\",\"itemListElement\":[{\"@type\":\"ListItem\",\"position\":1,\"name\":\"In\u00edcio\",\"item\":\"https:\/\/www.padreeustaquio.com.br\/\"},{\"@type\":\"ListItem\",\"position\":2,\"name\":\"Causa de Canoniza\u00e7\u00e3o faz doa\u00e7\u00e3o para Museu Padre Eust\u00e1quio em Po\u00e1, S\u00e3o Paulo\"}]},{\"@type\":\"WebSite\",\"@id\":\"https:\/\/www.padreeustaquio.com.br\/#website\",\"url\":\"https:\/\/www.padreeustaquio.com.br\/\",\"name\":\"Padre Eust\u00e1quio\",\"description\":\"Sa\u00fade e Paz\",\"publisher\":{\"@id\":\"https:\/\/www.padreeustaquio.com.br\/#organization\"},\"potentialAction\":[{\"@type\":\"SearchAction\",\"target\":{\"@type\":\"EntryPoint\",\"urlTemplate\":\"https:\/\/www.padreeustaquio.com.br\/?s={search_term_string}\"},\"query-input\":{\"@type\":\"PropertyValueSpecification\",\"valueRequired\":true,\"valueName\":\"search_term_string\"}}],\"inLanguage\":\"en-US\"},{\"@type\":\"Organization\",\"@id\":\"https:\/\/www.padreeustaquio.com.br\/#organization\",\"name\":\"Padre Eust\u00e1quio\",\"url\":\"https:\/\/www.padreeustaquio.com.br\/\",\"logo\":{\"@type\":\"ImageObject\",\"inLanguage\":\"en-US\",\"@id\":\"https:\/\/www.padreeustaquio.com.br\/#\/schema\/logo\/image\/\",\"url\":\"https:\/\/www.padreeustaquio.com.br\/wp-content\/uploads\/2019\/08\/marca.png\",\"contentUrl\":\"https:\/\/www.padreeustaquio.com.br\/wp-content\/uploads\/2019\/08\/marca.png\",\"width\":350,\"height\":400,\"caption\":\"Padre Eust\u00e1quio\"},\"image\":{\"@id\":\"https:\/\/www.padreeustaquio.com.br\/#\/schema\/logo\/image\/\"},\"sameAs\":[\"https:\/\/www.facebook.com\/beatopadreeustaquio\/\",\"https:\/\/x.com\/beatopeustaquio\",\"https:\/\/www.instagram.com\/beatopadreeustaquio\/\",\"https:\/\/www.youtube.com\/channel\/UCRhw7vfabnajwLxb1ZXMeIw\"]},{\"@type\":\"Person\",\"@id\":\"https:\/\/www.padreeustaquio.com.br\/#\/schema\/person\/a2a51db1d00f1a7af0204a0f1ddb1566\",\"name\":\"@sscc\",\"image\":{\"@type\":\"ImageObject\",\"inLanguage\":\"en-US\",\"@id\":\"https:\/\/secure.gravatar.com\/avatar\/68cfafa5f44617fea54071e215026e0ff06be366c3d54a8425f04fdcb86f8c5f?s=96&d=mm&r=g\",\"url\":\"https:\/\/secure.gravatar.com\/avatar\/68cfafa5f44617fea54071e215026e0ff06be366c3d54a8425f04fdcb86f8c5f?s=96&d=mm&r=g\",\"contentUrl\":\"https:\/\/secure.gravatar.com\/avatar\/68cfafa5f44617fea54071e215026e0ff06be366c3d54a8425f04fdcb86f8c5f?s=96&d=mm&r=g\",\"caption\":\"@sscc\"},\"url\":\"https:\/\/www.padreeustaquio.com.br\/en\/author\/sscc\/\"}]}<\/script>\n<!-- \/ Yoast SEO plugin. -->","yoast_head_json":{"title":"The cause for canonization makes a donation to the Padre Eust\u00e1quio Museum in Po\u00e1, S\u00e3o Paulo.","description":"The Cause for the Canonization of Blessed Father Eust\u00e1quio made a donation to the Museum dedicated to the Blessed in Po\u00e1, in the metropolitan region of S\u00e3o Paulo. The item is a cassock that belonged to the religious of the Sacred Hearts. The delivery was made by the Vice-Postulator of the cause, Father Vin\u00edcius Maciel, SSCC, and by the researcher from the National Secretariat, Leandro Castro.","robots":{"index":"index","follow":"follow","max-snippet":"max-snippet:-1","max-image-preview":"max-image-preview:large","max-video-preview":"max-video-preview:-1"},"canonical":"https:\/\/www.padreeustaquio.com.br\/en\/cause-for-canonization-makes-donation-to-padre-eustaquio-museum-in-porto-alegre-sao-paulo\/","og_locale":"en_US","og_type":"article","og_title":"Causa de Canoniza\u00e7\u00e3o faz doa\u00e7\u00e3o para Museu Padre Eust\u00e1quio em Po\u00e1, S\u00e3o Paulo","og_description":"A Causa de Canoniza\u00e7\u00e3o do Beato Padre Eust\u00e1quio fez uma doa\u00e7\u00e3o para o Museu dedicado ao Bem-aventurado em Po\u00e1, na regi\u00e3o metropolitana de S\u00e3o Paulo. A pe\u00e7a \u00e9 um batina que pertenceu ao religioso dos Sagrados Cora\u00e7\u00f5es. A entrega foi realizada pelo Vice-postulador da causa, Padre Vin\u00edcius Maciel, SSCC e pelo pesquisador do Secretariado Nacional. Leandro Castro.","og_url":"https:\/\/www.padreeustaquio.com.br\/en\/cause-for-canonization-makes-donation-to-padre-eustaquio-museum-in-porto-alegre-sao-paulo\/","og_site_name":"Padre Eust\u00e1quio","article_publisher":"https:\/\/www.facebook.com\/beatopadreeustaquio\/","article_published_time":"2022-04-08T09:14:00+00:00","og_image":[{"width":1280,"height":853,"url":"https:\/\/www.padreeustaquio.com.br\/wp-content\/uploads\/2022\/04\/WhatsApp-Image-2022-04-04-at-17.05.10-2.jpeg","type":"image\/jpeg"}],"author":"@sscc","twitter_card":"summary_large_image","twitter_creator":"@beatopeustaquio","twitter_site":"@beatopeustaquio","twitter_misc":{"Written by":"@sscc","Est. reading time":"2 minutes"},"schema":{"@context":"https:\/\/schema.org","@graph":[{"@type":"Article","@id":"https:\/\/www.padreeustaquio.com.br\/causa-de-canonizacao-faz-doacao-para-museu-padre-eustaquio-em-poa-sao-paulo\/#article","isPartOf":{"@id":"https:\/\/www.padreeustaquio.com.br\/causa-de-canonizacao-faz-doacao-para-museu-padre-eustaquio-em-poa-sao-paulo\/"},"author":{"name":"@sscc","@id":"https:\/\/www.padreeustaquio.com.br\/#\/schema\/person\/a2a51db1d00f1a7af0204a0f1ddb1566"},"headline":"Causa de Canoniza\u00e7\u00e3o faz doa\u00e7\u00e3o para Museu Padre Eust\u00e1quio em Po\u00e1, S\u00e3o Paulo","datePublished":"2022-04-08T09:14:00+00:00","mainEntityOfPage":{"@id":"https:\/\/www.padreeustaquio.com.br\/causa-de-canonizacao-faz-doacao-para-museu-padre-eustaquio-em-poa-sao-paulo\/"},"wordCount":249,"commentCount":0,"publisher":{"@id":"https:\/\/www.padreeustaquio.com.br\/#organization"},"image":{"@id":"https:\/\/www.padreeustaquio.com.br\/causa-de-canonizacao-faz-doacao-para-museu-padre-eustaquio-em-poa-sao-paulo\/#primaryimage"},"thumbnailUrl":"https:\/\/www.padreeustaquio.com.br\/wp-content\/uploads\/2022\/04\/WhatsApp-Image-2022-04-04-at-17.05.10-2.jpeg","articleSection":["Not\u00edcias"],"inLanguage":"en-US","potentialAction":[{"@type":"CommentAction","name":"Comment","target":["https:\/\/www.padreeustaquio.com.br\/causa-de-canonizacao-faz-doacao-para-museu-padre-eustaquio-em-poa-sao-paulo\/#respond"]}]},{"@type":"WebPage","@id":"https:\/\/www.padreeustaquio.com.br\/causa-de-canonizacao-faz-doacao-para-museu-padre-eustaquio-em-poa-sao-paulo\/","url":"https:\/\/www.padreeustaquio.com.br\/causa-de-canonizacao-faz-doacao-para-museu-padre-eustaquio-em-poa-sao-paulo\/","name":"The cause for canonization makes a donation to the Padre Eust\u00e1quio Museum in Po\u00e1, S\u00e3o Paulo.","isPartOf":{"@id":"https:\/\/www.padreeustaquio.com.br\/#website"},"primaryImageOfPage":{"@id":"https:\/\/www.padreeustaquio.com.br\/causa-de-canonizacao-faz-doacao-para-museu-padre-eustaquio-em-poa-sao-paulo\/#primaryimage"},"image":{"@id":"https:\/\/www.padreeustaquio.com.br\/causa-de-canonizacao-faz-doacao-para-museu-padre-eustaquio-em-poa-sao-paulo\/#primaryimage"},"thumbnailUrl":"https:\/\/www.padreeustaquio.com.br\/wp-content\/uploads\/2022\/04\/WhatsApp-Image-2022-04-04-at-17.05.10-2.jpeg","datePublished":"2022-04-08T09:14:00+00:00","description":"The Cause for the Canonization of Blessed Father Eust\u00e1quio made a donation to the Museum dedicated to the Blessed in Po\u00e1, in the metropolitan region of S\u00e3o Paulo. The item is a cassock that belonged to the religious of the Sacred Hearts. The delivery was made by the Vice-Postulator of the cause, Father Vin\u00edcius Maciel, SSCC, and by the researcher from the National Secretariat, Leandro Castro.","breadcrumb":{"@id":"https:\/\/www.padreeustaquio.com.br\/causa-de-canonizacao-faz-doacao-para-museu-padre-eustaquio-em-poa-sao-paulo\/#breadcrumb"},"inLanguage":"en-US","potentialAction":[{"@type":"ReadAction","target":["https:\/\/www.padreeustaquio.com.br\/causa-de-canonizacao-faz-doacao-para-museu-padre-eustaquio-em-poa-sao-paulo\/"]}]},{"@type":"ImageObject","inLanguage":"en-US","@id":"https:\/\/www.padreeustaquio.com.br\/causa-de-canonizacao-faz-doacao-para-museu-padre-eustaquio-em-poa-sao-paulo\/#primaryimage","url":"https:\/\/www.padreeustaquio.com.br\/wp-content\/uploads\/2022\/04\/WhatsApp-Image-2022-04-04-at-17.05.10-2.jpeg","contentUrl":"https:\/\/www.padreeustaquio.com.br\/wp-content\/uploads\/2022\/04\/WhatsApp-Image-2022-04-04-at-17.05.10-2.jpeg","width":1280,"height":853},{"@type":"BreadcrumbList","@id":"https:\/\/www.padreeustaquio.com.br\/causa-de-canonizacao-faz-doacao-para-museu-padre-eustaquio-em-poa-sao-paulo\/#breadcrumb","itemListElement":[{"@type":"ListItem","position":1,"name":"In\u00edcio","item":"https:\/\/www.padreeustaquio.com.br\/"},{"@type":"ListItem","position":2,"name":"Causa de Canoniza\u00e7\u00e3o faz doa\u00e7\u00e3o para Museu Padre Eust\u00e1quio em Po\u00e1, S\u00e3o Paulo"}]},{"@type":"WebSite","@id":"https:\/\/www.padreeustaquio.com.br\/#website","url":"https:\/\/www.padreeustaquio.com.br\/","name":"FATHER EUST\u00c1QUIO","description":"Health and Peace","publisher":{"@id":"https:\/\/www.padreeustaquio.com.br\/#organization"},"potentialAction":[{"@type":"SearchAction","target":{"@type":"EntryPoint","urlTemplate":"https:\/\/www.padreeustaquio.com.br\/?s={search_term_string}"},"query-input":{"@type":"PropertyValueSpecification","valueRequired":true,"valueName":"search_term_string"}}],"inLanguage":"en-US"},{"@type":"Organization","@id":"https:\/\/www.padreeustaquio.com.br\/#organization","name":"FATHER EUST\u00c1QUIO","url":"https:\/\/www.padreeustaquio.com.br\/","logo":{"@type":"ImageObject","inLanguage":"en-US","@id":"https:\/\/www.padreeustaquio.com.br\/#\/schema\/logo\/image\/","url":"https:\/\/www.padreeustaquio.com.br\/wp-content\/uploads\/2019\/08\/marca.png","contentUrl":"https:\/\/www.padreeustaquio.com.br\/wp-content\/uploads\/2019\/08\/marca.png","width":350,"height":400,"caption":"Padre Eust\u00e1quio"},"image":{"@id":"https:\/\/www.padreeustaquio.com.br\/#\/schema\/logo\/image\/"},"sameAs":["https:\/\/www.facebook.com\/beatopadreeustaquio\/","https:\/\/x.com\/beatopeustaquio","https:\/\/www.instagram.com\/beatopadreeustaquio\/","https:\/\/www.youtube.com\/channel\/UCRhw7vfabnajwLxb1ZXMeIw"]},{"@type":"Person","@id":"https:\/\/www.padreeustaquio.com.br\/#\/schema\/person\/a2a51db1d00f1a7af0204a0f1ddb1566","name":"@sscc","image":{"@type":"ImageObject","inLanguage":"en-US","@id":"https:\/\/secure.gravatar.com\/avatar\/68cfafa5f44617fea54071e215026e0ff06be366c3d54a8425f04fdcb86f8c5f?s=96&d=mm&r=g","url":"https:\/\/secure.gravatar.com\/avatar\/68cfafa5f44617fea54071e215026e0ff06be366c3d54a8425f04fdcb86f8c5f?s=96&d=mm&r=g","contentUrl":"https:\/\/secure.gravatar.com\/avatar\/68cfafa5f44617fea54071e215026e0ff06be366c3d54a8425f04fdcb86f8c5f?s=96&d=mm&r=g","caption":"@sscc"},"url":"https:\/\/www.padreeustaquio.com.br\/en\/author\/sscc\/"}]}},"_links":{"self":[{"href":"https:\/\/www.padreeustaquio.com.br\/en\/wp-json\/wp\/v2\/posts\/8432","targetHints":{"allow":["GET"]}}],"collection":[{"href":"https:\/\/www.padreeustaquio.com.br\/en\/wp-json\/wp\/v2\/posts"}],"about":[{"href":"https:\/\/www.padreeustaquio.com.br\/en\/wp-json\/wp\/v2\/types\/post"}],"author":[{"embeddable":true,"href":"https:\/\/www.padreeustaquio.com.br\/en\/wp-json\/wp\/v2\/users\/2"}],"replies":[{"embeddable":true,"href":"https:\/\/www.padreeustaquio.com.br\/en\/wp-json\/wp\/v2\/comments?post=8432"}],"version-history":[{"count":0,"href":"https:\/\/www.padreeustaquio.com.br\/en\/wp-json\/wp\/v2\/posts\/8432\/revisions"}],"wp:featuredmedia":[{"embeddable":true,"href":"https:\/\/www.padreeustaquio.com.br\/en\/wp-json\/wp\/v2\/media\/8433"}],"wp:attachment":[{"href":"https:\/\/www.padreeustaquio.com.br\/en\/wp-json\/wp\/v2\/media?parent=8432"}],"wp:term":[{"taxonomy":"category","embeddable":true,"href":"https:\/\/www.padreeustaquio.com.br\/en\/wp-json\/wp\/v2\/categories?post=8432"},{"taxonomy":"post_tag","embeddable":true,"href":"https:\/\/www.padreeustaquio.com.br\/en\/wp-json\/wp\/v2\/tags?post=8432"}],"curies":[{"name":"wp","href":"https:\/\/api.w.org\/{rel}","templated":true}]}}