{"id":8406,"date":"2022-04-05T05:15:00","date_gmt":"2022-04-05T08:15:00","guid":{"rendered":"https:\/\/www.padreeustaquio.com.br\/?p=8406"},"modified":"2022-04-04T12:33:27","modified_gmt":"2022-04-04T15:33:27","slug":"father-edvaldo-carneiro-sscc-was-ordained-in-ferraz-de-vasconcelos-sao-paulo","status":"publish","type":"post","link":"https:\/\/www.padreeustaquio.com.br\/en\/father-edvaldo-carneiro-sscc-was-ordained-in-ferraz-de-vasconcelos-sao-paulo\/","title":{"rendered":"Father Edvaldo Carneiro, sscc, is ordained in Ferraz de Vasconcelos, S\u00e3o Paulo."},"content":{"rendered":"<p>The ordination rite was performed during Holy Mass at Edvaldo&#039;s home parish, Santa Cruz e Santa Margarida d&#039;Youville, in Ferraz de Vasconcelos, in Greater S\u00e3o Paulo. The ceremony, held on the morning of Saturday, April 2nd, was presided over by the diocesan bishop of Mogi das Cruzes, Dom Pedro Lluiz Stringhini, and was attended by family and friends of the new priest, who came from various parts of the country.<\/p>\n\n\n\n<p>In one of the most moving moments of the celebration, the mother of the then-deacon, Dona Laura, entered alone carrying the priestly vestments, which were placed on the new priest by Fr. Paulo Dekker, ss.cc. and Fr. Edmar Oliveira, ss.cc.<\/p>\n\n\n\n<div class=\"wp-block-image\"><figure class=\"alignleft size-medium\"><img fetchpriority=\"high\" decoding=\"async\" width=\"300\" height=\"200\" src=\"https:\/\/www.padreeustaquio.com.br\/wp-content\/uploads\/2022\/04\/o-novo-padre-edvaldo-carneiro-300x200.jpeg\" alt=\"\" class=\"wp-image-8411\" srcset=\"https:\/\/www.padreeustaquio.com.br\/wp-content\/uploads\/2022\/04\/o-novo-padre-edvaldo-carneiro-300x200.jpeg 300w, https:\/\/www.padreeustaquio.com.br\/wp-content\/uploads\/2022\/04\/o-novo-padre-edvaldo-carneiro-1024x682.jpeg 1024w, https:\/\/www.padreeustaquio.com.br\/wp-content\/uploads\/2022\/04\/o-novo-padre-edvaldo-carneiro-768x512.jpeg 768w, https:\/\/www.padreeustaquio.com.br\/wp-content\/uploads\/2022\/04\/o-novo-padre-edvaldo-carneiro.jpeg 1280w\" sizes=\"(max-width: 300px) 100vw, 300px\" \/><\/figure><\/div>\n\n\n\n<p>The entire ceremony was broadcast on the Padre Eust\u00e1quio Channel (<a href=\"https:\/\/www.youtube.com\/watch?v=WGNU022r6Zc\" target=\"_blank\" rel=\"noreferrer noopener\">REVIEW HERE<\/a>), a social network that Father Edvaldo himself helped to create. Brothers and Sisters from various parts of the world participated virtually and left their comments on the transmission link.<\/p>\n\n\n\n<p>Father Edvaldo Carneiro, ss.cc.<\/p>\n\n\n\n<p>Edvaldo Carneiro, ss.cc. was born in Suzano on September 15, 1987. Son of Ant\u00f4nio Alves Carneiro (deceased) and Laura da Silva Carneiro. He grew up in the city of Ferraz de Vasconcelos, SP. In 2013 he joined the Congregation of the Sacred Hearts of Jesus and Mary. He completed his novitiate in 2016 in Chaclacayo (Peru), and professed his first vows on January 29, 2017, at the Santo Em\u00eddio Parish, Vila Prudente.<\/p>\n\n\n\n<p>He began his theological studies at the Pontifical Catholic University of Chile and in 2018 went to the juniorate in Belo Horizonte, MG, where he completed his Theology degree at the Jesuit Faculty of Philosophy and Theology in 2020. He made his Perpetual Profession on January 17, 2021, at the Sanctuary of Health and Peace in Belo Horizonte. In February of the same year, he was appointed to the Santo Em\u00eddio Community in Vila Prudente, where he was ordained a Deacon on September 4, 2021.<\/p>\n\n\n\n<p><\/p>","protected":false},"excerpt":{"rendered":"<p>O rito de Ordena\u00e7\u00e3o foi realizado durante a Santa Missa na par\u00f3quia de origem de Edvaldo, Santa Cruz e Santa Margarida d&#8217;Youville, em Ferraz de Vasconcelos, na grande S\u00e3o Paulo. A cerim\u00f4nia, na manh\u00e3 do \u00faltimo s\u00e1bado, dia 2 de abril, o bispo diocesano de Mogi das Cruzes, Dom Pedro Lluiz Stringhini, presidiu a celebra\u00e7\u00e3o que contou com a presen\u00e7a de familiares e amigos do novo padre, vindos de diversas partes do pa\u00eds. Em um dos momentos mais emocionantes da celebra\u00e7\u00e3o, a m\u00e3e do ent\u00e3o di\u00e1cono, Dona Laura, entrou sozinha carregando as vestes sacerdotais que foram colocadas no novo padre [&hellip;]<\/p>\n","protected":false},"author":2,"featured_media":8409,"comment_status":"open","ping_status":"closed","sticky":false,"template":"","format":"standard","meta":{"_acf_changed":false,"footnotes":""},"categories":[611],"tags":[],"class_list":["post-8406","post","type-post","status-publish","format-standard","has-post-thumbnail","hentry","category-noticias"],"acf":[],"yoast_head":"<!-- This site is optimized with the Yoast SEO plugin v27.2 - https:\/\/yoast.com\/product\/yoast-seo-wordpress\/ -->\n<title>Padre Edvaldo Carneiro, sscc \u00e9 ordenado em Ferraz de Vasconcelos, S\u00e3o Paulo<\/title>\n<meta name=\"description\" content=\"O rito de Ordena\u00e7\u00e3o foi realizado durante a Santa Missa na par\u00f3quia de origem de Edvaldo, Santa Cruz e Santa Margarida d&#039;Youville, em Ferraz de Vasconcelos, na grande S\u00e3o Paulo. A cerim\u00f4nia, na manh\u00e3 do \u00faltimo s\u00e1bado, dia 2 de abril, o bispo diocesano de Mogi das Cruzes, Dom Pedro Lluiz Stringhini, presidiu a celebra\u00e7\u00e3o que contou com a presen\u00e7a de familiares e amigos do novo padre, vindos de diversas partes do pa\u00eds.\" \/>\n<meta name=\"robots\" content=\"index, follow, max-snippet:-1, max-image-preview:large, max-video-preview:-1\" \/>\n<link rel=\"canonical\" href=\"https:\/\/www.padreeustaquio.com.br\/en\/father-edvaldo-carneiro-sscc-was-ordained-in-ferraz-de-vasconcelos-sao-paulo\/\" \/>\n<meta property=\"og:locale\" content=\"en_US\" \/>\n<meta property=\"og:type\" content=\"article\" \/>\n<meta property=\"og:title\" content=\"Padre Edvaldo Carneiro, sscc \u00e9 ordenado em Ferraz de Vasconcelos, S\u00e3o Paulo\" \/>\n<meta property=\"og:description\" content=\"O rito de Ordena\u00e7\u00e3o foi realizado durante a Santa Missa na par\u00f3quia de origem de Edvaldo, Santa Cruz e Santa Margarida d&#039;Youville, em Ferraz de Vasconcelos, na grande S\u00e3o Paulo. A cerim\u00f4nia, na manh\u00e3 do \u00faltimo s\u00e1bado, dia 2 de abril, o bispo diocesano de Mogi das Cruzes, Dom Pedro Lluiz Stringhini, presidiu a celebra\u00e7\u00e3o que contou com a presen\u00e7a de familiares e amigos do novo padre, vindos de diversas partes do pa\u00eds.\" \/>\n<meta property=\"og:url\" content=\"https:\/\/www.padreeustaquio.com.br\/en\/father-edvaldo-carneiro-sscc-was-ordained-in-ferraz-de-vasconcelos-sao-paulo\/\" \/>\n<meta property=\"og:site_name\" content=\"Padre Eust\u00e1quio\" \/>\n<meta property=\"article:publisher\" content=\"https:\/\/www.facebook.com\/beatopadreeustaquio\/\" \/>\n<meta property=\"article:published_time\" content=\"2022-04-05T08:15:00+00:00\" \/>\n<meta property=\"og:image\" content=\"https:\/\/www.padreeustaquio.com.br\/wp-content\/uploads\/2022\/04\/WhatsApp-Image-2022-04-02-at-19.54.53.jpeg\" \/>\n\t<meta property=\"og:image:width\" content=\"1280\" \/>\n\t<meta property=\"og:image:height\" content=\"853\" \/>\n\t<meta property=\"og:image:type\" content=\"image\/jpeg\" \/>\n<meta name=\"author\" content=\"@sscc\" \/>\n<meta name=\"twitter:card\" content=\"summary_large_image\" \/>\n<meta name=\"twitter:creator\" content=\"@beatopeustaquio\" \/>\n<meta name=\"twitter:site\" content=\"@beatopeustaquio\" \/>\n<meta name=\"twitter:label1\" content=\"Written by\" \/>\n\t<meta name=\"twitter:data1\" content=\"@sscc\" \/>\n\t<meta name=\"twitter:label2\" content=\"Est. reading time\" \/>\n\t<meta name=\"twitter:data2\" content=\"2 minutes\" \/>\n<script type=\"application\/ld+json\" class=\"yoast-schema-graph\">{\"@context\":\"https:\/\/schema.org\",\"@graph\":[{\"@type\":\"Article\",\"@id\":\"https:\/\/www.padreeustaquio.com.br\/padre-edvaldo-carneiro-sscc-e-ordenado-em-ferraz-de-vasconcelos-sao-paulo\/#article\",\"isPartOf\":{\"@id\":\"https:\/\/www.padreeustaquio.com.br\/padre-edvaldo-carneiro-sscc-e-ordenado-em-ferraz-de-vasconcelos-sao-paulo\/\"},\"author\":{\"name\":\"@sscc\",\"@id\":\"https:\/\/www.padreeustaquio.com.br\/#\/schema\/person\/a2a51db1d00f1a7af0204a0f1ddb1566\"},\"headline\":\"Padre Edvaldo Carneiro, sscc \u00e9 ordenado em Ferraz de Vasconcelos, S\u00e3o Paulo\",\"datePublished\":\"2022-04-05T08:15:00+00:00\",\"mainEntityOfPage\":{\"@id\":\"https:\/\/www.padreeustaquio.com.br\/padre-edvaldo-carneiro-sscc-e-ordenado-em-ferraz-de-vasconcelos-sao-paulo\/\"},\"wordCount\":345,\"commentCount\":0,\"publisher\":{\"@id\":\"https:\/\/www.padreeustaquio.com.br\/#organization\"},\"image\":{\"@id\":\"https:\/\/www.padreeustaquio.com.br\/padre-edvaldo-carneiro-sscc-e-ordenado-em-ferraz-de-vasconcelos-sao-paulo\/#primaryimage\"},\"thumbnailUrl\":\"https:\/\/www.padreeustaquio.com.br\/wp-content\/uploads\/2022\/04\/WhatsApp-Image-2022-04-02-at-19.54.53.jpeg\",\"articleSection\":[\"Not\u00edcias\"],\"inLanguage\":\"en-US\",\"potentialAction\":[{\"@type\":\"CommentAction\",\"name\":\"Comment\",\"target\":[\"https:\/\/www.padreeustaquio.com.br\/padre-edvaldo-carneiro-sscc-e-ordenado-em-ferraz-de-vasconcelos-sao-paulo\/#respond\"]}]},{\"@type\":\"WebPage\",\"@id\":\"https:\/\/www.padreeustaquio.com.br\/padre-edvaldo-carneiro-sscc-e-ordenado-em-ferraz-de-vasconcelos-sao-paulo\/\",\"url\":\"https:\/\/www.padreeustaquio.com.br\/padre-edvaldo-carneiro-sscc-e-ordenado-em-ferraz-de-vasconcelos-sao-paulo\/\",\"name\":\"Padre Edvaldo Carneiro, sscc \u00e9 ordenado em Ferraz de Vasconcelos, S\u00e3o Paulo\",\"isPartOf\":{\"@id\":\"https:\/\/www.padreeustaquio.com.br\/#website\"},\"primaryImageOfPage\":{\"@id\":\"https:\/\/www.padreeustaquio.com.br\/padre-edvaldo-carneiro-sscc-e-ordenado-em-ferraz-de-vasconcelos-sao-paulo\/#primaryimage\"},\"image\":{\"@id\":\"https:\/\/www.padreeustaquio.com.br\/padre-edvaldo-carneiro-sscc-e-ordenado-em-ferraz-de-vasconcelos-sao-paulo\/#primaryimage\"},\"thumbnailUrl\":\"https:\/\/www.padreeustaquio.com.br\/wp-content\/uploads\/2022\/04\/WhatsApp-Image-2022-04-02-at-19.54.53.jpeg\",\"datePublished\":\"2022-04-05T08:15:00+00:00\",\"description\":\"O rito de Ordena\u00e7\u00e3o foi realizado durante a Santa Missa na par\u00f3quia de origem de Edvaldo, Santa Cruz e Santa Margarida d'Youville, em Ferraz de Vasconcelos, na grande S\u00e3o Paulo. A cerim\u00f4nia, na manh\u00e3 do \u00faltimo s\u00e1bado, dia 2 de abril, o bispo diocesano de Mogi das Cruzes, Dom Pedro Lluiz Stringhini, presidiu a celebra\u00e7\u00e3o que contou com a presen\u00e7a de familiares e amigos do novo padre, vindos de diversas partes do pa\u00eds.\",\"breadcrumb\":{\"@id\":\"https:\/\/www.padreeustaquio.com.br\/padre-edvaldo-carneiro-sscc-e-ordenado-em-ferraz-de-vasconcelos-sao-paulo\/#breadcrumb\"},\"inLanguage\":\"en-US\",\"potentialAction\":[{\"@type\":\"ReadAction\",\"target\":[\"https:\/\/www.padreeustaquio.com.br\/padre-edvaldo-carneiro-sscc-e-ordenado-em-ferraz-de-vasconcelos-sao-paulo\/\"]}]},{\"@type\":\"ImageObject\",\"inLanguage\":\"en-US\",\"@id\":\"https:\/\/www.padreeustaquio.com.br\/padre-edvaldo-carneiro-sscc-e-ordenado-em-ferraz-de-vasconcelos-sao-paulo\/#primaryimage\",\"url\":\"https:\/\/www.padreeustaquio.com.br\/wp-content\/uploads\/2022\/04\/WhatsApp-Image-2022-04-02-at-19.54.53.jpeg\",\"contentUrl\":\"https:\/\/www.padreeustaquio.com.br\/wp-content\/uploads\/2022\/04\/WhatsApp-Image-2022-04-02-at-19.54.53.jpeg\",\"width\":1280,\"height\":853},{\"@type\":\"BreadcrumbList\",\"@id\":\"https:\/\/www.padreeustaquio.com.br\/padre-edvaldo-carneiro-sscc-e-ordenado-em-ferraz-de-vasconcelos-sao-paulo\/#breadcrumb\",\"itemListElement\":[{\"@type\":\"ListItem\",\"position\":1,\"name\":\"In\u00edcio\",\"item\":\"https:\/\/www.padreeustaquio.com.br\/\"},{\"@type\":\"ListItem\",\"position\":2,\"name\":\"Padre Edvaldo Carneiro, sscc \u00e9 ordenado em Ferraz de Vasconcelos, S\u00e3o Paulo\"}]},{\"@type\":\"WebSite\",\"@id\":\"https:\/\/www.padreeustaquio.com.br\/#website\",\"url\":\"https:\/\/www.padreeustaquio.com.br\/\",\"name\":\"Padre Eust\u00e1quio\",\"description\":\"Sa\u00fade e Paz\",\"publisher\":{\"@id\":\"https:\/\/www.padreeustaquio.com.br\/#organization\"},\"potentialAction\":[{\"@type\":\"SearchAction\",\"target\":{\"@type\":\"EntryPoint\",\"urlTemplate\":\"https:\/\/www.padreeustaquio.com.br\/?s={search_term_string}\"},\"query-input\":{\"@type\":\"PropertyValueSpecification\",\"valueRequired\":true,\"valueName\":\"search_term_string\"}}],\"inLanguage\":\"en-US\"},{\"@type\":\"Organization\",\"@id\":\"https:\/\/www.padreeustaquio.com.br\/#organization\",\"name\":\"Padre Eust\u00e1quio\",\"url\":\"https:\/\/www.padreeustaquio.com.br\/\",\"logo\":{\"@type\":\"ImageObject\",\"inLanguage\":\"en-US\",\"@id\":\"https:\/\/www.padreeustaquio.com.br\/#\/schema\/logo\/image\/\",\"url\":\"https:\/\/www.padreeustaquio.com.br\/wp-content\/uploads\/2019\/08\/marca.png\",\"contentUrl\":\"https:\/\/www.padreeustaquio.com.br\/wp-content\/uploads\/2019\/08\/marca.png\",\"width\":350,\"height\":400,\"caption\":\"Padre Eust\u00e1quio\"},\"image\":{\"@id\":\"https:\/\/www.padreeustaquio.com.br\/#\/schema\/logo\/image\/\"},\"sameAs\":[\"https:\/\/www.facebook.com\/beatopadreeustaquio\/\",\"https:\/\/x.com\/beatopeustaquio\",\"https:\/\/www.instagram.com\/beatopadreeustaquio\/\",\"https:\/\/www.youtube.com\/channel\/UCRhw7vfabnajwLxb1ZXMeIw\"]},{\"@type\":\"Person\",\"@id\":\"https:\/\/www.padreeustaquio.com.br\/#\/schema\/person\/a2a51db1d00f1a7af0204a0f1ddb1566\",\"name\":\"@sscc\",\"image\":{\"@type\":\"ImageObject\",\"inLanguage\":\"en-US\",\"@id\":\"https:\/\/secure.gravatar.com\/avatar\/68cfafa5f44617fea54071e215026e0ff06be366c3d54a8425f04fdcb86f8c5f?s=96&d=mm&r=g\",\"url\":\"https:\/\/secure.gravatar.com\/avatar\/68cfafa5f44617fea54071e215026e0ff06be366c3d54a8425f04fdcb86f8c5f?s=96&d=mm&r=g\",\"contentUrl\":\"https:\/\/secure.gravatar.com\/avatar\/68cfafa5f44617fea54071e215026e0ff06be366c3d54a8425f04fdcb86f8c5f?s=96&d=mm&r=g\",\"caption\":\"@sscc\"},\"url\":\"https:\/\/www.padreeustaquio.com.br\/en\/author\/sscc\/\"}]}<\/script>\n<!-- \/ Yoast SEO plugin. -->","yoast_head_json":{"title":"Father Edvaldo Carneiro, sscc, is ordained in Ferraz de Vasconcelos, S\u00e3o Paulo.","description":"The ordination rite was performed during Holy Mass at Edvaldo&#039;s home parish, Santa Cruz e Santa Margarida d&#039;Youville, in Ferraz de Vasconcelos, in Greater S\u00e3o Paulo. The ceremony, held on the morning of Saturday, April 2nd, was presided over by the diocesan bishop of Mogi das Cruzes, Dom Pedro Lluiz Stringhini, and was attended by family and friends of the new priest, who came from various parts of the country.","robots":{"index":"index","follow":"follow","max-snippet":"max-snippet:-1","max-image-preview":"max-image-preview:large","max-video-preview":"max-video-preview:-1"},"canonical":"https:\/\/www.padreeustaquio.com.br\/en\/father-edvaldo-carneiro-sscc-was-ordained-in-ferraz-de-vasconcelos-sao-paulo\/","og_locale":"en_US","og_type":"article","og_title":"Padre Edvaldo Carneiro, sscc \u00e9 ordenado em Ferraz de Vasconcelos, S\u00e3o Paulo","og_description":"O rito de Ordena\u00e7\u00e3o foi realizado durante a Santa Missa na par\u00f3quia de origem de Edvaldo, Santa Cruz e Santa Margarida d'Youville, em Ferraz de Vasconcelos, na grande S\u00e3o Paulo. A cerim\u00f4nia, na manh\u00e3 do \u00faltimo s\u00e1bado, dia 2 de abril, o bispo diocesano de Mogi das Cruzes, Dom Pedro Lluiz Stringhini, presidiu a celebra\u00e7\u00e3o que contou com a presen\u00e7a de familiares e amigos do novo padre, vindos de diversas partes do pa\u00eds.","og_url":"https:\/\/www.padreeustaquio.com.br\/en\/father-edvaldo-carneiro-sscc-was-ordained-in-ferraz-de-vasconcelos-sao-paulo\/","og_site_name":"Padre Eust\u00e1quio","article_publisher":"https:\/\/www.facebook.com\/beatopadreeustaquio\/","article_published_time":"2022-04-05T08:15:00+00:00","og_image":[{"width":1280,"height":853,"url":"https:\/\/www.padreeustaquio.com.br\/wp-content\/uploads\/2022\/04\/WhatsApp-Image-2022-04-02-at-19.54.53.jpeg","type":"image\/jpeg"}],"author":"@sscc","twitter_card":"summary_large_image","twitter_creator":"@beatopeustaquio","twitter_site":"@beatopeustaquio","twitter_misc":{"Written by":"@sscc","Est. reading time":"2 minutes"},"schema":{"@context":"https:\/\/schema.org","@graph":[{"@type":"Article","@id":"https:\/\/www.padreeustaquio.com.br\/padre-edvaldo-carneiro-sscc-e-ordenado-em-ferraz-de-vasconcelos-sao-paulo\/#article","isPartOf":{"@id":"https:\/\/www.padreeustaquio.com.br\/padre-edvaldo-carneiro-sscc-e-ordenado-em-ferraz-de-vasconcelos-sao-paulo\/"},"author":{"name":"@sscc","@id":"https:\/\/www.padreeustaquio.com.br\/#\/schema\/person\/a2a51db1d00f1a7af0204a0f1ddb1566"},"headline":"Padre Edvaldo Carneiro, sscc \u00e9 ordenado em Ferraz de Vasconcelos, S\u00e3o Paulo","datePublished":"2022-04-05T08:15:00+00:00","mainEntityOfPage":{"@id":"https:\/\/www.padreeustaquio.com.br\/padre-edvaldo-carneiro-sscc-e-ordenado-em-ferraz-de-vasconcelos-sao-paulo\/"},"wordCount":345,"commentCount":0,"publisher":{"@id":"https:\/\/www.padreeustaquio.com.br\/#organization"},"image":{"@id":"https:\/\/www.padreeustaquio.com.br\/padre-edvaldo-carneiro-sscc-e-ordenado-em-ferraz-de-vasconcelos-sao-paulo\/#primaryimage"},"thumbnailUrl":"https:\/\/www.padreeustaquio.com.br\/wp-content\/uploads\/2022\/04\/WhatsApp-Image-2022-04-02-at-19.54.53.jpeg","articleSection":["Not\u00edcias"],"inLanguage":"en-US","potentialAction":[{"@type":"CommentAction","name":"Comment","target":["https:\/\/www.padreeustaquio.com.br\/padre-edvaldo-carneiro-sscc-e-ordenado-em-ferraz-de-vasconcelos-sao-paulo\/#respond"]}]},{"@type":"WebPage","@id":"https:\/\/www.padreeustaquio.com.br\/padre-edvaldo-carneiro-sscc-e-ordenado-em-ferraz-de-vasconcelos-sao-paulo\/","url":"https:\/\/www.padreeustaquio.com.br\/padre-edvaldo-carneiro-sscc-e-ordenado-em-ferraz-de-vasconcelos-sao-paulo\/","name":"Father Edvaldo Carneiro, sscc, is ordained in Ferraz de Vasconcelos, S\u00e3o Paulo.","isPartOf":{"@id":"https:\/\/www.padreeustaquio.com.br\/#website"},"primaryImageOfPage":{"@id":"https:\/\/www.padreeustaquio.com.br\/padre-edvaldo-carneiro-sscc-e-ordenado-em-ferraz-de-vasconcelos-sao-paulo\/#primaryimage"},"image":{"@id":"https:\/\/www.padreeustaquio.com.br\/padre-edvaldo-carneiro-sscc-e-ordenado-em-ferraz-de-vasconcelos-sao-paulo\/#primaryimage"},"thumbnailUrl":"https:\/\/www.padreeustaquio.com.br\/wp-content\/uploads\/2022\/04\/WhatsApp-Image-2022-04-02-at-19.54.53.jpeg","datePublished":"2022-04-05T08:15:00+00:00","description":"The ordination rite was performed during Holy Mass at Edvaldo&#039;s home parish, Santa Cruz e Santa Margarida d&#039;Youville, in Ferraz de Vasconcelos, in Greater S\u00e3o Paulo. The ceremony, held on the morning of Saturday, April 2nd, was presided over by the diocesan bishop of Mogi das Cruzes, Dom Pedro Lluiz Stringhini, and was attended by family and friends of the new priest, who came from various parts of the country.","breadcrumb":{"@id":"https:\/\/www.padreeustaquio.com.br\/padre-edvaldo-carneiro-sscc-e-ordenado-em-ferraz-de-vasconcelos-sao-paulo\/#breadcrumb"},"inLanguage":"en-US","potentialAction":[{"@type":"ReadAction","target":["https:\/\/www.padreeustaquio.com.br\/padre-edvaldo-carneiro-sscc-e-ordenado-em-ferraz-de-vasconcelos-sao-paulo\/"]}]},{"@type":"ImageObject","inLanguage":"en-US","@id":"https:\/\/www.padreeustaquio.com.br\/padre-edvaldo-carneiro-sscc-e-ordenado-em-ferraz-de-vasconcelos-sao-paulo\/#primaryimage","url":"https:\/\/www.padreeustaquio.com.br\/wp-content\/uploads\/2022\/04\/WhatsApp-Image-2022-04-02-at-19.54.53.jpeg","contentUrl":"https:\/\/www.padreeustaquio.com.br\/wp-content\/uploads\/2022\/04\/WhatsApp-Image-2022-04-02-at-19.54.53.jpeg","width":1280,"height":853},{"@type":"BreadcrumbList","@id":"https:\/\/www.padreeustaquio.com.br\/padre-edvaldo-carneiro-sscc-e-ordenado-em-ferraz-de-vasconcelos-sao-paulo\/#breadcrumb","itemListElement":[{"@type":"ListItem","position":1,"name":"In\u00edcio","item":"https:\/\/www.padreeustaquio.com.br\/"},{"@type":"ListItem","position":2,"name":"Padre Edvaldo Carneiro, sscc \u00e9 ordenado em Ferraz de Vasconcelos, S\u00e3o Paulo"}]},{"@type":"WebSite","@id":"https:\/\/www.padreeustaquio.com.br\/#website","url":"https:\/\/www.padreeustaquio.com.br\/","name":"FATHER EUST\u00c1QUIO","description":"Health and Peace","publisher":{"@id":"https:\/\/www.padreeustaquio.com.br\/#organization"},"potentialAction":[{"@type":"SearchAction","target":{"@type":"EntryPoint","urlTemplate":"https:\/\/www.padreeustaquio.com.br\/?s={search_term_string}"},"query-input":{"@type":"PropertyValueSpecification","valueRequired":true,"valueName":"search_term_string"}}],"inLanguage":"en-US"},{"@type":"Organization","@id":"https:\/\/www.padreeustaquio.com.br\/#organization","name":"FATHER EUST\u00c1QUIO","url":"https:\/\/www.padreeustaquio.com.br\/","logo":{"@type":"ImageObject","inLanguage":"en-US","@id":"https:\/\/www.padreeustaquio.com.br\/#\/schema\/logo\/image\/","url":"https:\/\/www.padreeustaquio.com.br\/wp-content\/uploads\/2019\/08\/marca.png","contentUrl":"https:\/\/www.padreeustaquio.com.br\/wp-content\/uploads\/2019\/08\/marca.png","width":350,"height":400,"caption":"Padre Eust\u00e1quio"},"image":{"@id":"https:\/\/www.padreeustaquio.com.br\/#\/schema\/logo\/image\/"},"sameAs":["https:\/\/www.facebook.com\/beatopadreeustaquio\/","https:\/\/x.com\/beatopeustaquio","https:\/\/www.instagram.com\/beatopadreeustaquio\/","https:\/\/www.youtube.com\/channel\/UCRhw7vfabnajwLxb1ZXMeIw"]},{"@type":"Person","@id":"https:\/\/www.padreeustaquio.com.br\/#\/schema\/person\/a2a51db1d00f1a7af0204a0f1ddb1566","name":"@sscc","image":{"@type":"ImageObject","inLanguage":"en-US","@id":"https:\/\/secure.gravatar.com\/avatar\/68cfafa5f44617fea54071e215026e0ff06be366c3d54a8425f04fdcb86f8c5f?s=96&d=mm&r=g","url":"https:\/\/secure.gravatar.com\/avatar\/68cfafa5f44617fea54071e215026e0ff06be366c3d54a8425f04fdcb86f8c5f?s=96&d=mm&r=g","contentUrl":"https:\/\/secure.gravatar.com\/avatar\/68cfafa5f44617fea54071e215026e0ff06be366c3d54a8425f04fdcb86f8c5f?s=96&d=mm&r=g","caption":"@sscc"},"url":"https:\/\/www.padreeustaquio.com.br\/en\/author\/sscc\/"}]}},"_links":{"self":[{"href":"https:\/\/www.padreeustaquio.com.br\/en\/wp-json\/wp\/v2\/posts\/8406","targetHints":{"allow":["GET"]}}],"collection":[{"href":"https:\/\/www.padreeustaquio.com.br\/en\/wp-json\/wp\/v2\/posts"}],"about":[{"href":"https:\/\/www.padreeustaquio.com.br\/en\/wp-json\/wp\/v2\/types\/post"}],"author":[{"embeddable":true,"href":"https:\/\/www.padreeustaquio.com.br\/en\/wp-json\/wp\/v2\/users\/2"}],"replies":[{"embeddable":true,"href":"https:\/\/www.padreeustaquio.com.br\/en\/wp-json\/wp\/v2\/comments?post=8406"}],"version-history":[{"count":0,"href":"https:\/\/www.padreeustaquio.com.br\/en\/wp-json\/wp\/v2\/posts\/8406\/revisions"}],"wp:featuredmedia":[{"embeddable":true,"href":"https:\/\/www.padreeustaquio.com.br\/en\/wp-json\/wp\/v2\/media\/8409"}],"wp:attachment":[{"href":"https:\/\/www.padreeustaquio.com.br\/en\/wp-json\/wp\/v2\/media?parent=8406"}],"wp:term":[{"taxonomy":"category","embeddable":true,"href":"https:\/\/www.padreeustaquio.com.br\/en\/wp-json\/wp\/v2\/categories?post=8406"},{"taxonomy":"post_tag","embeddable":true,"href":"https:\/\/www.padreeustaquio.com.br\/en\/wp-json\/wp\/v2\/tags?post=8406"}],"curies":[{"name":"wp","href":"https:\/\/api.w.org\/{rel}","templated":true}]}}