{"id":8383,"date":"2022-04-04T05:37:00","date_gmt":"2022-04-04T08:37:00","guid":{"rendered":"https:\/\/www.padreeustaquio.com.br\/?p=8383"},"modified":"2022-03-31T14:26:53","modified_gmt":"2022-03-31T17:26:53","slug":"the-digital-version-of-the-canonization-newsletter-is-now-available","status":"publish","type":"post","link":"https:\/\/www.padreeustaquio.com.br\/en\/the-digital-version-of-the-canonization-newsletter-is-now-available\/","title":{"rendered":"The digital version of the Canonization Newsletter is now available."},"content":{"rendered":"<p>The online version of the first newsletter from the National Secretariat for the Cause of Canonization for 2022 is now available here on our website. The printed version was released earlier this month, commemorating Saint Joseph.<\/p>\n\n\n\n<p><a href=\"https:\/\/www.padreeustaquio.com.br\/en\/canonization-information-jan-feb-mar-2022\/\" target=\"_blank\" rel=\"noreferrer noopener\">Clicking HERE<\/a> Check out this quarter&#039;s edition, which features a special article on Father Eust\u00e1quio&#039;s devotion to Saint Joseph, the Patron Saint of the Church. We will see the painting and image that belonged to the Blessed, as well as the chapel built in the Sanctuary in Belo Horizonte, which was designed by him. We also bring news of the Recognition of the Martyrdom of priests of the Congregation of the Sacred Hearts; vocational news, testimonies of Graces Received, and the elevation of Sister Benigna to the title of &quot;Venerable.&quot;\u201c <\/p>\n\n\n\n<p>The newsletter also features products available at Padre Eust\u00e1quio&#039;s store, as well as a collectible photo of the Dutch priest celebrating Holy Mass.<\/p>\n\n\n\n<p>For those who prefer the printed version, the newsletter can be picked up at the Sanctuary of Health and Peace, in the church&#039;s lockers, at the shop, or at the Parish Office. For those who are near a community that bears the Blessed&#039;s name, or a house of the Congregation, the printed version can also be found.<\/p>\n\n\n\n<p><\/p>","protected":false},"excerpt":{"rendered":"<p>J\u00e1 est\u00e1 dispon\u00edvel aqui em nosso site, a vers\u00e3o on-line do primeiro Informativo do Secretariado Nacional da Causa de Canoniza\u00e7\u00e3o de 2022. O conte\u00fado impresso foi lan\u00e7ado no in\u00edcio do m\u00eas, comemorando S\u00e3o Jos\u00e9. Clicando AQUI voc\u00ea confere a edi\u00e7\u00e3o deste trimestre que traz uma mat\u00e9ria especial sobre a devo\u00e7\u00e3o de Padre Eust\u00e1quio a S\u00e3o Jos\u00e9, o Patrono da Igreja. Veremos o quadro e a imagem que pertenceram ao Beato, al\u00e9m da capela constru\u00edda no Santu\u00e1rio em Belo Horizonte, que foi projetada por ele. Trazemos ainda a not\u00edcia do Reconhecimento do Mart\u00edrio de padres da Congrega\u00e7\u00e3o dos Sagrados Cora\u00e7\u00f5es; Not\u00edcias [&hellip;]<\/p>\n","protected":false},"author":2,"featured_media":8384,"comment_status":"open","ping_status":"closed","sticky":false,"template":"","format":"standard","meta":{"_acf_changed":false,"footnotes":""},"categories":[611],"tags":[],"class_list":["post-8383","post","type-post","status-publish","format-standard","has-post-thumbnail","hentry","category-noticias"],"acf":[],"yoast_head":"<!-- This site is optimized with the Yoast SEO plugin v27.2 - https:\/\/yoast.com\/product\/yoast-seo-wordpress\/ -->\n<title>Vers\u00e3o digital do Informativo da Canoniza\u00e7\u00e3o j\u00e1 est\u00e1 dispon\u00edvel<\/title>\n<meta name=\"description\" content=\"J\u00e1 est\u00e1 dispon\u00edvel aqui em nosso site, a vers\u00e3o on-line do primeiro Informativo do Secretariado Nacional da Causa de Canoniza\u00e7\u00e3o de 2022. O conte\u00fado impresso foi lan\u00e7ado no in\u00edcio do m\u00eas, comemorando S\u00e3o Jos\u00e9.\" \/>\n<meta name=\"robots\" content=\"index, follow, max-snippet:-1, max-image-preview:large, max-video-preview:-1\" \/>\n<link rel=\"canonical\" href=\"https:\/\/www.padreeustaquio.com.br\/en\/the-digital-version-of-the-canonization-newsletter-is-now-available\/\" \/>\n<meta property=\"og:locale\" content=\"en_US\" \/>\n<meta property=\"og:type\" content=\"article\" \/>\n<meta property=\"og:title\" content=\"Vers\u00e3o digital do Informativo da Canoniza\u00e7\u00e3o j\u00e1 est\u00e1 dispon\u00edvel\" \/>\n<meta property=\"og:description\" content=\"J\u00e1 est\u00e1 dispon\u00edvel aqui em nosso site, a vers\u00e3o on-line do primeiro Informativo do Secretariado Nacional da Causa de Canoniza\u00e7\u00e3o de 2022. O conte\u00fado impresso foi lan\u00e7ado no in\u00edcio do m\u00eas, comemorando S\u00e3o Jos\u00e9.\" \/>\n<meta property=\"og:url\" content=\"https:\/\/www.padreeustaquio.com.br\/en\/the-digital-version-of-the-canonization-newsletter-is-now-available\/\" \/>\n<meta property=\"og:site_name\" content=\"Padre Eust\u00e1quio\" \/>\n<meta property=\"article:publisher\" content=\"https:\/\/www.facebook.com\/beatopadreeustaquio\/\" \/>\n<meta property=\"article:published_time\" content=\"2022-04-04T08:37:00+00:00\" \/>\n<meta property=\"og:image\" content=\"https:\/\/www.padreeustaquio.com.br\/wp-content\/uploads\/2022\/03\/versao-digital.jpg\" \/>\n\t<meta property=\"og:image:width\" content=\"748\" \/>\n\t<meta property=\"og:image:height\" content=\"394\" \/>\n\t<meta property=\"og:image:type\" content=\"image\/jpeg\" \/>\n<meta name=\"author\" content=\"@sscc\" \/>\n<meta name=\"twitter:card\" content=\"summary_large_image\" \/>\n<meta name=\"twitter:creator\" content=\"@beatopeustaquio\" \/>\n<meta name=\"twitter:site\" content=\"@beatopeustaquio\" \/>\n<meta name=\"twitter:label1\" content=\"Written by\" \/>\n\t<meta name=\"twitter:data1\" content=\"@sscc\" \/>\n\t<meta name=\"twitter:label2\" content=\"Est. reading time\" \/>\n\t<meta name=\"twitter:data2\" content=\"1 minute\" \/>\n<script type=\"application\/ld+json\" class=\"yoast-schema-graph\">{\"@context\":\"https:\/\/schema.org\",\"@graph\":[{\"@type\":\"Article\",\"@id\":\"https:\/\/www.padreeustaquio.com.br\/versao-digital-do-informativo-da-canonizacao-ja-esta-disponivel\/#article\",\"isPartOf\":{\"@id\":\"https:\/\/www.padreeustaquio.com.br\/versao-digital-do-informativo-da-canonizacao-ja-esta-disponivel\/\"},\"author\":{\"name\":\"@sscc\",\"@id\":\"https:\/\/www.padreeustaquio.com.br\/#\/schema\/person\/a2a51db1d00f1a7af0204a0f1ddb1566\"},\"headline\":\"Vers\u00e3o digital do Informativo da Canoniza\u00e7\u00e3o j\u00e1 est\u00e1 dispon\u00edvel\",\"datePublished\":\"2022-04-04T08:37:00+00:00\",\"mainEntityOfPage\":{\"@id\":\"https:\/\/www.padreeustaquio.com.br\/versao-digital-do-informativo-da-canonizacao-ja-esta-disponivel\/\"},\"wordCount\":242,\"commentCount\":0,\"publisher\":{\"@id\":\"https:\/\/www.padreeustaquio.com.br\/#organization\"},\"image\":{\"@id\":\"https:\/\/www.padreeustaquio.com.br\/versao-digital-do-informativo-da-canonizacao-ja-esta-disponivel\/#primaryimage\"},\"thumbnailUrl\":\"https:\/\/www.padreeustaquio.com.br\/wp-content\/uploads\/2022\/03\/versao-digital.jpg\",\"articleSection\":[\"Not\u00edcias\"],\"inLanguage\":\"en-US\",\"potentialAction\":[{\"@type\":\"CommentAction\",\"name\":\"Comment\",\"target\":[\"https:\/\/www.padreeustaquio.com.br\/versao-digital-do-informativo-da-canonizacao-ja-esta-disponivel\/#respond\"]}]},{\"@type\":\"WebPage\",\"@id\":\"https:\/\/www.padreeustaquio.com.br\/versao-digital-do-informativo-da-canonizacao-ja-esta-disponivel\/\",\"url\":\"https:\/\/www.padreeustaquio.com.br\/versao-digital-do-informativo-da-canonizacao-ja-esta-disponivel\/\",\"name\":\"Vers\u00e3o digital do Informativo da Canoniza\u00e7\u00e3o j\u00e1 est\u00e1 dispon\u00edvel\",\"isPartOf\":{\"@id\":\"https:\/\/www.padreeustaquio.com.br\/#website\"},\"primaryImageOfPage\":{\"@id\":\"https:\/\/www.padreeustaquio.com.br\/versao-digital-do-informativo-da-canonizacao-ja-esta-disponivel\/#primaryimage\"},\"image\":{\"@id\":\"https:\/\/www.padreeustaquio.com.br\/versao-digital-do-informativo-da-canonizacao-ja-esta-disponivel\/#primaryimage\"},\"thumbnailUrl\":\"https:\/\/www.padreeustaquio.com.br\/wp-content\/uploads\/2022\/03\/versao-digital.jpg\",\"datePublished\":\"2022-04-04T08:37:00+00:00\",\"description\":\"J\u00e1 est\u00e1 dispon\u00edvel aqui em nosso site, a vers\u00e3o on-line do primeiro Informativo do Secretariado Nacional da Causa de Canoniza\u00e7\u00e3o de 2022. O conte\u00fado impresso foi lan\u00e7ado no in\u00edcio do m\u00eas, comemorando S\u00e3o Jos\u00e9.\",\"breadcrumb\":{\"@id\":\"https:\/\/www.padreeustaquio.com.br\/versao-digital-do-informativo-da-canonizacao-ja-esta-disponivel\/#breadcrumb\"},\"inLanguage\":\"en-US\",\"potentialAction\":[{\"@type\":\"ReadAction\",\"target\":[\"https:\/\/www.padreeustaquio.com.br\/versao-digital-do-informativo-da-canonizacao-ja-esta-disponivel\/\"]}]},{\"@type\":\"ImageObject\",\"inLanguage\":\"en-US\",\"@id\":\"https:\/\/www.padreeustaquio.com.br\/versao-digital-do-informativo-da-canonizacao-ja-esta-disponivel\/#primaryimage\",\"url\":\"https:\/\/www.padreeustaquio.com.br\/wp-content\/uploads\/2022\/03\/versao-digital.jpg\",\"contentUrl\":\"https:\/\/www.padreeustaquio.com.br\/wp-content\/uploads\/2022\/03\/versao-digital.jpg\",\"width\":748,\"height\":394},{\"@type\":\"BreadcrumbList\",\"@id\":\"https:\/\/www.padreeustaquio.com.br\/versao-digital-do-informativo-da-canonizacao-ja-esta-disponivel\/#breadcrumb\",\"itemListElement\":[{\"@type\":\"ListItem\",\"position\":1,\"name\":\"In\u00edcio\",\"item\":\"https:\/\/www.padreeustaquio.com.br\/\"},{\"@type\":\"ListItem\",\"position\":2,\"name\":\"Vers\u00e3o digital do Informativo da Canoniza\u00e7\u00e3o j\u00e1 est\u00e1 dispon\u00edvel\"}]},{\"@type\":\"WebSite\",\"@id\":\"https:\/\/www.padreeustaquio.com.br\/#website\",\"url\":\"https:\/\/www.padreeustaquio.com.br\/\",\"name\":\"Padre Eust\u00e1quio\",\"description\":\"Sa\u00fade e Paz\",\"publisher\":{\"@id\":\"https:\/\/www.padreeustaquio.com.br\/#organization\"},\"potentialAction\":[{\"@type\":\"SearchAction\",\"target\":{\"@type\":\"EntryPoint\",\"urlTemplate\":\"https:\/\/www.padreeustaquio.com.br\/?s={search_term_string}\"},\"query-input\":{\"@type\":\"PropertyValueSpecification\",\"valueRequired\":true,\"valueName\":\"search_term_string\"}}],\"inLanguage\":\"en-US\"},{\"@type\":\"Organization\",\"@id\":\"https:\/\/www.padreeustaquio.com.br\/#organization\",\"name\":\"Padre Eust\u00e1quio\",\"url\":\"https:\/\/www.padreeustaquio.com.br\/\",\"logo\":{\"@type\":\"ImageObject\",\"inLanguage\":\"en-US\",\"@id\":\"https:\/\/www.padreeustaquio.com.br\/#\/schema\/logo\/image\/\",\"url\":\"https:\/\/www.padreeustaquio.com.br\/wp-content\/uploads\/2019\/08\/marca.png\",\"contentUrl\":\"https:\/\/www.padreeustaquio.com.br\/wp-content\/uploads\/2019\/08\/marca.png\",\"width\":350,\"height\":400,\"caption\":\"Padre Eust\u00e1quio\"},\"image\":{\"@id\":\"https:\/\/www.padreeustaquio.com.br\/#\/schema\/logo\/image\/\"},\"sameAs\":[\"https:\/\/www.facebook.com\/beatopadreeustaquio\/\",\"https:\/\/x.com\/beatopeustaquio\",\"https:\/\/www.instagram.com\/beatopadreeustaquio\/\",\"https:\/\/www.youtube.com\/channel\/UCRhw7vfabnajwLxb1ZXMeIw\"]},{\"@type\":\"Person\",\"@id\":\"https:\/\/www.padreeustaquio.com.br\/#\/schema\/person\/a2a51db1d00f1a7af0204a0f1ddb1566\",\"name\":\"@sscc\",\"image\":{\"@type\":\"ImageObject\",\"inLanguage\":\"en-US\",\"@id\":\"https:\/\/secure.gravatar.com\/avatar\/68cfafa5f44617fea54071e215026e0ff06be366c3d54a8425f04fdcb86f8c5f?s=96&d=mm&r=g\",\"url\":\"https:\/\/secure.gravatar.com\/avatar\/68cfafa5f44617fea54071e215026e0ff06be366c3d54a8425f04fdcb86f8c5f?s=96&d=mm&r=g\",\"contentUrl\":\"https:\/\/secure.gravatar.com\/avatar\/68cfafa5f44617fea54071e215026e0ff06be366c3d54a8425f04fdcb86f8c5f?s=96&d=mm&r=g\",\"caption\":\"@sscc\"},\"url\":\"https:\/\/www.padreeustaquio.com.br\/en\/author\/sscc\/\"}]}<\/script>\n<!-- \/ Yoast SEO plugin. -->","yoast_head_json":{"title":"The digital version of the Canonization Newsletter is now available.","description":"The online version of the first newsletter from the National Secretariat for the Cause of Canonization for 2022 is now available here on our website. The printed version was released earlier this month, commemorating Saint Joseph.","robots":{"index":"index","follow":"follow","max-snippet":"max-snippet:-1","max-image-preview":"max-image-preview:large","max-video-preview":"max-video-preview:-1"},"canonical":"https:\/\/www.padreeustaquio.com.br\/en\/the-digital-version-of-the-canonization-newsletter-is-now-available\/","og_locale":"en_US","og_type":"article","og_title":"Vers\u00e3o digital do Informativo da Canoniza\u00e7\u00e3o j\u00e1 est\u00e1 dispon\u00edvel","og_description":"J\u00e1 est\u00e1 dispon\u00edvel aqui em nosso site, a vers\u00e3o on-line do primeiro Informativo do Secretariado Nacional da Causa de Canoniza\u00e7\u00e3o de 2022. O conte\u00fado impresso foi lan\u00e7ado no in\u00edcio do m\u00eas, comemorando S\u00e3o Jos\u00e9.","og_url":"https:\/\/www.padreeustaquio.com.br\/en\/the-digital-version-of-the-canonization-newsletter-is-now-available\/","og_site_name":"Padre Eust\u00e1quio","article_publisher":"https:\/\/www.facebook.com\/beatopadreeustaquio\/","article_published_time":"2022-04-04T08:37:00+00:00","og_image":[{"width":748,"height":394,"url":"https:\/\/www.padreeustaquio.com.br\/wp-content\/uploads\/2022\/03\/versao-digital.jpg","type":"image\/jpeg"}],"author":"@sscc","twitter_card":"summary_large_image","twitter_creator":"@beatopeustaquio","twitter_site":"@beatopeustaquio","twitter_misc":{"Written by":"@sscc","Est. reading time":"1 minute"},"schema":{"@context":"https:\/\/schema.org","@graph":[{"@type":"Article","@id":"https:\/\/www.padreeustaquio.com.br\/versao-digital-do-informativo-da-canonizacao-ja-esta-disponivel\/#article","isPartOf":{"@id":"https:\/\/www.padreeustaquio.com.br\/versao-digital-do-informativo-da-canonizacao-ja-esta-disponivel\/"},"author":{"name":"@sscc","@id":"https:\/\/www.padreeustaquio.com.br\/#\/schema\/person\/a2a51db1d00f1a7af0204a0f1ddb1566"},"headline":"Vers\u00e3o digital do Informativo da Canoniza\u00e7\u00e3o j\u00e1 est\u00e1 dispon\u00edvel","datePublished":"2022-04-04T08:37:00+00:00","mainEntityOfPage":{"@id":"https:\/\/www.padreeustaquio.com.br\/versao-digital-do-informativo-da-canonizacao-ja-esta-disponivel\/"},"wordCount":242,"commentCount":0,"publisher":{"@id":"https:\/\/www.padreeustaquio.com.br\/#organization"},"image":{"@id":"https:\/\/www.padreeustaquio.com.br\/versao-digital-do-informativo-da-canonizacao-ja-esta-disponivel\/#primaryimage"},"thumbnailUrl":"https:\/\/www.padreeustaquio.com.br\/wp-content\/uploads\/2022\/03\/versao-digital.jpg","articleSection":["Not\u00edcias"],"inLanguage":"en-US","potentialAction":[{"@type":"CommentAction","name":"Comment","target":["https:\/\/www.padreeustaquio.com.br\/versao-digital-do-informativo-da-canonizacao-ja-esta-disponivel\/#respond"]}]},{"@type":"WebPage","@id":"https:\/\/www.padreeustaquio.com.br\/versao-digital-do-informativo-da-canonizacao-ja-esta-disponivel\/","url":"https:\/\/www.padreeustaquio.com.br\/versao-digital-do-informativo-da-canonizacao-ja-esta-disponivel\/","name":"The digital version of the Canonization Newsletter is now available.","isPartOf":{"@id":"https:\/\/www.padreeustaquio.com.br\/#website"},"primaryImageOfPage":{"@id":"https:\/\/www.padreeustaquio.com.br\/versao-digital-do-informativo-da-canonizacao-ja-esta-disponivel\/#primaryimage"},"image":{"@id":"https:\/\/www.padreeustaquio.com.br\/versao-digital-do-informativo-da-canonizacao-ja-esta-disponivel\/#primaryimage"},"thumbnailUrl":"https:\/\/www.padreeustaquio.com.br\/wp-content\/uploads\/2022\/03\/versao-digital.jpg","datePublished":"2022-04-04T08:37:00+00:00","description":"The online version of the first newsletter from the National Secretariat for the Cause of Canonization for 2022 is now available here on our website. The printed version was released earlier this month, commemorating Saint Joseph.","breadcrumb":{"@id":"https:\/\/www.padreeustaquio.com.br\/versao-digital-do-informativo-da-canonizacao-ja-esta-disponivel\/#breadcrumb"},"inLanguage":"en-US","potentialAction":[{"@type":"ReadAction","target":["https:\/\/www.padreeustaquio.com.br\/versao-digital-do-informativo-da-canonizacao-ja-esta-disponivel\/"]}]},{"@type":"ImageObject","inLanguage":"en-US","@id":"https:\/\/www.padreeustaquio.com.br\/versao-digital-do-informativo-da-canonizacao-ja-esta-disponivel\/#primaryimage","url":"https:\/\/www.padreeustaquio.com.br\/wp-content\/uploads\/2022\/03\/versao-digital.jpg","contentUrl":"https:\/\/www.padreeustaquio.com.br\/wp-content\/uploads\/2022\/03\/versao-digital.jpg","width":748,"height":394},{"@type":"BreadcrumbList","@id":"https:\/\/www.padreeustaquio.com.br\/versao-digital-do-informativo-da-canonizacao-ja-esta-disponivel\/#breadcrumb","itemListElement":[{"@type":"ListItem","position":1,"name":"In\u00edcio","item":"https:\/\/www.padreeustaquio.com.br\/"},{"@type":"ListItem","position":2,"name":"Vers\u00e3o digital do Informativo da Canoniza\u00e7\u00e3o j\u00e1 est\u00e1 dispon\u00edvel"}]},{"@type":"WebSite","@id":"https:\/\/www.padreeustaquio.com.br\/#website","url":"https:\/\/www.padreeustaquio.com.br\/","name":"FATHER EUST\u00c1QUIO","description":"Health and Peace","publisher":{"@id":"https:\/\/www.padreeustaquio.com.br\/#organization"},"potentialAction":[{"@type":"SearchAction","target":{"@type":"EntryPoint","urlTemplate":"https:\/\/www.padreeustaquio.com.br\/?s={search_term_string}"},"query-input":{"@type":"PropertyValueSpecification","valueRequired":true,"valueName":"search_term_string"}}],"inLanguage":"en-US"},{"@type":"Organization","@id":"https:\/\/www.padreeustaquio.com.br\/#organization","name":"FATHER EUST\u00c1QUIO","url":"https:\/\/www.padreeustaquio.com.br\/","logo":{"@type":"ImageObject","inLanguage":"en-US","@id":"https:\/\/www.padreeustaquio.com.br\/#\/schema\/logo\/image\/","url":"https:\/\/www.padreeustaquio.com.br\/wp-content\/uploads\/2019\/08\/marca.png","contentUrl":"https:\/\/www.padreeustaquio.com.br\/wp-content\/uploads\/2019\/08\/marca.png","width":350,"height":400,"caption":"Padre Eust\u00e1quio"},"image":{"@id":"https:\/\/www.padreeustaquio.com.br\/#\/schema\/logo\/image\/"},"sameAs":["https:\/\/www.facebook.com\/beatopadreeustaquio\/","https:\/\/x.com\/beatopeustaquio","https:\/\/www.instagram.com\/beatopadreeustaquio\/","https:\/\/www.youtube.com\/channel\/UCRhw7vfabnajwLxb1ZXMeIw"]},{"@type":"Person","@id":"https:\/\/www.padreeustaquio.com.br\/#\/schema\/person\/a2a51db1d00f1a7af0204a0f1ddb1566","name":"@sscc","image":{"@type":"ImageObject","inLanguage":"en-US","@id":"https:\/\/secure.gravatar.com\/avatar\/68cfafa5f44617fea54071e215026e0ff06be366c3d54a8425f04fdcb86f8c5f?s=96&d=mm&r=g","url":"https:\/\/secure.gravatar.com\/avatar\/68cfafa5f44617fea54071e215026e0ff06be366c3d54a8425f04fdcb86f8c5f?s=96&d=mm&r=g","contentUrl":"https:\/\/secure.gravatar.com\/avatar\/68cfafa5f44617fea54071e215026e0ff06be366c3d54a8425f04fdcb86f8c5f?s=96&d=mm&r=g","caption":"@sscc"},"url":"https:\/\/www.padreeustaquio.com.br\/en\/author\/sscc\/"}]}},"_links":{"self":[{"href":"https:\/\/www.padreeustaquio.com.br\/en\/wp-json\/wp\/v2\/posts\/8383","targetHints":{"allow":["GET"]}}],"collection":[{"href":"https:\/\/www.padreeustaquio.com.br\/en\/wp-json\/wp\/v2\/posts"}],"about":[{"href":"https:\/\/www.padreeustaquio.com.br\/en\/wp-json\/wp\/v2\/types\/post"}],"author":[{"embeddable":true,"href":"https:\/\/www.padreeustaquio.com.br\/en\/wp-json\/wp\/v2\/users\/2"}],"replies":[{"embeddable":true,"href":"https:\/\/www.padreeustaquio.com.br\/en\/wp-json\/wp\/v2\/comments?post=8383"}],"version-history":[{"count":0,"href":"https:\/\/www.padreeustaquio.com.br\/en\/wp-json\/wp\/v2\/posts\/8383\/revisions"}],"wp:featuredmedia":[{"embeddable":true,"href":"https:\/\/www.padreeustaquio.com.br\/en\/wp-json\/wp\/v2\/media\/8384"}],"wp:attachment":[{"href":"https:\/\/www.padreeustaquio.com.br\/en\/wp-json\/wp\/v2\/media?parent=8383"}],"wp:term":[{"taxonomy":"category","embeddable":true,"href":"https:\/\/www.padreeustaquio.com.br\/en\/wp-json\/wp\/v2\/categories?post=8383"},{"taxonomy":"post_tag","embeddable":true,"href":"https:\/\/www.padreeustaquio.com.br\/en\/wp-json\/wp\/v2\/tags?post=8383"}],"curies":[{"name":"wp","href":"https:\/\/api.w.org\/{rel}","templated":true}]}}