{"id":8367,"date":"2022-03-31T05:45:00","date_gmt":"2022-03-31T08:45:00","guid":{"rendered":"https:\/\/www.padreeustaquio.com.br\/?p=8367"},"modified":"2022-03-30T10:10:48","modified_gmt":"2022-03-30T13:10:48","slug":"deacon-edvaldo-carneiro-ss-cc-will-be-ordained-a-priest-in-ferraz-de-vasconcelos-sp","status":"publish","type":"post","link":"https:\/\/www.padreeustaquio.com.br\/en\/deacon-edvaldo-carneiro-ss-cc-will-be-ordained-a-priest-in-ferraz-de-vasconcelos-sp\/","title":{"rendered":"Deacon Edvaldo Carneiro, ss.cc., will be ordained a priest in Ferraz de Vasconcelos, S\u00e3o Paulo."},"content":{"rendered":"<p>By the hands of Dom Pedro Luiz Stringhini, bishop of the diocese of Mogi das Cruzes, S\u00e3o Paulo, Deacon Edvaldo Carneiro, ss.cc., will be ordained a priest. The Holy Mass will be held at the Santa Cruz and Santa Margarida d&#039;YouVille Parish, this Saturday, April 2nd, at 10:00 AM.<\/p>\n\n\n\n<p>During the ceremony there are some specific steps to be carried out such as the presentation of the candidate, the litany of all the saints, the laying on of hands and prayer of ordination, as well as the anointing of the hands and the handing over of the Chalice and Paten to the new priest.<\/p>\n\n\n\n<p>The Holy Mass will be attended in person by Edvaldo&#039;s friends and family and can also be followed live on the Padre Eust\u00e1quio Channel on YouTube, (<a href=\"https:\/\/youtu.be\/WGNU022r6Zc\" target=\"_blank\" rel=\"noreferrer noopener\">CLICK HERE AND FOLLOW<\/a>).<\/p>\n\n\n\n<p>In September, Brother Edvaldo Carneiro was ordained a Deacon in a ceremony held at the Santo Em\u00eddio Parish in the city of S\u00e3o Paulo. The Mass was also broadcast online (<a href=\"https:\/\/www.youtube.com\/watch?v=CW9p9W1rngY\" target=\"_blank\" rel=\"noreferrer noopener\">review here<\/a>).<\/p>\n\n\n\n<p><strong>Deacon Edvaldo<\/strong><\/p>\n\n\n\n<p>Edvaldo Carneiro, ss.cc. was born in Suzano on September 15, 1987. Son of Ant\u00f4nio Alves Carneiro (deceased) and Laura da Silva Carneiro. He grew up in the city of Ferraz de Vasconcelos, SP. In 2013 he joined the Congregation of the Sacred Hearts of Jesus and Mary. He completed his novitiate in 2016 in Chaclacayo (Peru), and professed his first vows on January 29, 2017, at the Santo Em\u00eddio Parish, Vila Prudente.<\/p>\n\n\n\n<p>He began his theological studies at the Pontifical Catholic University of Chile and in 2018 went to the juniorate in Belo Horizonte, MG, where he completed his Theology degree at the Jesuit Faculty of Philosophy and Theology in 2020. He made his Perpetual Profession on January 17, 2021, at the Sanctuary of Health and Peace in Belo Horizonte. In February of the same year, he was appointed to the Santo Em\u00eddio Community in Vila Prudente, where he was ordained a Deacon on September 4, 2021.<\/p>\n\n\n\n<p><\/p>","protected":false},"excerpt":{"rendered":"<p>Pelas m\u00e3os de Dom Pedro Luiz Stringhini, bispo da diocese de Mogi das Cruzes, S\u00e3o Paulo, o Di\u00e1cono Edvaldo Carneiro, ss.cc., ser\u00e1 ordenado presb\u00edtero. A Santa Missa ser\u00e1 realizada na Par\u00f3quia Santa Cruz e Santa Margarida d&#8217;YouVille, neste s\u00e1bado, dia 02 de abril, \u00e0s 10h. Durante a cerim\u00f4nia h\u00e1 algumas etapas espec\u00edficas a serem realizadas como a apresenta\u00e7\u00e3o do candidato, a ladainha de todos os santos, a imposi\u00e7\u00e3o das m\u00e3os e prece de ordena\u00e7\u00e3o, al\u00e9m da un\u00e7\u00e3o das m\u00e3os e entrega do C\u00e1lice e da Patena ao novo presb\u00edtero. A Santa Missa ser\u00e1 acompanhada presencialmente por amigos e familiares de [&hellip;]<\/p>\n","protected":false},"author":2,"featured_media":8368,"comment_status":"open","ping_status":"closed","sticky":false,"template":"","format":"standard","meta":{"_acf_changed":false,"footnotes":""},"categories":[611],"tags":[],"class_list":["post-8367","post","type-post","status-publish","format-standard","has-post-thumbnail","hentry","category-noticias"],"acf":[],"yoast_head":"<!-- This site is optimized with the Yoast SEO plugin v27.2 - https:\/\/yoast.com\/product\/yoast-seo-wordpress\/ -->\n<title>Di\u00e1cono Edvaldo Carneiro, ss.cc. ser\u00e1 ordenado padre em Ferraz de Vasconcelos-SP<\/title>\n<meta name=\"description\" content=\"Pelas m\u00e3os de Dom Pedro Luiz Stringhini, bispo da diocese de Mogi das Cruzes, S\u00e3o Paulo, o Di\u00e1cono Edvaldo Carneiro, ss.cc., ser\u00e1 ordenado presb\u00edtero. A Santa Missa ser\u00e1 realizada na Par\u00f3quia Santa Cruz e Santa Margarida d&#039;YouVille, neste s\u00e1bado, dia 02 de abril, \u00e0s 10h.\" \/>\n<meta name=\"robots\" content=\"index, follow, max-snippet:-1, max-image-preview:large, max-video-preview:-1\" \/>\n<link rel=\"canonical\" href=\"https:\/\/www.padreeustaquio.com.br\/en\/deacon-edvaldo-carneiro-ss-cc-will-be-ordained-a-priest-in-ferraz-de-vasconcelos-sp\/\" \/>\n<meta property=\"og:locale\" content=\"en_US\" \/>\n<meta property=\"og:type\" content=\"article\" \/>\n<meta property=\"og:title\" content=\"Di\u00e1cono Edvaldo Carneiro, ss.cc. ser\u00e1 ordenado padre em Ferraz de Vasconcelos-SP\" \/>\n<meta property=\"og:description\" content=\"Pelas m\u00e3os de Dom Pedro Luiz Stringhini, bispo da diocese de Mogi das Cruzes, S\u00e3o Paulo, o Di\u00e1cono Edvaldo Carneiro, ss.cc., ser\u00e1 ordenado presb\u00edtero. A Santa Missa ser\u00e1 realizada na Par\u00f3quia Santa Cruz e Santa Margarida d&#039;YouVille, neste s\u00e1bado, dia 02 de abril, \u00e0s 10h.\" \/>\n<meta property=\"og:url\" content=\"https:\/\/www.padreeustaquio.com.br\/en\/deacon-edvaldo-carneiro-ss-cc-will-be-ordained-a-priest-in-ferraz-de-vasconcelos-sp\/\" \/>\n<meta property=\"og:site_name\" content=\"Padre Eust\u00e1quio\" \/>\n<meta property=\"article:publisher\" content=\"https:\/\/www.facebook.com\/beatopadreeustaquio\/\" \/>\n<meta property=\"article:published_time\" content=\"2022-03-31T08:45:00+00:00\" \/>\n<meta property=\"og:image\" content=\"https:\/\/www.padreeustaquio.com.br\/wp-content\/uploads\/2022\/03\/noticia-edvaldo-padre.jpg\" \/>\n\t<meta property=\"og:image:width\" content=\"748\" \/>\n\t<meta property=\"og:image:height\" content=\"394\" \/>\n\t<meta property=\"og:image:type\" content=\"image\/jpeg\" \/>\n<meta name=\"author\" content=\"@sscc\" \/>\n<meta name=\"twitter:card\" content=\"summary_large_image\" \/>\n<meta name=\"twitter:creator\" content=\"@beatopeustaquio\" \/>\n<meta name=\"twitter:site\" content=\"@beatopeustaquio\" \/>\n<meta name=\"twitter:label1\" content=\"Written by\" \/>\n\t<meta name=\"twitter:data1\" content=\"@sscc\" \/>\n\t<meta name=\"twitter:label2\" content=\"Est. reading time\" \/>\n\t<meta name=\"twitter:data2\" content=\"2 minutes\" \/>\n<script type=\"application\/ld+json\" class=\"yoast-schema-graph\">{\"@context\":\"https:\/\/schema.org\",\"@graph\":[{\"@type\":\"Article\",\"@id\":\"https:\/\/www.padreeustaquio.com.br\/diacono-edvaldo-carneiro-ss-cc-sera-ordenado-padre-em-ferraz-de-vasconcelos-sp\/#article\",\"isPartOf\":{\"@id\":\"https:\/\/www.padreeustaquio.com.br\/diacono-edvaldo-carneiro-ss-cc-sera-ordenado-padre-em-ferraz-de-vasconcelos-sp\/\"},\"author\":{\"name\":\"@sscc\",\"@id\":\"https:\/\/www.padreeustaquio.com.br\/#\/schema\/person\/a2a51db1d00f1a7af0204a0f1ddb1566\"},\"headline\":\"Di\u00e1cono Edvaldo Carneiro, ss.cc. ser\u00e1 ordenado padre em Ferraz de Vasconcelos-SP\",\"datePublished\":\"2022-03-31T08:45:00+00:00\",\"mainEntityOfPage\":{\"@id\":\"https:\/\/www.padreeustaquio.com.br\/diacono-edvaldo-carneiro-ss-cc-sera-ordenado-padre-em-ferraz-de-vasconcelos-sp\/\"},\"wordCount\":344,\"commentCount\":0,\"publisher\":{\"@id\":\"https:\/\/www.padreeustaquio.com.br\/#organization\"},\"image\":{\"@id\":\"https:\/\/www.padreeustaquio.com.br\/diacono-edvaldo-carneiro-ss-cc-sera-ordenado-padre-em-ferraz-de-vasconcelos-sp\/#primaryimage\"},\"thumbnailUrl\":\"https:\/\/www.padreeustaquio.com.br\/wp-content\/uploads\/2022\/03\/noticia-edvaldo-padre.jpg\",\"articleSection\":[\"Not\u00edcias\"],\"inLanguage\":\"en-US\",\"potentialAction\":[{\"@type\":\"CommentAction\",\"name\":\"Comment\",\"target\":[\"https:\/\/www.padreeustaquio.com.br\/diacono-edvaldo-carneiro-ss-cc-sera-ordenado-padre-em-ferraz-de-vasconcelos-sp\/#respond\"]}]},{\"@type\":\"WebPage\",\"@id\":\"https:\/\/www.padreeustaquio.com.br\/diacono-edvaldo-carneiro-ss-cc-sera-ordenado-padre-em-ferraz-de-vasconcelos-sp\/\",\"url\":\"https:\/\/www.padreeustaquio.com.br\/diacono-edvaldo-carneiro-ss-cc-sera-ordenado-padre-em-ferraz-de-vasconcelos-sp\/\",\"name\":\"Di\u00e1cono Edvaldo Carneiro, ss.cc. ser\u00e1 ordenado padre em Ferraz de Vasconcelos-SP\",\"isPartOf\":{\"@id\":\"https:\/\/www.padreeustaquio.com.br\/#website\"},\"primaryImageOfPage\":{\"@id\":\"https:\/\/www.padreeustaquio.com.br\/diacono-edvaldo-carneiro-ss-cc-sera-ordenado-padre-em-ferraz-de-vasconcelos-sp\/#primaryimage\"},\"image\":{\"@id\":\"https:\/\/www.padreeustaquio.com.br\/diacono-edvaldo-carneiro-ss-cc-sera-ordenado-padre-em-ferraz-de-vasconcelos-sp\/#primaryimage\"},\"thumbnailUrl\":\"https:\/\/www.padreeustaquio.com.br\/wp-content\/uploads\/2022\/03\/noticia-edvaldo-padre.jpg\",\"datePublished\":\"2022-03-31T08:45:00+00:00\",\"description\":\"Pelas m\u00e3os de Dom Pedro Luiz Stringhini, bispo da diocese de Mogi das Cruzes, S\u00e3o Paulo, o Di\u00e1cono Edvaldo Carneiro, ss.cc., ser\u00e1 ordenado presb\u00edtero. A Santa Missa ser\u00e1 realizada na Par\u00f3quia Santa Cruz e Santa Margarida d'YouVille, neste s\u00e1bado, dia 02 de abril, \u00e0s 10h.\",\"breadcrumb\":{\"@id\":\"https:\/\/www.padreeustaquio.com.br\/diacono-edvaldo-carneiro-ss-cc-sera-ordenado-padre-em-ferraz-de-vasconcelos-sp\/#breadcrumb\"},\"inLanguage\":\"en-US\",\"potentialAction\":[{\"@type\":\"ReadAction\",\"target\":[\"https:\/\/www.padreeustaquio.com.br\/diacono-edvaldo-carneiro-ss-cc-sera-ordenado-padre-em-ferraz-de-vasconcelos-sp\/\"]}]},{\"@type\":\"ImageObject\",\"inLanguage\":\"en-US\",\"@id\":\"https:\/\/www.padreeustaquio.com.br\/diacono-edvaldo-carneiro-ss-cc-sera-ordenado-padre-em-ferraz-de-vasconcelos-sp\/#primaryimage\",\"url\":\"https:\/\/www.padreeustaquio.com.br\/wp-content\/uploads\/2022\/03\/noticia-edvaldo-padre.jpg\",\"contentUrl\":\"https:\/\/www.padreeustaquio.com.br\/wp-content\/uploads\/2022\/03\/noticia-edvaldo-padre.jpg\",\"width\":748,\"height\":394},{\"@type\":\"BreadcrumbList\",\"@id\":\"https:\/\/www.padreeustaquio.com.br\/diacono-edvaldo-carneiro-ss-cc-sera-ordenado-padre-em-ferraz-de-vasconcelos-sp\/#breadcrumb\",\"itemListElement\":[{\"@type\":\"ListItem\",\"position\":1,\"name\":\"In\u00edcio\",\"item\":\"https:\/\/www.padreeustaquio.com.br\/\"},{\"@type\":\"ListItem\",\"position\":2,\"name\":\"Di\u00e1cono Edvaldo Carneiro, ss.cc. ser\u00e1 ordenado padre em Ferraz de Vasconcelos-SP\"}]},{\"@type\":\"WebSite\",\"@id\":\"https:\/\/www.padreeustaquio.com.br\/#website\",\"url\":\"https:\/\/www.padreeustaquio.com.br\/\",\"name\":\"Padre Eust\u00e1quio\",\"description\":\"Sa\u00fade e Paz\",\"publisher\":{\"@id\":\"https:\/\/www.padreeustaquio.com.br\/#organization\"},\"potentialAction\":[{\"@type\":\"SearchAction\",\"target\":{\"@type\":\"EntryPoint\",\"urlTemplate\":\"https:\/\/www.padreeustaquio.com.br\/?s={search_term_string}\"},\"query-input\":{\"@type\":\"PropertyValueSpecification\",\"valueRequired\":true,\"valueName\":\"search_term_string\"}}],\"inLanguage\":\"en-US\"},{\"@type\":\"Organization\",\"@id\":\"https:\/\/www.padreeustaquio.com.br\/#organization\",\"name\":\"Padre Eust\u00e1quio\",\"url\":\"https:\/\/www.padreeustaquio.com.br\/\",\"logo\":{\"@type\":\"ImageObject\",\"inLanguage\":\"en-US\",\"@id\":\"https:\/\/www.padreeustaquio.com.br\/#\/schema\/logo\/image\/\",\"url\":\"https:\/\/www.padreeustaquio.com.br\/wp-content\/uploads\/2019\/08\/marca.png\",\"contentUrl\":\"https:\/\/www.padreeustaquio.com.br\/wp-content\/uploads\/2019\/08\/marca.png\",\"width\":350,\"height\":400,\"caption\":\"Padre Eust\u00e1quio\"},\"image\":{\"@id\":\"https:\/\/www.padreeustaquio.com.br\/#\/schema\/logo\/image\/\"},\"sameAs\":[\"https:\/\/www.facebook.com\/beatopadreeustaquio\/\",\"https:\/\/x.com\/beatopeustaquio\",\"https:\/\/www.instagram.com\/beatopadreeustaquio\/\",\"https:\/\/www.youtube.com\/channel\/UCRhw7vfabnajwLxb1ZXMeIw\"]},{\"@type\":\"Person\",\"@id\":\"https:\/\/www.padreeustaquio.com.br\/#\/schema\/person\/a2a51db1d00f1a7af0204a0f1ddb1566\",\"name\":\"@sscc\",\"image\":{\"@type\":\"ImageObject\",\"inLanguage\":\"en-US\",\"@id\":\"https:\/\/secure.gravatar.com\/avatar\/68cfafa5f44617fea54071e215026e0ff06be366c3d54a8425f04fdcb86f8c5f?s=96&d=mm&r=g\",\"url\":\"https:\/\/secure.gravatar.com\/avatar\/68cfafa5f44617fea54071e215026e0ff06be366c3d54a8425f04fdcb86f8c5f?s=96&d=mm&r=g\",\"contentUrl\":\"https:\/\/secure.gravatar.com\/avatar\/68cfafa5f44617fea54071e215026e0ff06be366c3d54a8425f04fdcb86f8c5f?s=96&d=mm&r=g\",\"caption\":\"@sscc\"},\"url\":\"https:\/\/www.padreeustaquio.com.br\/en\/author\/sscc\/\"}]}<\/script>\n<!-- \/ Yoast SEO plugin. -->","yoast_head_json":{"title":"Deacon Edvaldo Carneiro, ss.cc., will be ordained a priest in Ferraz de Vasconcelos, S\u00e3o Paulo.","description":"By the hands of Dom Pedro Luiz Stringhini, bishop of the diocese of Mogi das Cruzes, S\u00e3o Paulo, Deacon Edvaldo Carneiro, ss.cc., will be ordained a priest. The Holy Mass will be held at the Santa Cruz and Santa Margarida d&#039;YouVille Parish, this Saturday, April 2nd, at 10:00 AM.","robots":{"index":"index","follow":"follow","max-snippet":"max-snippet:-1","max-image-preview":"max-image-preview:large","max-video-preview":"max-video-preview:-1"},"canonical":"https:\/\/www.padreeustaquio.com.br\/en\/deacon-edvaldo-carneiro-ss-cc-will-be-ordained-a-priest-in-ferraz-de-vasconcelos-sp\/","og_locale":"en_US","og_type":"article","og_title":"Di\u00e1cono Edvaldo Carneiro, ss.cc. ser\u00e1 ordenado padre em Ferraz de Vasconcelos-SP","og_description":"Pelas m\u00e3os de Dom Pedro Luiz Stringhini, bispo da diocese de Mogi das Cruzes, S\u00e3o Paulo, o Di\u00e1cono Edvaldo Carneiro, ss.cc., ser\u00e1 ordenado presb\u00edtero. A Santa Missa ser\u00e1 realizada na Par\u00f3quia Santa Cruz e Santa Margarida d'YouVille, neste s\u00e1bado, dia 02 de abril, \u00e0s 10h.","og_url":"https:\/\/www.padreeustaquio.com.br\/en\/deacon-edvaldo-carneiro-ss-cc-will-be-ordained-a-priest-in-ferraz-de-vasconcelos-sp\/","og_site_name":"Padre Eust\u00e1quio","article_publisher":"https:\/\/www.facebook.com\/beatopadreeustaquio\/","article_published_time":"2022-03-31T08:45:00+00:00","og_image":[{"width":748,"height":394,"url":"https:\/\/www.padreeustaquio.com.br\/wp-content\/uploads\/2022\/03\/noticia-edvaldo-padre.jpg","type":"image\/jpeg"}],"author":"@sscc","twitter_card":"summary_large_image","twitter_creator":"@beatopeustaquio","twitter_site":"@beatopeustaquio","twitter_misc":{"Written by":"@sscc","Est. reading time":"2 minutes"},"schema":{"@context":"https:\/\/schema.org","@graph":[{"@type":"Article","@id":"https:\/\/www.padreeustaquio.com.br\/diacono-edvaldo-carneiro-ss-cc-sera-ordenado-padre-em-ferraz-de-vasconcelos-sp\/#article","isPartOf":{"@id":"https:\/\/www.padreeustaquio.com.br\/diacono-edvaldo-carneiro-ss-cc-sera-ordenado-padre-em-ferraz-de-vasconcelos-sp\/"},"author":{"name":"@sscc","@id":"https:\/\/www.padreeustaquio.com.br\/#\/schema\/person\/a2a51db1d00f1a7af0204a0f1ddb1566"},"headline":"Di\u00e1cono Edvaldo Carneiro, ss.cc. ser\u00e1 ordenado padre em Ferraz de Vasconcelos-SP","datePublished":"2022-03-31T08:45:00+00:00","mainEntityOfPage":{"@id":"https:\/\/www.padreeustaquio.com.br\/diacono-edvaldo-carneiro-ss-cc-sera-ordenado-padre-em-ferraz-de-vasconcelos-sp\/"},"wordCount":344,"commentCount":0,"publisher":{"@id":"https:\/\/www.padreeustaquio.com.br\/#organization"},"image":{"@id":"https:\/\/www.padreeustaquio.com.br\/diacono-edvaldo-carneiro-ss-cc-sera-ordenado-padre-em-ferraz-de-vasconcelos-sp\/#primaryimage"},"thumbnailUrl":"https:\/\/www.padreeustaquio.com.br\/wp-content\/uploads\/2022\/03\/noticia-edvaldo-padre.jpg","articleSection":["Not\u00edcias"],"inLanguage":"en-US","potentialAction":[{"@type":"CommentAction","name":"Comment","target":["https:\/\/www.padreeustaquio.com.br\/diacono-edvaldo-carneiro-ss-cc-sera-ordenado-padre-em-ferraz-de-vasconcelos-sp\/#respond"]}]},{"@type":"WebPage","@id":"https:\/\/www.padreeustaquio.com.br\/diacono-edvaldo-carneiro-ss-cc-sera-ordenado-padre-em-ferraz-de-vasconcelos-sp\/","url":"https:\/\/www.padreeustaquio.com.br\/diacono-edvaldo-carneiro-ss-cc-sera-ordenado-padre-em-ferraz-de-vasconcelos-sp\/","name":"Deacon Edvaldo Carneiro, ss.cc., will be ordained a priest in Ferraz de Vasconcelos, S\u00e3o Paulo.","isPartOf":{"@id":"https:\/\/www.padreeustaquio.com.br\/#website"},"primaryImageOfPage":{"@id":"https:\/\/www.padreeustaquio.com.br\/diacono-edvaldo-carneiro-ss-cc-sera-ordenado-padre-em-ferraz-de-vasconcelos-sp\/#primaryimage"},"image":{"@id":"https:\/\/www.padreeustaquio.com.br\/diacono-edvaldo-carneiro-ss-cc-sera-ordenado-padre-em-ferraz-de-vasconcelos-sp\/#primaryimage"},"thumbnailUrl":"https:\/\/www.padreeustaquio.com.br\/wp-content\/uploads\/2022\/03\/noticia-edvaldo-padre.jpg","datePublished":"2022-03-31T08:45:00+00:00","description":"By the hands of Dom Pedro Luiz Stringhini, bishop of the diocese of Mogi das Cruzes, S\u00e3o Paulo, Deacon Edvaldo Carneiro, ss.cc., will be ordained a priest. The Holy Mass will be held at the Santa Cruz and Santa Margarida d&#039;YouVille Parish, this Saturday, April 2nd, at 10:00 AM.","breadcrumb":{"@id":"https:\/\/www.padreeustaquio.com.br\/diacono-edvaldo-carneiro-ss-cc-sera-ordenado-padre-em-ferraz-de-vasconcelos-sp\/#breadcrumb"},"inLanguage":"en-US","potentialAction":[{"@type":"ReadAction","target":["https:\/\/www.padreeustaquio.com.br\/diacono-edvaldo-carneiro-ss-cc-sera-ordenado-padre-em-ferraz-de-vasconcelos-sp\/"]}]},{"@type":"ImageObject","inLanguage":"en-US","@id":"https:\/\/www.padreeustaquio.com.br\/diacono-edvaldo-carneiro-ss-cc-sera-ordenado-padre-em-ferraz-de-vasconcelos-sp\/#primaryimage","url":"https:\/\/www.padreeustaquio.com.br\/wp-content\/uploads\/2022\/03\/noticia-edvaldo-padre.jpg","contentUrl":"https:\/\/www.padreeustaquio.com.br\/wp-content\/uploads\/2022\/03\/noticia-edvaldo-padre.jpg","width":748,"height":394},{"@type":"BreadcrumbList","@id":"https:\/\/www.padreeustaquio.com.br\/diacono-edvaldo-carneiro-ss-cc-sera-ordenado-padre-em-ferraz-de-vasconcelos-sp\/#breadcrumb","itemListElement":[{"@type":"ListItem","position":1,"name":"In\u00edcio","item":"https:\/\/www.padreeustaquio.com.br\/"},{"@type":"ListItem","position":2,"name":"Di\u00e1cono Edvaldo Carneiro, ss.cc. ser\u00e1 ordenado padre em Ferraz de Vasconcelos-SP"}]},{"@type":"WebSite","@id":"https:\/\/www.padreeustaquio.com.br\/#website","url":"https:\/\/www.padreeustaquio.com.br\/","name":"FATHER EUST\u00c1QUIO","description":"Health and Peace","publisher":{"@id":"https:\/\/www.padreeustaquio.com.br\/#organization"},"potentialAction":[{"@type":"SearchAction","target":{"@type":"EntryPoint","urlTemplate":"https:\/\/www.padreeustaquio.com.br\/?s={search_term_string}"},"query-input":{"@type":"PropertyValueSpecification","valueRequired":true,"valueName":"search_term_string"}}],"inLanguage":"en-US"},{"@type":"Organization","@id":"https:\/\/www.padreeustaquio.com.br\/#organization","name":"FATHER EUST\u00c1QUIO","url":"https:\/\/www.padreeustaquio.com.br\/","logo":{"@type":"ImageObject","inLanguage":"en-US","@id":"https:\/\/www.padreeustaquio.com.br\/#\/schema\/logo\/image\/","url":"https:\/\/www.padreeustaquio.com.br\/wp-content\/uploads\/2019\/08\/marca.png","contentUrl":"https:\/\/www.padreeustaquio.com.br\/wp-content\/uploads\/2019\/08\/marca.png","width":350,"height":400,"caption":"Padre Eust\u00e1quio"},"image":{"@id":"https:\/\/www.padreeustaquio.com.br\/#\/schema\/logo\/image\/"},"sameAs":["https:\/\/www.facebook.com\/beatopadreeustaquio\/","https:\/\/x.com\/beatopeustaquio","https:\/\/www.instagram.com\/beatopadreeustaquio\/","https:\/\/www.youtube.com\/channel\/UCRhw7vfabnajwLxb1ZXMeIw"]},{"@type":"Person","@id":"https:\/\/www.padreeustaquio.com.br\/#\/schema\/person\/a2a51db1d00f1a7af0204a0f1ddb1566","name":"@sscc","image":{"@type":"ImageObject","inLanguage":"en-US","@id":"https:\/\/secure.gravatar.com\/avatar\/68cfafa5f44617fea54071e215026e0ff06be366c3d54a8425f04fdcb86f8c5f?s=96&d=mm&r=g","url":"https:\/\/secure.gravatar.com\/avatar\/68cfafa5f44617fea54071e215026e0ff06be366c3d54a8425f04fdcb86f8c5f?s=96&d=mm&r=g","contentUrl":"https:\/\/secure.gravatar.com\/avatar\/68cfafa5f44617fea54071e215026e0ff06be366c3d54a8425f04fdcb86f8c5f?s=96&d=mm&r=g","caption":"@sscc"},"url":"https:\/\/www.padreeustaquio.com.br\/en\/author\/sscc\/"}]}},"_links":{"self":[{"href":"https:\/\/www.padreeustaquio.com.br\/en\/wp-json\/wp\/v2\/posts\/8367","targetHints":{"allow":["GET"]}}],"collection":[{"href":"https:\/\/www.padreeustaquio.com.br\/en\/wp-json\/wp\/v2\/posts"}],"about":[{"href":"https:\/\/www.padreeustaquio.com.br\/en\/wp-json\/wp\/v2\/types\/post"}],"author":[{"embeddable":true,"href":"https:\/\/www.padreeustaquio.com.br\/en\/wp-json\/wp\/v2\/users\/2"}],"replies":[{"embeddable":true,"href":"https:\/\/www.padreeustaquio.com.br\/en\/wp-json\/wp\/v2\/comments?post=8367"}],"version-history":[{"count":0,"href":"https:\/\/www.padreeustaquio.com.br\/en\/wp-json\/wp\/v2\/posts\/8367\/revisions"}],"wp:featuredmedia":[{"embeddable":true,"href":"https:\/\/www.padreeustaquio.com.br\/en\/wp-json\/wp\/v2\/media\/8368"}],"wp:attachment":[{"href":"https:\/\/www.padreeustaquio.com.br\/en\/wp-json\/wp\/v2\/media?parent=8367"}],"wp:term":[{"taxonomy":"category","embeddable":true,"href":"https:\/\/www.padreeustaquio.com.br\/en\/wp-json\/wp\/v2\/categories?post=8367"},{"taxonomy":"post_tag","embeddable":true,"href":"https:\/\/www.padreeustaquio.com.br\/en\/wp-json\/wp\/v2\/tags?post=8367"}],"curies":[{"name":"wp","href":"https:\/\/api.w.org\/{rel}","templated":true}]}}