{"id":8360,"date":"2022-03-28T06:15:00","date_gmt":"2022-03-28T09:15:00","guid":{"rendered":"https:\/\/www.padreeustaquio.com.br\/?p=8360"},"modified":"2022-03-26T19:27:14","modified_gmt":"2022-03-26T22:27:14","slug":"devotees-from-rio-de-janeiro-visit-the-sanctuary-of-health-and-peace-in-belo-horizonte","status":"publish","type":"post","link":"https:\/\/www.padreeustaquio.com.br\/en\/devotees-from-rio-de-janeiro-visit-the-sanctuary-of-health-and-peace-in-belo-horizonte\/","title":{"rendered":"Devotees from Rio de Janeiro visit the Sanctuary of Health and Peace in Belo Horizonte."},"content":{"rendered":"<p>About 20 people from the Parish of Our Lady of Exile, in Campo Grande, Rio de Janeiro, visited the Church of Father Eust\u00e1quio this weekend. The group arrived on Thursday and, over the past few days, experienced intense moments of prayer and learning about the life of Blessed Father Eust\u00e1quio.<\/p>\n\n\n\n<p>The group was welcomed by Father Alexandre Campos Leite, sscc, on the 24th and together they celebrated Holy Mass presided over by Father Silvano Dias at 7 pm, and on Friday, the devotees visited the neighborhood and tourist attractions of the capital of Minas Gerais. <\/p>\n\n\n\n<p>On Saturday, the moment was special. Welcomed by researcher and curator of the Blessed Father Eustace&#039;s archive, Leandro Castro, the faithful had the opportunity to take a guided tour of the Sanctuary. They began their tour at the Father Eustace Memorial where they learned a little about the Blessed&#039;s life. Then they visited the small museum inside the Sanctuary and saw the temple designed by the Dutch priest. In the final part of the tour, the devotees were able to visit the archive and see up close documents, clothing, and objects that belonged to Father Eustace.<\/p>\n\n\n\n<p>On Sunday, after celebrating Holy Mass, the group returned to Rio de Janeiro carrying many graces and blessings of health and peace.<\/p>\n\n\n\n<p>It is worth remembering that the guided tour can be done from Monday to Friday by any visitor or parishioner, just schedule the time at the Parish Office on (31) 3462-6557.<\/p>\n\n\n\n<p><\/p>","protected":false},"excerpt":{"rendered":"<p>Cerca de 20 pessoas da Par\u00f3quia Nossa Senhora do Desterro, em Campo Grande, no Rio de Janeiro, visitaram este fim de semana a Igreja do Padre Eust\u00e1quio. A caravana chegou na quinta-feira e, ao longo dos \u00faltimos dias, viveu momentos intensos de ora\u00e7\u00e3o e de aprendizagem sobre a vida do Beato Padre Eust\u00e1quio. O grupo foi recebido pelo Padre Alexandre Campos Leite, sscc, no dia 24 e juntos celebraram a Santa Missa presidida pelo Padre Silvano Dias, \u00e0s 19h e na sexta-feira, os devotos conheceram o bairro e pontos tur\u00edsticos da capital mineira. J\u00e1 no s\u00e1bado, o momento foi especial. [&hellip;]<\/p>\n","protected":false},"author":2,"featured_media":8361,"comment_status":"open","ping_status":"closed","sticky":false,"template":"","format":"standard","meta":{"_acf_changed":false,"footnotes":""},"categories":[611],"tags":[],"class_list":["post-8360","post","type-post","status-publish","format-standard","has-post-thumbnail","hentry","category-noticias"],"acf":[],"yoast_head":"<!-- This site is optimized with the Yoast SEO plugin v27.2 - https:\/\/yoast.com\/product\/yoast-seo-wordpress\/ -->\n<title>Devotos do Rio de Janeiro visitam Santu\u00e1rio da Sa\u00fade e da Paz, em BH<\/title>\n<meta name=\"description\" content=\"Cerca de 20 pessoas da Par\u00f3quia Nossa Senhora do Desterro, em Campo Grande, no Rio de Janeiro, visitaram este fim de semana a Igreja do Padre Eust\u00e1quio. A caravana chegou na quinta-feira e, ao longo dos \u00faltimos dias, viveu momentos intensos de ora\u00e7\u00e3o e de aprendizagem sobre a vida do Beato Padre Eust\u00e1quio.\" \/>\n<meta name=\"robots\" content=\"index, follow, max-snippet:-1, max-image-preview:large, max-video-preview:-1\" \/>\n<link rel=\"canonical\" href=\"https:\/\/www.padreeustaquio.com.br\/en\/devotees-from-rio-de-janeiro-visit-the-sanctuary-of-health-and-peace-in-belo-horizonte\/\" \/>\n<meta property=\"og:locale\" content=\"en_US\" \/>\n<meta property=\"og:type\" content=\"article\" \/>\n<meta property=\"og:title\" content=\"Devotos do Rio de Janeiro visitam Santu\u00e1rio da Sa\u00fade e da Paz, em BH\" \/>\n<meta property=\"og:description\" content=\"Cerca de 20 pessoas da Par\u00f3quia Nossa Senhora do Desterro, em Campo Grande, no Rio de Janeiro, visitaram este fim de semana a Igreja do Padre Eust\u00e1quio. A caravana chegou na quinta-feira e, ao longo dos \u00faltimos dias, viveu momentos intensos de ora\u00e7\u00e3o e de aprendizagem sobre a vida do Beato Padre Eust\u00e1quio.\" \/>\n<meta property=\"og:url\" content=\"https:\/\/www.padreeustaquio.com.br\/en\/devotees-from-rio-de-janeiro-visit-the-sanctuary-of-health-and-peace-in-belo-horizonte\/\" \/>\n<meta property=\"og:site_name\" content=\"Padre Eust\u00e1quio\" \/>\n<meta property=\"article:publisher\" content=\"https:\/\/www.facebook.com\/beatopadreeustaquio\/\" \/>\n<meta property=\"article:published_time\" content=\"2022-03-28T09:15:00+00:00\" \/>\n<meta property=\"og:image\" content=\"https:\/\/www.padreeustaquio.com.br\/wp-content\/uploads\/2022\/03\/visita-guiada-igreja-padre-eustaquio-da-caravana-nossa-senhora-do-desterro-rio-de-janeiro-rj.jpeg\" \/>\n\t<meta property=\"og:image:width\" content=\"1600\" \/>\n\t<meta property=\"og:image:height\" content=\"900\" \/>\n\t<meta property=\"og:image:type\" content=\"image\/jpeg\" \/>\n<meta name=\"author\" content=\"@sscc\" \/>\n<meta name=\"twitter:card\" content=\"summary_large_image\" \/>\n<meta name=\"twitter:creator\" content=\"@beatopeustaquio\" \/>\n<meta name=\"twitter:site\" content=\"@beatopeustaquio\" \/>\n<meta name=\"twitter:label1\" content=\"Written by\" \/>\n\t<meta name=\"twitter:data1\" content=\"@sscc\" \/>\n\t<meta name=\"twitter:label2\" content=\"Est. reading time\" \/>\n\t<meta name=\"twitter:data2\" content=\"2 minutes\" \/>\n<script type=\"application\/ld+json\" class=\"yoast-schema-graph\">{\"@context\":\"https:\/\/schema.org\",\"@graph\":[{\"@type\":\"Article\",\"@id\":\"https:\/\/www.padreeustaquio.com.br\/devotos-do-rio-de-janeiro-visitam-santuario-da-saude-e-da-paz-em-bh\/#article\",\"isPartOf\":{\"@id\":\"https:\/\/www.padreeustaquio.com.br\/devotos-do-rio-de-janeiro-visitam-santuario-da-saude-e-da-paz-em-bh\/\"},\"author\":{\"name\":\"@sscc\",\"@id\":\"https:\/\/www.padreeustaquio.com.br\/#\/schema\/person\/a2a51db1d00f1a7af0204a0f1ddb1566\"},\"headline\":\"Devotos do Rio de Janeiro visitam Santu\u00e1rio da Sa\u00fade e da Paz, em BH\",\"datePublished\":\"2022-03-28T09:15:00+00:00\",\"mainEntityOfPage\":{\"@id\":\"https:\/\/www.padreeustaquio.com.br\/devotos-do-rio-de-janeiro-visitam-santuario-da-saude-e-da-paz-em-bh\/\"},\"wordCount\":272,\"commentCount\":0,\"publisher\":{\"@id\":\"https:\/\/www.padreeustaquio.com.br\/#organization\"},\"image\":{\"@id\":\"https:\/\/www.padreeustaquio.com.br\/devotos-do-rio-de-janeiro-visitam-santuario-da-saude-e-da-paz-em-bh\/#primaryimage\"},\"thumbnailUrl\":\"https:\/\/www.padreeustaquio.com.br\/wp-content\/uploads\/2022\/03\/visita-guiada-igreja-padre-eustaquio-da-caravana-nossa-senhora-do-desterro-rio-de-janeiro-rj.jpeg\",\"articleSection\":[\"Not\u00edcias\"],\"inLanguage\":\"en-US\",\"potentialAction\":[{\"@type\":\"CommentAction\",\"name\":\"Comment\",\"target\":[\"https:\/\/www.padreeustaquio.com.br\/devotos-do-rio-de-janeiro-visitam-santuario-da-saude-e-da-paz-em-bh\/#respond\"]}]},{\"@type\":\"WebPage\",\"@id\":\"https:\/\/www.padreeustaquio.com.br\/devotos-do-rio-de-janeiro-visitam-santuario-da-saude-e-da-paz-em-bh\/\",\"url\":\"https:\/\/www.padreeustaquio.com.br\/devotos-do-rio-de-janeiro-visitam-santuario-da-saude-e-da-paz-em-bh\/\",\"name\":\"Devotos do Rio de Janeiro visitam Santu\u00e1rio da Sa\u00fade e da Paz, em BH\",\"isPartOf\":{\"@id\":\"https:\/\/www.padreeustaquio.com.br\/#website\"},\"primaryImageOfPage\":{\"@id\":\"https:\/\/www.padreeustaquio.com.br\/devotos-do-rio-de-janeiro-visitam-santuario-da-saude-e-da-paz-em-bh\/#primaryimage\"},\"image\":{\"@id\":\"https:\/\/www.padreeustaquio.com.br\/devotos-do-rio-de-janeiro-visitam-santuario-da-saude-e-da-paz-em-bh\/#primaryimage\"},\"thumbnailUrl\":\"https:\/\/www.padreeustaquio.com.br\/wp-content\/uploads\/2022\/03\/visita-guiada-igreja-padre-eustaquio-da-caravana-nossa-senhora-do-desterro-rio-de-janeiro-rj.jpeg\",\"datePublished\":\"2022-03-28T09:15:00+00:00\",\"description\":\"Cerca de 20 pessoas da Par\u00f3quia Nossa Senhora do Desterro, em Campo Grande, no Rio de Janeiro, visitaram este fim de semana a Igreja do Padre Eust\u00e1quio. A caravana chegou na quinta-feira e, ao longo dos \u00faltimos dias, viveu momentos intensos de ora\u00e7\u00e3o e de aprendizagem sobre a vida do Beato Padre Eust\u00e1quio.\",\"breadcrumb\":{\"@id\":\"https:\/\/www.padreeustaquio.com.br\/devotos-do-rio-de-janeiro-visitam-santuario-da-saude-e-da-paz-em-bh\/#breadcrumb\"},\"inLanguage\":\"en-US\",\"potentialAction\":[{\"@type\":\"ReadAction\",\"target\":[\"https:\/\/www.padreeustaquio.com.br\/devotos-do-rio-de-janeiro-visitam-santuario-da-saude-e-da-paz-em-bh\/\"]}]},{\"@type\":\"ImageObject\",\"inLanguage\":\"en-US\",\"@id\":\"https:\/\/www.padreeustaquio.com.br\/devotos-do-rio-de-janeiro-visitam-santuario-da-saude-e-da-paz-em-bh\/#primaryimage\",\"url\":\"https:\/\/www.padreeustaquio.com.br\/wp-content\/uploads\/2022\/03\/visita-guiada-igreja-padre-eustaquio-da-caravana-nossa-senhora-do-desterro-rio-de-janeiro-rj.jpeg\",\"contentUrl\":\"https:\/\/www.padreeustaquio.com.br\/wp-content\/uploads\/2022\/03\/visita-guiada-igreja-padre-eustaquio-da-caravana-nossa-senhora-do-desterro-rio-de-janeiro-rj.jpeg\",\"width\":1600,\"height\":900},{\"@type\":\"BreadcrumbList\",\"@id\":\"https:\/\/www.padreeustaquio.com.br\/devotos-do-rio-de-janeiro-visitam-santuario-da-saude-e-da-paz-em-bh\/#breadcrumb\",\"itemListElement\":[{\"@type\":\"ListItem\",\"position\":1,\"name\":\"In\u00edcio\",\"item\":\"https:\/\/www.padreeustaquio.com.br\/\"},{\"@type\":\"ListItem\",\"position\":2,\"name\":\"Devotos do Rio de Janeiro visitam Santu\u00e1rio da Sa\u00fade e da Paz, em BH\"}]},{\"@type\":\"WebSite\",\"@id\":\"https:\/\/www.padreeustaquio.com.br\/#website\",\"url\":\"https:\/\/www.padreeustaquio.com.br\/\",\"name\":\"Padre Eust\u00e1quio\",\"description\":\"Sa\u00fade e Paz\",\"publisher\":{\"@id\":\"https:\/\/www.padreeustaquio.com.br\/#organization\"},\"potentialAction\":[{\"@type\":\"SearchAction\",\"target\":{\"@type\":\"EntryPoint\",\"urlTemplate\":\"https:\/\/www.padreeustaquio.com.br\/?s={search_term_string}\"},\"query-input\":{\"@type\":\"PropertyValueSpecification\",\"valueRequired\":true,\"valueName\":\"search_term_string\"}}],\"inLanguage\":\"en-US\"},{\"@type\":\"Organization\",\"@id\":\"https:\/\/www.padreeustaquio.com.br\/#organization\",\"name\":\"Padre Eust\u00e1quio\",\"url\":\"https:\/\/www.padreeustaquio.com.br\/\",\"logo\":{\"@type\":\"ImageObject\",\"inLanguage\":\"en-US\",\"@id\":\"https:\/\/www.padreeustaquio.com.br\/#\/schema\/logo\/image\/\",\"url\":\"https:\/\/www.padreeustaquio.com.br\/wp-content\/uploads\/2019\/08\/marca.png\",\"contentUrl\":\"https:\/\/www.padreeustaquio.com.br\/wp-content\/uploads\/2019\/08\/marca.png\",\"width\":350,\"height\":400,\"caption\":\"Padre Eust\u00e1quio\"},\"image\":{\"@id\":\"https:\/\/www.padreeustaquio.com.br\/#\/schema\/logo\/image\/\"},\"sameAs\":[\"https:\/\/www.facebook.com\/beatopadreeustaquio\/\",\"https:\/\/x.com\/beatopeustaquio\",\"https:\/\/www.instagram.com\/beatopadreeustaquio\/\",\"https:\/\/www.youtube.com\/channel\/UCRhw7vfabnajwLxb1ZXMeIw\"]},{\"@type\":\"Person\",\"@id\":\"https:\/\/www.padreeustaquio.com.br\/#\/schema\/person\/a2a51db1d00f1a7af0204a0f1ddb1566\",\"name\":\"@sscc\",\"image\":{\"@type\":\"ImageObject\",\"inLanguage\":\"en-US\",\"@id\":\"https:\/\/secure.gravatar.com\/avatar\/68cfafa5f44617fea54071e215026e0ff06be366c3d54a8425f04fdcb86f8c5f?s=96&d=mm&r=g\",\"url\":\"https:\/\/secure.gravatar.com\/avatar\/68cfafa5f44617fea54071e215026e0ff06be366c3d54a8425f04fdcb86f8c5f?s=96&d=mm&r=g\",\"contentUrl\":\"https:\/\/secure.gravatar.com\/avatar\/68cfafa5f44617fea54071e215026e0ff06be366c3d54a8425f04fdcb86f8c5f?s=96&d=mm&r=g\",\"caption\":\"@sscc\"},\"url\":\"https:\/\/www.padreeustaquio.com.br\/en\/author\/sscc\/\"}]}<\/script>\n<!-- \/ Yoast SEO plugin. -->","yoast_head_json":{"title":"Devotees from Rio de Janeiro visit the Sanctuary of Health and Peace in Belo Horizonte.","description":"About 20 people from the Parish of Our Lady of Exile, in Campo Grande, Rio de Janeiro, visited the Church of Father Eust\u00e1quio this weekend. The group arrived on Thursday and, over the past few days, experienced intense moments of prayer and learning about the life of Blessed Father Eust\u00e1quio.","robots":{"index":"index","follow":"follow","max-snippet":"max-snippet:-1","max-image-preview":"max-image-preview:large","max-video-preview":"max-video-preview:-1"},"canonical":"https:\/\/www.padreeustaquio.com.br\/en\/devotees-from-rio-de-janeiro-visit-the-sanctuary-of-health-and-peace-in-belo-horizonte\/","og_locale":"en_US","og_type":"article","og_title":"Devotos do Rio de Janeiro visitam Santu\u00e1rio da Sa\u00fade e da Paz, em BH","og_description":"Cerca de 20 pessoas da Par\u00f3quia Nossa Senhora do Desterro, em Campo Grande, no Rio de Janeiro, visitaram este fim de semana a Igreja do Padre Eust\u00e1quio. A caravana chegou na quinta-feira e, ao longo dos \u00faltimos dias, viveu momentos intensos de ora\u00e7\u00e3o e de aprendizagem sobre a vida do Beato Padre Eust\u00e1quio.","og_url":"https:\/\/www.padreeustaquio.com.br\/en\/devotees-from-rio-de-janeiro-visit-the-sanctuary-of-health-and-peace-in-belo-horizonte\/","og_site_name":"Padre Eust\u00e1quio","article_publisher":"https:\/\/www.facebook.com\/beatopadreeustaquio\/","article_published_time":"2022-03-28T09:15:00+00:00","og_image":[{"width":1600,"height":900,"url":"https:\/\/www.padreeustaquio.com.br\/wp-content\/uploads\/2022\/03\/visita-guiada-igreja-padre-eustaquio-da-caravana-nossa-senhora-do-desterro-rio-de-janeiro-rj.jpeg","type":"image\/jpeg"}],"author":"@sscc","twitter_card":"summary_large_image","twitter_creator":"@beatopeustaquio","twitter_site":"@beatopeustaquio","twitter_misc":{"Written by":"@sscc","Est. reading time":"2 minutes"},"schema":{"@context":"https:\/\/schema.org","@graph":[{"@type":"Article","@id":"https:\/\/www.padreeustaquio.com.br\/devotos-do-rio-de-janeiro-visitam-santuario-da-saude-e-da-paz-em-bh\/#article","isPartOf":{"@id":"https:\/\/www.padreeustaquio.com.br\/devotos-do-rio-de-janeiro-visitam-santuario-da-saude-e-da-paz-em-bh\/"},"author":{"name":"@sscc","@id":"https:\/\/www.padreeustaquio.com.br\/#\/schema\/person\/a2a51db1d00f1a7af0204a0f1ddb1566"},"headline":"Devotos do Rio de Janeiro visitam Santu\u00e1rio da Sa\u00fade e da Paz, em BH","datePublished":"2022-03-28T09:15:00+00:00","mainEntityOfPage":{"@id":"https:\/\/www.padreeustaquio.com.br\/devotos-do-rio-de-janeiro-visitam-santuario-da-saude-e-da-paz-em-bh\/"},"wordCount":272,"commentCount":0,"publisher":{"@id":"https:\/\/www.padreeustaquio.com.br\/#organization"},"image":{"@id":"https:\/\/www.padreeustaquio.com.br\/devotos-do-rio-de-janeiro-visitam-santuario-da-saude-e-da-paz-em-bh\/#primaryimage"},"thumbnailUrl":"https:\/\/www.padreeustaquio.com.br\/wp-content\/uploads\/2022\/03\/visita-guiada-igreja-padre-eustaquio-da-caravana-nossa-senhora-do-desterro-rio-de-janeiro-rj.jpeg","articleSection":["Not\u00edcias"],"inLanguage":"en-US","potentialAction":[{"@type":"CommentAction","name":"Comment","target":["https:\/\/www.padreeustaquio.com.br\/devotos-do-rio-de-janeiro-visitam-santuario-da-saude-e-da-paz-em-bh\/#respond"]}]},{"@type":"WebPage","@id":"https:\/\/www.padreeustaquio.com.br\/devotos-do-rio-de-janeiro-visitam-santuario-da-saude-e-da-paz-em-bh\/","url":"https:\/\/www.padreeustaquio.com.br\/devotos-do-rio-de-janeiro-visitam-santuario-da-saude-e-da-paz-em-bh\/","name":"Devotees from Rio de Janeiro visit the Sanctuary of Health and Peace in Belo Horizonte.","isPartOf":{"@id":"https:\/\/www.padreeustaquio.com.br\/#website"},"primaryImageOfPage":{"@id":"https:\/\/www.padreeustaquio.com.br\/devotos-do-rio-de-janeiro-visitam-santuario-da-saude-e-da-paz-em-bh\/#primaryimage"},"image":{"@id":"https:\/\/www.padreeustaquio.com.br\/devotos-do-rio-de-janeiro-visitam-santuario-da-saude-e-da-paz-em-bh\/#primaryimage"},"thumbnailUrl":"https:\/\/www.padreeustaquio.com.br\/wp-content\/uploads\/2022\/03\/visita-guiada-igreja-padre-eustaquio-da-caravana-nossa-senhora-do-desterro-rio-de-janeiro-rj.jpeg","datePublished":"2022-03-28T09:15:00+00:00","description":"About 20 people from the Parish of Our Lady of Exile, in Campo Grande, Rio de Janeiro, visited the Church of Father Eust\u00e1quio this weekend. The group arrived on Thursday and, over the past few days, experienced intense moments of prayer and learning about the life of Blessed Father Eust\u00e1quio.","breadcrumb":{"@id":"https:\/\/www.padreeustaquio.com.br\/devotos-do-rio-de-janeiro-visitam-santuario-da-saude-e-da-paz-em-bh\/#breadcrumb"},"inLanguage":"en-US","potentialAction":[{"@type":"ReadAction","target":["https:\/\/www.padreeustaquio.com.br\/devotos-do-rio-de-janeiro-visitam-santuario-da-saude-e-da-paz-em-bh\/"]}]},{"@type":"ImageObject","inLanguage":"en-US","@id":"https:\/\/www.padreeustaquio.com.br\/devotos-do-rio-de-janeiro-visitam-santuario-da-saude-e-da-paz-em-bh\/#primaryimage","url":"https:\/\/www.padreeustaquio.com.br\/wp-content\/uploads\/2022\/03\/visita-guiada-igreja-padre-eustaquio-da-caravana-nossa-senhora-do-desterro-rio-de-janeiro-rj.jpeg","contentUrl":"https:\/\/www.padreeustaquio.com.br\/wp-content\/uploads\/2022\/03\/visita-guiada-igreja-padre-eustaquio-da-caravana-nossa-senhora-do-desterro-rio-de-janeiro-rj.jpeg","width":1600,"height":900},{"@type":"BreadcrumbList","@id":"https:\/\/www.padreeustaquio.com.br\/devotos-do-rio-de-janeiro-visitam-santuario-da-saude-e-da-paz-em-bh\/#breadcrumb","itemListElement":[{"@type":"ListItem","position":1,"name":"In\u00edcio","item":"https:\/\/www.padreeustaquio.com.br\/"},{"@type":"ListItem","position":2,"name":"Devotos do Rio de Janeiro visitam Santu\u00e1rio da Sa\u00fade e da Paz, em BH"}]},{"@type":"WebSite","@id":"https:\/\/www.padreeustaquio.com.br\/#website","url":"https:\/\/www.padreeustaquio.com.br\/","name":"FATHER EUST\u00c1QUIO","description":"Health and Peace","publisher":{"@id":"https:\/\/www.padreeustaquio.com.br\/#organization"},"potentialAction":[{"@type":"SearchAction","target":{"@type":"EntryPoint","urlTemplate":"https:\/\/www.padreeustaquio.com.br\/?s={search_term_string}"},"query-input":{"@type":"PropertyValueSpecification","valueRequired":true,"valueName":"search_term_string"}}],"inLanguage":"en-US"},{"@type":"Organization","@id":"https:\/\/www.padreeustaquio.com.br\/#organization","name":"FATHER EUST\u00c1QUIO","url":"https:\/\/www.padreeustaquio.com.br\/","logo":{"@type":"ImageObject","inLanguage":"en-US","@id":"https:\/\/www.padreeustaquio.com.br\/#\/schema\/logo\/image\/","url":"https:\/\/www.padreeustaquio.com.br\/wp-content\/uploads\/2019\/08\/marca.png","contentUrl":"https:\/\/www.padreeustaquio.com.br\/wp-content\/uploads\/2019\/08\/marca.png","width":350,"height":400,"caption":"Padre Eust\u00e1quio"},"image":{"@id":"https:\/\/www.padreeustaquio.com.br\/#\/schema\/logo\/image\/"},"sameAs":["https:\/\/www.facebook.com\/beatopadreeustaquio\/","https:\/\/x.com\/beatopeustaquio","https:\/\/www.instagram.com\/beatopadreeustaquio\/","https:\/\/www.youtube.com\/channel\/UCRhw7vfabnajwLxb1ZXMeIw"]},{"@type":"Person","@id":"https:\/\/www.padreeustaquio.com.br\/#\/schema\/person\/a2a51db1d00f1a7af0204a0f1ddb1566","name":"@sscc","image":{"@type":"ImageObject","inLanguage":"en-US","@id":"https:\/\/secure.gravatar.com\/avatar\/68cfafa5f44617fea54071e215026e0ff06be366c3d54a8425f04fdcb86f8c5f?s=96&d=mm&r=g","url":"https:\/\/secure.gravatar.com\/avatar\/68cfafa5f44617fea54071e215026e0ff06be366c3d54a8425f04fdcb86f8c5f?s=96&d=mm&r=g","contentUrl":"https:\/\/secure.gravatar.com\/avatar\/68cfafa5f44617fea54071e215026e0ff06be366c3d54a8425f04fdcb86f8c5f?s=96&d=mm&r=g","caption":"@sscc"},"url":"https:\/\/www.padreeustaquio.com.br\/en\/author\/sscc\/"}]}},"_links":{"self":[{"href":"https:\/\/www.padreeustaquio.com.br\/en\/wp-json\/wp\/v2\/posts\/8360","targetHints":{"allow":["GET"]}}],"collection":[{"href":"https:\/\/www.padreeustaquio.com.br\/en\/wp-json\/wp\/v2\/posts"}],"about":[{"href":"https:\/\/www.padreeustaquio.com.br\/en\/wp-json\/wp\/v2\/types\/post"}],"author":[{"embeddable":true,"href":"https:\/\/www.padreeustaquio.com.br\/en\/wp-json\/wp\/v2\/users\/2"}],"replies":[{"embeddable":true,"href":"https:\/\/www.padreeustaquio.com.br\/en\/wp-json\/wp\/v2\/comments?post=8360"}],"version-history":[{"count":0,"href":"https:\/\/www.padreeustaquio.com.br\/en\/wp-json\/wp\/v2\/posts\/8360\/revisions"}],"wp:featuredmedia":[{"embeddable":true,"href":"https:\/\/www.padreeustaquio.com.br\/en\/wp-json\/wp\/v2\/media\/8361"}],"wp:attachment":[{"href":"https:\/\/www.padreeustaquio.com.br\/en\/wp-json\/wp\/v2\/media?parent=8360"}],"wp:term":[{"taxonomy":"category","embeddable":true,"href":"https:\/\/www.padreeustaquio.com.br\/en\/wp-json\/wp\/v2\/categories?post=8360"},{"taxonomy":"post_tag","embeddable":true,"href":"https:\/\/www.padreeustaquio.com.br\/en\/wp-json\/wp\/v2\/tags?post=8360"}],"curies":[{"name":"wp","href":"https:\/\/api.w.org\/{rel}","templated":true}]}}