{"id":8354,"date":"2022-04-09T08:45:00","date_gmt":"2022-04-09T11:45:00","guid":{"rendered":"https:\/\/www.padreeustaquio.com.br\/?p=8354"},"modified":"2022-04-07T09:45:26","modified_gmt":"2022-04-07T12:45:26","slug":"holy-week-celebrate-palm-sunday-with-your-family","status":"publish","type":"post","link":"https:\/\/www.padreeustaquio.com.br\/en\/holy-week-celebrate-palm-sunday-with-your-family\/","title":{"rendered":"HOLY WEEK \u2013 Celebrate Palm Sunday with your family"},"content":{"rendered":"<p>Download the Celebrate as a Family guide for Palm Sunday here. The material is provided by the Episcopal Pastoral Commission for Liturgy of the National Conference of Bishops of Brazil (CNBB).<\/p>\n\n\n\n<p>We begin our Holy Week by remembering the Lord&#039;s triumphal entry into Jerusalem. This weekend, the Gospel reminds us of the Lord&#039;s Passion, and we begin to experience this moment intensely.<\/p>\n\n\n\n<p>Wherever possible, place a cross adorned with branches and a red cloth in a clearly visible location outside the house (door, window, or balcony).<\/p>\n\n\n\n<p>If you are unable to attend in person, follow the Health and Peace Sanctuary&#039;s programming on YouTube. We will have three broadcast times for masses.&nbsp;<a href=\"https:\/\/www.youtube.com\/channel\/UCRhw7vfabnajwLxb1ZXMeIw\">Padre Eust\u00e1quio Channel<\/a>. On Saturday at 5 PM and on Sunday at 10 AM, both celebrations will include a Palm Sunday procession, in addition to the broadcast of the 7 PM Mass with only the blessing of the palms. In this way, we can follow the celebrations, living the dignity of the priestly people that our baptism conferred upon us. We can not only follow along, but also celebrate the Lord&#039;s Day with our families.<\/p>\n\n\n\n<p><\/p>\n\n\n\n<p><a href=\"https:\/\/bit.ly\/ceframos\" target=\"_blank\" rel=\"noreferrer noopener\">DOWNLOAD THE FAMILY CELEBRATION SCRIPT FOR PALM SUNDAY<\/a><\/p>\n\n\n\n<p><\/p>","protected":false},"excerpt":{"rendered":"<p>Baixe aqui o roteiro Celebrar em Fam\u00edlia para o Domingo de Ramos. O material \u00e9 oferecido pela Comiss\u00e3o Episcopal Pastoral para a Liturgia da Confer\u00eancia Nacional dos Bispos do Brasil (CNBB). Iniciamos nossa Semana Santa relembrando a entrada triunfal do Senhor em Jerusal\u00e9m. Neste final de Semana, o Evangelho nos relembram a Paix\u00e3o do Senhor e n\u00f3s come\u00e7amos a viver intensamente este momento. Onde for poss\u00edvel, colocar em algum lugar externo da casa (porta, janela ou varanda), bem vis\u00edvel, uma cruz ornada com ramos e com um pano de cor vermelha. Se n\u00e3o puder participar presencialmente, acompanhe pelo YouTube a [&hellip;]<\/p>\n","protected":false},"author":2,"featured_media":8355,"comment_status":"open","ping_status":"closed","sticky":false,"template":"","format":"standard","meta":{"_acf_changed":false,"footnotes":""},"categories":[611],"tags":[],"class_list":["post-8354","post","type-post","status-publish","format-standard","has-post-thumbnail","hentry","category-noticias"],"acf":[],"yoast_head":"<!-- This site is optimized with the Yoast SEO plugin v27.2 - https:\/\/yoast.com\/product\/yoast-seo-wordpress\/ -->\n<title>SEMANA SANTA - Celebre em fam\u00edlia o Domingo de Ramos<\/title>\n<meta name=\"description\" content=\"Iniciamos nossa Semana Santa relembrando a entrada triunfal do Senhor em Jerusal\u00e9m. Onde for poss\u00edvel, colocar em algum lugar externo da casa (porta, janela ou varanda), bem vis\u00edvel, uma cruz ornada com ramos e com um pano de cor vermelha.\" \/>\n<meta name=\"robots\" content=\"index, follow, max-snippet:-1, max-image-preview:large, max-video-preview:-1\" \/>\n<link rel=\"canonical\" href=\"https:\/\/www.padreeustaquio.com.br\/en\/holy-week-celebrate-palm-sunday-with-your-family\/\" \/>\n<meta property=\"og:locale\" content=\"en_US\" \/>\n<meta property=\"og:type\" content=\"article\" \/>\n<meta property=\"og:title\" content=\"SEMANA SANTA - Celebre em fam\u00edlia o Domingo de Ramos\" \/>\n<meta property=\"og:description\" content=\"Iniciamos nossa Semana Santa relembrando a entrada triunfal do Senhor em Jerusal\u00e9m. Onde for poss\u00edvel, colocar em algum lugar externo da casa (porta, janela ou varanda), bem vis\u00edvel, uma cruz ornada com ramos e com um pano de cor vermelha.\" \/>\n<meta property=\"og:url\" content=\"https:\/\/www.padreeustaquio.com.br\/en\/holy-week-celebrate-palm-sunday-with-your-family\/\" \/>\n<meta property=\"og:site_name\" content=\"Padre Eust\u00e1quio\" \/>\n<meta property=\"article:publisher\" content=\"https:\/\/www.facebook.com\/beatopadreeustaquio\/\" \/>\n<meta property=\"article:published_time\" content=\"2022-04-09T11:45:00+00:00\" \/>\n<meta property=\"og:image\" content=\"https:\/\/www.padreeustaquio.com.br\/wp-content\/uploads\/2022\/03\/roteiro-domingo-ramos.jpg\" \/>\n\t<meta property=\"og:image:width\" content=\"748\" \/>\n\t<meta property=\"og:image:height\" content=\"394\" \/>\n\t<meta property=\"og:image:type\" content=\"image\/jpeg\" \/>\n<meta name=\"author\" content=\"@sscc\" \/>\n<meta name=\"twitter:card\" content=\"summary_large_image\" \/>\n<meta name=\"twitter:creator\" content=\"@beatopeustaquio\" \/>\n<meta name=\"twitter:site\" content=\"@beatopeustaquio\" \/>\n<meta name=\"twitter:label1\" content=\"Written by\" \/>\n\t<meta name=\"twitter:data1\" content=\"@sscc\" \/>\n\t<meta name=\"twitter:label2\" content=\"Est. reading time\" \/>\n\t<meta name=\"twitter:data2\" content=\"1 minute\" \/>\n<script type=\"application\/ld+json\" class=\"yoast-schema-graph\">{\"@context\":\"https:\/\/schema.org\",\"@graph\":[{\"@type\":\"Article\",\"@id\":\"https:\/\/www.padreeustaquio.com.br\/semana-santa-celebre-em-familia-o-domingo-de-ramos\/#article\",\"isPartOf\":{\"@id\":\"https:\/\/www.padreeustaquio.com.br\/semana-santa-celebre-em-familia-o-domingo-de-ramos\/\"},\"author\":{\"name\":\"@sscc\",\"@id\":\"https:\/\/www.padreeustaquio.com.br\/#\/schema\/person\/a2a51db1d00f1a7af0204a0f1ddb1566\"},\"headline\":\"SEMANA SANTA &#8211; Celebre em fam\u00edlia o Domingo de Ramos\",\"datePublished\":\"2022-04-09T11:45:00+00:00\",\"mainEntityOfPage\":{\"@id\":\"https:\/\/www.padreeustaquio.com.br\/semana-santa-celebre-em-familia-o-domingo-de-ramos\/\"},\"wordCount\":226,\"commentCount\":0,\"publisher\":{\"@id\":\"https:\/\/www.padreeustaquio.com.br\/#organization\"},\"image\":{\"@id\":\"https:\/\/www.padreeustaquio.com.br\/semana-santa-celebre-em-familia-o-domingo-de-ramos\/#primaryimage\"},\"thumbnailUrl\":\"https:\/\/www.padreeustaquio.com.br\/wp-content\/uploads\/2022\/03\/roteiro-domingo-ramos.jpg\",\"articleSection\":[\"Not\u00edcias\"],\"inLanguage\":\"en-US\",\"potentialAction\":[{\"@type\":\"CommentAction\",\"name\":\"Comment\",\"target\":[\"https:\/\/www.padreeustaquio.com.br\/semana-santa-celebre-em-familia-o-domingo-de-ramos\/#respond\"]}]},{\"@type\":\"WebPage\",\"@id\":\"https:\/\/www.padreeustaquio.com.br\/semana-santa-celebre-em-familia-o-domingo-de-ramos\/\",\"url\":\"https:\/\/www.padreeustaquio.com.br\/semana-santa-celebre-em-familia-o-domingo-de-ramos\/\",\"name\":\"SEMANA SANTA - Celebre em fam\u00edlia o Domingo de Ramos\",\"isPartOf\":{\"@id\":\"https:\/\/www.padreeustaquio.com.br\/#website\"},\"primaryImageOfPage\":{\"@id\":\"https:\/\/www.padreeustaquio.com.br\/semana-santa-celebre-em-familia-o-domingo-de-ramos\/#primaryimage\"},\"image\":{\"@id\":\"https:\/\/www.padreeustaquio.com.br\/semana-santa-celebre-em-familia-o-domingo-de-ramos\/#primaryimage\"},\"thumbnailUrl\":\"https:\/\/www.padreeustaquio.com.br\/wp-content\/uploads\/2022\/03\/roteiro-domingo-ramos.jpg\",\"datePublished\":\"2022-04-09T11:45:00+00:00\",\"description\":\"Iniciamos nossa Semana Santa relembrando a entrada triunfal do Senhor em Jerusal\u00e9m. Onde for poss\u00edvel, colocar em algum lugar externo da casa (porta, janela ou varanda), bem vis\u00edvel, uma cruz ornada com ramos e com um pano de cor vermelha.\",\"breadcrumb\":{\"@id\":\"https:\/\/www.padreeustaquio.com.br\/semana-santa-celebre-em-familia-o-domingo-de-ramos\/#breadcrumb\"},\"inLanguage\":\"en-US\",\"potentialAction\":[{\"@type\":\"ReadAction\",\"target\":[\"https:\/\/www.padreeustaquio.com.br\/semana-santa-celebre-em-familia-o-domingo-de-ramos\/\"]}]},{\"@type\":\"ImageObject\",\"inLanguage\":\"en-US\",\"@id\":\"https:\/\/www.padreeustaquio.com.br\/semana-santa-celebre-em-familia-o-domingo-de-ramos\/#primaryimage\",\"url\":\"https:\/\/www.padreeustaquio.com.br\/wp-content\/uploads\/2022\/03\/roteiro-domingo-ramos.jpg\",\"contentUrl\":\"https:\/\/www.padreeustaquio.com.br\/wp-content\/uploads\/2022\/03\/roteiro-domingo-ramos.jpg\",\"width\":748,\"height\":394},{\"@type\":\"BreadcrumbList\",\"@id\":\"https:\/\/www.padreeustaquio.com.br\/semana-santa-celebre-em-familia-o-domingo-de-ramos\/#breadcrumb\",\"itemListElement\":[{\"@type\":\"ListItem\",\"position\":1,\"name\":\"In\u00edcio\",\"item\":\"https:\/\/www.padreeustaquio.com.br\/\"},{\"@type\":\"ListItem\",\"position\":2,\"name\":\"SEMANA SANTA &#8211; Celebre em fam\u00edlia o Domingo de Ramos\"}]},{\"@type\":\"WebSite\",\"@id\":\"https:\/\/www.padreeustaquio.com.br\/#website\",\"url\":\"https:\/\/www.padreeustaquio.com.br\/\",\"name\":\"Padre Eust\u00e1quio\",\"description\":\"Sa\u00fade e Paz\",\"publisher\":{\"@id\":\"https:\/\/www.padreeustaquio.com.br\/#organization\"},\"potentialAction\":[{\"@type\":\"SearchAction\",\"target\":{\"@type\":\"EntryPoint\",\"urlTemplate\":\"https:\/\/www.padreeustaquio.com.br\/?s={search_term_string}\"},\"query-input\":{\"@type\":\"PropertyValueSpecification\",\"valueRequired\":true,\"valueName\":\"search_term_string\"}}],\"inLanguage\":\"en-US\"},{\"@type\":\"Organization\",\"@id\":\"https:\/\/www.padreeustaquio.com.br\/#organization\",\"name\":\"Padre Eust\u00e1quio\",\"url\":\"https:\/\/www.padreeustaquio.com.br\/\",\"logo\":{\"@type\":\"ImageObject\",\"inLanguage\":\"en-US\",\"@id\":\"https:\/\/www.padreeustaquio.com.br\/#\/schema\/logo\/image\/\",\"url\":\"https:\/\/www.padreeustaquio.com.br\/wp-content\/uploads\/2019\/08\/marca.png\",\"contentUrl\":\"https:\/\/www.padreeustaquio.com.br\/wp-content\/uploads\/2019\/08\/marca.png\",\"width\":350,\"height\":400,\"caption\":\"Padre Eust\u00e1quio\"},\"image\":{\"@id\":\"https:\/\/www.padreeustaquio.com.br\/#\/schema\/logo\/image\/\"},\"sameAs\":[\"https:\/\/www.facebook.com\/beatopadreeustaquio\/\",\"https:\/\/x.com\/beatopeustaquio\",\"https:\/\/www.instagram.com\/beatopadreeustaquio\/\",\"https:\/\/www.youtube.com\/channel\/UCRhw7vfabnajwLxb1ZXMeIw\"]},{\"@type\":\"Person\",\"@id\":\"https:\/\/www.padreeustaquio.com.br\/#\/schema\/person\/a2a51db1d00f1a7af0204a0f1ddb1566\",\"name\":\"@sscc\",\"image\":{\"@type\":\"ImageObject\",\"inLanguage\":\"en-US\",\"@id\":\"https:\/\/secure.gravatar.com\/avatar\/68cfafa5f44617fea54071e215026e0ff06be366c3d54a8425f04fdcb86f8c5f?s=96&d=mm&r=g\",\"url\":\"https:\/\/secure.gravatar.com\/avatar\/68cfafa5f44617fea54071e215026e0ff06be366c3d54a8425f04fdcb86f8c5f?s=96&d=mm&r=g\",\"contentUrl\":\"https:\/\/secure.gravatar.com\/avatar\/68cfafa5f44617fea54071e215026e0ff06be366c3d54a8425f04fdcb86f8c5f?s=96&d=mm&r=g\",\"caption\":\"@sscc\"},\"url\":\"https:\/\/www.padreeustaquio.com.br\/en\/author\/sscc\/\"}]}<\/script>\n<!-- \/ Yoast SEO plugin. -->","yoast_head_json":{"title":"HOLY WEEK - Celebrate Palm Sunday with your family","description":"We begin our Holy Week by remembering the Lord&#039;s triumphal entry into Jerusalem. Wherever possible, place a cross adorned with branches and a red cloth in a clearly visible location outside the house (door, window, or balcony).","robots":{"index":"index","follow":"follow","max-snippet":"max-snippet:-1","max-image-preview":"max-image-preview:large","max-video-preview":"max-video-preview:-1"},"canonical":"https:\/\/www.padreeustaquio.com.br\/en\/holy-week-celebrate-palm-sunday-with-your-family\/","og_locale":"en_US","og_type":"article","og_title":"SEMANA SANTA - Celebre em fam\u00edlia o Domingo de Ramos","og_description":"Iniciamos nossa Semana Santa relembrando a entrada triunfal do Senhor em Jerusal\u00e9m. Onde for poss\u00edvel, colocar em algum lugar externo da casa (porta, janela ou varanda), bem vis\u00edvel, uma cruz ornada com ramos e com um pano de cor vermelha.","og_url":"https:\/\/www.padreeustaquio.com.br\/en\/holy-week-celebrate-palm-sunday-with-your-family\/","og_site_name":"Padre Eust\u00e1quio","article_publisher":"https:\/\/www.facebook.com\/beatopadreeustaquio\/","article_published_time":"2022-04-09T11:45:00+00:00","og_image":[{"width":748,"height":394,"url":"https:\/\/www.padreeustaquio.com.br\/wp-content\/uploads\/2022\/03\/roteiro-domingo-ramos.jpg","type":"image\/jpeg"}],"author":"@sscc","twitter_card":"summary_large_image","twitter_creator":"@beatopeustaquio","twitter_site":"@beatopeustaquio","twitter_misc":{"Written by":"@sscc","Est. reading time":"1 minute"},"schema":{"@context":"https:\/\/schema.org","@graph":[{"@type":"Article","@id":"https:\/\/www.padreeustaquio.com.br\/semana-santa-celebre-em-familia-o-domingo-de-ramos\/#article","isPartOf":{"@id":"https:\/\/www.padreeustaquio.com.br\/semana-santa-celebre-em-familia-o-domingo-de-ramos\/"},"author":{"name":"@sscc","@id":"https:\/\/www.padreeustaquio.com.br\/#\/schema\/person\/a2a51db1d00f1a7af0204a0f1ddb1566"},"headline":"SEMANA SANTA &#8211; Celebre em fam\u00edlia o Domingo de Ramos","datePublished":"2022-04-09T11:45:00+00:00","mainEntityOfPage":{"@id":"https:\/\/www.padreeustaquio.com.br\/semana-santa-celebre-em-familia-o-domingo-de-ramos\/"},"wordCount":226,"commentCount":0,"publisher":{"@id":"https:\/\/www.padreeustaquio.com.br\/#organization"},"image":{"@id":"https:\/\/www.padreeustaquio.com.br\/semana-santa-celebre-em-familia-o-domingo-de-ramos\/#primaryimage"},"thumbnailUrl":"https:\/\/www.padreeustaquio.com.br\/wp-content\/uploads\/2022\/03\/roteiro-domingo-ramos.jpg","articleSection":["Not\u00edcias"],"inLanguage":"en-US","potentialAction":[{"@type":"CommentAction","name":"Comment","target":["https:\/\/www.padreeustaquio.com.br\/semana-santa-celebre-em-familia-o-domingo-de-ramos\/#respond"]}]},{"@type":"WebPage","@id":"https:\/\/www.padreeustaquio.com.br\/semana-santa-celebre-em-familia-o-domingo-de-ramos\/","url":"https:\/\/www.padreeustaquio.com.br\/semana-santa-celebre-em-familia-o-domingo-de-ramos\/","name":"HOLY WEEK - Celebrate Palm Sunday with your family","isPartOf":{"@id":"https:\/\/www.padreeustaquio.com.br\/#website"},"primaryImageOfPage":{"@id":"https:\/\/www.padreeustaquio.com.br\/semana-santa-celebre-em-familia-o-domingo-de-ramos\/#primaryimage"},"image":{"@id":"https:\/\/www.padreeustaquio.com.br\/semana-santa-celebre-em-familia-o-domingo-de-ramos\/#primaryimage"},"thumbnailUrl":"https:\/\/www.padreeustaquio.com.br\/wp-content\/uploads\/2022\/03\/roteiro-domingo-ramos.jpg","datePublished":"2022-04-09T11:45:00+00:00","description":"We begin our Holy Week by remembering the Lord&#039;s triumphal entry into Jerusalem. Wherever possible, place a cross adorned with branches and a red cloth in a clearly visible location outside the house (door, window, or balcony).","breadcrumb":{"@id":"https:\/\/www.padreeustaquio.com.br\/semana-santa-celebre-em-familia-o-domingo-de-ramos\/#breadcrumb"},"inLanguage":"en-US","potentialAction":[{"@type":"ReadAction","target":["https:\/\/www.padreeustaquio.com.br\/semana-santa-celebre-em-familia-o-domingo-de-ramos\/"]}]},{"@type":"ImageObject","inLanguage":"en-US","@id":"https:\/\/www.padreeustaquio.com.br\/semana-santa-celebre-em-familia-o-domingo-de-ramos\/#primaryimage","url":"https:\/\/www.padreeustaquio.com.br\/wp-content\/uploads\/2022\/03\/roteiro-domingo-ramos.jpg","contentUrl":"https:\/\/www.padreeustaquio.com.br\/wp-content\/uploads\/2022\/03\/roteiro-domingo-ramos.jpg","width":748,"height":394},{"@type":"BreadcrumbList","@id":"https:\/\/www.padreeustaquio.com.br\/semana-santa-celebre-em-familia-o-domingo-de-ramos\/#breadcrumb","itemListElement":[{"@type":"ListItem","position":1,"name":"In\u00edcio","item":"https:\/\/www.padreeustaquio.com.br\/"},{"@type":"ListItem","position":2,"name":"SEMANA SANTA &#8211; Celebre em fam\u00edlia o Domingo de Ramos"}]},{"@type":"WebSite","@id":"https:\/\/www.padreeustaquio.com.br\/#website","url":"https:\/\/www.padreeustaquio.com.br\/","name":"FATHER EUST\u00c1QUIO","description":"Health and Peace","publisher":{"@id":"https:\/\/www.padreeustaquio.com.br\/#organization"},"potentialAction":[{"@type":"SearchAction","target":{"@type":"EntryPoint","urlTemplate":"https:\/\/www.padreeustaquio.com.br\/?s={search_term_string}"},"query-input":{"@type":"PropertyValueSpecification","valueRequired":true,"valueName":"search_term_string"}}],"inLanguage":"en-US"},{"@type":"Organization","@id":"https:\/\/www.padreeustaquio.com.br\/#organization","name":"FATHER EUST\u00c1QUIO","url":"https:\/\/www.padreeustaquio.com.br\/","logo":{"@type":"ImageObject","inLanguage":"en-US","@id":"https:\/\/www.padreeustaquio.com.br\/#\/schema\/logo\/image\/","url":"https:\/\/www.padreeustaquio.com.br\/wp-content\/uploads\/2019\/08\/marca.png","contentUrl":"https:\/\/www.padreeustaquio.com.br\/wp-content\/uploads\/2019\/08\/marca.png","width":350,"height":400,"caption":"Padre Eust\u00e1quio"},"image":{"@id":"https:\/\/www.padreeustaquio.com.br\/#\/schema\/logo\/image\/"},"sameAs":["https:\/\/www.facebook.com\/beatopadreeustaquio\/","https:\/\/x.com\/beatopeustaquio","https:\/\/www.instagram.com\/beatopadreeustaquio\/","https:\/\/www.youtube.com\/channel\/UCRhw7vfabnajwLxb1ZXMeIw"]},{"@type":"Person","@id":"https:\/\/www.padreeustaquio.com.br\/#\/schema\/person\/a2a51db1d00f1a7af0204a0f1ddb1566","name":"@sscc","image":{"@type":"ImageObject","inLanguage":"en-US","@id":"https:\/\/secure.gravatar.com\/avatar\/68cfafa5f44617fea54071e215026e0ff06be366c3d54a8425f04fdcb86f8c5f?s=96&d=mm&r=g","url":"https:\/\/secure.gravatar.com\/avatar\/68cfafa5f44617fea54071e215026e0ff06be366c3d54a8425f04fdcb86f8c5f?s=96&d=mm&r=g","contentUrl":"https:\/\/secure.gravatar.com\/avatar\/68cfafa5f44617fea54071e215026e0ff06be366c3d54a8425f04fdcb86f8c5f?s=96&d=mm&r=g","caption":"@sscc"},"url":"https:\/\/www.padreeustaquio.com.br\/en\/author\/sscc\/"}]}},"_links":{"self":[{"href":"https:\/\/www.padreeustaquio.com.br\/en\/wp-json\/wp\/v2\/posts\/8354","targetHints":{"allow":["GET"]}}],"collection":[{"href":"https:\/\/www.padreeustaquio.com.br\/en\/wp-json\/wp\/v2\/posts"}],"about":[{"href":"https:\/\/www.padreeustaquio.com.br\/en\/wp-json\/wp\/v2\/types\/post"}],"author":[{"embeddable":true,"href":"https:\/\/www.padreeustaquio.com.br\/en\/wp-json\/wp\/v2\/users\/2"}],"replies":[{"embeddable":true,"href":"https:\/\/www.padreeustaquio.com.br\/en\/wp-json\/wp\/v2\/comments?post=8354"}],"version-history":[{"count":0,"href":"https:\/\/www.padreeustaquio.com.br\/en\/wp-json\/wp\/v2\/posts\/8354\/revisions"}],"wp:featuredmedia":[{"embeddable":true,"href":"https:\/\/www.padreeustaquio.com.br\/en\/wp-json\/wp\/v2\/media\/8355"}],"wp:attachment":[{"href":"https:\/\/www.padreeustaquio.com.br\/en\/wp-json\/wp\/v2\/media?parent=8354"}],"wp:term":[{"taxonomy":"category","embeddable":true,"href":"https:\/\/www.padreeustaquio.com.br\/en\/wp-json\/wp\/v2\/categories?post=8354"},{"taxonomy":"post_tag","embeddable":true,"href":"https:\/\/www.padreeustaquio.com.br\/en\/wp-json\/wp\/v2\/tags?post=8354"}],"curies":[{"name":"wp","href":"https:\/\/api.w.org\/{rel}","templated":true}]}}