{"id":8346,"date":"2022-03-26T10:23:55","date_gmt":"2022-03-26T13:23:55","guid":{"rendered":"https:\/\/www.padreeustaquio.com.br\/?p=8346"},"modified":"2022-03-26T18:35:51","modified_gmt":"2022-03-26T21:35:51","slug":"celebrate-the-4th-sunday-of-lent-with-your-family","status":"publish","type":"post","link":"https:\/\/www.padreeustaquio.com.br\/en\/celebrate-the-4th-sunday-of-lent-with-your-family\/","title":{"rendered":"4th Sunday of Lent: celebrate with your family"},"content":{"rendered":"<p>The &quot;Celebrating as a Family&quot; guide for the 4th Sunday of Lent is now available. The material is provided by the Episcopal Pastoral Commission for Liturgy of the National Conference of Bishops of Brazil (CNBB).<\/p>\n\n\n\n<p>In the liturgy for the 4th Sunday of Lent, celebrated this weekend, we see the Merciful Father receiving back his younger son after he squandered his wealth, but repented and returned to his father.<\/p>\n\n\n\n<p>\u201cWe continue to offer this suggestion for a Celebration of the Word of God to be celebrated in your home, with your family. At the Sanctuary of Health and Peace, there are three times when masses are broadcast via [platform name].\u201d&nbsp;<a href=\"https:\/\/www.youtube.com\/channel\/UCRhw7vfabnajwLxb1ZXMeIw\">Padre Eust\u00e1quio Channel<\/a>&nbsp;(Saturday at 5 pm and Sunday at 10 am and 7 pm) which we can attend, but living the dignity of the priestly people that our baptism conferred upon us. We can not only attend, but celebrate the Lord&#039;s Day with our families.<\/p>\n\n\n\n<p><a href=\"https:\/\/bit.ly\/cef5qua\" target=\"_blank\" rel=\"noreferrer noopener\">Download the Family Celebration Guide for the 4th Sunday of Lent.<\/a><\/p>\n\n\n\n<p><\/p>","protected":false},"excerpt":{"rendered":"<p>Est\u00e1 dispon\u00edvel o roteiro \u201cCelebrar em Fam\u00edlia\u201d para o 4\u00ba Domingo da Quaresma. O material \u00e9 oferecido pela Comiss\u00e3o Episcopal Pastoral para a Liturgia da Confer\u00eancia Nacional dos Bispos do Brasil (CNBB). Na liturgia do 4\u00ba Domingo da Quaresma, celebrado neste fim de semana, vemos o Pai Misericordioso que recebe de volta seu filho mais novo depois que ele esbanjou os bens, mas se arrependeu e voltou para o pai. \u201cContinuamos a oferecer esta sugest\u00e3o de Celebra\u00e7\u00e3o da Palavra de Deus para ser celebrada em sua casa, com seus familiares. No Santu\u00e1rio da Sa\u00fade e Paz s\u00e3o tr\u00eas hor\u00e1rios de [&hellip;]<\/p>\n","protected":false},"author":2,"featured_media":8347,"comment_status":"open","ping_status":"closed","sticky":false,"template":"","format":"standard","meta":{"_acf_changed":false,"footnotes":""},"categories":[611],"tags":[],"class_list":["post-8346","post","type-post","status-publish","format-standard","has-post-thumbnail","hentry","category-noticias"],"acf":[],"yoast_head":"<!-- This site is optimized with the Yoast SEO plugin v27.2 - https:\/\/yoast.com\/product\/yoast-seo-wordpress\/ -->\n<title>4\u00ba Domingo da Quaresma: celebre com seus familiares - Padre Eust\u00e1quio<\/title>\n<meta name=\"description\" content=\"Est\u00e1 dispon\u00edvel o roteiro \u201cCelebrar em Fam\u00edlia\u201d para o 4\u00ba Domingo da Quaresma. O material \u00e9 oferecido pela Comiss\u00e3o Episcopal Pastoral para a Liturgia da Confer\u00eancia Nacional dos Bispos do Brasil (CNBB).\" \/>\n<meta name=\"robots\" content=\"index, follow, max-snippet:-1, max-image-preview:large, max-video-preview:-1\" \/>\n<link rel=\"canonical\" href=\"https:\/\/www.padreeustaquio.com.br\/en\/celebrate-the-4th-sunday-of-lent-with-your-family\/\" \/>\n<meta property=\"og:locale\" content=\"en_US\" \/>\n<meta property=\"og:type\" content=\"article\" \/>\n<meta property=\"og:title\" content=\"4\u00ba Domingo da Quaresma: celebre com seus familiares - Padre Eust\u00e1quio\" \/>\n<meta property=\"og:description\" content=\"Est\u00e1 dispon\u00edvel o roteiro \u201cCelebrar em Fam\u00edlia\u201d para o 4\u00ba Domingo da Quaresma. O material \u00e9 oferecido pela Comiss\u00e3o Episcopal Pastoral para a Liturgia da Confer\u00eancia Nacional dos Bispos do Brasil (CNBB).\" \/>\n<meta property=\"og:url\" content=\"https:\/\/www.padreeustaquio.com.br\/en\/celebrate-the-4th-sunday-of-lent-with-your-family\/\" \/>\n<meta property=\"og:site_name\" content=\"Padre Eust\u00e1quio\" \/>\n<meta property=\"article:publisher\" content=\"https:\/\/www.facebook.com\/beatopadreeustaquio\/\" \/>\n<meta property=\"article:published_time\" content=\"2022-03-26T13:23:55+00:00\" \/>\n<meta property=\"article:modified_time\" content=\"2022-03-26T21:35:51+00:00\" \/>\n<meta property=\"og:image\" content=\"https:\/\/www.padreeustaquio.com.br\/wp-content\/uploads\/2022\/03\/Qua-domingo-quaresma.jpg\" \/>\n\t<meta property=\"og:image:width\" content=\"748\" \/>\n\t<meta property=\"og:image:height\" content=\"394\" \/>\n\t<meta property=\"og:image:type\" content=\"image\/jpeg\" \/>\n<meta name=\"author\" content=\"@sscc\" \/>\n<meta name=\"twitter:card\" content=\"summary_large_image\" \/>\n<meta name=\"twitter:creator\" content=\"@beatopeustaquio\" \/>\n<meta name=\"twitter:site\" content=\"@beatopeustaquio\" \/>\n<meta name=\"twitter:label1\" content=\"Written by\" \/>\n\t<meta name=\"twitter:data1\" content=\"@sscc\" \/>\n\t<meta name=\"twitter:label2\" content=\"Est. reading time\" \/>\n\t<meta name=\"twitter:data2\" content=\"1 minute\" \/>\n<script type=\"application\/ld+json\" class=\"yoast-schema-graph\">{\"@context\":\"https:\/\/schema.org\",\"@graph\":[{\"@type\":\"Article\",\"@id\":\"https:\/\/www.padreeustaquio.com.br\/4o-domingo-da-quaresma-celebre-com-seus-familiares\/#article\",\"isPartOf\":{\"@id\":\"https:\/\/www.padreeustaquio.com.br\/4o-domingo-da-quaresma-celebre-com-seus-familiares\/\"},\"author\":{\"name\":\"@sscc\",\"@id\":\"https:\/\/www.padreeustaquio.com.br\/#\/schema\/person\/a2a51db1d00f1a7af0204a0f1ddb1566\"},\"headline\":\"4\u00ba Domingo da Quaresma: celebre com seus familiares\",\"datePublished\":\"2022-03-26T13:23:55+00:00\",\"dateModified\":\"2022-03-26T21:35:51+00:00\",\"mainEntityOfPage\":{\"@id\":\"https:\/\/www.padreeustaquio.com.br\/4o-domingo-da-quaresma-celebre-com-seus-familiares\/\"},\"wordCount\":179,\"commentCount\":0,\"publisher\":{\"@id\":\"https:\/\/www.padreeustaquio.com.br\/#organization\"},\"image\":{\"@id\":\"https:\/\/www.padreeustaquio.com.br\/4o-domingo-da-quaresma-celebre-com-seus-familiares\/#primaryimage\"},\"thumbnailUrl\":\"https:\/\/www.padreeustaquio.com.br\/wp-content\/uploads\/2022\/03\/Qua-domingo-quaresma.jpg\",\"articleSection\":[\"Not\u00edcias\"],\"inLanguage\":\"en-US\",\"potentialAction\":[{\"@type\":\"CommentAction\",\"name\":\"Comment\",\"target\":[\"https:\/\/www.padreeustaquio.com.br\/4o-domingo-da-quaresma-celebre-com-seus-familiares\/#respond\"]}]},{\"@type\":\"WebPage\",\"@id\":\"https:\/\/www.padreeustaquio.com.br\/4o-domingo-da-quaresma-celebre-com-seus-familiares\/\",\"url\":\"https:\/\/www.padreeustaquio.com.br\/4o-domingo-da-quaresma-celebre-com-seus-familiares\/\",\"name\":\"4\u00ba Domingo da Quaresma: celebre com seus familiares - Padre Eust\u00e1quio\",\"isPartOf\":{\"@id\":\"https:\/\/www.padreeustaquio.com.br\/#website\"},\"primaryImageOfPage\":{\"@id\":\"https:\/\/www.padreeustaquio.com.br\/4o-domingo-da-quaresma-celebre-com-seus-familiares\/#primaryimage\"},\"image\":{\"@id\":\"https:\/\/www.padreeustaquio.com.br\/4o-domingo-da-quaresma-celebre-com-seus-familiares\/#primaryimage\"},\"thumbnailUrl\":\"https:\/\/www.padreeustaquio.com.br\/wp-content\/uploads\/2022\/03\/Qua-domingo-quaresma.jpg\",\"datePublished\":\"2022-03-26T13:23:55+00:00\",\"dateModified\":\"2022-03-26T21:35:51+00:00\",\"description\":\"Est\u00e1 dispon\u00edvel o roteiro \u201cCelebrar em Fam\u00edlia\u201d para o 4\u00ba Domingo da Quaresma. O material \u00e9 oferecido pela Comiss\u00e3o Episcopal Pastoral para a Liturgia da Confer\u00eancia Nacional dos Bispos do Brasil (CNBB).\",\"breadcrumb\":{\"@id\":\"https:\/\/www.padreeustaquio.com.br\/4o-domingo-da-quaresma-celebre-com-seus-familiares\/#breadcrumb\"},\"inLanguage\":\"en-US\",\"potentialAction\":[{\"@type\":\"ReadAction\",\"target\":[\"https:\/\/www.padreeustaquio.com.br\/4o-domingo-da-quaresma-celebre-com-seus-familiares\/\"]}]},{\"@type\":\"ImageObject\",\"inLanguage\":\"en-US\",\"@id\":\"https:\/\/www.padreeustaquio.com.br\/4o-domingo-da-quaresma-celebre-com-seus-familiares\/#primaryimage\",\"url\":\"https:\/\/www.padreeustaquio.com.br\/wp-content\/uploads\/2022\/03\/Qua-domingo-quaresma.jpg\",\"contentUrl\":\"https:\/\/www.padreeustaquio.com.br\/wp-content\/uploads\/2022\/03\/Qua-domingo-quaresma.jpg\",\"width\":748,\"height\":394},{\"@type\":\"BreadcrumbList\",\"@id\":\"https:\/\/www.padreeustaquio.com.br\/4o-domingo-da-quaresma-celebre-com-seus-familiares\/#breadcrumb\",\"itemListElement\":[{\"@type\":\"ListItem\",\"position\":1,\"name\":\"In\u00edcio\",\"item\":\"https:\/\/www.padreeustaquio.com.br\/\"},{\"@type\":\"ListItem\",\"position\":2,\"name\":\"4\u00ba Domingo da Quaresma: celebre com seus familiares\"}]},{\"@type\":\"WebSite\",\"@id\":\"https:\/\/www.padreeustaquio.com.br\/#website\",\"url\":\"https:\/\/www.padreeustaquio.com.br\/\",\"name\":\"Padre Eust\u00e1quio\",\"description\":\"Sa\u00fade e Paz\",\"publisher\":{\"@id\":\"https:\/\/www.padreeustaquio.com.br\/#organization\"},\"potentialAction\":[{\"@type\":\"SearchAction\",\"target\":{\"@type\":\"EntryPoint\",\"urlTemplate\":\"https:\/\/www.padreeustaquio.com.br\/?s={search_term_string}\"},\"query-input\":{\"@type\":\"PropertyValueSpecification\",\"valueRequired\":true,\"valueName\":\"search_term_string\"}}],\"inLanguage\":\"en-US\"},{\"@type\":\"Organization\",\"@id\":\"https:\/\/www.padreeustaquio.com.br\/#organization\",\"name\":\"Padre Eust\u00e1quio\",\"url\":\"https:\/\/www.padreeustaquio.com.br\/\",\"logo\":{\"@type\":\"ImageObject\",\"inLanguage\":\"en-US\",\"@id\":\"https:\/\/www.padreeustaquio.com.br\/#\/schema\/logo\/image\/\",\"url\":\"https:\/\/www.padreeustaquio.com.br\/wp-content\/uploads\/2019\/08\/marca.png\",\"contentUrl\":\"https:\/\/www.padreeustaquio.com.br\/wp-content\/uploads\/2019\/08\/marca.png\",\"width\":350,\"height\":400,\"caption\":\"Padre Eust\u00e1quio\"},\"image\":{\"@id\":\"https:\/\/www.padreeustaquio.com.br\/#\/schema\/logo\/image\/\"},\"sameAs\":[\"https:\/\/www.facebook.com\/beatopadreeustaquio\/\",\"https:\/\/x.com\/beatopeustaquio\",\"https:\/\/www.instagram.com\/beatopadreeustaquio\/\",\"https:\/\/www.youtube.com\/channel\/UCRhw7vfabnajwLxb1ZXMeIw\"]},{\"@type\":\"Person\",\"@id\":\"https:\/\/www.padreeustaquio.com.br\/#\/schema\/person\/a2a51db1d00f1a7af0204a0f1ddb1566\",\"name\":\"@sscc\",\"image\":{\"@type\":\"ImageObject\",\"inLanguage\":\"en-US\",\"@id\":\"https:\/\/secure.gravatar.com\/avatar\/68cfafa5f44617fea54071e215026e0ff06be366c3d54a8425f04fdcb86f8c5f?s=96&d=mm&r=g\",\"url\":\"https:\/\/secure.gravatar.com\/avatar\/68cfafa5f44617fea54071e215026e0ff06be366c3d54a8425f04fdcb86f8c5f?s=96&d=mm&r=g\",\"contentUrl\":\"https:\/\/secure.gravatar.com\/avatar\/68cfafa5f44617fea54071e215026e0ff06be366c3d54a8425f04fdcb86f8c5f?s=96&d=mm&r=g\",\"caption\":\"@sscc\"},\"url\":\"https:\/\/www.padreeustaquio.com.br\/en\/author\/sscc\/\"}]}<\/script>\n<!-- \/ Yoast SEO plugin. -->","yoast_head_json":{"title":"4th Sunday of Lent: Celebrate with your family - Father Eust\u00e1quio","description":"The &quot;Celebrating as a Family&quot; guide for the 4th Sunday of Lent is now available. The material is provided by the Episcopal Pastoral Commission for Liturgy of the National Conference of Bishops of Brazil (CNBB).","robots":{"index":"index","follow":"follow","max-snippet":"max-snippet:-1","max-image-preview":"max-image-preview:large","max-video-preview":"max-video-preview:-1"},"canonical":"https:\/\/www.padreeustaquio.com.br\/en\/celebrate-the-4th-sunday-of-lent-with-your-family\/","og_locale":"en_US","og_type":"article","og_title":"4\u00ba Domingo da Quaresma: celebre com seus familiares - Padre Eust\u00e1quio","og_description":"Est\u00e1 dispon\u00edvel o roteiro \u201cCelebrar em Fam\u00edlia\u201d para o 4\u00ba Domingo da Quaresma. O material \u00e9 oferecido pela Comiss\u00e3o Episcopal Pastoral para a Liturgia da Confer\u00eancia Nacional dos Bispos do Brasil (CNBB).","og_url":"https:\/\/www.padreeustaquio.com.br\/en\/celebrate-the-4th-sunday-of-lent-with-your-family\/","og_site_name":"Padre Eust\u00e1quio","article_publisher":"https:\/\/www.facebook.com\/beatopadreeustaquio\/","article_published_time":"2022-03-26T13:23:55+00:00","article_modified_time":"2022-03-26T21:35:51+00:00","og_image":[{"width":748,"height":394,"url":"https:\/\/www.padreeustaquio.com.br\/wp-content\/uploads\/2022\/03\/Qua-domingo-quaresma.jpg","type":"image\/jpeg"}],"author":"@sscc","twitter_card":"summary_large_image","twitter_creator":"@beatopeustaquio","twitter_site":"@beatopeustaquio","twitter_misc":{"Written by":"@sscc","Est. reading time":"1 minute"},"schema":{"@context":"https:\/\/schema.org","@graph":[{"@type":"Article","@id":"https:\/\/www.padreeustaquio.com.br\/4o-domingo-da-quaresma-celebre-com-seus-familiares\/#article","isPartOf":{"@id":"https:\/\/www.padreeustaquio.com.br\/4o-domingo-da-quaresma-celebre-com-seus-familiares\/"},"author":{"name":"@sscc","@id":"https:\/\/www.padreeustaquio.com.br\/#\/schema\/person\/a2a51db1d00f1a7af0204a0f1ddb1566"},"headline":"4\u00ba Domingo da Quaresma: celebre com seus familiares","datePublished":"2022-03-26T13:23:55+00:00","dateModified":"2022-03-26T21:35:51+00:00","mainEntityOfPage":{"@id":"https:\/\/www.padreeustaquio.com.br\/4o-domingo-da-quaresma-celebre-com-seus-familiares\/"},"wordCount":179,"commentCount":0,"publisher":{"@id":"https:\/\/www.padreeustaquio.com.br\/#organization"},"image":{"@id":"https:\/\/www.padreeustaquio.com.br\/4o-domingo-da-quaresma-celebre-com-seus-familiares\/#primaryimage"},"thumbnailUrl":"https:\/\/www.padreeustaquio.com.br\/wp-content\/uploads\/2022\/03\/Qua-domingo-quaresma.jpg","articleSection":["Not\u00edcias"],"inLanguage":"en-US","potentialAction":[{"@type":"CommentAction","name":"Comment","target":["https:\/\/www.padreeustaquio.com.br\/4o-domingo-da-quaresma-celebre-com-seus-familiares\/#respond"]}]},{"@type":"WebPage","@id":"https:\/\/www.padreeustaquio.com.br\/4o-domingo-da-quaresma-celebre-com-seus-familiares\/","url":"https:\/\/www.padreeustaquio.com.br\/4o-domingo-da-quaresma-celebre-com-seus-familiares\/","name":"4th Sunday of Lent: Celebrate with your family - Father Eust\u00e1quio","isPartOf":{"@id":"https:\/\/www.padreeustaquio.com.br\/#website"},"primaryImageOfPage":{"@id":"https:\/\/www.padreeustaquio.com.br\/4o-domingo-da-quaresma-celebre-com-seus-familiares\/#primaryimage"},"image":{"@id":"https:\/\/www.padreeustaquio.com.br\/4o-domingo-da-quaresma-celebre-com-seus-familiares\/#primaryimage"},"thumbnailUrl":"https:\/\/www.padreeustaquio.com.br\/wp-content\/uploads\/2022\/03\/Qua-domingo-quaresma.jpg","datePublished":"2022-03-26T13:23:55+00:00","dateModified":"2022-03-26T21:35:51+00:00","description":"The &quot;Celebrating as a Family&quot; guide for the 4th Sunday of Lent is now available. The material is provided by the Episcopal Pastoral Commission for Liturgy of the National Conference of Bishops of Brazil (CNBB).","breadcrumb":{"@id":"https:\/\/www.padreeustaquio.com.br\/4o-domingo-da-quaresma-celebre-com-seus-familiares\/#breadcrumb"},"inLanguage":"en-US","potentialAction":[{"@type":"ReadAction","target":["https:\/\/www.padreeustaquio.com.br\/4o-domingo-da-quaresma-celebre-com-seus-familiares\/"]}]},{"@type":"ImageObject","inLanguage":"en-US","@id":"https:\/\/www.padreeustaquio.com.br\/4o-domingo-da-quaresma-celebre-com-seus-familiares\/#primaryimage","url":"https:\/\/www.padreeustaquio.com.br\/wp-content\/uploads\/2022\/03\/Qua-domingo-quaresma.jpg","contentUrl":"https:\/\/www.padreeustaquio.com.br\/wp-content\/uploads\/2022\/03\/Qua-domingo-quaresma.jpg","width":748,"height":394},{"@type":"BreadcrumbList","@id":"https:\/\/www.padreeustaquio.com.br\/4o-domingo-da-quaresma-celebre-com-seus-familiares\/#breadcrumb","itemListElement":[{"@type":"ListItem","position":1,"name":"In\u00edcio","item":"https:\/\/www.padreeustaquio.com.br\/"},{"@type":"ListItem","position":2,"name":"4\u00ba Domingo da Quaresma: celebre com seus familiares"}]},{"@type":"WebSite","@id":"https:\/\/www.padreeustaquio.com.br\/#website","url":"https:\/\/www.padreeustaquio.com.br\/","name":"FATHER EUST\u00c1QUIO","description":"Health and Peace","publisher":{"@id":"https:\/\/www.padreeustaquio.com.br\/#organization"},"potentialAction":[{"@type":"SearchAction","target":{"@type":"EntryPoint","urlTemplate":"https:\/\/www.padreeustaquio.com.br\/?s={search_term_string}"},"query-input":{"@type":"PropertyValueSpecification","valueRequired":true,"valueName":"search_term_string"}}],"inLanguage":"en-US"},{"@type":"Organization","@id":"https:\/\/www.padreeustaquio.com.br\/#organization","name":"FATHER EUST\u00c1QUIO","url":"https:\/\/www.padreeustaquio.com.br\/","logo":{"@type":"ImageObject","inLanguage":"en-US","@id":"https:\/\/www.padreeustaquio.com.br\/#\/schema\/logo\/image\/","url":"https:\/\/www.padreeustaquio.com.br\/wp-content\/uploads\/2019\/08\/marca.png","contentUrl":"https:\/\/www.padreeustaquio.com.br\/wp-content\/uploads\/2019\/08\/marca.png","width":350,"height":400,"caption":"Padre Eust\u00e1quio"},"image":{"@id":"https:\/\/www.padreeustaquio.com.br\/#\/schema\/logo\/image\/"},"sameAs":["https:\/\/www.facebook.com\/beatopadreeustaquio\/","https:\/\/x.com\/beatopeustaquio","https:\/\/www.instagram.com\/beatopadreeustaquio\/","https:\/\/www.youtube.com\/channel\/UCRhw7vfabnajwLxb1ZXMeIw"]},{"@type":"Person","@id":"https:\/\/www.padreeustaquio.com.br\/#\/schema\/person\/a2a51db1d00f1a7af0204a0f1ddb1566","name":"@sscc","image":{"@type":"ImageObject","inLanguage":"en-US","@id":"https:\/\/secure.gravatar.com\/avatar\/68cfafa5f44617fea54071e215026e0ff06be366c3d54a8425f04fdcb86f8c5f?s=96&d=mm&r=g","url":"https:\/\/secure.gravatar.com\/avatar\/68cfafa5f44617fea54071e215026e0ff06be366c3d54a8425f04fdcb86f8c5f?s=96&d=mm&r=g","contentUrl":"https:\/\/secure.gravatar.com\/avatar\/68cfafa5f44617fea54071e215026e0ff06be366c3d54a8425f04fdcb86f8c5f?s=96&d=mm&r=g","caption":"@sscc"},"url":"https:\/\/www.padreeustaquio.com.br\/en\/author\/sscc\/"}]}},"_links":{"self":[{"href":"https:\/\/www.padreeustaquio.com.br\/en\/wp-json\/wp\/v2\/posts\/8346","targetHints":{"allow":["GET"]}}],"collection":[{"href":"https:\/\/www.padreeustaquio.com.br\/en\/wp-json\/wp\/v2\/posts"}],"about":[{"href":"https:\/\/www.padreeustaquio.com.br\/en\/wp-json\/wp\/v2\/types\/post"}],"author":[{"embeddable":true,"href":"https:\/\/www.padreeustaquio.com.br\/en\/wp-json\/wp\/v2\/users\/2"}],"replies":[{"embeddable":true,"href":"https:\/\/www.padreeustaquio.com.br\/en\/wp-json\/wp\/v2\/comments?post=8346"}],"version-history":[{"count":0,"href":"https:\/\/www.padreeustaquio.com.br\/en\/wp-json\/wp\/v2\/posts\/8346\/revisions"}],"wp:featuredmedia":[{"embeddable":true,"href":"https:\/\/www.padreeustaquio.com.br\/en\/wp-json\/wp\/v2\/media\/8347"}],"wp:attachment":[{"href":"https:\/\/www.padreeustaquio.com.br\/en\/wp-json\/wp\/v2\/media?parent=8346"}],"wp:term":[{"taxonomy":"category","embeddable":true,"href":"https:\/\/www.padreeustaquio.com.br\/en\/wp-json\/wp\/v2\/categories?post=8346"},{"taxonomy":"post_tag","embeddable":true,"href":"https:\/\/www.padreeustaquio.com.br\/en\/wp-json\/wp\/v2\/tags?post=8346"}],"curies":[{"name":"wp","href":"https:\/\/api.w.org\/{rel}","templated":true}]}}