{"id":8333,"date":"2022-03-24T05:44:00","date_gmt":"2022-03-24T08:44:00","guid":{"rendered":"https:\/\/www.padreeustaquio.com.br\/?p=8333"},"modified":"2022-03-22T15:53:36","modified_gmt":"2022-03-22T18:53:36","slug":"words-of-father-eustace-the-good-shepherd","status":"publish","type":"post","link":"https:\/\/www.padreeustaquio.com.br\/en\/words-of-father-eustace-the-good-shepherd\/","title":{"rendered":"Words of Father Eust\u00e1quio: &quot;The Good Shepherd&quot;\u201c"},"content":{"rendered":"<p>Jesus is the Good Shepherd of our lives, guiding us through all moments here on earth, whether they are good or for our growth. As helpers in this mission, God places shepherds and guides on our path, such as the Pope, bishops, and priests, who must lead their flock, the people of God, to salvation.<\/p>\n\n\n\n<p>In one of the texts left by Father Eust\u00e1quio, published in the Bulletin of the Sacred Hearts Parish in the years 1946 and 1947, the Blessed Father offers a reflection on the role of pastors in the lives of their flock. Read the text below:<\/p>\n\n\n\n<p><strong><em>Sermon of the Good Shepherd<\/em><\/strong><\/p>\n\n\n\n<p><em>There they are, along the road, on the slopes of the silent mountains, how they parade in great numbers and confidently, running, sometimes slowly, following the shepherd&#039;s footsteps, now climbing, now descending hills, crossing valleys and cliffs, fording streams, blazing trails through hostile and unknown paths, overcoming cold and rain \u2013 the multitudes of sheep, meek and peaceful, as if secure in their fate, because ahead, facing all dangers and, as many times, risking their own lives, goes the good shepherd, to whom the flocks belong.<\/em><\/p>\n\n\n\n<p><em>And this shepherd who knows all his sheep and whom all the sheep already know, which is why they all seek him and only by following him do they find security and satisfaction, is a beautiful image of the Catholic Church, for the flocks are the unions of the faithful, the shepherd is Our Lord Jesus Christ himself, whose visible representative is the Holy Father the Pope, who, even in the persons of his Bishops, takes the lead of the flock, and, therefore, is the good shepherd.<\/em>.<\/p>\n\n\n\n<p><em>As Our Lord already said, as we all know, shepherd and sheep know each other and seek one another, and that is why Jesus could so painfully predict one day: \u201cOne of you who dips his hand into the dish with me will betray me.\u201d \u2013 Indeed, Judas rose up and became the traitor of his master. Not only this example, but another, bitter for both sides, can be given, and that is the denial of Saint Peter, which he knew how to weep over. And Jesus could also predict one day: \u201cBefore the rooster crows, Peter, you will have denied me three times.\u201d And Saint Peter protested and contradicted, in vain, however. Because, as Jesus said, it happened. Yes, the Good Shepherd knows his sheep.<\/em><\/p>\n\n\n\n<p><em>Ah! My dearest brothers, after death, many will knock on Heaven&#039;s door, seeking the Good Shepherd. He, however, who knows all things and is aware of all His sheep, whose hearts He alone searches and discovers even the smallest faults, will judge actions, not words alone, judging not words, but the deeds inscribed therein. It is of no use to claim &quot;I am Catholic.&quot;\u201c<\/em>.<\/p>\n\n\n\n<p><\/p>","protected":false},"excerpt":{"rendered":"<p>Jesus \u00e9 o Bom Pastor das nossas vidas, nos guiando por todos os momentos aqui na terra, sejam eles bons ou para nosso crescimento. Como auxiliares nesta miss\u00e3o, Deus deixa em nossa caminhada, pastores e guias como o papa, os bispos e os padres, que devem conduzir seu rebanho, o povo de Deus, \u00e0 salva\u00e7\u00e3o. Em um dos textos deixados por Padre Eust\u00e1quio, publicado no Boletim da Matriz dos Sagrados Cora\u00e7\u00f5es dos anos de 1946 e 1947, o Beato traz uma reflex\u00e3o sobre o papel dos pastores na vida de suas ovelhas. Leia o texto a seguir: Serm\u00e3o do Bom [&hellip;]<\/p>\n","protected":false},"author":2,"featured_media":8334,"comment_status":"open","ping_status":"closed","sticky":false,"template":"","format":"standard","meta":{"_acf_changed":false,"footnotes":""},"categories":[611],"tags":[],"class_list":["post-8333","post","type-post","status-publish","format-standard","has-post-thumbnail","hentry","category-noticias"],"acf":[],"yoast_head":"<!-- This site is optimized with the Yoast SEO plugin v27.2 - https:\/\/yoast.com\/product\/yoast-seo-wordpress\/ -->\n<title>Palavras do Padre Eust\u00e1quio: &quot;O Bom Pastor&quot;<\/title>\n<meta name=\"description\" content=\"Em um dos textos deixados por Padre Eust\u00e1quio, publicado no Boletim da Matriz dos Sagrados Cora\u00e7\u00f5es dos anos de 1946 e 1947, o Beato traz uma reflex\u00e3o sobre o papel dos pastores na vida de suas ovelhas. Confira o trecho aqui.\" \/>\n<meta name=\"robots\" content=\"index, follow, max-snippet:-1, max-image-preview:large, max-video-preview:-1\" \/>\n<link rel=\"canonical\" href=\"https:\/\/www.padreeustaquio.com.br\/en\/words-of-father-eustace-the-good-shepherd\/\" \/>\n<meta property=\"og:locale\" content=\"en_US\" \/>\n<meta property=\"og:type\" content=\"article\" \/>\n<meta property=\"og:title\" content=\"Palavras do Padre Eust\u00e1quio: &quot;O Bom Pastor&quot;\" \/>\n<meta property=\"og:description\" content=\"Em um dos textos deixados por Padre Eust\u00e1quio, publicado no Boletim da Matriz dos Sagrados Cora\u00e7\u00f5es dos anos de 1946 e 1947, o Beato traz uma reflex\u00e3o sobre o papel dos pastores na vida de suas ovelhas. Confira o trecho aqui.\" \/>\n<meta property=\"og:url\" content=\"https:\/\/www.padreeustaquio.com.br\/en\/words-of-father-eustace-the-good-shepherd\/\" \/>\n<meta property=\"og:site_name\" content=\"Padre Eust\u00e1quio\" \/>\n<meta property=\"article:publisher\" content=\"https:\/\/www.facebook.com\/beatopadreeustaquio\/\" \/>\n<meta property=\"article:published_time\" content=\"2022-03-24T08:44:00+00:00\" \/>\n<meta property=\"og:image\" content=\"https:\/\/www.padreeustaquio.com.br\/wp-content\/uploads\/2022\/03\/WhatsApp-Image-2022-03-22-at-11.10.30.jpeg\" \/>\n\t<meta property=\"og:image:width\" content=\"1280\" \/>\n\t<meta property=\"og:image:height\" content=\"854\" \/>\n\t<meta property=\"og:image:type\" content=\"image\/jpeg\" \/>\n<meta name=\"author\" content=\"@sscc\" \/>\n<meta name=\"twitter:card\" content=\"summary_large_image\" \/>\n<meta name=\"twitter:creator\" content=\"@beatopeustaquio\" \/>\n<meta name=\"twitter:site\" content=\"@beatopeustaquio\" \/>\n<meta name=\"twitter:label1\" content=\"Written by\" \/>\n\t<meta name=\"twitter:data1\" content=\"@sscc\" \/>\n\t<meta name=\"twitter:label2\" content=\"Est. reading time\" \/>\n\t<meta name=\"twitter:data2\" content=\"2 minutes\" \/>\n<script type=\"application\/ld+json\" class=\"yoast-schema-graph\">{\"@context\":\"https:\/\/schema.org\",\"@graph\":[{\"@type\":\"Article\",\"@id\":\"https:\/\/www.padreeustaquio.com.br\/palavras-do-padre-eustaquio-o-bom-pastor\/#article\",\"isPartOf\":{\"@id\":\"https:\/\/www.padreeustaquio.com.br\/palavras-do-padre-eustaquio-o-bom-pastor\/\"},\"author\":{\"name\":\"@sscc\",\"@id\":\"https:\/\/www.padreeustaquio.com.br\/#\/schema\/person\/a2a51db1d00f1a7af0204a0f1ddb1566\"},\"headline\":\"Palavras do Padre Eust\u00e1quio: &#8220;O Bom Pastor&#8221;\",\"datePublished\":\"2022-03-24T08:44:00+00:00\",\"mainEntityOfPage\":{\"@id\":\"https:\/\/www.padreeustaquio.com.br\/palavras-do-padre-eustaquio-o-bom-pastor\/\"},\"wordCount\":493,\"commentCount\":0,\"publisher\":{\"@id\":\"https:\/\/www.padreeustaquio.com.br\/#organization\"},\"image\":{\"@id\":\"https:\/\/www.padreeustaquio.com.br\/palavras-do-padre-eustaquio-o-bom-pastor\/#primaryimage\"},\"thumbnailUrl\":\"https:\/\/www.padreeustaquio.com.br\/wp-content\/uploads\/2022\/03\/WhatsApp-Image-2022-03-22-at-11.10.30.jpeg\",\"articleSection\":[\"Not\u00edcias\"],\"inLanguage\":\"en-US\",\"potentialAction\":[{\"@type\":\"CommentAction\",\"name\":\"Comment\",\"target\":[\"https:\/\/www.padreeustaquio.com.br\/palavras-do-padre-eustaquio-o-bom-pastor\/#respond\"]}]},{\"@type\":\"WebPage\",\"@id\":\"https:\/\/www.padreeustaquio.com.br\/palavras-do-padre-eustaquio-o-bom-pastor\/\",\"url\":\"https:\/\/www.padreeustaquio.com.br\/palavras-do-padre-eustaquio-o-bom-pastor\/\",\"name\":\"Palavras do Padre Eust\u00e1quio: \\\"O Bom Pastor\\\"\",\"isPartOf\":{\"@id\":\"https:\/\/www.padreeustaquio.com.br\/#website\"},\"primaryImageOfPage\":{\"@id\":\"https:\/\/www.padreeustaquio.com.br\/palavras-do-padre-eustaquio-o-bom-pastor\/#primaryimage\"},\"image\":{\"@id\":\"https:\/\/www.padreeustaquio.com.br\/palavras-do-padre-eustaquio-o-bom-pastor\/#primaryimage\"},\"thumbnailUrl\":\"https:\/\/www.padreeustaquio.com.br\/wp-content\/uploads\/2022\/03\/WhatsApp-Image-2022-03-22-at-11.10.30.jpeg\",\"datePublished\":\"2022-03-24T08:44:00+00:00\",\"description\":\"Em um dos textos deixados por Padre Eust\u00e1quio, publicado no Boletim da Matriz dos Sagrados Cora\u00e7\u00f5es dos anos de 1946 e 1947, o Beato traz uma reflex\u00e3o sobre o papel dos pastores na vida de suas ovelhas. Confira o trecho aqui.\",\"breadcrumb\":{\"@id\":\"https:\/\/www.padreeustaquio.com.br\/palavras-do-padre-eustaquio-o-bom-pastor\/#breadcrumb\"},\"inLanguage\":\"en-US\",\"potentialAction\":[{\"@type\":\"ReadAction\",\"target\":[\"https:\/\/www.padreeustaquio.com.br\/palavras-do-padre-eustaquio-o-bom-pastor\/\"]}]},{\"@type\":\"ImageObject\",\"inLanguage\":\"en-US\",\"@id\":\"https:\/\/www.padreeustaquio.com.br\/palavras-do-padre-eustaquio-o-bom-pastor\/#primaryimage\",\"url\":\"https:\/\/www.padreeustaquio.com.br\/wp-content\/uploads\/2022\/03\/WhatsApp-Image-2022-03-22-at-11.10.30.jpeg\",\"contentUrl\":\"https:\/\/www.padreeustaquio.com.br\/wp-content\/uploads\/2022\/03\/WhatsApp-Image-2022-03-22-at-11.10.30.jpeg\",\"width\":1280,\"height\":854},{\"@type\":\"BreadcrumbList\",\"@id\":\"https:\/\/www.padreeustaquio.com.br\/palavras-do-padre-eustaquio-o-bom-pastor\/#breadcrumb\",\"itemListElement\":[{\"@type\":\"ListItem\",\"position\":1,\"name\":\"In\u00edcio\",\"item\":\"https:\/\/www.padreeustaquio.com.br\/\"},{\"@type\":\"ListItem\",\"position\":2,\"name\":\"Palavras do Padre Eust\u00e1quio: &#8220;O Bom Pastor&#8221;\"}]},{\"@type\":\"WebSite\",\"@id\":\"https:\/\/www.padreeustaquio.com.br\/#website\",\"url\":\"https:\/\/www.padreeustaquio.com.br\/\",\"name\":\"Padre Eust\u00e1quio\",\"description\":\"Sa\u00fade e Paz\",\"publisher\":{\"@id\":\"https:\/\/www.padreeustaquio.com.br\/#organization\"},\"potentialAction\":[{\"@type\":\"SearchAction\",\"target\":{\"@type\":\"EntryPoint\",\"urlTemplate\":\"https:\/\/www.padreeustaquio.com.br\/?s={search_term_string}\"},\"query-input\":{\"@type\":\"PropertyValueSpecification\",\"valueRequired\":true,\"valueName\":\"search_term_string\"}}],\"inLanguage\":\"en-US\"},{\"@type\":\"Organization\",\"@id\":\"https:\/\/www.padreeustaquio.com.br\/#organization\",\"name\":\"Padre Eust\u00e1quio\",\"url\":\"https:\/\/www.padreeustaquio.com.br\/\",\"logo\":{\"@type\":\"ImageObject\",\"inLanguage\":\"en-US\",\"@id\":\"https:\/\/www.padreeustaquio.com.br\/#\/schema\/logo\/image\/\",\"url\":\"https:\/\/www.padreeustaquio.com.br\/wp-content\/uploads\/2019\/08\/marca.png\",\"contentUrl\":\"https:\/\/www.padreeustaquio.com.br\/wp-content\/uploads\/2019\/08\/marca.png\",\"width\":350,\"height\":400,\"caption\":\"Padre Eust\u00e1quio\"},\"image\":{\"@id\":\"https:\/\/www.padreeustaquio.com.br\/#\/schema\/logo\/image\/\"},\"sameAs\":[\"https:\/\/www.facebook.com\/beatopadreeustaquio\/\",\"https:\/\/x.com\/beatopeustaquio\",\"https:\/\/www.instagram.com\/beatopadreeustaquio\/\",\"https:\/\/www.youtube.com\/channel\/UCRhw7vfabnajwLxb1ZXMeIw\"]},{\"@type\":\"Person\",\"@id\":\"https:\/\/www.padreeustaquio.com.br\/#\/schema\/person\/a2a51db1d00f1a7af0204a0f1ddb1566\",\"name\":\"@sscc\",\"image\":{\"@type\":\"ImageObject\",\"inLanguage\":\"en-US\",\"@id\":\"https:\/\/secure.gravatar.com\/avatar\/68cfafa5f44617fea54071e215026e0ff06be366c3d54a8425f04fdcb86f8c5f?s=96&d=mm&r=g\",\"url\":\"https:\/\/secure.gravatar.com\/avatar\/68cfafa5f44617fea54071e215026e0ff06be366c3d54a8425f04fdcb86f8c5f?s=96&d=mm&r=g\",\"contentUrl\":\"https:\/\/secure.gravatar.com\/avatar\/68cfafa5f44617fea54071e215026e0ff06be366c3d54a8425f04fdcb86f8c5f?s=96&d=mm&r=g\",\"caption\":\"@sscc\"},\"url\":\"https:\/\/www.padreeustaquio.com.br\/en\/author\/sscc\/\"}]}<\/script>\n<!-- \/ Yoast SEO plugin. -->","yoast_head_json":{"title":"Words of Father Eustace: &quot;The Good Shepherd&quot;\"","description":"In one of the texts left by Father Eust\u00e1quio, published in the Bulletin of the Sacred Hearts Parish in the years 1946 and 1947, the Blessed Father offers a reflection on the role of pastors in the lives of their flock. Check out the excerpt here.","robots":{"index":"index","follow":"follow","max-snippet":"max-snippet:-1","max-image-preview":"max-image-preview:large","max-video-preview":"max-video-preview:-1"},"canonical":"https:\/\/www.padreeustaquio.com.br\/en\/words-of-father-eustace-the-good-shepherd\/","og_locale":"en_US","og_type":"article","og_title":"Palavras do Padre Eust\u00e1quio: \"O Bom Pastor\"","og_description":"Em um dos textos deixados por Padre Eust\u00e1quio, publicado no Boletim da Matriz dos Sagrados Cora\u00e7\u00f5es dos anos de 1946 e 1947, o Beato traz uma reflex\u00e3o sobre o papel dos pastores na vida de suas ovelhas. Confira o trecho aqui.","og_url":"https:\/\/www.padreeustaquio.com.br\/en\/words-of-father-eustace-the-good-shepherd\/","og_site_name":"Padre Eust\u00e1quio","article_publisher":"https:\/\/www.facebook.com\/beatopadreeustaquio\/","article_published_time":"2022-03-24T08:44:00+00:00","og_image":[{"width":1280,"height":854,"url":"https:\/\/www.padreeustaquio.com.br\/wp-content\/uploads\/2022\/03\/WhatsApp-Image-2022-03-22-at-11.10.30.jpeg","type":"image\/jpeg"}],"author":"@sscc","twitter_card":"summary_large_image","twitter_creator":"@beatopeustaquio","twitter_site":"@beatopeustaquio","twitter_misc":{"Written by":"@sscc","Est. reading time":"2 minutes"},"schema":{"@context":"https:\/\/schema.org","@graph":[{"@type":"Article","@id":"https:\/\/www.padreeustaquio.com.br\/palavras-do-padre-eustaquio-o-bom-pastor\/#article","isPartOf":{"@id":"https:\/\/www.padreeustaquio.com.br\/palavras-do-padre-eustaquio-o-bom-pastor\/"},"author":{"name":"@sscc","@id":"https:\/\/www.padreeustaquio.com.br\/#\/schema\/person\/a2a51db1d00f1a7af0204a0f1ddb1566"},"headline":"Palavras do Padre Eust\u00e1quio: &#8220;O Bom Pastor&#8221;","datePublished":"2022-03-24T08:44:00+00:00","mainEntityOfPage":{"@id":"https:\/\/www.padreeustaquio.com.br\/palavras-do-padre-eustaquio-o-bom-pastor\/"},"wordCount":493,"commentCount":0,"publisher":{"@id":"https:\/\/www.padreeustaquio.com.br\/#organization"},"image":{"@id":"https:\/\/www.padreeustaquio.com.br\/palavras-do-padre-eustaquio-o-bom-pastor\/#primaryimage"},"thumbnailUrl":"https:\/\/www.padreeustaquio.com.br\/wp-content\/uploads\/2022\/03\/WhatsApp-Image-2022-03-22-at-11.10.30.jpeg","articleSection":["Not\u00edcias"],"inLanguage":"en-US","potentialAction":[{"@type":"CommentAction","name":"Comment","target":["https:\/\/www.padreeustaquio.com.br\/palavras-do-padre-eustaquio-o-bom-pastor\/#respond"]}]},{"@type":"WebPage","@id":"https:\/\/www.padreeustaquio.com.br\/palavras-do-padre-eustaquio-o-bom-pastor\/","url":"https:\/\/www.padreeustaquio.com.br\/palavras-do-padre-eustaquio-o-bom-pastor\/","name":"Words of Father Eustace: &quot;The Good Shepherd&quot;\"","isPartOf":{"@id":"https:\/\/www.padreeustaquio.com.br\/#website"},"primaryImageOfPage":{"@id":"https:\/\/www.padreeustaquio.com.br\/palavras-do-padre-eustaquio-o-bom-pastor\/#primaryimage"},"image":{"@id":"https:\/\/www.padreeustaquio.com.br\/palavras-do-padre-eustaquio-o-bom-pastor\/#primaryimage"},"thumbnailUrl":"https:\/\/www.padreeustaquio.com.br\/wp-content\/uploads\/2022\/03\/WhatsApp-Image-2022-03-22-at-11.10.30.jpeg","datePublished":"2022-03-24T08:44:00+00:00","description":"In one of the texts left by Father Eust\u00e1quio, published in the Bulletin of the Sacred Hearts Parish in the years 1946 and 1947, the Blessed Father offers a reflection on the role of pastors in the lives of their flock. Check out the excerpt here.","breadcrumb":{"@id":"https:\/\/www.padreeustaquio.com.br\/palavras-do-padre-eustaquio-o-bom-pastor\/#breadcrumb"},"inLanguage":"en-US","potentialAction":[{"@type":"ReadAction","target":["https:\/\/www.padreeustaquio.com.br\/palavras-do-padre-eustaquio-o-bom-pastor\/"]}]},{"@type":"ImageObject","inLanguage":"en-US","@id":"https:\/\/www.padreeustaquio.com.br\/palavras-do-padre-eustaquio-o-bom-pastor\/#primaryimage","url":"https:\/\/www.padreeustaquio.com.br\/wp-content\/uploads\/2022\/03\/WhatsApp-Image-2022-03-22-at-11.10.30.jpeg","contentUrl":"https:\/\/www.padreeustaquio.com.br\/wp-content\/uploads\/2022\/03\/WhatsApp-Image-2022-03-22-at-11.10.30.jpeg","width":1280,"height":854},{"@type":"BreadcrumbList","@id":"https:\/\/www.padreeustaquio.com.br\/palavras-do-padre-eustaquio-o-bom-pastor\/#breadcrumb","itemListElement":[{"@type":"ListItem","position":1,"name":"In\u00edcio","item":"https:\/\/www.padreeustaquio.com.br\/"},{"@type":"ListItem","position":2,"name":"Palavras do Padre Eust\u00e1quio: &#8220;O Bom Pastor&#8221;"}]},{"@type":"WebSite","@id":"https:\/\/www.padreeustaquio.com.br\/#website","url":"https:\/\/www.padreeustaquio.com.br\/","name":"FATHER EUST\u00c1QUIO","description":"Health and Peace","publisher":{"@id":"https:\/\/www.padreeustaquio.com.br\/#organization"},"potentialAction":[{"@type":"SearchAction","target":{"@type":"EntryPoint","urlTemplate":"https:\/\/www.padreeustaquio.com.br\/?s={search_term_string}"},"query-input":{"@type":"PropertyValueSpecification","valueRequired":true,"valueName":"search_term_string"}}],"inLanguage":"en-US"},{"@type":"Organization","@id":"https:\/\/www.padreeustaquio.com.br\/#organization","name":"FATHER EUST\u00c1QUIO","url":"https:\/\/www.padreeustaquio.com.br\/","logo":{"@type":"ImageObject","inLanguage":"en-US","@id":"https:\/\/www.padreeustaquio.com.br\/#\/schema\/logo\/image\/","url":"https:\/\/www.padreeustaquio.com.br\/wp-content\/uploads\/2019\/08\/marca.png","contentUrl":"https:\/\/www.padreeustaquio.com.br\/wp-content\/uploads\/2019\/08\/marca.png","width":350,"height":400,"caption":"Padre Eust\u00e1quio"},"image":{"@id":"https:\/\/www.padreeustaquio.com.br\/#\/schema\/logo\/image\/"},"sameAs":["https:\/\/www.facebook.com\/beatopadreeustaquio\/","https:\/\/x.com\/beatopeustaquio","https:\/\/www.instagram.com\/beatopadreeustaquio\/","https:\/\/www.youtube.com\/channel\/UCRhw7vfabnajwLxb1ZXMeIw"]},{"@type":"Person","@id":"https:\/\/www.padreeustaquio.com.br\/#\/schema\/person\/a2a51db1d00f1a7af0204a0f1ddb1566","name":"@sscc","image":{"@type":"ImageObject","inLanguage":"en-US","@id":"https:\/\/secure.gravatar.com\/avatar\/68cfafa5f44617fea54071e215026e0ff06be366c3d54a8425f04fdcb86f8c5f?s=96&d=mm&r=g","url":"https:\/\/secure.gravatar.com\/avatar\/68cfafa5f44617fea54071e215026e0ff06be366c3d54a8425f04fdcb86f8c5f?s=96&d=mm&r=g","contentUrl":"https:\/\/secure.gravatar.com\/avatar\/68cfafa5f44617fea54071e215026e0ff06be366c3d54a8425f04fdcb86f8c5f?s=96&d=mm&r=g","caption":"@sscc"},"url":"https:\/\/www.padreeustaquio.com.br\/en\/author\/sscc\/"}]}},"_links":{"self":[{"href":"https:\/\/www.padreeustaquio.com.br\/en\/wp-json\/wp\/v2\/posts\/8333","targetHints":{"allow":["GET"]}}],"collection":[{"href":"https:\/\/www.padreeustaquio.com.br\/en\/wp-json\/wp\/v2\/posts"}],"about":[{"href":"https:\/\/www.padreeustaquio.com.br\/en\/wp-json\/wp\/v2\/types\/post"}],"author":[{"embeddable":true,"href":"https:\/\/www.padreeustaquio.com.br\/en\/wp-json\/wp\/v2\/users\/2"}],"replies":[{"embeddable":true,"href":"https:\/\/www.padreeustaquio.com.br\/en\/wp-json\/wp\/v2\/comments?post=8333"}],"version-history":[{"count":0,"href":"https:\/\/www.padreeustaquio.com.br\/en\/wp-json\/wp\/v2\/posts\/8333\/revisions"}],"wp:featuredmedia":[{"embeddable":true,"href":"https:\/\/www.padreeustaquio.com.br\/en\/wp-json\/wp\/v2\/media\/8334"}],"wp:attachment":[{"href":"https:\/\/www.padreeustaquio.com.br\/en\/wp-json\/wp\/v2\/media?parent=8333"}],"wp:term":[{"taxonomy":"category","embeddable":true,"href":"https:\/\/www.padreeustaquio.com.br\/en\/wp-json\/wp\/v2\/categories?post=8333"},{"taxonomy":"post_tag","embeddable":true,"href":"https:\/\/www.padreeustaquio.com.br\/en\/wp-json\/wp\/v2\/tags?post=8333"}],"curies":[{"name":"wp","href":"https:\/\/api.w.org\/{rel}","templated":true}]}}