{"id":8330,"date":"2022-03-23T06:07:00","date_gmt":"2022-03-23T09:07:00","guid":{"rendered":"https:\/\/www.padreeustaquio.com.br\/?p=8330"},"modified":"2022-03-23T11:50:03","modified_gmt":"2022-03-23T14:50:03","slug":"the-first-newsletter-regarding-the-canonization-of-father-eustaquio-for-2022-is-now-available","status":"publish","type":"post","link":"https:\/\/www.padreeustaquio.com.br\/en\/the-first-newsletter-regarding-the-canonization-of-father-eustaquio-for-2022-is-now-available\/","title":{"rendered":"The first newsletter for the Canonization of Father Eust\u00e1quio for 2022 is now available."},"content":{"rendered":"<p>The newsletter developed by the National Secretariat for the Cause of Canonization features a special edition recalling the devotion of Blessed Father Eustace to Saint Joseph. The main article includes phrases and excerpts from prayers written by the Blessed about the patron saint of the Church.<\/p>\n\n\n\n<p>This edition of the newsletter also includes an article about Pope Francis&#039; recognition of the martyrs of the Congregation of the Sacred Hearts, who died during the Paris Commune; and information about the recognition of the heroic virtues of Sister Benigna from Minas Gerais.<\/p>\n\n\n\n<p>The newsletter, which also features a photo on the back cover of Blessed Father Eust\u00e1quio in his tunic and chasuble celebrating Mass, is distributed free of charge and can be found at the Sanctuary of Health and Peace in Belo Horizonte and in other cities where there is devotion to the Blessed, such as in the Tri\u00e2ngulo Mineiro region, Esp\u00edrito Santo, and in cities in S\u00e3o Paulo and Rio de Janeiro.<\/p>\n\n\n\n<p><\/p>","protected":false},"excerpt":{"rendered":"<p>O Informativo desenvolvido pelo Secretariado Nacional para a Causa de Canoniza\u00e7\u00e3o traz uma edi\u00e7\u00e3o especial relembrando a devo\u00e7\u00e3o do Bem-aventurado Padre Eust\u00e1quio a S\u00e3o Jos\u00e9. Na mat\u00e9ria principal \u00e9 poss\u00edvel ler frases e trechos de ora\u00e7\u00f5es escritas pelo Beato sobre o patrono da Igreja. Esta edi\u00e7\u00e3o do boletim traz ainda uma mat\u00e9ria sobre o reconhecimento do Papa Francisco, sobre os m\u00e1rtires da Congrega\u00e7\u00e3o dos Sagrados Cora\u00e7\u00f5es, mortos durante a Comuna de Paris; e informa\u00e7\u00f5es sobre o reconhecimento das virtudes heroicas da mineira Irm\u00e3 Benigna. O informativo, que traz tamb\u00e9m uma foto na contracapa do Beato Padre Eust\u00e1quio de t\u00fanica e [&hellip;]<\/p>\n","protected":false},"author":2,"featured_media":8337,"comment_status":"open","ping_status":"closed","sticky":false,"template":"","format":"standard","meta":{"_acf_changed":false,"footnotes":""},"categories":[611],"tags":[],"class_list":["post-8330","post","type-post","status-publish","format-standard","has-post-thumbnail","hentry","category-noticias"],"acf":[],"yoast_head":"<!-- This site is optimized with the Yoast SEO plugin v27.2 - https:\/\/yoast.com\/product\/yoast-seo-wordpress\/ -->\n<title>Primeiro Informativo da Canoniza\u00e7\u00e3o de Padre Eust\u00e1quio de 2022 j\u00e1 est\u00e1 dispon\u00edvel<\/title>\n<meta name=\"description\" content=\"O Informativo desenvolvido pelo Secretariado Nacional para a Causa de Canoniza\u00e7\u00e3o traz uma edi\u00e7\u00e3o especial relembrando a devo\u00e7\u00e3o do Bem-aventurado Padre Eust\u00e1quio a S\u00e3o Jos\u00e9. Na mat\u00e9ria principal \u00e9 poss\u00edvel ler frases e trechos de ora\u00e7\u00f5es escritas pelo Beato sobre o patrono da Igreja.\" \/>\n<meta name=\"robots\" content=\"index, follow, max-snippet:-1, max-image-preview:large, max-video-preview:-1\" \/>\n<link rel=\"canonical\" href=\"https:\/\/www.padreeustaquio.com.br\/en\/the-first-newsletter-regarding-the-canonization-of-father-eustaquio-for-2022-is-now-available\/\" \/>\n<meta property=\"og:locale\" content=\"en_US\" \/>\n<meta property=\"og:type\" content=\"article\" \/>\n<meta property=\"og:title\" content=\"Primeiro Informativo da Canoniza\u00e7\u00e3o de Padre Eust\u00e1quio de 2022 j\u00e1 est\u00e1 dispon\u00edvel\" \/>\n<meta property=\"og:description\" content=\"O Informativo desenvolvido pelo Secretariado Nacional para a Causa de Canoniza\u00e7\u00e3o traz uma edi\u00e7\u00e3o especial relembrando a devo\u00e7\u00e3o do Bem-aventurado Padre Eust\u00e1quio a S\u00e3o Jos\u00e9. Na mat\u00e9ria principal \u00e9 poss\u00edvel ler frases e trechos de ora\u00e7\u00f5es escritas pelo Beato sobre o patrono da Igreja.\" \/>\n<meta property=\"og:url\" content=\"https:\/\/www.padreeustaquio.com.br\/en\/the-first-newsletter-regarding-the-canonization-of-father-eustaquio-for-2022-is-now-available\/\" \/>\n<meta property=\"og:site_name\" content=\"Padre Eust\u00e1quio\" \/>\n<meta property=\"article:publisher\" content=\"https:\/\/www.facebook.com\/beatopadreeustaquio\/\" \/>\n<meta property=\"article:published_time\" content=\"2022-03-23T09:07:00+00:00\" \/>\n<meta property=\"article:modified_time\" content=\"2022-03-23T14:50:03+00:00\" \/>\n<meta property=\"og:image\" content=\"https:\/\/www.padreeustaquio.com.br\/wp-content\/uploads\/2022\/03\/giovane-lendo.jpg\" \/>\n\t<meta property=\"og:image:width\" content=\"748\" \/>\n\t<meta property=\"og:image:height\" content=\"394\" \/>\n\t<meta property=\"og:image:type\" content=\"image\/jpeg\" \/>\n<meta name=\"author\" content=\"@sscc\" \/>\n<meta name=\"twitter:card\" content=\"summary_large_image\" \/>\n<meta name=\"twitter:creator\" content=\"@beatopeustaquio\" \/>\n<meta name=\"twitter:site\" content=\"@beatopeustaquio\" \/>\n<meta name=\"twitter:label1\" content=\"Written by\" \/>\n\t<meta name=\"twitter:data1\" content=\"@sscc\" \/>\n\t<meta name=\"twitter:label2\" content=\"Est. reading time\" \/>\n\t<meta name=\"twitter:data2\" content=\"1 minute\" \/>\n<script type=\"application\/ld+json\" class=\"yoast-schema-graph\">{\"@context\":\"https:\/\/schema.org\",\"@graph\":[{\"@type\":\"Article\",\"@id\":\"https:\/\/www.padreeustaquio.com.br\/primeiro-informativo-da-canonizacao-de-padre-eustaquio-de-2022-ja-esta-disponivel\/#article\",\"isPartOf\":{\"@id\":\"https:\/\/www.padreeustaquio.com.br\/primeiro-informativo-da-canonizacao-de-padre-eustaquio-de-2022-ja-esta-disponivel\/\"},\"author\":{\"name\":\"@sscc\",\"@id\":\"https:\/\/www.padreeustaquio.com.br\/#\/schema\/person\/a2a51db1d00f1a7af0204a0f1ddb1566\"},\"headline\":\"Primeiro Informativo da Canoniza\u00e7\u00e3o de Padre Eust\u00e1quio de 2022 j\u00e1 est\u00e1 dispon\u00edvel\",\"datePublished\":\"2022-03-23T09:07:00+00:00\",\"dateModified\":\"2022-03-23T14:50:03+00:00\",\"mainEntityOfPage\":{\"@id\":\"https:\/\/www.padreeustaquio.com.br\/primeiro-informativo-da-canonizacao-de-padre-eustaquio-de-2022-ja-esta-disponivel\/\"},\"wordCount\":185,\"commentCount\":0,\"publisher\":{\"@id\":\"https:\/\/www.padreeustaquio.com.br\/#organization\"},\"image\":{\"@id\":\"https:\/\/www.padreeustaquio.com.br\/primeiro-informativo-da-canonizacao-de-padre-eustaquio-de-2022-ja-esta-disponivel\/#primaryimage\"},\"thumbnailUrl\":\"https:\/\/www.padreeustaquio.com.br\/wp-content\/uploads\/2022\/03\/giovane-lendo.jpg\",\"articleSection\":[\"Not\u00edcias\"],\"inLanguage\":\"en-US\",\"potentialAction\":[{\"@type\":\"CommentAction\",\"name\":\"Comment\",\"target\":[\"https:\/\/www.padreeustaquio.com.br\/primeiro-informativo-da-canonizacao-de-padre-eustaquio-de-2022-ja-esta-disponivel\/#respond\"]}]},{\"@type\":\"WebPage\",\"@id\":\"https:\/\/www.padreeustaquio.com.br\/primeiro-informativo-da-canonizacao-de-padre-eustaquio-de-2022-ja-esta-disponivel\/\",\"url\":\"https:\/\/www.padreeustaquio.com.br\/primeiro-informativo-da-canonizacao-de-padre-eustaquio-de-2022-ja-esta-disponivel\/\",\"name\":\"Primeiro Informativo da Canoniza\u00e7\u00e3o de Padre Eust\u00e1quio de 2022 j\u00e1 est\u00e1 dispon\u00edvel\",\"isPartOf\":{\"@id\":\"https:\/\/www.padreeustaquio.com.br\/#website\"},\"primaryImageOfPage\":{\"@id\":\"https:\/\/www.padreeustaquio.com.br\/primeiro-informativo-da-canonizacao-de-padre-eustaquio-de-2022-ja-esta-disponivel\/#primaryimage\"},\"image\":{\"@id\":\"https:\/\/www.padreeustaquio.com.br\/primeiro-informativo-da-canonizacao-de-padre-eustaquio-de-2022-ja-esta-disponivel\/#primaryimage\"},\"thumbnailUrl\":\"https:\/\/www.padreeustaquio.com.br\/wp-content\/uploads\/2022\/03\/giovane-lendo.jpg\",\"datePublished\":\"2022-03-23T09:07:00+00:00\",\"dateModified\":\"2022-03-23T14:50:03+00:00\",\"description\":\"O Informativo desenvolvido pelo Secretariado Nacional para a Causa de Canoniza\u00e7\u00e3o traz uma edi\u00e7\u00e3o especial relembrando a devo\u00e7\u00e3o do Bem-aventurado Padre Eust\u00e1quio a S\u00e3o Jos\u00e9. Na mat\u00e9ria principal \u00e9 poss\u00edvel ler frases e trechos de ora\u00e7\u00f5es escritas pelo Beato sobre o patrono da Igreja.\",\"breadcrumb\":{\"@id\":\"https:\/\/www.padreeustaquio.com.br\/primeiro-informativo-da-canonizacao-de-padre-eustaquio-de-2022-ja-esta-disponivel\/#breadcrumb\"},\"inLanguage\":\"en-US\",\"potentialAction\":[{\"@type\":\"ReadAction\",\"target\":[\"https:\/\/www.padreeustaquio.com.br\/primeiro-informativo-da-canonizacao-de-padre-eustaquio-de-2022-ja-esta-disponivel\/\"]}]},{\"@type\":\"ImageObject\",\"inLanguage\":\"en-US\",\"@id\":\"https:\/\/www.padreeustaquio.com.br\/primeiro-informativo-da-canonizacao-de-padre-eustaquio-de-2022-ja-esta-disponivel\/#primaryimage\",\"url\":\"https:\/\/www.padreeustaquio.com.br\/wp-content\/uploads\/2022\/03\/giovane-lendo.jpg\",\"contentUrl\":\"https:\/\/www.padreeustaquio.com.br\/wp-content\/uploads\/2022\/03\/giovane-lendo.jpg\",\"width\":748,\"height\":394},{\"@type\":\"BreadcrumbList\",\"@id\":\"https:\/\/www.padreeustaquio.com.br\/primeiro-informativo-da-canonizacao-de-padre-eustaquio-de-2022-ja-esta-disponivel\/#breadcrumb\",\"itemListElement\":[{\"@type\":\"ListItem\",\"position\":1,\"name\":\"In\u00edcio\",\"item\":\"https:\/\/www.padreeustaquio.com.br\/\"},{\"@type\":\"ListItem\",\"position\":2,\"name\":\"Primeiro Informativo da Canoniza\u00e7\u00e3o de Padre Eust\u00e1quio de 2022 j\u00e1 est\u00e1 dispon\u00edvel\"}]},{\"@type\":\"WebSite\",\"@id\":\"https:\/\/www.padreeustaquio.com.br\/#website\",\"url\":\"https:\/\/www.padreeustaquio.com.br\/\",\"name\":\"Padre Eust\u00e1quio\",\"description\":\"Sa\u00fade e Paz\",\"publisher\":{\"@id\":\"https:\/\/www.padreeustaquio.com.br\/#organization\"},\"potentialAction\":[{\"@type\":\"SearchAction\",\"target\":{\"@type\":\"EntryPoint\",\"urlTemplate\":\"https:\/\/www.padreeustaquio.com.br\/?s={search_term_string}\"},\"query-input\":{\"@type\":\"PropertyValueSpecification\",\"valueRequired\":true,\"valueName\":\"search_term_string\"}}],\"inLanguage\":\"en-US\"},{\"@type\":\"Organization\",\"@id\":\"https:\/\/www.padreeustaquio.com.br\/#organization\",\"name\":\"Padre Eust\u00e1quio\",\"url\":\"https:\/\/www.padreeustaquio.com.br\/\",\"logo\":{\"@type\":\"ImageObject\",\"inLanguage\":\"en-US\",\"@id\":\"https:\/\/www.padreeustaquio.com.br\/#\/schema\/logo\/image\/\",\"url\":\"https:\/\/www.padreeustaquio.com.br\/wp-content\/uploads\/2019\/08\/marca.png\",\"contentUrl\":\"https:\/\/www.padreeustaquio.com.br\/wp-content\/uploads\/2019\/08\/marca.png\",\"width\":350,\"height\":400,\"caption\":\"Padre Eust\u00e1quio\"},\"image\":{\"@id\":\"https:\/\/www.padreeustaquio.com.br\/#\/schema\/logo\/image\/\"},\"sameAs\":[\"https:\/\/www.facebook.com\/beatopadreeustaquio\/\",\"https:\/\/x.com\/beatopeustaquio\",\"https:\/\/www.instagram.com\/beatopadreeustaquio\/\",\"https:\/\/www.youtube.com\/channel\/UCRhw7vfabnajwLxb1ZXMeIw\"]},{\"@type\":\"Person\",\"@id\":\"https:\/\/www.padreeustaquio.com.br\/#\/schema\/person\/a2a51db1d00f1a7af0204a0f1ddb1566\",\"name\":\"@sscc\",\"image\":{\"@type\":\"ImageObject\",\"inLanguage\":\"en-US\",\"@id\":\"https:\/\/secure.gravatar.com\/avatar\/68cfafa5f44617fea54071e215026e0ff06be366c3d54a8425f04fdcb86f8c5f?s=96&d=mm&r=g\",\"url\":\"https:\/\/secure.gravatar.com\/avatar\/68cfafa5f44617fea54071e215026e0ff06be366c3d54a8425f04fdcb86f8c5f?s=96&d=mm&r=g\",\"contentUrl\":\"https:\/\/secure.gravatar.com\/avatar\/68cfafa5f44617fea54071e215026e0ff06be366c3d54a8425f04fdcb86f8c5f?s=96&d=mm&r=g\",\"caption\":\"@sscc\"},\"url\":\"https:\/\/www.padreeustaquio.com.br\/en\/author\/sscc\/\"}]}<\/script>\n<!-- \/ Yoast SEO plugin. -->","yoast_head_json":{"title":"The first newsletter for the Canonization of Father Eust\u00e1quio for 2022 is now available.","description":"The newsletter developed by the National Secretariat for the Cause of Canonization features a special edition recalling the devotion of Blessed Father Eustace to Saint Joseph. The main article includes phrases and excerpts from prayers written by the Blessed about the patron saint of the Church.","robots":{"index":"index","follow":"follow","max-snippet":"max-snippet:-1","max-image-preview":"max-image-preview:large","max-video-preview":"max-video-preview:-1"},"canonical":"https:\/\/www.padreeustaquio.com.br\/en\/the-first-newsletter-regarding-the-canonization-of-father-eustaquio-for-2022-is-now-available\/","og_locale":"en_US","og_type":"article","og_title":"Primeiro Informativo da Canoniza\u00e7\u00e3o de Padre Eust\u00e1quio de 2022 j\u00e1 est\u00e1 dispon\u00edvel","og_description":"O Informativo desenvolvido pelo Secretariado Nacional para a Causa de Canoniza\u00e7\u00e3o traz uma edi\u00e7\u00e3o especial relembrando a devo\u00e7\u00e3o do Bem-aventurado Padre Eust\u00e1quio a S\u00e3o Jos\u00e9. Na mat\u00e9ria principal \u00e9 poss\u00edvel ler frases e trechos de ora\u00e7\u00f5es escritas pelo Beato sobre o patrono da Igreja.","og_url":"https:\/\/www.padreeustaquio.com.br\/en\/the-first-newsletter-regarding-the-canonization-of-father-eustaquio-for-2022-is-now-available\/","og_site_name":"Padre Eust\u00e1quio","article_publisher":"https:\/\/www.facebook.com\/beatopadreeustaquio\/","article_published_time":"2022-03-23T09:07:00+00:00","article_modified_time":"2022-03-23T14:50:03+00:00","og_image":[{"width":748,"height":394,"url":"https:\/\/www.padreeustaquio.com.br\/wp-content\/uploads\/2022\/03\/giovane-lendo.jpg","type":"image\/jpeg"}],"author":"@sscc","twitter_card":"summary_large_image","twitter_creator":"@beatopeustaquio","twitter_site":"@beatopeustaquio","twitter_misc":{"Written by":"@sscc","Est. reading time":"1 minute"},"schema":{"@context":"https:\/\/schema.org","@graph":[{"@type":"Article","@id":"https:\/\/www.padreeustaquio.com.br\/primeiro-informativo-da-canonizacao-de-padre-eustaquio-de-2022-ja-esta-disponivel\/#article","isPartOf":{"@id":"https:\/\/www.padreeustaquio.com.br\/primeiro-informativo-da-canonizacao-de-padre-eustaquio-de-2022-ja-esta-disponivel\/"},"author":{"name":"@sscc","@id":"https:\/\/www.padreeustaquio.com.br\/#\/schema\/person\/a2a51db1d00f1a7af0204a0f1ddb1566"},"headline":"Primeiro Informativo da Canoniza\u00e7\u00e3o de Padre Eust\u00e1quio de 2022 j\u00e1 est\u00e1 dispon\u00edvel","datePublished":"2022-03-23T09:07:00+00:00","dateModified":"2022-03-23T14:50:03+00:00","mainEntityOfPage":{"@id":"https:\/\/www.padreeustaquio.com.br\/primeiro-informativo-da-canonizacao-de-padre-eustaquio-de-2022-ja-esta-disponivel\/"},"wordCount":185,"commentCount":0,"publisher":{"@id":"https:\/\/www.padreeustaquio.com.br\/#organization"},"image":{"@id":"https:\/\/www.padreeustaquio.com.br\/primeiro-informativo-da-canonizacao-de-padre-eustaquio-de-2022-ja-esta-disponivel\/#primaryimage"},"thumbnailUrl":"https:\/\/www.padreeustaquio.com.br\/wp-content\/uploads\/2022\/03\/giovane-lendo.jpg","articleSection":["Not\u00edcias"],"inLanguage":"en-US","potentialAction":[{"@type":"CommentAction","name":"Comment","target":["https:\/\/www.padreeustaquio.com.br\/primeiro-informativo-da-canonizacao-de-padre-eustaquio-de-2022-ja-esta-disponivel\/#respond"]}]},{"@type":"WebPage","@id":"https:\/\/www.padreeustaquio.com.br\/primeiro-informativo-da-canonizacao-de-padre-eustaquio-de-2022-ja-esta-disponivel\/","url":"https:\/\/www.padreeustaquio.com.br\/primeiro-informativo-da-canonizacao-de-padre-eustaquio-de-2022-ja-esta-disponivel\/","name":"The first newsletter for the Canonization of Father Eust\u00e1quio for 2022 is now available.","isPartOf":{"@id":"https:\/\/www.padreeustaquio.com.br\/#website"},"primaryImageOfPage":{"@id":"https:\/\/www.padreeustaquio.com.br\/primeiro-informativo-da-canonizacao-de-padre-eustaquio-de-2022-ja-esta-disponivel\/#primaryimage"},"image":{"@id":"https:\/\/www.padreeustaquio.com.br\/primeiro-informativo-da-canonizacao-de-padre-eustaquio-de-2022-ja-esta-disponivel\/#primaryimage"},"thumbnailUrl":"https:\/\/www.padreeustaquio.com.br\/wp-content\/uploads\/2022\/03\/giovane-lendo.jpg","datePublished":"2022-03-23T09:07:00+00:00","dateModified":"2022-03-23T14:50:03+00:00","description":"The newsletter developed by the National Secretariat for the Cause of Canonization features a special edition recalling the devotion of Blessed Father Eustace to Saint Joseph. The main article includes phrases and excerpts from prayers written by the Blessed about the patron saint of the Church.","breadcrumb":{"@id":"https:\/\/www.padreeustaquio.com.br\/primeiro-informativo-da-canonizacao-de-padre-eustaquio-de-2022-ja-esta-disponivel\/#breadcrumb"},"inLanguage":"en-US","potentialAction":[{"@type":"ReadAction","target":["https:\/\/www.padreeustaquio.com.br\/primeiro-informativo-da-canonizacao-de-padre-eustaquio-de-2022-ja-esta-disponivel\/"]}]},{"@type":"ImageObject","inLanguage":"en-US","@id":"https:\/\/www.padreeustaquio.com.br\/primeiro-informativo-da-canonizacao-de-padre-eustaquio-de-2022-ja-esta-disponivel\/#primaryimage","url":"https:\/\/www.padreeustaquio.com.br\/wp-content\/uploads\/2022\/03\/giovane-lendo.jpg","contentUrl":"https:\/\/www.padreeustaquio.com.br\/wp-content\/uploads\/2022\/03\/giovane-lendo.jpg","width":748,"height":394},{"@type":"BreadcrumbList","@id":"https:\/\/www.padreeustaquio.com.br\/primeiro-informativo-da-canonizacao-de-padre-eustaquio-de-2022-ja-esta-disponivel\/#breadcrumb","itemListElement":[{"@type":"ListItem","position":1,"name":"In\u00edcio","item":"https:\/\/www.padreeustaquio.com.br\/"},{"@type":"ListItem","position":2,"name":"Primeiro Informativo da Canoniza\u00e7\u00e3o de Padre Eust\u00e1quio de 2022 j\u00e1 est\u00e1 dispon\u00edvel"}]},{"@type":"WebSite","@id":"https:\/\/www.padreeustaquio.com.br\/#website","url":"https:\/\/www.padreeustaquio.com.br\/","name":"FATHER EUST\u00c1QUIO","description":"Health and Peace","publisher":{"@id":"https:\/\/www.padreeustaquio.com.br\/#organization"},"potentialAction":[{"@type":"SearchAction","target":{"@type":"EntryPoint","urlTemplate":"https:\/\/www.padreeustaquio.com.br\/?s={search_term_string}"},"query-input":{"@type":"PropertyValueSpecification","valueRequired":true,"valueName":"search_term_string"}}],"inLanguage":"en-US"},{"@type":"Organization","@id":"https:\/\/www.padreeustaquio.com.br\/#organization","name":"FATHER EUST\u00c1QUIO","url":"https:\/\/www.padreeustaquio.com.br\/","logo":{"@type":"ImageObject","inLanguage":"en-US","@id":"https:\/\/www.padreeustaquio.com.br\/#\/schema\/logo\/image\/","url":"https:\/\/www.padreeustaquio.com.br\/wp-content\/uploads\/2019\/08\/marca.png","contentUrl":"https:\/\/www.padreeustaquio.com.br\/wp-content\/uploads\/2019\/08\/marca.png","width":350,"height":400,"caption":"Padre Eust\u00e1quio"},"image":{"@id":"https:\/\/www.padreeustaquio.com.br\/#\/schema\/logo\/image\/"},"sameAs":["https:\/\/www.facebook.com\/beatopadreeustaquio\/","https:\/\/x.com\/beatopeustaquio","https:\/\/www.instagram.com\/beatopadreeustaquio\/","https:\/\/www.youtube.com\/channel\/UCRhw7vfabnajwLxb1ZXMeIw"]},{"@type":"Person","@id":"https:\/\/www.padreeustaquio.com.br\/#\/schema\/person\/a2a51db1d00f1a7af0204a0f1ddb1566","name":"@sscc","image":{"@type":"ImageObject","inLanguage":"en-US","@id":"https:\/\/secure.gravatar.com\/avatar\/68cfafa5f44617fea54071e215026e0ff06be366c3d54a8425f04fdcb86f8c5f?s=96&d=mm&r=g","url":"https:\/\/secure.gravatar.com\/avatar\/68cfafa5f44617fea54071e215026e0ff06be366c3d54a8425f04fdcb86f8c5f?s=96&d=mm&r=g","contentUrl":"https:\/\/secure.gravatar.com\/avatar\/68cfafa5f44617fea54071e215026e0ff06be366c3d54a8425f04fdcb86f8c5f?s=96&d=mm&r=g","caption":"@sscc"},"url":"https:\/\/www.padreeustaquio.com.br\/en\/author\/sscc\/"}]}},"_links":{"self":[{"href":"https:\/\/www.padreeustaquio.com.br\/en\/wp-json\/wp\/v2\/posts\/8330","targetHints":{"allow":["GET"]}}],"collection":[{"href":"https:\/\/www.padreeustaquio.com.br\/en\/wp-json\/wp\/v2\/posts"}],"about":[{"href":"https:\/\/www.padreeustaquio.com.br\/en\/wp-json\/wp\/v2\/types\/post"}],"author":[{"embeddable":true,"href":"https:\/\/www.padreeustaquio.com.br\/en\/wp-json\/wp\/v2\/users\/2"}],"replies":[{"embeddable":true,"href":"https:\/\/www.padreeustaquio.com.br\/en\/wp-json\/wp\/v2\/comments?post=8330"}],"version-history":[{"count":0,"href":"https:\/\/www.padreeustaquio.com.br\/en\/wp-json\/wp\/v2\/posts\/8330\/revisions"}],"wp:featuredmedia":[{"embeddable":true,"href":"https:\/\/www.padreeustaquio.com.br\/en\/wp-json\/wp\/v2\/media\/8337"}],"wp:attachment":[{"href":"https:\/\/www.padreeustaquio.com.br\/en\/wp-json\/wp\/v2\/media?parent=8330"}],"wp:term":[{"taxonomy":"category","embeddable":true,"href":"https:\/\/www.padreeustaquio.com.br\/en\/wp-json\/wp\/v2\/categories?post=8330"},{"taxonomy":"post_tag","embeddable":true,"href":"https:\/\/www.padreeustaquio.com.br\/en\/wp-json\/wp\/v2\/tags?post=8330"}],"curies":[{"name":"wp","href":"https:\/\/api.w.org\/{rel}","templated":true}]}}