{"id":8325,"date":"2022-03-22T06:35:00","date_gmt":"2022-03-22T09:35:00","guid":{"rendered":"https:\/\/www.padreeustaquio.com.br\/?p=8325"},"modified":"2023-03-01T08:26:29","modified_gmt":"2023-03-01T11:26:29","slug":"parishioners-and-visitors-participate-in-a-lenten-retreat-at-father-eustaces-church","status":"publish","type":"post","link":"https:\/\/www.padreeustaquio.com.br\/en\/parishioners-and-visitors-participate-in-a-lenten-retreat-at-father-eustaces-church\/","title":{"rendered":"Parishioners and visitors participate in a Lenten Retreat at the Church of Father Eust\u00e1quio."},"content":{"rendered":"<p>This past weekend, devotees, parishioners, and visitors to the Sanctuary of Health and Peace in Belo Horizonte participated in the Lenten Retreat in person. The time of reflection and prayer took place at the Padre Eust\u00e1quio Memorial, adjacent to the church.<\/p>\n\n\n\n<p>The prayer session began immediately after the Mass for the Solemnity of Saint Joseph. Organized by the brothers of the Congregation of the Sacred Hearts and led by Brother Wanderson Souza, sscc, the retreat led participants to powerful moments of reflection based on biblical passages. To aid in these moments of introspection, Ros\u00e2ngela Aparecida played music appropriate to this time, favorable for conversion.<\/p>\n\n\n\n<p>The meeting ended around 11 am under the grateful gaze of those who participated. Parishioners and visitors who were present spoke of the importance of moments like this and said they hope for a similar retreat to be held during Lent next year. To all who participated in promoting or taking part in this retreat, our eternal gratitude!<\/p>\n\n\n\n<p><\/p>","protected":false},"excerpt":{"rendered":"<p>Nesse final de semana, devotos, paroquianos e visitantes do Santu\u00e1rio da Sa\u00fade e da Paz, em Belo Horizonte, participaram do Retiro Quaresmal de forma presencial. O momento de reflex\u00f5es e ora\u00e7\u00f5es foi realizado no Memorial Padre Eust\u00e1quio, anexo \u00e0 Igreja. O momento oracional teve in\u00edcio logo ap\u00f3s a Missa da Solenidade de S\u00e3o Jos\u00e9. Elaborado pelos irm\u00e3os da Congrega\u00e7\u00e3o dos Sagrados Cora\u00e7\u00f5es e conduzido pelo Irm\u00e3o Wanderson Souza, sscc, o Retiro levou os participantes a momentos fortes de reflex\u00e3o, baseados em passagens b\u00edblicas. Para ajudar nos momentos de interioriza\u00e7\u00e3o, Ros\u00e2ngela Aparecida tocou m\u00fasicas pr\u00f3prias deste tempo favor\u00e1vel \u00e0 convers\u00e3o. O [&hellip;]<\/p>\n","protected":false},"author":2,"featured_media":8326,"comment_status":"open","ping_status":"closed","sticky":false,"template":"","format":"standard","meta":{"_acf_changed":false,"footnotes":""},"categories":[611],"tags":[],"class_list":["post-8325","post","type-post","status-publish","format-standard","has-post-thumbnail","hentry","category-noticias"],"acf":[],"yoast_head":"<!-- This site is optimized with the Yoast SEO plugin v27.2 - https:\/\/yoast.com\/product\/yoast-seo-wordpress\/ -->\n<title>Paroquianos e visitantes participam de Retiro Quaresmal na Igreja do Padre Eust\u00e1quio<\/title>\n<meta name=\"description\" content=\"Nesse final de semana, devotos, paroquianos e visitantes do Santu\u00e1rio da Sa\u00fade e da Paz, em Belo Horizonte, participaram do Retiro Quaresmal de forma presencial. O momento de reflex\u00f5es e ora\u00e7\u00f5es foi realizado no Memorial Padre Eust\u00e1quio, anexo \u00e0 Igreja.\" \/>\n<meta name=\"robots\" content=\"index, follow, max-snippet:-1, max-image-preview:large, max-video-preview:-1\" \/>\n<link rel=\"canonical\" href=\"https:\/\/www.padreeustaquio.com.br\/en\/parishioners-and-visitors-participate-in-a-lenten-retreat-at-father-eustaces-church\/\" \/>\n<meta property=\"og:locale\" content=\"en_US\" \/>\n<meta property=\"og:type\" content=\"article\" \/>\n<meta property=\"og:title\" content=\"Paroquianos e visitantes participam de Retiro Quaresmal na Igreja do Padre Eust\u00e1quio\" \/>\n<meta property=\"og:description\" content=\"Nesse final de semana, devotos, paroquianos e visitantes do Santu\u00e1rio da Sa\u00fade e da Paz, em Belo Horizonte, participaram do Retiro Quaresmal de forma presencial. O momento de reflex\u00f5es e ora\u00e7\u00f5es foi realizado no Memorial Padre Eust\u00e1quio, anexo \u00e0 Igreja.\" \/>\n<meta property=\"og:url\" content=\"https:\/\/www.padreeustaquio.com.br\/en\/parishioners-and-visitors-participate-in-a-lenten-retreat-at-father-eustaces-church\/\" \/>\n<meta property=\"og:site_name\" content=\"Padre Eust\u00e1quio\" \/>\n<meta property=\"article:publisher\" content=\"https:\/\/www.facebook.com\/beatopadreeustaquio\/\" \/>\n<meta property=\"article:published_time\" content=\"2022-03-22T09:35:00+00:00\" \/>\n<meta property=\"article:modified_time\" content=\"2023-03-01T11:26:29+00:00\" \/>\n<meta property=\"og:image\" content=\"https:\/\/www.padreeustaquio.com.br\/wp-content\/uploads\/2022\/03\/retiro-no-santuario.jpg\" \/>\n\t<meta property=\"og:image:width\" content=\"748\" \/>\n\t<meta property=\"og:image:height\" content=\"394\" \/>\n\t<meta property=\"og:image:type\" content=\"image\/jpeg\" \/>\n<meta name=\"author\" content=\"@sscc\" \/>\n<meta name=\"twitter:card\" content=\"summary_large_image\" \/>\n<meta name=\"twitter:creator\" content=\"@beatopeustaquio\" \/>\n<meta name=\"twitter:site\" content=\"@beatopeustaquio\" \/>\n<meta name=\"twitter:label1\" content=\"Written by\" \/>\n\t<meta name=\"twitter:data1\" content=\"@sscc\" \/>\n\t<meta name=\"twitter:label2\" content=\"Est. reading time\" \/>\n\t<meta name=\"twitter:data2\" content=\"1 minute\" \/>\n<script type=\"application\/ld+json\" class=\"yoast-schema-graph\">{\"@context\":\"https:\/\/schema.org\",\"@graph\":[{\"@type\":\"Article\",\"@id\":\"https:\/\/www.padreeustaquio.com.br\/paroquianos-e-visitantes-participam-de-retiro-quaresmal-na-igreja-do-padre-eustaquio\/#article\",\"isPartOf\":{\"@id\":\"https:\/\/www.padreeustaquio.com.br\/paroquianos-e-visitantes-participam-de-retiro-quaresmal-na-igreja-do-padre-eustaquio\/\"},\"author\":{\"name\":\"@sscc\",\"@id\":\"https:\/\/www.padreeustaquio.com.br\/#\/schema\/person\/a2a51db1d00f1a7af0204a0f1ddb1566\"},\"headline\":\"Paroquianos e visitantes participam de Retiro Quaresmal na Igreja do Padre Eust\u00e1quio\",\"datePublished\":\"2022-03-22T09:35:00+00:00\",\"dateModified\":\"2023-03-01T11:26:29+00:00\",\"mainEntityOfPage\":{\"@id\":\"https:\/\/www.padreeustaquio.com.br\/paroquianos-e-visitantes-participam-de-retiro-quaresmal-na-igreja-do-padre-eustaquio\/\"},\"wordCount\":189,\"commentCount\":0,\"publisher\":{\"@id\":\"https:\/\/www.padreeustaquio.com.br\/#organization\"},\"image\":{\"@id\":\"https:\/\/www.padreeustaquio.com.br\/paroquianos-e-visitantes-participam-de-retiro-quaresmal-na-igreja-do-padre-eustaquio\/#primaryimage\"},\"thumbnailUrl\":\"https:\/\/www.padreeustaquio.com.br\/wp-content\/uploads\/2022\/03\/retiro-no-santuario.jpg\",\"articleSection\":[\"Not\u00edcias\"],\"inLanguage\":\"en-US\",\"potentialAction\":[{\"@type\":\"CommentAction\",\"name\":\"Comment\",\"target\":[\"https:\/\/www.padreeustaquio.com.br\/paroquianos-e-visitantes-participam-de-retiro-quaresmal-na-igreja-do-padre-eustaquio\/#respond\"]}]},{\"@type\":\"WebPage\",\"@id\":\"https:\/\/www.padreeustaquio.com.br\/paroquianos-e-visitantes-participam-de-retiro-quaresmal-na-igreja-do-padre-eustaquio\/\",\"url\":\"https:\/\/www.padreeustaquio.com.br\/paroquianos-e-visitantes-participam-de-retiro-quaresmal-na-igreja-do-padre-eustaquio\/\",\"name\":\"Paroquianos e visitantes participam de Retiro Quaresmal na Igreja do Padre Eust\u00e1quio\",\"isPartOf\":{\"@id\":\"https:\/\/www.padreeustaquio.com.br\/#website\"},\"primaryImageOfPage\":{\"@id\":\"https:\/\/www.padreeustaquio.com.br\/paroquianos-e-visitantes-participam-de-retiro-quaresmal-na-igreja-do-padre-eustaquio\/#primaryimage\"},\"image\":{\"@id\":\"https:\/\/www.padreeustaquio.com.br\/paroquianos-e-visitantes-participam-de-retiro-quaresmal-na-igreja-do-padre-eustaquio\/#primaryimage\"},\"thumbnailUrl\":\"https:\/\/www.padreeustaquio.com.br\/wp-content\/uploads\/2022\/03\/retiro-no-santuario.jpg\",\"datePublished\":\"2022-03-22T09:35:00+00:00\",\"dateModified\":\"2023-03-01T11:26:29+00:00\",\"description\":\"Nesse final de semana, devotos, paroquianos e visitantes do Santu\u00e1rio da Sa\u00fade e da Paz, em Belo Horizonte, participaram do Retiro Quaresmal de forma presencial. O momento de reflex\u00f5es e ora\u00e7\u00f5es foi realizado no Memorial Padre Eust\u00e1quio, anexo \u00e0 Igreja.\",\"breadcrumb\":{\"@id\":\"https:\/\/www.padreeustaquio.com.br\/paroquianos-e-visitantes-participam-de-retiro-quaresmal-na-igreja-do-padre-eustaquio\/#breadcrumb\"},\"inLanguage\":\"en-US\",\"potentialAction\":[{\"@type\":\"ReadAction\",\"target\":[\"https:\/\/www.padreeustaquio.com.br\/paroquianos-e-visitantes-participam-de-retiro-quaresmal-na-igreja-do-padre-eustaquio\/\"]}]},{\"@type\":\"ImageObject\",\"inLanguage\":\"en-US\",\"@id\":\"https:\/\/www.padreeustaquio.com.br\/paroquianos-e-visitantes-participam-de-retiro-quaresmal-na-igreja-do-padre-eustaquio\/#primaryimage\",\"url\":\"https:\/\/www.padreeustaquio.com.br\/wp-content\/uploads\/2022\/03\/retiro-no-santuario.jpg\",\"contentUrl\":\"https:\/\/www.padreeustaquio.com.br\/wp-content\/uploads\/2022\/03\/retiro-no-santuario.jpg\",\"width\":748,\"height\":394},{\"@type\":\"BreadcrumbList\",\"@id\":\"https:\/\/www.padreeustaquio.com.br\/paroquianos-e-visitantes-participam-de-retiro-quaresmal-na-igreja-do-padre-eustaquio\/#breadcrumb\",\"itemListElement\":[{\"@type\":\"ListItem\",\"position\":1,\"name\":\"In\u00edcio\",\"item\":\"https:\/\/www.padreeustaquio.com.br\/\"},{\"@type\":\"ListItem\",\"position\":2,\"name\":\"Paroquianos e visitantes participam de Retiro Quaresmal na Igreja do Padre Eust\u00e1quio\"}]},{\"@type\":\"WebSite\",\"@id\":\"https:\/\/www.padreeustaquio.com.br\/#website\",\"url\":\"https:\/\/www.padreeustaquio.com.br\/\",\"name\":\"Padre Eust\u00e1quio\",\"description\":\"Sa\u00fade e Paz\",\"publisher\":{\"@id\":\"https:\/\/www.padreeustaquio.com.br\/#organization\"},\"potentialAction\":[{\"@type\":\"SearchAction\",\"target\":{\"@type\":\"EntryPoint\",\"urlTemplate\":\"https:\/\/www.padreeustaquio.com.br\/?s={search_term_string}\"},\"query-input\":{\"@type\":\"PropertyValueSpecification\",\"valueRequired\":true,\"valueName\":\"search_term_string\"}}],\"inLanguage\":\"en-US\"},{\"@type\":\"Organization\",\"@id\":\"https:\/\/www.padreeustaquio.com.br\/#organization\",\"name\":\"Padre Eust\u00e1quio\",\"url\":\"https:\/\/www.padreeustaquio.com.br\/\",\"logo\":{\"@type\":\"ImageObject\",\"inLanguage\":\"en-US\",\"@id\":\"https:\/\/www.padreeustaquio.com.br\/#\/schema\/logo\/image\/\",\"url\":\"https:\/\/www.padreeustaquio.com.br\/wp-content\/uploads\/2019\/08\/marca.png\",\"contentUrl\":\"https:\/\/www.padreeustaquio.com.br\/wp-content\/uploads\/2019\/08\/marca.png\",\"width\":350,\"height\":400,\"caption\":\"Padre Eust\u00e1quio\"},\"image\":{\"@id\":\"https:\/\/www.padreeustaquio.com.br\/#\/schema\/logo\/image\/\"},\"sameAs\":[\"https:\/\/www.facebook.com\/beatopadreeustaquio\/\",\"https:\/\/x.com\/beatopeustaquio\",\"https:\/\/www.instagram.com\/beatopadreeustaquio\/\",\"https:\/\/www.youtube.com\/channel\/UCRhw7vfabnajwLxb1ZXMeIw\"]},{\"@type\":\"Person\",\"@id\":\"https:\/\/www.padreeustaquio.com.br\/#\/schema\/person\/a2a51db1d00f1a7af0204a0f1ddb1566\",\"name\":\"@sscc\",\"image\":{\"@type\":\"ImageObject\",\"inLanguage\":\"en-US\",\"@id\":\"https:\/\/secure.gravatar.com\/avatar\/68cfafa5f44617fea54071e215026e0ff06be366c3d54a8425f04fdcb86f8c5f?s=96&d=mm&r=g\",\"url\":\"https:\/\/secure.gravatar.com\/avatar\/68cfafa5f44617fea54071e215026e0ff06be366c3d54a8425f04fdcb86f8c5f?s=96&d=mm&r=g\",\"contentUrl\":\"https:\/\/secure.gravatar.com\/avatar\/68cfafa5f44617fea54071e215026e0ff06be366c3d54a8425f04fdcb86f8c5f?s=96&d=mm&r=g\",\"caption\":\"@sscc\"},\"url\":\"https:\/\/www.padreeustaquio.com.br\/en\/author\/sscc\/\"}]}<\/script>\n<!-- \/ Yoast SEO plugin. -->","yoast_head_json":{"title":"Parishioners and visitors participate in a Lenten Retreat at the Church of Father Eust\u00e1quio.","description":"This past weekend, devotees, parishioners, and visitors to the Sanctuary of Health and Peace in Belo Horizonte participated in the Lenten Retreat in person. The time of reflection and prayer took place at the Padre Eust\u00e1quio Memorial, adjacent to the church.","robots":{"index":"index","follow":"follow","max-snippet":"max-snippet:-1","max-image-preview":"max-image-preview:large","max-video-preview":"max-video-preview:-1"},"canonical":"https:\/\/www.padreeustaquio.com.br\/en\/parishioners-and-visitors-participate-in-a-lenten-retreat-at-father-eustaces-church\/","og_locale":"en_US","og_type":"article","og_title":"Paroquianos e visitantes participam de Retiro Quaresmal na Igreja do Padre Eust\u00e1quio","og_description":"Nesse final de semana, devotos, paroquianos e visitantes do Santu\u00e1rio da Sa\u00fade e da Paz, em Belo Horizonte, participaram do Retiro Quaresmal de forma presencial. O momento de reflex\u00f5es e ora\u00e7\u00f5es foi realizado no Memorial Padre Eust\u00e1quio, anexo \u00e0 Igreja.","og_url":"https:\/\/www.padreeustaquio.com.br\/en\/parishioners-and-visitors-participate-in-a-lenten-retreat-at-father-eustaces-church\/","og_site_name":"Padre Eust\u00e1quio","article_publisher":"https:\/\/www.facebook.com\/beatopadreeustaquio\/","article_published_time":"2022-03-22T09:35:00+00:00","article_modified_time":"2023-03-01T11:26:29+00:00","og_image":[{"width":748,"height":394,"url":"https:\/\/www.padreeustaquio.com.br\/wp-content\/uploads\/2022\/03\/retiro-no-santuario.jpg","type":"image\/jpeg"}],"author":"@sscc","twitter_card":"summary_large_image","twitter_creator":"@beatopeustaquio","twitter_site":"@beatopeustaquio","twitter_misc":{"Written by":"@sscc","Est. reading time":"1 minute"},"schema":{"@context":"https:\/\/schema.org","@graph":[{"@type":"Article","@id":"https:\/\/www.padreeustaquio.com.br\/paroquianos-e-visitantes-participam-de-retiro-quaresmal-na-igreja-do-padre-eustaquio\/#article","isPartOf":{"@id":"https:\/\/www.padreeustaquio.com.br\/paroquianos-e-visitantes-participam-de-retiro-quaresmal-na-igreja-do-padre-eustaquio\/"},"author":{"name":"@sscc","@id":"https:\/\/www.padreeustaquio.com.br\/#\/schema\/person\/a2a51db1d00f1a7af0204a0f1ddb1566"},"headline":"Paroquianos e visitantes participam de Retiro Quaresmal na Igreja do Padre Eust\u00e1quio","datePublished":"2022-03-22T09:35:00+00:00","dateModified":"2023-03-01T11:26:29+00:00","mainEntityOfPage":{"@id":"https:\/\/www.padreeustaquio.com.br\/paroquianos-e-visitantes-participam-de-retiro-quaresmal-na-igreja-do-padre-eustaquio\/"},"wordCount":189,"commentCount":0,"publisher":{"@id":"https:\/\/www.padreeustaquio.com.br\/#organization"},"image":{"@id":"https:\/\/www.padreeustaquio.com.br\/paroquianos-e-visitantes-participam-de-retiro-quaresmal-na-igreja-do-padre-eustaquio\/#primaryimage"},"thumbnailUrl":"https:\/\/www.padreeustaquio.com.br\/wp-content\/uploads\/2022\/03\/retiro-no-santuario.jpg","articleSection":["Not\u00edcias"],"inLanguage":"en-US","potentialAction":[{"@type":"CommentAction","name":"Comment","target":["https:\/\/www.padreeustaquio.com.br\/paroquianos-e-visitantes-participam-de-retiro-quaresmal-na-igreja-do-padre-eustaquio\/#respond"]}]},{"@type":"WebPage","@id":"https:\/\/www.padreeustaquio.com.br\/paroquianos-e-visitantes-participam-de-retiro-quaresmal-na-igreja-do-padre-eustaquio\/","url":"https:\/\/www.padreeustaquio.com.br\/paroquianos-e-visitantes-participam-de-retiro-quaresmal-na-igreja-do-padre-eustaquio\/","name":"Parishioners and visitors participate in a Lenten Retreat at the Church of Father Eust\u00e1quio.","isPartOf":{"@id":"https:\/\/www.padreeustaquio.com.br\/#website"},"primaryImageOfPage":{"@id":"https:\/\/www.padreeustaquio.com.br\/paroquianos-e-visitantes-participam-de-retiro-quaresmal-na-igreja-do-padre-eustaquio\/#primaryimage"},"image":{"@id":"https:\/\/www.padreeustaquio.com.br\/paroquianos-e-visitantes-participam-de-retiro-quaresmal-na-igreja-do-padre-eustaquio\/#primaryimage"},"thumbnailUrl":"https:\/\/www.padreeustaquio.com.br\/wp-content\/uploads\/2022\/03\/retiro-no-santuario.jpg","datePublished":"2022-03-22T09:35:00+00:00","dateModified":"2023-03-01T11:26:29+00:00","description":"This past weekend, devotees, parishioners, and visitors to the Sanctuary of Health and Peace in Belo Horizonte participated in the Lenten Retreat in person. The time of reflection and prayer took place at the Padre Eust\u00e1quio Memorial, adjacent to the church.","breadcrumb":{"@id":"https:\/\/www.padreeustaquio.com.br\/paroquianos-e-visitantes-participam-de-retiro-quaresmal-na-igreja-do-padre-eustaquio\/#breadcrumb"},"inLanguage":"en-US","potentialAction":[{"@type":"ReadAction","target":["https:\/\/www.padreeustaquio.com.br\/paroquianos-e-visitantes-participam-de-retiro-quaresmal-na-igreja-do-padre-eustaquio\/"]}]},{"@type":"ImageObject","inLanguage":"en-US","@id":"https:\/\/www.padreeustaquio.com.br\/paroquianos-e-visitantes-participam-de-retiro-quaresmal-na-igreja-do-padre-eustaquio\/#primaryimage","url":"https:\/\/www.padreeustaquio.com.br\/wp-content\/uploads\/2022\/03\/retiro-no-santuario.jpg","contentUrl":"https:\/\/www.padreeustaquio.com.br\/wp-content\/uploads\/2022\/03\/retiro-no-santuario.jpg","width":748,"height":394},{"@type":"BreadcrumbList","@id":"https:\/\/www.padreeustaquio.com.br\/paroquianos-e-visitantes-participam-de-retiro-quaresmal-na-igreja-do-padre-eustaquio\/#breadcrumb","itemListElement":[{"@type":"ListItem","position":1,"name":"In\u00edcio","item":"https:\/\/www.padreeustaquio.com.br\/"},{"@type":"ListItem","position":2,"name":"Paroquianos e visitantes participam de Retiro Quaresmal na Igreja do Padre Eust\u00e1quio"}]},{"@type":"WebSite","@id":"https:\/\/www.padreeustaquio.com.br\/#website","url":"https:\/\/www.padreeustaquio.com.br\/","name":"FATHER EUST\u00c1QUIO","description":"Health and Peace","publisher":{"@id":"https:\/\/www.padreeustaquio.com.br\/#organization"},"potentialAction":[{"@type":"SearchAction","target":{"@type":"EntryPoint","urlTemplate":"https:\/\/www.padreeustaquio.com.br\/?s={search_term_string}"},"query-input":{"@type":"PropertyValueSpecification","valueRequired":true,"valueName":"search_term_string"}}],"inLanguage":"en-US"},{"@type":"Organization","@id":"https:\/\/www.padreeustaquio.com.br\/#organization","name":"FATHER EUST\u00c1QUIO","url":"https:\/\/www.padreeustaquio.com.br\/","logo":{"@type":"ImageObject","inLanguage":"en-US","@id":"https:\/\/www.padreeustaquio.com.br\/#\/schema\/logo\/image\/","url":"https:\/\/www.padreeustaquio.com.br\/wp-content\/uploads\/2019\/08\/marca.png","contentUrl":"https:\/\/www.padreeustaquio.com.br\/wp-content\/uploads\/2019\/08\/marca.png","width":350,"height":400,"caption":"Padre Eust\u00e1quio"},"image":{"@id":"https:\/\/www.padreeustaquio.com.br\/#\/schema\/logo\/image\/"},"sameAs":["https:\/\/www.facebook.com\/beatopadreeustaquio\/","https:\/\/x.com\/beatopeustaquio","https:\/\/www.instagram.com\/beatopadreeustaquio\/","https:\/\/www.youtube.com\/channel\/UCRhw7vfabnajwLxb1ZXMeIw"]},{"@type":"Person","@id":"https:\/\/www.padreeustaquio.com.br\/#\/schema\/person\/a2a51db1d00f1a7af0204a0f1ddb1566","name":"@sscc","image":{"@type":"ImageObject","inLanguage":"en-US","@id":"https:\/\/secure.gravatar.com\/avatar\/68cfafa5f44617fea54071e215026e0ff06be366c3d54a8425f04fdcb86f8c5f?s=96&d=mm&r=g","url":"https:\/\/secure.gravatar.com\/avatar\/68cfafa5f44617fea54071e215026e0ff06be366c3d54a8425f04fdcb86f8c5f?s=96&d=mm&r=g","contentUrl":"https:\/\/secure.gravatar.com\/avatar\/68cfafa5f44617fea54071e215026e0ff06be366c3d54a8425f04fdcb86f8c5f?s=96&d=mm&r=g","caption":"@sscc"},"url":"https:\/\/www.padreeustaquio.com.br\/en\/author\/sscc\/"}]}},"_links":{"self":[{"href":"https:\/\/www.padreeustaquio.com.br\/en\/wp-json\/wp\/v2\/posts\/8325","targetHints":{"allow":["GET"]}}],"collection":[{"href":"https:\/\/www.padreeustaquio.com.br\/en\/wp-json\/wp\/v2\/posts"}],"about":[{"href":"https:\/\/www.padreeustaquio.com.br\/en\/wp-json\/wp\/v2\/types\/post"}],"author":[{"embeddable":true,"href":"https:\/\/www.padreeustaquio.com.br\/en\/wp-json\/wp\/v2\/users\/2"}],"replies":[{"embeddable":true,"href":"https:\/\/www.padreeustaquio.com.br\/en\/wp-json\/wp\/v2\/comments?post=8325"}],"version-history":[{"count":0,"href":"https:\/\/www.padreeustaquio.com.br\/en\/wp-json\/wp\/v2\/posts\/8325\/revisions"}],"wp:featuredmedia":[{"embeddable":true,"href":"https:\/\/www.padreeustaquio.com.br\/en\/wp-json\/wp\/v2\/media\/8326"}],"wp:attachment":[{"href":"https:\/\/www.padreeustaquio.com.br\/en\/wp-json\/wp\/v2\/media?parent=8325"}],"wp:term":[{"taxonomy":"category","embeddable":true,"href":"https:\/\/www.padreeustaquio.com.br\/en\/wp-json\/wp\/v2\/categories?post=8325"},{"taxonomy":"post_tag","embeddable":true,"href":"https:\/\/www.padreeustaquio.com.br\/en\/wp-json\/wp\/v2\/tags?post=8325"}],"curies":[{"name":"wp","href":"https:\/\/api.w.org\/{rel}","templated":true}]}}