{"id":8321,"date":"2022-03-21T10:32:15","date_gmt":"2022-03-21T13:32:15","guid":{"rendered":"https:\/\/www.padreeustaquio.com.br\/?p=8321"},"modified":"2022-03-21T10:34:41","modified_gmt":"2022-03-21T13:34:41","slug":"the-sanctuary-of-saint-paul-of-the-cross-welcomes-the-vice-postulator-for-lenten-catechesis","status":"publish","type":"post","link":"https:\/\/www.padreeustaquio.com.br\/en\/the-sanctuary-of-saint-paul-of-the-cross-welcomes-the-vice-postulator-for-lenten-catechesis\/","title":{"rendered":"The Sanctuary of Saint Paul of the Cross welcomes a vice-postulator for Lenten Catechesis."},"content":{"rendered":"<p>On the evening of Sunday, March 20th, the vice-postulator of the Cause for Canonization of Father Eust\u00e1quio and Rector of the Sanctuary of Health and Peace, Father Vin\u00edcius Maciel, sscc, was received at the Sanctuary of Saint Paul of the Cross in Belo Horizonte. He presided over the Holy Mass and spoke about penance during this Lenten season.<\/p>\n\n\n\n<p>Many parishioners and visitors to the Sanctuary, in addition to the Passionist priests and brothers, welcomed Father Vin\u00edcius Maciel on the evening of the 3rd Sunday of Lent for the Lenten catechesis. The priest celebrated the 7 pm Mass and, during the homily, was invited to speak on the theme: Penance, returning to friendship with God. <\/p>\n\n\n\n<p>Father Vinicius also participated in an interview on the Sanctuary&#039;s WebTV and visited the relics of Saint Paul of the Cross that are located in the temple.<\/p>\n\n\n\n<p>The celebration and sermon were broadcast on the Sanctuary Channel and can be reviewed. <a href=\"https:\/\/www.youtube.com\/watch?v=U3ph6UkQw8Y\" target=\"_blank\" rel=\"noreferrer noopener\">CLICK HERE. <\/a><\/p>\n\n\n\n<p><\/p>","protected":false},"excerpt":{"rendered":"<p>Na noite deste domingo, dia 20 de mar\u00e7o, o vice-postulador da Causa de Canoniza\u00e7\u00e3o de Padre Eust\u00e1quio e Reitor do Santu\u00e1rio da Sa\u00fade e da Paz, Padre Vin\u00edcius Maciel, sscc, foi recebido no Santu\u00e1rio S\u00e3o Paulo da Cruz, em BH. Ele presidiu a Santa Missa e falou sobre a penit\u00eancia neste tempo quaresmal. Muitos paroquianos e visitantes do Santu\u00e1rio, al\u00e9m dos padres e irm\u00e3os Passionistas, acolheram na noite desse 3\u00ba Domingo da Quaresma o Pe. Vin\u00edcius Maciel para a catequese quaresmal. O sacerdote celebrou a missa das 19h e, durante a homilia foi convidado a falar sobre o tema: Penit\u00eancia, [&hellip;]<\/p>\n","protected":false},"author":2,"featured_media":8323,"comment_status":"open","ping_status":"closed","sticky":false,"template":"","format":"standard","meta":{"_acf_changed":false,"footnotes":""},"categories":[611],"tags":[],"class_list":["post-8321","post","type-post","status-publish","format-standard","has-post-thumbnail","hentry","category-noticias"],"acf":[],"yoast_head":"<!-- This site is optimized with the Yoast SEO plugin v27.2 - https:\/\/yoast.com\/product\/yoast-seo-wordpress\/ -->\n<title>Santu\u00e1rio S\u00e3o Paulo da Cruz recebe vice-postulador para Catequese Quaresmal<\/title>\n<meta name=\"description\" content=\"Na noite deste domingo, dia 20 de mar\u00e7o, o vice-postulador da Causa de Canoniza\u00e7\u00e3o de Padre Eust\u00e1quio e Reitor do Santu\u00e1rio da Sa\u00fade e da Paz, Padre Vin\u00edcius Maciel, sscc, foi recebido no Santu\u00e1rio S\u00e3o Paulo da Cruz, em BH. Ele presidiu a Santa Missa e falou sobre a penit\u00eancia neste tempo quaresmal.\" \/>\n<meta name=\"robots\" content=\"index, follow, max-snippet:-1, max-image-preview:large, max-video-preview:-1\" \/>\n<link rel=\"canonical\" href=\"https:\/\/www.padreeustaquio.com.br\/en\/the-sanctuary-of-saint-paul-of-the-cross-welcomes-the-vice-postulator-for-lenten-catechesis\/\" \/>\n<meta property=\"og:locale\" content=\"en_US\" \/>\n<meta property=\"og:type\" content=\"article\" \/>\n<meta property=\"og:title\" content=\"Santu\u00e1rio S\u00e3o Paulo da Cruz recebe vice-postulador para Catequese Quaresmal\" \/>\n<meta property=\"og:description\" content=\"Na noite deste domingo, dia 20 de mar\u00e7o, o vice-postulador da Causa de Canoniza\u00e7\u00e3o de Padre Eust\u00e1quio e Reitor do Santu\u00e1rio da Sa\u00fade e da Paz, Padre Vin\u00edcius Maciel, sscc, foi recebido no Santu\u00e1rio S\u00e3o Paulo da Cruz, em BH. Ele presidiu a Santa Missa e falou sobre a penit\u00eancia neste tempo quaresmal.\" \/>\n<meta property=\"og:url\" content=\"https:\/\/www.padreeustaquio.com.br\/en\/the-sanctuary-of-saint-paul-of-the-cross-welcomes-the-vice-postulator-for-lenten-catechesis\/\" \/>\n<meta property=\"og:site_name\" content=\"Padre Eust\u00e1quio\" \/>\n<meta property=\"article:publisher\" content=\"https:\/\/www.facebook.com\/beatopadreeustaquio\/\" \/>\n<meta property=\"article:published_time\" content=\"2022-03-21T13:32:15+00:00\" \/>\n<meta property=\"article:modified_time\" content=\"2022-03-21T13:34:41+00:00\" \/>\n<meta property=\"og:image\" content=\"https:\/\/www.padreeustaquio.com.br\/wp-content\/uploads\/2022\/03\/padre-vinicius-no-sao-paulo-da-cruz.jpg\" \/>\n\t<meta property=\"og:image:width\" content=\"748\" \/>\n\t<meta property=\"og:image:height\" content=\"394\" \/>\n\t<meta property=\"og:image:type\" content=\"image\/jpeg\" \/>\n<meta name=\"author\" content=\"@sscc\" \/>\n<meta name=\"twitter:card\" content=\"summary_large_image\" \/>\n<meta name=\"twitter:creator\" content=\"@beatopeustaquio\" \/>\n<meta name=\"twitter:site\" content=\"@beatopeustaquio\" \/>\n<meta name=\"twitter:label1\" content=\"Written by\" \/>\n\t<meta name=\"twitter:data1\" content=\"@sscc\" \/>\n\t<meta name=\"twitter:label2\" content=\"Est. reading time\" \/>\n\t<meta name=\"twitter:data2\" content=\"1 minute\" \/>\n<script type=\"application\/ld+json\" class=\"yoast-schema-graph\">{\"@context\":\"https:\/\/schema.org\",\"@graph\":[{\"@type\":\"Article\",\"@id\":\"https:\/\/www.padreeustaquio.com.br\/santuario-sao-paulo-da-cruz-recebe-vice-postulador-para-catequese-quaresmal\/#article\",\"isPartOf\":{\"@id\":\"https:\/\/www.padreeustaquio.com.br\/santuario-sao-paulo-da-cruz-recebe-vice-postulador-para-catequese-quaresmal\/\"},\"author\":{\"name\":\"@sscc\",\"@id\":\"https:\/\/www.padreeustaquio.com.br\/#\/schema\/person\/a2a51db1d00f1a7af0204a0f1ddb1566\"},\"headline\":\"Santu\u00e1rio S\u00e3o Paulo da Cruz recebe vice-postulador para Catequese Quaresmal\",\"datePublished\":\"2022-03-21T13:32:15+00:00\",\"dateModified\":\"2022-03-21T13:34:41+00:00\",\"mainEntityOfPage\":{\"@id\":\"https:\/\/www.padreeustaquio.com.br\/santuario-sao-paulo-da-cruz-recebe-vice-postulador-para-catequese-quaresmal\/\"},\"wordCount\":179,\"commentCount\":0,\"publisher\":{\"@id\":\"https:\/\/www.padreeustaquio.com.br\/#organization\"},\"image\":{\"@id\":\"https:\/\/www.padreeustaquio.com.br\/santuario-sao-paulo-da-cruz-recebe-vice-postulador-para-catequese-quaresmal\/#primaryimage\"},\"thumbnailUrl\":\"https:\/\/www.padreeustaquio.com.br\/wp-content\/uploads\/2022\/03\/padre-vinicius-no-sao-paulo-da-cruz.jpg\",\"articleSection\":[\"Not\u00edcias\"],\"inLanguage\":\"en-US\",\"potentialAction\":[{\"@type\":\"CommentAction\",\"name\":\"Comment\",\"target\":[\"https:\/\/www.padreeustaquio.com.br\/santuario-sao-paulo-da-cruz-recebe-vice-postulador-para-catequese-quaresmal\/#respond\"]}]},{\"@type\":\"WebPage\",\"@id\":\"https:\/\/www.padreeustaquio.com.br\/santuario-sao-paulo-da-cruz-recebe-vice-postulador-para-catequese-quaresmal\/\",\"url\":\"https:\/\/www.padreeustaquio.com.br\/santuario-sao-paulo-da-cruz-recebe-vice-postulador-para-catequese-quaresmal\/\",\"name\":\"Santu\u00e1rio S\u00e3o Paulo da Cruz recebe vice-postulador para Catequese Quaresmal\",\"isPartOf\":{\"@id\":\"https:\/\/www.padreeustaquio.com.br\/#website\"},\"primaryImageOfPage\":{\"@id\":\"https:\/\/www.padreeustaquio.com.br\/santuario-sao-paulo-da-cruz-recebe-vice-postulador-para-catequese-quaresmal\/#primaryimage\"},\"image\":{\"@id\":\"https:\/\/www.padreeustaquio.com.br\/santuario-sao-paulo-da-cruz-recebe-vice-postulador-para-catequese-quaresmal\/#primaryimage\"},\"thumbnailUrl\":\"https:\/\/www.padreeustaquio.com.br\/wp-content\/uploads\/2022\/03\/padre-vinicius-no-sao-paulo-da-cruz.jpg\",\"datePublished\":\"2022-03-21T13:32:15+00:00\",\"dateModified\":\"2022-03-21T13:34:41+00:00\",\"description\":\"Na noite deste domingo, dia 20 de mar\u00e7o, o vice-postulador da Causa de Canoniza\u00e7\u00e3o de Padre Eust\u00e1quio e Reitor do Santu\u00e1rio da Sa\u00fade e da Paz, Padre Vin\u00edcius Maciel, sscc, foi recebido no Santu\u00e1rio S\u00e3o Paulo da Cruz, em BH. Ele presidiu a Santa Missa e falou sobre a penit\u00eancia neste tempo quaresmal.\",\"breadcrumb\":{\"@id\":\"https:\/\/www.padreeustaquio.com.br\/santuario-sao-paulo-da-cruz-recebe-vice-postulador-para-catequese-quaresmal\/#breadcrumb\"},\"inLanguage\":\"en-US\",\"potentialAction\":[{\"@type\":\"ReadAction\",\"target\":[\"https:\/\/www.padreeustaquio.com.br\/santuario-sao-paulo-da-cruz-recebe-vice-postulador-para-catequese-quaresmal\/\"]}]},{\"@type\":\"ImageObject\",\"inLanguage\":\"en-US\",\"@id\":\"https:\/\/www.padreeustaquio.com.br\/santuario-sao-paulo-da-cruz-recebe-vice-postulador-para-catequese-quaresmal\/#primaryimage\",\"url\":\"https:\/\/www.padreeustaquio.com.br\/wp-content\/uploads\/2022\/03\/padre-vinicius-no-sao-paulo-da-cruz.jpg\",\"contentUrl\":\"https:\/\/www.padreeustaquio.com.br\/wp-content\/uploads\/2022\/03\/padre-vinicius-no-sao-paulo-da-cruz.jpg\",\"width\":748,\"height\":394,\"caption\":\"Foto: @denispd\"},{\"@type\":\"BreadcrumbList\",\"@id\":\"https:\/\/www.padreeustaquio.com.br\/santuario-sao-paulo-da-cruz-recebe-vice-postulador-para-catequese-quaresmal\/#breadcrumb\",\"itemListElement\":[{\"@type\":\"ListItem\",\"position\":1,\"name\":\"In\u00edcio\",\"item\":\"https:\/\/www.padreeustaquio.com.br\/\"},{\"@type\":\"ListItem\",\"position\":2,\"name\":\"Santu\u00e1rio S\u00e3o Paulo da Cruz recebe vice-postulador para Catequese Quaresmal\"}]},{\"@type\":\"WebSite\",\"@id\":\"https:\/\/www.padreeustaquio.com.br\/#website\",\"url\":\"https:\/\/www.padreeustaquio.com.br\/\",\"name\":\"Padre Eust\u00e1quio\",\"description\":\"Sa\u00fade e Paz\",\"publisher\":{\"@id\":\"https:\/\/www.padreeustaquio.com.br\/#organization\"},\"potentialAction\":[{\"@type\":\"SearchAction\",\"target\":{\"@type\":\"EntryPoint\",\"urlTemplate\":\"https:\/\/www.padreeustaquio.com.br\/?s={search_term_string}\"},\"query-input\":{\"@type\":\"PropertyValueSpecification\",\"valueRequired\":true,\"valueName\":\"search_term_string\"}}],\"inLanguage\":\"en-US\"},{\"@type\":\"Organization\",\"@id\":\"https:\/\/www.padreeustaquio.com.br\/#organization\",\"name\":\"Padre Eust\u00e1quio\",\"url\":\"https:\/\/www.padreeustaquio.com.br\/\",\"logo\":{\"@type\":\"ImageObject\",\"inLanguage\":\"en-US\",\"@id\":\"https:\/\/www.padreeustaquio.com.br\/#\/schema\/logo\/image\/\",\"url\":\"https:\/\/www.padreeustaquio.com.br\/wp-content\/uploads\/2019\/08\/marca.png\",\"contentUrl\":\"https:\/\/www.padreeustaquio.com.br\/wp-content\/uploads\/2019\/08\/marca.png\",\"width\":350,\"height\":400,\"caption\":\"Padre Eust\u00e1quio\"},\"image\":{\"@id\":\"https:\/\/www.padreeustaquio.com.br\/#\/schema\/logo\/image\/\"},\"sameAs\":[\"https:\/\/www.facebook.com\/beatopadreeustaquio\/\",\"https:\/\/x.com\/beatopeustaquio\",\"https:\/\/www.instagram.com\/beatopadreeustaquio\/\",\"https:\/\/www.youtube.com\/channel\/UCRhw7vfabnajwLxb1ZXMeIw\"]},{\"@type\":\"Person\",\"@id\":\"https:\/\/www.padreeustaquio.com.br\/#\/schema\/person\/a2a51db1d00f1a7af0204a0f1ddb1566\",\"name\":\"@sscc\",\"image\":{\"@type\":\"ImageObject\",\"inLanguage\":\"en-US\",\"@id\":\"https:\/\/secure.gravatar.com\/avatar\/68cfafa5f44617fea54071e215026e0ff06be366c3d54a8425f04fdcb86f8c5f?s=96&d=mm&r=g\",\"url\":\"https:\/\/secure.gravatar.com\/avatar\/68cfafa5f44617fea54071e215026e0ff06be366c3d54a8425f04fdcb86f8c5f?s=96&d=mm&r=g\",\"contentUrl\":\"https:\/\/secure.gravatar.com\/avatar\/68cfafa5f44617fea54071e215026e0ff06be366c3d54a8425f04fdcb86f8c5f?s=96&d=mm&r=g\",\"caption\":\"@sscc\"},\"url\":\"https:\/\/www.padreeustaquio.com.br\/en\/author\/sscc\/\"}]}<\/script>\n<!-- \/ Yoast SEO plugin. -->","yoast_head_json":{"title":"The Sanctuary of Saint Paul of the Cross welcomes a vice-postulator for Lenten Catechesis.","description":"On the evening of Sunday, March 20th, the vice-postulator of the Cause for Canonization of Father Eust\u00e1quio and Rector of the Sanctuary of Health and Peace, Father Vin\u00edcius Maciel, sscc, was received at the Sanctuary of Saint Paul of the Cross in Belo Horizonte. He presided over the Holy Mass and spoke about penance during this Lenten season.","robots":{"index":"index","follow":"follow","max-snippet":"max-snippet:-1","max-image-preview":"max-image-preview:large","max-video-preview":"max-video-preview:-1"},"canonical":"https:\/\/www.padreeustaquio.com.br\/en\/the-sanctuary-of-saint-paul-of-the-cross-welcomes-the-vice-postulator-for-lenten-catechesis\/","og_locale":"en_US","og_type":"article","og_title":"Santu\u00e1rio S\u00e3o Paulo da Cruz recebe vice-postulador para Catequese Quaresmal","og_description":"Na noite deste domingo, dia 20 de mar\u00e7o, o vice-postulador da Causa de Canoniza\u00e7\u00e3o de Padre Eust\u00e1quio e Reitor do Santu\u00e1rio da Sa\u00fade e da Paz, Padre Vin\u00edcius Maciel, sscc, foi recebido no Santu\u00e1rio S\u00e3o Paulo da Cruz, em BH. Ele presidiu a Santa Missa e falou sobre a penit\u00eancia neste tempo quaresmal.","og_url":"https:\/\/www.padreeustaquio.com.br\/en\/the-sanctuary-of-saint-paul-of-the-cross-welcomes-the-vice-postulator-for-lenten-catechesis\/","og_site_name":"Padre Eust\u00e1quio","article_publisher":"https:\/\/www.facebook.com\/beatopadreeustaquio\/","article_published_time":"2022-03-21T13:32:15+00:00","article_modified_time":"2022-03-21T13:34:41+00:00","og_image":[{"width":748,"height":394,"url":"https:\/\/www.padreeustaquio.com.br\/wp-content\/uploads\/2022\/03\/padre-vinicius-no-sao-paulo-da-cruz.jpg","type":"image\/jpeg"}],"author":"@sscc","twitter_card":"summary_large_image","twitter_creator":"@beatopeustaquio","twitter_site":"@beatopeustaquio","twitter_misc":{"Written by":"@sscc","Est. reading time":"1 minute"},"schema":{"@context":"https:\/\/schema.org","@graph":[{"@type":"Article","@id":"https:\/\/www.padreeustaquio.com.br\/santuario-sao-paulo-da-cruz-recebe-vice-postulador-para-catequese-quaresmal\/#article","isPartOf":{"@id":"https:\/\/www.padreeustaquio.com.br\/santuario-sao-paulo-da-cruz-recebe-vice-postulador-para-catequese-quaresmal\/"},"author":{"name":"@sscc","@id":"https:\/\/www.padreeustaquio.com.br\/#\/schema\/person\/a2a51db1d00f1a7af0204a0f1ddb1566"},"headline":"Santu\u00e1rio S\u00e3o Paulo da Cruz recebe vice-postulador para Catequese Quaresmal","datePublished":"2022-03-21T13:32:15+00:00","dateModified":"2022-03-21T13:34:41+00:00","mainEntityOfPage":{"@id":"https:\/\/www.padreeustaquio.com.br\/santuario-sao-paulo-da-cruz-recebe-vice-postulador-para-catequese-quaresmal\/"},"wordCount":179,"commentCount":0,"publisher":{"@id":"https:\/\/www.padreeustaquio.com.br\/#organization"},"image":{"@id":"https:\/\/www.padreeustaquio.com.br\/santuario-sao-paulo-da-cruz-recebe-vice-postulador-para-catequese-quaresmal\/#primaryimage"},"thumbnailUrl":"https:\/\/www.padreeustaquio.com.br\/wp-content\/uploads\/2022\/03\/padre-vinicius-no-sao-paulo-da-cruz.jpg","articleSection":["Not\u00edcias"],"inLanguage":"en-US","potentialAction":[{"@type":"CommentAction","name":"Comment","target":["https:\/\/www.padreeustaquio.com.br\/santuario-sao-paulo-da-cruz-recebe-vice-postulador-para-catequese-quaresmal\/#respond"]}]},{"@type":"WebPage","@id":"https:\/\/www.padreeustaquio.com.br\/santuario-sao-paulo-da-cruz-recebe-vice-postulador-para-catequese-quaresmal\/","url":"https:\/\/www.padreeustaquio.com.br\/santuario-sao-paulo-da-cruz-recebe-vice-postulador-para-catequese-quaresmal\/","name":"The Sanctuary of Saint Paul of the Cross welcomes a vice-postulator for Lenten Catechesis.","isPartOf":{"@id":"https:\/\/www.padreeustaquio.com.br\/#website"},"primaryImageOfPage":{"@id":"https:\/\/www.padreeustaquio.com.br\/santuario-sao-paulo-da-cruz-recebe-vice-postulador-para-catequese-quaresmal\/#primaryimage"},"image":{"@id":"https:\/\/www.padreeustaquio.com.br\/santuario-sao-paulo-da-cruz-recebe-vice-postulador-para-catequese-quaresmal\/#primaryimage"},"thumbnailUrl":"https:\/\/www.padreeustaquio.com.br\/wp-content\/uploads\/2022\/03\/padre-vinicius-no-sao-paulo-da-cruz.jpg","datePublished":"2022-03-21T13:32:15+00:00","dateModified":"2022-03-21T13:34:41+00:00","description":"On the evening of Sunday, March 20th, the vice-postulator of the Cause for Canonization of Father Eust\u00e1quio and Rector of the Sanctuary of Health and Peace, Father Vin\u00edcius Maciel, sscc, was received at the Sanctuary of Saint Paul of the Cross in Belo Horizonte. He presided over the Holy Mass and spoke about penance during this Lenten season.","breadcrumb":{"@id":"https:\/\/www.padreeustaquio.com.br\/santuario-sao-paulo-da-cruz-recebe-vice-postulador-para-catequese-quaresmal\/#breadcrumb"},"inLanguage":"en-US","potentialAction":[{"@type":"ReadAction","target":["https:\/\/www.padreeustaquio.com.br\/santuario-sao-paulo-da-cruz-recebe-vice-postulador-para-catequese-quaresmal\/"]}]},{"@type":"ImageObject","inLanguage":"en-US","@id":"https:\/\/www.padreeustaquio.com.br\/santuario-sao-paulo-da-cruz-recebe-vice-postulador-para-catequese-quaresmal\/#primaryimage","url":"https:\/\/www.padreeustaquio.com.br\/wp-content\/uploads\/2022\/03\/padre-vinicius-no-sao-paulo-da-cruz.jpg","contentUrl":"https:\/\/www.padreeustaquio.com.br\/wp-content\/uploads\/2022\/03\/padre-vinicius-no-sao-paulo-da-cruz.jpg","width":748,"height":394,"caption":"Foto: @denispd"},{"@type":"BreadcrumbList","@id":"https:\/\/www.padreeustaquio.com.br\/santuario-sao-paulo-da-cruz-recebe-vice-postulador-para-catequese-quaresmal\/#breadcrumb","itemListElement":[{"@type":"ListItem","position":1,"name":"In\u00edcio","item":"https:\/\/www.padreeustaquio.com.br\/"},{"@type":"ListItem","position":2,"name":"Santu\u00e1rio S\u00e3o Paulo da Cruz recebe vice-postulador para Catequese Quaresmal"}]},{"@type":"WebSite","@id":"https:\/\/www.padreeustaquio.com.br\/#website","url":"https:\/\/www.padreeustaquio.com.br\/","name":"FATHER EUST\u00c1QUIO","description":"Health and Peace","publisher":{"@id":"https:\/\/www.padreeustaquio.com.br\/#organization"},"potentialAction":[{"@type":"SearchAction","target":{"@type":"EntryPoint","urlTemplate":"https:\/\/www.padreeustaquio.com.br\/?s={search_term_string}"},"query-input":{"@type":"PropertyValueSpecification","valueRequired":true,"valueName":"search_term_string"}}],"inLanguage":"en-US"},{"@type":"Organization","@id":"https:\/\/www.padreeustaquio.com.br\/#organization","name":"FATHER EUST\u00c1QUIO","url":"https:\/\/www.padreeustaquio.com.br\/","logo":{"@type":"ImageObject","inLanguage":"en-US","@id":"https:\/\/www.padreeustaquio.com.br\/#\/schema\/logo\/image\/","url":"https:\/\/www.padreeustaquio.com.br\/wp-content\/uploads\/2019\/08\/marca.png","contentUrl":"https:\/\/www.padreeustaquio.com.br\/wp-content\/uploads\/2019\/08\/marca.png","width":350,"height":400,"caption":"Padre Eust\u00e1quio"},"image":{"@id":"https:\/\/www.padreeustaquio.com.br\/#\/schema\/logo\/image\/"},"sameAs":["https:\/\/www.facebook.com\/beatopadreeustaquio\/","https:\/\/x.com\/beatopeustaquio","https:\/\/www.instagram.com\/beatopadreeustaquio\/","https:\/\/www.youtube.com\/channel\/UCRhw7vfabnajwLxb1ZXMeIw"]},{"@type":"Person","@id":"https:\/\/www.padreeustaquio.com.br\/#\/schema\/person\/a2a51db1d00f1a7af0204a0f1ddb1566","name":"@sscc","image":{"@type":"ImageObject","inLanguage":"en-US","@id":"https:\/\/secure.gravatar.com\/avatar\/68cfafa5f44617fea54071e215026e0ff06be366c3d54a8425f04fdcb86f8c5f?s=96&d=mm&r=g","url":"https:\/\/secure.gravatar.com\/avatar\/68cfafa5f44617fea54071e215026e0ff06be366c3d54a8425f04fdcb86f8c5f?s=96&d=mm&r=g","contentUrl":"https:\/\/secure.gravatar.com\/avatar\/68cfafa5f44617fea54071e215026e0ff06be366c3d54a8425f04fdcb86f8c5f?s=96&d=mm&r=g","caption":"@sscc"},"url":"https:\/\/www.padreeustaquio.com.br\/en\/author\/sscc\/"}]}},"_links":{"self":[{"href":"https:\/\/www.padreeustaquio.com.br\/en\/wp-json\/wp\/v2\/posts\/8321","targetHints":{"allow":["GET"]}}],"collection":[{"href":"https:\/\/www.padreeustaquio.com.br\/en\/wp-json\/wp\/v2\/posts"}],"about":[{"href":"https:\/\/www.padreeustaquio.com.br\/en\/wp-json\/wp\/v2\/types\/post"}],"author":[{"embeddable":true,"href":"https:\/\/www.padreeustaquio.com.br\/en\/wp-json\/wp\/v2\/users\/2"}],"replies":[{"embeddable":true,"href":"https:\/\/www.padreeustaquio.com.br\/en\/wp-json\/wp\/v2\/comments?post=8321"}],"version-history":[{"count":0,"href":"https:\/\/www.padreeustaquio.com.br\/en\/wp-json\/wp\/v2\/posts\/8321\/revisions"}],"wp:featuredmedia":[{"embeddable":true,"href":"https:\/\/www.padreeustaquio.com.br\/en\/wp-json\/wp\/v2\/media\/8323"}],"wp:attachment":[{"href":"https:\/\/www.padreeustaquio.com.br\/en\/wp-json\/wp\/v2\/media?parent=8321"}],"wp:term":[{"taxonomy":"category","embeddable":true,"href":"https:\/\/www.padreeustaquio.com.br\/en\/wp-json\/wp\/v2\/categories?post=8321"},{"taxonomy":"post_tag","embeddable":true,"href":"https:\/\/www.padreeustaquio.com.br\/en\/wp-json\/wp\/v2\/tags?post=8321"}],"curies":[{"name":"wp","href":"https:\/\/api.w.org\/{rel}","templated":true}]}}