{"id":8307,"date":"2022-03-19T05:58:00","date_gmt":"2022-03-19T08:58:00","guid":{"rendered":"https:\/\/www.padreeustaquio.com.br\/?p=8307"},"modified":"2022-03-18T11:21:36","modified_gmt":"2022-03-18T14:21:36","slug":"saint-josephs-day-father-eustaquios-devotion-to-the-patron-saint-of-the-church","status":"publish","type":"post","link":"https:\/\/www.padreeustaquio.com.br\/en\/saint-josephs-day-father-eustaquios-devotion-to-the-patron-saint-of-the-church\/","title":{"rendered":"Saint Joseph&#039;s Day \u2013 Father Eust\u00e1quio&#039;s devotion to the Patron Saint of the Church"},"content":{"rendered":"<p><em>\u201c&quot;Saint Joseph, help me to suffer, help me to endure, help me to forgive, help me to trust, help me to save.&quot;\u201d<\/em> (Father Eustace)<\/p>\n\n\n\n<p>Father Eust\u00e1quio cultivated a special devotion to Saint Joseph throughout his life. He found in the figure of the carpenter from Nazareth help in his mission and hope for the afflicted.<\/p>\n\n\n\n<p>In Po\u00e1, S\u00e3o Paulo, he distributed to those who sought him out a &quot;little Saint Joseph&#039;s blessing,&quot; which consisted of a small piece of fabric touched to a relic of the Saint. He offered holy cards and medals of Jesus&#039; adoptive father to anyone who asked him for prayers. When questioned about the cures obtained through his blessings, he always said: <em>\u201c&quot;It is not I who perform the healings, it is God through the intercession of Saint Joseph!&quot;.<\/em><\/p>\n\n\n\n<p>For the construction of the Sacred Hearts church in Belo Horizonte, Father Eust\u00e1quio turned to the spouse of Mary. In the sermon for the laying of the church&#039;s cornerstone, on May 16, 1943, he stated: <em>\u201c&quot;Will there be a shortage of lime, a shortage of cement? We will go to Saint Joseph, understanding that, from the first stone, the protection of Saint Joseph is committed here, so that this stone may multiply into as many as are needed to complete the temple.&quot;\u201d<\/em><\/p>\n\n\n\n<p>The church&#039;s design included a chapel in honor of the saint who always interceded with God for the works of Father Eust\u00e1quio. In his letters, he always ended by asking for the help of Saint Joseph: <em>\u201c&quot;Pray an Our Father and a Hail Mary every day to Saint Joseph, and from here I will not forget you all. May Saint Joseph protect and guide you!&quot;\u201d<\/em> (excerpt from Father Eust\u00e1quio&#039;s letter to Mrs. Etelvina, dated October 31, 1941).<\/p>\n\n\n\n<p>In his final days, while hospitalized, he would beat his chest and cry out: <em>\u201c&quot;Saint Joseph, Health and Peace!&quot;.<\/em> May the spiritual legacy of Father Eust\u00e1quio inspire us in living our faith and following Jesus.<\/p>\n\n\n\n<p><\/p>","protected":false},"excerpt":{"rendered":"<p>\u201cS\u00e3o Jos\u00e9, ajudai-me a sofrer, ajudai-me a suportar, ajudai-me a perdoar, ajudai-me a confiar, ajudai-me a salvar.\u201d (Padre Eust\u00e1quio) Padre Eust\u00e1quio cultivou durante toda sua vida uma especial devo\u00e7\u00e3o a S\u00e3o Jos\u00e9. Encontrou na figura do carpinteiro de Nazar\u00e9 aux\u00edlio na miss\u00e3o e esperan\u00e7a para os aflitos. Em Po\u00e1-SP, distribu\u00eda para aqueles que iam \u00e0 sua procura um \u201cbentinho de S\u00e3o Jos\u00e9\u201d, que consistia em um pequeno peda\u00e7o de tecido tocado em uma rel\u00edquia do Santo. Oferecia santinhos e medalhas do pai adotivo de Jesus a quem lhe pedisse ora\u00e7\u00f5es. Quando interrogado sobre as curas obtidas atrav\u00e9s de suas ben\u00e7\u00e3os, [&hellip;]<\/p>\n","protected":false},"author":2,"featured_media":8308,"comment_status":"open","ping_status":"closed","sticky":false,"template":"","format":"standard","meta":{"_acf_changed":false,"footnotes":""},"categories":[611],"tags":[],"class_list":["post-8307","post","type-post","status-publish","format-standard","has-post-thumbnail","hentry","category-noticias"],"acf":[],"yoast_head":"<!-- This site is optimized with the Yoast SEO plugin v27.2 - https:\/\/yoast.com\/product\/yoast-seo-wordpress\/ -->\n<title>Dia de S\u00e3o Jos\u00e9 - A devo\u00e7\u00e3o de Padre Eust\u00e1quio ao Patrono da Igreja<\/title>\n<meta name=\"description\" content=\"Padre Eust\u00e1quio cultivou durante toda sua vida uma especial devo\u00e7\u00e3o a S\u00e3o Jos\u00e9. Encontrou na figura do carpinteiro de Nazar\u00e9 aux\u00edlio na miss\u00e3o e esperan\u00e7a para os aflitos.\" \/>\n<meta name=\"robots\" content=\"index, follow, max-snippet:-1, max-image-preview:large, max-video-preview:-1\" \/>\n<link rel=\"canonical\" href=\"https:\/\/www.padreeustaquio.com.br\/en\/saint-josephs-day-father-eustaquios-devotion-to-the-patron-saint-of-the-church\/\" \/>\n<meta property=\"og:locale\" content=\"en_US\" \/>\n<meta property=\"og:type\" content=\"article\" \/>\n<meta property=\"og:title\" content=\"Dia de S\u00e3o Jos\u00e9 - A devo\u00e7\u00e3o de Padre Eust\u00e1quio ao Patrono da Igreja\" \/>\n<meta property=\"og:description\" content=\"Padre Eust\u00e1quio cultivou durante toda sua vida uma especial devo\u00e7\u00e3o a S\u00e3o Jos\u00e9. Encontrou na figura do carpinteiro de Nazar\u00e9 aux\u00edlio na miss\u00e3o e esperan\u00e7a para os aflitos.\" \/>\n<meta property=\"og:url\" content=\"https:\/\/www.padreeustaquio.com.br\/en\/saint-josephs-day-father-eustaquios-devotion-to-the-patron-saint-of-the-church\/\" \/>\n<meta property=\"og:site_name\" content=\"Padre Eust\u00e1quio\" \/>\n<meta property=\"article:publisher\" content=\"https:\/\/www.facebook.com\/beatopadreeustaquio\/\" \/>\n<meta property=\"article:published_time\" content=\"2022-03-19T08:58:00+00:00\" \/>\n<meta property=\"og:image\" content=\"https:\/\/www.padreeustaquio.com.br\/wp-content\/uploads\/2022\/03\/Foto-12-Imagem-de-Sao-Jose-que-perteceu-a-Padre-Eustaquio-hoje-no-Museu-dentro-do-Santuario-da-Saude-e-Paz-em-BH-scaled.jpg\" \/>\n\t<meta property=\"og:image:width\" content=\"2560\" \/>\n\t<meta property=\"og:image:height\" content=\"1707\" \/>\n\t<meta property=\"og:image:type\" content=\"image\/jpeg\" \/>\n<meta name=\"author\" content=\"@sscc\" \/>\n<meta name=\"twitter:card\" content=\"summary_large_image\" \/>\n<meta name=\"twitter:creator\" content=\"@beatopeustaquio\" \/>\n<meta name=\"twitter:site\" content=\"@beatopeustaquio\" \/>\n<meta name=\"twitter:label1\" content=\"Written by\" \/>\n\t<meta name=\"twitter:data1\" content=\"@sscc\" \/>\n\t<meta name=\"twitter:label2\" content=\"Est. reading time\" \/>\n\t<meta name=\"twitter:data2\" content=\"2 minutes\" \/>\n<script type=\"application\/ld+json\" class=\"yoast-schema-graph\">{\"@context\":\"https:\/\/schema.org\",\"@graph\":[{\"@type\":\"Article\",\"@id\":\"https:\/\/www.padreeustaquio.com.br\/dia-de-sao-jose-a-devocao-de-padre-eustaquio-ao-patrono-da-igreja\/#article\",\"isPartOf\":{\"@id\":\"https:\/\/www.padreeustaquio.com.br\/dia-de-sao-jose-a-devocao-de-padre-eustaquio-ao-patrono-da-igreja\/\"},\"author\":{\"name\":\"@sscc\",\"@id\":\"https:\/\/www.padreeustaquio.com.br\/#\/schema\/person\/a2a51db1d00f1a7af0204a0f1ddb1566\"},\"headline\":\"Dia de S\u00e3o Jos\u00e9 &#8211; A devo\u00e7\u00e3o de Padre Eust\u00e1quio ao Patrono da Igreja\",\"datePublished\":\"2022-03-19T08:58:00+00:00\",\"mainEntityOfPage\":{\"@id\":\"https:\/\/www.padreeustaquio.com.br\/dia-de-sao-jose-a-devocao-de-padre-eustaquio-ao-patrono-da-igreja\/\"},\"wordCount\":353,\"commentCount\":0,\"publisher\":{\"@id\":\"https:\/\/www.padreeustaquio.com.br\/#organization\"},\"image\":{\"@id\":\"https:\/\/www.padreeustaquio.com.br\/dia-de-sao-jose-a-devocao-de-padre-eustaquio-ao-patrono-da-igreja\/#primaryimage\"},\"thumbnailUrl\":\"https:\/\/www.padreeustaquio.com.br\/wp-content\/uploads\/2022\/03\/Foto-12-Imagem-de-Sao-Jose-que-perteceu-a-Padre-Eustaquio-hoje-no-Museu-dentro-do-Santuario-da-Saude-e-Paz-em-BH-scaled.jpg\",\"articleSection\":[\"Not\u00edcias\"],\"inLanguage\":\"en-US\",\"potentialAction\":[{\"@type\":\"CommentAction\",\"name\":\"Comment\",\"target\":[\"https:\/\/www.padreeustaquio.com.br\/dia-de-sao-jose-a-devocao-de-padre-eustaquio-ao-patrono-da-igreja\/#respond\"]}]},{\"@type\":\"WebPage\",\"@id\":\"https:\/\/www.padreeustaquio.com.br\/dia-de-sao-jose-a-devocao-de-padre-eustaquio-ao-patrono-da-igreja\/\",\"url\":\"https:\/\/www.padreeustaquio.com.br\/dia-de-sao-jose-a-devocao-de-padre-eustaquio-ao-patrono-da-igreja\/\",\"name\":\"Dia de S\u00e3o Jos\u00e9 - A devo\u00e7\u00e3o de Padre Eust\u00e1quio ao Patrono da Igreja\",\"isPartOf\":{\"@id\":\"https:\/\/www.padreeustaquio.com.br\/#website\"},\"primaryImageOfPage\":{\"@id\":\"https:\/\/www.padreeustaquio.com.br\/dia-de-sao-jose-a-devocao-de-padre-eustaquio-ao-patrono-da-igreja\/#primaryimage\"},\"image\":{\"@id\":\"https:\/\/www.padreeustaquio.com.br\/dia-de-sao-jose-a-devocao-de-padre-eustaquio-ao-patrono-da-igreja\/#primaryimage\"},\"thumbnailUrl\":\"https:\/\/www.padreeustaquio.com.br\/wp-content\/uploads\/2022\/03\/Foto-12-Imagem-de-Sao-Jose-que-perteceu-a-Padre-Eustaquio-hoje-no-Museu-dentro-do-Santuario-da-Saude-e-Paz-em-BH-scaled.jpg\",\"datePublished\":\"2022-03-19T08:58:00+00:00\",\"description\":\"Padre Eust\u00e1quio cultivou durante toda sua vida uma especial devo\u00e7\u00e3o a S\u00e3o Jos\u00e9. Encontrou na figura do carpinteiro de Nazar\u00e9 aux\u00edlio na miss\u00e3o e esperan\u00e7a para os aflitos.\",\"breadcrumb\":{\"@id\":\"https:\/\/www.padreeustaquio.com.br\/dia-de-sao-jose-a-devocao-de-padre-eustaquio-ao-patrono-da-igreja\/#breadcrumb\"},\"inLanguage\":\"en-US\",\"potentialAction\":[{\"@type\":\"ReadAction\",\"target\":[\"https:\/\/www.padreeustaquio.com.br\/dia-de-sao-jose-a-devocao-de-padre-eustaquio-ao-patrono-da-igreja\/\"]}]},{\"@type\":\"ImageObject\",\"inLanguage\":\"en-US\",\"@id\":\"https:\/\/www.padreeustaquio.com.br\/dia-de-sao-jose-a-devocao-de-padre-eustaquio-ao-patrono-da-igreja\/#primaryimage\",\"url\":\"https:\/\/www.padreeustaquio.com.br\/wp-content\/uploads\/2022\/03\/Foto-12-Imagem-de-Sao-Jose-que-perteceu-a-Padre-Eustaquio-hoje-no-Museu-dentro-do-Santuario-da-Saude-e-Paz-em-BH-scaled.jpg\",\"contentUrl\":\"https:\/\/www.padreeustaquio.com.br\/wp-content\/uploads\/2022\/03\/Foto-12-Imagem-de-Sao-Jose-que-perteceu-a-Padre-Eustaquio-hoje-no-Museu-dentro-do-Santuario-da-Saude-e-Paz-em-BH-scaled.jpg\",\"width\":2560,\"height\":1707,\"caption\":\"Imagem de S\u00e3o Jos\u00e9 que perteceu a Padre Eust\u00e1quio, hoje no Museu dentro do Santu\u00e1rio da Sa\u00fade e Paz, em BH\"},{\"@type\":\"BreadcrumbList\",\"@id\":\"https:\/\/www.padreeustaquio.com.br\/dia-de-sao-jose-a-devocao-de-padre-eustaquio-ao-patrono-da-igreja\/#breadcrumb\",\"itemListElement\":[{\"@type\":\"ListItem\",\"position\":1,\"name\":\"In\u00edcio\",\"item\":\"https:\/\/www.padreeustaquio.com.br\/\"},{\"@type\":\"ListItem\",\"position\":2,\"name\":\"Dia de S\u00e3o Jos\u00e9 &#8211; A devo\u00e7\u00e3o de Padre Eust\u00e1quio ao Patrono da Igreja\"}]},{\"@type\":\"WebSite\",\"@id\":\"https:\/\/www.padreeustaquio.com.br\/#website\",\"url\":\"https:\/\/www.padreeustaquio.com.br\/\",\"name\":\"Padre Eust\u00e1quio\",\"description\":\"Sa\u00fade e Paz\",\"publisher\":{\"@id\":\"https:\/\/www.padreeustaquio.com.br\/#organization\"},\"potentialAction\":[{\"@type\":\"SearchAction\",\"target\":{\"@type\":\"EntryPoint\",\"urlTemplate\":\"https:\/\/www.padreeustaquio.com.br\/?s={search_term_string}\"},\"query-input\":{\"@type\":\"PropertyValueSpecification\",\"valueRequired\":true,\"valueName\":\"search_term_string\"}}],\"inLanguage\":\"en-US\"},{\"@type\":\"Organization\",\"@id\":\"https:\/\/www.padreeustaquio.com.br\/#organization\",\"name\":\"Padre Eust\u00e1quio\",\"url\":\"https:\/\/www.padreeustaquio.com.br\/\",\"logo\":{\"@type\":\"ImageObject\",\"inLanguage\":\"en-US\",\"@id\":\"https:\/\/www.padreeustaquio.com.br\/#\/schema\/logo\/image\/\",\"url\":\"https:\/\/www.padreeustaquio.com.br\/wp-content\/uploads\/2019\/08\/marca.png\",\"contentUrl\":\"https:\/\/www.padreeustaquio.com.br\/wp-content\/uploads\/2019\/08\/marca.png\",\"width\":350,\"height\":400,\"caption\":\"Padre Eust\u00e1quio\"},\"image\":{\"@id\":\"https:\/\/www.padreeustaquio.com.br\/#\/schema\/logo\/image\/\"},\"sameAs\":[\"https:\/\/www.facebook.com\/beatopadreeustaquio\/\",\"https:\/\/x.com\/beatopeustaquio\",\"https:\/\/www.instagram.com\/beatopadreeustaquio\/\",\"https:\/\/www.youtube.com\/channel\/UCRhw7vfabnajwLxb1ZXMeIw\"]},{\"@type\":\"Person\",\"@id\":\"https:\/\/www.padreeustaquio.com.br\/#\/schema\/person\/a2a51db1d00f1a7af0204a0f1ddb1566\",\"name\":\"@sscc\",\"image\":{\"@type\":\"ImageObject\",\"inLanguage\":\"en-US\",\"@id\":\"https:\/\/secure.gravatar.com\/avatar\/68cfafa5f44617fea54071e215026e0ff06be366c3d54a8425f04fdcb86f8c5f?s=96&d=mm&r=g\",\"url\":\"https:\/\/secure.gravatar.com\/avatar\/68cfafa5f44617fea54071e215026e0ff06be366c3d54a8425f04fdcb86f8c5f?s=96&d=mm&r=g\",\"contentUrl\":\"https:\/\/secure.gravatar.com\/avatar\/68cfafa5f44617fea54071e215026e0ff06be366c3d54a8425f04fdcb86f8c5f?s=96&d=mm&r=g\",\"caption\":\"@sscc\"},\"url\":\"https:\/\/www.padreeustaquio.com.br\/en\/author\/sscc\/\"}]}<\/script>\n<!-- \/ Yoast SEO plugin. -->","yoast_head_json":{"title":"Saint Joseph&#039;s Day - Father Eust\u00e1quio&#039;s devotion to the Patron Saint of the Church","description":"Father Eust\u00e1quio cultivated a special devotion to Saint Joseph throughout his life. He found in the figure of the carpenter from Nazareth help in his mission and hope for the afflicted.","robots":{"index":"index","follow":"follow","max-snippet":"max-snippet:-1","max-image-preview":"max-image-preview:large","max-video-preview":"max-video-preview:-1"},"canonical":"https:\/\/www.padreeustaquio.com.br\/en\/saint-josephs-day-father-eustaquios-devotion-to-the-patron-saint-of-the-church\/","og_locale":"en_US","og_type":"article","og_title":"Dia de S\u00e3o Jos\u00e9 - A devo\u00e7\u00e3o de Padre Eust\u00e1quio ao Patrono da Igreja","og_description":"Padre Eust\u00e1quio cultivou durante toda sua vida uma especial devo\u00e7\u00e3o a S\u00e3o Jos\u00e9. Encontrou na figura do carpinteiro de Nazar\u00e9 aux\u00edlio na miss\u00e3o e esperan\u00e7a para os aflitos.","og_url":"https:\/\/www.padreeustaquio.com.br\/en\/saint-josephs-day-father-eustaquios-devotion-to-the-patron-saint-of-the-church\/","og_site_name":"Padre Eust\u00e1quio","article_publisher":"https:\/\/www.facebook.com\/beatopadreeustaquio\/","article_published_time":"2022-03-19T08:58:00+00:00","og_image":[{"width":2560,"height":1707,"url":"https:\/\/www.padreeustaquio.com.br\/wp-content\/uploads\/2022\/03\/Foto-12-Imagem-de-Sao-Jose-que-perteceu-a-Padre-Eustaquio-hoje-no-Museu-dentro-do-Santuario-da-Saude-e-Paz-em-BH-scaled.jpg","type":"image\/jpeg"}],"author":"@sscc","twitter_card":"summary_large_image","twitter_creator":"@beatopeustaquio","twitter_site":"@beatopeustaquio","twitter_misc":{"Written by":"@sscc","Est. reading time":"2 minutes"},"schema":{"@context":"https:\/\/schema.org","@graph":[{"@type":"Article","@id":"https:\/\/www.padreeustaquio.com.br\/dia-de-sao-jose-a-devocao-de-padre-eustaquio-ao-patrono-da-igreja\/#article","isPartOf":{"@id":"https:\/\/www.padreeustaquio.com.br\/dia-de-sao-jose-a-devocao-de-padre-eustaquio-ao-patrono-da-igreja\/"},"author":{"name":"@sscc","@id":"https:\/\/www.padreeustaquio.com.br\/#\/schema\/person\/a2a51db1d00f1a7af0204a0f1ddb1566"},"headline":"Dia de S\u00e3o Jos\u00e9 &#8211; A devo\u00e7\u00e3o de Padre Eust\u00e1quio ao Patrono da Igreja","datePublished":"2022-03-19T08:58:00+00:00","mainEntityOfPage":{"@id":"https:\/\/www.padreeustaquio.com.br\/dia-de-sao-jose-a-devocao-de-padre-eustaquio-ao-patrono-da-igreja\/"},"wordCount":353,"commentCount":0,"publisher":{"@id":"https:\/\/www.padreeustaquio.com.br\/#organization"},"image":{"@id":"https:\/\/www.padreeustaquio.com.br\/dia-de-sao-jose-a-devocao-de-padre-eustaquio-ao-patrono-da-igreja\/#primaryimage"},"thumbnailUrl":"https:\/\/www.padreeustaquio.com.br\/wp-content\/uploads\/2022\/03\/Foto-12-Imagem-de-Sao-Jose-que-perteceu-a-Padre-Eustaquio-hoje-no-Museu-dentro-do-Santuario-da-Saude-e-Paz-em-BH-scaled.jpg","articleSection":["Not\u00edcias"],"inLanguage":"en-US","potentialAction":[{"@type":"CommentAction","name":"Comment","target":["https:\/\/www.padreeustaquio.com.br\/dia-de-sao-jose-a-devocao-de-padre-eustaquio-ao-patrono-da-igreja\/#respond"]}]},{"@type":"WebPage","@id":"https:\/\/www.padreeustaquio.com.br\/dia-de-sao-jose-a-devocao-de-padre-eustaquio-ao-patrono-da-igreja\/","url":"https:\/\/www.padreeustaquio.com.br\/dia-de-sao-jose-a-devocao-de-padre-eustaquio-ao-patrono-da-igreja\/","name":"Saint Joseph&#039;s Day - Father Eust\u00e1quio&#039;s devotion to the Patron Saint of the Church","isPartOf":{"@id":"https:\/\/www.padreeustaquio.com.br\/#website"},"primaryImageOfPage":{"@id":"https:\/\/www.padreeustaquio.com.br\/dia-de-sao-jose-a-devocao-de-padre-eustaquio-ao-patrono-da-igreja\/#primaryimage"},"image":{"@id":"https:\/\/www.padreeustaquio.com.br\/dia-de-sao-jose-a-devocao-de-padre-eustaquio-ao-patrono-da-igreja\/#primaryimage"},"thumbnailUrl":"https:\/\/www.padreeustaquio.com.br\/wp-content\/uploads\/2022\/03\/Foto-12-Imagem-de-Sao-Jose-que-perteceu-a-Padre-Eustaquio-hoje-no-Museu-dentro-do-Santuario-da-Saude-e-Paz-em-BH-scaled.jpg","datePublished":"2022-03-19T08:58:00+00:00","description":"Father Eust\u00e1quio cultivated a special devotion to Saint Joseph throughout his life. He found in the figure of the carpenter from Nazareth help in his mission and hope for the afflicted.","breadcrumb":{"@id":"https:\/\/www.padreeustaquio.com.br\/dia-de-sao-jose-a-devocao-de-padre-eustaquio-ao-patrono-da-igreja\/#breadcrumb"},"inLanguage":"en-US","potentialAction":[{"@type":"ReadAction","target":["https:\/\/www.padreeustaquio.com.br\/dia-de-sao-jose-a-devocao-de-padre-eustaquio-ao-patrono-da-igreja\/"]}]},{"@type":"ImageObject","inLanguage":"en-US","@id":"https:\/\/www.padreeustaquio.com.br\/dia-de-sao-jose-a-devocao-de-padre-eustaquio-ao-patrono-da-igreja\/#primaryimage","url":"https:\/\/www.padreeustaquio.com.br\/wp-content\/uploads\/2022\/03\/Foto-12-Imagem-de-Sao-Jose-que-perteceu-a-Padre-Eustaquio-hoje-no-Museu-dentro-do-Santuario-da-Saude-e-Paz-em-BH-scaled.jpg","contentUrl":"https:\/\/www.padreeustaquio.com.br\/wp-content\/uploads\/2022\/03\/Foto-12-Imagem-de-Sao-Jose-que-perteceu-a-Padre-Eustaquio-hoje-no-Museu-dentro-do-Santuario-da-Saude-e-Paz-em-BH-scaled.jpg","width":2560,"height":1707,"caption":"Imagem de S\u00e3o Jos\u00e9 que perteceu a Padre Eust\u00e1quio, hoje no Museu dentro do Santu\u00e1rio da Sa\u00fade e Paz, em BH"},{"@type":"BreadcrumbList","@id":"https:\/\/www.padreeustaquio.com.br\/dia-de-sao-jose-a-devocao-de-padre-eustaquio-ao-patrono-da-igreja\/#breadcrumb","itemListElement":[{"@type":"ListItem","position":1,"name":"In\u00edcio","item":"https:\/\/www.padreeustaquio.com.br\/"},{"@type":"ListItem","position":2,"name":"Dia de S\u00e3o Jos\u00e9 &#8211; A devo\u00e7\u00e3o de Padre Eust\u00e1quio ao Patrono da Igreja"}]},{"@type":"WebSite","@id":"https:\/\/www.padreeustaquio.com.br\/#website","url":"https:\/\/www.padreeustaquio.com.br\/","name":"FATHER EUST\u00c1QUIO","description":"Health and Peace","publisher":{"@id":"https:\/\/www.padreeustaquio.com.br\/#organization"},"potentialAction":[{"@type":"SearchAction","target":{"@type":"EntryPoint","urlTemplate":"https:\/\/www.padreeustaquio.com.br\/?s={search_term_string}"},"query-input":{"@type":"PropertyValueSpecification","valueRequired":true,"valueName":"search_term_string"}}],"inLanguage":"en-US"},{"@type":"Organization","@id":"https:\/\/www.padreeustaquio.com.br\/#organization","name":"FATHER EUST\u00c1QUIO","url":"https:\/\/www.padreeustaquio.com.br\/","logo":{"@type":"ImageObject","inLanguage":"en-US","@id":"https:\/\/www.padreeustaquio.com.br\/#\/schema\/logo\/image\/","url":"https:\/\/www.padreeustaquio.com.br\/wp-content\/uploads\/2019\/08\/marca.png","contentUrl":"https:\/\/www.padreeustaquio.com.br\/wp-content\/uploads\/2019\/08\/marca.png","width":350,"height":400,"caption":"Padre Eust\u00e1quio"},"image":{"@id":"https:\/\/www.padreeustaquio.com.br\/#\/schema\/logo\/image\/"},"sameAs":["https:\/\/www.facebook.com\/beatopadreeustaquio\/","https:\/\/x.com\/beatopeustaquio","https:\/\/www.instagram.com\/beatopadreeustaquio\/","https:\/\/www.youtube.com\/channel\/UCRhw7vfabnajwLxb1ZXMeIw"]},{"@type":"Person","@id":"https:\/\/www.padreeustaquio.com.br\/#\/schema\/person\/a2a51db1d00f1a7af0204a0f1ddb1566","name":"@sscc","image":{"@type":"ImageObject","inLanguage":"en-US","@id":"https:\/\/secure.gravatar.com\/avatar\/68cfafa5f44617fea54071e215026e0ff06be366c3d54a8425f04fdcb86f8c5f?s=96&d=mm&r=g","url":"https:\/\/secure.gravatar.com\/avatar\/68cfafa5f44617fea54071e215026e0ff06be366c3d54a8425f04fdcb86f8c5f?s=96&d=mm&r=g","contentUrl":"https:\/\/secure.gravatar.com\/avatar\/68cfafa5f44617fea54071e215026e0ff06be366c3d54a8425f04fdcb86f8c5f?s=96&d=mm&r=g","caption":"@sscc"},"url":"https:\/\/www.padreeustaquio.com.br\/en\/author\/sscc\/"}]}},"_links":{"self":[{"href":"https:\/\/www.padreeustaquio.com.br\/en\/wp-json\/wp\/v2\/posts\/8307","targetHints":{"allow":["GET"]}}],"collection":[{"href":"https:\/\/www.padreeustaquio.com.br\/en\/wp-json\/wp\/v2\/posts"}],"about":[{"href":"https:\/\/www.padreeustaquio.com.br\/en\/wp-json\/wp\/v2\/types\/post"}],"author":[{"embeddable":true,"href":"https:\/\/www.padreeustaquio.com.br\/en\/wp-json\/wp\/v2\/users\/2"}],"replies":[{"embeddable":true,"href":"https:\/\/www.padreeustaquio.com.br\/en\/wp-json\/wp\/v2\/comments?post=8307"}],"version-history":[{"count":0,"href":"https:\/\/www.padreeustaquio.com.br\/en\/wp-json\/wp\/v2\/posts\/8307\/revisions"}],"wp:featuredmedia":[{"embeddable":true,"href":"https:\/\/www.padreeustaquio.com.br\/en\/wp-json\/wp\/v2\/media\/8308"}],"wp:attachment":[{"href":"https:\/\/www.padreeustaquio.com.br\/en\/wp-json\/wp\/v2\/media?parent=8307"}],"wp:term":[{"taxonomy":"category","embeddable":true,"href":"https:\/\/www.padreeustaquio.com.br\/en\/wp-json\/wp\/v2\/categories?post=8307"},{"taxonomy":"post_tag","embeddable":true,"href":"https:\/\/www.padreeustaquio.com.br\/en\/wp-json\/wp\/v2\/tags?post=8307"}],"curies":[{"name":"wp","href":"https:\/\/api.w.org\/{rel}","templated":true}]}}