{"id":8300,"date":"2022-03-18T09:13:30","date_gmt":"2022-03-18T12:13:30","guid":{"rendered":"https:\/\/www.padreeustaquio.com.br\/?p=8300"},"modified":"2022-03-18T10:35:38","modified_gmt":"2022-03-18T13:35:38","slug":"vice-candidate-gives-a-speech-at-the-city-council-of-patrocinio","status":"publish","type":"post","link":"https:\/\/www.padreeustaquio.com.br\/en\/vice-candidate-gives-a-speech-at-the-city-council-of-patrocinio\/","title":{"rendered":"Vice-candidate gives lecture at the Patroc\u00ednio City Council."},"content":{"rendered":"<p>The vice-postulator of the Cause for Canonization of Father Eust\u00e1quio, Father Vin\u00edcius Maciel, sscc, participated yesterday in the Fraternity and Education Conference, held at the City Hall of Patroc\u00ednio, in the Alto Parana\u00edba region of Minas Gerais. The event was promoted by the Berlar Education Network in partnership with the municipality&#039;s Legislative Branch.<\/p>\n\n\n\n<p>The meeting, held on the evening of Thursday, March 17th, brought together religious, educational, and political authorities from the Minas Gerais municipality to discuss the theme of the 2022 Fraternity Campaign: Education and Fraternity. At the opening of the conference, councilman Natanael Diniz, a teacher who requested the event be held at the City Hall, spoke about the importance of education for the world. The daughter of Mayor Deir\u00f3 Marra, Maria Clara Marra, also spoke, highlighting education in the municipality, as did the Secretary of Education, Emerson Caixeta. Sister Concei\u00e7\u00e3o de Oliveira Gon\u00e7alves, president of the Berlar Sacred Heart of Mary Institute, was also present and emphasized the role of Catholic schools in this important mission of educating.<\/p>\n\n\n\n<p>Invited by the Berlar Education Network, Father Vin\u00edcius Maciel, sscc, was responsible for the evening&#039;s lecture: &quot;Building Fraternity through Education.&quot; In his words, the priest, who is also the director of the Padre Eust\u00e1quio Daycare Centers in Belo Horizonte, highlighted the social divisions that directly affect the quality of learning and reinforced the need for us to be more fraternal in the pursuit of equal conditions so that everyone has the same access to quality education.<\/p>\n\n\n\n<p>The lecture was broadcast live by the Patroc\u00ednio City Council and will be rebroadcast on Canal Padre Eust\u00e1quio this Saturday at 2 pm.<a href=\"https:\/\/www.youtube.com\/watch?v=_aSWwQa9hxQ\" target=\"_blank\" rel=\"noreferrer noopener\">CLICK HERE AND WATCH<\/a>The material will be available on the channel as a resource to contribute to this year&#039;s Fraternity Campaign. Immediately after the conference, participants socialized in the hall adjacent to the City Hall and received a certificate of participation in the event.<\/p>\n\n\n\n<p><\/p>","protected":false},"excerpt":{"rendered":"<p>O vice-postulador da Causa de Canoniza\u00e7\u00e3o de Padre Eust\u00e1quio, Padre Vin\u00edcius Maciel, sscc, participou ontem da Confer\u00eancia Fraternidade e Educa\u00e7\u00e3o, realizada na C\u00e2mara Municipal de Patroc\u00ednio, no Alto Parana\u00edba Mineiro. O evento foi promovido pela Rede Berlar de Educa\u00e7\u00e3o em parceria com o Poder Legislativo do munic\u00edpio. O encontro, realizado na noite dessa quinta-feira, dia 17 de mar\u00e7o, reuniu autoridades religiosas, educacionais e pol\u00edticas do munic\u00edpio mineiro para discutir o tema da Campanha da Fraternidade 2022: Educa\u00e7\u00e3o e Fraternidade. Na abertura da confer\u00eancia, o vereador Natanael Diniz, que \u00e9 professor e fez o pedido de realiza\u00e7\u00e3o do evento na C\u00e2mara [&hellip;]<\/p>\n","protected":false},"author":2,"featured_media":8301,"comment_status":"open","ping_status":"closed","sticky":false,"template":"","format":"standard","meta":{"_acf_changed":false,"footnotes":""},"categories":[611],"tags":[],"class_list":["post-8300","post","type-post","status-publish","format-standard","has-post-thumbnail","hentry","category-noticias"],"acf":[],"yoast_head":"<!-- This site is optimized with the Yoast SEO plugin v27.2 - https:\/\/yoast.com\/product\/yoast-seo-wordpress\/ -->\n<title>Vice-postulador faz palestra na C\u00e2mara Municipal de Patroc\u00ednio<\/title>\n<meta name=\"description\" content=\"O vice-postulador da Causa de Canoniza\u00e7\u00e3o de Padre Eust\u00e1quio, Padre Vin\u00edcius Maciel, sscc, participou ontem da Confer\u00eancia Fraternidade e Educa\u00e7\u00e3o, realizada pela C\u00e2mara Municipal de Patroc\u00ednio, no Alto Parana\u00edba Mineiro. O evento foi em parceria com a Rede Berlar de Educa\u00e7\u00e3o e transmitido ao vivo pelo Legislativo Municipal.\" \/>\n<meta name=\"robots\" content=\"index, follow, max-snippet:-1, max-image-preview:large, max-video-preview:-1\" \/>\n<link rel=\"canonical\" href=\"https:\/\/www.padreeustaquio.com.br\/en\/vice-candidate-gives-a-speech-at-the-city-council-of-patrocinio\/\" \/>\n<meta property=\"og:locale\" content=\"en_US\" \/>\n<meta property=\"og:type\" content=\"article\" \/>\n<meta property=\"og:title\" content=\"Vice-postulador faz palestra na C\u00e2mara Municipal de Patroc\u00ednio\" \/>\n<meta property=\"og:description\" content=\"O vice-postulador da Causa de Canoniza\u00e7\u00e3o de Padre Eust\u00e1quio, Padre Vin\u00edcius Maciel, sscc, participou ontem da Confer\u00eancia Fraternidade e Educa\u00e7\u00e3o, realizada pela C\u00e2mara Municipal de Patroc\u00ednio, no Alto Parana\u00edba Mineiro. O evento foi em parceria com a Rede Berlar de Educa\u00e7\u00e3o e transmitido ao vivo pelo Legislativo Municipal.\" \/>\n<meta property=\"og:url\" content=\"https:\/\/www.padreeustaquio.com.br\/en\/vice-candidate-gives-a-speech-at-the-city-council-of-patrocinio\/\" \/>\n<meta property=\"og:site_name\" content=\"Padre Eust\u00e1quio\" \/>\n<meta property=\"article:publisher\" content=\"https:\/\/www.facebook.com\/beatopadreeustaquio\/\" \/>\n<meta property=\"article:published_time\" content=\"2022-03-18T12:13:30+00:00\" \/>\n<meta property=\"article:modified_time\" content=\"2022-03-18T13:35:38+00:00\" \/>\n<meta property=\"og:image\" content=\"https:\/\/www.padreeustaquio.com.br\/wp-content\/uploads\/2022\/03\/palestra-patro-scaled.jpg\" \/>\n\t<meta property=\"og:image:width\" content=\"2560\" \/>\n\t<meta property=\"og:image:height\" content=\"1707\" \/>\n\t<meta property=\"og:image:type\" content=\"image\/jpeg\" \/>\n<meta name=\"author\" content=\"@sscc\" \/>\n<meta name=\"twitter:card\" content=\"summary_large_image\" \/>\n<meta name=\"twitter:creator\" content=\"@beatopeustaquio\" \/>\n<meta name=\"twitter:site\" content=\"@beatopeustaquio\" \/>\n<meta name=\"twitter:label1\" content=\"Written by\" \/>\n\t<meta name=\"twitter:data1\" content=\"@sscc\" \/>\n\t<meta name=\"twitter:label2\" content=\"Est. reading time\" \/>\n\t<meta name=\"twitter:data2\" content=\"2 minutes\" \/>\n<script type=\"application\/ld+json\" class=\"yoast-schema-graph\">{\"@context\":\"https:\/\/schema.org\",\"@graph\":[{\"@type\":\"Article\",\"@id\":\"https:\/\/www.padreeustaquio.com.br\/vice-postulador-faz-palestra-na-camara-municipal-de-patrocinio\/#article\",\"isPartOf\":{\"@id\":\"https:\/\/www.padreeustaquio.com.br\/vice-postulador-faz-palestra-na-camara-municipal-de-patrocinio\/\"},\"author\":{\"name\":\"@sscc\",\"@id\":\"https:\/\/www.padreeustaquio.com.br\/#\/schema\/person\/a2a51db1d00f1a7af0204a0f1ddb1566\"},\"headline\":\"Vice-postulador faz palestra na C\u00e2mara Municipal de Patroc\u00ednio\",\"datePublished\":\"2022-03-18T12:13:30+00:00\",\"dateModified\":\"2022-03-18T13:35:38+00:00\",\"mainEntityOfPage\":{\"@id\":\"https:\/\/www.padreeustaquio.com.br\/vice-postulador-faz-palestra-na-camara-municipal-de-patrocinio\/\"},\"wordCount\":363,\"commentCount\":0,\"publisher\":{\"@id\":\"https:\/\/www.padreeustaquio.com.br\/#organization\"},\"image\":{\"@id\":\"https:\/\/www.padreeustaquio.com.br\/vice-postulador-faz-palestra-na-camara-municipal-de-patrocinio\/#primaryimage\"},\"thumbnailUrl\":\"https:\/\/www.padreeustaquio.com.br\/wp-content\/uploads\/2022\/03\/palestra-patro-scaled.jpg\",\"articleSection\":[\"Not\u00edcias\"],\"inLanguage\":\"en-US\",\"potentialAction\":[{\"@type\":\"CommentAction\",\"name\":\"Comment\",\"target\":[\"https:\/\/www.padreeustaquio.com.br\/vice-postulador-faz-palestra-na-camara-municipal-de-patrocinio\/#respond\"]}]},{\"@type\":\"WebPage\",\"@id\":\"https:\/\/www.padreeustaquio.com.br\/vice-postulador-faz-palestra-na-camara-municipal-de-patrocinio\/\",\"url\":\"https:\/\/www.padreeustaquio.com.br\/vice-postulador-faz-palestra-na-camara-municipal-de-patrocinio\/\",\"name\":\"Vice-postulador faz palestra na C\u00e2mara Municipal de Patroc\u00ednio\",\"isPartOf\":{\"@id\":\"https:\/\/www.padreeustaquio.com.br\/#website\"},\"primaryImageOfPage\":{\"@id\":\"https:\/\/www.padreeustaquio.com.br\/vice-postulador-faz-palestra-na-camara-municipal-de-patrocinio\/#primaryimage\"},\"image\":{\"@id\":\"https:\/\/www.padreeustaquio.com.br\/vice-postulador-faz-palestra-na-camara-municipal-de-patrocinio\/#primaryimage\"},\"thumbnailUrl\":\"https:\/\/www.padreeustaquio.com.br\/wp-content\/uploads\/2022\/03\/palestra-patro-scaled.jpg\",\"datePublished\":\"2022-03-18T12:13:30+00:00\",\"dateModified\":\"2022-03-18T13:35:38+00:00\",\"description\":\"O vice-postulador da Causa de Canoniza\u00e7\u00e3o de Padre Eust\u00e1quio, Padre Vin\u00edcius Maciel, sscc, participou ontem da Confer\u00eancia Fraternidade e Educa\u00e7\u00e3o, realizada pela C\u00e2mara Municipal de Patroc\u00ednio, no Alto Parana\u00edba Mineiro. O evento foi em parceria com a Rede Berlar de Educa\u00e7\u00e3o e transmitido ao vivo pelo Legislativo Municipal.\",\"breadcrumb\":{\"@id\":\"https:\/\/www.padreeustaquio.com.br\/vice-postulador-faz-palestra-na-camara-municipal-de-patrocinio\/#breadcrumb\"},\"inLanguage\":\"en-US\",\"potentialAction\":[{\"@type\":\"ReadAction\",\"target\":[\"https:\/\/www.padreeustaquio.com.br\/vice-postulador-faz-palestra-na-camara-municipal-de-patrocinio\/\"]}]},{\"@type\":\"ImageObject\",\"inLanguage\":\"en-US\",\"@id\":\"https:\/\/www.padreeustaquio.com.br\/vice-postulador-faz-palestra-na-camara-municipal-de-patrocinio\/#primaryimage\",\"url\":\"https:\/\/www.padreeustaquio.com.br\/wp-content\/uploads\/2022\/03\/palestra-patro-scaled.jpg\",\"contentUrl\":\"https:\/\/www.padreeustaquio.com.br\/wp-content\/uploads\/2022\/03\/palestra-patro-scaled.jpg\",\"width\":2560,\"height\":1707},{\"@type\":\"BreadcrumbList\",\"@id\":\"https:\/\/www.padreeustaquio.com.br\/vice-postulador-faz-palestra-na-camara-municipal-de-patrocinio\/#breadcrumb\",\"itemListElement\":[{\"@type\":\"ListItem\",\"position\":1,\"name\":\"In\u00edcio\",\"item\":\"https:\/\/www.padreeustaquio.com.br\/\"},{\"@type\":\"ListItem\",\"position\":2,\"name\":\"Vice-postulador faz palestra na C\u00e2mara Municipal de Patroc\u00ednio\"}]},{\"@type\":\"WebSite\",\"@id\":\"https:\/\/www.padreeustaquio.com.br\/#website\",\"url\":\"https:\/\/www.padreeustaquio.com.br\/\",\"name\":\"Padre Eust\u00e1quio\",\"description\":\"Sa\u00fade e Paz\",\"publisher\":{\"@id\":\"https:\/\/www.padreeustaquio.com.br\/#organization\"},\"potentialAction\":[{\"@type\":\"SearchAction\",\"target\":{\"@type\":\"EntryPoint\",\"urlTemplate\":\"https:\/\/www.padreeustaquio.com.br\/?s={search_term_string}\"},\"query-input\":{\"@type\":\"PropertyValueSpecification\",\"valueRequired\":true,\"valueName\":\"search_term_string\"}}],\"inLanguage\":\"en-US\"},{\"@type\":\"Organization\",\"@id\":\"https:\/\/www.padreeustaquio.com.br\/#organization\",\"name\":\"Padre Eust\u00e1quio\",\"url\":\"https:\/\/www.padreeustaquio.com.br\/\",\"logo\":{\"@type\":\"ImageObject\",\"inLanguage\":\"en-US\",\"@id\":\"https:\/\/www.padreeustaquio.com.br\/#\/schema\/logo\/image\/\",\"url\":\"https:\/\/www.padreeustaquio.com.br\/wp-content\/uploads\/2019\/08\/marca.png\",\"contentUrl\":\"https:\/\/www.padreeustaquio.com.br\/wp-content\/uploads\/2019\/08\/marca.png\",\"width\":350,\"height\":400,\"caption\":\"Padre Eust\u00e1quio\"},\"image\":{\"@id\":\"https:\/\/www.padreeustaquio.com.br\/#\/schema\/logo\/image\/\"},\"sameAs\":[\"https:\/\/www.facebook.com\/beatopadreeustaquio\/\",\"https:\/\/x.com\/beatopeustaquio\",\"https:\/\/www.instagram.com\/beatopadreeustaquio\/\",\"https:\/\/www.youtube.com\/channel\/UCRhw7vfabnajwLxb1ZXMeIw\"]},{\"@type\":\"Person\",\"@id\":\"https:\/\/www.padreeustaquio.com.br\/#\/schema\/person\/a2a51db1d00f1a7af0204a0f1ddb1566\",\"name\":\"@sscc\",\"image\":{\"@type\":\"ImageObject\",\"inLanguage\":\"en-US\",\"@id\":\"https:\/\/secure.gravatar.com\/avatar\/68cfafa5f44617fea54071e215026e0ff06be366c3d54a8425f04fdcb86f8c5f?s=96&d=mm&r=g\",\"url\":\"https:\/\/secure.gravatar.com\/avatar\/68cfafa5f44617fea54071e215026e0ff06be366c3d54a8425f04fdcb86f8c5f?s=96&d=mm&r=g\",\"contentUrl\":\"https:\/\/secure.gravatar.com\/avatar\/68cfafa5f44617fea54071e215026e0ff06be366c3d54a8425f04fdcb86f8c5f?s=96&d=mm&r=g\",\"caption\":\"@sscc\"},\"url\":\"https:\/\/www.padreeustaquio.com.br\/en\/author\/sscc\/\"}]}<\/script>\n<!-- \/ Yoast SEO plugin. -->","yoast_head_json":{"title":"Vice-candidate gives lecture at the Patroc\u00ednio City Council.","description":"The vice-postulator of the Cause for Canonization of Father Eust\u00e1quio, Father Vin\u00edcius Maciel, sscc, participated yesterday in the Fraternity and Education Conference, held by the Municipal Chamber of Patroc\u00ednio, in the Alto Parana\u00edba region of Minas Gerais. The event was in partnership with the Berlar Education Network and broadcast live by the Municipal Legislature.","robots":{"index":"index","follow":"follow","max-snippet":"max-snippet:-1","max-image-preview":"max-image-preview:large","max-video-preview":"max-video-preview:-1"},"canonical":"https:\/\/www.padreeustaquio.com.br\/en\/vice-candidate-gives-a-speech-at-the-city-council-of-patrocinio\/","og_locale":"en_US","og_type":"article","og_title":"Vice-postulador faz palestra na C\u00e2mara Municipal de Patroc\u00ednio","og_description":"O vice-postulador da Causa de Canoniza\u00e7\u00e3o de Padre Eust\u00e1quio, Padre Vin\u00edcius Maciel, sscc, participou ontem da Confer\u00eancia Fraternidade e Educa\u00e7\u00e3o, realizada pela C\u00e2mara Municipal de Patroc\u00ednio, no Alto Parana\u00edba Mineiro. O evento foi em parceria com a Rede Berlar de Educa\u00e7\u00e3o e transmitido ao vivo pelo Legislativo Municipal.","og_url":"https:\/\/www.padreeustaquio.com.br\/en\/vice-candidate-gives-a-speech-at-the-city-council-of-patrocinio\/","og_site_name":"Padre Eust\u00e1quio","article_publisher":"https:\/\/www.facebook.com\/beatopadreeustaquio\/","article_published_time":"2022-03-18T12:13:30+00:00","article_modified_time":"2022-03-18T13:35:38+00:00","og_image":[{"width":2560,"height":1707,"url":"https:\/\/www.padreeustaquio.com.br\/wp-content\/uploads\/2022\/03\/palestra-patro-scaled.jpg","type":"image\/jpeg"}],"author":"@sscc","twitter_card":"summary_large_image","twitter_creator":"@beatopeustaquio","twitter_site":"@beatopeustaquio","twitter_misc":{"Written by":"@sscc","Est. reading time":"2 minutes"},"schema":{"@context":"https:\/\/schema.org","@graph":[{"@type":"Article","@id":"https:\/\/www.padreeustaquio.com.br\/vice-postulador-faz-palestra-na-camara-municipal-de-patrocinio\/#article","isPartOf":{"@id":"https:\/\/www.padreeustaquio.com.br\/vice-postulador-faz-palestra-na-camara-municipal-de-patrocinio\/"},"author":{"name":"@sscc","@id":"https:\/\/www.padreeustaquio.com.br\/#\/schema\/person\/a2a51db1d00f1a7af0204a0f1ddb1566"},"headline":"Vice-postulador faz palestra na C\u00e2mara Municipal de Patroc\u00ednio","datePublished":"2022-03-18T12:13:30+00:00","dateModified":"2022-03-18T13:35:38+00:00","mainEntityOfPage":{"@id":"https:\/\/www.padreeustaquio.com.br\/vice-postulador-faz-palestra-na-camara-municipal-de-patrocinio\/"},"wordCount":363,"commentCount":0,"publisher":{"@id":"https:\/\/www.padreeustaquio.com.br\/#organization"},"image":{"@id":"https:\/\/www.padreeustaquio.com.br\/vice-postulador-faz-palestra-na-camara-municipal-de-patrocinio\/#primaryimage"},"thumbnailUrl":"https:\/\/www.padreeustaquio.com.br\/wp-content\/uploads\/2022\/03\/palestra-patro-scaled.jpg","articleSection":["Not\u00edcias"],"inLanguage":"en-US","potentialAction":[{"@type":"CommentAction","name":"Comment","target":["https:\/\/www.padreeustaquio.com.br\/vice-postulador-faz-palestra-na-camara-municipal-de-patrocinio\/#respond"]}]},{"@type":"WebPage","@id":"https:\/\/www.padreeustaquio.com.br\/vice-postulador-faz-palestra-na-camara-municipal-de-patrocinio\/","url":"https:\/\/www.padreeustaquio.com.br\/vice-postulador-faz-palestra-na-camara-municipal-de-patrocinio\/","name":"Vice-candidate gives lecture at the Patroc\u00ednio City Council.","isPartOf":{"@id":"https:\/\/www.padreeustaquio.com.br\/#website"},"primaryImageOfPage":{"@id":"https:\/\/www.padreeustaquio.com.br\/vice-postulador-faz-palestra-na-camara-municipal-de-patrocinio\/#primaryimage"},"image":{"@id":"https:\/\/www.padreeustaquio.com.br\/vice-postulador-faz-palestra-na-camara-municipal-de-patrocinio\/#primaryimage"},"thumbnailUrl":"https:\/\/www.padreeustaquio.com.br\/wp-content\/uploads\/2022\/03\/palestra-patro-scaled.jpg","datePublished":"2022-03-18T12:13:30+00:00","dateModified":"2022-03-18T13:35:38+00:00","description":"The vice-postulator of the Cause for Canonization of Father Eust\u00e1quio, Father Vin\u00edcius Maciel, sscc, participated yesterday in the Fraternity and Education Conference, held by the Municipal Chamber of Patroc\u00ednio, in the Alto Parana\u00edba region of Minas Gerais. The event was in partnership with the Berlar Education Network and broadcast live by the Municipal Legislature.","breadcrumb":{"@id":"https:\/\/www.padreeustaquio.com.br\/vice-postulador-faz-palestra-na-camara-municipal-de-patrocinio\/#breadcrumb"},"inLanguage":"en-US","potentialAction":[{"@type":"ReadAction","target":["https:\/\/www.padreeustaquio.com.br\/vice-postulador-faz-palestra-na-camara-municipal-de-patrocinio\/"]}]},{"@type":"ImageObject","inLanguage":"en-US","@id":"https:\/\/www.padreeustaquio.com.br\/vice-postulador-faz-palestra-na-camara-municipal-de-patrocinio\/#primaryimage","url":"https:\/\/www.padreeustaquio.com.br\/wp-content\/uploads\/2022\/03\/palestra-patro-scaled.jpg","contentUrl":"https:\/\/www.padreeustaquio.com.br\/wp-content\/uploads\/2022\/03\/palestra-patro-scaled.jpg","width":2560,"height":1707},{"@type":"BreadcrumbList","@id":"https:\/\/www.padreeustaquio.com.br\/vice-postulador-faz-palestra-na-camara-municipal-de-patrocinio\/#breadcrumb","itemListElement":[{"@type":"ListItem","position":1,"name":"In\u00edcio","item":"https:\/\/www.padreeustaquio.com.br\/"},{"@type":"ListItem","position":2,"name":"Vice-postulador faz palestra na C\u00e2mara Municipal de Patroc\u00ednio"}]},{"@type":"WebSite","@id":"https:\/\/www.padreeustaquio.com.br\/#website","url":"https:\/\/www.padreeustaquio.com.br\/","name":"FATHER EUST\u00c1QUIO","description":"Health and Peace","publisher":{"@id":"https:\/\/www.padreeustaquio.com.br\/#organization"},"potentialAction":[{"@type":"SearchAction","target":{"@type":"EntryPoint","urlTemplate":"https:\/\/www.padreeustaquio.com.br\/?s={search_term_string}"},"query-input":{"@type":"PropertyValueSpecification","valueRequired":true,"valueName":"search_term_string"}}],"inLanguage":"en-US"},{"@type":"Organization","@id":"https:\/\/www.padreeustaquio.com.br\/#organization","name":"FATHER EUST\u00c1QUIO","url":"https:\/\/www.padreeustaquio.com.br\/","logo":{"@type":"ImageObject","inLanguage":"en-US","@id":"https:\/\/www.padreeustaquio.com.br\/#\/schema\/logo\/image\/","url":"https:\/\/www.padreeustaquio.com.br\/wp-content\/uploads\/2019\/08\/marca.png","contentUrl":"https:\/\/www.padreeustaquio.com.br\/wp-content\/uploads\/2019\/08\/marca.png","width":350,"height":400,"caption":"Padre Eust\u00e1quio"},"image":{"@id":"https:\/\/www.padreeustaquio.com.br\/#\/schema\/logo\/image\/"},"sameAs":["https:\/\/www.facebook.com\/beatopadreeustaquio\/","https:\/\/x.com\/beatopeustaquio","https:\/\/www.instagram.com\/beatopadreeustaquio\/","https:\/\/www.youtube.com\/channel\/UCRhw7vfabnajwLxb1ZXMeIw"]},{"@type":"Person","@id":"https:\/\/www.padreeustaquio.com.br\/#\/schema\/person\/a2a51db1d00f1a7af0204a0f1ddb1566","name":"@sscc","image":{"@type":"ImageObject","inLanguage":"en-US","@id":"https:\/\/secure.gravatar.com\/avatar\/68cfafa5f44617fea54071e215026e0ff06be366c3d54a8425f04fdcb86f8c5f?s=96&d=mm&r=g","url":"https:\/\/secure.gravatar.com\/avatar\/68cfafa5f44617fea54071e215026e0ff06be366c3d54a8425f04fdcb86f8c5f?s=96&d=mm&r=g","contentUrl":"https:\/\/secure.gravatar.com\/avatar\/68cfafa5f44617fea54071e215026e0ff06be366c3d54a8425f04fdcb86f8c5f?s=96&d=mm&r=g","caption":"@sscc"},"url":"https:\/\/www.padreeustaquio.com.br\/en\/author\/sscc\/"}]}},"_links":{"self":[{"href":"https:\/\/www.padreeustaquio.com.br\/en\/wp-json\/wp\/v2\/posts\/8300","targetHints":{"allow":["GET"]}}],"collection":[{"href":"https:\/\/www.padreeustaquio.com.br\/en\/wp-json\/wp\/v2\/posts"}],"about":[{"href":"https:\/\/www.padreeustaquio.com.br\/en\/wp-json\/wp\/v2\/types\/post"}],"author":[{"embeddable":true,"href":"https:\/\/www.padreeustaquio.com.br\/en\/wp-json\/wp\/v2\/users\/2"}],"replies":[{"embeddable":true,"href":"https:\/\/www.padreeustaquio.com.br\/en\/wp-json\/wp\/v2\/comments?post=8300"}],"version-history":[{"count":0,"href":"https:\/\/www.padreeustaquio.com.br\/en\/wp-json\/wp\/v2\/posts\/8300\/revisions"}],"wp:featuredmedia":[{"embeddable":true,"href":"https:\/\/www.padreeustaquio.com.br\/en\/wp-json\/wp\/v2\/media\/8301"}],"wp:attachment":[{"href":"https:\/\/www.padreeustaquio.com.br\/en\/wp-json\/wp\/v2\/media?parent=8300"}],"wp:term":[{"taxonomy":"category","embeddable":true,"href":"https:\/\/www.padreeustaquio.com.br\/en\/wp-json\/wp\/v2\/categories?post=8300"},{"taxonomy":"post_tag","embeddable":true,"href":"https:\/\/www.padreeustaquio.com.br\/en\/wp-json\/wp\/v2\/tags?post=8300"}],"curies":[{"name":"wp","href":"https:\/\/api.w.org\/{rel}","templated":true}]}}