{"id":8288,"date":"2022-03-17T06:00:00","date_gmt":"2022-03-17T09:00:00","guid":{"rendered":"https:\/\/www.padreeustaquio.com.br\/?p=8288"},"modified":"2022-03-16T14:10:34","modified_gmt":"2022-03-16T17:10:34","slug":"words-of-father-eustace-saint-joseph-the-patron-saint-of-the-church","status":"publish","type":"post","link":"https:\/\/www.padreeustaquio.com.br\/en\/words-of-father-eustace-saint-joseph-the-patron-saint-of-the-church\/","title":{"rendered":"Words of Father Eust\u00e1quio: Saint Joseph, the patron saint of the Church"},"content":{"rendered":"<p>Father Eust\u00e1quio nurtured a great devotion to Saint Joseph throughout his life. Among his personal belongings, we find much material related to the Patron Saint of the Church, including engravings, prayers, and numerous texts.<\/p>\n\n\n\n<p>And in one of these texts, Father Eust\u00e1quio speaks about the importance of Saint Joseph within the Holy Family and how proud he was to be the adoptive father of the Son of God.<\/p>\n\n\n\n<p>Read the full text published in the bulletin of the Sacred Hearts Parish on March 24, 1946:<\/p>\n\n\n\n<p><em>\u201cWe know of no holier names than the names \u2013 Jesus, Mary, Joseph. This order of names already indicates the prominent place that Saint Joseph occupies in the kingdom of God. Let us consider Saint Joseph as head of the family. Saint Joseph is the husband of the Blessed Virgin Mary. The Holy Fathers declare that God wished to give her a husband to safeguard her honor, to keep the secret of the divine nature of Jesus, until the hour determined by Divine Providence, to always be the consolation and support of Our Lady. A foster father was necessary to form an exemplary family for all Christian families.\u201d.<\/em><\/p>\n\n\n\n<p><em>Foster father! What an honor for Saint Joseph to be called by the sweet name of father by his son Jesus! Our Lady also spoke of this when she said: \u201cYour father and I are looking for you.\u201d The evangelists call him Father, and in truth Saint Joseph fulfilled all the duties of a father towards Jesus. The Lord of the Universe allowed himself to be carried, guided, and clothed by such a humble man: Saint Joseph! Saint Joseph not only had the duties of a father, but also the rights. Christ obeyed the words of Saint Joseph!<\/em><\/p>\n\n\n\n<p><em>When the young men of Emmaus, who had spent little time in the company of Jesus, said that their hearts burned within them, how intensely must the heart of Saint Joseph have burned! He enjoyed the company of Jesus for so many years. Let us cherish Saint Joseph as the Patron of Christendom.<\/em><\/p>\n\n\n\n<p><em>Sacred Scripture says: Joseph was a just man. What does it mean to be just? First of all: to give to each his due. The Roman Emperor calls him to Bethlehem, he goes\u2026 the voice of God calls him to Egypt, he goes\u2026 The just man avoids evil, he does good. Wouldn&#039;t Saint Joseph, in the company of Jesus and Mary, have done this?<\/em><\/p>\n\n\n\n<p><em>Let us contemplate his holy death. The death of the saints is precious in the eyes of the Lord. Blessed are those who die in the Lord. Saint Joseph died in the arms of Jesus and Mary. Therefore, we invoke Saint Joseph as the Patron of the dying.<\/em><\/p>\n\n\n\n<p><em>Let us consider the great glory and power of Saint Joseph in heaven. Holiness is all the greater the closer one is to Jesus, the more service we render to Jesus and Mary. As the foster father of Jesus, as the husband of Mary, he worked only for their holy persons and, therefore, was placed so high in heaven and possesses such great power and such effective intercession. Saint Teresa and Saint Bernardino testify that they never went to Saint Joseph without being heard. \u201cGo to Joseph\u201d is his constant advice. Let us choose Saint Joseph as our Patron, as the one who enlightens, intercedes for us, and helps us.\u201d<\/em><\/p>\n\n\n\n<p><\/p>","protected":false},"excerpt":{"rendered":"<p>Padre Eust\u00e1quio nutriu em toda sua vida uma grande devo\u00e7\u00e3o a S\u00e3o Jos\u00e9. Em seus pertences pessoais encontramos muito material ligado ao Patrono da Igreja. S\u00e3o gravuras, ora\u00e7\u00f5es e muitos textos. E em um desses textos, Padre Eust\u00e1quio fala sobre a import\u00e2ncia de S\u00e3o Jos\u00e9 dentro da Sagrada Fam\u00edlia e como foi para ele o orgulho de ser o Pai adotivo do Filho de Deus. Leia na \u00edntegra o texto publicado no boletim da Par\u00f3quia dos Sagrados Cora\u00e7\u00f5es no dia 24 de mar\u00e7o de 1946: &#8220;N\u00e3o conhecemos nomes mais santos, que os nomes \u2013 Jesus, Maria, Jos\u00e9. Esta ordem dos [&hellip;]<\/p>\n","protected":false},"author":2,"featured_media":8289,"comment_status":"open","ping_status":"closed","sticky":false,"template":"","format":"standard","meta":{"_acf_changed":false,"footnotes":""},"categories":[611],"tags":[],"class_list":["post-8288","post","type-post","status-publish","format-standard","has-post-thumbnail","hentry","category-noticias"],"acf":[],"yoast_head":"<!-- This site is optimized with the Yoast SEO plugin v27.2 - https:\/\/yoast.com\/product\/yoast-seo-wordpress\/ -->\n<title>Palavras do Padre Eust\u00e1quio: S\u00e3o Jos\u00e9, o patrono da Igreja - Padre Eust\u00e1quio<\/title>\n<meta name=\"robots\" content=\"index, follow, max-snippet:-1, max-image-preview:large, max-video-preview:-1\" \/>\n<link rel=\"canonical\" href=\"https:\/\/www.padreeustaquio.com.br\/en\/words-of-father-eustace-saint-joseph-the-patron-saint-of-the-church\/\" \/>\n<meta property=\"og:locale\" content=\"en_US\" \/>\n<meta property=\"og:type\" content=\"article\" \/>\n<meta property=\"og:title\" content=\"Palavras do Padre Eust\u00e1quio: S\u00e3o Jos\u00e9, o patrono da Igreja - Padre Eust\u00e1quio\" \/>\n<meta property=\"og:description\" content=\"Padre Eust\u00e1quio nutriu em toda sua vida uma grande devo\u00e7\u00e3o a S\u00e3o Jos\u00e9. Em seus pertences pessoais encontramos muito material ligado ao Patrono da Igreja. S\u00e3o gravuras, ora\u00e7\u00f5es e muitos textos. E em um desses textos, Padre Eust\u00e1quio fala sobre a import\u00e2ncia de S\u00e3o Jos\u00e9 dentro da Sagrada Fam\u00edlia e como foi para ele o orgulho de ser o Pai adotivo do Filho de Deus. Leia na \u00edntegra o texto publicado no boletim da Par\u00f3quia dos Sagrados Cora\u00e7\u00f5es no dia 24 de mar\u00e7o de 1946: &#8220;N\u00e3o conhecemos nomes mais santos, que os nomes \u2013 Jesus, Maria, Jos\u00e9. Esta ordem dos [&hellip;]\" \/>\n<meta property=\"og:url\" content=\"https:\/\/www.padreeustaquio.com.br\/en\/words-of-father-eustace-saint-joseph-the-patron-saint-of-the-church\/\" \/>\n<meta property=\"og:site_name\" content=\"Padre Eust\u00e1quio\" \/>\n<meta property=\"article:publisher\" content=\"https:\/\/www.facebook.com\/beatopadreeustaquio\/\" \/>\n<meta property=\"article:published_time\" content=\"2022-03-17T09:00:00+00:00\" \/>\n<meta property=\"og:image\" content=\"https:\/\/www.padreeustaquio.com.br\/wp-content\/uploads\/2022\/03\/0023-scaled.jpg\" \/>\n\t<meta property=\"og:image:width\" content=\"2560\" \/>\n\t<meta property=\"og:image:height\" content=\"1755\" \/>\n\t<meta property=\"og:image:type\" content=\"image\/jpeg\" \/>\n<meta name=\"author\" content=\"@sscc\" \/>\n<meta name=\"twitter:card\" content=\"summary_large_image\" \/>\n<meta name=\"twitter:creator\" content=\"@beatopeustaquio\" \/>\n<meta name=\"twitter:site\" content=\"@beatopeustaquio\" \/>\n<meta name=\"twitter:label1\" content=\"Written by\" \/>\n\t<meta name=\"twitter:data1\" content=\"@sscc\" \/>\n\t<meta name=\"twitter:label2\" content=\"Est. reading time\" \/>\n\t<meta name=\"twitter:data2\" content=\"3 minutes\" \/>\n<script type=\"application\/ld+json\" class=\"yoast-schema-graph\">{\"@context\":\"https:\/\/schema.org\",\"@graph\":[{\"@type\":\"Article\",\"@id\":\"https:\/\/www.padreeustaquio.com.br\/palavras-do-padre-eustaquio-sao-jose-o-patrono-da-igreja\/#article\",\"isPartOf\":{\"@id\":\"https:\/\/www.padreeustaquio.com.br\/palavras-do-padre-eustaquio-sao-jose-o-patrono-da-igreja\/\"},\"author\":{\"name\":\"@sscc\",\"@id\":\"https:\/\/www.padreeustaquio.com.br\/#\/schema\/person\/a2a51db1d00f1a7af0204a0f1ddb1566\"},\"headline\":\"Palavras do Padre Eust\u00e1quio: S\u00e3o Jos\u00e9, o patrono da Igreja\",\"datePublished\":\"2022-03-17T09:00:00+00:00\",\"mainEntityOfPage\":{\"@id\":\"https:\/\/www.padreeustaquio.com.br\/palavras-do-padre-eustaquio-sao-jose-o-patrono-da-igreja\/\"},\"wordCount\":583,\"commentCount\":0,\"publisher\":{\"@id\":\"https:\/\/www.padreeustaquio.com.br\/#organization\"},\"image\":{\"@id\":\"https:\/\/www.padreeustaquio.com.br\/palavras-do-padre-eustaquio-sao-jose-o-patrono-da-igreja\/#primaryimage\"},\"thumbnailUrl\":\"https:\/\/www.padreeustaquio.com.br\/wp-content\/uploads\/2022\/03\/0023-scaled.jpg\",\"articleSection\":[\"Not\u00edcias\"],\"inLanguage\":\"en-US\",\"potentialAction\":[{\"@type\":\"CommentAction\",\"name\":\"Comment\",\"target\":[\"https:\/\/www.padreeustaquio.com.br\/palavras-do-padre-eustaquio-sao-jose-o-patrono-da-igreja\/#respond\"]}]},{\"@type\":\"WebPage\",\"@id\":\"https:\/\/www.padreeustaquio.com.br\/palavras-do-padre-eustaquio-sao-jose-o-patrono-da-igreja\/\",\"url\":\"https:\/\/www.padreeustaquio.com.br\/palavras-do-padre-eustaquio-sao-jose-o-patrono-da-igreja\/\",\"name\":\"Palavras do Padre Eust\u00e1quio: S\u00e3o Jos\u00e9, o patrono da Igreja - Padre Eust\u00e1quio\",\"isPartOf\":{\"@id\":\"https:\/\/www.padreeustaquio.com.br\/#website\"},\"primaryImageOfPage\":{\"@id\":\"https:\/\/www.padreeustaquio.com.br\/palavras-do-padre-eustaquio-sao-jose-o-patrono-da-igreja\/#primaryimage\"},\"image\":{\"@id\":\"https:\/\/www.padreeustaquio.com.br\/palavras-do-padre-eustaquio-sao-jose-o-patrono-da-igreja\/#primaryimage\"},\"thumbnailUrl\":\"https:\/\/www.padreeustaquio.com.br\/wp-content\/uploads\/2022\/03\/0023-scaled.jpg\",\"datePublished\":\"2022-03-17T09:00:00+00:00\",\"breadcrumb\":{\"@id\":\"https:\/\/www.padreeustaquio.com.br\/palavras-do-padre-eustaquio-sao-jose-o-patrono-da-igreja\/#breadcrumb\"},\"inLanguage\":\"en-US\",\"potentialAction\":[{\"@type\":\"ReadAction\",\"target\":[\"https:\/\/www.padreeustaquio.com.br\/palavras-do-padre-eustaquio-sao-jose-o-patrono-da-igreja\/\"]}]},{\"@type\":\"ImageObject\",\"inLanguage\":\"en-US\",\"@id\":\"https:\/\/www.padreeustaquio.com.br\/palavras-do-padre-eustaquio-sao-jose-o-patrono-da-igreja\/#primaryimage\",\"url\":\"https:\/\/www.padreeustaquio.com.br\/wp-content\/uploads\/2022\/03\/0023-scaled.jpg\",\"contentUrl\":\"https:\/\/www.padreeustaquio.com.br\/wp-content\/uploads\/2022\/03\/0023-scaled.jpg\",\"width\":2560,\"height\":1755},{\"@type\":\"BreadcrumbList\",\"@id\":\"https:\/\/www.padreeustaquio.com.br\/palavras-do-padre-eustaquio-sao-jose-o-patrono-da-igreja\/#breadcrumb\",\"itemListElement\":[{\"@type\":\"ListItem\",\"position\":1,\"name\":\"In\u00edcio\",\"item\":\"https:\/\/www.padreeustaquio.com.br\/\"},{\"@type\":\"ListItem\",\"position\":2,\"name\":\"Palavras do Padre Eust\u00e1quio: S\u00e3o Jos\u00e9, o patrono da Igreja\"}]},{\"@type\":\"WebSite\",\"@id\":\"https:\/\/www.padreeustaquio.com.br\/#website\",\"url\":\"https:\/\/www.padreeustaquio.com.br\/\",\"name\":\"Padre Eust\u00e1quio\",\"description\":\"Sa\u00fade e Paz\",\"publisher\":{\"@id\":\"https:\/\/www.padreeustaquio.com.br\/#organization\"},\"potentialAction\":[{\"@type\":\"SearchAction\",\"target\":{\"@type\":\"EntryPoint\",\"urlTemplate\":\"https:\/\/www.padreeustaquio.com.br\/?s={search_term_string}\"},\"query-input\":{\"@type\":\"PropertyValueSpecification\",\"valueRequired\":true,\"valueName\":\"search_term_string\"}}],\"inLanguage\":\"en-US\"},{\"@type\":\"Organization\",\"@id\":\"https:\/\/www.padreeustaquio.com.br\/#organization\",\"name\":\"Padre Eust\u00e1quio\",\"url\":\"https:\/\/www.padreeustaquio.com.br\/\",\"logo\":{\"@type\":\"ImageObject\",\"inLanguage\":\"en-US\",\"@id\":\"https:\/\/www.padreeustaquio.com.br\/#\/schema\/logo\/image\/\",\"url\":\"https:\/\/www.padreeustaquio.com.br\/wp-content\/uploads\/2019\/08\/marca.png\",\"contentUrl\":\"https:\/\/www.padreeustaquio.com.br\/wp-content\/uploads\/2019\/08\/marca.png\",\"width\":350,\"height\":400,\"caption\":\"Padre Eust\u00e1quio\"},\"image\":{\"@id\":\"https:\/\/www.padreeustaquio.com.br\/#\/schema\/logo\/image\/\"},\"sameAs\":[\"https:\/\/www.facebook.com\/beatopadreeustaquio\/\",\"https:\/\/x.com\/beatopeustaquio\",\"https:\/\/www.instagram.com\/beatopadreeustaquio\/\",\"https:\/\/www.youtube.com\/channel\/UCRhw7vfabnajwLxb1ZXMeIw\"]},{\"@type\":\"Person\",\"@id\":\"https:\/\/www.padreeustaquio.com.br\/#\/schema\/person\/a2a51db1d00f1a7af0204a0f1ddb1566\",\"name\":\"@sscc\",\"image\":{\"@type\":\"ImageObject\",\"inLanguage\":\"en-US\",\"@id\":\"https:\/\/secure.gravatar.com\/avatar\/68cfafa5f44617fea54071e215026e0ff06be366c3d54a8425f04fdcb86f8c5f?s=96&d=mm&r=g\",\"url\":\"https:\/\/secure.gravatar.com\/avatar\/68cfafa5f44617fea54071e215026e0ff06be366c3d54a8425f04fdcb86f8c5f?s=96&d=mm&r=g\",\"contentUrl\":\"https:\/\/secure.gravatar.com\/avatar\/68cfafa5f44617fea54071e215026e0ff06be366c3d54a8425f04fdcb86f8c5f?s=96&d=mm&r=g\",\"caption\":\"@sscc\"},\"url\":\"https:\/\/www.padreeustaquio.com.br\/en\/author\/sscc\/\"}]}<\/script>\n<!-- \/ Yoast SEO plugin. -->","yoast_head_json":{"title":"Words of Father Eustace: Saint Joseph, the patron saint of the Church - Father Eustace","robots":{"index":"index","follow":"follow","max-snippet":"max-snippet:-1","max-image-preview":"max-image-preview:large","max-video-preview":"max-video-preview:-1"},"canonical":"https:\/\/www.padreeustaquio.com.br\/en\/words-of-father-eustace-saint-joseph-the-patron-saint-of-the-church\/","og_locale":"en_US","og_type":"article","og_title":"Palavras do Padre Eust\u00e1quio: S\u00e3o Jos\u00e9, o patrono da Igreja - Padre Eust\u00e1quio","og_description":"Padre Eust\u00e1quio nutriu em toda sua vida uma grande devo\u00e7\u00e3o a S\u00e3o Jos\u00e9. Em seus pertences pessoais encontramos muito material ligado ao Patrono da Igreja. S\u00e3o gravuras, ora\u00e7\u00f5es e muitos textos. E em um desses textos, Padre Eust\u00e1quio fala sobre a import\u00e2ncia de S\u00e3o Jos\u00e9 dentro da Sagrada Fam\u00edlia e como foi para ele o orgulho de ser o Pai adotivo do Filho de Deus. Leia na \u00edntegra o texto publicado no boletim da Par\u00f3quia dos Sagrados Cora\u00e7\u00f5es no dia 24 de mar\u00e7o de 1946: &#8220;N\u00e3o conhecemos nomes mais santos, que os nomes \u2013 Jesus, Maria, Jos\u00e9. Esta ordem dos [&hellip;]","og_url":"https:\/\/www.padreeustaquio.com.br\/en\/words-of-father-eustace-saint-joseph-the-patron-saint-of-the-church\/","og_site_name":"Padre Eust\u00e1quio","article_publisher":"https:\/\/www.facebook.com\/beatopadreeustaquio\/","article_published_time":"2022-03-17T09:00:00+00:00","og_image":[{"width":2560,"height":1755,"url":"https:\/\/www.padreeustaquio.com.br\/wp-content\/uploads\/2022\/03\/0023-scaled.jpg","type":"image\/jpeg"}],"author":"@sscc","twitter_card":"summary_large_image","twitter_creator":"@beatopeustaquio","twitter_site":"@beatopeustaquio","twitter_misc":{"Written by":"@sscc","Est. reading time":"3 minutes"},"schema":{"@context":"https:\/\/schema.org","@graph":[{"@type":"Article","@id":"https:\/\/www.padreeustaquio.com.br\/palavras-do-padre-eustaquio-sao-jose-o-patrono-da-igreja\/#article","isPartOf":{"@id":"https:\/\/www.padreeustaquio.com.br\/palavras-do-padre-eustaquio-sao-jose-o-patrono-da-igreja\/"},"author":{"name":"@sscc","@id":"https:\/\/www.padreeustaquio.com.br\/#\/schema\/person\/a2a51db1d00f1a7af0204a0f1ddb1566"},"headline":"Palavras do Padre Eust\u00e1quio: S\u00e3o Jos\u00e9, o patrono da Igreja","datePublished":"2022-03-17T09:00:00+00:00","mainEntityOfPage":{"@id":"https:\/\/www.padreeustaquio.com.br\/palavras-do-padre-eustaquio-sao-jose-o-patrono-da-igreja\/"},"wordCount":583,"commentCount":0,"publisher":{"@id":"https:\/\/www.padreeustaquio.com.br\/#organization"},"image":{"@id":"https:\/\/www.padreeustaquio.com.br\/palavras-do-padre-eustaquio-sao-jose-o-patrono-da-igreja\/#primaryimage"},"thumbnailUrl":"https:\/\/www.padreeustaquio.com.br\/wp-content\/uploads\/2022\/03\/0023-scaled.jpg","articleSection":["Not\u00edcias"],"inLanguage":"en-US","potentialAction":[{"@type":"CommentAction","name":"Comment","target":["https:\/\/www.padreeustaquio.com.br\/palavras-do-padre-eustaquio-sao-jose-o-patrono-da-igreja\/#respond"]}]},{"@type":"WebPage","@id":"https:\/\/www.padreeustaquio.com.br\/palavras-do-padre-eustaquio-sao-jose-o-patrono-da-igreja\/","url":"https:\/\/www.padreeustaquio.com.br\/palavras-do-padre-eustaquio-sao-jose-o-patrono-da-igreja\/","name":"Words of Father Eustace: Saint Joseph, the patron saint of the Church - Father Eustace","isPartOf":{"@id":"https:\/\/www.padreeustaquio.com.br\/#website"},"primaryImageOfPage":{"@id":"https:\/\/www.padreeustaquio.com.br\/palavras-do-padre-eustaquio-sao-jose-o-patrono-da-igreja\/#primaryimage"},"image":{"@id":"https:\/\/www.padreeustaquio.com.br\/palavras-do-padre-eustaquio-sao-jose-o-patrono-da-igreja\/#primaryimage"},"thumbnailUrl":"https:\/\/www.padreeustaquio.com.br\/wp-content\/uploads\/2022\/03\/0023-scaled.jpg","datePublished":"2022-03-17T09:00:00+00:00","breadcrumb":{"@id":"https:\/\/www.padreeustaquio.com.br\/palavras-do-padre-eustaquio-sao-jose-o-patrono-da-igreja\/#breadcrumb"},"inLanguage":"en-US","potentialAction":[{"@type":"ReadAction","target":["https:\/\/www.padreeustaquio.com.br\/palavras-do-padre-eustaquio-sao-jose-o-patrono-da-igreja\/"]}]},{"@type":"ImageObject","inLanguage":"en-US","@id":"https:\/\/www.padreeustaquio.com.br\/palavras-do-padre-eustaquio-sao-jose-o-patrono-da-igreja\/#primaryimage","url":"https:\/\/www.padreeustaquio.com.br\/wp-content\/uploads\/2022\/03\/0023-scaled.jpg","contentUrl":"https:\/\/www.padreeustaquio.com.br\/wp-content\/uploads\/2022\/03\/0023-scaled.jpg","width":2560,"height":1755},{"@type":"BreadcrumbList","@id":"https:\/\/www.padreeustaquio.com.br\/palavras-do-padre-eustaquio-sao-jose-o-patrono-da-igreja\/#breadcrumb","itemListElement":[{"@type":"ListItem","position":1,"name":"In\u00edcio","item":"https:\/\/www.padreeustaquio.com.br\/"},{"@type":"ListItem","position":2,"name":"Palavras do Padre Eust\u00e1quio: S\u00e3o Jos\u00e9, o patrono da Igreja"}]},{"@type":"WebSite","@id":"https:\/\/www.padreeustaquio.com.br\/#website","url":"https:\/\/www.padreeustaquio.com.br\/","name":"FATHER EUST\u00c1QUIO","description":"Health and Peace","publisher":{"@id":"https:\/\/www.padreeustaquio.com.br\/#organization"},"potentialAction":[{"@type":"SearchAction","target":{"@type":"EntryPoint","urlTemplate":"https:\/\/www.padreeustaquio.com.br\/?s={search_term_string}"},"query-input":{"@type":"PropertyValueSpecification","valueRequired":true,"valueName":"search_term_string"}}],"inLanguage":"en-US"},{"@type":"Organization","@id":"https:\/\/www.padreeustaquio.com.br\/#organization","name":"FATHER EUST\u00c1QUIO","url":"https:\/\/www.padreeustaquio.com.br\/","logo":{"@type":"ImageObject","inLanguage":"en-US","@id":"https:\/\/www.padreeustaquio.com.br\/#\/schema\/logo\/image\/","url":"https:\/\/www.padreeustaquio.com.br\/wp-content\/uploads\/2019\/08\/marca.png","contentUrl":"https:\/\/www.padreeustaquio.com.br\/wp-content\/uploads\/2019\/08\/marca.png","width":350,"height":400,"caption":"Padre Eust\u00e1quio"},"image":{"@id":"https:\/\/www.padreeustaquio.com.br\/#\/schema\/logo\/image\/"},"sameAs":["https:\/\/www.facebook.com\/beatopadreeustaquio\/","https:\/\/x.com\/beatopeustaquio","https:\/\/www.instagram.com\/beatopadreeustaquio\/","https:\/\/www.youtube.com\/channel\/UCRhw7vfabnajwLxb1ZXMeIw"]},{"@type":"Person","@id":"https:\/\/www.padreeustaquio.com.br\/#\/schema\/person\/a2a51db1d00f1a7af0204a0f1ddb1566","name":"@sscc","image":{"@type":"ImageObject","inLanguage":"en-US","@id":"https:\/\/secure.gravatar.com\/avatar\/68cfafa5f44617fea54071e215026e0ff06be366c3d54a8425f04fdcb86f8c5f?s=96&d=mm&r=g","url":"https:\/\/secure.gravatar.com\/avatar\/68cfafa5f44617fea54071e215026e0ff06be366c3d54a8425f04fdcb86f8c5f?s=96&d=mm&r=g","contentUrl":"https:\/\/secure.gravatar.com\/avatar\/68cfafa5f44617fea54071e215026e0ff06be366c3d54a8425f04fdcb86f8c5f?s=96&d=mm&r=g","caption":"@sscc"},"url":"https:\/\/www.padreeustaquio.com.br\/en\/author\/sscc\/"}]}},"_links":{"self":[{"href":"https:\/\/www.padreeustaquio.com.br\/en\/wp-json\/wp\/v2\/posts\/8288","targetHints":{"allow":["GET"]}}],"collection":[{"href":"https:\/\/www.padreeustaquio.com.br\/en\/wp-json\/wp\/v2\/posts"}],"about":[{"href":"https:\/\/www.padreeustaquio.com.br\/en\/wp-json\/wp\/v2\/types\/post"}],"author":[{"embeddable":true,"href":"https:\/\/www.padreeustaquio.com.br\/en\/wp-json\/wp\/v2\/users\/2"}],"replies":[{"embeddable":true,"href":"https:\/\/www.padreeustaquio.com.br\/en\/wp-json\/wp\/v2\/comments?post=8288"}],"version-history":[{"count":0,"href":"https:\/\/www.padreeustaquio.com.br\/en\/wp-json\/wp\/v2\/posts\/8288\/revisions"}],"wp:featuredmedia":[{"embeddable":true,"href":"https:\/\/www.padreeustaquio.com.br\/en\/wp-json\/wp\/v2\/media\/8289"}],"wp:attachment":[{"href":"https:\/\/www.padreeustaquio.com.br\/en\/wp-json\/wp\/v2\/media?parent=8288"}],"wp:term":[{"taxonomy":"category","embeddable":true,"href":"https:\/\/www.padreeustaquio.com.br\/en\/wp-json\/wp\/v2\/categories?post=8288"},{"taxonomy":"post_tag","embeddable":true,"href":"https:\/\/www.padreeustaquio.com.br\/en\/wp-json\/wp\/v2\/tags?post=8288"}],"curies":[{"name":"wp","href":"https:\/\/api.w.org\/{rel}","templated":true}]}}