{"id":8283,"date":"2022-03-16T13:57:18","date_gmt":"2022-03-16T16:57:18","guid":{"rendered":"https:\/\/www.padreeustaquio.com.br\/?p=8283"},"modified":"2022-03-16T13:59:41","modified_gmt":"2022-03-16T16:59:41","slug":"a-morning-of-lenten-retreat-will-be-held-at-the-padre-eustaquio-memorial","status":"publish","type":"post","link":"https:\/\/www.padreeustaquio.com.br\/en\/a-morning-of-lenten-retreat-will-be-held-at-the-padre-eustaquio-memorial\/","title":{"rendered":"A morning Lenten retreat will be held at the Padre Eust\u00e1quio Memorial."},"content":{"rendered":"<p>The Brothers of the Congregation of the Sacred Hearts in Belo Horizonte will be holding a Lenten Retreat open to the entire community next Saturday, the 19th. The meeting will take place at the Father Eust\u00e1quio Memorial, next to the Sanctuary of Health and Peace.<\/p>\n\n\n\n<p>Since it is the day the Church celebrates the Solemnity of Saint Joseph, a special Mass will be celebrated at 7:00 AM in honor of the Patron Saint of the Church. Immediately afterwards, at 8:00 AM, participants in the Holy Mass and the entire community will be invited to reflect on biblical passages and to engage in a moment of reflection regarding the penitential season that Lent holds for us.<\/p>\n\n\n\n<p>The meeting will be led by Brother Wanderson Souza, sscc, and is scheduled to end at 11:00 AM. No prior registration is required to participate in the retreat. The book that will be used for the reflections is already on sale at Padre Eust\u00e1quio&#039;s store for those who wish to follow along and have the meditations at home.<\/p>\n\n\n\n<p><\/p>","protected":false},"excerpt":{"rendered":"<p>Os Irm\u00e3os da Congrega\u00e7\u00e3o dos Sagrados Cora\u00e7\u00f5es em Belo Horizonte v\u00e3o promover, no pr\u00f3ximo s\u00e1bado, dia 19, um Retiro Quaresmal aberto \u00e0 toda a comunidade. O encontro ser\u00e1 no Memorial do Padre Eust\u00e1quio, anexo ao Santu\u00e1rio da Sa\u00fade e Paz. Por ser o dia em que a Igreja celebra a solenidade de S\u00e3o Jos\u00e9, uma missa especial ser\u00e1 celebrada \u00e0s 7h em honra ao Patrono da Igreja. Logo em seguida, \u00e0s 8h, os participantes da Santa Missa e toda a comunidade ser\u00e1 convidada a refletir passagens b\u00edblicas e a fazer momento de reflex\u00e3o entorno ao momento penitencial que a Quaresma [&hellip;]<\/p>\n","protected":false},"author":2,"featured_media":8284,"comment_status":"open","ping_status":"closed","sticky":false,"template":"","format":"standard","meta":{"_acf_changed":false,"footnotes":""},"categories":[611],"tags":[],"class_list":["post-8283","post","type-post","status-publish","format-standard","has-post-thumbnail","hentry","category-noticias"],"acf":[],"yoast_head":"<!-- This site is optimized with the Yoast SEO plugin v27.2 - https:\/\/yoast.com\/product\/yoast-seo-wordpress\/ -->\n<title>Manh\u00e3 de Retiro Quaresmal ser\u00e1 realizada no Memorial Padre Eust\u00e1quio<\/title>\n<meta name=\"description\" content=\"Os Irm\u00e3os da Congrega\u00e7\u00e3o dos Sagrados Cora\u00e7\u00f5es em Belo Horizonte v\u00e3o promover, no pr\u00f3ximo s\u00e1bado, dia 19, um Retiro Quaresmal aberto \u00e0 toda a comunidade. O encontro ser\u00e1 no Memorial do Padre Eust\u00e1quio, anexo ao Santu\u00e1rio da Sa\u00fade e Paz.\" \/>\n<meta name=\"robots\" content=\"index, follow, max-snippet:-1, max-image-preview:large, max-video-preview:-1\" \/>\n<link rel=\"canonical\" href=\"https:\/\/www.padreeustaquio.com.br\/en\/a-morning-of-lenten-retreat-will-be-held-at-the-padre-eustaquio-memorial\/\" \/>\n<meta property=\"og:locale\" content=\"en_US\" \/>\n<meta property=\"og:type\" content=\"article\" \/>\n<meta property=\"og:title\" content=\"Manh\u00e3 de Retiro Quaresmal ser\u00e1 realizada no Memorial Padre Eust\u00e1quio\" \/>\n<meta property=\"og:description\" content=\"Os Irm\u00e3os da Congrega\u00e7\u00e3o dos Sagrados Cora\u00e7\u00f5es em Belo Horizonte v\u00e3o promover, no pr\u00f3ximo s\u00e1bado, dia 19, um Retiro Quaresmal aberto \u00e0 toda a comunidade. O encontro ser\u00e1 no Memorial do Padre Eust\u00e1quio, anexo ao Santu\u00e1rio da Sa\u00fade e Paz.\" \/>\n<meta property=\"og:url\" content=\"https:\/\/www.padreeustaquio.com.br\/en\/a-morning-of-lenten-retreat-will-be-held-at-the-padre-eustaquio-memorial\/\" \/>\n<meta property=\"og:site_name\" content=\"Padre Eust\u00e1quio\" \/>\n<meta property=\"article:publisher\" content=\"https:\/\/www.facebook.com\/beatopadreeustaquio\/\" \/>\n<meta property=\"article:published_time\" content=\"2022-03-16T16:57:18+00:00\" \/>\n<meta property=\"article:modified_time\" content=\"2022-03-16T16:59:41+00:00\" \/>\n<meta property=\"og:image\" content=\"https:\/\/www.padreeustaquio.com.br\/wp-content\/uploads\/2022\/03\/WhatsApp-Image-2022-03-15-at-15.10.44.jpeg\" \/>\n\t<meta property=\"og:image:width\" content=\"1024\" \/>\n\t<meta property=\"og:image:height\" content=\"536\" \/>\n\t<meta property=\"og:image:type\" content=\"image\/jpeg\" \/>\n<meta name=\"author\" content=\"@sscc\" \/>\n<meta name=\"twitter:card\" content=\"summary_large_image\" \/>\n<meta name=\"twitter:creator\" content=\"@beatopeustaquio\" \/>\n<meta name=\"twitter:site\" content=\"@beatopeustaquio\" \/>\n<meta name=\"twitter:label1\" content=\"Written by\" \/>\n\t<meta name=\"twitter:data1\" content=\"@sscc\" \/>\n\t<meta name=\"twitter:label2\" content=\"Est. reading time\" \/>\n\t<meta name=\"twitter:data2\" content=\"1 minute\" \/>\n<script type=\"application\/ld+json\" class=\"yoast-schema-graph\">{\"@context\":\"https:\/\/schema.org\",\"@graph\":[{\"@type\":\"Article\",\"@id\":\"https:\/\/www.padreeustaquio.com.br\/manha-de-retiro-quaresmal-sera-realizada-no-memorial-padre-eustaquio\/#article\",\"isPartOf\":{\"@id\":\"https:\/\/www.padreeustaquio.com.br\/manha-de-retiro-quaresmal-sera-realizada-no-memorial-padre-eustaquio\/\"},\"author\":{\"name\":\"@sscc\",\"@id\":\"https:\/\/www.padreeustaquio.com.br\/#\/schema\/person\/a2a51db1d00f1a7af0204a0f1ddb1566\"},\"headline\":\"Manh\u00e3 de Retiro Quaresmal ser\u00e1 realizada no Memorial Padre Eust\u00e1quio\",\"datePublished\":\"2022-03-16T16:57:18+00:00\",\"dateModified\":\"2022-03-16T16:59:41+00:00\",\"mainEntityOfPage\":{\"@id\":\"https:\/\/www.padreeustaquio.com.br\/manha-de-retiro-quaresmal-sera-realizada-no-memorial-padre-eustaquio\/\"},\"wordCount\":187,\"commentCount\":0,\"publisher\":{\"@id\":\"https:\/\/www.padreeustaquio.com.br\/#organization\"},\"image\":{\"@id\":\"https:\/\/www.padreeustaquio.com.br\/manha-de-retiro-quaresmal-sera-realizada-no-memorial-padre-eustaquio\/#primaryimage\"},\"thumbnailUrl\":\"https:\/\/www.padreeustaquio.com.br\/wp-content\/uploads\/2022\/03\/WhatsApp-Image-2022-03-15-at-15.10.44.jpeg\",\"articleSection\":[\"Not\u00edcias\"],\"inLanguage\":\"en-US\",\"potentialAction\":[{\"@type\":\"CommentAction\",\"name\":\"Comment\",\"target\":[\"https:\/\/www.padreeustaquio.com.br\/manha-de-retiro-quaresmal-sera-realizada-no-memorial-padre-eustaquio\/#respond\"]}]},{\"@type\":\"WebPage\",\"@id\":\"https:\/\/www.padreeustaquio.com.br\/manha-de-retiro-quaresmal-sera-realizada-no-memorial-padre-eustaquio\/\",\"url\":\"https:\/\/www.padreeustaquio.com.br\/manha-de-retiro-quaresmal-sera-realizada-no-memorial-padre-eustaquio\/\",\"name\":\"Manh\u00e3 de Retiro Quaresmal ser\u00e1 realizada no Memorial Padre Eust\u00e1quio\",\"isPartOf\":{\"@id\":\"https:\/\/www.padreeustaquio.com.br\/#website\"},\"primaryImageOfPage\":{\"@id\":\"https:\/\/www.padreeustaquio.com.br\/manha-de-retiro-quaresmal-sera-realizada-no-memorial-padre-eustaquio\/#primaryimage\"},\"image\":{\"@id\":\"https:\/\/www.padreeustaquio.com.br\/manha-de-retiro-quaresmal-sera-realizada-no-memorial-padre-eustaquio\/#primaryimage\"},\"thumbnailUrl\":\"https:\/\/www.padreeustaquio.com.br\/wp-content\/uploads\/2022\/03\/WhatsApp-Image-2022-03-15-at-15.10.44.jpeg\",\"datePublished\":\"2022-03-16T16:57:18+00:00\",\"dateModified\":\"2022-03-16T16:59:41+00:00\",\"description\":\"Os Irm\u00e3os da Congrega\u00e7\u00e3o dos Sagrados Cora\u00e7\u00f5es em Belo Horizonte v\u00e3o promover, no pr\u00f3ximo s\u00e1bado, dia 19, um Retiro Quaresmal aberto \u00e0 toda a comunidade. O encontro ser\u00e1 no Memorial do Padre Eust\u00e1quio, anexo ao Santu\u00e1rio da Sa\u00fade e Paz.\",\"breadcrumb\":{\"@id\":\"https:\/\/www.padreeustaquio.com.br\/manha-de-retiro-quaresmal-sera-realizada-no-memorial-padre-eustaquio\/#breadcrumb\"},\"inLanguage\":\"en-US\",\"potentialAction\":[{\"@type\":\"ReadAction\",\"target\":[\"https:\/\/www.padreeustaquio.com.br\/manha-de-retiro-quaresmal-sera-realizada-no-memorial-padre-eustaquio\/\"]}]},{\"@type\":\"ImageObject\",\"inLanguage\":\"en-US\",\"@id\":\"https:\/\/www.padreeustaquio.com.br\/manha-de-retiro-quaresmal-sera-realizada-no-memorial-padre-eustaquio\/#primaryimage\",\"url\":\"https:\/\/www.padreeustaquio.com.br\/wp-content\/uploads\/2022\/03\/WhatsApp-Image-2022-03-15-at-15.10.44.jpeg\",\"contentUrl\":\"https:\/\/www.padreeustaquio.com.br\/wp-content\/uploads\/2022\/03\/WhatsApp-Image-2022-03-15-at-15.10.44.jpeg\",\"width\":1024,\"height\":536},{\"@type\":\"BreadcrumbList\",\"@id\":\"https:\/\/www.padreeustaquio.com.br\/manha-de-retiro-quaresmal-sera-realizada-no-memorial-padre-eustaquio\/#breadcrumb\",\"itemListElement\":[{\"@type\":\"ListItem\",\"position\":1,\"name\":\"In\u00edcio\",\"item\":\"https:\/\/www.padreeustaquio.com.br\/\"},{\"@type\":\"ListItem\",\"position\":2,\"name\":\"Manh\u00e3 de Retiro Quaresmal ser\u00e1 realizada no Memorial Padre Eust\u00e1quio\"}]},{\"@type\":\"WebSite\",\"@id\":\"https:\/\/www.padreeustaquio.com.br\/#website\",\"url\":\"https:\/\/www.padreeustaquio.com.br\/\",\"name\":\"Padre Eust\u00e1quio\",\"description\":\"Sa\u00fade e Paz\",\"publisher\":{\"@id\":\"https:\/\/www.padreeustaquio.com.br\/#organization\"},\"potentialAction\":[{\"@type\":\"SearchAction\",\"target\":{\"@type\":\"EntryPoint\",\"urlTemplate\":\"https:\/\/www.padreeustaquio.com.br\/?s={search_term_string}\"},\"query-input\":{\"@type\":\"PropertyValueSpecification\",\"valueRequired\":true,\"valueName\":\"search_term_string\"}}],\"inLanguage\":\"en-US\"},{\"@type\":\"Organization\",\"@id\":\"https:\/\/www.padreeustaquio.com.br\/#organization\",\"name\":\"Padre Eust\u00e1quio\",\"url\":\"https:\/\/www.padreeustaquio.com.br\/\",\"logo\":{\"@type\":\"ImageObject\",\"inLanguage\":\"en-US\",\"@id\":\"https:\/\/www.padreeustaquio.com.br\/#\/schema\/logo\/image\/\",\"url\":\"https:\/\/www.padreeustaquio.com.br\/wp-content\/uploads\/2019\/08\/marca.png\",\"contentUrl\":\"https:\/\/www.padreeustaquio.com.br\/wp-content\/uploads\/2019\/08\/marca.png\",\"width\":350,\"height\":400,\"caption\":\"Padre Eust\u00e1quio\"},\"image\":{\"@id\":\"https:\/\/www.padreeustaquio.com.br\/#\/schema\/logo\/image\/\"},\"sameAs\":[\"https:\/\/www.facebook.com\/beatopadreeustaquio\/\",\"https:\/\/x.com\/beatopeustaquio\",\"https:\/\/www.instagram.com\/beatopadreeustaquio\/\",\"https:\/\/www.youtube.com\/channel\/UCRhw7vfabnajwLxb1ZXMeIw\"]},{\"@type\":\"Person\",\"@id\":\"https:\/\/www.padreeustaquio.com.br\/#\/schema\/person\/a2a51db1d00f1a7af0204a0f1ddb1566\",\"name\":\"@sscc\",\"image\":{\"@type\":\"ImageObject\",\"inLanguage\":\"en-US\",\"@id\":\"https:\/\/secure.gravatar.com\/avatar\/68cfafa5f44617fea54071e215026e0ff06be366c3d54a8425f04fdcb86f8c5f?s=96&d=mm&r=g\",\"url\":\"https:\/\/secure.gravatar.com\/avatar\/68cfafa5f44617fea54071e215026e0ff06be366c3d54a8425f04fdcb86f8c5f?s=96&d=mm&r=g\",\"contentUrl\":\"https:\/\/secure.gravatar.com\/avatar\/68cfafa5f44617fea54071e215026e0ff06be366c3d54a8425f04fdcb86f8c5f?s=96&d=mm&r=g\",\"caption\":\"@sscc\"},\"url\":\"https:\/\/www.padreeustaquio.com.br\/en\/author\/sscc\/\"}]}<\/script>\n<!-- \/ Yoast SEO plugin. -->","yoast_head_json":{"title":"A morning Lenten retreat will be held at the Padre Eust\u00e1quio Memorial.","description":"The Brothers of the Congregation of the Sacred Hearts in Belo Horizonte will be holding a Lenten Retreat open to the entire community next Saturday, the 19th. The meeting will take place at the Father Eust\u00e1quio Memorial, next to the Sanctuary of Health and Peace.","robots":{"index":"index","follow":"follow","max-snippet":"max-snippet:-1","max-image-preview":"max-image-preview:large","max-video-preview":"max-video-preview:-1"},"canonical":"https:\/\/www.padreeustaquio.com.br\/en\/a-morning-of-lenten-retreat-will-be-held-at-the-padre-eustaquio-memorial\/","og_locale":"en_US","og_type":"article","og_title":"Manh\u00e3 de Retiro Quaresmal ser\u00e1 realizada no Memorial Padre Eust\u00e1quio","og_description":"Os Irm\u00e3os da Congrega\u00e7\u00e3o dos Sagrados Cora\u00e7\u00f5es em Belo Horizonte v\u00e3o promover, no pr\u00f3ximo s\u00e1bado, dia 19, um Retiro Quaresmal aberto \u00e0 toda a comunidade. O encontro ser\u00e1 no Memorial do Padre Eust\u00e1quio, anexo ao Santu\u00e1rio da Sa\u00fade e Paz.","og_url":"https:\/\/www.padreeustaquio.com.br\/en\/a-morning-of-lenten-retreat-will-be-held-at-the-padre-eustaquio-memorial\/","og_site_name":"Padre Eust\u00e1quio","article_publisher":"https:\/\/www.facebook.com\/beatopadreeustaquio\/","article_published_time":"2022-03-16T16:57:18+00:00","article_modified_time":"2022-03-16T16:59:41+00:00","og_image":[{"width":1024,"height":536,"url":"https:\/\/www.padreeustaquio.com.br\/wp-content\/uploads\/2022\/03\/WhatsApp-Image-2022-03-15-at-15.10.44.jpeg","type":"image\/jpeg"}],"author":"@sscc","twitter_card":"summary_large_image","twitter_creator":"@beatopeustaquio","twitter_site":"@beatopeustaquio","twitter_misc":{"Written by":"@sscc","Est. reading time":"1 minute"},"schema":{"@context":"https:\/\/schema.org","@graph":[{"@type":"Article","@id":"https:\/\/www.padreeustaquio.com.br\/manha-de-retiro-quaresmal-sera-realizada-no-memorial-padre-eustaquio\/#article","isPartOf":{"@id":"https:\/\/www.padreeustaquio.com.br\/manha-de-retiro-quaresmal-sera-realizada-no-memorial-padre-eustaquio\/"},"author":{"name":"@sscc","@id":"https:\/\/www.padreeustaquio.com.br\/#\/schema\/person\/a2a51db1d00f1a7af0204a0f1ddb1566"},"headline":"Manh\u00e3 de Retiro Quaresmal ser\u00e1 realizada no Memorial Padre Eust\u00e1quio","datePublished":"2022-03-16T16:57:18+00:00","dateModified":"2022-03-16T16:59:41+00:00","mainEntityOfPage":{"@id":"https:\/\/www.padreeustaquio.com.br\/manha-de-retiro-quaresmal-sera-realizada-no-memorial-padre-eustaquio\/"},"wordCount":187,"commentCount":0,"publisher":{"@id":"https:\/\/www.padreeustaquio.com.br\/#organization"},"image":{"@id":"https:\/\/www.padreeustaquio.com.br\/manha-de-retiro-quaresmal-sera-realizada-no-memorial-padre-eustaquio\/#primaryimage"},"thumbnailUrl":"https:\/\/www.padreeustaquio.com.br\/wp-content\/uploads\/2022\/03\/WhatsApp-Image-2022-03-15-at-15.10.44.jpeg","articleSection":["Not\u00edcias"],"inLanguage":"en-US","potentialAction":[{"@type":"CommentAction","name":"Comment","target":["https:\/\/www.padreeustaquio.com.br\/manha-de-retiro-quaresmal-sera-realizada-no-memorial-padre-eustaquio\/#respond"]}]},{"@type":"WebPage","@id":"https:\/\/www.padreeustaquio.com.br\/manha-de-retiro-quaresmal-sera-realizada-no-memorial-padre-eustaquio\/","url":"https:\/\/www.padreeustaquio.com.br\/manha-de-retiro-quaresmal-sera-realizada-no-memorial-padre-eustaquio\/","name":"A morning Lenten retreat will be held at the Padre Eust\u00e1quio Memorial.","isPartOf":{"@id":"https:\/\/www.padreeustaquio.com.br\/#website"},"primaryImageOfPage":{"@id":"https:\/\/www.padreeustaquio.com.br\/manha-de-retiro-quaresmal-sera-realizada-no-memorial-padre-eustaquio\/#primaryimage"},"image":{"@id":"https:\/\/www.padreeustaquio.com.br\/manha-de-retiro-quaresmal-sera-realizada-no-memorial-padre-eustaquio\/#primaryimage"},"thumbnailUrl":"https:\/\/www.padreeustaquio.com.br\/wp-content\/uploads\/2022\/03\/WhatsApp-Image-2022-03-15-at-15.10.44.jpeg","datePublished":"2022-03-16T16:57:18+00:00","dateModified":"2022-03-16T16:59:41+00:00","description":"The Brothers of the Congregation of the Sacred Hearts in Belo Horizonte will be holding a Lenten Retreat open to the entire community next Saturday, the 19th. The meeting will take place at the Father Eust\u00e1quio Memorial, next to the Sanctuary of Health and Peace.","breadcrumb":{"@id":"https:\/\/www.padreeustaquio.com.br\/manha-de-retiro-quaresmal-sera-realizada-no-memorial-padre-eustaquio\/#breadcrumb"},"inLanguage":"en-US","potentialAction":[{"@type":"ReadAction","target":["https:\/\/www.padreeustaquio.com.br\/manha-de-retiro-quaresmal-sera-realizada-no-memorial-padre-eustaquio\/"]}]},{"@type":"ImageObject","inLanguage":"en-US","@id":"https:\/\/www.padreeustaquio.com.br\/manha-de-retiro-quaresmal-sera-realizada-no-memorial-padre-eustaquio\/#primaryimage","url":"https:\/\/www.padreeustaquio.com.br\/wp-content\/uploads\/2022\/03\/WhatsApp-Image-2022-03-15-at-15.10.44.jpeg","contentUrl":"https:\/\/www.padreeustaquio.com.br\/wp-content\/uploads\/2022\/03\/WhatsApp-Image-2022-03-15-at-15.10.44.jpeg","width":1024,"height":536},{"@type":"BreadcrumbList","@id":"https:\/\/www.padreeustaquio.com.br\/manha-de-retiro-quaresmal-sera-realizada-no-memorial-padre-eustaquio\/#breadcrumb","itemListElement":[{"@type":"ListItem","position":1,"name":"In\u00edcio","item":"https:\/\/www.padreeustaquio.com.br\/"},{"@type":"ListItem","position":2,"name":"Manh\u00e3 de Retiro Quaresmal ser\u00e1 realizada no Memorial Padre Eust\u00e1quio"}]},{"@type":"WebSite","@id":"https:\/\/www.padreeustaquio.com.br\/#website","url":"https:\/\/www.padreeustaquio.com.br\/","name":"FATHER EUST\u00c1QUIO","description":"Health and Peace","publisher":{"@id":"https:\/\/www.padreeustaquio.com.br\/#organization"},"potentialAction":[{"@type":"SearchAction","target":{"@type":"EntryPoint","urlTemplate":"https:\/\/www.padreeustaquio.com.br\/?s={search_term_string}"},"query-input":{"@type":"PropertyValueSpecification","valueRequired":true,"valueName":"search_term_string"}}],"inLanguage":"en-US"},{"@type":"Organization","@id":"https:\/\/www.padreeustaquio.com.br\/#organization","name":"FATHER EUST\u00c1QUIO","url":"https:\/\/www.padreeustaquio.com.br\/","logo":{"@type":"ImageObject","inLanguage":"en-US","@id":"https:\/\/www.padreeustaquio.com.br\/#\/schema\/logo\/image\/","url":"https:\/\/www.padreeustaquio.com.br\/wp-content\/uploads\/2019\/08\/marca.png","contentUrl":"https:\/\/www.padreeustaquio.com.br\/wp-content\/uploads\/2019\/08\/marca.png","width":350,"height":400,"caption":"Padre Eust\u00e1quio"},"image":{"@id":"https:\/\/www.padreeustaquio.com.br\/#\/schema\/logo\/image\/"},"sameAs":["https:\/\/www.facebook.com\/beatopadreeustaquio\/","https:\/\/x.com\/beatopeustaquio","https:\/\/www.instagram.com\/beatopadreeustaquio\/","https:\/\/www.youtube.com\/channel\/UCRhw7vfabnajwLxb1ZXMeIw"]},{"@type":"Person","@id":"https:\/\/www.padreeustaquio.com.br\/#\/schema\/person\/a2a51db1d00f1a7af0204a0f1ddb1566","name":"@sscc","image":{"@type":"ImageObject","inLanguage":"en-US","@id":"https:\/\/secure.gravatar.com\/avatar\/68cfafa5f44617fea54071e215026e0ff06be366c3d54a8425f04fdcb86f8c5f?s=96&d=mm&r=g","url":"https:\/\/secure.gravatar.com\/avatar\/68cfafa5f44617fea54071e215026e0ff06be366c3d54a8425f04fdcb86f8c5f?s=96&d=mm&r=g","contentUrl":"https:\/\/secure.gravatar.com\/avatar\/68cfafa5f44617fea54071e215026e0ff06be366c3d54a8425f04fdcb86f8c5f?s=96&d=mm&r=g","caption":"@sscc"},"url":"https:\/\/www.padreeustaquio.com.br\/en\/author\/sscc\/"}]}},"_links":{"self":[{"href":"https:\/\/www.padreeustaquio.com.br\/en\/wp-json\/wp\/v2\/posts\/8283","targetHints":{"allow":["GET"]}}],"collection":[{"href":"https:\/\/www.padreeustaquio.com.br\/en\/wp-json\/wp\/v2\/posts"}],"about":[{"href":"https:\/\/www.padreeustaquio.com.br\/en\/wp-json\/wp\/v2\/types\/post"}],"author":[{"embeddable":true,"href":"https:\/\/www.padreeustaquio.com.br\/en\/wp-json\/wp\/v2\/users\/2"}],"replies":[{"embeddable":true,"href":"https:\/\/www.padreeustaquio.com.br\/en\/wp-json\/wp\/v2\/comments?post=8283"}],"version-history":[{"count":0,"href":"https:\/\/www.padreeustaquio.com.br\/en\/wp-json\/wp\/v2\/posts\/8283\/revisions"}],"wp:featuredmedia":[{"embeddable":true,"href":"https:\/\/www.padreeustaquio.com.br\/en\/wp-json\/wp\/v2\/media\/8284"}],"wp:attachment":[{"href":"https:\/\/www.padreeustaquio.com.br\/en\/wp-json\/wp\/v2\/media?parent=8283"}],"wp:term":[{"taxonomy":"category","embeddable":true,"href":"https:\/\/www.padreeustaquio.com.br\/en\/wp-json\/wp\/v2\/categories?post=8283"},{"taxonomy":"post_tag","embeddable":true,"href":"https:\/\/www.padreeustaquio.com.br\/en\/wp-json\/wp\/v2\/tags?post=8283"}],"curies":[{"name":"wp","href":"https:\/\/api.w.org\/{rel}","templated":true}]}}