{"id":8273,"date":"2022-03-15T06:06:00","date_gmt":"2022-03-15T09:06:00","guid":{"rendered":"https:\/\/www.padreeustaquio.com.br\/?p=8273"},"modified":"2022-03-15T09:36:39","modified_gmt":"2022-03-15T12:36:39","slug":"mass-at-father-eustaces-church-concludes-meeting-of-ministers-of-holy-communion","status":"publish","type":"post","link":"https:\/\/www.padreeustaquio.com.br\/en\/mass-at-father-eustaces-church-concludes-meeting-of-ministers-of-holy-communion\/","title":{"rendered":"Mass at Father Eust\u00e1quio&#039;s Church concludes Meeting of Ministers of Holy Communion"},"content":{"rendered":"<p>A Eucharistic Celebration held at the Sanctuary of Health and Peace, the Church of Blessed Father Eustace, concluded the formation meeting for Ministers of Holy Communion from the Deanery of Saint Francis of Assisi, episcopal region of Our Lady of Hope, which belongs to the Archdiocese of Belo Horizonte.<\/p>\n\n\n\n<p>The Mass, presided over by Dom Joaquim Mol, auxiliary bishop responsible for RENSE, was concelebrated by the vice-postulator of the Cause of Canonization of Father Eust\u00e1quio and rector of the Sanctuary, Father Vin\u00edcius Maciel, ss.cc, by the vicar forane, Friar C\u00e9sar Cardoso, OCD, and by Friar Odair Madero, OCD, who helped organize the meeting.<\/p>\n\n\n\n<p>Approximately 200 people from 10 parishes in the Deanery participated in the training, which was divided into four weeks. The lectures were given by the pastoralist and advisor to the Archdiocese of Belo Horizonte, Daniel Reis, at the Padre Eust\u00e1quio Theater, attached to the Sanctuary.<\/p>\n\n\n\n<p><\/p>","protected":false},"excerpt":{"rendered":"<p>Uma Celebra\u00e7\u00e3o Eucar\u00edstica realizada no Santu\u00e1rio da Sa\u00fade e Paz, a Igreja do Beato Padre Eust\u00e1quio, encerrou o encontro de forma\u00e7\u00e3o de Ministros da Sagrada Comunh\u00e3o, da Forania S\u00e3o Francisco das Chagas, regi\u00e3o episcopal Nossa Senhora da Esperan\u00e7a, que pertence \u00e0 Arquidiocese de Belo Horizonte. A Missa presidida por Dom Joaquim Mol, bispo auxiliar referencial para a RENSE, foi concelebrada pelo vice-postulador da Causa de Canoniza\u00e7\u00e3o do Padre Eust\u00e1quio e reitor do Santu\u00e1rio, Padre Vin\u00edcius Maciel, ss.cc, pelo vig\u00e1rio foraneo, Frei C\u00e9sar Cardoso, OCD e pelo Frei Odair Madero, OCD, que ajudou a organizar o encontro. Cerca de 200 pessoas [&hellip;]<\/p>\n","protected":false},"author":2,"featured_media":8274,"comment_status":"open","ping_status":"closed","sticky":false,"template":"","format":"standard","meta":{"_acf_changed":false,"footnotes":""},"categories":[611],"tags":[],"class_list":["post-8273","post","type-post","status-publish","format-standard","has-post-thumbnail","hentry","category-noticias"],"acf":[],"yoast_head":"<!-- This site is optimized with the Yoast SEO plugin v27.2 - https:\/\/yoast.com\/product\/yoast-seo-wordpress\/ -->\n<title>Missa na Igreja do Padre Eust\u00e1quio encerra Encontro de Ministros da Sagrada Comunh\u00e3o<\/title>\n<meta name=\"description\" content=\"Uma Celebra\u00e7\u00e3o Eucar\u00edstica realizada no Santu\u00e1rio da Sa\u00fade e Paz, a Igreja do Beato Padre Eust\u00e1quio, encerrou o encontro de forma\u00e7\u00e3o de Ministros da Sagrada Comunh\u00e3o, da Forania S\u00e3o Francisco das Chagas, regi\u00e3o episcopal Nossa Senhora da Esperan\u00e7a, que pertence \u00e0 Arquidiocese de Belo Horizonte.\" \/>\n<meta name=\"robots\" content=\"index, follow, max-snippet:-1, max-image-preview:large, max-video-preview:-1\" \/>\n<link rel=\"canonical\" href=\"https:\/\/www.padreeustaquio.com.br\/en\/mass-at-father-eustaces-church-concludes-meeting-of-ministers-of-holy-communion\/\" \/>\n<meta property=\"og:locale\" content=\"en_US\" \/>\n<meta property=\"og:type\" content=\"article\" \/>\n<meta property=\"og:title\" content=\"Missa na Igreja do Padre Eust\u00e1quio encerra Encontro de Ministros da Sagrada Comunh\u00e3o\" \/>\n<meta property=\"og:description\" content=\"Uma Celebra\u00e7\u00e3o Eucar\u00edstica realizada no Santu\u00e1rio da Sa\u00fade e Paz, a Igreja do Beato Padre Eust\u00e1quio, encerrou o encontro de forma\u00e7\u00e3o de Ministros da Sagrada Comunh\u00e3o, da Forania S\u00e3o Francisco das Chagas, regi\u00e3o episcopal Nossa Senhora da Esperan\u00e7a, que pertence \u00e0 Arquidiocese de Belo Horizonte.\" \/>\n<meta property=\"og:url\" content=\"https:\/\/www.padreeustaquio.com.br\/en\/mass-at-father-eustaces-church-concludes-meeting-of-ministers-of-holy-communion\/\" \/>\n<meta property=\"og:site_name\" content=\"Padre Eust\u00e1quio\" \/>\n<meta property=\"article:publisher\" content=\"https:\/\/www.facebook.com\/beatopadreeustaquio\/\" \/>\n<meta property=\"article:published_time\" content=\"2022-03-15T09:06:00+00:00\" \/>\n<meta property=\"article:modified_time\" content=\"2022-03-15T12:36:39+00:00\" \/>\n<meta property=\"og:image\" content=\"https:\/\/www.padreeustaquio.com.br\/wp-content\/uploads\/2022\/03\/missa-encontro-mesc.jpg\" \/>\n\t<meta property=\"og:image:width\" content=\"748\" \/>\n\t<meta property=\"og:image:height\" content=\"394\" \/>\n\t<meta property=\"og:image:type\" content=\"image\/jpeg\" \/>\n<meta name=\"author\" content=\"@sscc\" \/>\n<meta name=\"twitter:card\" content=\"summary_large_image\" \/>\n<meta name=\"twitter:creator\" content=\"@beatopeustaquio\" \/>\n<meta name=\"twitter:site\" content=\"@beatopeustaquio\" \/>\n<meta name=\"twitter:label1\" content=\"Written by\" \/>\n\t<meta name=\"twitter:data1\" content=\"@sscc\" \/>\n\t<meta name=\"twitter:label2\" content=\"Est. reading time\" \/>\n\t<meta name=\"twitter:data2\" content=\"1 minute\" \/>\n<script type=\"application\/ld+json\" class=\"yoast-schema-graph\">{\"@context\":\"https:\/\/schema.org\",\"@graph\":[{\"@type\":\"Article\",\"@id\":\"https:\/\/www.padreeustaquio.com.br\/missa-na-igreja-do-padre-eustaquio-encerra-encontro-de-ministros-da-sagrada-comunhao\/#article\",\"isPartOf\":{\"@id\":\"https:\/\/www.padreeustaquio.com.br\/missa-na-igreja-do-padre-eustaquio-encerra-encontro-de-ministros-da-sagrada-comunhao\/\"},\"author\":{\"name\":\"@sscc\",\"@id\":\"https:\/\/www.padreeustaquio.com.br\/#\/schema\/person\/a2a51db1d00f1a7af0204a0f1ddb1566\"},\"headline\":\"Missa na Igreja do Padre Eust\u00e1quio encerra Encontro de Ministros da Sagrada Comunh\u00e3o\",\"datePublished\":\"2022-03-15T09:06:00+00:00\",\"dateModified\":\"2022-03-15T12:36:39+00:00\",\"mainEntityOfPage\":{\"@id\":\"https:\/\/www.padreeustaquio.com.br\/missa-na-igreja-do-padre-eustaquio-encerra-encontro-de-ministros-da-sagrada-comunhao\/\"},\"wordCount\":168,\"commentCount\":0,\"publisher\":{\"@id\":\"https:\/\/www.padreeustaquio.com.br\/#organization\"},\"image\":{\"@id\":\"https:\/\/www.padreeustaquio.com.br\/missa-na-igreja-do-padre-eustaquio-encerra-encontro-de-ministros-da-sagrada-comunhao\/#primaryimage\"},\"thumbnailUrl\":\"https:\/\/www.padreeustaquio.com.br\/wp-content\/uploads\/2022\/03\/missa-encontro-mesc.jpg\",\"articleSection\":[\"Not\u00edcias\"],\"inLanguage\":\"en-US\",\"potentialAction\":[{\"@type\":\"CommentAction\",\"name\":\"Comment\",\"target\":[\"https:\/\/www.padreeustaquio.com.br\/missa-na-igreja-do-padre-eustaquio-encerra-encontro-de-ministros-da-sagrada-comunhao\/#respond\"]}]},{\"@type\":\"WebPage\",\"@id\":\"https:\/\/www.padreeustaquio.com.br\/missa-na-igreja-do-padre-eustaquio-encerra-encontro-de-ministros-da-sagrada-comunhao\/\",\"url\":\"https:\/\/www.padreeustaquio.com.br\/missa-na-igreja-do-padre-eustaquio-encerra-encontro-de-ministros-da-sagrada-comunhao\/\",\"name\":\"Missa na Igreja do Padre Eust\u00e1quio encerra Encontro de Ministros da Sagrada Comunh\u00e3o\",\"isPartOf\":{\"@id\":\"https:\/\/www.padreeustaquio.com.br\/#website\"},\"primaryImageOfPage\":{\"@id\":\"https:\/\/www.padreeustaquio.com.br\/missa-na-igreja-do-padre-eustaquio-encerra-encontro-de-ministros-da-sagrada-comunhao\/#primaryimage\"},\"image\":{\"@id\":\"https:\/\/www.padreeustaquio.com.br\/missa-na-igreja-do-padre-eustaquio-encerra-encontro-de-ministros-da-sagrada-comunhao\/#primaryimage\"},\"thumbnailUrl\":\"https:\/\/www.padreeustaquio.com.br\/wp-content\/uploads\/2022\/03\/missa-encontro-mesc.jpg\",\"datePublished\":\"2022-03-15T09:06:00+00:00\",\"dateModified\":\"2022-03-15T12:36:39+00:00\",\"description\":\"Uma Celebra\u00e7\u00e3o Eucar\u00edstica realizada no Santu\u00e1rio da Sa\u00fade e Paz, a Igreja do Beato Padre Eust\u00e1quio, encerrou o encontro de forma\u00e7\u00e3o de Ministros da Sagrada Comunh\u00e3o, da Forania S\u00e3o Francisco das Chagas, regi\u00e3o episcopal Nossa Senhora da Esperan\u00e7a, que pertence \u00e0 Arquidiocese de Belo Horizonte.\",\"breadcrumb\":{\"@id\":\"https:\/\/www.padreeustaquio.com.br\/missa-na-igreja-do-padre-eustaquio-encerra-encontro-de-ministros-da-sagrada-comunhao\/#breadcrumb\"},\"inLanguage\":\"en-US\",\"potentialAction\":[{\"@type\":\"ReadAction\",\"target\":[\"https:\/\/www.padreeustaquio.com.br\/missa-na-igreja-do-padre-eustaquio-encerra-encontro-de-ministros-da-sagrada-comunhao\/\"]}]},{\"@type\":\"ImageObject\",\"inLanguage\":\"en-US\",\"@id\":\"https:\/\/www.padreeustaquio.com.br\/missa-na-igreja-do-padre-eustaquio-encerra-encontro-de-ministros-da-sagrada-comunhao\/#primaryimage\",\"url\":\"https:\/\/www.padreeustaquio.com.br\/wp-content\/uploads\/2022\/03\/missa-encontro-mesc.jpg\",\"contentUrl\":\"https:\/\/www.padreeustaquio.com.br\/wp-content\/uploads\/2022\/03\/missa-encontro-mesc.jpg\",\"width\":748,\"height\":394},{\"@type\":\"BreadcrumbList\",\"@id\":\"https:\/\/www.padreeustaquio.com.br\/missa-na-igreja-do-padre-eustaquio-encerra-encontro-de-ministros-da-sagrada-comunhao\/#breadcrumb\",\"itemListElement\":[{\"@type\":\"ListItem\",\"position\":1,\"name\":\"In\u00edcio\",\"item\":\"https:\/\/www.padreeustaquio.com.br\/\"},{\"@type\":\"ListItem\",\"position\":2,\"name\":\"Missa na Igreja do Padre Eust\u00e1quio encerra Encontro de Ministros da Sagrada Comunh\u00e3o\"}]},{\"@type\":\"WebSite\",\"@id\":\"https:\/\/www.padreeustaquio.com.br\/#website\",\"url\":\"https:\/\/www.padreeustaquio.com.br\/\",\"name\":\"Padre Eust\u00e1quio\",\"description\":\"Sa\u00fade e Paz\",\"publisher\":{\"@id\":\"https:\/\/www.padreeustaquio.com.br\/#organization\"},\"potentialAction\":[{\"@type\":\"SearchAction\",\"target\":{\"@type\":\"EntryPoint\",\"urlTemplate\":\"https:\/\/www.padreeustaquio.com.br\/?s={search_term_string}\"},\"query-input\":{\"@type\":\"PropertyValueSpecification\",\"valueRequired\":true,\"valueName\":\"search_term_string\"}}],\"inLanguage\":\"en-US\"},{\"@type\":\"Organization\",\"@id\":\"https:\/\/www.padreeustaquio.com.br\/#organization\",\"name\":\"Padre Eust\u00e1quio\",\"url\":\"https:\/\/www.padreeustaquio.com.br\/\",\"logo\":{\"@type\":\"ImageObject\",\"inLanguage\":\"en-US\",\"@id\":\"https:\/\/www.padreeustaquio.com.br\/#\/schema\/logo\/image\/\",\"url\":\"https:\/\/www.padreeustaquio.com.br\/wp-content\/uploads\/2019\/08\/marca.png\",\"contentUrl\":\"https:\/\/www.padreeustaquio.com.br\/wp-content\/uploads\/2019\/08\/marca.png\",\"width\":350,\"height\":400,\"caption\":\"Padre Eust\u00e1quio\"},\"image\":{\"@id\":\"https:\/\/www.padreeustaquio.com.br\/#\/schema\/logo\/image\/\"},\"sameAs\":[\"https:\/\/www.facebook.com\/beatopadreeustaquio\/\",\"https:\/\/x.com\/beatopeustaquio\",\"https:\/\/www.instagram.com\/beatopadreeustaquio\/\",\"https:\/\/www.youtube.com\/channel\/UCRhw7vfabnajwLxb1ZXMeIw\"]},{\"@type\":\"Person\",\"@id\":\"https:\/\/www.padreeustaquio.com.br\/#\/schema\/person\/a2a51db1d00f1a7af0204a0f1ddb1566\",\"name\":\"@sscc\",\"image\":{\"@type\":\"ImageObject\",\"inLanguage\":\"en-US\",\"@id\":\"https:\/\/secure.gravatar.com\/avatar\/68cfafa5f44617fea54071e215026e0ff06be366c3d54a8425f04fdcb86f8c5f?s=96&d=mm&r=g\",\"url\":\"https:\/\/secure.gravatar.com\/avatar\/68cfafa5f44617fea54071e215026e0ff06be366c3d54a8425f04fdcb86f8c5f?s=96&d=mm&r=g\",\"contentUrl\":\"https:\/\/secure.gravatar.com\/avatar\/68cfafa5f44617fea54071e215026e0ff06be366c3d54a8425f04fdcb86f8c5f?s=96&d=mm&r=g\",\"caption\":\"@sscc\"},\"url\":\"https:\/\/www.padreeustaquio.com.br\/en\/author\/sscc\/\"}]}<\/script>\n<!-- \/ Yoast SEO plugin. -->","yoast_head_json":{"title":"Mass at Father Eust\u00e1quio&#039;s Church concludes Meeting of Ministers of Holy Communion","description":"A Eucharistic Celebration held at the Sanctuary of Health and Peace, the Church of Blessed Father Eustace, concluded the formation meeting for Ministers of Holy Communion from the Deanery of Saint Francis of Assisi, episcopal region of Our Lady of Hope, which belongs to the Archdiocese of Belo Horizonte.","robots":{"index":"index","follow":"follow","max-snippet":"max-snippet:-1","max-image-preview":"max-image-preview:large","max-video-preview":"max-video-preview:-1"},"canonical":"https:\/\/www.padreeustaquio.com.br\/en\/mass-at-father-eustaces-church-concludes-meeting-of-ministers-of-holy-communion\/","og_locale":"en_US","og_type":"article","og_title":"Missa na Igreja do Padre Eust\u00e1quio encerra Encontro de Ministros da Sagrada Comunh\u00e3o","og_description":"Uma Celebra\u00e7\u00e3o Eucar\u00edstica realizada no Santu\u00e1rio da Sa\u00fade e Paz, a Igreja do Beato Padre Eust\u00e1quio, encerrou o encontro de forma\u00e7\u00e3o de Ministros da Sagrada Comunh\u00e3o, da Forania S\u00e3o Francisco das Chagas, regi\u00e3o episcopal Nossa Senhora da Esperan\u00e7a, que pertence \u00e0 Arquidiocese de Belo Horizonte.","og_url":"https:\/\/www.padreeustaquio.com.br\/en\/mass-at-father-eustaces-church-concludes-meeting-of-ministers-of-holy-communion\/","og_site_name":"Padre Eust\u00e1quio","article_publisher":"https:\/\/www.facebook.com\/beatopadreeustaquio\/","article_published_time":"2022-03-15T09:06:00+00:00","article_modified_time":"2022-03-15T12:36:39+00:00","og_image":[{"width":748,"height":394,"url":"https:\/\/www.padreeustaquio.com.br\/wp-content\/uploads\/2022\/03\/missa-encontro-mesc.jpg","type":"image\/jpeg"}],"author":"@sscc","twitter_card":"summary_large_image","twitter_creator":"@beatopeustaquio","twitter_site":"@beatopeustaquio","twitter_misc":{"Written by":"@sscc","Est. reading time":"1 minute"},"schema":{"@context":"https:\/\/schema.org","@graph":[{"@type":"Article","@id":"https:\/\/www.padreeustaquio.com.br\/missa-na-igreja-do-padre-eustaquio-encerra-encontro-de-ministros-da-sagrada-comunhao\/#article","isPartOf":{"@id":"https:\/\/www.padreeustaquio.com.br\/missa-na-igreja-do-padre-eustaquio-encerra-encontro-de-ministros-da-sagrada-comunhao\/"},"author":{"name":"@sscc","@id":"https:\/\/www.padreeustaquio.com.br\/#\/schema\/person\/a2a51db1d00f1a7af0204a0f1ddb1566"},"headline":"Missa na Igreja do Padre Eust\u00e1quio encerra Encontro de Ministros da Sagrada Comunh\u00e3o","datePublished":"2022-03-15T09:06:00+00:00","dateModified":"2022-03-15T12:36:39+00:00","mainEntityOfPage":{"@id":"https:\/\/www.padreeustaquio.com.br\/missa-na-igreja-do-padre-eustaquio-encerra-encontro-de-ministros-da-sagrada-comunhao\/"},"wordCount":168,"commentCount":0,"publisher":{"@id":"https:\/\/www.padreeustaquio.com.br\/#organization"},"image":{"@id":"https:\/\/www.padreeustaquio.com.br\/missa-na-igreja-do-padre-eustaquio-encerra-encontro-de-ministros-da-sagrada-comunhao\/#primaryimage"},"thumbnailUrl":"https:\/\/www.padreeustaquio.com.br\/wp-content\/uploads\/2022\/03\/missa-encontro-mesc.jpg","articleSection":["Not\u00edcias"],"inLanguage":"en-US","potentialAction":[{"@type":"CommentAction","name":"Comment","target":["https:\/\/www.padreeustaquio.com.br\/missa-na-igreja-do-padre-eustaquio-encerra-encontro-de-ministros-da-sagrada-comunhao\/#respond"]}]},{"@type":"WebPage","@id":"https:\/\/www.padreeustaquio.com.br\/missa-na-igreja-do-padre-eustaquio-encerra-encontro-de-ministros-da-sagrada-comunhao\/","url":"https:\/\/www.padreeustaquio.com.br\/missa-na-igreja-do-padre-eustaquio-encerra-encontro-de-ministros-da-sagrada-comunhao\/","name":"Mass at Father Eust\u00e1quio&#039;s Church concludes Meeting of Ministers of Holy Communion","isPartOf":{"@id":"https:\/\/www.padreeustaquio.com.br\/#website"},"primaryImageOfPage":{"@id":"https:\/\/www.padreeustaquio.com.br\/missa-na-igreja-do-padre-eustaquio-encerra-encontro-de-ministros-da-sagrada-comunhao\/#primaryimage"},"image":{"@id":"https:\/\/www.padreeustaquio.com.br\/missa-na-igreja-do-padre-eustaquio-encerra-encontro-de-ministros-da-sagrada-comunhao\/#primaryimage"},"thumbnailUrl":"https:\/\/www.padreeustaquio.com.br\/wp-content\/uploads\/2022\/03\/missa-encontro-mesc.jpg","datePublished":"2022-03-15T09:06:00+00:00","dateModified":"2022-03-15T12:36:39+00:00","description":"A Eucharistic Celebration held at the Sanctuary of Health and Peace, the Church of Blessed Father Eustace, concluded the formation meeting for Ministers of Holy Communion from the Deanery of Saint Francis of Assisi, episcopal region of Our Lady of Hope, which belongs to the Archdiocese of Belo Horizonte.","breadcrumb":{"@id":"https:\/\/www.padreeustaquio.com.br\/missa-na-igreja-do-padre-eustaquio-encerra-encontro-de-ministros-da-sagrada-comunhao\/#breadcrumb"},"inLanguage":"en-US","potentialAction":[{"@type":"ReadAction","target":["https:\/\/www.padreeustaquio.com.br\/missa-na-igreja-do-padre-eustaquio-encerra-encontro-de-ministros-da-sagrada-comunhao\/"]}]},{"@type":"ImageObject","inLanguage":"en-US","@id":"https:\/\/www.padreeustaquio.com.br\/missa-na-igreja-do-padre-eustaquio-encerra-encontro-de-ministros-da-sagrada-comunhao\/#primaryimage","url":"https:\/\/www.padreeustaquio.com.br\/wp-content\/uploads\/2022\/03\/missa-encontro-mesc.jpg","contentUrl":"https:\/\/www.padreeustaquio.com.br\/wp-content\/uploads\/2022\/03\/missa-encontro-mesc.jpg","width":748,"height":394},{"@type":"BreadcrumbList","@id":"https:\/\/www.padreeustaquio.com.br\/missa-na-igreja-do-padre-eustaquio-encerra-encontro-de-ministros-da-sagrada-comunhao\/#breadcrumb","itemListElement":[{"@type":"ListItem","position":1,"name":"In\u00edcio","item":"https:\/\/www.padreeustaquio.com.br\/"},{"@type":"ListItem","position":2,"name":"Missa na Igreja do Padre Eust\u00e1quio encerra Encontro de Ministros da Sagrada Comunh\u00e3o"}]},{"@type":"WebSite","@id":"https:\/\/www.padreeustaquio.com.br\/#website","url":"https:\/\/www.padreeustaquio.com.br\/","name":"FATHER EUST\u00c1QUIO","description":"Health and Peace","publisher":{"@id":"https:\/\/www.padreeustaquio.com.br\/#organization"},"potentialAction":[{"@type":"SearchAction","target":{"@type":"EntryPoint","urlTemplate":"https:\/\/www.padreeustaquio.com.br\/?s={search_term_string}"},"query-input":{"@type":"PropertyValueSpecification","valueRequired":true,"valueName":"search_term_string"}}],"inLanguage":"en-US"},{"@type":"Organization","@id":"https:\/\/www.padreeustaquio.com.br\/#organization","name":"FATHER EUST\u00c1QUIO","url":"https:\/\/www.padreeustaquio.com.br\/","logo":{"@type":"ImageObject","inLanguage":"en-US","@id":"https:\/\/www.padreeustaquio.com.br\/#\/schema\/logo\/image\/","url":"https:\/\/www.padreeustaquio.com.br\/wp-content\/uploads\/2019\/08\/marca.png","contentUrl":"https:\/\/www.padreeustaquio.com.br\/wp-content\/uploads\/2019\/08\/marca.png","width":350,"height":400,"caption":"Padre Eust\u00e1quio"},"image":{"@id":"https:\/\/www.padreeustaquio.com.br\/#\/schema\/logo\/image\/"},"sameAs":["https:\/\/www.facebook.com\/beatopadreeustaquio\/","https:\/\/x.com\/beatopeustaquio","https:\/\/www.instagram.com\/beatopadreeustaquio\/","https:\/\/www.youtube.com\/channel\/UCRhw7vfabnajwLxb1ZXMeIw"]},{"@type":"Person","@id":"https:\/\/www.padreeustaquio.com.br\/#\/schema\/person\/a2a51db1d00f1a7af0204a0f1ddb1566","name":"@sscc","image":{"@type":"ImageObject","inLanguage":"en-US","@id":"https:\/\/secure.gravatar.com\/avatar\/68cfafa5f44617fea54071e215026e0ff06be366c3d54a8425f04fdcb86f8c5f?s=96&d=mm&r=g","url":"https:\/\/secure.gravatar.com\/avatar\/68cfafa5f44617fea54071e215026e0ff06be366c3d54a8425f04fdcb86f8c5f?s=96&d=mm&r=g","contentUrl":"https:\/\/secure.gravatar.com\/avatar\/68cfafa5f44617fea54071e215026e0ff06be366c3d54a8425f04fdcb86f8c5f?s=96&d=mm&r=g","caption":"@sscc"},"url":"https:\/\/www.padreeustaquio.com.br\/en\/author\/sscc\/"}]}},"_links":{"self":[{"href":"https:\/\/www.padreeustaquio.com.br\/en\/wp-json\/wp\/v2\/posts\/8273","targetHints":{"allow":["GET"]}}],"collection":[{"href":"https:\/\/www.padreeustaquio.com.br\/en\/wp-json\/wp\/v2\/posts"}],"about":[{"href":"https:\/\/www.padreeustaquio.com.br\/en\/wp-json\/wp\/v2\/types\/post"}],"author":[{"embeddable":true,"href":"https:\/\/www.padreeustaquio.com.br\/en\/wp-json\/wp\/v2\/users\/2"}],"replies":[{"embeddable":true,"href":"https:\/\/www.padreeustaquio.com.br\/en\/wp-json\/wp\/v2\/comments?post=8273"}],"version-history":[{"count":0,"href":"https:\/\/www.padreeustaquio.com.br\/en\/wp-json\/wp\/v2\/posts\/8273\/revisions"}],"wp:featuredmedia":[{"embeddable":true,"href":"https:\/\/www.padreeustaquio.com.br\/en\/wp-json\/wp\/v2\/media\/8274"}],"wp:attachment":[{"href":"https:\/\/www.padreeustaquio.com.br\/en\/wp-json\/wp\/v2\/media?parent=8273"}],"wp:term":[{"taxonomy":"category","embeddable":true,"href":"https:\/\/www.padreeustaquio.com.br\/en\/wp-json\/wp\/v2\/categories?post=8273"},{"taxonomy":"post_tag","embeddable":true,"href":"https:\/\/www.padreeustaquio.com.br\/en\/wp-json\/wp\/v2\/tags?post=8273"}],"curies":[{"name":"wp","href":"https:\/\/api.w.org\/{rel}","templated":true}]}}