{"id":8268,"date":"2022-03-14T05:56:00","date_gmt":"2022-03-14T08:56:00","guid":{"rendered":"https:\/\/www.padreeustaquio.com.br\/?p=8268"},"modified":"2022-03-13T15:05:44","modified_gmt":"2022-03-13T18:05:44","slug":"fraternity-and-education-will-be-the-theme-of-a-training-session-at-the-sanctuary-of-health-and-peace","status":"publish","type":"post","link":"https:\/\/www.padreeustaquio.com.br\/en\/fraternity-and-education-will-be-the-theme-of-a-training-session-at-the-sanctuary-of-health-and-peace\/","title":{"rendered":"Fraternity and Education will be the theme of today&#039;s training session at the Sanctuary of Health and Peace."},"content":{"rendered":"<p>This Monday, the 14th, the parish formation lecture will have as its theme: \u201cFraternity and Education\u201d. The meeting will be led by Professor F\u00e1tima Gon\u00e7alves, who is the new director of the Padre Eust\u00e1quio Marist School. The formation, open to the public, will take place at 7:30 pm.<\/p>\n\n\n\n<p>The lecture is part of the special Lenten program at the Health and Peace Sanctuary, Father Eust\u00e1quio Church. A meeting is held every Monday, with themes based on the 2022 Fraternity Campaign, which has the theme: Fraternity and Education.<\/p>\n\n\n\n<p>The first speaker in the series of presentations was the vice-postulator of the Cause for Canonization of Father Eust\u00e1quio and rector of the Sanctuary, Father Vin\u00edcius Maciel, ss.cc. The priest spoke about the history of the Campaign and how this year&#039;s theme was chosen.<\/p>\n\n\n\n<p>To participate, simply come to the Sanctuary Community Center on Mondays at 7:30 pm. More information about the event can be found at the Parish Office. The phone number is (31) 3462-6557.<\/p>\n\n\n\n<p><\/p>","protected":false},"excerpt":{"rendered":"<p>Nesta segunda-feira, dia 14, a palestra da forma\u00e7\u00e3o paroquial ter\u00e1 como tema: \u201cFraternidade e Educa\u00e7\u00e3o\u201d. O encontro ser\u00e1 ministrado pela professora F\u00e1tima Gon\u00e7alves, que \u00e9 a nova diretora do Col\u00e9gio Marista Padre Eust\u00e1quio. A forma\u00e7\u00e3o, aberta ao p\u00fablico, ser\u00e1 realizada \u00e0s 19h30. A palestra faz parte da programa\u00e7\u00e3o especial do Santu\u00e1rio Sa\u00fade e Paz, Igreja do Padre Eust\u00e1quio, para a Quaresma. Toda segunda-feira um encontro \u00e9 realizado, com temas baseados na Campanha da Fraternidade 2022, que tem como tema: Fraternidade e Educa\u00e7\u00e3o. Quem abriu o ciclo de forma\u00e7\u00f5es foi o vice-postulador da Causa de Canoniza\u00e7\u00e3o de Padre Eust\u00e1quio e reitor [&hellip;]<\/p>\n","protected":false},"author":2,"featured_media":8269,"comment_status":"open","ping_status":"closed","sticky":false,"template":"","format":"standard","meta":{"_acf_changed":false,"footnotes":""},"categories":[611],"tags":[],"class_list":["post-8268","post","type-post","status-publish","format-standard","has-post-thumbnail","hentry","category-noticias"],"acf":[],"yoast_head":"<!-- This site is optimized with the Yoast SEO plugin v27.2 - https:\/\/yoast.com\/product\/yoast-seo-wordpress\/ -->\n<title>Fraternidade e Educa\u00e7\u00e3o ser\u00e1 tema de Forma\u00e7\u00e3o hoje no Santu\u00e1rio da Sa\u00fade e Paz<\/title>\n<meta name=\"description\" content=\"Nesta segunda-feira, dia 14, a palestra da forma\u00e7\u00e3o paroquial ter\u00e1 como tema: \u201cFraternidade e Educa\u00e7\u00e3o\u201d. O encontro ser\u00e1 ministrado pela professora F\u00e1tima Gon\u00e7alves, que \u00e9 a nova diretora do Col\u00e9gio Marista Padre Eust\u00e1quio. A forma\u00e7\u00e3o, aberta ao p\u00fablico, ser\u00e1 realizada \u00e0s 19h30.\" \/>\n<meta name=\"robots\" content=\"index, follow, max-snippet:-1, max-image-preview:large, max-video-preview:-1\" \/>\n<link rel=\"canonical\" href=\"https:\/\/www.padreeustaquio.com.br\/en\/fraternity-and-education-will-be-the-theme-of-a-training-session-at-the-sanctuary-of-health-and-peace\/\" \/>\n<meta property=\"og:locale\" content=\"en_US\" \/>\n<meta property=\"og:type\" content=\"article\" \/>\n<meta property=\"og:title\" content=\"Fraternidade e Educa\u00e7\u00e3o ser\u00e1 tema de Forma\u00e7\u00e3o hoje no Santu\u00e1rio da Sa\u00fade e Paz\" \/>\n<meta property=\"og:description\" content=\"Nesta segunda-feira, dia 14, a palestra da forma\u00e7\u00e3o paroquial ter\u00e1 como tema: \u201cFraternidade e Educa\u00e7\u00e3o\u201d. O encontro ser\u00e1 ministrado pela professora F\u00e1tima Gon\u00e7alves, que \u00e9 a nova diretora do Col\u00e9gio Marista Padre Eust\u00e1quio. A forma\u00e7\u00e3o, aberta ao p\u00fablico, ser\u00e1 realizada \u00e0s 19h30.\" \/>\n<meta property=\"og:url\" content=\"https:\/\/www.padreeustaquio.com.br\/en\/fraternity-and-education-will-be-the-theme-of-a-training-session-at-the-sanctuary-of-health-and-peace\/\" \/>\n<meta property=\"og:site_name\" content=\"Padre Eust\u00e1quio\" \/>\n<meta property=\"article:publisher\" content=\"https:\/\/www.facebook.com\/beatopadreeustaquio\/\" \/>\n<meta property=\"article:published_time\" content=\"2022-03-14T08:56:00+00:00\" \/>\n<meta property=\"og:image\" content=\"https:\/\/www.padreeustaquio.com.br\/wp-content\/uploads\/2022\/03\/WhatsApp-Image-2022-03-12-at-17.36.19.jpeg\" \/>\n\t<meta property=\"og:image:width\" content=\"1280\" \/>\n\t<meta property=\"og:image:height\" content=\"640\" \/>\n\t<meta property=\"og:image:type\" content=\"image\/jpeg\" \/>\n<meta name=\"author\" content=\"@sscc\" \/>\n<meta name=\"twitter:card\" content=\"summary_large_image\" \/>\n<meta name=\"twitter:creator\" content=\"@beatopeustaquio\" \/>\n<meta name=\"twitter:site\" content=\"@beatopeustaquio\" \/>\n<meta name=\"twitter:label1\" content=\"Written by\" \/>\n\t<meta name=\"twitter:data1\" content=\"@sscc\" \/>\n\t<meta name=\"twitter:label2\" content=\"Est. reading time\" \/>\n\t<meta name=\"twitter:data2\" content=\"1 minute\" \/>\n<script type=\"application\/ld+json\" class=\"yoast-schema-graph\">{\"@context\":\"https:\/\/schema.org\",\"@graph\":[{\"@type\":\"Article\",\"@id\":\"https:\/\/www.padreeustaquio.com.br\/fraternidade-e-educacao-sera-tema-de-formacao-no-santuario-da-saude-e-paz\/#article\",\"isPartOf\":{\"@id\":\"https:\/\/www.padreeustaquio.com.br\/fraternidade-e-educacao-sera-tema-de-formacao-no-santuario-da-saude-e-paz\/\"},\"author\":{\"name\":\"@sscc\",\"@id\":\"https:\/\/www.padreeustaquio.com.br\/#\/schema\/person\/a2a51db1d00f1a7af0204a0f1ddb1566\"},\"headline\":\"Fraternidade e Educa\u00e7\u00e3o ser\u00e1 tema de Forma\u00e7\u00e3o hoje no Santu\u00e1rio da Sa\u00fade e Paz\",\"datePublished\":\"2022-03-14T08:56:00+00:00\",\"mainEntityOfPage\":{\"@id\":\"https:\/\/www.padreeustaquio.com.br\/fraternidade-e-educacao-sera-tema-de-formacao-no-santuario-da-saude-e-paz\/\"},\"wordCount\":188,\"commentCount\":0,\"publisher\":{\"@id\":\"https:\/\/www.padreeustaquio.com.br\/#organization\"},\"image\":{\"@id\":\"https:\/\/www.padreeustaquio.com.br\/fraternidade-e-educacao-sera-tema-de-formacao-no-santuario-da-saude-e-paz\/#primaryimage\"},\"thumbnailUrl\":\"https:\/\/www.padreeustaquio.com.br\/wp-content\/uploads\/2022\/03\/WhatsApp-Image-2022-03-12-at-17.36.19.jpeg\",\"articleSection\":[\"Not\u00edcias\"],\"inLanguage\":\"en-US\",\"potentialAction\":[{\"@type\":\"CommentAction\",\"name\":\"Comment\",\"target\":[\"https:\/\/www.padreeustaquio.com.br\/fraternidade-e-educacao-sera-tema-de-formacao-no-santuario-da-saude-e-paz\/#respond\"]}]},{\"@type\":\"WebPage\",\"@id\":\"https:\/\/www.padreeustaquio.com.br\/fraternidade-e-educacao-sera-tema-de-formacao-no-santuario-da-saude-e-paz\/\",\"url\":\"https:\/\/www.padreeustaquio.com.br\/fraternidade-e-educacao-sera-tema-de-formacao-no-santuario-da-saude-e-paz\/\",\"name\":\"Fraternidade e Educa\u00e7\u00e3o ser\u00e1 tema de Forma\u00e7\u00e3o hoje no Santu\u00e1rio da Sa\u00fade e Paz\",\"isPartOf\":{\"@id\":\"https:\/\/www.padreeustaquio.com.br\/#website\"},\"primaryImageOfPage\":{\"@id\":\"https:\/\/www.padreeustaquio.com.br\/fraternidade-e-educacao-sera-tema-de-formacao-no-santuario-da-saude-e-paz\/#primaryimage\"},\"image\":{\"@id\":\"https:\/\/www.padreeustaquio.com.br\/fraternidade-e-educacao-sera-tema-de-formacao-no-santuario-da-saude-e-paz\/#primaryimage\"},\"thumbnailUrl\":\"https:\/\/www.padreeustaquio.com.br\/wp-content\/uploads\/2022\/03\/WhatsApp-Image-2022-03-12-at-17.36.19.jpeg\",\"datePublished\":\"2022-03-14T08:56:00+00:00\",\"description\":\"Nesta segunda-feira, dia 14, a palestra da forma\u00e7\u00e3o paroquial ter\u00e1 como tema: \u201cFraternidade e Educa\u00e7\u00e3o\u201d. O encontro ser\u00e1 ministrado pela professora F\u00e1tima Gon\u00e7alves, que \u00e9 a nova diretora do Col\u00e9gio Marista Padre Eust\u00e1quio. A forma\u00e7\u00e3o, aberta ao p\u00fablico, ser\u00e1 realizada \u00e0s 19h30.\",\"breadcrumb\":{\"@id\":\"https:\/\/www.padreeustaquio.com.br\/fraternidade-e-educacao-sera-tema-de-formacao-no-santuario-da-saude-e-paz\/#breadcrumb\"},\"inLanguage\":\"en-US\",\"potentialAction\":[{\"@type\":\"ReadAction\",\"target\":[\"https:\/\/www.padreeustaquio.com.br\/fraternidade-e-educacao-sera-tema-de-formacao-no-santuario-da-saude-e-paz\/\"]}]},{\"@type\":\"ImageObject\",\"inLanguage\":\"en-US\",\"@id\":\"https:\/\/www.padreeustaquio.com.br\/fraternidade-e-educacao-sera-tema-de-formacao-no-santuario-da-saude-e-paz\/#primaryimage\",\"url\":\"https:\/\/www.padreeustaquio.com.br\/wp-content\/uploads\/2022\/03\/WhatsApp-Image-2022-03-12-at-17.36.19.jpeg\",\"contentUrl\":\"https:\/\/www.padreeustaquio.com.br\/wp-content\/uploads\/2022\/03\/WhatsApp-Image-2022-03-12-at-17.36.19.jpeg\",\"width\":1280,\"height\":640},{\"@type\":\"BreadcrumbList\",\"@id\":\"https:\/\/www.padreeustaquio.com.br\/fraternidade-e-educacao-sera-tema-de-formacao-no-santuario-da-saude-e-paz\/#breadcrumb\",\"itemListElement\":[{\"@type\":\"ListItem\",\"position\":1,\"name\":\"In\u00edcio\",\"item\":\"https:\/\/www.padreeustaquio.com.br\/\"},{\"@type\":\"ListItem\",\"position\":2,\"name\":\"Fraternidade e Educa\u00e7\u00e3o ser\u00e1 tema de Forma\u00e7\u00e3o hoje no Santu\u00e1rio da Sa\u00fade e Paz\"}]},{\"@type\":\"WebSite\",\"@id\":\"https:\/\/www.padreeustaquio.com.br\/#website\",\"url\":\"https:\/\/www.padreeustaquio.com.br\/\",\"name\":\"Padre Eust\u00e1quio\",\"description\":\"Sa\u00fade e Paz\",\"publisher\":{\"@id\":\"https:\/\/www.padreeustaquio.com.br\/#organization\"},\"potentialAction\":[{\"@type\":\"SearchAction\",\"target\":{\"@type\":\"EntryPoint\",\"urlTemplate\":\"https:\/\/www.padreeustaquio.com.br\/?s={search_term_string}\"},\"query-input\":{\"@type\":\"PropertyValueSpecification\",\"valueRequired\":true,\"valueName\":\"search_term_string\"}}],\"inLanguage\":\"en-US\"},{\"@type\":\"Organization\",\"@id\":\"https:\/\/www.padreeustaquio.com.br\/#organization\",\"name\":\"Padre Eust\u00e1quio\",\"url\":\"https:\/\/www.padreeustaquio.com.br\/\",\"logo\":{\"@type\":\"ImageObject\",\"inLanguage\":\"en-US\",\"@id\":\"https:\/\/www.padreeustaquio.com.br\/#\/schema\/logo\/image\/\",\"url\":\"https:\/\/www.padreeustaquio.com.br\/wp-content\/uploads\/2019\/08\/marca.png\",\"contentUrl\":\"https:\/\/www.padreeustaquio.com.br\/wp-content\/uploads\/2019\/08\/marca.png\",\"width\":350,\"height\":400,\"caption\":\"Padre Eust\u00e1quio\"},\"image\":{\"@id\":\"https:\/\/www.padreeustaquio.com.br\/#\/schema\/logo\/image\/\"},\"sameAs\":[\"https:\/\/www.facebook.com\/beatopadreeustaquio\/\",\"https:\/\/x.com\/beatopeustaquio\",\"https:\/\/www.instagram.com\/beatopadreeustaquio\/\",\"https:\/\/www.youtube.com\/channel\/UCRhw7vfabnajwLxb1ZXMeIw\"]},{\"@type\":\"Person\",\"@id\":\"https:\/\/www.padreeustaquio.com.br\/#\/schema\/person\/a2a51db1d00f1a7af0204a0f1ddb1566\",\"name\":\"@sscc\",\"image\":{\"@type\":\"ImageObject\",\"inLanguage\":\"en-US\",\"@id\":\"https:\/\/secure.gravatar.com\/avatar\/68cfafa5f44617fea54071e215026e0ff06be366c3d54a8425f04fdcb86f8c5f?s=96&d=mm&r=g\",\"url\":\"https:\/\/secure.gravatar.com\/avatar\/68cfafa5f44617fea54071e215026e0ff06be366c3d54a8425f04fdcb86f8c5f?s=96&d=mm&r=g\",\"contentUrl\":\"https:\/\/secure.gravatar.com\/avatar\/68cfafa5f44617fea54071e215026e0ff06be366c3d54a8425f04fdcb86f8c5f?s=96&d=mm&r=g\",\"caption\":\"@sscc\"},\"url\":\"https:\/\/www.padreeustaquio.com.br\/en\/author\/sscc\/\"}]}<\/script>\n<!-- \/ Yoast SEO plugin. -->","yoast_head_json":{"title":"Fraternity and Education will be the theme of today&#039;s training session at the Sanctuary of Health and Peace.","description":"This Monday, the 14th, the parish formation lecture will have as its theme: \u201cFraternity and Education\u201d. The meeting will be led by Professor F\u00e1tima Gon\u00e7alves, who is the new director of the Padre Eust\u00e1quio Marist School. The formation, open to the public, will take place at 7:30 pm.","robots":{"index":"index","follow":"follow","max-snippet":"max-snippet:-1","max-image-preview":"max-image-preview:large","max-video-preview":"max-video-preview:-1"},"canonical":"https:\/\/www.padreeustaquio.com.br\/en\/fraternity-and-education-will-be-the-theme-of-a-training-session-at-the-sanctuary-of-health-and-peace\/","og_locale":"en_US","og_type":"article","og_title":"Fraternidade e Educa\u00e7\u00e3o ser\u00e1 tema de Forma\u00e7\u00e3o hoje no Santu\u00e1rio da Sa\u00fade e Paz","og_description":"Nesta segunda-feira, dia 14, a palestra da forma\u00e7\u00e3o paroquial ter\u00e1 como tema: \u201cFraternidade e Educa\u00e7\u00e3o\u201d. O encontro ser\u00e1 ministrado pela professora F\u00e1tima Gon\u00e7alves, que \u00e9 a nova diretora do Col\u00e9gio Marista Padre Eust\u00e1quio. A forma\u00e7\u00e3o, aberta ao p\u00fablico, ser\u00e1 realizada \u00e0s 19h30.","og_url":"https:\/\/www.padreeustaquio.com.br\/en\/fraternity-and-education-will-be-the-theme-of-a-training-session-at-the-sanctuary-of-health-and-peace\/","og_site_name":"Padre Eust\u00e1quio","article_publisher":"https:\/\/www.facebook.com\/beatopadreeustaquio\/","article_published_time":"2022-03-14T08:56:00+00:00","og_image":[{"width":1280,"height":640,"url":"https:\/\/www.padreeustaquio.com.br\/wp-content\/uploads\/2022\/03\/WhatsApp-Image-2022-03-12-at-17.36.19.jpeg","type":"image\/jpeg"}],"author":"@sscc","twitter_card":"summary_large_image","twitter_creator":"@beatopeustaquio","twitter_site":"@beatopeustaquio","twitter_misc":{"Written by":"@sscc","Est. reading time":"1 minute"},"schema":{"@context":"https:\/\/schema.org","@graph":[{"@type":"Article","@id":"https:\/\/www.padreeustaquio.com.br\/fraternidade-e-educacao-sera-tema-de-formacao-no-santuario-da-saude-e-paz\/#article","isPartOf":{"@id":"https:\/\/www.padreeustaquio.com.br\/fraternidade-e-educacao-sera-tema-de-formacao-no-santuario-da-saude-e-paz\/"},"author":{"name":"@sscc","@id":"https:\/\/www.padreeustaquio.com.br\/#\/schema\/person\/a2a51db1d00f1a7af0204a0f1ddb1566"},"headline":"Fraternidade e Educa\u00e7\u00e3o ser\u00e1 tema de Forma\u00e7\u00e3o hoje no Santu\u00e1rio da Sa\u00fade e Paz","datePublished":"2022-03-14T08:56:00+00:00","mainEntityOfPage":{"@id":"https:\/\/www.padreeustaquio.com.br\/fraternidade-e-educacao-sera-tema-de-formacao-no-santuario-da-saude-e-paz\/"},"wordCount":188,"commentCount":0,"publisher":{"@id":"https:\/\/www.padreeustaquio.com.br\/#organization"},"image":{"@id":"https:\/\/www.padreeustaquio.com.br\/fraternidade-e-educacao-sera-tema-de-formacao-no-santuario-da-saude-e-paz\/#primaryimage"},"thumbnailUrl":"https:\/\/www.padreeustaquio.com.br\/wp-content\/uploads\/2022\/03\/WhatsApp-Image-2022-03-12-at-17.36.19.jpeg","articleSection":["Not\u00edcias"],"inLanguage":"en-US","potentialAction":[{"@type":"CommentAction","name":"Comment","target":["https:\/\/www.padreeustaquio.com.br\/fraternidade-e-educacao-sera-tema-de-formacao-no-santuario-da-saude-e-paz\/#respond"]}]},{"@type":"WebPage","@id":"https:\/\/www.padreeustaquio.com.br\/fraternidade-e-educacao-sera-tema-de-formacao-no-santuario-da-saude-e-paz\/","url":"https:\/\/www.padreeustaquio.com.br\/fraternidade-e-educacao-sera-tema-de-formacao-no-santuario-da-saude-e-paz\/","name":"Fraternity and Education will be the theme of today&#039;s training session at the Sanctuary of Health and Peace.","isPartOf":{"@id":"https:\/\/www.padreeustaquio.com.br\/#website"},"primaryImageOfPage":{"@id":"https:\/\/www.padreeustaquio.com.br\/fraternidade-e-educacao-sera-tema-de-formacao-no-santuario-da-saude-e-paz\/#primaryimage"},"image":{"@id":"https:\/\/www.padreeustaquio.com.br\/fraternidade-e-educacao-sera-tema-de-formacao-no-santuario-da-saude-e-paz\/#primaryimage"},"thumbnailUrl":"https:\/\/www.padreeustaquio.com.br\/wp-content\/uploads\/2022\/03\/WhatsApp-Image-2022-03-12-at-17.36.19.jpeg","datePublished":"2022-03-14T08:56:00+00:00","description":"This Monday, the 14th, the parish formation lecture will have as its theme: \u201cFraternity and Education\u201d. The meeting will be led by Professor F\u00e1tima Gon\u00e7alves, who is the new director of the Padre Eust\u00e1quio Marist School. The formation, open to the public, will take place at 7:30 pm.","breadcrumb":{"@id":"https:\/\/www.padreeustaquio.com.br\/fraternidade-e-educacao-sera-tema-de-formacao-no-santuario-da-saude-e-paz\/#breadcrumb"},"inLanguage":"en-US","potentialAction":[{"@type":"ReadAction","target":["https:\/\/www.padreeustaquio.com.br\/fraternidade-e-educacao-sera-tema-de-formacao-no-santuario-da-saude-e-paz\/"]}]},{"@type":"ImageObject","inLanguage":"en-US","@id":"https:\/\/www.padreeustaquio.com.br\/fraternidade-e-educacao-sera-tema-de-formacao-no-santuario-da-saude-e-paz\/#primaryimage","url":"https:\/\/www.padreeustaquio.com.br\/wp-content\/uploads\/2022\/03\/WhatsApp-Image-2022-03-12-at-17.36.19.jpeg","contentUrl":"https:\/\/www.padreeustaquio.com.br\/wp-content\/uploads\/2022\/03\/WhatsApp-Image-2022-03-12-at-17.36.19.jpeg","width":1280,"height":640},{"@type":"BreadcrumbList","@id":"https:\/\/www.padreeustaquio.com.br\/fraternidade-e-educacao-sera-tema-de-formacao-no-santuario-da-saude-e-paz\/#breadcrumb","itemListElement":[{"@type":"ListItem","position":1,"name":"In\u00edcio","item":"https:\/\/www.padreeustaquio.com.br\/"},{"@type":"ListItem","position":2,"name":"Fraternidade e Educa\u00e7\u00e3o ser\u00e1 tema de Forma\u00e7\u00e3o hoje no Santu\u00e1rio da Sa\u00fade e Paz"}]},{"@type":"WebSite","@id":"https:\/\/www.padreeustaquio.com.br\/#website","url":"https:\/\/www.padreeustaquio.com.br\/","name":"FATHER EUST\u00c1QUIO","description":"Health and Peace","publisher":{"@id":"https:\/\/www.padreeustaquio.com.br\/#organization"},"potentialAction":[{"@type":"SearchAction","target":{"@type":"EntryPoint","urlTemplate":"https:\/\/www.padreeustaquio.com.br\/?s={search_term_string}"},"query-input":{"@type":"PropertyValueSpecification","valueRequired":true,"valueName":"search_term_string"}}],"inLanguage":"en-US"},{"@type":"Organization","@id":"https:\/\/www.padreeustaquio.com.br\/#organization","name":"FATHER EUST\u00c1QUIO","url":"https:\/\/www.padreeustaquio.com.br\/","logo":{"@type":"ImageObject","inLanguage":"en-US","@id":"https:\/\/www.padreeustaquio.com.br\/#\/schema\/logo\/image\/","url":"https:\/\/www.padreeustaquio.com.br\/wp-content\/uploads\/2019\/08\/marca.png","contentUrl":"https:\/\/www.padreeustaquio.com.br\/wp-content\/uploads\/2019\/08\/marca.png","width":350,"height":400,"caption":"Padre Eust\u00e1quio"},"image":{"@id":"https:\/\/www.padreeustaquio.com.br\/#\/schema\/logo\/image\/"},"sameAs":["https:\/\/www.facebook.com\/beatopadreeustaquio\/","https:\/\/x.com\/beatopeustaquio","https:\/\/www.instagram.com\/beatopadreeustaquio\/","https:\/\/www.youtube.com\/channel\/UCRhw7vfabnajwLxb1ZXMeIw"]},{"@type":"Person","@id":"https:\/\/www.padreeustaquio.com.br\/#\/schema\/person\/a2a51db1d00f1a7af0204a0f1ddb1566","name":"@sscc","image":{"@type":"ImageObject","inLanguage":"en-US","@id":"https:\/\/secure.gravatar.com\/avatar\/68cfafa5f44617fea54071e215026e0ff06be366c3d54a8425f04fdcb86f8c5f?s=96&d=mm&r=g","url":"https:\/\/secure.gravatar.com\/avatar\/68cfafa5f44617fea54071e215026e0ff06be366c3d54a8425f04fdcb86f8c5f?s=96&d=mm&r=g","contentUrl":"https:\/\/secure.gravatar.com\/avatar\/68cfafa5f44617fea54071e215026e0ff06be366c3d54a8425f04fdcb86f8c5f?s=96&d=mm&r=g","caption":"@sscc"},"url":"https:\/\/www.padreeustaquio.com.br\/en\/author\/sscc\/"}]}},"_links":{"self":[{"href":"https:\/\/www.padreeustaquio.com.br\/en\/wp-json\/wp\/v2\/posts\/8268","targetHints":{"allow":["GET"]}}],"collection":[{"href":"https:\/\/www.padreeustaquio.com.br\/en\/wp-json\/wp\/v2\/posts"}],"about":[{"href":"https:\/\/www.padreeustaquio.com.br\/en\/wp-json\/wp\/v2\/types\/post"}],"author":[{"embeddable":true,"href":"https:\/\/www.padreeustaquio.com.br\/en\/wp-json\/wp\/v2\/users\/2"}],"replies":[{"embeddable":true,"href":"https:\/\/www.padreeustaquio.com.br\/en\/wp-json\/wp\/v2\/comments?post=8268"}],"version-history":[{"count":0,"href":"https:\/\/www.padreeustaquio.com.br\/en\/wp-json\/wp\/v2\/posts\/8268\/revisions"}],"wp:featuredmedia":[{"embeddable":true,"href":"https:\/\/www.padreeustaquio.com.br\/en\/wp-json\/wp\/v2\/media\/8269"}],"wp:attachment":[{"href":"https:\/\/www.padreeustaquio.com.br\/en\/wp-json\/wp\/v2\/media?parent=8268"}],"wp:term":[{"taxonomy":"category","embeddable":true,"href":"https:\/\/www.padreeustaquio.com.br\/en\/wp-json\/wp\/v2\/categories?post=8268"},{"taxonomy":"post_tag","embeddable":true,"href":"https:\/\/www.padreeustaquio.com.br\/en\/wp-json\/wp\/v2\/tags?post=8268"}],"curies":[{"name":"wp","href":"https:\/\/api.w.org\/{rel}","templated":true}]}}