{"id":8262,"date":"2022-03-12T09:45:00","date_gmt":"2022-03-12T12:45:00","guid":{"rendered":"https:\/\/www.padreeustaquio.com.br\/?p=8262"},"modified":"2022-03-11T13:54:57","modified_gmt":"2022-03-11T16:54:57","slug":"second-sunday-of-lent-a-guide-to-celebrating-with-family","status":"publish","type":"post","link":"https:\/\/www.padreeustaquio.com.br\/en\/second-sunday-of-lent-a-guide-to-celebrating-with-family\/","title":{"rendered":"Second Sunday of Lent \u2013 a guide to celebrating with family"},"content":{"rendered":"<p>The &quot;Celebrating as a Family&quot; guide for the 2nd Sunday of Lent is now available. The material is provided by the Episcopal Pastoral Commission for Liturgy of the National Conference of Bishops of Brazil (CNBB).<\/p>\n\n\n\n<p>At the heart of this Sunday&#039;s Celebration of the Word is the passage of the Transfiguration of the Lord: \u201cAnd a voice came from the cloud, saying, \u201cThis is my Son, whom I have chosen; listen to him!\u201d\u201d Luke 9:35<\/p>\n\n\n\n<p>\u201cWe continue to offer this suggestion for a Celebration of the Word of God to be celebrated in your home, with your family. At the Sanctuary of Health and Peace, there are three times when masses are broadcast via [platform name].\u201d\u00a0<a href=\"https:\/\/www.youtube.com\/channel\/UCRhw7vfabnajwLxb1ZXMeIw\">Padre Eust\u00e1quio Channel<\/a>\u00a0(Saturday at 5 pm and Sunday at 10 am and 7 pm) which we can attend, but living the dignity of the priestly people that our baptism conferred upon us. We can not only attend, but celebrate the Lord&#039;s Day with our families.<\/p>\n\n\n\n<p><a href=\"https:\/\/bit.ly\/cef2qua\" target=\"_blank\" rel=\"noreferrer noopener\">Download the Family Celebration Guide for the 2nd Sunday of Lent.<\/a><\/p>\n\n\n\n<p><\/p>","protected":false},"excerpt":{"rendered":"<p>Est\u00e1 dispon\u00edvel o roteiro &#8220;Celebrar em Fam\u00edlia&#8221; para o 2\u00ba Domingo da Quaresma. O material \u00e9 oferecido pela Comiss\u00e3o Episcopal Pastoral para a Liturgia da Confer\u00eancia Nacional dos Bispos do Brasil (CNBB). No centro da Celebra\u00e7\u00e3o da Palavra deste domingo, a passagem da Transfigura\u00e7\u00e3o do Senhor: \u201cDa nuvem, por\u00e9m, saiu uma voz que dizia: \u201cEste \u00e9 o meu Filho, o Escolhido. Escutai o que ele diz!\u201d\u201d Lucas 9, 35 \u201cContinuamos a oferecer esta sugest\u00e3o de Celebra\u00e7\u00e3o da Palavra de Deus para ser celebrada em sua casa, com seus familiares. No Santu\u00e1rio da Sa\u00fade e Paz s\u00e3o tr\u00eas hor\u00e1rios de transmiss\u00e3o [&hellip;]<\/p>\n","protected":false},"author":2,"featured_media":8263,"comment_status":"open","ping_status":"closed","sticky":false,"template":"","format":"standard","meta":{"_acf_changed":false,"footnotes":""},"categories":[611],"tags":[],"class_list":["post-8262","post","type-post","status-publish","format-standard","has-post-thumbnail","hentry","category-noticias"],"acf":[],"yoast_head":"<!-- This site is optimized with the Yoast SEO plugin v27.2 - https:\/\/yoast.com\/product\/yoast-seo-wordpress\/ -->\n<title>Segundo Domingo da Quaresma - roteiro para celebrar em fam\u00edlia<\/title>\n<meta name=\"description\" content=\"Est\u00e1 dispon\u00edvel o roteiro &quot;Celebrar em Fam\u00edlia&quot; para o 2\u00ba Domingo da Quaresma. O material \u00e9 oferecido pela Comiss\u00e3o Episcopal Pastoral para a Liturgia da Confer\u00eancia Nacional dos Bispos do Brasil (CNBB).\" \/>\n<meta name=\"robots\" content=\"index, follow, max-snippet:-1, max-image-preview:large, max-video-preview:-1\" \/>\n<link rel=\"canonical\" href=\"https:\/\/www.padreeustaquio.com.br\/en\/second-sunday-of-lent-a-guide-to-celebrating-with-family\/\" \/>\n<meta property=\"og:locale\" content=\"en_US\" \/>\n<meta property=\"og:type\" content=\"article\" \/>\n<meta property=\"og:title\" content=\"Segundo Domingo da Quaresma - roteiro para celebrar em fam\u00edlia\" \/>\n<meta property=\"og:description\" content=\"Est\u00e1 dispon\u00edvel o roteiro &quot;Celebrar em Fam\u00edlia&quot; para o 2\u00ba Domingo da Quaresma. O material \u00e9 oferecido pela Comiss\u00e3o Episcopal Pastoral para a Liturgia da Confer\u00eancia Nacional dos Bispos do Brasil (CNBB).\" \/>\n<meta property=\"og:url\" content=\"https:\/\/www.padreeustaquio.com.br\/en\/second-sunday-of-lent-a-guide-to-celebrating-with-family\/\" \/>\n<meta property=\"og:site_name\" content=\"Padre Eust\u00e1quio\" \/>\n<meta property=\"article:publisher\" content=\"https:\/\/www.facebook.com\/beatopadreeustaquio\/\" \/>\n<meta property=\"article:published_time\" content=\"2022-03-12T12:45:00+00:00\" \/>\n<meta property=\"og:image\" content=\"https:\/\/www.padreeustaquio.com.br\/wp-content\/uploads\/2022\/03\/seg-dom-quar.jpg\" \/>\n\t<meta property=\"og:image:width\" content=\"748\" \/>\n\t<meta property=\"og:image:height\" content=\"394\" \/>\n\t<meta property=\"og:image:type\" content=\"image\/jpeg\" \/>\n<meta name=\"author\" content=\"@sscc\" \/>\n<meta name=\"twitter:card\" content=\"summary_large_image\" \/>\n<meta name=\"twitter:creator\" content=\"@beatopeustaquio\" \/>\n<meta name=\"twitter:site\" content=\"@beatopeustaquio\" \/>\n<meta name=\"twitter:label1\" content=\"Written by\" \/>\n\t<meta name=\"twitter:data1\" content=\"@sscc\" \/>\n\t<meta name=\"twitter:label2\" content=\"Est. reading time\" \/>\n\t<meta name=\"twitter:data2\" content=\"1 minute\" \/>\n<script type=\"application\/ld+json\" class=\"yoast-schema-graph\">{\"@context\":\"https:\/\/schema.org\",\"@graph\":[{\"@type\":\"Article\",\"@id\":\"https:\/\/www.padreeustaquio.com.br\/segundo-domingo-da-quaresma-roteiro-para-celebrar-em-familia\/#article\",\"isPartOf\":{\"@id\":\"https:\/\/www.padreeustaquio.com.br\/segundo-domingo-da-quaresma-roteiro-para-celebrar-em-familia\/\"},\"author\":{\"name\":\"@sscc\",\"@id\":\"https:\/\/www.padreeustaquio.com.br\/#\/schema\/person\/a2a51db1d00f1a7af0204a0f1ddb1566\"},\"headline\":\"Segundo Domingo da Quaresma &#8211; roteiro para celebrar em fam\u00edlia\",\"datePublished\":\"2022-03-12T12:45:00+00:00\",\"mainEntityOfPage\":{\"@id\":\"https:\/\/www.padreeustaquio.com.br\/segundo-domingo-da-quaresma-roteiro-para-celebrar-em-familia\/\"},\"wordCount\":181,\"commentCount\":0,\"publisher\":{\"@id\":\"https:\/\/www.padreeustaquio.com.br\/#organization\"},\"image\":{\"@id\":\"https:\/\/www.padreeustaquio.com.br\/segundo-domingo-da-quaresma-roteiro-para-celebrar-em-familia\/#primaryimage\"},\"thumbnailUrl\":\"https:\/\/www.padreeustaquio.com.br\/wp-content\/uploads\/2022\/03\/seg-dom-quar.jpg\",\"articleSection\":[\"Not\u00edcias\"],\"inLanguage\":\"en-US\",\"potentialAction\":[{\"@type\":\"CommentAction\",\"name\":\"Comment\",\"target\":[\"https:\/\/www.padreeustaquio.com.br\/segundo-domingo-da-quaresma-roteiro-para-celebrar-em-familia\/#respond\"]}]},{\"@type\":\"WebPage\",\"@id\":\"https:\/\/www.padreeustaquio.com.br\/segundo-domingo-da-quaresma-roteiro-para-celebrar-em-familia\/\",\"url\":\"https:\/\/www.padreeustaquio.com.br\/segundo-domingo-da-quaresma-roteiro-para-celebrar-em-familia\/\",\"name\":\"Segundo Domingo da Quaresma - roteiro para celebrar em fam\u00edlia\",\"isPartOf\":{\"@id\":\"https:\/\/www.padreeustaquio.com.br\/#website\"},\"primaryImageOfPage\":{\"@id\":\"https:\/\/www.padreeustaquio.com.br\/segundo-domingo-da-quaresma-roteiro-para-celebrar-em-familia\/#primaryimage\"},\"image\":{\"@id\":\"https:\/\/www.padreeustaquio.com.br\/segundo-domingo-da-quaresma-roteiro-para-celebrar-em-familia\/#primaryimage\"},\"thumbnailUrl\":\"https:\/\/www.padreeustaquio.com.br\/wp-content\/uploads\/2022\/03\/seg-dom-quar.jpg\",\"datePublished\":\"2022-03-12T12:45:00+00:00\",\"description\":\"Est\u00e1 dispon\u00edvel o roteiro \\\"Celebrar em Fam\u00edlia\\\" para o 2\u00ba Domingo da Quaresma. O material \u00e9 oferecido pela Comiss\u00e3o Episcopal Pastoral para a Liturgia da Confer\u00eancia Nacional dos Bispos do Brasil (CNBB).\",\"breadcrumb\":{\"@id\":\"https:\/\/www.padreeustaquio.com.br\/segundo-domingo-da-quaresma-roteiro-para-celebrar-em-familia\/#breadcrumb\"},\"inLanguage\":\"en-US\",\"potentialAction\":[{\"@type\":\"ReadAction\",\"target\":[\"https:\/\/www.padreeustaquio.com.br\/segundo-domingo-da-quaresma-roteiro-para-celebrar-em-familia\/\"]}]},{\"@type\":\"ImageObject\",\"inLanguage\":\"en-US\",\"@id\":\"https:\/\/www.padreeustaquio.com.br\/segundo-domingo-da-quaresma-roteiro-para-celebrar-em-familia\/#primaryimage\",\"url\":\"https:\/\/www.padreeustaquio.com.br\/wp-content\/uploads\/2022\/03\/seg-dom-quar.jpg\",\"contentUrl\":\"https:\/\/www.padreeustaquio.com.br\/wp-content\/uploads\/2022\/03\/seg-dom-quar.jpg\",\"width\":748,\"height\":394},{\"@type\":\"BreadcrumbList\",\"@id\":\"https:\/\/www.padreeustaquio.com.br\/segundo-domingo-da-quaresma-roteiro-para-celebrar-em-familia\/#breadcrumb\",\"itemListElement\":[{\"@type\":\"ListItem\",\"position\":1,\"name\":\"In\u00edcio\",\"item\":\"https:\/\/www.padreeustaquio.com.br\/\"},{\"@type\":\"ListItem\",\"position\":2,\"name\":\"Segundo Domingo da Quaresma &#8211; roteiro para celebrar em fam\u00edlia\"}]},{\"@type\":\"WebSite\",\"@id\":\"https:\/\/www.padreeustaquio.com.br\/#website\",\"url\":\"https:\/\/www.padreeustaquio.com.br\/\",\"name\":\"Padre Eust\u00e1quio\",\"description\":\"Sa\u00fade e Paz\",\"publisher\":{\"@id\":\"https:\/\/www.padreeustaquio.com.br\/#organization\"},\"potentialAction\":[{\"@type\":\"SearchAction\",\"target\":{\"@type\":\"EntryPoint\",\"urlTemplate\":\"https:\/\/www.padreeustaquio.com.br\/?s={search_term_string}\"},\"query-input\":{\"@type\":\"PropertyValueSpecification\",\"valueRequired\":true,\"valueName\":\"search_term_string\"}}],\"inLanguage\":\"en-US\"},{\"@type\":\"Organization\",\"@id\":\"https:\/\/www.padreeustaquio.com.br\/#organization\",\"name\":\"Padre Eust\u00e1quio\",\"url\":\"https:\/\/www.padreeustaquio.com.br\/\",\"logo\":{\"@type\":\"ImageObject\",\"inLanguage\":\"en-US\",\"@id\":\"https:\/\/www.padreeustaquio.com.br\/#\/schema\/logo\/image\/\",\"url\":\"https:\/\/www.padreeustaquio.com.br\/wp-content\/uploads\/2019\/08\/marca.png\",\"contentUrl\":\"https:\/\/www.padreeustaquio.com.br\/wp-content\/uploads\/2019\/08\/marca.png\",\"width\":350,\"height\":400,\"caption\":\"Padre Eust\u00e1quio\"},\"image\":{\"@id\":\"https:\/\/www.padreeustaquio.com.br\/#\/schema\/logo\/image\/\"},\"sameAs\":[\"https:\/\/www.facebook.com\/beatopadreeustaquio\/\",\"https:\/\/x.com\/beatopeustaquio\",\"https:\/\/www.instagram.com\/beatopadreeustaquio\/\",\"https:\/\/www.youtube.com\/channel\/UCRhw7vfabnajwLxb1ZXMeIw\"]},{\"@type\":\"Person\",\"@id\":\"https:\/\/www.padreeustaquio.com.br\/#\/schema\/person\/a2a51db1d00f1a7af0204a0f1ddb1566\",\"name\":\"@sscc\",\"image\":{\"@type\":\"ImageObject\",\"inLanguage\":\"en-US\",\"@id\":\"https:\/\/secure.gravatar.com\/avatar\/68cfafa5f44617fea54071e215026e0ff06be366c3d54a8425f04fdcb86f8c5f?s=96&d=mm&r=g\",\"url\":\"https:\/\/secure.gravatar.com\/avatar\/68cfafa5f44617fea54071e215026e0ff06be366c3d54a8425f04fdcb86f8c5f?s=96&d=mm&r=g\",\"contentUrl\":\"https:\/\/secure.gravatar.com\/avatar\/68cfafa5f44617fea54071e215026e0ff06be366c3d54a8425f04fdcb86f8c5f?s=96&d=mm&r=g\",\"caption\":\"@sscc\"},\"url\":\"https:\/\/www.padreeustaquio.com.br\/en\/author\/sscc\/\"}]}<\/script>\n<!-- \/ Yoast SEO plugin. -->","yoast_head_json":{"title":"Second Sunday of Lent - a guide to celebrating with family","description":"The &quot;Celebrating as a Family&quot; guide for the 2nd Sunday of Lent is now available. The material is provided by the Episcopal Pastoral Commission for Liturgy of the National Conference of Bishops of Brazil (CNBB).","robots":{"index":"index","follow":"follow","max-snippet":"max-snippet:-1","max-image-preview":"max-image-preview:large","max-video-preview":"max-video-preview:-1"},"canonical":"https:\/\/www.padreeustaquio.com.br\/en\/second-sunday-of-lent-a-guide-to-celebrating-with-family\/","og_locale":"en_US","og_type":"article","og_title":"Segundo Domingo da Quaresma - roteiro para celebrar em fam\u00edlia","og_description":"Est\u00e1 dispon\u00edvel o roteiro \"Celebrar em Fam\u00edlia\" para o 2\u00ba Domingo da Quaresma. O material \u00e9 oferecido pela Comiss\u00e3o Episcopal Pastoral para a Liturgia da Confer\u00eancia Nacional dos Bispos do Brasil (CNBB).","og_url":"https:\/\/www.padreeustaquio.com.br\/en\/second-sunday-of-lent-a-guide-to-celebrating-with-family\/","og_site_name":"Padre Eust\u00e1quio","article_publisher":"https:\/\/www.facebook.com\/beatopadreeustaquio\/","article_published_time":"2022-03-12T12:45:00+00:00","og_image":[{"width":748,"height":394,"url":"https:\/\/www.padreeustaquio.com.br\/wp-content\/uploads\/2022\/03\/seg-dom-quar.jpg","type":"image\/jpeg"}],"author":"@sscc","twitter_card":"summary_large_image","twitter_creator":"@beatopeustaquio","twitter_site":"@beatopeustaquio","twitter_misc":{"Written by":"@sscc","Est. reading time":"1 minute"},"schema":{"@context":"https:\/\/schema.org","@graph":[{"@type":"Article","@id":"https:\/\/www.padreeustaquio.com.br\/segundo-domingo-da-quaresma-roteiro-para-celebrar-em-familia\/#article","isPartOf":{"@id":"https:\/\/www.padreeustaquio.com.br\/segundo-domingo-da-quaresma-roteiro-para-celebrar-em-familia\/"},"author":{"name":"@sscc","@id":"https:\/\/www.padreeustaquio.com.br\/#\/schema\/person\/a2a51db1d00f1a7af0204a0f1ddb1566"},"headline":"Segundo Domingo da Quaresma &#8211; roteiro para celebrar em fam\u00edlia","datePublished":"2022-03-12T12:45:00+00:00","mainEntityOfPage":{"@id":"https:\/\/www.padreeustaquio.com.br\/segundo-domingo-da-quaresma-roteiro-para-celebrar-em-familia\/"},"wordCount":181,"commentCount":0,"publisher":{"@id":"https:\/\/www.padreeustaquio.com.br\/#organization"},"image":{"@id":"https:\/\/www.padreeustaquio.com.br\/segundo-domingo-da-quaresma-roteiro-para-celebrar-em-familia\/#primaryimage"},"thumbnailUrl":"https:\/\/www.padreeustaquio.com.br\/wp-content\/uploads\/2022\/03\/seg-dom-quar.jpg","articleSection":["Not\u00edcias"],"inLanguage":"en-US","potentialAction":[{"@type":"CommentAction","name":"Comment","target":["https:\/\/www.padreeustaquio.com.br\/segundo-domingo-da-quaresma-roteiro-para-celebrar-em-familia\/#respond"]}]},{"@type":"WebPage","@id":"https:\/\/www.padreeustaquio.com.br\/segundo-domingo-da-quaresma-roteiro-para-celebrar-em-familia\/","url":"https:\/\/www.padreeustaquio.com.br\/segundo-domingo-da-quaresma-roteiro-para-celebrar-em-familia\/","name":"Second Sunday of Lent - a guide to celebrating with family","isPartOf":{"@id":"https:\/\/www.padreeustaquio.com.br\/#website"},"primaryImageOfPage":{"@id":"https:\/\/www.padreeustaquio.com.br\/segundo-domingo-da-quaresma-roteiro-para-celebrar-em-familia\/#primaryimage"},"image":{"@id":"https:\/\/www.padreeustaquio.com.br\/segundo-domingo-da-quaresma-roteiro-para-celebrar-em-familia\/#primaryimage"},"thumbnailUrl":"https:\/\/www.padreeustaquio.com.br\/wp-content\/uploads\/2022\/03\/seg-dom-quar.jpg","datePublished":"2022-03-12T12:45:00+00:00","description":"The &quot;Celebrating as a Family&quot; guide for the 2nd Sunday of Lent is now available. The material is provided by the Episcopal Pastoral Commission for Liturgy of the National Conference of Bishops of Brazil (CNBB).","breadcrumb":{"@id":"https:\/\/www.padreeustaquio.com.br\/segundo-domingo-da-quaresma-roteiro-para-celebrar-em-familia\/#breadcrumb"},"inLanguage":"en-US","potentialAction":[{"@type":"ReadAction","target":["https:\/\/www.padreeustaquio.com.br\/segundo-domingo-da-quaresma-roteiro-para-celebrar-em-familia\/"]}]},{"@type":"ImageObject","inLanguage":"en-US","@id":"https:\/\/www.padreeustaquio.com.br\/segundo-domingo-da-quaresma-roteiro-para-celebrar-em-familia\/#primaryimage","url":"https:\/\/www.padreeustaquio.com.br\/wp-content\/uploads\/2022\/03\/seg-dom-quar.jpg","contentUrl":"https:\/\/www.padreeustaquio.com.br\/wp-content\/uploads\/2022\/03\/seg-dom-quar.jpg","width":748,"height":394},{"@type":"BreadcrumbList","@id":"https:\/\/www.padreeustaquio.com.br\/segundo-domingo-da-quaresma-roteiro-para-celebrar-em-familia\/#breadcrumb","itemListElement":[{"@type":"ListItem","position":1,"name":"In\u00edcio","item":"https:\/\/www.padreeustaquio.com.br\/"},{"@type":"ListItem","position":2,"name":"Segundo Domingo da Quaresma &#8211; roteiro para celebrar em fam\u00edlia"}]},{"@type":"WebSite","@id":"https:\/\/www.padreeustaquio.com.br\/#website","url":"https:\/\/www.padreeustaquio.com.br\/","name":"FATHER EUST\u00c1QUIO","description":"Health and Peace","publisher":{"@id":"https:\/\/www.padreeustaquio.com.br\/#organization"},"potentialAction":[{"@type":"SearchAction","target":{"@type":"EntryPoint","urlTemplate":"https:\/\/www.padreeustaquio.com.br\/?s={search_term_string}"},"query-input":{"@type":"PropertyValueSpecification","valueRequired":true,"valueName":"search_term_string"}}],"inLanguage":"en-US"},{"@type":"Organization","@id":"https:\/\/www.padreeustaquio.com.br\/#organization","name":"FATHER EUST\u00c1QUIO","url":"https:\/\/www.padreeustaquio.com.br\/","logo":{"@type":"ImageObject","inLanguage":"en-US","@id":"https:\/\/www.padreeustaquio.com.br\/#\/schema\/logo\/image\/","url":"https:\/\/www.padreeustaquio.com.br\/wp-content\/uploads\/2019\/08\/marca.png","contentUrl":"https:\/\/www.padreeustaquio.com.br\/wp-content\/uploads\/2019\/08\/marca.png","width":350,"height":400,"caption":"Padre Eust\u00e1quio"},"image":{"@id":"https:\/\/www.padreeustaquio.com.br\/#\/schema\/logo\/image\/"},"sameAs":["https:\/\/www.facebook.com\/beatopadreeustaquio\/","https:\/\/x.com\/beatopeustaquio","https:\/\/www.instagram.com\/beatopadreeustaquio\/","https:\/\/www.youtube.com\/channel\/UCRhw7vfabnajwLxb1ZXMeIw"]},{"@type":"Person","@id":"https:\/\/www.padreeustaquio.com.br\/#\/schema\/person\/a2a51db1d00f1a7af0204a0f1ddb1566","name":"@sscc","image":{"@type":"ImageObject","inLanguage":"en-US","@id":"https:\/\/secure.gravatar.com\/avatar\/68cfafa5f44617fea54071e215026e0ff06be366c3d54a8425f04fdcb86f8c5f?s=96&d=mm&r=g","url":"https:\/\/secure.gravatar.com\/avatar\/68cfafa5f44617fea54071e215026e0ff06be366c3d54a8425f04fdcb86f8c5f?s=96&d=mm&r=g","contentUrl":"https:\/\/secure.gravatar.com\/avatar\/68cfafa5f44617fea54071e215026e0ff06be366c3d54a8425f04fdcb86f8c5f?s=96&d=mm&r=g","caption":"@sscc"},"url":"https:\/\/www.padreeustaquio.com.br\/en\/author\/sscc\/"}]}},"_links":{"self":[{"href":"https:\/\/www.padreeustaquio.com.br\/en\/wp-json\/wp\/v2\/posts\/8262","targetHints":{"allow":["GET"]}}],"collection":[{"href":"https:\/\/www.padreeustaquio.com.br\/en\/wp-json\/wp\/v2\/posts"}],"about":[{"href":"https:\/\/www.padreeustaquio.com.br\/en\/wp-json\/wp\/v2\/types\/post"}],"author":[{"embeddable":true,"href":"https:\/\/www.padreeustaquio.com.br\/en\/wp-json\/wp\/v2\/users\/2"}],"replies":[{"embeddable":true,"href":"https:\/\/www.padreeustaquio.com.br\/en\/wp-json\/wp\/v2\/comments?post=8262"}],"version-history":[{"count":0,"href":"https:\/\/www.padreeustaquio.com.br\/en\/wp-json\/wp\/v2\/posts\/8262\/revisions"}],"wp:featuredmedia":[{"embeddable":true,"href":"https:\/\/www.padreeustaquio.com.br\/en\/wp-json\/wp\/v2\/media\/8263"}],"wp:attachment":[{"href":"https:\/\/www.padreeustaquio.com.br\/en\/wp-json\/wp\/v2\/media?parent=8262"}],"wp:term":[{"taxonomy":"category","embeddable":true,"href":"https:\/\/www.padreeustaquio.com.br\/en\/wp-json\/wp\/v2\/categories?post=8262"},{"taxonomy":"post_tag","embeddable":true,"href":"https:\/\/www.padreeustaquio.com.br\/en\/wp-json\/wp\/v2\/tags?post=8262"}],"curies":[{"name":"wp","href":"https:\/\/api.w.org\/{rel}","templated":true}]}}