{"id":8250,"date":"2022-03-09T05:52:00","date_gmt":"2022-03-09T08:52:00","guid":{"rendered":"https:\/\/www.padreeustaquio.com.br\/?p=8250"},"modified":"2022-03-09T15:18:58","modified_gmt":"2022-03-09T18:18:58","slug":"the-novena-to-saint-joseph-with-texts-by-father-eustaquio-begins-tomorrow-on-youtube","status":"publish","type":"post","link":"https:\/\/www.padreeustaquio.com.br\/en\/the-novena-to-saint-joseph-with-texts-by-father-eustaquio-begins-tomorrow-on-youtube\/","title":{"rendered":"The Novena to Saint Joseph, featuring texts by Father Eust\u00e1quio, begins tomorrow on YouTube."},"content":{"rendered":"<p>A novena to Saint Joseph, based on texts and prayers of Blessed Father Eustace, was developed especially for... <a href=\"https:\/\/www.youtube.com\/c\/CanalPadreEust%C3%A1quio\" target=\"_blank\" rel=\"noreferrer noopener\">Padre Eust\u00e1quio Channel<\/a> on YouTube. The recordings have already taken place and the first day of the novena will be shown on our channel starting tomorrow.<\/p>\n\n\n\n<p>The material was produced by the team of the National Secretariat for the Cause of Canonization of Blessed Father Eustace and recorded by the vice-postulator of the Cause, Father Vin\u00edcius Maciel, ss.cc. There will be nine days of prayers and reflections bringing us closer to Saint Joseph and the devotion that the Blessed Father had for him.<\/p>\n\n\n\n<p>Blessed Father Eustace was very devoted to Saint Joseph and made sure to make that clear at all times. When visiting the sick, he asked for the patriarch&#039;s intercession; when giving blessings in Po\u00e1-SP, he even made small images of Saint Joseph (the famous blessed ones) to distribute to the faithful; even in Belo Horizonte, he dedicated the future main church (now the Sanctuary of Health and Peace) to the foster father of Jesus.<\/p>\n\n\n\n<p>The novena consists of an introduction, taken from the prayer book of the Congregation of the Sacred Hearts that belonged to Father Eustace. Following this, there is a short text written by the Blessed for each of the nine days. And, to conclude each day, the Prayer to Saint Joseph composed by Father Eustace.<\/p>\n\n\n\n<p>To follow the novena, simply register at <a href=\"https:\/\/www.youtube.com\/c\/CanalPadreEust%C3%A1quio\" target=\"_blank\" rel=\"noreferrer noopener\">YouTube Channel Padre Eust\u00e1quio<\/a> and click on the bell to receive notifications. The material will also be sent via WhatsApp to the \u201cDevotees of Father Eust\u00e1quio\u201d groups. If you are not yet part of the group, simply send a message to the number (31) 99545-1943.<\/p>\n\n\n\n<p><\/p>\n\n\n\n<p><\/p>","protected":false},"excerpt":{"rendered":"<p>Uma novena a S\u00e3o Jos\u00e9 baseada em textos e ora\u00e7\u00f5es do Beato Padre Eust\u00e1quio foi desenvolvida especialmente para o Canal Padre Eust\u00e1quio no YouTube. As grava\u00e7\u00f5es j\u00e1 aconteceram e o primeiro dia da novena ser\u00e1 exibido em nosso canal a partir de amanh\u00e3. O material foi produzido pela equipe do Secretariado Nacional para a Causa de Canoniza\u00e7\u00e3o do Beato Padre Eust\u00e1quio e gravado pelo vice-postulador da Causa, Padre Vin\u00edcius Maciel, ss.cc. Ser\u00e3o nove dias de ora\u00e7\u00f5es e reflex\u00f5es nos aproximando de S\u00e3o Jos\u00e9 e da devo\u00e7\u00e3o que o Bem-aventurado nutria por ele. O Bem-aventurado Padre Eust\u00e1quio era muito devoto de [&hellip;]<\/p>\n","protected":false},"author":2,"featured_media":8252,"comment_status":"open","ping_status":"closed","sticky":false,"template":"","format":"standard","meta":{"_acf_changed":false,"footnotes":""},"categories":[611],"tags":[],"class_list":["post-8250","post","type-post","status-publish","format-standard","has-post-thumbnail","hentry","category-noticias"],"acf":[],"yoast_head":"<!-- This site is optimized with the Yoast SEO plugin v27.2 - https:\/\/yoast.com\/product\/yoast-seo-wordpress\/ -->\n<title>Come\u00e7a amanh\u00e3 no YouTube Novena de S\u00e3o Jos\u00e9 com textos do Padre Eust\u00e1quio<\/title>\n<meta name=\"description\" content=\"Uma novena a S\u00e3o Jos\u00e9 baseada em textos e ora\u00e7\u00f5es do Beato Padre Eust\u00e1quio foi desenvolvida especialmente para o Canal Padre Eust\u00e1quio no YouTube. As grava\u00e7\u00f5es j\u00e1 aconteceram e o primeiro dia da novena ser\u00e1 exibido em nosso canal a partir de amanh\u00e3.\" \/>\n<meta name=\"robots\" content=\"index, follow, max-snippet:-1, max-image-preview:large, max-video-preview:-1\" \/>\n<link rel=\"canonical\" href=\"https:\/\/www.padreeustaquio.com.br\/en\/the-novena-to-saint-joseph-with-texts-by-father-eustaquio-begins-tomorrow-on-youtube\/\" \/>\n<meta property=\"og:locale\" content=\"en_US\" \/>\n<meta property=\"og:type\" content=\"article\" \/>\n<meta property=\"og:title\" content=\"Come\u00e7a amanh\u00e3 no YouTube Novena de S\u00e3o Jos\u00e9 com textos do Padre Eust\u00e1quio\" \/>\n<meta property=\"og:description\" content=\"Uma novena a S\u00e3o Jos\u00e9 baseada em textos e ora\u00e7\u00f5es do Beato Padre Eust\u00e1quio foi desenvolvida especialmente para o Canal Padre Eust\u00e1quio no YouTube. As grava\u00e7\u00f5es j\u00e1 aconteceram e o primeiro dia da novena ser\u00e1 exibido em nosso canal a partir de amanh\u00e3.\" \/>\n<meta property=\"og:url\" content=\"https:\/\/www.padreeustaquio.com.br\/en\/the-novena-to-saint-joseph-with-texts-by-father-eustaquio-begins-tomorrow-on-youtube\/\" \/>\n<meta property=\"og:site_name\" content=\"Padre Eust\u00e1quio\" \/>\n<meta property=\"article:publisher\" content=\"https:\/\/www.facebook.com\/beatopadreeustaquio\/\" \/>\n<meta property=\"article:published_time\" content=\"2022-03-09T08:52:00+00:00\" \/>\n<meta property=\"article:modified_time\" content=\"2022-03-09T18:18:58+00:00\" \/>\n<meta property=\"og:image\" content=\"https:\/\/www.padreeustaquio.com.br\/wp-content\/uploads\/2022\/03\/foto-pvinicius-sao-jose-e1646849611323.jpg\" \/>\n\t<meta property=\"og:image:width\" content=\"1920\" \/>\n\t<meta property=\"og:image:height\" content=\"969\" \/>\n\t<meta property=\"og:image:type\" content=\"image\/jpeg\" \/>\n<meta name=\"author\" content=\"@sscc\" \/>\n<meta name=\"twitter:card\" content=\"summary_large_image\" \/>\n<meta name=\"twitter:creator\" content=\"@beatopeustaquio\" \/>\n<meta name=\"twitter:site\" content=\"@beatopeustaquio\" \/>\n<meta name=\"twitter:label1\" content=\"Written by\" \/>\n\t<meta name=\"twitter:data1\" content=\"@sscc\" \/>\n\t<meta name=\"twitter:label2\" content=\"Est. reading time\" \/>\n\t<meta name=\"twitter:data2\" content=\"2 minutes\" \/>\n<script type=\"application\/ld+json\" class=\"yoast-schema-graph\">{\"@context\":\"https:\/\/schema.org\",\"@graph\":[{\"@type\":\"Article\",\"@id\":\"https:\/\/www.padreeustaquio.com.br\/comeca-amanha-no-youtube-novena-de-sao-jose-com-textos-do-padre-eustaquio\/#article\",\"isPartOf\":{\"@id\":\"https:\/\/www.padreeustaquio.com.br\/comeca-amanha-no-youtube-novena-de-sao-jose-com-textos-do-padre-eustaquio\/\"},\"author\":{\"name\":\"@sscc\",\"@id\":\"https:\/\/www.padreeustaquio.com.br\/#\/schema\/person\/a2a51db1d00f1a7af0204a0f1ddb1566\"},\"headline\":\"Come\u00e7a amanh\u00e3 no YouTube Novena de S\u00e3o Jos\u00e9 com textos do Padre Eust\u00e1quio\",\"datePublished\":\"2022-03-09T08:52:00+00:00\",\"dateModified\":\"2022-03-09T18:18:58+00:00\",\"mainEntityOfPage\":{\"@id\":\"https:\/\/www.padreeustaquio.com.br\/comeca-amanha-no-youtube-novena-de-sao-jose-com-textos-do-padre-eustaquio\/\"},\"wordCount\":321,\"commentCount\":0,\"publisher\":{\"@id\":\"https:\/\/www.padreeustaquio.com.br\/#organization\"},\"image\":{\"@id\":\"https:\/\/www.padreeustaquio.com.br\/comeca-amanha-no-youtube-novena-de-sao-jose-com-textos-do-padre-eustaquio\/#primaryimage\"},\"thumbnailUrl\":\"https:\/\/www.padreeustaquio.com.br\/wp-content\/uploads\/2022\/03\/foto-pvinicius-sao-jose-e1646849611323.jpg\",\"articleSection\":[\"Not\u00edcias\"],\"inLanguage\":\"en-US\",\"potentialAction\":[{\"@type\":\"CommentAction\",\"name\":\"Comment\",\"target\":[\"https:\/\/www.padreeustaquio.com.br\/comeca-amanha-no-youtube-novena-de-sao-jose-com-textos-do-padre-eustaquio\/#respond\"]}]},{\"@type\":\"WebPage\",\"@id\":\"https:\/\/www.padreeustaquio.com.br\/comeca-amanha-no-youtube-novena-de-sao-jose-com-textos-do-padre-eustaquio\/\",\"url\":\"https:\/\/www.padreeustaquio.com.br\/comeca-amanha-no-youtube-novena-de-sao-jose-com-textos-do-padre-eustaquio\/\",\"name\":\"Come\u00e7a amanh\u00e3 no YouTube Novena de S\u00e3o Jos\u00e9 com textos do Padre Eust\u00e1quio\",\"isPartOf\":{\"@id\":\"https:\/\/www.padreeustaquio.com.br\/#website\"},\"primaryImageOfPage\":{\"@id\":\"https:\/\/www.padreeustaquio.com.br\/comeca-amanha-no-youtube-novena-de-sao-jose-com-textos-do-padre-eustaquio\/#primaryimage\"},\"image\":{\"@id\":\"https:\/\/www.padreeustaquio.com.br\/comeca-amanha-no-youtube-novena-de-sao-jose-com-textos-do-padre-eustaquio\/#primaryimage\"},\"thumbnailUrl\":\"https:\/\/www.padreeustaquio.com.br\/wp-content\/uploads\/2022\/03\/foto-pvinicius-sao-jose-e1646849611323.jpg\",\"datePublished\":\"2022-03-09T08:52:00+00:00\",\"dateModified\":\"2022-03-09T18:18:58+00:00\",\"description\":\"Uma novena a S\u00e3o Jos\u00e9 baseada em textos e ora\u00e7\u00f5es do Beato Padre Eust\u00e1quio foi desenvolvida especialmente para o Canal Padre Eust\u00e1quio no YouTube. As grava\u00e7\u00f5es j\u00e1 aconteceram e o primeiro dia da novena ser\u00e1 exibido em nosso canal a partir de amanh\u00e3.\",\"breadcrumb\":{\"@id\":\"https:\/\/www.padreeustaquio.com.br\/comeca-amanha-no-youtube-novena-de-sao-jose-com-textos-do-padre-eustaquio\/#breadcrumb\"},\"inLanguage\":\"en-US\",\"potentialAction\":[{\"@type\":\"ReadAction\",\"target\":[\"https:\/\/www.padreeustaquio.com.br\/comeca-amanha-no-youtube-novena-de-sao-jose-com-textos-do-padre-eustaquio\/\"]}]},{\"@type\":\"ImageObject\",\"inLanguage\":\"en-US\",\"@id\":\"https:\/\/www.padreeustaquio.com.br\/comeca-amanha-no-youtube-novena-de-sao-jose-com-textos-do-padre-eustaquio\/#primaryimage\",\"url\":\"https:\/\/www.padreeustaquio.com.br\/wp-content\/uploads\/2022\/03\/foto-pvinicius-sao-jose-e1646849611323.jpg\",\"contentUrl\":\"https:\/\/www.padreeustaquio.com.br\/wp-content\/uploads\/2022\/03\/foto-pvinicius-sao-jose-e1646849611323.jpg\",\"width\":1920,\"height\":969},{\"@type\":\"BreadcrumbList\",\"@id\":\"https:\/\/www.padreeustaquio.com.br\/comeca-amanha-no-youtube-novena-de-sao-jose-com-textos-do-padre-eustaquio\/#breadcrumb\",\"itemListElement\":[{\"@type\":\"ListItem\",\"position\":1,\"name\":\"In\u00edcio\",\"item\":\"https:\/\/www.padreeustaquio.com.br\/\"},{\"@type\":\"ListItem\",\"position\":2,\"name\":\"Come\u00e7a amanh\u00e3 no YouTube Novena de S\u00e3o Jos\u00e9 com textos do Padre Eust\u00e1quio\"}]},{\"@type\":\"WebSite\",\"@id\":\"https:\/\/www.padreeustaquio.com.br\/#website\",\"url\":\"https:\/\/www.padreeustaquio.com.br\/\",\"name\":\"Padre Eust\u00e1quio\",\"description\":\"Sa\u00fade e Paz\",\"publisher\":{\"@id\":\"https:\/\/www.padreeustaquio.com.br\/#organization\"},\"potentialAction\":[{\"@type\":\"SearchAction\",\"target\":{\"@type\":\"EntryPoint\",\"urlTemplate\":\"https:\/\/www.padreeustaquio.com.br\/?s={search_term_string}\"},\"query-input\":{\"@type\":\"PropertyValueSpecification\",\"valueRequired\":true,\"valueName\":\"search_term_string\"}}],\"inLanguage\":\"en-US\"},{\"@type\":\"Organization\",\"@id\":\"https:\/\/www.padreeustaquio.com.br\/#organization\",\"name\":\"Padre Eust\u00e1quio\",\"url\":\"https:\/\/www.padreeustaquio.com.br\/\",\"logo\":{\"@type\":\"ImageObject\",\"inLanguage\":\"en-US\",\"@id\":\"https:\/\/www.padreeustaquio.com.br\/#\/schema\/logo\/image\/\",\"url\":\"https:\/\/www.padreeustaquio.com.br\/wp-content\/uploads\/2019\/08\/marca.png\",\"contentUrl\":\"https:\/\/www.padreeustaquio.com.br\/wp-content\/uploads\/2019\/08\/marca.png\",\"width\":350,\"height\":400,\"caption\":\"Padre Eust\u00e1quio\"},\"image\":{\"@id\":\"https:\/\/www.padreeustaquio.com.br\/#\/schema\/logo\/image\/\"},\"sameAs\":[\"https:\/\/www.facebook.com\/beatopadreeustaquio\/\",\"https:\/\/x.com\/beatopeustaquio\",\"https:\/\/www.instagram.com\/beatopadreeustaquio\/\",\"https:\/\/www.youtube.com\/channel\/UCRhw7vfabnajwLxb1ZXMeIw\"]},{\"@type\":\"Person\",\"@id\":\"https:\/\/www.padreeustaquio.com.br\/#\/schema\/person\/a2a51db1d00f1a7af0204a0f1ddb1566\",\"name\":\"@sscc\",\"image\":{\"@type\":\"ImageObject\",\"inLanguage\":\"en-US\",\"@id\":\"https:\/\/secure.gravatar.com\/avatar\/68cfafa5f44617fea54071e215026e0ff06be366c3d54a8425f04fdcb86f8c5f?s=96&d=mm&r=g\",\"url\":\"https:\/\/secure.gravatar.com\/avatar\/68cfafa5f44617fea54071e215026e0ff06be366c3d54a8425f04fdcb86f8c5f?s=96&d=mm&r=g\",\"contentUrl\":\"https:\/\/secure.gravatar.com\/avatar\/68cfafa5f44617fea54071e215026e0ff06be366c3d54a8425f04fdcb86f8c5f?s=96&d=mm&r=g\",\"caption\":\"@sscc\"},\"url\":\"https:\/\/www.padreeustaquio.com.br\/en\/author\/sscc\/\"}]}<\/script>\n<!-- \/ Yoast SEO plugin. -->","yoast_head_json":{"title":"The Novena to Saint Joseph, featuring texts by Father Eust\u00e1quio, begins tomorrow on YouTube.","description":"A novena to Saint Joseph, based on texts and prayers by Blessed Father Eustace, was developed especially for the Father Eustace Channel on YouTube. The recordings have already taken place, and the first day of the novena will be shown on our channel starting tomorrow.","robots":{"index":"index","follow":"follow","max-snippet":"max-snippet:-1","max-image-preview":"max-image-preview:large","max-video-preview":"max-video-preview:-1"},"canonical":"https:\/\/www.padreeustaquio.com.br\/en\/the-novena-to-saint-joseph-with-texts-by-father-eustaquio-begins-tomorrow-on-youtube\/","og_locale":"en_US","og_type":"article","og_title":"Come\u00e7a amanh\u00e3 no YouTube Novena de S\u00e3o Jos\u00e9 com textos do Padre Eust\u00e1quio","og_description":"Uma novena a S\u00e3o Jos\u00e9 baseada em textos e ora\u00e7\u00f5es do Beato Padre Eust\u00e1quio foi desenvolvida especialmente para o Canal Padre Eust\u00e1quio no YouTube. As grava\u00e7\u00f5es j\u00e1 aconteceram e o primeiro dia da novena ser\u00e1 exibido em nosso canal a partir de amanh\u00e3.","og_url":"https:\/\/www.padreeustaquio.com.br\/en\/the-novena-to-saint-joseph-with-texts-by-father-eustaquio-begins-tomorrow-on-youtube\/","og_site_name":"Padre Eust\u00e1quio","article_publisher":"https:\/\/www.facebook.com\/beatopadreeustaquio\/","article_published_time":"2022-03-09T08:52:00+00:00","article_modified_time":"2022-03-09T18:18:58+00:00","og_image":[{"width":1920,"height":969,"url":"https:\/\/www.padreeustaquio.com.br\/wp-content\/uploads\/2022\/03\/foto-pvinicius-sao-jose-e1646849611323.jpg","type":"image\/jpeg"}],"author":"@sscc","twitter_card":"summary_large_image","twitter_creator":"@beatopeustaquio","twitter_site":"@beatopeustaquio","twitter_misc":{"Written by":"@sscc","Est. reading time":"2 minutes"},"schema":{"@context":"https:\/\/schema.org","@graph":[{"@type":"Article","@id":"https:\/\/www.padreeustaquio.com.br\/comeca-amanha-no-youtube-novena-de-sao-jose-com-textos-do-padre-eustaquio\/#article","isPartOf":{"@id":"https:\/\/www.padreeustaquio.com.br\/comeca-amanha-no-youtube-novena-de-sao-jose-com-textos-do-padre-eustaquio\/"},"author":{"name":"@sscc","@id":"https:\/\/www.padreeustaquio.com.br\/#\/schema\/person\/a2a51db1d00f1a7af0204a0f1ddb1566"},"headline":"Come\u00e7a amanh\u00e3 no YouTube Novena de S\u00e3o Jos\u00e9 com textos do Padre Eust\u00e1quio","datePublished":"2022-03-09T08:52:00+00:00","dateModified":"2022-03-09T18:18:58+00:00","mainEntityOfPage":{"@id":"https:\/\/www.padreeustaquio.com.br\/comeca-amanha-no-youtube-novena-de-sao-jose-com-textos-do-padre-eustaquio\/"},"wordCount":321,"commentCount":0,"publisher":{"@id":"https:\/\/www.padreeustaquio.com.br\/#organization"},"image":{"@id":"https:\/\/www.padreeustaquio.com.br\/comeca-amanha-no-youtube-novena-de-sao-jose-com-textos-do-padre-eustaquio\/#primaryimage"},"thumbnailUrl":"https:\/\/www.padreeustaquio.com.br\/wp-content\/uploads\/2022\/03\/foto-pvinicius-sao-jose-e1646849611323.jpg","articleSection":["Not\u00edcias"],"inLanguage":"en-US","potentialAction":[{"@type":"CommentAction","name":"Comment","target":["https:\/\/www.padreeustaquio.com.br\/comeca-amanha-no-youtube-novena-de-sao-jose-com-textos-do-padre-eustaquio\/#respond"]}]},{"@type":"WebPage","@id":"https:\/\/www.padreeustaquio.com.br\/comeca-amanha-no-youtube-novena-de-sao-jose-com-textos-do-padre-eustaquio\/","url":"https:\/\/www.padreeustaquio.com.br\/comeca-amanha-no-youtube-novena-de-sao-jose-com-textos-do-padre-eustaquio\/","name":"The Novena to Saint Joseph, featuring texts by Father Eust\u00e1quio, begins tomorrow on YouTube.","isPartOf":{"@id":"https:\/\/www.padreeustaquio.com.br\/#website"},"primaryImageOfPage":{"@id":"https:\/\/www.padreeustaquio.com.br\/comeca-amanha-no-youtube-novena-de-sao-jose-com-textos-do-padre-eustaquio\/#primaryimage"},"image":{"@id":"https:\/\/www.padreeustaquio.com.br\/comeca-amanha-no-youtube-novena-de-sao-jose-com-textos-do-padre-eustaquio\/#primaryimage"},"thumbnailUrl":"https:\/\/www.padreeustaquio.com.br\/wp-content\/uploads\/2022\/03\/foto-pvinicius-sao-jose-e1646849611323.jpg","datePublished":"2022-03-09T08:52:00+00:00","dateModified":"2022-03-09T18:18:58+00:00","description":"A novena to Saint Joseph, based on texts and prayers by Blessed Father Eustace, was developed especially for the Father Eustace Channel on YouTube. The recordings have already taken place, and the first day of the novena will be shown on our channel starting tomorrow.","breadcrumb":{"@id":"https:\/\/www.padreeustaquio.com.br\/comeca-amanha-no-youtube-novena-de-sao-jose-com-textos-do-padre-eustaquio\/#breadcrumb"},"inLanguage":"en-US","potentialAction":[{"@type":"ReadAction","target":["https:\/\/www.padreeustaquio.com.br\/comeca-amanha-no-youtube-novena-de-sao-jose-com-textos-do-padre-eustaquio\/"]}]},{"@type":"ImageObject","inLanguage":"en-US","@id":"https:\/\/www.padreeustaquio.com.br\/comeca-amanha-no-youtube-novena-de-sao-jose-com-textos-do-padre-eustaquio\/#primaryimage","url":"https:\/\/www.padreeustaquio.com.br\/wp-content\/uploads\/2022\/03\/foto-pvinicius-sao-jose-e1646849611323.jpg","contentUrl":"https:\/\/www.padreeustaquio.com.br\/wp-content\/uploads\/2022\/03\/foto-pvinicius-sao-jose-e1646849611323.jpg","width":1920,"height":969},{"@type":"BreadcrumbList","@id":"https:\/\/www.padreeustaquio.com.br\/comeca-amanha-no-youtube-novena-de-sao-jose-com-textos-do-padre-eustaquio\/#breadcrumb","itemListElement":[{"@type":"ListItem","position":1,"name":"In\u00edcio","item":"https:\/\/www.padreeustaquio.com.br\/"},{"@type":"ListItem","position":2,"name":"Come\u00e7a amanh\u00e3 no YouTube Novena de S\u00e3o Jos\u00e9 com textos do Padre Eust\u00e1quio"}]},{"@type":"WebSite","@id":"https:\/\/www.padreeustaquio.com.br\/#website","url":"https:\/\/www.padreeustaquio.com.br\/","name":"FATHER EUST\u00c1QUIO","description":"Health and Peace","publisher":{"@id":"https:\/\/www.padreeustaquio.com.br\/#organization"},"potentialAction":[{"@type":"SearchAction","target":{"@type":"EntryPoint","urlTemplate":"https:\/\/www.padreeustaquio.com.br\/?s={search_term_string}"},"query-input":{"@type":"PropertyValueSpecification","valueRequired":true,"valueName":"search_term_string"}}],"inLanguage":"en-US"},{"@type":"Organization","@id":"https:\/\/www.padreeustaquio.com.br\/#organization","name":"FATHER EUST\u00c1QUIO","url":"https:\/\/www.padreeustaquio.com.br\/","logo":{"@type":"ImageObject","inLanguage":"en-US","@id":"https:\/\/www.padreeustaquio.com.br\/#\/schema\/logo\/image\/","url":"https:\/\/www.padreeustaquio.com.br\/wp-content\/uploads\/2019\/08\/marca.png","contentUrl":"https:\/\/www.padreeustaquio.com.br\/wp-content\/uploads\/2019\/08\/marca.png","width":350,"height":400,"caption":"Padre Eust\u00e1quio"},"image":{"@id":"https:\/\/www.padreeustaquio.com.br\/#\/schema\/logo\/image\/"},"sameAs":["https:\/\/www.facebook.com\/beatopadreeustaquio\/","https:\/\/x.com\/beatopeustaquio","https:\/\/www.instagram.com\/beatopadreeustaquio\/","https:\/\/www.youtube.com\/channel\/UCRhw7vfabnajwLxb1ZXMeIw"]},{"@type":"Person","@id":"https:\/\/www.padreeustaquio.com.br\/#\/schema\/person\/a2a51db1d00f1a7af0204a0f1ddb1566","name":"@sscc","image":{"@type":"ImageObject","inLanguage":"en-US","@id":"https:\/\/secure.gravatar.com\/avatar\/68cfafa5f44617fea54071e215026e0ff06be366c3d54a8425f04fdcb86f8c5f?s=96&d=mm&r=g","url":"https:\/\/secure.gravatar.com\/avatar\/68cfafa5f44617fea54071e215026e0ff06be366c3d54a8425f04fdcb86f8c5f?s=96&d=mm&r=g","contentUrl":"https:\/\/secure.gravatar.com\/avatar\/68cfafa5f44617fea54071e215026e0ff06be366c3d54a8425f04fdcb86f8c5f?s=96&d=mm&r=g","caption":"@sscc"},"url":"https:\/\/www.padreeustaquio.com.br\/en\/author\/sscc\/"}]}},"_links":{"self":[{"href":"https:\/\/www.padreeustaquio.com.br\/en\/wp-json\/wp\/v2\/posts\/8250","targetHints":{"allow":["GET"]}}],"collection":[{"href":"https:\/\/www.padreeustaquio.com.br\/en\/wp-json\/wp\/v2\/posts"}],"about":[{"href":"https:\/\/www.padreeustaquio.com.br\/en\/wp-json\/wp\/v2\/types\/post"}],"author":[{"embeddable":true,"href":"https:\/\/www.padreeustaquio.com.br\/en\/wp-json\/wp\/v2\/users\/2"}],"replies":[{"embeddable":true,"href":"https:\/\/www.padreeustaquio.com.br\/en\/wp-json\/wp\/v2\/comments?post=8250"}],"version-history":[{"count":0,"href":"https:\/\/www.padreeustaquio.com.br\/en\/wp-json\/wp\/v2\/posts\/8250\/revisions"}],"wp:featuredmedia":[{"embeddable":true,"href":"https:\/\/www.padreeustaquio.com.br\/en\/wp-json\/wp\/v2\/media\/8252"}],"wp:attachment":[{"href":"https:\/\/www.padreeustaquio.com.br\/en\/wp-json\/wp\/v2\/media?parent=8250"}],"wp:term":[{"taxonomy":"category","embeddable":true,"href":"https:\/\/www.padreeustaquio.com.br\/en\/wp-json\/wp\/v2\/categories?post=8250"},{"taxonomy":"post_tag","embeddable":true,"href":"https:\/\/www.padreeustaquio.com.br\/en\/wp-json\/wp\/v2\/tags?post=8250"}],"curies":[{"name":"wp","href":"https:\/\/api.w.org\/{rel}","templated":true}]}}