{"id":8243,"date":"2022-03-08T06:15:00","date_gmt":"2022-03-08T09:15:00","guid":{"rendered":"https:\/\/www.padreeustaquio.com.br\/?p=8243"},"modified":"2022-03-07T19:18:32","modified_gmt":"2022-03-07T22:18:32","slug":"the-community-will-be-able-to-participate-in-the-reenactment-of-the-passion-of-christ-at-father-eustaquios-church","status":"publish","type":"post","link":"https:\/\/www.padreeustaquio.com.br\/en\/the-community-will-be-able-to-participate-in-the-reenactment-of-the-passion-of-christ-at-father-eustaquios-church\/","title":{"rendered":"The community will be able to participate in the reenactment of the Passion of Christ at the Church of Father Eust\u00e1quio."},"content":{"rendered":"<p>On April 15th of this year, the Church throughout the world will celebrate the Passion and Death of Our Lord. On this day, the reenactment of Christ&#039;s final moments on Earth is a very common custom among churches, especially in Brazil. At the Sanctuary of Health and Peace, it will be no different. However, this year, in addition to the young people of the Sacred Hearts Parish, the entire community is invited to participate in the reenactment.<\/p>\n\n\n\n<p>The theatrical performance depicting Christ&#039;s journey to the Cross is a tradition at the Padre Eust\u00e1quio Church. For the past two years, this tradition was interrupted by the pandemic, but now the idea is to integrate the entire community into this work of love and dedication.<\/p>\n\n\n\n<p>To participate, simply register. <a href=\"https:\/\/forms.gle\/5MTX1e8XmAMEGzx17\" target=\"_blank\" rel=\"noreferrer noopener\">CLICK HERE<\/a> and by filling out the form. Registration is open until next Friday, March 11th. The organization of the performance is in charge of the Sacred Hearts Youth Ministry, which will later contact each registrant to provide dates for meetings and rehearsals.<\/p>\n\n\n\n<p>For more information, speak directly with the organizers: Eric \u2013 (31) 99120-6416; Pedro \u2013 (31) 99117-1506 or Gabriela \u2013 (31) 99634-0705. Come and participate with us in this very important and intense moment of Holy Week.<\/p>\n\n\n\n<p><\/p>","protected":false},"excerpt":{"rendered":"<p>No dia 15 de abril deste ano, a Igreja no mundo todo vai celebrar a Paix\u00e3o e Morte de Nosso Senhor. Neste dia, a representa\u00e7\u00e3o dos \u00faltimos momentos de Cristo na Terra \u00e9 um costume muito comum entre as igrejas, sobretudo no Brasil. No Santu\u00e1rio da Sa\u00fade e da Paz, n\u00e3o ser\u00e1 diferente. Por\u00e9m, este ano, al\u00e9m dos jovens da Par\u00f3quia dos Sagrados Cora\u00e7\u00f5es, toda a comunidade est\u00e1 sendo convidada a participar da encena\u00e7\u00e3o. O teatro que mostra como foi a trajet\u00f3ria de Cristo rumo \u00e0 Cruz, \u00e9 uma tradi\u00e7\u00e3o na Igreja do Padre Eust\u00e1quio. Nos dois \u00faltimos anos, esta [&hellip;]<\/p>\n","protected":false},"author":2,"featured_media":8244,"comment_status":"open","ping_status":"closed","sticky":false,"template":"","format":"standard","meta":{"_acf_changed":false,"footnotes":""},"categories":[611],"tags":[],"class_list":["post-8243","post","type-post","status-publish","format-standard","has-post-thumbnail","hentry","category-noticias"],"acf":[],"yoast_head":"<!-- This site is optimized with the Yoast SEO plugin v27.2 - https:\/\/yoast.com\/product\/yoast-seo-wordpress\/ -->\n<title>Comunidade poder\u00e1 participar da encena\u00e7\u00e3o da Paix\u00e3o de Cristo na Igreja do Padre Eust\u00e1quio<\/title>\n<meta name=\"description\" content=\"No dia 15 de abril deste ano, a Igreja vai celebrar a Paix\u00e3o e Morte de Nosso Senhor e desta vez, al\u00e9m dos jovens da par\u00f3quia toda a comunidade est\u00e1 sendo convidada a participar da encena\u00e7\u00e3o na Igreja do Padre Eust\u00e1quio. Clique e veja como participar!\" \/>\n<meta name=\"robots\" content=\"index, follow, max-snippet:-1, max-image-preview:large, max-video-preview:-1\" \/>\n<link rel=\"canonical\" href=\"https:\/\/www.padreeustaquio.com.br\/en\/the-community-will-be-able-to-participate-in-the-reenactment-of-the-passion-of-christ-at-father-eustaquios-church\/\" \/>\n<meta property=\"og:locale\" content=\"en_US\" \/>\n<meta property=\"og:type\" content=\"article\" \/>\n<meta property=\"og:title\" content=\"Comunidade poder\u00e1 participar da encena\u00e7\u00e3o da Paix\u00e3o de Cristo na Igreja do Padre Eust\u00e1quio\" \/>\n<meta property=\"og:description\" content=\"No dia 15 de abril deste ano, a Igreja vai celebrar a Paix\u00e3o e Morte de Nosso Senhor e desta vez, al\u00e9m dos jovens da par\u00f3quia toda a comunidade est\u00e1 sendo convidada a participar da encena\u00e7\u00e3o na Igreja do Padre Eust\u00e1quio. Clique e veja como participar!\" \/>\n<meta property=\"og:url\" content=\"https:\/\/www.padreeustaquio.com.br\/en\/the-community-will-be-able-to-participate-in-the-reenactment-of-the-passion-of-christ-at-father-eustaquios-church\/\" \/>\n<meta property=\"og:site_name\" content=\"Padre Eust\u00e1quio\" \/>\n<meta property=\"article:publisher\" content=\"https:\/\/www.facebook.com\/beatopadreeustaquio\/\" \/>\n<meta property=\"article:published_time\" content=\"2022-03-08T09:15:00+00:00\" \/>\n<meta property=\"og:image\" content=\"https:\/\/www.padreeustaquio.com.br\/wp-content\/uploads\/2022\/03\/crown_of_thorns.jpg\" \/>\n\t<meta property=\"og:image:width\" content=\"1540\" \/>\n\t<meta property=\"og:image:height\" content=\"866\" \/>\n\t<meta property=\"og:image:type\" content=\"image\/jpeg\" \/>\n<meta name=\"author\" content=\"@sscc\" \/>\n<meta name=\"twitter:card\" content=\"summary_large_image\" \/>\n<meta name=\"twitter:creator\" content=\"@beatopeustaquio\" \/>\n<meta name=\"twitter:site\" content=\"@beatopeustaquio\" \/>\n<meta name=\"twitter:label1\" content=\"Written by\" \/>\n\t<meta name=\"twitter:data1\" content=\"@sscc\" \/>\n\t<meta name=\"twitter:label2\" content=\"Est. reading time\" \/>\n\t<meta name=\"twitter:data2\" content=\"1 minute\" \/>\n<script type=\"application\/ld+json\" class=\"yoast-schema-graph\">{\"@context\":\"https:\/\/schema.org\",\"@graph\":[{\"@type\":\"Article\",\"@id\":\"https:\/\/www.padreeustaquio.com.br\/comunidade-podera-participar-da-encenacao-da-paixao-de-cristo-na-igreja-do-padre-eustaquio\/#article\",\"isPartOf\":{\"@id\":\"https:\/\/www.padreeustaquio.com.br\/comunidade-podera-participar-da-encenacao-da-paixao-de-cristo-na-igreja-do-padre-eustaquio\/\"},\"author\":{\"name\":\"@sscc\",\"@id\":\"https:\/\/www.padreeustaquio.com.br\/#\/schema\/person\/a2a51db1d00f1a7af0204a0f1ddb1566\"},\"headline\":\"Comunidade poder\u00e1 participar da encena\u00e7\u00e3o da Paix\u00e3o de Cristo na Igreja do Padre Eust\u00e1quio\",\"datePublished\":\"2022-03-08T09:15:00+00:00\",\"mainEntityOfPage\":{\"@id\":\"https:\/\/www.padreeustaquio.com.br\/comunidade-podera-participar-da-encenacao-da-paixao-de-cristo-na-igreja-do-padre-eustaquio\/\"},\"wordCount\":239,\"commentCount\":0,\"publisher\":{\"@id\":\"https:\/\/www.padreeustaquio.com.br\/#organization\"},\"image\":{\"@id\":\"https:\/\/www.padreeustaquio.com.br\/comunidade-podera-participar-da-encenacao-da-paixao-de-cristo-na-igreja-do-padre-eustaquio\/#primaryimage\"},\"thumbnailUrl\":\"https:\/\/www.padreeustaquio.com.br\/wp-content\/uploads\/2022\/03\/crown_of_thorns.jpg\",\"articleSection\":[\"Not\u00edcias\"],\"inLanguage\":\"en-US\",\"potentialAction\":[{\"@type\":\"CommentAction\",\"name\":\"Comment\",\"target\":[\"https:\/\/www.padreeustaquio.com.br\/comunidade-podera-participar-da-encenacao-da-paixao-de-cristo-na-igreja-do-padre-eustaquio\/#respond\"]}]},{\"@type\":\"WebPage\",\"@id\":\"https:\/\/www.padreeustaquio.com.br\/comunidade-podera-participar-da-encenacao-da-paixao-de-cristo-na-igreja-do-padre-eustaquio\/\",\"url\":\"https:\/\/www.padreeustaquio.com.br\/comunidade-podera-participar-da-encenacao-da-paixao-de-cristo-na-igreja-do-padre-eustaquio\/\",\"name\":\"Comunidade poder\u00e1 participar da encena\u00e7\u00e3o da Paix\u00e3o de Cristo na Igreja do Padre Eust\u00e1quio\",\"isPartOf\":{\"@id\":\"https:\/\/www.padreeustaquio.com.br\/#website\"},\"primaryImageOfPage\":{\"@id\":\"https:\/\/www.padreeustaquio.com.br\/comunidade-podera-participar-da-encenacao-da-paixao-de-cristo-na-igreja-do-padre-eustaquio\/#primaryimage\"},\"image\":{\"@id\":\"https:\/\/www.padreeustaquio.com.br\/comunidade-podera-participar-da-encenacao-da-paixao-de-cristo-na-igreja-do-padre-eustaquio\/#primaryimage\"},\"thumbnailUrl\":\"https:\/\/www.padreeustaquio.com.br\/wp-content\/uploads\/2022\/03\/crown_of_thorns.jpg\",\"datePublished\":\"2022-03-08T09:15:00+00:00\",\"description\":\"No dia 15 de abril deste ano, a Igreja vai celebrar a Paix\u00e3o e Morte de Nosso Senhor e desta vez, al\u00e9m dos jovens da par\u00f3quia toda a comunidade est\u00e1 sendo convidada a participar da encena\u00e7\u00e3o na Igreja do Padre Eust\u00e1quio. Clique e veja como participar!\",\"breadcrumb\":{\"@id\":\"https:\/\/www.padreeustaquio.com.br\/comunidade-podera-participar-da-encenacao-da-paixao-de-cristo-na-igreja-do-padre-eustaquio\/#breadcrumb\"},\"inLanguage\":\"en-US\",\"potentialAction\":[{\"@type\":\"ReadAction\",\"target\":[\"https:\/\/www.padreeustaquio.com.br\/comunidade-podera-participar-da-encenacao-da-paixao-de-cristo-na-igreja-do-padre-eustaquio\/\"]}]},{\"@type\":\"ImageObject\",\"inLanguage\":\"en-US\",\"@id\":\"https:\/\/www.padreeustaquio.com.br\/comunidade-podera-participar-da-encenacao-da-paixao-de-cristo-na-igreja-do-padre-eustaquio\/#primaryimage\",\"url\":\"https:\/\/www.padreeustaquio.com.br\/wp-content\/uploads\/2022\/03\/crown_of_thorns.jpg\",\"contentUrl\":\"https:\/\/www.padreeustaquio.com.br\/wp-content\/uploads\/2022\/03\/crown_of_thorns.jpg\",\"width\":1540,\"height\":866},{\"@type\":\"BreadcrumbList\",\"@id\":\"https:\/\/www.padreeustaquio.com.br\/comunidade-podera-participar-da-encenacao-da-paixao-de-cristo-na-igreja-do-padre-eustaquio\/#breadcrumb\",\"itemListElement\":[{\"@type\":\"ListItem\",\"position\":1,\"name\":\"In\u00edcio\",\"item\":\"https:\/\/www.padreeustaquio.com.br\/\"},{\"@type\":\"ListItem\",\"position\":2,\"name\":\"Comunidade poder\u00e1 participar da encena\u00e7\u00e3o da Paix\u00e3o de Cristo na Igreja do Padre Eust\u00e1quio\"}]},{\"@type\":\"WebSite\",\"@id\":\"https:\/\/www.padreeustaquio.com.br\/#website\",\"url\":\"https:\/\/www.padreeustaquio.com.br\/\",\"name\":\"Padre Eust\u00e1quio\",\"description\":\"Sa\u00fade e Paz\",\"publisher\":{\"@id\":\"https:\/\/www.padreeustaquio.com.br\/#organization\"},\"potentialAction\":[{\"@type\":\"SearchAction\",\"target\":{\"@type\":\"EntryPoint\",\"urlTemplate\":\"https:\/\/www.padreeustaquio.com.br\/?s={search_term_string}\"},\"query-input\":{\"@type\":\"PropertyValueSpecification\",\"valueRequired\":true,\"valueName\":\"search_term_string\"}}],\"inLanguage\":\"en-US\"},{\"@type\":\"Organization\",\"@id\":\"https:\/\/www.padreeustaquio.com.br\/#organization\",\"name\":\"Padre Eust\u00e1quio\",\"url\":\"https:\/\/www.padreeustaquio.com.br\/\",\"logo\":{\"@type\":\"ImageObject\",\"inLanguage\":\"en-US\",\"@id\":\"https:\/\/www.padreeustaquio.com.br\/#\/schema\/logo\/image\/\",\"url\":\"https:\/\/www.padreeustaquio.com.br\/wp-content\/uploads\/2019\/08\/marca.png\",\"contentUrl\":\"https:\/\/www.padreeustaquio.com.br\/wp-content\/uploads\/2019\/08\/marca.png\",\"width\":350,\"height\":400,\"caption\":\"Padre Eust\u00e1quio\"},\"image\":{\"@id\":\"https:\/\/www.padreeustaquio.com.br\/#\/schema\/logo\/image\/\"},\"sameAs\":[\"https:\/\/www.facebook.com\/beatopadreeustaquio\/\",\"https:\/\/x.com\/beatopeustaquio\",\"https:\/\/www.instagram.com\/beatopadreeustaquio\/\",\"https:\/\/www.youtube.com\/channel\/UCRhw7vfabnajwLxb1ZXMeIw\"]},{\"@type\":\"Person\",\"@id\":\"https:\/\/www.padreeustaquio.com.br\/#\/schema\/person\/a2a51db1d00f1a7af0204a0f1ddb1566\",\"name\":\"@sscc\",\"image\":{\"@type\":\"ImageObject\",\"inLanguage\":\"en-US\",\"@id\":\"https:\/\/secure.gravatar.com\/avatar\/68cfafa5f44617fea54071e215026e0ff06be366c3d54a8425f04fdcb86f8c5f?s=96&d=mm&r=g\",\"url\":\"https:\/\/secure.gravatar.com\/avatar\/68cfafa5f44617fea54071e215026e0ff06be366c3d54a8425f04fdcb86f8c5f?s=96&d=mm&r=g\",\"contentUrl\":\"https:\/\/secure.gravatar.com\/avatar\/68cfafa5f44617fea54071e215026e0ff06be366c3d54a8425f04fdcb86f8c5f?s=96&d=mm&r=g\",\"caption\":\"@sscc\"},\"url\":\"https:\/\/www.padreeustaquio.com.br\/en\/author\/sscc\/\"}]}<\/script>\n<!-- \/ Yoast SEO plugin. -->","yoast_head_json":{"title":"The community will be able to participate in the reenactment of the Passion of Christ at the Church of Father Eust\u00e1quio.","description":"On April 15th of this year, the Church will celebrate the Passion and Death of Our Lord, and this time, in addition to the parish youth, the entire community is invited to participate in the reenactment at the Church of Father Eust\u00e1quio. Click here to see how to participate!","robots":{"index":"index","follow":"follow","max-snippet":"max-snippet:-1","max-image-preview":"max-image-preview:large","max-video-preview":"max-video-preview:-1"},"canonical":"https:\/\/www.padreeustaquio.com.br\/en\/the-community-will-be-able-to-participate-in-the-reenactment-of-the-passion-of-christ-at-father-eustaquios-church\/","og_locale":"en_US","og_type":"article","og_title":"Comunidade poder\u00e1 participar da encena\u00e7\u00e3o da Paix\u00e3o de Cristo na Igreja do Padre Eust\u00e1quio","og_description":"No dia 15 de abril deste ano, a Igreja vai celebrar a Paix\u00e3o e Morte de Nosso Senhor e desta vez, al\u00e9m dos jovens da par\u00f3quia toda a comunidade est\u00e1 sendo convidada a participar da encena\u00e7\u00e3o na Igreja do Padre Eust\u00e1quio. Clique e veja como participar!","og_url":"https:\/\/www.padreeustaquio.com.br\/en\/the-community-will-be-able-to-participate-in-the-reenactment-of-the-passion-of-christ-at-father-eustaquios-church\/","og_site_name":"Padre Eust\u00e1quio","article_publisher":"https:\/\/www.facebook.com\/beatopadreeustaquio\/","article_published_time":"2022-03-08T09:15:00+00:00","og_image":[{"width":1540,"height":866,"url":"https:\/\/www.padreeustaquio.com.br\/wp-content\/uploads\/2022\/03\/crown_of_thorns.jpg","type":"image\/jpeg"}],"author":"@sscc","twitter_card":"summary_large_image","twitter_creator":"@beatopeustaquio","twitter_site":"@beatopeustaquio","twitter_misc":{"Written by":"@sscc","Est. reading time":"1 minute"},"schema":{"@context":"https:\/\/schema.org","@graph":[{"@type":"Article","@id":"https:\/\/www.padreeustaquio.com.br\/comunidade-podera-participar-da-encenacao-da-paixao-de-cristo-na-igreja-do-padre-eustaquio\/#article","isPartOf":{"@id":"https:\/\/www.padreeustaquio.com.br\/comunidade-podera-participar-da-encenacao-da-paixao-de-cristo-na-igreja-do-padre-eustaquio\/"},"author":{"name":"@sscc","@id":"https:\/\/www.padreeustaquio.com.br\/#\/schema\/person\/a2a51db1d00f1a7af0204a0f1ddb1566"},"headline":"Comunidade poder\u00e1 participar da encena\u00e7\u00e3o da Paix\u00e3o de Cristo na Igreja do Padre Eust\u00e1quio","datePublished":"2022-03-08T09:15:00+00:00","mainEntityOfPage":{"@id":"https:\/\/www.padreeustaquio.com.br\/comunidade-podera-participar-da-encenacao-da-paixao-de-cristo-na-igreja-do-padre-eustaquio\/"},"wordCount":239,"commentCount":0,"publisher":{"@id":"https:\/\/www.padreeustaquio.com.br\/#organization"},"image":{"@id":"https:\/\/www.padreeustaquio.com.br\/comunidade-podera-participar-da-encenacao-da-paixao-de-cristo-na-igreja-do-padre-eustaquio\/#primaryimage"},"thumbnailUrl":"https:\/\/www.padreeustaquio.com.br\/wp-content\/uploads\/2022\/03\/crown_of_thorns.jpg","articleSection":["Not\u00edcias"],"inLanguage":"en-US","potentialAction":[{"@type":"CommentAction","name":"Comment","target":["https:\/\/www.padreeustaquio.com.br\/comunidade-podera-participar-da-encenacao-da-paixao-de-cristo-na-igreja-do-padre-eustaquio\/#respond"]}]},{"@type":"WebPage","@id":"https:\/\/www.padreeustaquio.com.br\/comunidade-podera-participar-da-encenacao-da-paixao-de-cristo-na-igreja-do-padre-eustaquio\/","url":"https:\/\/www.padreeustaquio.com.br\/comunidade-podera-participar-da-encenacao-da-paixao-de-cristo-na-igreja-do-padre-eustaquio\/","name":"The community will be able to participate in the reenactment of the Passion of Christ at the Church of Father Eust\u00e1quio.","isPartOf":{"@id":"https:\/\/www.padreeustaquio.com.br\/#website"},"primaryImageOfPage":{"@id":"https:\/\/www.padreeustaquio.com.br\/comunidade-podera-participar-da-encenacao-da-paixao-de-cristo-na-igreja-do-padre-eustaquio\/#primaryimage"},"image":{"@id":"https:\/\/www.padreeustaquio.com.br\/comunidade-podera-participar-da-encenacao-da-paixao-de-cristo-na-igreja-do-padre-eustaquio\/#primaryimage"},"thumbnailUrl":"https:\/\/www.padreeustaquio.com.br\/wp-content\/uploads\/2022\/03\/crown_of_thorns.jpg","datePublished":"2022-03-08T09:15:00+00:00","description":"On April 15th of this year, the Church will celebrate the Passion and Death of Our Lord, and this time, in addition to the parish youth, the entire community is invited to participate in the reenactment at the Church of Father Eust\u00e1quio. Click here to see how to participate!","breadcrumb":{"@id":"https:\/\/www.padreeustaquio.com.br\/comunidade-podera-participar-da-encenacao-da-paixao-de-cristo-na-igreja-do-padre-eustaquio\/#breadcrumb"},"inLanguage":"en-US","potentialAction":[{"@type":"ReadAction","target":["https:\/\/www.padreeustaquio.com.br\/comunidade-podera-participar-da-encenacao-da-paixao-de-cristo-na-igreja-do-padre-eustaquio\/"]}]},{"@type":"ImageObject","inLanguage":"en-US","@id":"https:\/\/www.padreeustaquio.com.br\/comunidade-podera-participar-da-encenacao-da-paixao-de-cristo-na-igreja-do-padre-eustaquio\/#primaryimage","url":"https:\/\/www.padreeustaquio.com.br\/wp-content\/uploads\/2022\/03\/crown_of_thorns.jpg","contentUrl":"https:\/\/www.padreeustaquio.com.br\/wp-content\/uploads\/2022\/03\/crown_of_thorns.jpg","width":1540,"height":866},{"@type":"BreadcrumbList","@id":"https:\/\/www.padreeustaquio.com.br\/comunidade-podera-participar-da-encenacao-da-paixao-de-cristo-na-igreja-do-padre-eustaquio\/#breadcrumb","itemListElement":[{"@type":"ListItem","position":1,"name":"In\u00edcio","item":"https:\/\/www.padreeustaquio.com.br\/"},{"@type":"ListItem","position":2,"name":"Comunidade poder\u00e1 participar da encena\u00e7\u00e3o da Paix\u00e3o de Cristo na Igreja do Padre Eust\u00e1quio"}]},{"@type":"WebSite","@id":"https:\/\/www.padreeustaquio.com.br\/#website","url":"https:\/\/www.padreeustaquio.com.br\/","name":"FATHER EUST\u00c1QUIO","description":"Health and Peace","publisher":{"@id":"https:\/\/www.padreeustaquio.com.br\/#organization"},"potentialAction":[{"@type":"SearchAction","target":{"@type":"EntryPoint","urlTemplate":"https:\/\/www.padreeustaquio.com.br\/?s={search_term_string}"},"query-input":{"@type":"PropertyValueSpecification","valueRequired":true,"valueName":"search_term_string"}}],"inLanguage":"en-US"},{"@type":"Organization","@id":"https:\/\/www.padreeustaquio.com.br\/#organization","name":"FATHER EUST\u00c1QUIO","url":"https:\/\/www.padreeustaquio.com.br\/","logo":{"@type":"ImageObject","inLanguage":"en-US","@id":"https:\/\/www.padreeustaquio.com.br\/#\/schema\/logo\/image\/","url":"https:\/\/www.padreeustaquio.com.br\/wp-content\/uploads\/2019\/08\/marca.png","contentUrl":"https:\/\/www.padreeustaquio.com.br\/wp-content\/uploads\/2019\/08\/marca.png","width":350,"height":400,"caption":"Padre Eust\u00e1quio"},"image":{"@id":"https:\/\/www.padreeustaquio.com.br\/#\/schema\/logo\/image\/"},"sameAs":["https:\/\/www.facebook.com\/beatopadreeustaquio\/","https:\/\/x.com\/beatopeustaquio","https:\/\/www.instagram.com\/beatopadreeustaquio\/","https:\/\/www.youtube.com\/channel\/UCRhw7vfabnajwLxb1ZXMeIw"]},{"@type":"Person","@id":"https:\/\/www.padreeustaquio.com.br\/#\/schema\/person\/a2a51db1d00f1a7af0204a0f1ddb1566","name":"@sscc","image":{"@type":"ImageObject","inLanguage":"en-US","@id":"https:\/\/secure.gravatar.com\/avatar\/68cfafa5f44617fea54071e215026e0ff06be366c3d54a8425f04fdcb86f8c5f?s=96&d=mm&r=g","url":"https:\/\/secure.gravatar.com\/avatar\/68cfafa5f44617fea54071e215026e0ff06be366c3d54a8425f04fdcb86f8c5f?s=96&d=mm&r=g","contentUrl":"https:\/\/secure.gravatar.com\/avatar\/68cfafa5f44617fea54071e215026e0ff06be366c3d54a8425f04fdcb86f8c5f?s=96&d=mm&r=g","caption":"@sscc"},"url":"https:\/\/www.padreeustaquio.com.br\/en\/author\/sscc\/"}]}},"_links":{"self":[{"href":"https:\/\/www.padreeustaquio.com.br\/en\/wp-json\/wp\/v2\/posts\/8243","targetHints":{"allow":["GET"]}}],"collection":[{"href":"https:\/\/www.padreeustaquio.com.br\/en\/wp-json\/wp\/v2\/posts"}],"about":[{"href":"https:\/\/www.padreeustaquio.com.br\/en\/wp-json\/wp\/v2\/types\/post"}],"author":[{"embeddable":true,"href":"https:\/\/www.padreeustaquio.com.br\/en\/wp-json\/wp\/v2\/users\/2"}],"replies":[{"embeddable":true,"href":"https:\/\/www.padreeustaquio.com.br\/en\/wp-json\/wp\/v2\/comments?post=8243"}],"version-history":[{"count":0,"href":"https:\/\/www.padreeustaquio.com.br\/en\/wp-json\/wp\/v2\/posts\/8243\/revisions"}],"wp:featuredmedia":[{"embeddable":true,"href":"https:\/\/www.padreeustaquio.com.br\/en\/wp-json\/wp\/v2\/media\/8244"}],"wp:attachment":[{"href":"https:\/\/www.padreeustaquio.com.br\/en\/wp-json\/wp\/v2\/media?parent=8243"}],"wp:term":[{"taxonomy":"category","embeddable":true,"href":"https:\/\/www.padreeustaquio.com.br\/en\/wp-json\/wp\/v2\/categories?post=8243"},{"taxonomy":"post_tag","embeddable":true,"href":"https:\/\/www.padreeustaquio.com.br\/en\/wp-json\/wp\/v2\/tags?post=8243"}],"curies":[{"name":"wp","href":"https:\/\/api.w.org\/{rel}","templated":true}]}}