{"id":8229,"date":"2022-03-04T13:45:22","date_gmt":"2022-03-04T16:45:22","guid":{"rendered":"https:\/\/www.padreeustaquio.com.br\/?p=8229"},"modified":"2022-03-04T13:46:19","modified_gmt":"2022-03-04T16:46:19","slug":"father-gils-testimony-cataloged-for-the-canonization-tribunal-of-father-eustaquio","status":"publish","type":"post","link":"https:\/\/www.padreeustaquio.com.br\/en\/father-gils-testimony-cataloged-for-the-canonization-tribunal-of-father-eustaquio\/","title":{"rendered":"Father Gil&#039;s testimony cataloged for the Canonization Tribunal of Father Eust\u00e1quio"},"content":{"rendered":"<p>The National Secretariat for the Cause of Canonization of Father Eust\u00e1quio has been working since last year on recovering and cataloging the objects and documents that belonged to the Blessed or that are part of the Canonization process. Among the archives found is the testimony given by Father Gil, the first Provincial Superior of the Congregation in Brazil, to the Tribunal of the Cause of Beatification and Canonization of Father Eust\u00e1quio.<\/p>\n\n\n\n<p>In his testimony, dated September 25, 1962, Father Gil speaks about people seeking Father Eust\u00e1quio&#039;s intercession. Read an excerpt from the testimony:<\/p>\n\n\n\n<p><em>\u201cFather Eust\u00e1quio directly attended to those who asked him for healing from physical ailments, but he told those who sought him out that the first thing to heal was their own soul, so he instructed patients to confess. Thus, Father Eust\u00e1quio not only cared for the physical health of those who were ill, but also concerned himself with their spiritual life. The Father made no distinction between those who sought him out; he gave his blessing to all and blessed the water they brought. I personally observed during my stay there and on other days I visited Po\u00e1 that there were uninterrupted lines of people seeking him out, whom he attended to continuously except for brief interruptions for meals. I also note that many people sought him out not because they were physically ill, but because they expected guidance and advice for their consciences from him.\u201d<\/em><\/p>\n\n\n\n<p><strong>Who was Father Gil?<\/strong><\/p>\n\n\n\n<p>Along with Father Eust\u00e1quio and Father Matias, Father Gil was one of the three founders of the first Community of the Congregation of the Sacred Hearts in Brazil. He arrived in the country in 1925 and settled in the Diocese of Uberaba, also becoming the first provincial of the Congregation in Brazil.<\/p>\n\n\n\n<p>Father Gil closely followed Father Eust\u00e1quio&#039;s entire missionary journey, standing by the Dutch priest in many endeavors, such as the founding of the Regina Pacis College in Araguari\/MG, where he was the first director in 1926, and the construction of the Dom Lustosa Gymnasium in Patroc\u00ednio\/MG in 1927.<\/p>\n\n\n\n<p><\/p>","protected":false},"excerpt":{"rendered":"<p>O Secretariado Nacional para a Causa de Canoniza\u00e7\u00e3o do Padre Eust\u00e1quio trabalha desde o ano passado na recupera\u00e7\u00e3o e na cataloga\u00e7\u00e3o dos objetos e documentos que pertenceram ao Beato ou que fazem parte do processo de Canoniza\u00e7\u00e3o. Entre os arquivos encontrados, est\u00e1 o depoimento feito por Padre Gil, o primeiro Superior Provincial da Congrega\u00e7\u00e3o no Brasil ao Tribunal da Causa de Beatifica\u00e7\u00e3o e Canoniza\u00e7\u00e3o do Padre Eust\u00e1quio. No depoimento, datado de 25 de setembro de 1962, Padre Gil fala sobre a procura das pessoas por Padre Eust\u00e1quio em busca da intercess\u00e3o do Bem-aventurado. Leia um trecho do depoimento: &#8220;O Padre [&hellip;]<\/p>\n","protected":false},"author":2,"featured_media":8230,"comment_status":"open","ping_status":"closed","sticky":false,"template":"","format":"standard","meta":{"_acf_changed":false,"footnotes":""},"categories":[611],"tags":[],"class_list":["post-8229","post","type-post","status-publish","format-standard","has-post-thumbnail","hentry","category-noticias"],"acf":[],"yoast_head":"<!-- This site is optimized with the Yoast SEO plugin v27.2 - https:\/\/yoast.com\/product\/yoast-seo-wordpress\/ -->\n<title>Catalogado depoimento de Padre Gil para Tribunal de Canoniza\u00e7\u00e3o de Padre Eust\u00e1quio<\/title>\n<meta name=\"description\" content=\"No depoimento, datado de 25 de setembro de 1962, Padre Gil fala sobre a procura das pessoas por Padre Eust\u00e1quio em busca da intercess\u00e3o do Bem-aventurado. Leia um trecho do depoimento!\" \/>\n<meta name=\"robots\" content=\"index, follow, max-snippet:-1, max-image-preview:large, max-video-preview:-1\" \/>\n<link rel=\"canonical\" href=\"https:\/\/www.padreeustaquio.com.br\/en\/father-gils-testimony-cataloged-for-the-canonization-tribunal-of-father-eustaquio\/\" \/>\n<meta property=\"og:locale\" content=\"en_US\" \/>\n<meta property=\"og:type\" content=\"article\" \/>\n<meta property=\"og:title\" content=\"Catalogado depoimento de Padre Gil para Tribunal de Canoniza\u00e7\u00e3o de Padre Eust\u00e1quio\" \/>\n<meta property=\"og:description\" content=\"No depoimento, datado de 25 de setembro de 1962, Padre Gil fala sobre a procura das pessoas por Padre Eust\u00e1quio em busca da intercess\u00e3o do Bem-aventurado. Leia um trecho do depoimento!\" \/>\n<meta property=\"og:url\" content=\"https:\/\/www.padreeustaquio.com.br\/en\/father-gils-testimony-cataloged-for-the-canonization-tribunal-of-father-eustaquio\/\" \/>\n<meta property=\"og:site_name\" content=\"Padre Eust\u00e1quio\" \/>\n<meta property=\"article:publisher\" content=\"https:\/\/www.facebook.com\/beatopadreeustaquio\/\" \/>\n<meta property=\"article:published_time\" content=\"2022-03-04T16:45:22+00:00\" \/>\n<meta property=\"article:modified_time\" content=\"2022-03-04T16:46:19+00:00\" \/>\n<meta property=\"og:image\" content=\"https:\/\/www.padreeustaquio.com.br\/wp-content\/uploads\/2022\/03\/Padre-Gil.jpg\" \/>\n\t<meta property=\"og:image:width\" content=\"748\" \/>\n\t<meta property=\"og:image:height\" content=\"394\" \/>\n\t<meta property=\"og:image:type\" content=\"image\/jpeg\" \/>\n<meta name=\"author\" content=\"@sscc\" \/>\n<meta name=\"twitter:card\" content=\"summary_large_image\" \/>\n<meta name=\"twitter:creator\" content=\"@beatopeustaquio\" \/>\n<meta name=\"twitter:site\" content=\"@beatopeustaquio\" \/>\n<meta name=\"twitter:label1\" content=\"Written by\" \/>\n\t<meta name=\"twitter:data1\" content=\"@sscc\" \/>\n\t<meta name=\"twitter:label2\" content=\"Est. reading time\" \/>\n\t<meta name=\"twitter:data2\" content=\"2 minutes\" \/>\n<script type=\"application\/ld+json\" class=\"yoast-schema-graph\">{\"@context\":\"https:\/\/schema.org\",\"@graph\":[{\"@type\":\"Article\",\"@id\":\"https:\/\/www.padreeustaquio.com.br\/catalogado-depoimento-de-padre-gil-para-tribunal-de-canonizacao-de-padre-eustaquio\/#article\",\"isPartOf\":{\"@id\":\"https:\/\/www.padreeustaquio.com.br\/catalogado-depoimento-de-padre-gil-para-tribunal-de-canonizacao-de-padre-eustaquio\/\"},\"author\":{\"name\":\"@sscc\",\"@id\":\"https:\/\/www.padreeustaquio.com.br\/#\/schema\/person\/a2a51db1d00f1a7af0204a0f1ddb1566\"},\"headline\":\"Catalogado depoimento de Padre Gil para Tribunal de Canoniza\u00e7\u00e3o de Padre Eust\u00e1quio\",\"datePublished\":\"2022-03-04T16:45:22+00:00\",\"dateModified\":\"2022-03-04T16:46:19+00:00\",\"mainEntityOfPage\":{\"@id\":\"https:\/\/www.padreeustaquio.com.br\/catalogado-depoimento-de-padre-gil-para-tribunal-de-canonizacao-de-padre-eustaquio\/\"},\"wordCount\":389,\"commentCount\":0,\"publisher\":{\"@id\":\"https:\/\/www.padreeustaquio.com.br\/#organization\"},\"image\":{\"@id\":\"https:\/\/www.padreeustaquio.com.br\/catalogado-depoimento-de-padre-gil-para-tribunal-de-canonizacao-de-padre-eustaquio\/#primaryimage\"},\"thumbnailUrl\":\"https:\/\/www.padreeustaquio.com.br\/wp-content\/uploads\/2022\/03\/Padre-Gil.jpg\",\"articleSection\":[\"Not\u00edcias\"],\"inLanguage\":\"en-US\",\"potentialAction\":[{\"@type\":\"CommentAction\",\"name\":\"Comment\",\"target\":[\"https:\/\/www.padreeustaquio.com.br\/catalogado-depoimento-de-padre-gil-para-tribunal-de-canonizacao-de-padre-eustaquio\/#respond\"]}]},{\"@type\":\"WebPage\",\"@id\":\"https:\/\/www.padreeustaquio.com.br\/catalogado-depoimento-de-padre-gil-para-tribunal-de-canonizacao-de-padre-eustaquio\/\",\"url\":\"https:\/\/www.padreeustaquio.com.br\/catalogado-depoimento-de-padre-gil-para-tribunal-de-canonizacao-de-padre-eustaquio\/\",\"name\":\"Catalogado depoimento de Padre Gil para Tribunal de Canoniza\u00e7\u00e3o de Padre Eust\u00e1quio\",\"isPartOf\":{\"@id\":\"https:\/\/www.padreeustaquio.com.br\/#website\"},\"primaryImageOfPage\":{\"@id\":\"https:\/\/www.padreeustaquio.com.br\/catalogado-depoimento-de-padre-gil-para-tribunal-de-canonizacao-de-padre-eustaquio\/#primaryimage\"},\"image\":{\"@id\":\"https:\/\/www.padreeustaquio.com.br\/catalogado-depoimento-de-padre-gil-para-tribunal-de-canonizacao-de-padre-eustaquio\/#primaryimage\"},\"thumbnailUrl\":\"https:\/\/www.padreeustaquio.com.br\/wp-content\/uploads\/2022\/03\/Padre-Gil.jpg\",\"datePublished\":\"2022-03-04T16:45:22+00:00\",\"dateModified\":\"2022-03-04T16:46:19+00:00\",\"description\":\"No depoimento, datado de 25 de setembro de 1962, Padre Gil fala sobre a procura das pessoas por Padre Eust\u00e1quio em busca da intercess\u00e3o do Bem-aventurado. Leia um trecho do depoimento!\",\"breadcrumb\":{\"@id\":\"https:\/\/www.padreeustaquio.com.br\/catalogado-depoimento-de-padre-gil-para-tribunal-de-canonizacao-de-padre-eustaquio\/#breadcrumb\"},\"inLanguage\":\"en-US\",\"potentialAction\":[{\"@type\":\"ReadAction\",\"target\":[\"https:\/\/www.padreeustaquio.com.br\/catalogado-depoimento-de-padre-gil-para-tribunal-de-canonizacao-de-padre-eustaquio\/\"]}]},{\"@type\":\"ImageObject\",\"inLanguage\":\"en-US\",\"@id\":\"https:\/\/www.padreeustaquio.com.br\/catalogado-depoimento-de-padre-gil-para-tribunal-de-canonizacao-de-padre-eustaquio\/#primaryimage\",\"url\":\"https:\/\/www.padreeustaquio.com.br\/wp-content\/uploads\/2022\/03\/Padre-Gil.jpg\",\"contentUrl\":\"https:\/\/www.padreeustaquio.com.br\/wp-content\/uploads\/2022\/03\/Padre-Gil.jpg\",\"width\":748,\"height\":394},{\"@type\":\"BreadcrumbList\",\"@id\":\"https:\/\/www.padreeustaquio.com.br\/catalogado-depoimento-de-padre-gil-para-tribunal-de-canonizacao-de-padre-eustaquio\/#breadcrumb\",\"itemListElement\":[{\"@type\":\"ListItem\",\"position\":1,\"name\":\"In\u00edcio\",\"item\":\"https:\/\/www.padreeustaquio.com.br\/\"},{\"@type\":\"ListItem\",\"position\":2,\"name\":\"Catalogado depoimento de Padre Gil para Tribunal de Canoniza\u00e7\u00e3o de Padre Eust\u00e1quio\"}]},{\"@type\":\"WebSite\",\"@id\":\"https:\/\/www.padreeustaquio.com.br\/#website\",\"url\":\"https:\/\/www.padreeustaquio.com.br\/\",\"name\":\"Padre Eust\u00e1quio\",\"description\":\"Sa\u00fade e Paz\",\"publisher\":{\"@id\":\"https:\/\/www.padreeustaquio.com.br\/#organization\"},\"potentialAction\":[{\"@type\":\"SearchAction\",\"target\":{\"@type\":\"EntryPoint\",\"urlTemplate\":\"https:\/\/www.padreeustaquio.com.br\/?s={search_term_string}\"},\"query-input\":{\"@type\":\"PropertyValueSpecification\",\"valueRequired\":true,\"valueName\":\"search_term_string\"}}],\"inLanguage\":\"en-US\"},{\"@type\":\"Organization\",\"@id\":\"https:\/\/www.padreeustaquio.com.br\/#organization\",\"name\":\"Padre Eust\u00e1quio\",\"url\":\"https:\/\/www.padreeustaquio.com.br\/\",\"logo\":{\"@type\":\"ImageObject\",\"inLanguage\":\"en-US\",\"@id\":\"https:\/\/www.padreeustaquio.com.br\/#\/schema\/logo\/image\/\",\"url\":\"https:\/\/www.padreeustaquio.com.br\/wp-content\/uploads\/2019\/08\/marca.png\",\"contentUrl\":\"https:\/\/www.padreeustaquio.com.br\/wp-content\/uploads\/2019\/08\/marca.png\",\"width\":350,\"height\":400,\"caption\":\"Padre Eust\u00e1quio\"},\"image\":{\"@id\":\"https:\/\/www.padreeustaquio.com.br\/#\/schema\/logo\/image\/\"},\"sameAs\":[\"https:\/\/www.facebook.com\/beatopadreeustaquio\/\",\"https:\/\/x.com\/beatopeustaquio\",\"https:\/\/www.instagram.com\/beatopadreeustaquio\/\",\"https:\/\/www.youtube.com\/channel\/UCRhw7vfabnajwLxb1ZXMeIw\"]},{\"@type\":\"Person\",\"@id\":\"https:\/\/www.padreeustaquio.com.br\/#\/schema\/person\/a2a51db1d00f1a7af0204a0f1ddb1566\",\"name\":\"@sscc\",\"image\":{\"@type\":\"ImageObject\",\"inLanguage\":\"en-US\",\"@id\":\"https:\/\/secure.gravatar.com\/avatar\/68cfafa5f44617fea54071e215026e0ff06be366c3d54a8425f04fdcb86f8c5f?s=96&d=mm&r=g\",\"url\":\"https:\/\/secure.gravatar.com\/avatar\/68cfafa5f44617fea54071e215026e0ff06be366c3d54a8425f04fdcb86f8c5f?s=96&d=mm&r=g\",\"contentUrl\":\"https:\/\/secure.gravatar.com\/avatar\/68cfafa5f44617fea54071e215026e0ff06be366c3d54a8425f04fdcb86f8c5f?s=96&d=mm&r=g\",\"caption\":\"@sscc\"},\"url\":\"https:\/\/www.padreeustaquio.com.br\/en\/author\/sscc\/\"}]}<\/script>\n<!-- \/ Yoast SEO plugin. -->","yoast_head_json":{"title":"Father Gil&#039;s testimony cataloged for the Canonization Tribunal of Father Eust\u00e1quio","description":"In his testimony, dated September 25, 1962, Father Gil speaks about people seeking Father Eust\u00e1quio&#039;s intercession. Read an excerpt from the testimony!","robots":{"index":"index","follow":"follow","max-snippet":"max-snippet:-1","max-image-preview":"max-image-preview:large","max-video-preview":"max-video-preview:-1"},"canonical":"https:\/\/www.padreeustaquio.com.br\/en\/father-gils-testimony-cataloged-for-the-canonization-tribunal-of-father-eustaquio\/","og_locale":"en_US","og_type":"article","og_title":"Catalogado depoimento de Padre Gil para Tribunal de Canoniza\u00e7\u00e3o de Padre Eust\u00e1quio","og_description":"No depoimento, datado de 25 de setembro de 1962, Padre Gil fala sobre a procura das pessoas por Padre Eust\u00e1quio em busca da intercess\u00e3o do Bem-aventurado. Leia um trecho do depoimento!","og_url":"https:\/\/www.padreeustaquio.com.br\/en\/father-gils-testimony-cataloged-for-the-canonization-tribunal-of-father-eustaquio\/","og_site_name":"Padre Eust\u00e1quio","article_publisher":"https:\/\/www.facebook.com\/beatopadreeustaquio\/","article_published_time":"2022-03-04T16:45:22+00:00","article_modified_time":"2022-03-04T16:46:19+00:00","og_image":[{"width":748,"height":394,"url":"https:\/\/www.padreeustaquio.com.br\/wp-content\/uploads\/2022\/03\/Padre-Gil.jpg","type":"image\/jpeg"}],"author":"@sscc","twitter_card":"summary_large_image","twitter_creator":"@beatopeustaquio","twitter_site":"@beatopeustaquio","twitter_misc":{"Written by":"@sscc","Est. reading time":"2 minutes"},"schema":{"@context":"https:\/\/schema.org","@graph":[{"@type":"Article","@id":"https:\/\/www.padreeustaquio.com.br\/catalogado-depoimento-de-padre-gil-para-tribunal-de-canonizacao-de-padre-eustaquio\/#article","isPartOf":{"@id":"https:\/\/www.padreeustaquio.com.br\/catalogado-depoimento-de-padre-gil-para-tribunal-de-canonizacao-de-padre-eustaquio\/"},"author":{"name":"@sscc","@id":"https:\/\/www.padreeustaquio.com.br\/#\/schema\/person\/a2a51db1d00f1a7af0204a0f1ddb1566"},"headline":"Catalogado depoimento de Padre Gil para Tribunal de Canoniza\u00e7\u00e3o de Padre Eust\u00e1quio","datePublished":"2022-03-04T16:45:22+00:00","dateModified":"2022-03-04T16:46:19+00:00","mainEntityOfPage":{"@id":"https:\/\/www.padreeustaquio.com.br\/catalogado-depoimento-de-padre-gil-para-tribunal-de-canonizacao-de-padre-eustaquio\/"},"wordCount":389,"commentCount":0,"publisher":{"@id":"https:\/\/www.padreeustaquio.com.br\/#organization"},"image":{"@id":"https:\/\/www.padreeustaquio.com.br\/catalogado-depoimento-de-padre-gil-para-tribunal-de-canonizacao-de-padre-eustaquio\/#primaryimage"},"thumbnailUrl":"https:\/\/www.padreeustaquio.com.br\/wp-content\/uploads\/2022\/03\/Padre-Gil.jpg","articleSection":["Not\u00edcias"],"inLanguage":"en-US","potentialAction":[{"@type":"CommentAction","name":"Comment","target":["https:\/\/www.padreeustaquio.com.br\/catalogado-depoimento-de-padre-gil-para-tribunal-de-canonizacao-de-padre-eustaquio\/#respond"]}]},{"@type":"WebPage","@id":"https:\/\/www.padreeustaquio.com.br\/catalogado-depoimento-de-padre-gil-para-tribunal-de-canonizacao-de-padre-eustaquio\/","url":"https:\/\/www.padreeustaquio.com.br\/catalogado-depoimento-de-padre-gil-para-tribunal-de-canonizacao-de-padre-eustaquio\/","name":"Father Gil&#039;s testimony cataloged for the Canonization Tribunal of Father Eust\u00e1quio","isPartOf":{"@id":"https:\/\/www.padreeustaquio.com.br\/#website"},"primaryImageOfPage":{"@id":"https:\/\/www.padreeustaquio.com.br\/catalogado-depoimento-de-padre-gil-para-tribunal-de-canonizacao-de-padre-eustaquio\/#primaryimage"},"image":{"@id":"https:\/\/www.padreeustaquio.com.br\/catalogado-depoimento-de-padre-gil-para-tribunal-de-canonizacao-de-padre-eustaquio\/#primaryimage"},"thumbnailUrl":"https:\/\/www.padreeustaquio.com.br\/wp-content\/uploads\/2022\/03\/Padre-Gil.jpg","datePublished":"2022-03-04T16:45:22+00:00","dateModified":"2022-03-04T16:46:19+00:00","description":"In his testimony, dated September 25, 1962, Father Gil speaks about people seeking Father Eust\u00e1quio&#039;s intercession. Read an excerpt from the testimony!","breadcrumb":{"@id":"https:\/\/www.padreeustaquio.com.br\/catalogado-depoimento-de-padre-gil-para-tribunal-de-canonizacao-de-padre-eustaquio\/#breadcrumb"},"inLanguage":"en-US","potentialAction":[{"@type":"ReadAction","target":["https:\/\/www.padreeustaquio.com.br\/catalogado-depoimento-de-padre-gil-para-tribunal-de-canonizacao-de-padre-eustaquio\/"]}]},{"@type":"ImageObject","inLanguage":"en-US","@id":"https:\/\/www.padreeustaquio.com.br\/catalogado-depoimento-de-padre-gil-para-tribunal-de-canonizacao-de-padre-eustaquio\/#primaryimage","url":"https:\/\/www.padreeustaquio.com.br\/wp-content\/uploads\/2022\/03\/Padre-Gil.jpg","contentUrl":"https:\/\/www.padreeustaquio.com.br\/wp-content\/uploads\/2022\/03\/Padre-Gil.jpg","width":748,"height":394},{"@type":"BreadcrumbList","@id":"https:\/\/www.padreeustaquio.com.br\/catalogado-depoimento-de-padre-gil-para-tribunal-de-canonizacao-de-padre-eustaquio\/#breadcrumb","itemListElement":[{"@type":"ListItem","position":1,"name":"In\u00edcio","item":"https:\/\/www.padreeustaquio.com.br\/"},{"@type":"ListItem","position":2,"name":"Catalogado depoimento de Padre Gil para Tribunal de Canoniza\u00e7\u00e3o de Padre Eust\u00e1quio"}]},{"@type":"WebSite","@id":"https:\/\/www.padreeustaquio.com.br\/#website","url":"https:\/\/www.padreeustaquio.com.br\/","name":"FATHER EUST\u00c1QUIO","description":"Health and Peace","publisher":{"@id":"https:\/\/www.padreeustaquio.com.br\/#organization"},"potentialAction":[{"@type":"SearchAction","target":{"@type":"EntryPoint","urlTemplate":"https:\/\/www.padreeustaquio.com.br\/?s={search_term_string}"},"query-input":{"@type":"PropertyValueSpecification","valueRequired":true,"valueName":"search_term_string"}}],"inLanguage":"en-US"},{"@type":"Organization","@id":"https:\/\/www.padreeustaquio.com.br\/#organization","name":"FATHER EUST\u00c1QUIO","url":"https:\/\/www.padreeustaquio.com.br\/","logo":{"@type":"ImageObject","inLanguage":"en-US","@id":"https:\/\/www.padreeustaquio.com.br\/#\/schema\/logo\/image\/","url":"https:\/\/www.padreeustaquio.com.br\/wp-content\/uploads\/2019\/08\/marca.png","contentUrl":"https:\/\/www.padreeustaquio.com.br\/wp-content\/uploads\/2019\/08\/marca.png","width":350,"height":400,"caption":"Padre Eust\u00e1quio"},"image":{"@id":"https:\/\/www.padreeustaquio.com.br\/#\/schema\/logo\/image\/"},"sameAs":["https:\/\/www.facebook.com\/beatopadreeustaquio\/","https:\/\/x.com\/beatopeustaquio","https:\/\/www.instagram.com\/beatopadreeustaquio\/","https:\/\/www.youtube.com\/channel\/UCRhw7vfabnajwLxb1ZXMeIw"]},{"@type":"Person","@id":"https:\/\/www.padreeustaquio.com.br\/#\/schema\/person\/a2a51db1d00f1a7af0204a0f1ddb1566","name":"@sscc","image":{"@type":"ImageObject","inLanguage":"en-US","@id":"https:\/\/secure.gravatar.com\/avatar\/68cfafa5f44617fea54071e215026e0ff06be366c3d54a8425f04fdcb86f8c5f?s=96&d=mm&r=g","url":"https:\/\/secure.gravatar.com\/avatar\/68cfafa5f44617fea54071e215026e0ff06be366c3d54a8425f04fdcb86f8c5f?s=96&d=mm&r=g","contentUrl":"https:\/\/secure.gravatar.com\/avatar\/68cfafa5f44617fea54071e215026e0ff06be366c3d54a8425f04fdcb86f8c5f?s=96&d=mm&r=g","caption":"@sscc"},"url":"https:\/\/www.padreeustaquio.com.br\/en\/author\/sscc\/"}]}},"_links":{"self":[{"href":"https:\/\/www.padreeustaquio.com.br\/en\/wp-json\/wp\/v2\/posts\/8229","targetHints":{"allow":["GET"]}}],"collection":[{"href":"https:\/\/www.padreeustaquio.com.br\/en\/wp-json\/wp\/v2\/posts"}],"about":[{"href":"https:\/\/www.padreeustaquio.com.br\/en\/wp-json\/wp\/v2\/types\/post"}],"author":[{"embeddable":true,"href":"https:\/\/www.padreeustaquio.com.br\/en\/wp-json\/wp\/v2\/users\/2"}],"replies":[{"embeddable":true,"href":"https:\/\/www.padreeustaquio.com.br\/en\/wp-json\/wp\/v2\/comments?post=8229"}],"version-history":[{"count":0,"href":"https:\/\/www.padreeustaquio.com.br\/en\/wp-json\/wp\/v2\/posts\/8229\/revisions"}],"wp:featuredmedia":[{"embeddable":true,"href":"https:\/\/www.padreeustaquio.com.br\/en\/wp-json\/wp\/v2\/media\/8230"}],"wp:attachment":[{"href":"https:\/\/www.padreeustaquio.com.br\/en\/wp-json\/wp\/v2\/media?parent=8229"}],"wp:term":[{"taxonomy":"category","embeddable":true,"href":"https:\/\/www.padreeustaquio.com.br\/en\/wp-json\/wp\/v2\/categories?post=8229"},{"taxonomy":"post_tag","embeddable":true,"href":"https:\/\/www.padreeustaquio.com.br\/en\/wp-json\/wp\/v2\/tags?post=8229"}],"curies":[{"name":"wp","href":"https:\/\/api.w.org\/{rel}","templated":true}]}}