{"id":8217,"date":"2022-03-02T06:02:00","date_gmt":"2022-03-02T09:02:00","guid":{"rendered":"https:\/\/www.padreeustaquio.com.br\/?p=8217"},"modified":"2022-02-28T21:22:38","modified_gmt":"2022-03-01T00:22:38","slug":"fraternity-and-education-church-in-brazil-launches-fraternity-campaign-2022-today","status":"publish","type":"post","link":"https:\/\/www.padreeustaquio.com.br\/en\/fraternity-and-education-church-in-brazil-launches-fraternity-campaign-2022-today\/","title":{"rendered":"Fraternity and Education \u2013 The Church in Brazil launches the 2022 Fraternity Campaign today."},"content":{"rendered":"<p>The National Conference of Bishops of Brazil (CNBB) launches today, March 2nd, the 2022 Fraternity Campaign, with the theme:\u00a0<strong>\u201c&quot;Fraternity and Education&quot;\u201d<\/strong>\u00a0and the biblical motto, taken from Proverbs 31:26:\u00a0<strong>\u201c&quot;Speak with wisdom, teach with love.&quot;\u201d<\/strong>.<\/p>\n\n\n\n<p>This is the third time that the theme of education will be addressed in the Fraternity Campaign. The theme was already the subject of ecclesial reflection and action in 1982 and 1998. According to the introduction of the base text, it was &quot;the reality of our times that made the theme of education stand out, a time marked by the Covid-19 pandemic and by various conflicts, distances and polarizations&quot;.<\/p>\n\n\n\n<p>The CNBB presidency justifies, in the presentation of the CF&#039;s basic text, that this is a campaign that, more than addressing another specific aspect of the educational problem, will reflect on the foundations of the act of educating from a Catholic-Christian perspective.<\/p>\n\n\n\n<p>From this perspective, education is understood not only as a school activity, with the transmission of content or technical preparation for the world of work, but as a process that involves a broader &quot;community&quot; that includes all actors (family, Church, State and society).<\/p>\n\n\n\n<p>The 2022 Campaign for Fraternity is driven by the Global Educational Pact, convened by Pope Francis. In the letter convening the Pact, the Holy Father presents the constitutive elements of a humanized education that contributes to the formation of open, integrated, and interconnected people, who are also capable of caring for our common home, since &quot;education will be ineffective and its efforts sterile if it does not also concern itself with spreading a new model relating to the human being, to life, to society, and to the relationship with nature,&quot; as explained in the Encyclical Laudato Si&#039;, 2016, no. 215.<\/p>\n\n\n\n<p><\/p>\n\n\n\n<p><strong>Source: <a href=\"https:\/\/campanhas.cnbb.org.br\/cnbb-abre-oficialmente-a-cf-2022-na-quarta-feira-de-cinzas-2-de-marco-credenciados-poderao-participar-de-coletiva-de-imprensa.html\" target=\"_blank\" rel=\"noreferrer noopener\">campaigns.cnbb.org.br<\/a><\/strong><\/p>\n\n\n\n<p><\/p>","protected":false},"excerpt":{"rendered":"<p>A Confer\u00eancia Nacional dos Bispos do Brasil (CNBB) lan\u00e7a, hoje, 2 de mar\u00e7o, a Campanha da Fraternidade de 2022, com o tema:\u00a0\u201cFraternidade e Educa\u00e7\u00e3o\u201d\u00a0e o lema b\u00edblico, extra\u00eddo de Prov\u00e9rbios 31, 26:\u00a0\u201cFala com sabedoria, ensina com amor\u201d. Essa \u00e9 a terceira vez que a tem\u00e1tica da educa\u00e7\u00e3o ser\u00e1 abordada na Campanha da Fraternidade. O tema j\u00e1 foi objeto de reflex\u00e3o e a\u00e7\u00e3o eclesial em 1982 e 1998. De acordo com a introdu\u00e7\u00e3o do texto-base, foi \u201ca realidade de nossos dias que fez com que o tema educa\u00e7\u00e3o recebesse destaque, um tempo marcado pela pandemia da Covid-19 e por diversos conflitos, [&hellip;]<\/p>\n","protected":false},"author":2,"featured_media":8218,"comment_status":"open","ping_status":"closed","sticky":false,"template":"","format":"standard","meta":{"_acf_changed":false,"footnotes":""},"categories":[611],"tags":[],"class_list":["post-8217","post","type-post","status-publish","format-standard","has-post-thumbnail","hentry","category-noticias"],"acf":[],"yoast_head":"<!-- This site is optimized with the Yoast SEO plugin v27.2 - https:\/\/yoast.com\/product\/yoast-seo-wordpress\/ -->\n<title>Fraternidade e Educa\u00e7\u00e3o - Igreja no Brasil lan\u00e7a hoje Campanha da Fraternidade 2022<\/title>\n<meta name=\"description\" content=\"A Confer\u00eancia Nacional dos Bispos do Brasil (CNBB) lan\u00e7a, hoje, 2 de mar\u00e7o, a Campanha da Fraternidade de 2022, com o tema:\u00a0\u201cFraternidade e Educa\u00e7\u00e3o\u201d\u00a0e o lema b\u00edblico, extra\u00eddo de Prov\u00e9rbios 31, 26:\u00a0\u201cFala com sabedoria, ensina com amor\u201d.\" \/>\n<meta name=\"robots\" content=\"index, follow, max-snippet:-1, max-image-preview:large, max-video-preview:-1\" \/>\n<link rel=\"canonical\" href=\"https:\/\/www.padreeustaquio.com.br\/en\/fraternity-and-education-church-in-brazil-launches-fraternity-campaign-2022-today\/\" \/>\n<meta property=\"og:locale\" content=\"en_US\" \/>\n<meta property=\"og:type\" content=\"article\" \/>\n<meta property=\"og:title\" content=\"Fraternidade e Educa\u00e7\u00e3o - Igreja no Brasil lan\u00e7a hoje Campanha da Fraternidade 2022\" \/>\n<meta property=\"og:description\" content=\"A Confer\u00eancia Nacional dos Bispos do Brasil (CNBB) lan\u00e7a, hoje, 2 de mar\u00e7o, a Campanha da Fraternidade de 2022, com o tema:\u00a0\u201cFraternidade e Educa\u00e7\u00e3o\u201d\u00a0e o lema b\u00edblico, extra\u00eddo de Prov\u00e9rbios 31, 26:\u00a0\u201cFala com sabedoria, ensina com amor\u201d.\" \/>\n<meta property=\"og:url\" content=\"https:\/\/www.padreeustaquio.com.br\/en\/fraternity-and-education-church-in-brazil-launches-fraternity-campaign-2022-today\/\" \/>\n<meta property=\"og:site_name\" content=\"Padre Eust\u00e1quio\" \/>\n<meta property=\"article:publisher\" content=\"https:\/\/www.facebook.com\/beatopadreeustaquio\/\" \/>\n<meta property=\"article:published_time\" content=\"2022-03-02T09:02:00+00:00\" \/>\n<meta property=\"og:image\" content=\"https:\/\/www.padreeustaquio.com.br\/wp-content\/uploads\/2022\/02\/CF-2022.jpg\" \/>\n\t<meta property=\"og:image:width\" content=\"748\" \/>\n\t<meta property=\"og:image:height\" content=\"394\" \/>\n\t<meta property=\"og:image:type\" content=\"image\/jpeg\" \/>\n<meta name=\"author\" content=\"@sscc\" \/>\n<meta name=\"twitter:card\" content=\"summary_large_image\" \/>\n<meta name=\"twitter:creator\" content=\"@beatopeustaquio\" \/>\n<meta name=\"twitter:site\" content=\"@beatopeustaquio\" \/>\n<meta name=\"twitter:label1\" content=\"Written by\" \/>\n\t<meta name=\"twitter:data1\" content=\"@sscc\" \/>\n\t<meta name=\"twitter:label2\" content=\"Est. reading time\" \/>\n\t<meta name=\"twitter:data2\" content=\"2 minutes\" \/>\n<script type=\"application\/ld+json\" class=\"yoast-schema-graph\">{\"@context\":\"https:\/\/schema.org\",\"@graph\":[{\"@type\":\"Article\",\"@id\":\"https:\/\/www.padreeustaquio.com.br\/fraternidade-e-educacao-igreja-no-brasil-lanca-hoje-campanha-da-fraternidade-2022\/#article\",\"isPartOf\":{\"@id\":\"https:\/\/www.padreeustaquio.com.br\/fraternidade-e-educacao-igreja-no-brasil-lanca-hoje-campanha-da-fraternidade-2022\/\"},\"author\":{\"name\":\"@sscc\",\"@id\":\"https:\/\/www.padreeustaquio.com.br\/#\/schema\/person\/a2a51db1d00f1a7af0204a0f1ddb1566\"},\"headline\":\"Fraternidade e Educa\u00e7\u00e3o &#8211; Igreja no Brasil lan\u00e7a hoje Campanha da Fraternidade 2022\",\"datePublished\":\"2022-03-02T09:02:00+00:00\",\"mainEntityOfPage\":{\"@id\":\"https:\/\/www.padreeustaquio.com.br\/fraternidade-e-educacao-igreja-no-brasil-lanca-hoje-campanha-da-fraternidade-2022\/\"},\"wordCount\":321,\"commentCount\":0,\"publisher\":{\"@id\":\"https:\/\/www.padreeustaquio.com.br\/#organization\"},\"image\":{\"@id\":\"https:\/\/www.padreeustaquio.com.br\/fraternidade-e-educacao-igreja-no-brasil-lanca-hoje-campanha-da-fraternidade-2022\/#primaryimage\"},\"thumbnailUrl\":\"https:\/\/www.padreeustaquio.com.br\/wp-content\/uploads\/2022\/02\/CF-2022.jpg\",\"articleSection\":[\"Not\u00edcias\"],\"inLanguage\":\"en-US\",\"potentialAction\":[{\"@type\":\"CommentAction\",\"name\":\"Comment\",\"target\":[\"https:\/\/www.padreeustaquio.com.br\/fraternidade-e-educacao-igreja-no-brasil-lanca-hoje-campanha-da-fraternidade-2022\/#respond\"]}]},{\"@type\":\"WebPage\",\"@id\":\"https:\/\/www.padreeustaquio.com.br\/fraternidade-e-educacao-igreja-no-brasil-lanca-hoje-campanha-da-fraternidade-2022\/\",\"url\":\"https:\/\/www.padreeustaquio.com.br\/fraternidade-e-educacao-igreja-no-brasil-lanca-hoje-campanha-da-fraternidade-2022\/\",\"name\":\"Fraternidade e Educa\u00e7\u00e3o - Igreja no Brasil lan\u00e7a hoje Campanha da Fraternidade 2022\",\"isPartOf\":{\"@id\":\"https:\/\/www.padreeustaquio.com.br\/#website\"},\"primaryImageOfPage\":{\"@id\":\"https:\/\/www.padreeustaquio.com.br\/fraternidade-e-educacao-igreja-no-brasil-lanca-hoje-campanha-da-fraternidade-2022\/#primaryimage\"},\"image\":{\"@id\":\"https:\/\/www.padreeustaquio.com.br\/fraternidade-e-educacao-igreja-no-brasil-lanca-hoje-campanha-da-fraternidade-2022\/#primaryimage\"},\"thumbnailUrl\":\"https:\/\/www.padreeustaquio.com.br\/wp-content\/uploads\/2022\/02\/CF-2022.jpg\",\"datePublished\":\"2022-03-02T09:02:00+00:00\",\"description\":\"A Confer\u00eancia Nacional dos Bispos do Brasil (CNBB) lan\u00e7a, hoje, 2 de mar\u00e7o, a Campanha da Fraternidade de 2022, com o tema:\u00a0\u201cFraternidade e Educa\u00e7\u00e3o\u201d\u00a0e o lema b\u00edblico, extra\u00eddo de Prov\u00e9rbios 31, 26:\u00a0\u201cFala com sabedoria, ensina com amor\u201d.\",\"breadcrumb\":{\"@id\":\"https:\/\/www.padreeustaquio.com.br\/fraternidade-e-educacao-igreja-no-brasil-lanca-hoje-campanha-da-fraternidade-2022\/#breadcrumb\"},\"inLanguage\":\"en-US\",\"potentialAction\":[{\"@type\":\"ReadAction\",\"target\":[\"https:\/\/www.padreeustaquio.com.br\/fraternidade-e-educacao-igreja-no-brasil-lanca-hoje-campanha-da-fraternidade-2022\/\"]}]},{\"@type\":\"ImageObject\",\"inLanguage\":\"en-US\",\"@id\":\"https:\/\/www.padreeustaquio.com.br\/fraternidade-e-educacao-igreja-no-brasil-lanca-hoje-campanha-da-fraternidade-2022\/#primaryimage\",\"url\":\"https:\/\/www.padreeustaquio.com.br\/wp-content\/uploads\/2022\/02\/CF-2022.jpg\",\"contentUrl\":\"https:\/\/www.padreeustaquio.com.br\/wp-content\/uploads\/2022\/02\/CF-2022.jpg\",\"width\":748,\"height\":394},{\"@type\":\"BreadcrumbList\",\"@id\":\"https:\/\/www.padreeustaquio.com.br\/fraternidade-e-educacao-igreja-no-brasil-lanca-hoje-campanha-da-fraternidade-2022\/#breadcrumb\",\"itemListElement\":[{\"@type\":\"ListItem\",\"position\":1,\"name\":\"In\u00edcio\",\"item\":\"https:\/\/www.padreeustaquio.com.br\/\"},{\"@type\":\"ListItem\",\"position\":2,\"name\":\"Fraternidade e Educa\u00e7\u00e3o &#8211; Igreja no Brasil lan\u00e7a hoje Campanha da Fraternidade 2022\"}]},{\"@type\":\"WebSite\",\"@id\":\"https:\/\/www.padreeustaquio.com.br\/#website\",\"url\":\"https:\/\/www.padreeustaquio.com.br\/\",\"name\":\"Padre Eust\u00e1quio\",\"description\":\"Sa\u00fade e Paz\",\"publisher\":{\"@id\":\"https:\/\/www.padreeustaquio.com.br\/#organization\"},\"potentialAction\":[{\"@type\":\"SearchAction\",\"target\":{\"@type\":\"EntryPoint\",\"urlTemplate\":\"https:\/\/www.padreeustaquio.com.br\/?s={search_term_string}\"},\"query-input\":{\"@type\":\"PropertyValueSpecification\",\"valueRequired\":true,\"valueName\":\"search_term_string\"}}],\"inLanguage\":\"en-US\"},{\"@type\":\"Organization\",\"@id\":\"https:\/\/www.padreeustaquio.com.br\/#organization\",\"name\":\"Padre Eust\u00e1quio\",\"url\":\"https:\/\/www.padreeustaquio.com.br\/\",\"logo\":{\"@type\":\"ImageObject\",\"inLanguage\":\"en-US\",\"@id\":\"https:\/\/www.padreeustaquio.com.br\/#\/schema\/logo\/image\/\",\"url\":\"https:\/\/www.padreeustaquio.com.br\/wp-content\/uploads\/2019\/08\/marca.png\",\"contentUrl\":\"https:\/\/www.padreeustaquio.com.br\/wp-content\/uploads\/2019\/08\/marca.png\",\"width\":350,\"height\":400,\"caption\":\"Padre Eust\u00e1quio\"},\"image\":{\"@id\":\"https:\/\/www.padreeustaquio.com.br\/#\/schema\/logo\/image\/\"},\"sameAs\":[\"https:\/\/www.facebook.com\/beatopadreeustaquio\/\",\"https:\/\/x.com\/beatopeustaquio\",\"https:\/\/www.instagram.com\/beatopadreeustaquio\/\",\"https:\/\/www.youtube.com\/channel\/UCRhw7vfabnajwLxb1ZXMeIw\"]},{\"@type\":\"Person\",\"@id\":\"https:\/\/www.padreeustaquio.com.br\/#\/schema\/person\/a2a51db1d00f1a7af0204a0f1ddb1566\",\"name\":\"@sscc\",\"image\":{\"@type\":\"ImageObject\",\"inLanguage\":\"en-US\",\"@id\":\"https:\/\/secure.gravatar.com\/avatar\/68cfafa5f44617fea54071e215026e0ff06be366c3d54a8425f04fdcb86f8c5f?s=96&d=mm&r=g\",\"url\":\"https:\/\/secure.gravatar.com\/avatar\/68cfafa5f44617fea54071e215026e0ff06be366c3d54a8425f04fdcb86f8c5f?s=96&d=mm&r=g\",\"contentUrl\":\"https:\/\/secure.gravatar.com\/avatar\/68cfafa5f44617fea54071e215026e0ff06be366c3d54a8425f04fdcb86f8c5f?s=96&d=mm&r=g\",\"caption\":\"@sscc\"},\"url\":\"https:\/\/www.padreeustaquio.com.br\/en\/author\/sscc\/\"}]}<\/script>\n<!-- \/ Yoast SEO plugin. -->","yoast_head_json":{"title":"Fraternity and Education - The Church in Brazil launches the 2022 Fraternity Campaign today.","description":"The National Conference of Bishops of Brazil (CNBB) launches today, March 2nd, the 2022 Fraternity Campaign, with the theme: &quot;Fraternity and Education&quot; and the biblical motto, taken from Proverbs 31:26: &quot;Speak with wisdom, teach with love.&quot;.","robots":{"index":"index","follow":"follow","max-snippet":"max-snippet:-1","max-image-preview":"max-image-preview:large","max-video-preview":"max-video-preview:-1"},"canonical":"https:\/\/www.padreeustaquio.com.br\/en\/fraternity-and-education-church-in-brazil-launches-fraternity-campaign-2022-today\/","og_locale":"en_US","og_type":"article","og_title":"Fraternidade e Educa\u00e7\u00e3o - Igreja no Brasil lan\u00e7a hoje Campanha da Fraternidade 2022","og_description":"A Confer\u00eancia Nacional dos Bispos do Brasil (CNBB) lan\u00e7a, hoje, 2 de mar\u00e7o, a Campanha da Fraternidade de 2022, com o tema:\u00a0\u201cFraternidade e Educa\u00e7\u00e3o\u201d\u00a0e o lema b\u00edblico, extra\u00eddo de Prov\u00e9rbios 31, 26:\u00a0\u201cFala com sabedoria, ensina com amor\u201d.","og_url":"https:\/\/www.padreeustaquio.com.br\/en\/fraternity-and-education-church-in-brazil-launches-fraternity-campaign-2022-today\/","og_site_name":"Padre Eust\u00e1quio","article_publisher":"https:\/\/www.facebook.com\/beatopadreeustaquio\/","article_published_time":"2022-03-02T09:02:00+00:00","og_image":[{"width":748,"height":394,"url":"https:\/\/www.padreeustaquio.com.br\/wp-content\/uploads\/2022\/02\/CF-2022.jpg","type":"image\/jpeg"}],"author":"@sscc","twitter_card":"summary_large_image","twitter_creator":"@beatopeustaquio","twitter_site":"@beatopeustaquio","twitter_misc":{"Written by":"@sscc","Est. reading time":"2 minutes"},"schema":{"@context":"https:\/\/schema.org","@graph":[{"@type":"Article","@id":"https:\/\/www.padreeustaquio.com.br\/fraternidade-e-educacao-igreja-no-brasil-lanca-hoje-campanha-da-fraternidade-2022\/#article","isPartOf":{"@id":"https:\/\/www.padreeustaquio.com.br\/fraternidade-e-educacao-igreja-no-brasil-lanca-hoje-campanha-da-fraternidade-2022\/"},"author":{"name":"@sscc","@id":"https:\/\/www.padreeustaquio.com.br\/#\/schema\/person\/a2a51db1d00f1a7af0204a0f1ddb1566"},"headline":"Fraternidade e Educa\u00e7\u00e3o &#8211; Igreja no Brasil lan\u00e7a hoje Campanha da Fraternidade 2022","datePublished":"2022-03-02T09:02:00+00:00","mainEntityOfPage":{"@id":"https:\/\/www.padreeustaquio.com.br\/fraternidade-e-educacao-igreja-no-brasil-lanca-hoje-campanha-da-fraternidade-2022\/"},"wordCount":321,"commentCount":0,"publisher":{"@id":"https:\/\/www.padreeustaquio.com.br\/#organization"},"image":{"@id":"https:\/\/www.padreeustaquio.com.br\/fraternidade-e-educacao-igreja-no-brasil-lanca-hoje-campanha-da-fraternidade-2022\/#primaryimage"},"thumbnailUrl":"https:\/\/www.padreeustaquio.com.br\/wp-content\/uploads\/2022\/02\/CF-2022.jpg","articleSection":["Not\u00edcias"],"inLanguage":"en-US","potentialAction":[{"@type":"CommentAction","name":"Comment","target":["https:\/\/www.padreeustaquio.com.br\/fraternidade-e-educacao-igreja-no-brasil-lanca-hoje-campanha-da-fraternidade-2022\/#respond"]}]},{"@type":"WebPage","@id":"https:\/\/www.padreeustaquio.com.br\/fraternidade-e-educacao-igreja-no-brasil-lanca-hoje-campanha-da-fraternidade-2022\/","url":"https:\/\/www.padreeustaquio.com.br\/fraternidade-e-educacao-igreja-no-brasil-lanca-hoje-campanha-da-fraternidade-2022\/","name":"Fraternity and Education - The Church in Brazil launches the 2022 Fraternity Campaign today.","isPartOf":{"@id":"https:\/\/www.padreeustaquio.com.br\/#website"},"primaryImageOfPage":{"@id":"https:\/\/www.padreeustaquio.com.br\/fraternidade-e-educacao-igreja-no-brasil-lanca-hoje-campanha-da-fraternidade-2022\/#primaryimage"},"image":{"@id":"https:\/\/www.padreeustaquio.com.br\/fraternidade-e-educacao-igreja-no-brasil-lanca-hoje-campanha-da-fraternidade-2022\/#primaryimage"},"thumbnailUrl":"https:\/\/www.padreeustaquio.com.br\/wp-content\/uploads\/2022\/02\/CF-2022.jpg","datePublished":"2022-03-02T09:02:00+00:00","description":"The National Conference of Bishops of Brazil (CNBB) launches today, March 2nd, the 2022 Fraternity Campaign, with the theme: &quot;Fraternity and Education&quot; and the biblical motto, taken from Proverbs 31:26: &quot;Speak with wisdom, teach with love.&quot;.","breadcrumb":{"@id":"https:\/\/www.padreeustaquio.com.br\/fraternidade-e-educacao-igreja-no-brasil-lanca-hoje-campanha-da-fraternidade-2022\/#breadcrumb"},"inLanguage":"en-US","potentialAction":[{"@type":"ReadAction","target":["https:\/\/www.padreeustaquio.com.br\/fraternidade-e-educacao-igreja-no-brasil-lanca-hoje-campanha-da-fraternidade-2022\/"]}]},{"@type":"ImageObject","inLanguage":"en-US","@id":"https:\/\/www.padreeustaquio.com.br\/fraternidade-e-educacao-igreja-no-brasil-lanca-hoje-campanha-da-fraternidade-2022\/#primaryimage","url":"https:\/\/www.padreeustaquio.com.br\/wp-content\/uploads\/2022\/02\/CF-2022.jpg","contentUrl":"https:\/\/www.padreeustaquio.com.br\/wp-content\/uploads\/2022\/02\/CF-2022.jpg","width":748,"height":394},{"@type":"BreadcrumbList","@id":"https:\/\/www.padreeustaquio.com.br\/fraternidade-e-educacao-igreja-no-brasil-lanca-hoje-campanha-da-fraternidade-2022\/#breadcrumb","itemListElement":[{"@type":"ListItem","position":1,"name":"In\u00edcio","item":"https:\/\/www.padreeustaquio.com.br\/"},{"@type":"ListItem","position":2,"name":"Fraternidade e Educa\u00e7\u00e3o &#8211; Igreja no Brasil lan\u00e7a hoje Campanha da Fraternidade 2022"}]},{"@type":"WebSite","@id":"https:\/\/www.padreeustaquio.com.br\/#website","url":"https:\/\/www.padreeustaquio.com.br\/","name":"FATHER EUST\u00c1QUIO","description":"Health and Peace","publisher":{"@id":"https:\/\/www.padreeustaquio.com.br\/#organization"},"potentialAction":[{"@type":"SearchAction","target":{"@type":"EntryPoint","urlTemplate":"https:\/\/www.padreeustaquio.com.br\/?s={search_term_string}"},"query-input":{"@type":"PropertyValueSpecification","valueRequired":true,"valueName":"search_term_string"}}],"inLanguage":"en-US"},{"@type":"Organization","@id":"https:\/\/www.padreeustaquio.com.br\/#organization","name":"FATHER EUST\u00c1QUIO","url":"https:\/\/www.padreeustaquio.com.br\/","logo":{"@type":"ImageObject","inLanguage":"en-US","@id":"https:\/\/www.padreeustaquio.com.br\/#\/schema\/logo\/image\/","url":"https:\/\/www.padreeustaquio.com.br\/wp-content\/uploads\/2019\/08\/marca.png","contentUrl":"https:\/\/www.padreeustaquio.com.br\/wp-content\/uploads\/2019\/08\/marca.png","width":350,"height":400,"caption":"Padre Eust\u00e1quio"},"image":{"@id":"https:\/\/www.padreeustaquio.com.br\/#\/schema\/logo\/image\/"},"sameAs":["https:\/\/www.facebook.com\/beatopadreeustaquio\/","https:\/\/x.com\/beatopeustaquio","https:\/\/www.instagram.com\/beatopadreeustaquio\/","https:\/\/www.youtube.com\/channel\/UCRhw7vfabnajwLxb1ZXMeIw"]},{"@type":"Person","@id":"https:\/\/www.padreeustaquio.com.br\/#\/schema\/person\/a2a51db1d00f1a7af0204a0f1ddb1566","name":"@sscc","image":{"@type":"ImageObject","inLanguage":"en-US","@id":"https:\/\/secure.gravatar.com\/avatar\/68cfafa5f44617fea54071e215026e0ff06be366c3d54a8425f04fdcb86f8c5f?s=96&d=mm&r=g","url":"https:\/\/secure.gravatar.com\/avatar\/68cfafa5f44617fea54071e215026e0ff06be366c3d54a8425f04fdcb86f8c5f?s=96&d=mm&r=g","contentUrl":"https:\/\/secure.gravatar.com\/avatar\/68cfafa5f44617fea54071e215026e0ff06be366c3d54a8425f04fdcb86f8c5f?s=96&d=mm&r=g","caption":"@sscc"},"url":"https:\/\/www.padreeustaquio.com.br\/en\/author\/sscc\/"}]}},"_links":{"self":[{"href":"https:\/\/www.padreeustaquio.com.br\/en\/wp-json\/wp\/v2\/posts\/8217","targetHints":{"allow":["GET"]}}],"collection":[{"href":"https:\/\/www.padreeustaquio.com.br\/en\/wp-json\/wp\/v2\/posts"}],"about":[{"href":"https:\/\/www.padreeustaquio.com.br\/en\/wp-json\/wp\/v2\/types\/post"}],"author":[{"embeddable":true,"href":"https:\/\/www.padreeustaquio.com.br\/en\/wp-json\/wp\/v2\/users\/2"}],"replies":[{"embeddable":true,"href":"https:\/\/www.padreeustaquio.com.br\/en\/wp-json\/wp\/v2\/comments?post=8217"}],"version-history":[{"count":0,"href":"https:\/\/www.padreeustaquio.com.br\/en\/wp-json\/wp\/v2\/posts\/8217\/revisions"}],"wp:featuredmedia":[{"embeddable":true,"href":"https:\/\/www.padreeustaquio.com.br\/en\/wp-json\/wp\/v2\/media\/8218"}],"wp:attachment":[{"href":"https:\/\/www.padreeustaquio.com.br\/en\/wp-json\/wp\/v2\/media?parent=8217"}],"wp:term":[{"taxonomy":"category","embeddable":true,"href":"https:\/\/www.padreeustaquio.com.br\/en\/wp-json\/wp\/v2\/categories?post=8217"},{"taxonomy":"post_tag","embeddable":true,"href":"https:\/\/www.padreeustaquio.com.br\/en\/wp-json\/wp\/v2\/tags?post=8217"}],"curies":[{"name":"wp","href":"https:\/\/api.w.org\/{rel}","templated":true}]}}