{"id":8202,"date":"2022-02-26T09:25:00","date_gmt":"2022-02-26T12:25:00","guid":{"rendered":"https:\/\/www.padreeustaquio.com.br\/?p=8202"},"modified":"2022-02-25T14:33:25","modified_gmt":"2022-02-25T17:33:25","slug":"eighth-sunday-in-ordinary-time-celebrate-with-your-family","status":"publish","type":"post","link":"https:\/\/www.padreeustaquio.com.br\/en\/eighth-sunday-in-ordinary-time-celebrate-with-your-family\/","title":{"rendered":"Eighth Sunday in Ordinary Time \u2013 Celebrate as a Family"},"content":{"rendered":"<p>The Church celebrates the 8th Sunday in Ordinary Time this Sunday, February 27th. The Episcopal Pastoral Commission for Liturgy of the National Conference of Bishops of Brazil (CNBB) offers the &quot;Celebrate as a Family&quot; guide, with the rite for the Sunday celebration of the Word of God. <\/p>\n\n\n\n<p>At the Health and Peace Sanctuary, there are three times when masses are broadcast via...\u00a0<a href=\"https:\/\/www.youtube.com\/channel\/UCRhw7vfabnajwLxb1ZXMeIw\">Padre Eust\u00e1quio Channel<\/a>\u00a0(Saturday at 5 pm and Sunday at 10 am and 7 pm) which we can attend, but living the dignity of the priestly people that our baptism conferred upon us. We can not only attend, but celebrate the Lord&#039;s Day with our families.<\/p>\n\n\n\n<p>The Word that the liturgy addresses to the faithful next Sunday brings the warning of the apostle Paul: &quot;in the Lord, our labors will not be in vain.&quot; And Jesus, in the Gospel, teaches that &quot;every tree is recognized by its fruit.&quot;.<\/p>\n\n\n\n<p><a href=\"https:\/\/bit.ly\/cef8dtc\" target=\"_blank\" rel=\"noreferrer noopener\">Download the Family Celebration Guide for the 8th Sunday in Ordinary Time.<\/a><\/p>\n\n\n\n<p>Families are advised to choose a suitable place in their homes to celebrate and pray together.\u00a0<em>\u201c&quot;Prepare your Bible with the text to be proclaimed, a vase with flowers, a crucifix, an image or icon of Our Lady, and a candle to be lit during the celebration.&quot;\u201d<\/em>, proposes the Commission for the Liturgy.<\/p>\n\n\n\n<p><\/p>","protected":false},"excerpt":{"rendered":"<p>A Igreja celebra neste domingo, 27 de fevereiro, o 8\u00ba Domingo do Tempo Comum. E a Comiss\u00e3o Episcopal Pastoral para a Liturgia da Confer\u00eancia Nacional dos Bispos do Brasil (CNBB) oferece o roteiro Celebrar em Fam\u00edlia, com o rito da celebra\u00e7\u00e3o dominical da Palavra de Deus. No Santu\u00e1rio Sa\u00fade e Paz s\u00e3o tr\u00eas hor\u00e1rios de transmiss\u00e3o de missas pelo\u00a0Canal Padre Eust\u00e1quio\u00a0(s\u00e1bado, \u00e0s 17h e domingo, \u00e0s 10h e \u00e0s 19h) que podemos acompanhar, mas vivendo a dignidade de povo sacerdotal que nosso batismo nos conferiu. Podemos n\u00e3o s\u00f3 acompanhar, mas celebrar com nossas fam\u00edlias o Dia do Senhor. A Palavra [&hellip;]<\/p>\n","protected":false},"author":2,"featured_media":8203,"comment_status":"open","ping_status":"closed","sticky":false,"template":"","format":"standard","meta":{"_acf_changed":false,"footnotes":""},"categories":[611],"tags":[],"class_list":["post-8202","post","type-post","status-publish","format-standard","has-post-thumbnail","hentry","category-noticias"],"acf":[],"yoast_head":"<!-- This site is optimized with the Yoast SEO plugin v27.2 - https:\/\/yoast.com\/product\/yoast-seo-wordpress\/ -->\n<title>Oitavo Domingo do Tempo Comum - Celebre em Fam\u00edlia<\/title>\n<meta name=\"description\" content=\"A Palavra que a liturgia dirige aos fi\u00e9is no pr\u00f3ximo domingo traz a advert\u00eancia do ap\u00f3stolo Paulo: \u201cno Senhor, nossas fadigas n\u00e3o ser\u00e3o em v\u00e3o\u201d. E Jesus, no Evangelho, ensina que \u201ctoda \u00e1rvore \u00e9 reconhecida pelos seus frutos\u201d.\" \/>\n<meta name=\"robots\" content=\"index, follow, max-snippet:-1, max-image-preview:large, max-video-preview:-1\" \/>\n<link rel=\"canonical\" href=\"https:\/\/www.padreeustaquio.com.br\/en\/eighth-sunday-in-ordinary-time-celebrate-with-your-family\/\" \/>\n<meta property=\"og:locale\" content=\"en_US\" \/>\n<meta property=\"og:type\" content=\"article\" \/>\n<meta property=\"og:title\" content=\"Oitavo Domingo do Tempo Comum - Celebre em Fam\u00edlia\" \/>\n<meta property=\"og:description\" content=\"A Palavra que a liturgia dirige aos fi\u00e9is no pr\u00f3ximo domingo traz a advert\u00eancia do ap\u00f3stolo Paulo: \u201cno Senhor, nossas fadigas n\u00e3o ser\u00e3o em v\u00e3o\u201d. E Jesus, no Evangelho, ensina que \u201ctoda \u00e1rvore \u00e9 reconhecida pelos seus frutos\u201d.\" \/>\n<meta property=\"og:url\" content=\"https:\/\/www.padreeustaquio.com.br\/en\/eighth-sunday-in-ordinary-time-celebrate-with-your-family\/\" \/>\n<meta property=\"og:site_name\" content=\"Padre Eust\u00e1quio\" \/>\n<meta property=\"article:publisher\" content=\"https:\/\/www.facebook.com\/beatopadreeustaquio\/\" \/>\n<meta property=\"article:published_time\" content=\"2022-02-26T12:25:00+00:00\" \/>\n<meta property=\"og:image\" content=\"https:\/\/www.padreeustaquio.com.br\/wp-content\/uploads\/2022\/02\/oitavo-dom.-tempo-comum.jpg\" \/>\n\t<meta property=\"og:image:width\" content=\"748\" \/>\n\t<meta property=\"og:image:height\" content=\"394\" \/>\n\t<meta property=\"og:image:type\" content=\"image\/jpeg\" \/>\n<meta name=\"author\" content=\"@sscc\" \/>\n<meta name=\"twitter:card\" content=\"summary_large_image\" \/>\n<meta name=\"twitter:creator\" content=\"@beatopeustaquio\" \/>\n<meta name=\"twitter:site\" content=\"@beatopeustaquio\" \/>\n<meta name=\"twitter:label1\" content=\"Written by\" \/>\n\t<meta name=\"twitter:data1\" content=\"@sscc\" \/>\n\t<meta name=\"twitter:label2\" content=\"Est. reading time\" \/>\n\t<meta name=\"twitter:data2\" content=\"1 minute\" \/>\n<script type=\"application\/ld+json\" class=\"yoast-schema-graph\">{\"@context\":\"https:\/\/schema.org\",\"@graph\":[{\"@type\":\"Article\",\"@id\":\"https:\/\/www.padreeustaquio.com.br\/oitavo-domingo-do-tempo-comum-celebre-em-familia\/#article\",\"isPartOf\":{\"@id\":\"https:\/\/www.padreeustaquio.com.br\/oitavo-domingo-do-tempo-comum-celebre-em-familia\/\"},\"author\":{\"name\":\"@sscc\",\"@id\":\"https:\/\/www.padreeustaquio.com.br\/#\/schema\/person\/a2a51db1d00f1a7af0204a0f1ddb1566\"},\"headline\":\"Oitavo Domingo do Tempo Comum &#8211; Celebre em Fam\u00edlia\",\"datePublished\":\"2022-02-26T12:25:00+00:00\",\"mainEntityOfPage\":{\"@id\":\"https:\/\/www.padreeustaquio.com.br\/oitavo-domingo-do-tempo-comum-celebre-em-familia\/\"},\"wordCount\":239,\"commentCount\":0,\"publisher\":{\"@id\":\"https:\/\/www.padreeustaquio.com.br\/#organization\"},\"image\":{\"@id\":\"https:\/\/www.padreeustaquio.com.br\/oitavo-domingo-do-tempo-comum-celebre-em-familia\/#primaryimage\"},\"thumbnailUrl\":\"https:\/\/www.padreeustaquio.com.br\/wp-content\/uploads\/2022\/02\/oitavo-dom.-tempo-comum.jpg\",\"articleSection\":[\"Not\u00edcias\"],\"inLanguage\":\"en-US\",\"potentialAction\":[{\"@type\":\"CommentAction\",\"name\":\"Comment\",\"target\":[\"https:\/\/www.padreeustaquio.com.br\/oitavo-domingo-do-tempo-comum-celebre-em-familia\/#respond\"]}]},{\"@type\":\"WebPage\",\"@id\":\"https:\/\/www.padreeustaquio.com.br\/oitavo-domingo-do-tempo-comum-celebre-em-familia\/\",\"url\":\"https:\/\/www.padreeustaquio.com.br\/oitavo-domingo-do-tempo-comum-celebre-em-familia\/\",\"name\":\"Oitavo Domingo do Tempo Comum - Celebre em Fam\u00edlia\",\"isPartOf\":{\"@id\":\"https:\/\/www.padreeustaquio.com.br\/#website\"},\"primaryImageOfPage\":{\"@id\":\"https:\/\/www.padreeustaquio.com.br\/oitavo-domingo-do-tempo-comum-celebre-em-familia\/#primaryimage\"},\"image\":{\"@id\":\"https:\/\/www.padreeustaquio.com.br\/oitavo-domingo-do-tempo-comum-celebre-em-familia\/#primaryimage\"},\"thumbnailUrl\":\"https:\/\/www.padreeustaquio.com.br\/wp-content\/uploads\/2022\/02\/oitavo-dom.-tempo-comum.jpg\",\"datePublished\":\"2022-02-26T12:25:00+00:00\",\"description\":\"A Palavra que a liturgia dirige aos fi\u00e9is no pr\u00f3ximo domingo traz a advert\u00eancia do ap\u00f3stolo Paulo: \u201cno Senhor, nossas fadigas n\u00e3o ser\u00e3o em v\u00e3o\u201d. E Jesus, no Evangelho, ensina que \u201ctoda \u00e1rvore \u00e9 reconhecida pelos seus frutos\u201d.\",\"breadcrumb\":{\"@id\":\"https:\/\/www.padreeustaquio.com.br\/oitavo-domingo-do-tempo-comum-celebre-em-familia\/#breadcrumb\"},\"inLanguage\":\"en-US\",\"potentialAction\":[{\"@type\":\"ReadAction\",\"target\":[\"https:\/\/www.padreeustaquio.com.br\/oitavo-domingo-do-tempo-comum-celebre-em-familia\/\"]}]},{\"@type\":\"ImageObject\",\"inLanguage\":\"en-US\",\"@id\":\"https:\/\/www.padreeustaquio.com.br\/oitavo-domingo-do-tempo-comum-celebre-em-familia\/#primaryimage\",\"url\":\"https:\/\/www.padreeustaquio.com.br\/wp-content\/uploads\/2022\/02\/oitavo-dom.-tempo-comum.jpg\",\"contentUrl\":\"https:\/\/www.padreeustaquio.com.br\/wp-content\/uploads\/2022\/02\/oitavo-dom.-tempo-comum.jpg\",\"width\":748,\"height\":394},{\"@type\":\"BreadcrumbList\",\"@id\":\"https:\/\/www.padreeustaquio.com.br\/oitavo-domingo-do-tempo-comum-celebre-em-familia\/#breadcrumb\",\"itemListElement\":[{\"@type\":\"ListItem\",\"position\":1,\"name\":\"In\u00edcio\",\"item\":\"https:\/\/www.padreeustaquio.com.br\/\"},{\"@type\":\"ListItem\",\"position\":2,\"name\":\"Oitavo Domingo do Tempo Comum &#8211; Celebre em Fam\u00edlia\"}]},{\"@type\":\"WebSite\",\"@id\":\"https:\/\/www.padreeustaquio.com.br\/#website\",\"url\":\"https:\/\/www.padreeustaquio.com.br\/\",\"name\":\"Padre Eust\u00e1quio\",\"description\":\"Sa\u00fade e Paz\",\"publisher\":{\"@id\":\"https:\/\/www.padreeustaquio.com.br\/#organization\"},\"potentialAction\":[{\"@type\":\"SearchAction\",\"target\":{\"@type\":\"EntryPoint\",\"urlTemplate\":\"https:\/\/www.padreeustaquio.com.br\/?s={search_term_string}\"},\"query-input\":{\"@type\":\"PropertyValueSpecification\",\"valueRequired\":true,\"valueName\":\"search_term_string\"}}],\"inLanguage\":\"en-US\"},{\"@type\":\"Organization\",\"@id\":\"https:\/\/www.padreeustaquio.com.br\/#organization\",\"name\":\"Padre Eust\u00e1quio\",\"url\":\"https:\/\/www.padreeustaquio.com.br\/\",\"logo\":{\"@type\":\"ImageObject\",\"inLanguage\":\"en-US\",\"@id\":\"https:\/\/www.padreeustaquio.com.br\/#\/schema\/logo\/image\/\",\"url\":\"https:\/\/www.padreeustaquio.com.br\/wp-content\/uploads\/2019\/08\/marca.png\",\"contentUrl\":\"https:\/\/www.padreeustaquio.com.br\/wp-content\/uploads\/2019\/08\/marca.png\",\"width\":350,\"height\":400,\"caption\":\"Padre Eust\u00e1quio\"},\"image\":{\"@id\":\"https:\/\/www.padreeustaquio.com.br\/#\/schema\/logo\/image\/\"},\"sameAs\":[\"https:\/\/www.facebook.com\/beatopadreeustaquio\/\",\"https:\/\/x.com\/beatopeustaquio\",\"https:\/\/www.instagram.com\/beatopadreeustaquio\/\",\"https:\/\/www.youtube.com\/channel\/UCRhw7vfabnajwLxb1ZXMeIw\"]},{\"@type\":\"Person\",\"@id\":\"https:\/\/www.padreeustaquio.com.br\/#\/schema\/person\/a2a51db1d00f1a7af0204a0f1ddb1566\",\"name\":\"@sscc\",\"image\":{\"@type\":\"ImageObject\",\"inLanguage\":\"en-US\",\"@id\":\"https:\/\/secure.gravatar.com\/avatar\/68cfafa5f44617fea54071e215026e0ff06be366c3d54a8425f04fdcb86f8c5f?s=96&d=mm&r=g\",\"url\":\"https:\/\/secure.gravatar.com\/avatar\/68cfafa5f44617fea54071e215026e0ff06be366c3d54a8425f04fdcb86f8c5f?s=96&d=mm&r=g\",\"contentUrl\":\"https:\/\/secure.gravatar.com\/avatar\/68cfafa5f44617fea54071e215026e0ff06be366c3d54a8425f04fdcb86f8c5f?s=96&d=mm&r=g\",\"caption\":\"@sscc\"},\"url\":\"https:\/\/www.padreeustaquio.com.br\/en\/author\/sscc\/\"}]}<\/script>\n<!-- \/ Yoast SEO plugin. -->","yoast_head_json":{"title":"Eighth Sunday in Ordinary Time - Celebrate as a Family","description":"The Word that the liturgy addresses to the faithful next Sunday brings the warning of the apostle Paul: &quot;in the Lord, our labors will not be in vain.&quot; And Jesus, in the Gospel, teaches that &quot;every tree is recognized by its fruit.&quot;.","robots":{"index":"index","follow":"follow","max-snippet":"max-snippet:-1","max-image-preview":"max-image-preview:large","max-video-preview":"max-video-preview:-1"},"canonical":"https:\/\/www.padreeustaquio.com.br\/en\/eighth-sunday-in-ordinary-time-celebrate-with-your-family\/","og_locale":"en_US","og_type":"article","og_title":"Oitavo Domingo do Tempo Comum - Celebre em Fam\u00edlia","og_description":"A Palavra que a liturgia dirige aos fi\u00e9is no pr\u00f3ximo domingo traz a advert\u00eancia do ap\u00f3stolo Paulo: \u201cno Senhor, nossas fadigas n\u00e3o ser\u00e3o em v\u00e3o\u201d. E Jesus, no Evangelho, ensina que \u201ctoda \u00e1rvore \u00e9 reconhecida pelos seus frutos\u201d.","og_url":"https:\/\/www.padreeustaquio.com.br\/en\/eighth-sunday-in-ordinary-time-celebrate-with-your-family\/","og_site_name":"Padre Eust\u00e1quio","article_publisher":"https:\/\/www.facebook.com\/beatopadreeustaquio\/","article_published_time":"2022-02-26T12:25:00+00:00","og_image":[{"width":748,"height":394,"url":"https:\/\/www.padreeustaquio.com.br\/wp-content\/uploads\/2022\/02\/oitavo-dom.-tempo-comum.jpg","type":"image\/jpeg"}],"author":"@sscc","twitter_card":"summary_large_image","twitter_creator":"@beatopeustaquio","twitter_site":"@beatopeustaquio","twitter_misc":{"Written by":"@sscc","Est. reading time":"1 minute"},"schema":{"@context":"https:\/\/schema.org","@graph":[{"@type":"Article","@id":"https:\/\/www.padreeustaquio.com.br\/oitavo-domingo-do-tempo-comum-celebre-em-familia\/#article","isPartOf":{"@id":"https:\/\/www.padreeustaquio.com.br\/oitavo-domingo-do-tempo-comum-celebre-em-familia\/"},"author":{"name":"@sscc","@id":"https:\/\/www.padreeustaquio.com.br\/#\/schema\/person\/a2a51db1d00f1a7af0204a0f1ddb1566"},"headline":"Oitavo Domingo do Tempo Comum &#8211; Celebre em Fam\u00edlia","datePublished":"2022-02-26T12:25:00+00:00","mainEntityOfPage":{"@id":"https:\/\/www.padreeustaquio.com.br\/oitavo-domingo-do-tempo-comum-celebre-em-familia\/"},"wordCount":239,"commentCount":0,"publisher":{"@id":"https:\/\/www.padreeustaquio.com.br\/#organization"},"image":{"@id":"https:\/\/www.padreeustaquio.com.br\/oitavo-domingo-do-tempo-comum-celebre-em-familia\/#primaryimage"},"thumbnailUrl":"https:\/\/www.padreeustaquio.com.br\/wp-content\/uploads\/2022\/02\/oitavo-dom.-tempo-comum.jpg","articleSection":["Not\u00edcias"],"inLanguage":"en-US","potentialAction":[{"@type":"CommentAction","name":"Comment","target":["https:\/\/www.padreeustaquio.com.br\/oitavo-domingo-do-tempo-comum-celebre-em-familia\/#respond"]}]},{"@type":"WebPage","@id":"https:\/\/www.padreeustaquio.com.br\/oitavo-domingo-do-tempo-comum-celebre-em-familia\/","url":"https:\/\/www.padreeustaquio.com.br\/oitavo-domingo-do-tempo-comum-celebre-em-familia\/","name":"Eighth Sunday in Ordinary Time - Celebrate as a Family","isPartOf":{"@id":"https:\/\/www.padreeustaquio.com.br\/#website"},"primaryImageOfPage":{"@id":"https:\/\/www.padreeustaquio.com.br\/oitavo-domingo-do-tempo-comum-celebre-em-familia\/#primaryimage"},"image":{"@id":"https:\/\/www.padreeustaquio.com.br\/oitavo-domingo-do-tempo-comum-celebre-em-familia\/#primaryimage"},"thumbnailUrl":"https:\/\/www.padreeustaquio.com.br\/wp-content\/uploads\/2022\/02\/oitavo-dom.-tempo-comum.jpg","datePublished":"2022-02-26T12:25:00+00:00","description":"The Word that the liturgy addresses to the faithful next Sunday brings the warning of the apostle Paul: &quot;in the Lord, our labors will not be in vain.&quot; And Jesus, in the Gospel, teaches that &quot;every tree is recognized by its fruit.&quot;.","breadcrumb":{"@id":"https:\/\/www.padreeustaquio.com.br\/oitavo-domingo-do-tempo-comum-celebre-em-familia\/#breadcrumb"},"inLanguage":"en-US","potentialAction":[{"@type":"ReadAction","target":["https:\/\/www.padreeustaquio.com.br\/oitavo-domingo-do-tempo-comum-celebre-em-familia\/"]}]},{"@type":"ImageObject","inLanguage":"en-US","@id":"https:\/\/www.padreeustaquio.com.br\/oitavo-domingo-do-tempo-comum-celebre-em-familia\/#primaryimage","url":"https:\/\/www.padreeustaquio.com.br\/wp-content\/uploads\/2022\/02\/oitavo-dom.-tempo-comum.jpg","contentUrl":"https:\/\/www.padreeustaquio.com.br\/wp-content\/uploads\/2022\/02\/oitavo-dom.-tempo-comum.jpg","width":748,"height":394},{"@type":"BreadcrumbList","@id":"https:\/\/www.padreeustaquio.com.br\/oitavo-domingo-do-tempo-comum-celebre-em-familia\/#breadcrumb","itemListElement":[{"@type":"ListItem","position":1,"name":"In\u00edcio","item":"https:\/\/www.padreeustaquio.com.br\/"},{"@type":"ListItem","position":2,"name":"Oitavo Domingo do Tempo Comum &#8211; Celebre em Fam\u00edlia"}]},{"@type":"WebSite","@id":"https:\/\/www.padreeustaquio.com.br\/#website","url":"https:\/\/www.padreeustaquio.com.br\/","name":"FATHER EUST\u00c1QUIO","description":"Health and Peace","publisher":{"@id":"https:\/\/www.padreeustaquio.com.br\/#organization"},"potentialAction":[{"@type":"SearchAction","target":{"@type":"EntryPoint","urlTemplate":"https:\/\/www.padreeustaquio.com.br\/?s={search_term_string}"},"query-input":{"@type":"PropertyValueSpecification","valueRequired":true,"valueName":"search_term_string"}}],"inLanguage":"en-US"},{"@type":"Organization","@id":"https:\/\/www.padreeustaquio.com.br\/#organization","name":"FATHER EUST\u00c1QUIO","url":"https:\/\/www.padreeustaquio.com.br\/","logo":{"@type":"ImageObject","inLanguage":"en-US","@id":"https:\/\/www.padreeustaquio.com.br\/#\/schema\/logo\/image\/","url":"https:\/\/www.padreeustaquio.com.br\/wp-content\/uploads\/2019\/08\/marca.png","contentUrl":"https:\/\/www.padreeustaquio.com.br\/wp-content\/uploads\/2019\/08\/marca.png","width":350,"height":400,"caption":"Padre Eust\u00e1quio"},"image":{"@id":"https:\/\/www.padreeustaquio.com.br\/#\/schema\/logo\/image\/"},"sameAs":["https:\/\/www.facebook.com\/beatopadreeustaquio\/","https:\/\/x.com\/beatopeustaquio","https:\/\/www.instagram.com\/beatopadreeustaquio\/","https:\/\/www.youtube.com\/channel\/UCRhw7vfabnajwLxb1ZXMeIw"]},{"@type":"Person","@id":"https:\/\/www.padreeustaquio.com.br\/#\/schema\/person\/a2a51db1d00f1a7af0204a0f1ddb1566","name":"@sscc","image":{"@type":"ImageObject","inLanguage":"en-US","@id":"https:\/\/secure.gravatar.com\/avatar\/68cfafa5f44617fea54071e215026e0ff06be366c3d54a8425f04fdcb86f8c5f?s=96&d=mm&r=g","url":"https:\/\/secure.gravatar.com\/avatar\/68cfafa5f44617fea54071e215026e0ff06be366c3d54a8425f04fdcb86f8c5f?s=96&d=mm&r=g","contentUrl":"https:\/\/secure.gravatar.com\/avatar\/68cfafa5f44617fea54071e215026e0ff06be366c3d54a8425f04fdcb86f8c5f?s=96&d=mm&r=g","caption":"@sscc"},"url":"https:\/\/www.padreeustaquio.com.br\/en\/author\/sscc\/"}]}},"_links":{"self":[{"href":"https:\/\/www.padreeustaquio.com.br\/en\/wp-json\/wp\/v2\/posts\/8202","targetHints":{"allow":["GET"]}}],"collection":[{"href":"https:\/\/www.padreeustaquio.com.br\/en\/wp-json\/wp\/v2\/posts"}],"about":[{"href":"https:\/\/www.padreeustaquio.com.br\/en\/wp-json\/wp\/v2\/types\/post"}],"author":[{"embeddable":true,"href":"https:\/\/www.padreeustaquio.com.br\/en\/wp-json\/wp\/v2\/users\/2"}],"replies":[{"embeddable":true,"href":"https:\/\/www.padreeustaquio.com.br\/en\/wp-json\/wp\/v2\/comments?post=8202"}],"version-history":[{"count":0,"href":"https:\/\/www.padreeustaquio.com.br\/en\/wp-json\/wp\/v2\/posts\/8202\/revisions"}],"wp:featuredmedia":[{"embeddable":true,"href":"https:\/\/www.padreeustaquio.com.br\/en\/wp-json\/wp\/v2\/media\/8203"}],"wp:attachment":[{"href":"https:\/\/www.padreeustaquio.com.br\/en\/wp-json\/wp\/v2\/media?parent=8202"}],"wp:term":[{"taxonomy":"category","embeddable":true,"href":"https:\/\/www.padreeustaquio.com.br\/en\/wp-json\/wp\/v2\/categories?post=8202"},{"taxonomy":"post_tag","embeddable":true,"href":"https:\/\/www.padreeustaquio.com.br\/en\/wp-json\/wp\/v2\/tags?post=8202"}],"curies":[{"name":"wp","href":"https:\/\/api.w.org\/{rel}","templated":true}]}}