{"id":8199,"date":"2022-03-01T05:52:00","date_gmt":"2022-03-01T08:52:00","guid":{"rendered":"https:\/\/www.padreeustaquio.com.br\/?p=8199"},"modified":"2022-02-28T21:00:47","modified_gmt":"2022-03-01T00:00:47","slug":"the-lenten-retreat-on-father-eustaquios-youtube-channel-begins-tomorrow","status":"publish","type":"post","link":"https:\/\/www.padreeustaquio.com.br\/en\/the-lenten-retreat-on-father-eustaquios-youtube-channel-begins-tomorrow\/","title":{"rendered":"The Lenten Retreat on Padre Eust\u00e1quio&#039;s YouTube channel begins tomorrow."},"content":{"rendered":"<p>With the aim of helping devotees of Father Eustace to experience Lent more intensely, the Sanctuary of Health and Peace and the Father Eustace Channel will be making available, starting tomorrow, a Lenten Retreat in video format. The material will be posted throughout the 40 days of Lent on the Father Eustace Channel. <\/p>\n\n\n\n<p>The videos were recorded at the Sanctuary of Health and Peace in a classic setting with colors and objects reminiscent of the Lenten season. The material is directed by Father Silvano Dias de \u00c1vila, who is a formator of the Congregation of the Sacred Hearts. The priest uses as a resource the book: Living Lent with Saint Augustine, by Pasquale Cormio, from Ave Maria Publishing House.<\/p>\n\n\n\n<p><a href=\"https:\/\/www.youtube.com\/watch?v=4Osiz0a2VYI&amp;lc=UgySndGxvpOfQuimfpx4AaABAg\" target=\"_blank\" rel=\"noreferrer noopener\">Click here<\/a> And set a reminder to watch the first video of the Lenten Retreat.<\/p>\n\n\n\n<p>The videos, which last about five minutes, will always be posted at 5 am and will remain available on the Channel so that devotees can follow the reflection at the time that is best for each person.<\/p>\n\n\n\n<p>The posts will occur every day, from tomorrow (Ash Wednesday) until the Saturday before Palm Sunday (April 9th). The idea is for people to say the prayers and share them with friends and family so that as many people as possible can experience this favorable time for prayer more intensely.<\/p>\n\n\n\n<p><strong>What is a Lenten Retreat?<\/strong><\/p>\n\n\n\n<p>The Lenten retreat is an instrument of prayer and conversion. Its purpose is to assist individuals and communities in daily personal prayer, guiding them to experience God&#039;s grace in their lives. The guides help in the practice of the Spiritual Exercises in daily life.<\/p>\n\n\n\n<p>Lent is a powerful time of prayer and preparation for Easter, marked by penitential practices such as fasting and acts of charity. This period of prayer, which originated in the 4th century, is traditionally prayed for 40 days (from Ash Wednesday to Lazarus Saturday \u2013 before Palm Sunday), but since the pontificate of Paul VI, Lent officially lasts 44 days, as it only ends on Holy Thursday, when the Easter Triduum begins.<\/p>\n\n\n\n<p><\/p>","protected":false},"excerpt":{"rendered":"<p>Com o objetivo de ajudar os devotos de Padre Eust\u00e1quio a viver mais intensamente a Quaresma, o Santu\u00e1rio da Sa\u00fade e da Paz e o Canal Padre Eust\u00e1quio v\u00e3o disponibilizar, a partir de amanh\u00e3, um Retiro Quaresmal em v\u00eddeo. O material ser\u00e1 postado durante todos os 40 dias da Quaresma no Canal Padre Eust\u00e1quio. Os v\u00eddeos foram gravados no Santu\u00e1rio da Sa\u00fade e da Paz em um cen\u00e1rio cl\u00e1ssico com cores e objetos que remetem ao per\u00edodo quaresmal. O material \u00e9 comandado pelo Padre Silvano Dias de \u00c1vila, que \u00e9 formador da Congrega\u00e7\u00e3o dos Sagrados Cora\u00e7\u00f5es. O sacerdote usa como [&hellip;]<\/p>\n","protected":false},"author":2,"featured_media":8211,"comment_status":"open","ping_status":"closed","sticky":false,"template":"","format":"standard","meta":{"_acf_changed":false,"footnotes":""},"categories":[611],"tags":[],"class_list":["post-8199","post","type-post","status-publish","format-standard","has-post-thumbnail","hentry","category-noticias"],"acf":[],"yoast_head":"<!-- This site is optimized with the Yoast SEO plugin v27.2 - https:\/\/yoast.com\/product\/yoast-seo-wordpress\/ -->\n<title>Come\u00e7a amanh\u00e3 Retiro Quaresmal do Canal Padre Eust\u00e1quio no YouTube<\/title>\n<meta name=\"description\" content=\"Com o objetivo de ajudar os devotos de Padre Eust\u00e1quio a viver mais intensamente a Quaresma, o Santu\u00e1rio da Sa\u00fade e da Paz e o Canal Padre Eust\u00e1quio v\u00e3o disponibilizar, a partir de amanh\u00e3, um Retiro Quaresmal em v\u00eddeo. O material ser\u00e1 postado durante todos os 40 dias da Quaresma no Canal Padre Eust\u00e1quio.\" \/>\n<meta name=\"robots\" content=\"index, follow, max-snippet:-1, max-image-preview:large, max-video-preview:-1\" \/>\n<link rel=\"canonical\" href=\"https:\/\/www.padreeustaquio.com.br\/en\/the-lenten-retreat-on-father-eustaquios-youtube-channel-begins-tomorrow\/\" \/>\n<meta property=\"og:locale\" content=\"en_US\" \/>\n<meta property=\"og:type\" content=\"article\" \/>\n<meta property=\"og:title\" content=\"Come\u00e7a amanh\u00e3 Retiro Quaresmal do Canal Padre Eust\u00e1quio no YouTube\" \/>\n<meta property=\"og:description\" content=\"Com o objetivo de ajudar os devotos de Padre Eust\u00e1quio a viver mais intensamente a Quaresma, o Santu\u00e1rio da Sa\u00fade e da Paz e o Canal Padre Eust\u00e1quio v\u00e3o disponibilizar, a partir de amanh\u00e3, um Retiro Quaresmal em v\u00eddeo. O material ser\u00e1 postado durante todos os 40 dias da Quaresma no Canal Padre Eust\u00e1quio.\" \/>\n<meta property=\"og:url\" content=\"https:\/\/www.padreeustaquio.com.br\/en\/the-lenten-retreat-on-father-eustaquios-youtube-channel-begins-tomorrow\/\" \/>\n<meta property=\"og:site_name\" content=\"Padre Eust\u00e1quio\" \/>\n<meta property=\"article:publisher\" content=\"https:\/\/www.facebook.com\/beatopadreeustaquio\/\" \/>\n<meta property=\"article:published_time\" content=\"2022-03-01T08:52:00+00:00\" \/>\n<meta property=\"og:image\" content=\"https:\/\/www.padreeustaquio.com.br\/wp-content\/uploads\/2022\/03\/retiro-quaresmal.jpg\" \/>\n\t<meta property=\"og:image:width\" content=\"748\" \/>\n\t<meta property=\"og:image:height\" content=\"394\" \/>\n\t<meta property=\"og:image:type\" content=\"image\/jpeg\" \/>\n<meta name=\"author\" content=\"@sscc\" \/>\n<meta name=\"twitter:card\" content=\"summary_large_image\" \/>\n<meta name=\"twitter:creator\" content=\"@beatopeustaquio\" \/>\n<meta name=\"twitter:site\" content=\"@beatopeustaquio\" \/>\n<meta name=\"twitter:label1\" content=\"Written by\" \/>\n\t<meta name=\"twitter:data1\" content=\"@sscc\" \/>\n\t<meta name=\"twitter:label2\" content=\"Est. reading time\" \/>\n\t<meta name=\"twitter:data2\" content=\"2 minutes\" \/>\n<script type=\"application\/ld+json\" class=\"yoast-schema-graph\">{\"@context\":\"https:\/\/schema.org\",\"@graph\":[{\"@type\":\"Article\",\"@id\":\"https:\/\/www.padreeustaquio.com.br\/comeca-amanha-retiro-quaresmal-do-canal-padre-eustaquio-no-youtube\/#article\",\"isPartOf\":{\"@id\":\"https:\/\/www.padreeustaquio.com.br\/comeca-amanha-retiro-quaresmal-do-canal-padre-eustaquio-no-youtube\/\"},\"author\":{\"name\":\"@sscc\",\"@id\":\"https:\/\/www.padreeustaquio.com.br\/#\/schema\/person\/a2a51db1d00f1a7af0204a0f1ddb1566\"},\"headline\":\"Come\u00e7a amanh\u00e3 Retiro Quaresmal do Canal Padre Eust\u00e1quio no YouTube\",\"datePublished\":\"2022-03-01T08:52:00+00:00\",\"mainEntityOfPage\":{\"@id\":\"https:\/\/www.padreeustaquio.com.br\/comeca-amanha-retiro-quaresmal-do-canal-padre-eustaquio-no-youtube\/\"},\"wordCount\":400,\"commentCount\":0,\"publisher\":{\"@id\":\"https:\/\/www.padreeustaquio.com.br\/#organization\"},\"image\":{\"@id\":\"https:\/\/www.padreeustaquio.com.br\/comeca-amanha-retiro-quaresmal-do-canal-padre-eustaquio-no-youtube\/#primaryimage\"},\"thumbnailUrl\":\"https:\/\/www.padreeustaquio.com.br\/wp-content\/uploads\/2022\/03\/retiro-quaresmal.jpg\",\"articleSection\":[\"Not\u00edcias\"],\"inLanguage\":\"en-US\",\"potentialAction\":[{\"@type\":\"CommentAction\",\"name\":\"Comment\",\"target\":[\"https:\/\/www.padreeustaquio.com.br\/comeca-amanha-retiro-quaresmal-do-canal-padre-eustaquio-no-youtube\/#respond\"]}]},{\"@type\":\"WebPage\",\"@id\":\"https:\/\/www.padreeustaquio.com.br\/comeca-amanha-retiro-quaresmal-do-canal-padre-eustaquio-no-youtube\/\",\"url\":\"https:\/\/www.padreeustaquio.com.br\/comeca-amanha-retiro-quaresmal-do-canal-padre-eustaquio-no-youtube\/\",\"name\":\"Come\u00e7a amanh\u00e3 Retiro Quaresmal do Canal Padre Eust\u00e1quio no YouTube\",\"isPartOf\":{\"@id\":\"https:\/\/www.padreeustaquio.com.br\/#website\"},\"primaryImageOfPage\":{\"@id\":\"https:\/\/www.padreeustaquio.com.br\/comeca-amanha-retiro-quaresmal-do-canal-padre-eustaquio-no-youtube\/#primaryimage\"},\"image\":{\"@id\":\"https:\/\/www.padreeustaquio.com.br\/comeca-amanha-retiro-quaresmal-do-canal-padre-eustaquio-no-youtube\/#primaryimage\"},\"thumbnailUrl\":\"https:\/\/www.padreeustaquio.com.br\/wp-content\/uploads\/2022\/03\/retiro-quaresmal.jpg\",\"datePublished\":\"2022-03-01T08:52:00+00:00\",\"description\":\"Com o objetivo de ajudar os devotos de Padre Eust\u00e1quio a viver mais intensamente a Quaresma, o Santu\u00e1rio da Sa\u00fade e da Paz e o Canal Padre Eust\u00e1quio v\u00e3o disponibilizar, a partir de amanh\u00e3, um Retiro Quaresmal em v\u00eddeo. O material ser\u00e1 postado durante todos os 40 dias da Quaresma no Canal Padre Eust\u00e1quio.\",\"breadcrumb\":{\"@id\":\"https:\/\/www.padreeustaquio.com.br\/comeca-amanha-retiro-quaresmal-do-canal-padre-eustaquio-no-youtube\/#breadcrumb\"},\"inLanguage\":\"en-US\",\"potentialAction\":[{\"@type\":\"ReadAction\",\"target\":[\"https:\/\/www.padreeustaquio.com.br\/comeca-amanha-retiro-quaresmal-do-canal-padre-eustaquio-no-youtube\/\"]}]},{\"@type\":\"ImageObject\",\"inLanguage\":\"en-US\",\"@id\":\"https:\/\/www.padreeustaquio.com.br\/comeca-amanha-retiro-quaresmal-do-canal-padre-eustaquio-no-youtube\/#primaryimage\",\"url\":\"https:\/\/www.padreeustaquio.com.br\/wp-content\/uploads\/2022\/03\/retiro-quaresmal.jpg\",\"contentUrl\":\"https:\/\/www.padreeustaquio.com.br\/wp-content\/uploads\/2022\/03\/retiro-quaresmal.jpg\",\"width\":748,\"height\":394},{\"@type\":\"BreadcrumbList\",\"@id\":\"https:\/\/www.padreeustaquio.com.br\/comeca-amanha-retiro-quaresmal-do-canal-padre-eustaquio-no-youtube\/#breadcrumb\",\"itemListElement\":[{\"@type\":\"ListItem\",\"position\":1,\"name\":\"In\u00edcio\",\"item\":\"https:\/\/www.padreeustaquio.com.br\/\"},{\"@type\":\"ListItem\",\"position\":2,\"name\":\"Come\u00e7a amanh\u00e3 Retiro Quaresmal do Canal Padre Eust\u00e1quio no YouTube\"}]},{\"@type\":\"WebSite\",\"@id\":\"https:\/\/www.padreeustaquio.com.br\/#website\",\"url\":\"https:\/\/www.padreeustaquio.com.br\/\",\"name\":\"Padre Eust\u00e1quio\",\"description\":\"Sa\u00fade e Paz\",\"publisher\":{\"@id\":\"https:\/\/www.padreeustaquio.com.br\/#organization\"},\"potentialAction\":[{\"@type\":\"SearchAction\",\"target\":{\"@type\":\"EntryPoint\",\"urlTemplate\":\"https:\/\/www.padreeustaquio.com.br\/?s={search_term_string}\"},\"query-input\":{\"@type\":\"PropertyValueSpecification\",\"valueRequired\":true,\"valueName\":\"search_term_string\"}}],\"inLanguage\":\"en-US\"},{\"@type\":\"Organization\",\"@id\":\"https:\/\/www.padreeustaquio.com.br\/#organization\",\"name\":\"Padre Eust\u00e1quio\",\"url\":\"https:\/\/www.padreeustaquio.com.br\/\",\"logo\":{\"@type\":\"ImageObject\",\"inLanguage\":\"en-US\",\"@id\":\"https:\/\/www.padreeustaquio.com.br\/#\/schema\/logo\/image\/\",\"url\":\"https:\/\/www.padreeustaquio.com.br\/wp-content\/uploads\/2019\/08\/marca.png\",\"contentUrl\":\"https:\/\/www.padreeustaquio.com.br\/wp-content\/uploads\/2019\/08\/marca.png\",\"width\":350,\"height\":400,\"caption\":\"Padre Eust\u00e1quio\"},\"image\":{\"@id\":\"https:\/\/www.padreeustaquio.com.br\/#\/schema\/logo\/image\/\"},\"sameAs\":[\"https:\/\/www.facebook.com\/beatopadreeustaquio\/\",\"https:\/\/x.com\/beatopeustaquio\",\"https:\/\/www.instagram.com\/beatopadreeustaquio\/\",\"https:\/\/www.youtube.com\/channel\/UCRhw7vfabnajwLxb1ZXMeIw\"]},{\"@type\":\"Person\",\"@id\":\"https:\/\/www.padreeustaquio.com.br\/#\/schema\/person\/a2a51db1d00f1a7af0204a0f1ddb1566\",\"name\":\"@sscc\",\"image\":{\"@type\":\"ImageObject\",\"inLanguage\":\"en-US\",\"@id\":\"https:\/\/secure.gravatar.com\/avatar\/68cfafa5f44617fea54071e215026e0ff06be366c3d54a8425f04fdcb86f8c5f?s=96&d=mm&r=g\",\"url\":\"https:\/\/secure.gravatar.com\/avatar\/68cfafa5f44617fea54071e215026e0ff06be366c3d54a8425f04fdcb86f8c5f?s=96&d=mm&r=g\",\"contentUrl\":\"https:\/\/secure.gravatar.com\/avatar\/68cfafa5f44617fea54071e215026e0ff06be366c3d54a8425f04fdcb86f8c5f?s=96&d=mm&r=g\",\"caption\":\"@sscc\"},\"url\":\"https:\/\/www.padreeustaquio.com.br\/en\/author\/sscc\/\"}]}<\/script>\n<!-- \/ Yoast SEO plugin. -->","yoast_head_json":{"title":"The Lenten Retreat on Padre Eust\u00e1quio&#039;s YouTube channel begins tomorrow.","description":"With the aim of helping devotees of Father Eustace to experience Lent more intensely, the Sanctuary of Health and Peace and the Father Eustace Channel will be making available, starting tomorrow, a Lenten Retreat in video format. The material will be posted throughout the 40 days of Lent on the Father Eustace Channel.","robots":{"index":"index","follow":"follow","max-snippet":"max-snippet:-1","max-image-preview":"max-image-preview:large","max-video-preview":"max-video-preview:-1"},"canonical":"https:\/\/www.padreeustaquio.com.br\/en\/the-lenten-retreat-on-father-eustaquios-youtube-channel-begins-tomorrow\/","og_locale":"en_US","og_type":"article","og_title":"Come\u00e7a amanh\u00e3 Retiro Quaresmal do Canal Padre Eust\u00e1quio no YouTube","og_description":"Com o objetivo de ajudar os devotos de Padre Eust\u00e1quio a viver mais intensamente a Quaresma, o Santu\u00e1rio da Sa\u00fade e da Paz e o Canal Padre Eust\u00e1quio v\u00e3o disponibilizar, a partir de amanh\u00e3, um Retiro Quaresmal em v\u00eddeo. O material ser\u00e1 postado durante todos os 40 dias da Quaresma no Canal Padre Eust\u00e1quio.","og_url":"https:\/\/www.padreeustaquio.com.br\/en\/the-lenten-retreat-on-father-eustaquios-youtube-channel-begins-tomorrow\/","og_site_name":"Padre Eust\u00e1quio","article_publisher":"https:\/\/www.facebook.com\/beatopadreeustaquio\/","article_published_time":"2022-03-01T08:52:00+00:00","og_image":[{"width":748,"height":394,"url":"https:\/\/www.padreeustaquio.com.br\/wp-content\/uploads\/2022\/03\/retiro-quaresmal.jpg","type":"image\/jpeg"}],"author":"@sscc","twitter_card":"summary_large_image","twitter_creator":"@beatopeustaquio","twitter_site":"@beatopeustaquio","twitter_misc":{"Written by":"@sscc","Est. reading time":"2 minutes"},"schema":{"@context":"https:\/\/schema.org","@graph":[{"@type":"Article","@id":"https:\/\/www.padreeustaquio.com.br\/comeca-amanha-retiro-quaresmal-do-canal-padre-eustaquio-no-youtube\/#article","isPartOf":{"@id":"https:\/\/www.padreeustaquio.com.br\/comeca-amanha-retiro-quaresmal-do-canal-padre-eustaquio-no-youtube\/"},"author":{"name":"@sscc","@id":"https:\/\/www.padreeustaquio.com.br\/#\/schema\/person\/a2a51db1d00f1a7af0204a0f1ddb1566"},"headline":"Come\u00e7a amanh\u00e3 Retiro Quaresmal do Canal Padre Eust\u00e1quio no YouTube","datePublished":"2022-03-01T08:52:00+00:00","mainEntityOfPage":{"@id":"https:\/\/www.padreeustaquio.com.br\/comeca-amanha-retiro-quaresmal-do-canal-padre-eustaquio-no-youtube\/"},"wordCount":400,"commentCount":0,"publisher":{"@id":"https:\/\/www.padreeustaquio.com.br\/#organization"},"image":{"@id":"https:\/\/www.padreeustaquio.com.br\/comeca-amanha-retiro-quaresmal-do-canal-padre-eustaquio-no-youtube\/#primaryimage"},"thumbnailUrl":"https:\/\/www.padreeustaquio.com.br\/wp-content\/uploads\/2022\/03\/retiro-quaresmal.jpg","articleSection":["Not\u00edcias"],"inLanguage":"en-US","potentialAction":[{"@type":"CommentAction","name":"Comment","target":["https:\/\/www.padreeustaquio.com.br\/comeca-amanha-retiro-quaresmal-do-canal-padre-eustaquio-no-youtube\/#respond"]}]},{"@type":"WebPage","@id":"https:\/\/www.padreeustaquio.com.br\/comeca-amanha-retiro-quaresmal-do-canal-padre-eustaquio-no-youtube\/","url":"https:\/\/www.padreeustaquio.com.br\/comeca-amanha-retiro-quaresmal-do-canal-padre-eustaquio-no-youtube\/","name":"The Lenten Retreat on Padre Eust\u00e1quio&#039;s YouTube channel begins tomorrow.","isPartOf":{"@id":"https:\/\/www.padreeustaquio.com.br\/#website"},"primaryImageOfPage":{"@id":"https:\/\/www.padreeustaquio.com.br\/comeca-amanha-retiro-quaresmal-do-canal-padre-eustaquio-no-youtube\/#primaryimage"},"image":{"@id":"https:\/\/www.padreeustaquio.com.br\/comeca-amanha-retiro-quaresmal-do-canal-padre-eustaquio-no-youtube\/#primaryimage"},"thumbnailUrl":"https:\/\/www.padreeustaquio.com.br\/wp-content\/uploads\/2022\/03\/retiro-quaresmal.jpg","datePublished":"2022-03-01T08:52:00+00:00","description":"With the aim of helping devotees of Father Eustace to experience Lent more intensely, the Sanctuary of Health and Peace and the Father Eustace Channel will be making available, starting tomorrow, a Lenten Retreat in video format. The material will be posted throughout the 40 days of Lent on the Father Eustace Channel.","breadcrumb":{"@id":"https:\/\/www.padreeustaquio.com.br\/comeca-amanha-retiro-quaresmal-do-canal-padre-eustaquio-no-youtube\/#breadcrumb"},"inLanguage":"en-US","potentialAction":[{"@type":"ReadAction","target":["https:\/\/www.padreeustaquio.com.br\/comeca-amanha-retiro-quaresmal-do-canal-padre-eustaquio-no-youtube\/"]}]},{"@type":"ImageObject","inLanguage":"en-US","@id":"https:\/\/www.padreeustaquio.com.br\/comeca-amanha-retiro-quaresmal-do-canal-padre-eustaquio-no-youtube\/#primaryimage","url":"https:\/\/www.padreeustaquio.com.br\/wp-content\/uploads\/2022\/03\/retiro-quaresmal.jpg","contentUrl":"https:\/\/www.padreeustaquio.com.br\/wp-content\/uploads\/2022\/03\/retiro-quaresmal.jpg","width":748,"height":394},{"@type":"BreadcrumbList","@id":"https:\/\/www.padreeustaquio.com.br\/comeca-amanha-retiro-quaresmal-do-canal-padre-eustaquio-no-youtube\/#breadcrumb","itemListElement":[{"@type":"ListItem","position":1,"name":"In\u00edcio","item":"https:\/\/www.padreeustaquio.com.br\/"},{"@type":"ListItem","position":2,"name":"Come\u00e7a amanh\u00e3 Retiro Quaresmal do Canal Padre Eust\u00e1quio no YouTube"}]},{"@type":"WebSite","@id":"https:\/\/www.padreeustaquio.com.br\/#website","url":"https:\/\/www.padreeustaquio.com.br\/","name":"FATHER EUST\u00c1QUIO","description":"Health and Peace","publisher":{"@id":"https:\/\/www.padreeustaquio.com.br\/#organization"},"potentialAction":[{"@type":"SearchAction","target":{"@type":"EntryPoint","urlTemplate":"https:\/\/www.padreeustaquio.com.br\/?s={search_term_string}"},"query-input":{"@type":"PropertyValueSpecification","valueRequired":true,"valueName":"search_term_string"}}],"inLanguage":"en-US"},{"@type":"Organization","@id":"https:\/\/www.padreeustaquio.com.br\/#organization","name":"FATHER EUST\u00c1QUIO","url":"https:\/\/www.padreeustaquio.com.br\/","logo":{"@type":"ImageObject","inLanguage":"en-US","@id":"https:\/\/www.padreeustaquio.com.br\/#\/schema\/logo\/image\/","url":"https:\/\/www.padreeustaquio.com.br\/wp-content\/uploads\/2019\/08\/marca.png","contentUrl":"https:\/\/www.padreeustaquio.com.br\/wp-content\/uploads\/2019\/08\/marca.png","width":350,"height":400,"caption":"Padre Eust\u00e1quio"},"image":{"@id":"https:\/\/www.padreeustaquio.com.br\/#\/schema\/logo\/image\/"},"sameAs":["https:\/\/www.facebook.com\/beatopadreeustaquio\/","https:\/\/x.com\/beatopeustaquio","https:\/\/www.instagram.com\/beatopadreeustaquio\/","https:\/\/www.youtube.com\/channel\/UCRhw7vfabnajwLxb1ZXMeIw"]},{"@type":"Person","@id":"https:\/\/www.padreeustaquio.com.br\/#\/schema\/person\/a2a51db1d00f1a7af0204a0f1ddb1566","name":"@sscc","image":{"@type":"ImageObject","inLanguage":"en-US","@id":"https:\/\/secure.gravatar.com\/avatar\/68cfafa5f44617fea54071e215026e0ff06be366c3d54a8425f04fdcb86f8c5f?s=96&d=mm&r=g","url":"https:\/\/secure.gravatar.com\/avatar\/68cfafa5f44617fea54071e215026e0ff06be366c3d54a8425f04fdcb86f8c5f?s=96&d=mm&r=g","contentUrl":"https:\/\/secure.gravatar.com\/avatar\/68cfafa5f44617fea54071e215026e0ff06be366c3d54a8425f04fdcb86f8c5f?s=96&d=mm&r=g","caption":"@sscc"},"url":"https:\/\/www.padreeustaquio.com.br\/en\/author\/sscc\/"}]}},"_links":{"self":[{"href":"https:\/\/www.padreeustaquio.com.br\/en\/wp-json\/wp\/v2\/posts\/8199","targetHints":{"allow":["GET"]}}],"collection":[{"href":"https:\/\/www.padreeustaquio.com.br\/en\/wp-json\/wp\/v2\/posts"}],"about":[{"href":"https:\/\/www.padreeustaquio.com.br\/en\/wp-json\/wp\/v2\/types\/post"}],"author":[{"embeddable":true,"href":"https:\/\/www.padreeustaquio.com.br\/en\/wp-json\/wp\/v2\/users\/2"}],"replies":[{"embeddable":true,"href":"https:\/\/www.padreeustaquio.com.br\/en\/wp-json\/wp\/v2\/comments?post=8199"}],"version-history":[{"count":0,"href":"https:\/\/www.padreeustaquio.com.br\/en\/wp-json\/wp\/v2\/posts\/8199\/revisions"}],"wp:featuredmedia":[{"embeddable":true,"href":"https:\/\/www.padreeustaquio.com.br\/en\/wp-json\/wp\/v2\/media\/8211"}],"wp:attachment":[{"href":"https:\/\/www.padreeustaquio.com.br\/en\/wp-json\/wp\/v2\/media?parent=8199"}],"wp:term":[{"taxonomy":"category","embeddable":true,"href":"https:\/\/www.padreeustaquio.com.br\/en\/wp-json\/wp\/v2\/categories?post=8199"},{"taxonomy":"post_tag","embeddable":true,"href":"https:\/\/www.padreeustaquio.com.br\/en\/wp-json\/wp\/v2\/tags?post=8199"}],"curies":[{"name":"wp","href":"https:\/\/api.w.org\/{rel}","templated":true}]}}