{"id":8181,"date":"2022-02-28T06:00:00","date_gmt":"2022-02-28T09:00:00","guid":{"rendered":"https:\/\/www.padreeustaquio.com.br\/?p=8181"},"modified":"2022-02-24T08:46:25","modified_gmt":"2022-02-24T11:46:25","slug":"three-new-young-people-are-welcomed-into-the-congregation-of-the-sacred-hearts","status":"publish","type":"post","link":"https:\/\/www.padreeustaquio.com.br\/en\/three-new-young-people-are-welcomed-into-the-congregation-of-the-sacred-hearts\/","title":{"rendered":"Three new young people are welcomed into the Congregation of the Sacred Hearts."},"content":{"rendered":"<p>Last week, three young men were welcomed to begin the first stage of their formation, the Postulancy, a period of learning about and discerning their vocation that lasts about three years. Hygor Gabriel Alves Souza Silva, Jefferson de Freitas Ferreira dos Reis, and Kayque dos Santos Reverte received, from the provincial superior, the symbol that marks their entry into the Congregation.<br><br>On Thursday, February 16th, the provincial superior, Father Osv\u00e2nio Mariano, ss.cc, went to the chapel of the St. Damien of Molokai postulancy in Belo Horizonte and performed the rite of entry for the new candidates to live religious life. The young men introduced themselves and shared how they learned about the institution. Then, Father Osv\u00e2nio welcomed them with words of encouragement and vocational inspiration. Finally, Hygor, Jefferson, and Kayque received a cross, a symbol of the Sacred Hearts and of their entry into the Postulancy of the Congregation.<br><br>From now on, they will be living in the SSCC formation house on Rua Coronel Jos\u00e9 Benjamin, under the guidance of the formator priest: Fr. Silvano Dias de \u00c1vila, ss.cc.<br><br>The new young men join Walisson Santos Souza, Ant\u00f4nio Carlos Silva, and Douglas Alves dos Santos, who are also in the postulancy (Walisson since 2020; Ant\u00f4nio Carlos and Douglas since the beginning of last year). They all spend a period of living with the brothers and sisters of the congregation, actively participating in religious activities and maturing in their decision to live in a community of brothers and sisters.<strong><\/strong><\/p>","protected":false},"excerpt":{"rendered":"<p>Na \u00faltima semana, tr\u00eas jovens foram acolhidos para iniciar a primeira etapa de forma\u00e7\u00e3o, o Postulantado, que \u00e9 um tempo de conhecimento e discernimento da voca\u00e7\u00e3o que dura cerca de 3 anos. Hygor Gabriel Alves Souza Silva, Jefferson de Freitas Ferreira dos Reis e Kayque dos Santos Reverte receberam, pelas m\u00e3os do provincial, o s\u00edmbolo que marca a entrada na Congrega\u00e7\u00e3o. Na quinta-feira, 16 de fevereiro, o provincial, Padre Osv\u00e2nio Mariano, ss.cc, foi at\u00e9 a capela do postulantado S\u00e3o Dami\u00e3o de Molokai, em Belo Horizonte e realizou o rito de ingresso dos novos candidatos a viverem a vida religiosa. Os [&hellip;]<\/p>\n","protected":false},"author":2,"featured_media":8182,"comment_status":"open","ping_status":"closed","sticky":false,"template":"","format":"standard","meta":{"_acf_changed":false,"footnotes":""},"categories":[611],"tags":[],"class_list":["post-8181","post","type-post","status-publish","format-standard","has-post-thumbnail","hentry","category-noticias"],"acf":[],"yoast_head":"<!-- This site is optimized with the Yoast SEO plugin v27.2 - https:\/\/yoast.com\/product\/yoast-seo-wordpress\/ -->\n<title>Tr\u00eas novos jovens s\u00e3o acolhidos na Congrega\u00e7\u00e3o dos Sagrados Cora\u00e7\u00f5es<\/title>\n<meta name=\"description\" content=\"Na \u00faltima semana, tr\u00eas jovens foram acolhidos para iniciar a primeira etapa de forma\u00e7\u00e3o, o Postulantado, que \u00e9 um tempo de conhecimento e discernimento da voca\u00e7\u00e3o que dura cerca de 3 anos. Hygor, Jefferson e Kayque receberam, pelas m\u00e3os do provincial, o s\u00edmbolo que marca a entrada na Congrega\u00e7\u00e3o.\" \/>\n<meta name=\"robots\" content=\"index, follow, max-snippet:-1, max-image-preview:large, max-video-preview:-1\" \/>\n<link rel=\"canonical\" href=\"https:\/\/www.padreeustaquio.com.br\/en\/three-new-young-people-are-welcomed-into-the-congregation-of-the-sacred-hearts\/\" \/>\n<meta property=\"og:locale\" content=\"en_US\" \/>\n<meta property=\"og:type\" content=\"article\" \/>\n<meta property=\"og:title\" content=\"Tr\u00eas novos jovens s\u00e3o acolhidos na Congrega\u00e7\u00e3o dos Sagrados Cora\u00e7\u00f5es\" \/>\n<meta property=\"og:description\" content=\"Na \u00faltima semana, tr\u00eas jovens foram acolhidos para iniciar a primeira etapa de forma\u00e7\u00e3o, o Postulantado, que \u00e9 um tempo de conhecimento e discernimento da voca\u00e7\u00e3o que dura cerca de 3 anos. Hygor, Jefferson e Kayque receberam, pelas m\u00e3os do provincial, o s\u00edmbolo que marca a entrada na Congrega\u00e7\u00e3o.\" \/>\n<meta property=\"og:url\" content=\"https:\/\/www.padreeustaquio.com.br\/en\/three-new-young-people-are-welcomed-into-the-congregation-of-the-sacred-hearts\/\" \/>\n<meta property=\"og:site_name\" content=\"Padre Eust\u00e1quio\" \/>\n<meta property=\"article:publisher\" content=\"https:\/\/www.facebook.com\/beatopadreeustaquio\/\" \/>\n<meta property=\"article:published_time\" content=\"2022-02-28T09:00:00+00:00\" \/>\n<meta property=\"og:image\" content=\"https:\/\/www.padreeustaquio.com.br\/wp-content\/uploads\/2022\/02\/novos-postulantes.jpg\" \/>\n\t<meta property=\"og:image:width\" content=\"748\" \/>\n\t<meta property=\"og:image:height\" content=\"394\" \/>\n\t<meta property=\"og:image:type\" content=\"image\/jpeg\" \/>\n<meta name=\"author\" content=\"@sscc\" \/>\n<meta name=\"twitter:card\" content=\"summary_large_image\" \/>\n<meta name=\"twitter:creator\" content=\"@beatopeustaquio\" \/>\n<meta name=\"twitter:site\" content=\"@beatopeustaquio\" \/>\n<meta name=\"twitter:label1\" content=\"Written by\" \/>\n\t<meta name=\"twitter:data1\" content=\"@sscc\" \/>\n\t<meta name=\"twitter:label2\" content=\"Est. reading time\" \/>\n\t<meta name=\"twitter:data2\" content=\"2 minutes\" \/>\n<script type=\"application\/ld+json\" class=\"yoast-schema-graph\">{\"@context\":\"https:\/\/schema.org\",\"@graph\":[{\"@type\":\"Article\",\"@id\":\"https:\/\/www.padreeustaquio.com.br\/tres-novos-jovens-sao-acolhidos-na-congregacao-dos-sagrados-coracoes\/#article\",\"isPartOf\":{\"@id\":\"https:\/\/www.padreeustaquio.com.br\/tres-novos-jovens-sao-acolhidos-na-congregacao-dos-sagrados-coracoes\/\"},\"author\":{\"name\":\"@sscc\",\"@id\":\"https:\/\/www.padreeustaquio.com.br\/#\/schema\/person\/a2a51db1d00f1a7af0204a0f1ddb1566\"},\"headline\":\"Tr\u00eas novos jovens s\u00e3o acolhidos na Congrega\u00e7\u00e3o dos Sagrados Cora\u00e7\u00f5es\",\"datePublished\":\"2022-02-28T09:00:00+00:00\",\"mainEntityOfPage\":{\"@id\":\"https:\/\/www.padreeustaquio.com.br\/tres-novos-jovens-sao-acolhidos-na-congregacao-dos-sagrados-coracoes\/\"},\"wordCount\":276,\"commentCount\":0,\"publisher\":{\"@id\":\"https:\/\/www.padreeustaquio.com.br\/#organization\"},\"image\":{\"@id\":\"https:\/\/www.padreeustaquio.com.br\/tres-novos-jovens-sao-acolhidos-na-congregacao-dos-sagrados-coracoes\/#primaryimage\"},\"thumbnailUrl\":\"https:\/\/www.padreeustaquio.com.br\/wp-content\/uploads\/2022\/02\/novos-postulantes.jpg\",\"articleSection\":[\"Not\u00edcias\"],\"inLanguage\":\"en-US\",\"potentialAction\":[{\"@type\":\"CommentAction\",\"name\":\"Comment\",\"target\":[\"https:\/\/www.padreeustaquio.com.br\/tres-novos-jovens-sao-acolhidos-na-congregacao-dos-sagrados-coracoes\/#respond\"]}]},{\"@type\":\"WebPage\",\"@id\":\"https:\/\/www.padreeustaquio.com.br\/tres-novos-jovens-sao-acolhidos-na-congregacao-dos-sagrados-coracoes\/\",\"url\":\"https:\/\/www.padreeustaquio.com.br\/tres-novos-jovens-sao-acolhidos-na-congregacao-dos-sagrados-coracoes\/\",\"name\":\"Tr\u00eas novos jovens s\u00e3o acolhidos na Congrega\u00e7\u00e3o dos Sagrados Cora\u00e7\u00f5es\",\"isPartOf\":{\"@id\":\"https:\/\/www.padreeustaquio.com.br\/#website\"},\"primaryImageOfPage\":{\"@id\":\"https:\/\/www.padreeustaquio.com.br\/tres-novos-jovens-sao-acolhidos-na-congregacao-dos-sagrados-coracoes\/#primaryimage\"},\"image\":{\"@id\":\"https:\/\/www.padreeustaquio.com.br\/tres-novos-jovens-sao-acolhidos-na-congregacao-dos-sagrados-coracoes\/#primaryimage\"},\"thumbnailUrl\":\"https:\/\/www.padreeustaquio.com.br\/wp-content\/uploads\/2022\/02\/novos-postulantes.jpg\",\"datePublished\":\"2022-02-28T09:00:00+00:00\",\"description\":\"Na \u00faltima semana, tr\u00eas jovens foram acolhidos para iniciar a primeira etapa de forma\u00e7\u00e3o, o Postulantado, que \u00e9 um tempo de conhecimento e discernimento da voca\u00e7\u00e3o que dura cerca de 3 anos. Hygor, Jefferson e Kayque receberam, pelas m\u00e3os do provincial, o s\u00edmbolo que marca a entrada na Congrega\u00e7\u00e3o.\",\"breadcrumb\":{\"@id\":\"https:\/\/www.padreeustaquio.com.br\/tres-novos-jovens-sao-acolhidos-na-congregacao-dos-sagrados-coracoes\/#breadcrumb\"},\"inLanguage\":\"en-US\",\"potentialAction\":[{\"@type\":\"ReadAction\",\"target\":[\"https:\/\/www.padreeustaquio.com.br\/tres-novos-jovens-sao-acolhidos-na-congregacao-dos-sagrados-coracoes\/\"]}]},{\"@type\":\"ImageObject\",\"inLanguage\":\"en-US\",\"@id\":\"https:\/\/www.padreeustaquio.com.br\/tres-novos-jovens-sao-acolhidos-na-congregacao-dos-sagrados-coracoes\/#primaryimage\",\"url\":\"https:\/\/www.padreeustaquio.com.br\/wp-content\/uploads\/2022\/02\/novos-postulantes.jpg\",\"contentUrl\":\"https:\/\/www.padreeustaquio.com.br\/wp-content\/uploads\/2022\/02\/novos-postulantes.jpg\",\"width\":748,\"height\":394,\"caption\":\"Da equerda para a direita: Kayque, Hygor, Pe. Osv\u00e2nio, Padre Silvano e Jefferson.\"},{\"@type\":\"BreadcrumbList\",\"@id\":\"https:\/\/www.padreeustaquio.com.br\/tres-novos-jovens-sao-acolhidos-na-congregacao-dos-sagrados-coracoes\/#breadcrumb\",\"itemListElement\":[{\"@type\":\"ListItem\",\"position\":1,\"name\":\"In\u00edcio\",\"item\":\"https:\/\/www.padreeustaquio.com.br\/\"},{\"@type\":\"ListItem\",\"position\":2,\"name\":\"Tr\u00eas novos jovens s\u00e3o acolhidos na Congrega\u00e7\u00e3o dos Sagrados Cora\u00e7\u00f5es\"}]},{\"@type\":\"WebSite\",\"@id\":\"https:\/\/www.padreeustaquio.com.br\/#website\",\"url\":\"https:\/\/www.padreeustaquio.com.br\/\",\"name\":\"Padre Eust\u00e1quio\",\"description\":\"Sa\u00fade e Paz\",\"publisher\":{\"@id\":\"https:\/\/www.padreeustaquio.com.br\/#organization\"},\"potentialAction\":[{\"@type\":\"SearchAction\",\"target\":{\"@type\":\"EntryPoint\",\"urlTemplate\":\"https:\/\/www.padreeustaquio.com.br\/?s={search_term_string}\"},\"query-input\":{\"@type\":\"PropertyValueSpecification\",\"valueRequired\":true,\"valueName\":\"search_term_string\"}}],\"inLanguage\":\"en-US\"},{\"@type\":\"Organization\",\"@id\":\"https:\/\/www.padreeustaquio.com.br\/#organization\",\"name\":\"Padre Eust\u00e1quio\",\"url\":\"https:\/\/www.padreeustaquio.com.br\/\",\"logo\":{\"@type\":\"ImageObject\",\"inLanguage\":\"en-US\",\"@id\":\"https:\/\/www.padreeustaquio.com.br\/#\/schema\/logo\/image\/\",\"url\":\"https:\/\/www.padreeustaquio.com.br\/wp-content\/uploads\/2019\/08\/marca.png\",\"contentUrl\":\"https:\/\/www.padreeustaquio.com.br\/wp-content\/uploads\/2019\/08\/marca.png\",\"width\":350,\"height\":400,\"caption\":\"Padre Eust\u00e1quio\"},\"image\":{\"@id\":\"https:\/\/www.padreeustaquio.com.br\/#\/schema\/logo\/image\/\"},\"sameAs\":[\"https:\/\/www.facebook.com\/beatopadreeustaquio\/\",\"https:\/\/x.com\/beatopeustaquio\",\"https:\/\/www.instagram.com\/beatopadreeustaquio\/\",\"https:\/\/www.youtube.com\/channel\/UCRhw7vfabnajwLxb1ZXMeIw\"]},{\"@type\":\"Person\",\"@id\":\"https:\/\/www.padreeustaquio.com.br\/#\/schema\/person\/a2a51db1d00f1a7af0204a0f1ddb1566\",\"name\":\"@sscc\",\"image\":{\"@type\":\"ImageObject\",\"inLanguage\":\"en-US\",\"@id\":\"https:\/\/secure.gravatar.com\/avatar\/68cfafa5f44617fea54071e215026e0ff06be366c3d54a8425f04fdcb86f8c5f?s=96&d=mm&r=g\",\"url\":\"https:\/\/secure.gravatar.com\/avatar\/68cfafa5f44617fea54071e215026e0ff06be366c3d54a8425f04fdcb86f8c5f?s=96&d=mm&r=g\",\"contentUrl\":\"https:\/\/secure.gravatar.com\/avatar\/68cfafa5f44617fea54071e215026e0ff06be366c3d54a8425f04fdcb86f8c5f?s=96&d=mm&r=g\",\"caption\":\"@sscc\"},\"url\":\"https:\/\/www.padreeustaquio.com.br\/en\/author\/sscc\/\"}]}<\/script>\n<!-- \/ Yoast SEO plugin. -->","yoast_head_json":{"title":"Three new young people are welcomed into the Congregation of the Sacred Hearts.","description":"Last week, three young men were welcomed to begin the first stage of their formation, the Postulancy, a period of learning about and discerning their vocation that lasts about three years. Hygor, Jefferson, and Kayque received, from the provincial superior, the symbol that marks their entry into the Congregation.","robots":{"index":"index","follow":"follow","max-snippet":"max-snippet:-1","max-image-preview":"max-image-preview:large","max-video-preview":"max-video-preview:-1"},"canonical":"https:\/\/www.padreeustaquio.com.br\/en\/three-new-young-people-are-welcomed-into-the-congregation-of-the-sacred-hearts\/","og_locale":"en_US","og_type":"article","og_title":"Tr\u00eas novos jovens s\u00e3o acolhidos na Congrega\u00e7\u00e3o dos Sagrados Cora\u00e7\u00f5es","og_description":"Na \u00faltima semana, tr\u00eas jovens foram acolhidos para iniciar a primeira etapa de forma\u00e7\u00e3o, o Postulantado, que \u00e9 um tempo de conhecimento e discernimento da voca\u00e7\u00e3o que dura cerca de 3 anos. Hygor, Jefferson e Kayque receberam, pelas m\u00e3os do provincial, o s\u00edmbolo que marca a entrada na Congrega\u00e7\u00e3o.","og_url":"https:\/\/www.padreeustaquio.com.br\/en\/three-new-young-people-are-welcomed-into-the-congregation-of-the-sacred-hearts\/","og_site_name":"Padre Eust\u00e1quio","article_publisher":"https:\/\/www.facebook.com\/beatopadreeustaquio\/","article_published_time":"2022-02-28T09:00:00+00:00","og_image":[{"width":748,"height":394,"url":"https:\/\/www.padreeustaquio.com.br\/wp-content\/uploads\/2022\/02\/novos-postulantes.jpg","type":"image\/jpeg"}],"author":"@sscc","twitter_card":"summary_large_image","twitter_creator":"@beatopeustaquio","twitter_site":"@beatopeustaquio","twitter_misc":{"Written by":"@sscc","Est. reading time":"2 minutes"},"schema":{"@context":"https:\/\/schema.org","@graph":[{"@type":"Article","@id":"https:\/\/www.padreeustaquio.com.br\/tres-novos-jovens-sao-acolhidos-na-congregacao-dos-sagrados-coracoes\/#article","isPartOf":{"@id":"https:\/\/www.padreeustaquio.com.br\/tres-novos-jovens-sao-acolhidos-na-congregacao-dos-sagrados-coracoes\/"},"author":{"name":"@sscc","@id":"https:\/\/www.padreeustaquio.com.br\/#\/schema\/person\/a2a51db1d00f1a7af0204a0f1ddb1566"},"headline":"Tr\u00eas novos jovens s\u00e3o acolhidos na Congrega\u00e7\u00e3o dos Sagrados Cora\u00e7\u00f5es","datePublished":"2022-02-28T09:00:00+00:00","mainEntityOfPage":{"@id":"https:\/\/www.padreeustaquio.com.br\/tres-novos-jovens-sao-acolhidos-na-congregacao-dos-sagrados-coracoes\/"},"wordCount":276,"commentCount":0,"publisher":{"@id":"https:\/\/www.padreeustaquio.com.br\/#organization"},"image":{"@id":"https:\/\/www.padreeustaquio.com.br\/tres-novos-jovens-sao-acolhidos-na-congregacao-dos-sagrados-coracoes\/#primaryimage"},"thumbnailUrl":"https:\/\/www.padreeustaquio.com.br\/wp-content\/uploads\/2022\/02\/novos-postulantes.jpg","articleSection":["Not\u00edcias"],"inLanguage":"en-US","potentialAction":[{"@type":"CommentAction","name":"Comment","target":["https:\/\/www.padreeustaquio.com.br\/tres-novos-jovens-sao-acolhidos-na-congregacao-dos-sagrados-coracoes\/#respond"]}]},{"@type":"WebPage","@id":"https:\/\/www.padreeustaquio.com.br\/tres-novos-jovens-sao-acolhidos-na-congregacao-dos-sagrados-coracoes\/","url":"https:\/\/www.padreeustaquio.com.br\/tres-novos-jovens-sao-acolhidos-na-congregacao-dos-sagrados-coracoes\/","name":"Three new young people are welcomed into the Congregation of the Sacred Hearts.","isPartOf":{"@id":"https:\/\/www.padreeustaquio.com.br\/#website"},"primaryImageOfPage":{"@id":"https:\/\/www.padreeustaquio.com.br\/tres-novos-jovens-sao-acolhidos-na-congregacao-dos-sagrados-coracoes\/#primaryimage"},"image":{"@id":"https:\/\/www.padreeustaquio.com.br\/tres-novos-jovens-sao-acolhidos-na-congregacao-dos-sagrados-coracoes\/#primaryimage"},"thumbnailUrl":"https:\/\/www.padreeustaquio.com.br\/wp-content\/uploads\/2022\/02\/novos-postulantes.jpg","datePublished":"2022-02-28T09:00:00+00:00","description":"Last week, three young men were welcomed to begin the first stage of their formation, the Postulancy, a period of learning about and discerning their vocation that lasts about three years. Hygor, Jefferson, and Kayque received, from the provincial superior, the symbol that marks their entry into the Congregation.","breadcrumb":{"@id":"https:\/\/www.padreeustaquio.com.br\/tres-novos-jovens-sao-acolhidos-na-congregacao-dos-sagrados-coracoes\/#breadcrumb"},"inLanguage":"en-US","potentialAction":[{"@type":"ReadAction","target":["https:\/\/www.padreeustaquio.com.br\/tres-novos-jovens-sao-acolhidos-na-congregacao-dos-sagrados-coracoes\/"]}]},{"@type":"ImageObject","inLanguage":"en-US","@id":"https:\/\/www.padreeustaquio.com.br\/tres-novos-jovens-sao-acolhidos-na-congregacao-dos-sagrados-coracoes\/#primaryimage","url":"https:\/\/www.padreeustaquio.com.br\/wp-content\/uploads\/2022\/02\/novos-postulantes.jpg","contentUrl":"https:\/\/www.padreeustaquio.com.br\/wp-content\/uploads\/2022\/02\/novos-postulantes.jpg","width":748,"height":394,"caption":"Da equerda para a direita: Kayque, Hygor, Pe. Osv\u00e2nio, Padre Silvano e Jefferson."},{"@type":"BreadcrumbList","@id":"https:\/\/www.padreeustaquio.com.br\/tres-novos-jovens-sao-acolhidos-na-congregacao-dos-sagrados-coracoes\/#breadcrumb","itemListElement":[{"@type":"ListItem","position":1,"name":"In\u00edcio","item":"https:\/\/www.padreeustaquio.com.br\/"},{"@type":"ListItem","position":2,"name":"Tr\u00eas novos jovens s\u00e3o acolhidos na Congrega\u00e7\u00e3o dos Sagrados Cora\u00e7\u00f5es"}]},{"@type":"WebSite","@id":"https:\/\/www.padreeustaquio.com.br\/#website","url":"https:\/\/www.padreeustaquio.com.br\/","name":"FATHER EUST\u00c1QUIO","description":"Health and Peace","publisher":{"@id":"https:\/\/www.padreeustaquio.com.br\/#organization"},"potentialAction":[{"@type":"SearchAction","target":{"@type":"EntryPoint","urlTemplate":"https:\/\/www.padreeustaquio.com.br\/?s={search_term_string}"},"query-input":{"@type":"PropertyValueSpecification","valueRequired":true,"valueName":"search_term_string"}}],"inLanguage":"en-US"},{"@type":"Organization","@id":"https:\/\/www.padreeustaquio.com.br\/#organization","name":"FATHER EUST\u00c1QUIO","url":"https:\/\/www.padreeustaquio.com.br\/","logo":{"@type":"ImageObject","inLanguage":"en-US","@id":"https:\/\/www.padreeustaquio.com.br\/#\/schema\/logo\/image\/","url":"https:\/\/www.padreeustaquio.com.br\/wp-content\/uploads\/2019\/08\/marca.png","contentUrl":"https:\/\/www.padreeustaquio.com.br\/wp-content\/uploads\/2019\/08\/marca.png","width":350,"height":400,"caption":"Padre Eust\u00e1quio"},"image":{"@id":"https:\/\/www.padreeustaquio.com.br\/#\/schema\/logo\/image\/"},"sameAs":["https:\/\/www.facebook.com\/beatopadreeustaquio\/","https:\/\/x.com\/beatopeustaquio","https:\/\/www.instagram.com\/beatopadreeustaquio\/","https:\/\/www.youtube.com\/channel\/UCRhw7vfabnajwLxb1ZXMeIw"]},{"@type":"Person","@id":"https:\/\/www.padreeustaquio.com.br\/#\/schema\/person\/a2a51db1d00f1a7af0204a0f1ddb1566","name":"@sscc","image":{"@type":"ImageObject","inLanguage":"en-US","@id":"https:\/\/secure.gravatar.com\/avatar\/68cfafa5f44617fea54071e215026e0ff06be366c3d54a8425f04fdcb86f8c5f?s=96&d=mm&r=g","url":"https:\/\/secure.gravatar.com\/avatar\/68cfafa5f44617fea54071e215026e0ff06be366c3d54a8425f04fdcb86f8c5f?s=96&d=mm&r=g","contentUrl":"https:\/\/secure.gravatar.com\/avatar\/68cfafa5f44617fea54071e215026e0ff06be366c3d54a8425f04fdcb86f8c5f?s=96&d=mm&r=g","caption":"@sscc"},"url":"https:\/\/www.padreeustaquio.com.br\/en\/author\/sscc\/"}]}},"_links":{"self":[{"href":"https:\/\/www.padreeustaquio.com.br\/en\/wp-json\/wp\/v2\/posts\/8181","targetHints":{"allow":["GET"]}}],"collection":[{"href":"https:\/\/www.padreeustaquio.com.br\/en\/wp-json\/wp\/v2\/posts"}],"about":[{"href":"https:\/\/www.padreeustaquio.com.br\/en\/wp-json\/wp\/v2\/types\/post"}],"author":[{"embeddable":true,"href":"https:\/\/www.padreeustaquio.com.br\/en\/wp-json\/wp\/v2\/users\/2"}],"replies":[{"embeddable":true,"href":"https:\/\/www.padreeustaquio.com.br\/en\/wp-json\/wp\/v2\/comments?post=8181"}],"version-history":[{"count":0,"href":"https:\/\/www.padreeustaquio.com.br\/en\/wp-json\/wp\/v2\/posts\/8181\/revisions"}],"wp:featuredmedia":[{"embeddable":true,"href":"https:\/\/www.padreeustaquio.com.br\/en\/wp-json\/wp\/v2\/media\/8182"}],"wp:attachment":[{"href":"https:\/\/www.padreeustaquio.com.br\/en\/wp-json\/wp\/v2\/media?parent=8181"}],"wp:term":[{"taxonomy":"category","embeddable":true,"href":"https:\/\/www.padreeustaquio.com.br\/en\/wp-json\/wp\/v2\/categories?post=8181"},{"taxonomy":"post_tag","embeddable":true,"href":"https:\/\/www.padreeustaquio.com.br\/en\/wp-json\/wp\/v2\/tags?post=8181"}],"curies":[{"name":"wp","href":"https:\/\/api.w.org\/{rel}","templated":true}]}}