{"id":8178,"date":"2022-02-23T09:56:26","date_gmt":"2022-02-23T12:56:26","guid":{"rendered":"https:\/\/www.padreeustaquio.com.br\/?p=8178"},"modified":"2022-02-23T09:57:52","modified_gmt":"2022-02-23T12:57:52","slug":"pope-francis-recognizes-the-heroic-virtues-of-sister-beninda-from-minas-gerais","status":"publish","type":"post","link":"https:\/\/www.padreeustaquio.com.br\/en\/pope-francis-recognizes-the-heroic-virtues-of-sister-beninda-from-minas-gerais\/","title":{"rendered":"Pope Francis recognizes the &quot;Heroic Virtues&quot; of Sister Benigna from Minas Gerais."},"content":{"rendered":"<p>With the recognition from the Holy See, Maria Concei\u00e7\u00e3o dos Santos, Sister Benigna, will now be called Venerable Sister Benigna. This is an important step in the beatification process of the nun from Minas Gerais.<\/p>\n\n\n\n<p>The Metropolitan Archbishop of Belo Horizonte, Dom Walmor de Oliveira Azevedo, thanks the Holy Father: <em>\u201cWe give thanks to God for filling hearts with the strength of His love and we thank, with great joy, the Holy Father Francis for the promulgation today of the Decree recognizing the heroic virtues of the Servant of God Sister Benigna. Now, in the steps towards her beatification, Venerable Sister Benigna. Another very important step in the process until reaching the decisive step of her Beatification, an intention for which we continue to pray and insistently ask for this grace. With great gratitude, I unite myself with each one of you in prayer and communion, especially with the Congregation of the Auxiliary Sisters of Our Lady of Piety and AMAIBEM, friends of Sister Benigna, to celebrate this special moment of great joy. The ongoing beatification process, initiated in the Archdiocese of Belo Horizonte, shows that Sister Benigna is an admirable woman for her life guided by love for her neighbor, especially the sick and the poor. A story that reveals to us the path to holiness lived and witnessed in the specialty of fraternal love. Sister Benigna, from Minas Gerais, born in Diamantina, is present in the life of the Church in Belo Horizonte and, in a very special way, in the lives of simple and poor people, whom she has always welcomed with kindness, generosity, words of hope, and a witness of faith. Her most striking virtue, humility, is an example of a disciple always faithful to the teachings of the Master Jesus, challenging others to imitate her.\u201d<\/em>.<\/p>\n\n\n\n<h2 class=\"wp-block-heading\"><strong>A life dedicated to the poor.<\/strong><\/h2>\n\n\n\n<p>With the Pope&#039;s decree, the heroic virtues of the Servant of God Benigna Victima de Jesus, a professed religious of the Congregation of the Auxiliary Sisters of Our Lady of Mercy, were recognized. The process began in the Archdiocese of Belo Horizonte on October 15, 2011, marking the diocesan phase. The Roman phase in the Vatican began on April 15, 2013.<\/p>\n\n\n\n<p>Charity and fortitude were strong characteristics of the personality of Benigna Victima de Jesus, born Maria Concei\u00e7\u00e3o dos Santos on August 16, 1907, in Diamantina, Minas Gerais. At the age of 28, she entered the Congregation of the Auxiliary Sisters of Our Lady of Piety and dedicated herself to welcoming the poor, humble, sick, and afflicted.<\/p>\n\n\n\n<p>Sister Benigna was discriminated against because of her skin color, physical appearance, and various illnesses, including obesity and hormonal disorders, which caused her much suffering. She hid her sorrows through her peculiar sense of humor and Grace, from which she drew strength to overcome difficulties and continue to dedicate herself to others, doing good.<\/p>\n\n\n\n<p>On October 16, 1981, after a life of dedication, giving, and sharing, her immense heart stopped. She passed away silently, peacefully, fighting until the end, finishing her magnificent work.<\/p>\n\n\n\n<p><\/p>\n\n\n\n<p>**With information from <a href=\"https:\/\/arquidiocesebh.org.br\/noticias\/irma-benigna-virtudes-heroicas\/\" target=\"_blank\" rel=\"noreferrer noopener\">arquidiocesebh.org.br<\/a><\/p>\n\n\n\n<p><\/p>","protected":false},"excerpt":{"rendered":"<p>Com o reconhecimento da Santa S\u00e9, Maria Concei\u00e7\u00e3o dos Santos, a Irm\u00e3 Benigna, passa a ser chamada de Vener\u00e1vel Irm\u00e3 Benigna. O fato \u00e9 um passo importante no processo de beatifica\u00e7\u00e3o da freira mineira. O arcebispo metropolitano de Belo Horizonte dom Walmor de Oliveira Azevedo agradece\u00a0 ao Santo Padre: \u201cDamos gra\u00e7as a Deus por fecundar cora\u00e7\u00f5es com a for\u00e7a de seu amor e agradecemos, com muita alegria, ao Santo Padre Francisco pela promulga\u00e7\u00e3o, hoje, do Decreto reconhecendo as virtudes heroicas da Serva de Deus Irm\u00e3 Benigna. Agora, nos passos para sua beatifica\u00e7\u00e3o, Vener\u00e1vel Ir Benigna. Mais uma etapa important\u00edssima no [&hellip;]<\/p>\n","protected":false},"author":2,"featured_media":8179,"comment_status":"open","ping_status":"closed","sticky":false,"template":"","format":"standard","meta":{"_acf_changed":false,"footnotes":""},"categories":[611],"tags":[],"class_list":["post-8178","post","type-post","status-publish","format-standard","has-post-thumbnail","hentry","category-noticias"],"acf":[],"yoast_head":"<!-- This site is optimized with the Yoast SEO plugin v27.2 - https:\/\/yoast.com\/product\/yoast-seo-wordpress\/ -->\n<title>Papa Francisco reconhece &quot;Virturdes Heroicas&quot; da mineira Irm\u00e3 Benigna<\/title>\n<meta name=\"description\" content=\"Com o reconhecimento da Santa S\u00e9, Maria Concei\u00e7\u00e3o dos Santos, a Irm\u00e3 Benigna, passa a ser chamada de Vener\u00e1vel Irm\u00e3 Benigna. O fato \u00e9 um passo importante no processo de beatifica\u00e7\u00e3o da freira mineira.\" \/>\n<meta name=\"robots\" content=\"index, follow, max-snippet:-1, max-image-preview:large, max-video-preview:-1\" \/>\n<link rel=\"canonical\" href=\"https:\/\/www.padreeustaquio.com.br\/en\/pope-francis-recognizes-the-heroic-virtues-of-sister-beninda-from-minas-gerais\/\" \/>\n<meta property=\"og:locale\" content=\"en_US\" \/>\n<meta property=\"og:type\" content=\"article\" \/>\n<meta property=\"og:title\" content=\"Papa Francisco reconhece &quot;Virturdes Heroicas&quot; da mineira Irm\u00e3 Benigna\" \/>\n<meta property=\"og:description\" content=\"Com o reconhecimento da Santa S\u00e9, Maria Concei\u00e7\u00e3o dos Santos, a Irm\u00e3 Benigna, passa a ser chamada de Vener\u00e1vel Irm\u00e3 Benigna. O fato \u00e9 um passo importante no processo de beatifica\u00e7\u00e3o da freira mineira.\" \/>\n<meta property=\"og:url\" content=\"https:\/\/www.padreeustaquio.com.br\/en\/pope-francis-recognizes-the-heroic-virtues-of-sister-beninda-from-minas-gerais\/\" \/>\n<meta property=\"og:site_name\" content=\"Padre Eust\u00e1quio\" \/>\n<meta property=\"article:publisher\" content=\"https:\/\/www.facebook.com\/beatopadreeustaquio\/\" \/>\n<meta property=\"article:published_time\" content=\"2022-02-23T12:56:26+00:00\" \/>\n<meta property=\"article:modified_time\" content=\"2022-02-23T12:57:52+00:00\" \/>\n<meta property=\"og:image\" content=\"https:\/\/www.padreeustaquio.com.br\/wp-content\/uploads\/2022\/02\/irma-benigna.jpg\" \/>\n\t<meta property=\"og:image:width\" content=\"748\" \/>\n\t<meta property=\"og:image:height\" content=\"394\" \/>\n\t<meta property=\"og:image:type\" content=\"image\/jpeg\" \/>\n<meta name=\"author\" content=\"@sscc\" \/>\n<meta name=\"twitter:card\" content=\"summary_large_image\" \/>\n<meta name=\"twitter:creator\" content=\"@beatopeustaquio\" \/>\n<meta name=\"twitter:site\" content=\"@beatopeustaquio\" \/>\n<meta name=\"twitter:label1\" content=\"Written by\" \/>\n\t<meta name=\"twitter:data1\" content=\"@sscc\" \/>\n\t<meta name=\"twitter:label2\" content=\"Est. reading time\" \/>\n\t<meta name=\"twitter:data2\" content=\"3 minutes\" \/>\n<script type=\"application\/ld+json\" class=\"yoast-schema-graph\">{\"@context\":\"https:\/\/schema.org\",\"@graph\":[{\"@type\":\"Article\",\"@id\":\"https:\/\/www.padreeustaquio.com.br\/papa-francisco-reconhece-virturdes-heroicas-da-mineira-irma-benigna\/#article\",\"isPartOf\":{\"@id\":\"https:\/\/www.padreeustaquio.com.br\/papa-francisco-reconhece-virturdes-heroicas-da-mineira-irma-benigna\/\"},\"author\":{\"name\":\"@sscc\",\"@id\":\"https:\/\/www.padreeustaquio.com.br\/#\/schema\/person\/a2a51db1d00f1a7af0204a0f1ddb1566\"},\"headline\":\"Papa Francisco reconhece &#8220;Virturdes Heroicas&#8221; da mineira Irm\u00e3 Benigna\",\"datePublished\":\"2022-02-23T12:56:26+00:00\",\"dateModified\":\"2022-02-23T12:57:52+00:00\",\"mainEntityOfPage\":{\"@id\":\"https:\/\/www.padreeustaquio.com.br\/papa-francisco-reconhece-virturdes-heroicas-da-mineira-irma-benigna\/\"},\"wordCount\":529,\"commentCount\":0,\"publisher\":{\"@id\":\"https:\/\/www.padreeustaquio.com.br\/#organization\"},\"image\":{\"@id\":\"https:\/\/www.padreeustaquio.com.br\/papa-francisco-reconhece-virturdes-heroicas-da-mineira-irma-benigna\/#primaryimage\"},\"thumbnailUrl\":\"https:\/\/www.padreeustaquio.com.br\/wp-content\/uploads\/2022\/02\/irma-benigna.jpg\",\"articleSection\":[\"Not\u00edcias\"],\"inLanguage\":\"en-US\",\"potentialAction\":[{\"@type\":\"CommentAction\",\"name\":\"Comment\",\"target\":[\"https:\/\/www.padreeustaquio.com.br\/papa-francisco-reconhece-virturdes-heroicas-da-mineira-irma-benigna\/#respond\"]}]},{\"@type\":\"WebPage\",\"@id\":\"https:\/\/www.padreeustaquio.com.br\/papa-francisco-reconhece-virturdes-heroicas-da-mineira-irma-benigna\/\",\"url\":\"https:\/\/www.padreeustaquio.com.br\/papa-francisco-reconhece-virturdes-heroicas-da-mineira-irma-benigna\/\",\"name\":\"Papa Francisco reconhece \\\"Virturdes Heroicas\\\" da mineira Irm\u00e3 Benigna\",\"isPartOf\":{\"@id\":\"https:\/\/www.padreeustaquio.com.br\/#website\"},\"primaryImageOfPage\":{\"@id\":\"https:\/\/www.padreeustaquio.com.br\/papa-francisco-reconhece-virturdes-heroicas-da-mineira-irma-benigna\/#primaryimage\"},\"image\":{\"@id\":\"https:\/\/www.padreeustaquio.com.br\/papa-francisco-reconhece-virturdes-heroicas-da-mineira-irma-benigna\/#primaryimage\"},\"thumbnailUrl\":\"https:\/\/www.padreeustaquio.com.br\/wp-content\/uploads\/2022\/02\/irma-benigna.jpg\",\"datePublished\":\"2022-02-23T12:56:26+00:00\",\"dateModified\":\"2022-02-23T12:57:52+00:00\",\"description\":\"Com o reconhecimento da Santa S\u00e9, Maria Concei\u00e7\u00e3o dos Santos, a Irm\u00e3 Benigna, passa a ser chamada de Vener\u00e1vel Irm\u00e3 Benigna. O fato \u00e9 um passo importante no processo de beatifica\u00e7\u00e3o da freira mineira.\",\"breadcrumb\":{\"@id\":\"https:\/\/www.padreeustaquio.com.br\/papa-francisco-reconhece-virturdes-heroicas-da-mineira-irma-benigna\/#breadcrumb\"},\"inLanguage\":\"en-US\",\"potentialAction\":[{\"@type\":\"ReadAction\",\"target\":[\"https:\/\/www.padreeustaquio.com.br\/papa-francisco-reconhece-virturdes-heroicas-da-mineira-irma-benigna\/\"]}]},{\"@type\":\"ImageObject\",\"inLanguage\":\"en-US\",\"@id\":\"https:\/\/www.padreeustaquio.com.br\/papa-francisco-reconhece-virturdes-heroicas-da-mineira-irma-benigna\/#primaryimage\",\"url\":\"https:\/\/www.padreeustaquio.com.br\/wp-content\/uploads\/2022\/02\/irma-benigna.jpg\",\"contentUrl\":\"https:\/\/www.padreeustaquio.com.br\/wp-content\/uploads\/2022\/02\/irma-benigna.jpg\",\"width\":748,\"height\":394,\"caption\":\"Foto: Reprodu\u00e7\u00e3o A12.com\"},{\"@type\":\"BreadcrumbList\",\"@id\":\"https:\/\/www.padreeustaquio.com.br\/papa-francisco-reconhece-virturdes-heroicas-da-mineira-irma-benigna\/#breadcrumb\",\"itemListElement\":[{\"@type\":\"ListItem\",\"position\":1,\"name\":\"In\u00edcio\",\"item\":\"https:\/\/www.padreeustaquio.com.br\/\"},{\"@type\":\"ListItem\",\"position\":2,\"name\":\"Papa Francisco reconhece &#8220;Virturdes Heroicas&#8221; da mineira Irm\u00e3 Benigna\"}]},{\"@type\":\"WebSite\",\"@id\":\"https:\/\/www.padreeustaquio.com.br\/#website\",\"url\":\"https:\/\/www.padreeustaquio.com.br\/\",\"name\":\"Padre Eust\u00e1quio\",\"description\":\"Sa\u00fade e Paz\",\"publisher\":{\"@id\":\"https:\/\/www.padreeustaquio.com.br\/#organization\"},\"potentialAction\":[{\"@type\":\"SearchAction\",\"target\":{\"@type\":\"EntryPoint\",\"urlTemplate\":\"https:\/\/www.padreeustaquio.com.br\/?s={search_term_string}\"},\"query-input\":{\"@type\":\"PropertyValueSpecification\",\"valueRequired\":true,\"valueName\":\"search_term_string\"}}],\"inLanguage\":\"en-US\"},{\"@type\":\"Organization\",\"@id\":\"https:\/\/www.padreeustaquio.com.br\/#organization\",\"name\":\"Padre Eust\u00e1quio\",\"url\":\"https:\/\/www.padreeustaquio.com.br\/\",\"logo\":{\"@type\":\"ImageObject\",\"inLanguage\":\"en-US\",\"@id\":\"https:\/\/www.padreeustaquio.com.br\/#\/schema\/logo\/image\/\",\"url\":\"https:\/\/www.padreeustaquio.com.br\/wp-content\/uploads\/2019\/08\/marca.png\",\"contentUrl\":\"https:\/\/www.padreeustaquio.com.br\/wp-content\/uploads\/2019\/08\/marca.png\",\"width\":350,\"height\":400,\"caption\":\"Padre Eust\u00e1quio\"},\"image\":{\"@id\":\"https:\/\/www.padreeustaquio.com.br\/#\/schema\/logo\/image\/\"},\"sameAs\":[\"https:\/\/www.facebook.com\/beatopadreeustaquio\/\",\"https:\/\/x.com\/beatopeustaquio\",\"https:\/\/www.instagram.com\/beatopadreeustaquio\/\",\"https:\/\/www.youtube.com\/channel\/UCRhw7vfabnajwLxb1ZXMeIw\"]},{\"@type\":\"Person\",\"@id\":\"https:\/\/www.padreeustaquio.com.br\/#\/schema\/person\/a2a51db1d00f1a7af0204a0f1ddb1566\",\"name\":\"@sscc\",\"image\":{\"@type\":\"ImageObject\",\"inLanguage\":\"en-US\",\"@id\":\"https:\/\/secure.gravatar.com\/avatar\/68cfafa5f44617fea54071e215026e0ff06be366c3d54a8425f04fdcb86f8c5f?s=96&d=mm&r=g\",\"url\":\"https:\/\/secure.gravatar.com\/avatar\/68cfafa5f44617fea54071e215026e0ff06be366c3d54a8425f04fdcb86f8c5f?s=96&d=mm&r=g\",\"contentUrl\":\"https:\/\/secure.gravatar.com\/avatar\/68cfafa5f44617fea54071e215026e0ff06be366c3d54a8425f04fdcb86f8c5f?s=96&d=mm&r=g\",\"caption\":\"@sscc\"},\"url\":\"https:\/\/www.padreeustaquio.com.br\/en\/author\/sscc\/\"}]}<\/script>\n<!-- \/ Yoast SEO plugin. -->","yoast_head_json":{"title":"Pope Francis recognizes the &quot;Heroic Virtues&quot; of Sister Benigna from Minas Gerais.","description":"With the recognition from the Holy See, Maria Concei\u00e7\u00e3o dos Santos, Sister Benigna, will now be called Venerable Sister Benigna. This is an important step in the beatification process of the nun from Minas Gerais.","robots":{"index":"index","follow":"follow","max-snippet":"max-snippet:-1","max-image-preview":"max-image-preview:large","max-video-preview":"max-video-preview:-1"},"canonical":"https:\/\/www.padreeustaquio.com.br\/en\/pope-francis-recognizes-the-heroic-virtues-of-sister-beninda-from-minas-gerais\/","og_locale":"en_US","og_type":"article","og_title":"Papa Francisco reconhece \"Virturdes Heroicas\" da mineira Irm\u00e3 Benigna","og_description":"Com o reconhecimento da Santa S\u00e9, Maria Concei\u00e7\u00e3o dos Santos, a Irm\u00e3 Benigna, passa a ser chamada de Vener\u00e1vel Irm\u00e3 Benigna. O fato \u00e9 um passo importante no processo de beatifica\u00e7\u00e3o da freira mineira.","og_url":"https:\/\/www.padreeustaquio.com.br\/en\/pope-francis-recognizes-the-heroic-virtues-of-sister-beninda-from-minas-gerais\/","og_site_name":"Padre Eust\u00e1quio","article_publisher":"https:\/\/www.facebook.com\/beatopadreeustaquio\/","article_published_time":"2022-02-23T12:56:26+00:00","article_modified_time":"2022-02-23T12:57:52+00:00","og_image":[{"width":748,"height":394,"url":"https:\/\/www.padreeustaquio.com.br\/wp-content\/uploads\/2022\/02\/irma-benigna.jpg","type":"image\/jpeg"}],"author":"@sscc","twitter_card":"summary_large_image","twitter_creator":"@beatopeustaquio","twitter_site":"@beatopeustaquio","twitter_misc":{"Written by":"@sscc","Est. reading time":"3 minutes"},"schema":{"@context":"https:\/\/schema.org","@graph":[{"@type":"Article","@id":"https:\/\/www.padreeustaquio.com.br\/papa-francisco-reconhece-virturdes-heroicas-da-mineira-irma-benigna\/#article","isPartOf":{"@id":"https:\/\/www.padreeustaquio.com.br\/papa-francisco-reconhece-virturdes-heroicas-da-mineira-irma-benigna\/"},"author":{"name":"@sscc","@id":"https:\/\/www.padreeustaquio.com.br\/#\/schema\/person\/a2a51db1d00f1a7af0204a0f1ddb1566"},"headline":"Papa Francisco reconhece &#8220;Virturdes Heroicas&#8221; da mineira Irm\u00e3 Benigna","datePublished":"2022-02-23T12:56:26+00:00","dateModified":"2022-02-23T12:57:52+00:00","mainEntityOfPage":{"@id":"https:\/\/www.padreeustaquio.com.br\/papa-francisco-reconhece-virturdes-heroicas-da-mineira-irma-benigna\/"},"wordCount":529,"commentCount":0,"publisher":{"@id":"https:\/\/www.padreeustaquio.com.br\/#organization"},"image":{"@id":"https:\/\/www.padreeustaquio.com.br\/papa-francisco-reconhece-virturdes-heroicas-da-mineira-irma-benigna\/#primaryimage"},"thumbnailUrl":"https:\/\/www.padreeustaquio.com.br\/wp-content\/uploads\/2022\/02\/irma-benigna.jpg","articleSection":["Not\u00edcias"],"inLanguage":"en-US","potentialAction":[{"@type":"CommentAction","name":"Comment","target":["https:\/\/www.padreeustaquio.com.br\/papa-francisco-reconhece-virturdes-heroicas-da-mineira-irma-benigna\/#respond"]}]},{"@type":"WebPage","@id":"https:\/\/www.padreeustaquio.com.br\/papa-francisco-reconhece-virturdes-heroicas-da-mineira-irma-benigna\/","url":"https:\/\/www.padreeustaquio.com.br\/papa-francisco-reconhece-virturdes-heroicas-da-mineira-irma-benigna\/","name":"Pope Francis recognizes the &quot;Heroic Virtues&quot; of Sister Benigna from Minas Gerais.","isPartOf":{"@id":"https:\/\/www.padreeustaquio.com.br\/#website"},"primaryImageOfPage":{"@id":"https:\/\/www.padreeustaquio.com.br\/papa-francisco-reconhece-virturdes-heroicas-da-mineira-irma-benigna\/#primaryimage"},"image":{"@id":"https:\/\/www.padreeustaquio.com.br\/papa-francisco-reconhece-virturdes-heroicas-da-mineira-irma-benigna\/#primaryimage"},"thumbnailUrl":"https:\/\/www.padreeustaquio.com.br\/wp-content\/uploads\/2022\/02\/irma-benigna.jpg","datePublished":"2022-02-23T12:56:26+00:00","dateModified":"2022-02-23T12:57:52+00:00","description":"With the recognition from the Holy See, Maria Concei\u00e7\u00e3o dos Santos, Sister Benigna, will now be called Venerable Sister Benigna. This is an important step in the beatification process of the nun from Minas Gerais.","breadcrumb":{"@id":"https:\/\/www.padreeustaquio.com.br\/papa-francisco-reconhece-virturdes-heroicas-da-mineira-irma-benigna\/#breadcrumb"},"inLanguage":"en-US","potentialAction":[{"@type":"ReadAction","target":["https:\/\/www.padreeustaquio.com.br\/papa-francisco-reconhece-virturdes-heroicas-da-mineira-irma-benigna\/"]}]},{"@type":"ImageObject","inLanguage":"en-US","@id":"https:\/\/www.padreeustaquio.com.br\/papa-francisco-reconhece-virturdes-heroicas-da-mineira-irma-benigna\/#primaryimage","url":"https:\/\/www.padreeustaquio.com.br\/wp-content\/uploads\/2022\/02\/irma-benigna.jpg","contentUrl":"https:\/\/www.padreeustaquio.com.br\/wp-content\/uploads\/2022\/02\/irma-benigna.jpg","width":748,"height":394,"caption":"Foto: Reprodu\u00e7\u00e3o A12.com"},{"@type":"BreadcrumbList","@id":"https:\/\/www.padreeustaquio.com.br\/papa-francisco-reconhece-virturdes-heroicas-da-mineira-irma-benigna\/#breadcrumb","itemListElement":[{"@type":"ListItem","position":1,"name":"In\u00edcio","item":"https:\/\/www.padreeustaquio.com.br\/"},{"@type":"ListItem","position":2,"name":"Papa Francisco reconhece &#8220;Virturdes Heroicas&#8221; da mineira Irm\u00e3 Benigna"}]},{"@type":"WebSite","@id":"https:\/\/www.padreeustaquio.com.br\/#website","url":"https:\/\/www.padreeustaquio.com.br\/","name":"FATHER EUST\u00c1QUIO","description":"Health and Peace","publisher":{"@id":"https:\/\/www.padreeustaquio.com.br\/#organization"},"potentialAction":[{"@type":"SearchAction","target":{"@type":"EntryPoint","urlTemplate":"https:\/\/www.padreeustaquio.com.br\/?s={search_term_string}"},"query-input":{"@type":"PropertyValueSpecification","valueRequired":true,"valueName":"search_term_string"}}],"inLanguage":"en-US"},{"@type":"Organization","@id":"https:\/\/www.padreeustaquio.com.br\/#organization","name":"FATHER EUST\u00c1QUIO","url":"https:\/\/www.padreeustaquio.com.br\/","logo":{"@type":"ImageObject","inLanguage":"en-US","@id":"https:\/\/www.padreeustaquio.com.br\/#\/schema\/logo\/image\/","url":"https:\/\/www.padreeustaquio.com.br\/wp-content\/uploads\/2019\/08\/marca.png","contentUrl":"https:\/\/www.padreeustaquio.com.br\/wp-content\/uploads\/2019\/08\/marca.png","width":350,"height":400,"caption":"Padre Eust\u00e1quio"},"image":{"@id":"https:\/\/www.padreeustaquio.com.br\/#\/schema\/logo\/image\/"},"sameAs":["https:\/\/www.facebook.com\/beatopadreeustaquio\/","https:\/\/x.com\/beatopeustaquio","https:\/\/www.instagram.com\/beatopadreeustaquio\/","https:\/\/www.youtube.com\/channel\/UCRhw7vfabnajwLxb1ZXMeIw"]},{"@type":"Person","@id":"https:\/\/www.padreeustaquio.com.br\/#\/schema\/person\/a2a51db1d00f1a7af0204a0f1ddb1566","name":"@sscc","image":{"@type":"ImageObject","inLanguage":"en-US","@id":"https:\/\/secure.gravatar.com\/avatar\/68cfafa5f44617fea54071e215026e0ff06be366c3d54a8425f04fdcb86f8c5f?s=96&d=mm&r=g","url":"https:\/\/secure.gravatar.com\/avatar\/68cfafa5f44617fea54071e215026e0ff06be366c3d54a8425f04fdcb86f8c5f?s=96&d=mm&r=g","contentUrl":"https:\/\/secure.gravatar.com\/avatar\/68cfafa5f44617fea54071e215026e0ff06be366c3d54a8425f04fdcb86f8c5f?s=96&d=mm&r=g","caption":"@sscc"},"url":"https:\/\/www.padreeustaquio.com.br\/en\/author\/sscc\/"}]}},"_links":{"self":[{"href":"https:\/\/www.padreeustaquio.com.br\/en\/wp-json\/wp\/v2\/posts\/8178","targetHints":{"allow":["GET"]}}],"collection":[{"href":"https:\/\/www.padreeustaquio.com.br\/en\/wp-json\/wp\/v2\/posts"}],"about":[{"href":"https:\/\/www.padreeustaquio.com.br\/en\/wp-json\/wp\/v2\/types\/post"}],"author":[{"embeddable":true,"href":"https:\/\/www.padreeustaquio.com.br\/en\/wp-json\/wp\/v2\/users\/2"}],"replies":[{"embeddable":true,"href":"https:\/\/www.padreeustaquio.com.br\/en\/wp-json\/wp\/v2\/comments?post=8178"}],"version-history":[{"count":0,"href":"https:\/\/www.padreeustaquio.com.br\/en\/wp-json\/wp\/v2\/posts\/8178\/revisions"}],"wp:featuredmedia":[{"embeddable":true,"href":"https:\/\/www.padreeustaquio.com.br\/en\/wp-json\/wp\/v2\/media\/8179"}],"wp:attachment":[{"href":"https:\/\/www.padreeustaquio.com.br\/en\/wp-json\/wp\/v2\/media?parent=8178"}],"wp:term":[{"taxonomy":"category","embeddable":true,"href":"https:\/\/www.padreeustaquio.com.br\/en\/wp-json\/wp\/v2\/categories?post=8178"},{"taxonomy":"post_tag","embeddable":true,"href":"https:\/\/www.padreeustaquio.com.br\/en\/wp-json\/wp\/v2\/tags?post=8178"}],"curies":[{"name":"wp","href":"https:\/\/api.w.org\/{rel}","templated":true}]}}