{"id":8160,"date":"2022-02-21T05:44:00","date_gmt":"2022-02-21T08:44:00","guid":{"rendered":"https:\/\/www.padreeustaquio.com.br\/?p=8160"},"modified":"2022-02-20T20:13:43","modified_gmt":"2022-02-20T23:13:43","slug":"a-parish-in-belo-horizonte-receives-a-relic-of-father-eustaquio-for-its-new-church","status":"publish","type":"post","link":"https:\/\/www.padreeustaquio.com.br\/en\/a-parish-in-belo-horizonte-receives-a-relic-of-father-eustaquio-for-its-new-church\/","title":{"rendered":"Parish in Belo Horizonte receives relic of Father Eust\u00e1quio for new church."},"content":{"rendered":"<p>The Parish of Saint Anthony of Venda Nova, in Belo Horizonte, received, this Sunday (the 20th), a first-degree relic of Blessed Father Eustace. The vice-postulator, Father Vin\u00edcius Maciel, ss.cc., was the one who delivered the Sacred Relic during the Holy Mass presided over by him in the temporary church.<\/p>\n\n\n\n<div class=\"wp-block-image\"><figure class=\"alignleft size-medium\"><img fetchpriority=\"high\" decoding=\"async\" width=\"300\" height=\"200\" src=\"https:\/\/www.padreeustaquio.com.br\/wp-content\/uploads\/2022\/02\/Reliquia-entregue-a-Paroquia-Santo-Antonio-de-Venda-Nova-300x200.jpeg\" alt=\"\" class=\"wp-image-8162\" srcset=\"https:\/\/www.padreeustaquio.com.br\/wp-content\/uploads\/2022\/02\/Reliquia-entregue-a-Paroquia-Santo-Antonio-de-Venda-Nova-300x200.jpeg 300w, https:\/\/www.padreeustaquio.com.br\/wp-content\/uploads\/2022\/02\/Reliquia-entregue-a-Paroquia-Santo-Antonio-de-Venda-Nova-1024x682.jpeg 1024w, https:\/\/www.padreeustaquio.com.br\/wp-content\/uploads\/2022\/02\/Reliquia-entregue-a-Paroquia-Santo-Antonio-de-Venda-Nova-768x512.jpeg 768w, https:\/\/www.padreeustaquio.com.br\/wp-content\/uploads\/2022\/02\/Reliquia-entregue-a-Paroquia-Santo-Antonio-de-Venda-Nova.jpeg 1280w\" sizes=\"(max-width: 300px) 100vw, 300px\" \/><figcaption>Relic delivered to the Parish of Saint Anthony of Venda Nova<\/figcaption><\/figure><\/div>\n\n\n\n<p>In addition to the vice-postulator, the celebration was attended by a family directly involved in the Canonization process, the researcher and custodian of Father Eust\u00e1quio&#039;s archives, Leandro Castro, and the postulators of the Congregation of the Sacred Hearts, the same congregation as the Blessed. All were received and welcomed by the parish priest, Fr. Jos\u00e9 Alves de Deus (Fr. Zezinho), and the entire community.<\/p>\n\n\n\n<p>During the Holy Mass, parishioners of Venda Nova were able to learn a little more about the life of holiness of Father Eust\u00e1quio. The celebration was broadcast on the Santo Ant\u00f4nio de Venda Nova parish&#039;s YouTube channel (<a href=\"https:\/\/www.youtube.com\/watch?v=09zPhSe_2kQ\" target=\"_blank\" rel=\"noreferrer noopener\">Watch here<\/a>Father Vin\u00edcius took the briefcase with other relics of Father Eust\u00e1quio and left behind a first-degree relic, called an Ex-ossibus (taken from the bones of the Blessed), duly certified by the National Secretariat for the Cause of Canonization. <\/p>\n\n\n\n<p><strong>The new Church of Saint Anthony of Venda Nova<\/strong><\/p>\n\n\n\n<div class=\"wp-block-image\"><figure class=\"alignleft size-medium\"><img decoding=\"async\" width=\"300\" height=\"200\" src=\"https:\/\/www.padreeustaquio.com.br\/wp-content\/uploads\/2022\/02\/A-construcao-da-nova-matriz-ao-lado-da-provisoria-300x200.jpeg\" alt=\"\" class=\"wp-image-8163\" srcset=\"https:\/\/www.padreeustaquio.com.br\/wp-content\/uploads\/2022\/02\/A-construcao-da-nova-matriz-ao-lado-da-provisoria-300x200.jpeg 300w, https:\/\/www.padreeustaquio.com.br\/wp-content\/uploads\/2022\/02\/A-construcao-da-nova-matriz-ao-lado-da-provisoria-1024x682.jpeg 1024w, https:\/\/www.padreeustaquio.com.br\/wp-content\/uploads\/2022\/02\/A-construcao-da-nova-matriz-ao-lado-da-provisoria-768x512.jpeg 768w, https:\/\/www.padreeustaquio.com.br\/wp-content\/uploads\/2022\/02\/A-construcao-da-nova-matriz-ao-lado-da-provisoria.jpeg 1280w\" sizes=\"(max-width: 300px) 100vw, 300px\" \/><\/figure><\/div>\n\n\n\n<p>The community has been building the new Santo Ant\u00f4nio de Venda Nova Parish Church since 2018, and construction is already in an advanced stage. The Sacred Relic of Blessed Father Eust\u00e1quio will be part of the altar of the new church, an old tradition of the Catholic Church of placing relics of saints or blessed individuals recognized by the Holy See on the altar where celebrations will take place.<\/p>\n\n\n\n<p>The Church of Saint Anthony of Venda Nova is located in the neighborhood of the same name, in the northern region of Belo Horizonte, and is one of the 273 parishes of the Archdiocese of the capital of Minas Gerais.<\/p>\n\n\n\n<p><\/p>","protected":false},"excerpt":{"rendered":"<p>A Par\u00f3quia Santo Ant\u00f4nio de Venda Nova, em Belo Horizonte, recebeu, esse domingo (dia 20), uma rel\u00edquia de primeiro grau do Bem-Aventurado Padre Eust\u00e1quio. O vice-postulador, Padre Vin\u00edcius Maciel, ss.cc., foi quem entregou a Sagrada Rel\u00edquia durante a Santa Missa presidida por ele na igreja provis\u00f3ria. Al\u00e9m do vice-postulador, a celebra\u00e7\u00e3o contou com a participa\u00e7\u00e3o de uma fam\u00edlia que est\u00e1 diretamente ligada ao processo de Canoniza\u00e7\u00e3o, do pesquisador e respons\u00e1vel pelo acervo do Padre Eust\u00e1quio, Leandro Castro e dos postuladores da Congrega\u00e7\u00e3o dos Sagrados Cora\u00e7\u00f5es, mesma congrega\u00e7\u00e3o do Beato. Todos foram recebidos e acolhidos pelo p\u00e1roco, Pe. Jos\u00e9 Alves de [&hellip;]<\/p>\n","protected":false},"author":2,"featured_media":8161,"comment_status":"open","ping_status":"closed","sticky":false,"template":"","format":"standard","meta":{"_acf_changed":false,"footnotes":""},"categories":[611],"tags":[],"class_list":["post-8160","post","type-post","status-publish","format-standard","has-post-thumbnail","hentry","category-noticias"],"acf":[],"yoast_head":"<!-- This site is optimized with the Yoast SEO plugin v27.2 - https:\/\/yoast.com\/product\/yoast-seo-wordpress\/ -->\n<title>Par\u00f3quia de BH recebe rel\u00edquia de Padre Eust\u00e1quio para nova matriz<\/title>\n<meta name=\"description\" content=\"A Par\u00f3quia Santo Ant\u00f4nio de Venda Nova, em Belo Horizonte, recebeu, esse domingo (dia 20), uma rel\u00edquia de primeiro grau do Bem-Aventurado Padre Eust\u00e1quio. O vice-postulador, Padre Vin\u00edcius Maciel, ss.cc., foi quem entregou a Sagrada Rel\u00edquia durante a Santa Missa presidida por ele na igreja provis\u00f3ria.\" \/>\n<meta name=\"robots\" content=\"index, follow, max-snippet:-1, max-image-preview:large, max-video-preview:-1\" \/>\n<link rel=\"canonical\" href=\"https:\/\/www.padreeustaquio.com.br\/en\/a-parish-in-belo-horizonte-receives-a-relic-of-father-eustaquio-for-its-new-church\/\" \/>\n<meta property=\"og:locale\" content=\"en_US\" \/>\n<meta property=\"og:type\" content=\"article\" \/>\n<meta property=\"og:title\" content=\"Par\u00f3quia de BH recebe rel\u00edquia de Padre Eust\u00e1quio para nova matriz\" \/>\n<meta property=\"og:description\" content=\"A Par\u00f3quia Santo Ant\u00f4nio de Venda Nova, em Belo Horizonte, recebeu, esse domingo (dia 20), uma rel\u00edquia de primeiro grau do Bem-Aventurado Padre Eust\u00e1quio. O vice-postulador, Padre Vin\u00edcius Maciel, ss.cc., foi quem entregou a Sagrada Rel\u00edquia durante a Santa Missa presidida por ele na igreja provis\u00f3ria.\" \/>\n<meta property=\"og:url\" content=\"https:\/\/www.padreeustaquio.com.br\/en\/a-parish-in-belo-horizonte-receives-a-relic-of-father-eustaquio-for-its-new-church\/\" \/>\n<meta property=\"og:site_name\" content=\"Padre Eust\u00e1quio\" \/>\n<meta property=\"article:publisher\" content=\"https:\/\/www.facebook.com\/beatopadreeustaquio\/\" \/>\n<meta property=\"article:published_time\" content=\"2022-02-21T08:44:00+00:00\" \/>\n<meta property=\"og:image\" content=\"https:\/\/www.padreeustaquio.com.br\/wp-content\/uploads\/2022\/02\/Padre-Vinicus-Maciel-sscc-entrega-a-reliquia-e-o-certificado-nas-maos-do-Pe.-Zezinho.jpeg\" \/>\n\t<meta property=\"og:image:width\" content=\"1280\" \/>\n\t<meta property=\"og:image:height\" content=\"853\" \/>\n\t<meta property=\"og:image:type\" content=\"image\/jpeg\" \/>\n<meta name=\"author\" content=\"@sscc\" \/>\n<meta name=\"twitter:card\" content=\"summary_large_image\" \/>\n<meta name=\"twitter:creator\" content=\"@beatopeustaquio\" \/>\n<meta name=\"twitter:site\" content=\"@beatopeustaquio\" \/>\n<meta name=\"twitter:label1\" content=\"Written by\" \/>\n\t<meta name=\"twitter:data1\" content=\"@sscc\" \/>\n\t<meta name=\"twitter:label2\" content=\"Est. reading time\" \/>\n\t<meta name=\"twitter:data2\" content=\"2 minutes\" \/>\n<script type=\"application\/ld+json\" class=\"yoast-schema-graph\">{\"@context\":\"https:\/\/schema.org\",\"@graph\":[{\"@type\":\"Article\",\"@id\":\"https:\/\/www.padreeustaquio.com.br\/paroquia-de-bh-recebe-reliquia-de-padre-eustaquio-para-nova-matriz\/#article\",\"isPartOf\":{\"@id\":\"https:\/\/www.padreeustaquio.com.br\/paroquia-de-bh-recebe-reliquia-de-padre-eustaquio-para-nova-matriz\/\"},\"author\":{\"name\":\"@sscc\",\"@id\":\"https:\/\/www.padreeustaquio.com.br\/#\/schema\/person\/a2a51db1d00f1a7af0204a0f1ddb1566\"},\"headline\":\"Par\u00f3quia de BH recebe rel\u00edquia de Padre Eust\u00e1quio para nova matriz\",\"datePublished\":\"2022-02-21T08:44:00+00:00\",\"mainEntityOfPage\":{\"@id\":\"https:\/\/www.padreeustaquio.com.br\/paroquia-de-bh-recebe-reliquia-de-padre-eustaquio-para-nova-matriz\/\"},\"wordCount\":347,\"commentCount\":0,\"publisher\":{\"@id\":\"https:\/\/www.padreeustaquio.com.br\/#organization\"},\"image\":{\"@id\":\"https:\/\/www.padreeustaquio.com.br\/paroquia-de-bh-recebe-reliquia-de-padre-eustaquio-para-nova-matriz\/#primaryimage\"},\"thumbnailUrl\":\"https:\/\/www.padreeustaquio.com.br\/wp-content\/uploads\/2022\/02\/Padre-Vinicus-Maciel-sscc-entrega-a-reliquia-e-o-certificado-nas-maos-do-Pe.-Zezinho.jpeg\",\"articleSection\":[\"Not\u00edcias\"],\"inLanguage\":\"en-US\",\"potentialAction\":[{\"@type\":\"CommentAction\",\"name\":\"Comment\",\"target\":[\"https:\/\/www.padreeustaquio.com.br\/paroquia-de-bh-recebe-reliquia-de-padre-eustaquio-para-nova-matriz\/#respond\"]}]},{\"@type\":\"WebPage\",\"@id\":\"https:\/\/www.padreeustaquio.com.br\/paroquia-de-bh-recebe-reliquia-de-padre-eustaquio-para-nova-matriz\/\",\"url\":\"https:\/\/www.padreeustaquio.com.br\/paroquia-de-bh-recebe-reliquia-de-padre-eustaquio-para-nova-matriz\/\",\"name\":\"Par\u00f3quia de BH recebe rel\u00edquia de Padre Eust\u00e1quio para nova matriz\",\"isPartOf\":{\"@id\":\"https:\/\/www.padreeustaquio.com.br\/#website\"},\"primaryImageOfPage\":{\"@id\":\"https:\/\/www.padreeustaquio.com.br\/paroquia-de-bh-recebe-reliquia-de-padre-eustaquio-para-nova-matriz\/#primaryimage\"},\"image\":{\"@id\":\"https:\/\/www.padreeustaquio.com.br\/paroquia-de-bh-recebe-reliquia-de-padre-eustaquio-para-nova-matriz\/#primaryimage\"},\"thumbnailUrl\":\"https:\/\/www.padreeustaquio.com.br\/wp-content\/uploads\/2022\/02\/Padre-Vinicus-Maciel-sscc-entrega-a-reliquia-e-o-certificado-nas-maos-do-Pe.-Zezinho.jpeg\",\"datePublished\":\"2022-02-21T08:44:00+00:00\",\"description\":\"A Par\u00f3quia Santo Ant\u00f4nio de Venda Nova, em Belo Horizonte, recebeu, esse domingo (dia 20), uma rel\u00edquia de primeiro grau do Bem-Aventurado Padre Eust\u00e1quio. O vice-postulador, Padre Vin\u00edcius Maciel, ss.cc., foi quem entregou a Sagrada Rel\u00edquia durante a Santa Missa presidida por ele na igreja provis\u00f3ria.\",\"breadcrumb\":{\"@id\":\"https:\/\/www.padreeustaquio.com.br\/paroquia-de-bh-recebe-reliquia-de-padre-eustaquio-para-nova-matriz\/#breadcrumb\"},\"inLanguage\":\"en-US\",\"potentialAction\":[{\"@type\":\"ReadAction\",\"target\":[\"https:\/\/www.padreeustaquio.com.br\/paroquia-de-bh-recebe-reliquia-de-padre-eustaquio-para-nova-matriz\/\"]}]},{\"@type\":\"ImageObject\",\"inLanguage\":\"en-US\",\"@id\":\"https:\/\/www.padreeustaquio.com.br\/paroquia-de-bh-recebe-reliquia-de-padre-eustaquio-para-nova-matriz\/#primaryimage\",\"url\":\"https:\/\/www.padreeustaquio.com.br\/wp-content\/uploads\/2022\/02\/Padre-Vinicus-Maciel-sscc-entrega-a-reliquia-e-o-certificado-nas-maos-do-Pe.-Zezinho.jpeg\",\"contentUrl\":\"https:\/\/www.padreeustaquio.com.br\/wp-content\/uploads\/2022\/02\/Padre-Vinicus-Maciel-sscc-entrega-a-reliquia-e-o-certificado-nas-maos-do-Pe.-Zezinho.jpeg\",\"width\":1280,\"height\":853,\"caption\":\"Padre Vin\u00edcus Maciel, sscc, entrega a rel\u00edquia e o certificado nas m\u00e3os do Pe. Zezinho\"},{\"@type\":\"BreadcrumbList\",\"@id\":\"https:\/\/www.padreeustaquio.com.br\/paroquia-de-bh-recebe-reliquia-de-padre-eustaquio-para-nova-matriz\/#breadcrumb\",\"itemListElement\":[{\"@type\":\"ListItem\",\"position\":1,\"name\":\"In\u00edcio\",\"item\":\"https:\/\/www.padreeustaquio.com.br\/\"},{\"@type\":\"ListItem\",\"position\":2,\"name\":\"Par\u00f3quia de BH recebe rel\u00edquia de Padre Eust\u00e1quio para nova matriz\"}]},{\"@type\":\"WebSite\",\"@id\":\"https:\/\/www.padreeustaquio.com.br\/#website\",\"url\":\"https:\/\/www.padreeustaquio.com.br\/\",\"name\":\"Padre Eust\u00e1quio\",\"description\":\"Sa\u00fade e Paz\",\"publisher\":{\"@id\":\"https:\/\/www.padreeustaquio.com.br\/#organization\"},\"potentialAction\":[{\"@type\":\"SearchAction\",\"target\":{\"@type\":\"EntryPoint\",\"urlTemplate\":\"https:\/\/www.padreeustaquio.com.br\/?s={search_term_string}\"},\"query-input\":{\"@type\":\"PropertyValueSpecification\",\"valueRequired\":true,\"valueName\":\"search_term_string\"}}],\"inLanguage\":\"en-US\"},{\"@type\":\"Organization\",\"@id\":\"https:\/\/www.padreeustaquio.com.br\/#organization\",\"name\":\"Padre Eust\u00e1quio\",\"url\":\"https:\/\/www.padreeustaquio.com.br\/\",\"logo\":{\"@type\":\"ImageObject\",\"inLanguage\":\"en-US\",\"@id\":\"https:\/\/www.padreeustaquio.com.br\/#\/schema\/logo\/image\/\",\"url\":\"https:\/\/www.padreeustaquio.com.br\/wp-content\/uploads\/2019\/08\/marca.png\",\"contentUrl\":\"https:\/\/www.padreeustaquio.com.br\/wp-content\/uploads\/2019\/08\/marca.png\",\"width\":350,\"height\":400,\"caption\":\"Padre Eust\u00e1quio\"},\"image\":{\"@id\":\"https:\/\/www.padreeustaquio.com.br\/#\/schema\/logo\/image\/\"},\"sameAs\":[\"https:\/\/www.facebook.com\/beatopadreeustaquio\/\",\"https:\/\/x.com\/beatopeustaquio\",\"https:\/\/www.instagram.com\/beatopadreeustaquio\/\",\"https:\/\/www.youtube.com\/channel\/UCRhw7vfabnajwLxb1ZXMeIw\"]},{\"@type\":\"Person\",\"@id\":\"https:\/\/www.padreeustaquio.com.br\/#\/schema\/person\/a2a51db1d00f1a7af0204a0f1ddb1566\",\"name\":\"@sscc\",\"image\":{\"@type\":\"ImageObject\",\"inLanguage\":\"en-US\",\"@id\":\"https:\/\/secure.gravatar.com\/avatar\/68cfafa5f44617fea54071e215026e0ff06be366c3d54a8425f04fdcb86f8c5f?s=96&d=mm&r=g\",\"url\":\"https:\/\/secure.gravatar.com\/avatar\/68cfafa5f44617fea54071e215026e0ff06be366c3d54a8425f04fdcb86f8c5f?s=96&d=mm&r=g\",\"contentUrl\":\"https:\/\/secure.gravatar.com\/avatar\/68cfafa5f44617fea54071e215026e0ff06be366c3d54a8425f04fdcb86f8c5f?s=96&d=mm&r=g\",\"caption\":\"@sscc\"},\"url\":\"https:\/\/www.padreeustaquio.com.br\/en\/author\/sscc\/\"}]}<\/script>\n<!-- \/ Yoast SEO plugin. -->","yoast_head_json":{"title":"Parish in Belo Horizonte receives relic of Father Eust\u00e1quio for new church.","description":"The Parish of Saint Anthony of Venda Nova, in Belo Horizonte, received, this Sunday (the 20th), a first-degree relic of Blessed Father Eustace. The vice-postulator, Father Vin\u00edcius Maciel, ss.cc., was the one who delivered the Sacred Relic during the Holy Mass presided over by him in the temporary church.","robots":{"index":"index","follow":"follow","max-snippet":"max-snippet:-1","max-image-preview":"max-image-preview:large","max-video-preview":"max-video-preview:-1"},"canonical":"https:\/\/www.padreeustaquio.com.br\/en\/a-parish-in-belo-horizonte-receives-a-relic-of-father-eustaquio-for-its-new-church\/","og_locale":"en_US","og_type":"article","og_title":"Par\u00f3quia de BH recebe rel\u00edquia de Padre Eust\u00e1quio para nova matriz","og_description":"A Par\u00f3quia Santo Ant\u00f4nio de Venda Nova, em Belo Horizonte, recebeu, esse domingo (dia 20), uma rel\u00edquia de primeiro grau do Bem-Aventurado Padre Eust\u00e1quio. O vice-postulador, Padre Vin\u00edcius Maciel, ss.cc., foi quem entregou a Sagrada Rel\u00edquia durante a Santa Missa presidida por ele na igreja provis\u00f3ria.","og_url":"https:\/\/www.padreeustaquio.com.br\/en\/a-parish-in-belo-horizonte-receives-a-relic-of-father-eustaquio-for-its-new-church\/","og_site_name":"Padre Eust\u00e1quio","article_publisher":"https:\/\/www.facebook.com\/beatopadreeustaquio\/","article_published_time":"2022-02-21T08:44:00+00:00","og_image":[{"width":1280,"height":853,"url":"https:\/\/www.padreeustaquio.com.br\/wp-content\/uploads\/2022\/02\/Padre-Vinicus-Maciel-sscc-entrega-a-reliquia-e-o-certificado-nas-maos-do-Pe.-Zezinho.jpeg","type":"image\/jpeg"}],"author":"@sscc","twitter_card":"summary_large_image","twitter_creator":"@beatopeustaquio","twitter_site":"@beatopeustaquio","twitter_misc":{"Written by":"@sscc","Est. reading time":"2 minutes"},"schema":{"@context":"https:\/\/schema.org","@graph":[{"@type":"Article","@id":"https:\/\/www.padreeustaquio.com.br\/paroquia-de-bh-recebe-reliquia-de-padre-eustaquio-para-nova-matriz\/#article","isPartOf":{"@id":"https:\/\/www.padreeustaquio.com.br\/paroquia-de-bh-recebe-reliquia-de-padre-eustaquio-para-nova-matriz\/"},"author":{"name":"@sscc","@id":"https:\/\/www.padreeustaquio.com.br\/#\/schema\/person\/a2a51db1d00f1a7af0204a0f1ddb1566"},"headline":"Par\u00f3quia de BH recebe rel\u00edquia de Padre Eust\u00e1quio para nova matriz","datePublished":"2022-02-21T08:44:00+00:00","mainEntityOfPage":{"@id":"https:\/\/www.padreeustaquio.com.br\/paroquia-de-bh-recebe-reliquia-de-padre-eustaquio-para-nova-matriz\/"},"wordCount":347,"commentCount":0,"publisher":{"@id":"https:\/\/www.padreeustaquio.com.br\/#organization"},"image":{"@id":"https:\/\/www.padreeustaquio.com.br\/paroquia-de-bh-recebe-reliquia-de-padre-eustaquio-para-nova-matriz\/#primaryimage"},"thumbnailUrl":"https:\/\/www.padreeustaquio.com.br\/wp-content\/uploads\/2022\/02\/Padre-Vinicus-Maciel-sscc-entrega-a-reliquia-e-o-certificado-nas-maos-do-Pe.-Zezinho.jpeg","articleSection":["Not\u00edcias"],"inLanguage":"en-US","potentialAction":[{"@type":"CommentAction","name":"Comment","target":["https:\/\/www.padreeustaquio.com.br\/paroquia-de-bh-recebe-reliquia-de-padre-eustaquio-para-nova-matriz\/#respond"]}]},{"@type":"WebPage","@id":"https:\/\/www.padreeustaquio.com.br\/paroquia-de-bh-recebe-reliquia-de-padre-eustaquio-para-nova-matriz\/","url":"https:\/\/www.padreeustaquio.com.br\/paroquia-de-bh-recebe-reliquia-de-padre-eustaquio-para-nova-matriz\/","name":"Parish in Belo Horizonte receives relic of Father Eust\u00e1quio for new church.","isPartOf":{"@id":"https:\/\/www.padreeustaquio.com.br\/#website"},"primaryImageOfPage":{"@id":"https:\/\/www.padreeustaquio.com.br\/paroquia-de-bh-recebe-reliquia-de-padre-eustaquio-para-nova-matriz\/#primaryimage"},"image":{"@id":"https:\/\/www.padreeustaquio.com.br\/paroquia-de-bh-recebe-reliquia-de-padre-eustaquio-para-nova-matriz\/#primaryimage"},"thumbnailUrl":"https:\/\/www.padreeustaquio.com.br\/wp-content\/uploads\/2022\/02\/Padre-Vinicus-Maciel-sscc-entrega-a-reliquia-e-o-certificado-nas-maos-do-Pe.-Zezinho.jpeg","datePublished":"2022-02-21T08:44:00+00:00","description":"The Parish of Saint Anthony of Venda Nova, in Belo Horizonte, received, this Sunday (the 20th), a first-degree relic of Blessed Father Eustace. The vice-postulator, Father Vin\u00edcius Maciel, ss.cc., was the one who delivered the Sacred Relic during the Holy Mass presided over by him in the temporary church.","breadcrumb":{"@id":"https:\/\/www.padreeustaquio.com.br\/paroquia-de-bh-recebe-reliquia-de-padre-eustaquio-para-nova-matriz\/#breadcrumb"},"inLanguage":"en-US","potentialAction":[{"@type":"ReadAction","target":["https:\/\/www.padreeustaquio.com.br\/paroquia-de-bh-recebe-reliquia-de-padre-eustaquio-para-nova-matriz\/"]}]},{"@type":"ImageObject","inLanguage":"en-US","@id":"https:\/\/www.padreeustaquio.com.br\/paroquia-de-bh-recebe-reliquia-de-padre-eustaquio-para-nova-matriz\/#primaryimage","url":"https:\/\/www.padreeustaquio.com.br\/wp-content\/uploads\/2022\/02\/Padre-Vinicus-Maciel-sscc-entrega-a-reliquia-e-o-certificado-nas-maos-do-Pe.-Zezinho.jpeg","contentUrl":"https:\/\/www.padreeustaquio.com.br\/wp-content\/uploads\/2022\/02\/Padre-Vinicus-Maciel-sscc-entrega-a-reliquia-e-o-certificado-nas-maos-do-Pe.-Zezinho.jpeg","width":1280,"height":853,"caption":"Padre Vin\u00edcus Maciel, sscc, entrega a rel\u00edquia e o certificado nas m\u00e3os do Pe. Zezinho"},{"@type":"BreadcrumbList","@id":"https:\/\/www.padreeustaquio.com.br\/paroquia-de-bh-recebe-reliquia-de-padre-eustaquio-para-nova-matriz\/#breadcrumb","itemListElement":[{"@type":"ListItem","position":1,"name":"In\u00edcio","item":"https:\/\/www.padreeustaquio.com.br\/"},{"@type":"ListItem","position":2,"name":"Par\u00f3quia de BH recebe rel\u00edquia de Padre Eust\u00e1quio para nova matriz"}]},{"@type":"WebSite","@id":"https:\/\/www.padreeustaquio.com.br\/#website","url":"https:\/\/www.padreeustaquio.com.br\/","name":"FATHER EUST\u00c1QUIO","description":"Health and Peace","publisher":{"@id":"https:\/\/www.padreeustaquio.com.br\/#organization"},"potentialAction":[{"@type":"SearchAction","target":{"@type":"EntryPoint","urlTemplate":"https:\/\/www.padreeustaquio.com.br\/?s={search_term_string}"},"query-input":{"@type":"PropertyValueSpecification","valueRequired":true,"valueName":"search_term_string"}}],"inLanguage":"en-US"},{"@type":"Organization","@id":"https:\/\/www.padreeustaquio.com.br\/#organization","name":"FATHER EUST\u00c1QUIO","url":"https:\/\/www.padreeustaquio.com.br\/","logo":{"@type":"ImageObject","inLanguage":"en-US","@id":"https:\/\/www.padreeustaquio.com.br\/#\/schema\/logo\/image\/","url":"https:\/\/www.padreeustaquio.com.br\/wp-content\/uploads\/2019\/08\/marca.png","contentUrl":"https:\/\/www.padreeustaquio.com.br\/wp-content\/uploads\/2019\/08\/marca.png","width":350,"height":400,"caption":"Padre Eust\u00e1quio"},"image":{"@id":"https:\/\/www.padreeustaquio.com.br\/#\/schema\/logo\/image\/"},"sameAs":["https:\/\/www.facebook.com\/beatopadreeustaquio\/","https:\/\/x.com\/beatopeustaquio","https:\/\/www.instagram.com\/beatopadreeustaquio\/","https:\/\/www.youtube.com\/channel\/UCRhw7vfabnajwLxb1ZXMeIw"]},{"@type":"Person","@id":"https:\/\/www.padreeustaquio.com.br\/#\/schema\/person\/a2a51db1d00f1a7af0204a0f1ddb1566","name":"@sscc","image":{"@type":"ImageObject","inLanguage":"en-US","@id":"https:\/\/secure.gravatar.com\/avatar\/68cfafa5f44617fea54071e215026e0ff06be366c3d54a8425f04fdcb86f8c5f?s=96&d=mm&r=g","url":"https:\/\/secure.gravatar.com\/avatar\/68cfafa5f44617fea54071e215026e0ff06be366c3d54a8425f04fdcb86f8c5f?s=96&d=mm&r=g","contentUrl":"https:\/\/secure.gravatar.com\/avatar\/68cfafa5f44617fea54071e215026e0ff06be366c3d54a8425f04fdcb86f8c5f?s=96&d=mm&r=g","caption":"@sscc"},"url":"https:\/\/www.padreeustaquio.com.br\/en\/author\/sscc\/"}]}},"_links":{"self":[{"href":"https:\/\/www.padreeustaquio.com.br\/en\/wp-json\/wp\/v2\/posts\/8160","targetHints":{"allow":["GET"]}}],"collection":[{"href":"https:\/\/www.padreeustaquio.com.br\/en\/wp-json\/wp\/v2\/posts"}],"about":[{"href":"https:\/\/www.padreeustaquio.com.br\/en\/wp-json\/wp\/v2\/types\/post"}],"author":[{"embeddable":true,"href":"https:\/\/www.padreeustaquio.com.br\/en\/wp-json\/wp\/v2\/users\/2"}],"replies":[{"embeddable":true,"href":"https:\/\/www.padreeustaquio.com.br\/en\/wp-json\/wp\/v2\/comments?post=8160"}],"version-history":[{"count":0,"href":"https:\/\/www.padreeustaquio.com.br\/en\/wp-json\/wp\/v2\/posts\/8160\/revisions"}],"wp:featuredmedia":[{"embeddable":true,"href":"https:\/\/www.padreeustaquio.com.br\/en\/wp-json\/wp\/v2\/media\/8161"}],"wp:attachment":[{"href":"https:\/\/www.padreeustaquio.com.br\/en\/wp-json\/wp\/v2\/media?parent=8160"}],"wp:term":[{"taxonomy":"category","embeddable":true,"href":"https:\/\/www.padreeustaquio.com.br\/en\/wp-json\/wp\/v2\/categories?post=8160"},{"taxonomy":"post_tag","embeddable":true,"href":"https:\/\/www.padreeustaquio.com.br\/en\/wp-json\/wp\/v2\/tags?post=8160"}],"curies":[{"name":"wp","href":"https:\/\/api.w.org\/{rel}","templated":true}]}}