{"id":8138,"date":"2022-02-18T06:20:00","date_gmt":"2022-02-18T09:20:00","guid":{"rendered":"https:\/\/www.padreeustaquio.com.br\/?p=8138"},"modified":"2022-02-17T10:07:00","modified_gmt":"2022-02-17T13:07:00","slug":"the-secretariat-for-the-cause-of-canonization-is-preparing-videos-for-lent","status":"publish","type":"post","link":"https:\/\/www.padreeustaquio.com.br\/en\/the-secretariat-for-the-cause-of-canonization-is-preparing-videos-for-lent\/","title":{"rendered":"The Secretariat for the Cause of Canonization is preparing videos for Lent."},"content":{"rendered":"<p>The National Secretariat for the Cause of Canonization of Father Eust\u00e1quio began recording the Lenten Retreat this week, which will be broadcast on the Father Eust\u00e1quio Channel during the 40 days of Lent. The material will begin to be posted on Ash Wednesday.<\/p>\n\n\n\n<p>With the aim of helping devotees of Father Eustace to experience Lent more intensely, the Secretariat created a classic setting with colors and objects reminiscent of the Lenten period and invited Father Silvano Dias de \u00c1vila to lead the reflections. Father Silvano, who is a formator of the Congregation of the Sacred Hearts, will use as a resource the book: Living Lent with Saint Augustine, by Pasquale Cormio, from Ave Maria Publishing House.<\/p>\n\n\n\n<p>The videos will be approximately five minutes long and will be posted daily from Ash Wednesday (March 2nd) until the Saturday before Palm Sunday (April 9th), at 5:00 AM on the Padre Eust\u00e1quio Channel. The material is being recorded at the Sanctuary of Health and Peace and involves a team of six people.<\/p>\n\n\n\n<p><strong>What is a Lenten Retreat?<\/strong><\/p>\n\n\n\n<p>The Lenten retreat is an instrument of prayer and conversion. Its purpose is to assist individuals and communities in daily personal prayer, guiding them to experience God&#039;s grace in their lives. The guides help in the practice of the Spiritual Exercises in daily life. <\/p>\n\n\n\n<p>Lent is a powerful time of prayer and preparation for Easter, marked by penitential practices such as fasting and acts of charity. This period of prayer, which originated in the 4th century, is traditionally prayed for 40 days (from Ash Wednesday to Lazarus Saturday \u2013 before Palm Sunday), but since the pontificate of Paul VI, Lent officially lasts 44 days, as it only ends on Holy Thursday, when the Easter Triduum begins.<\/p>\n\n\n\n<p><\/p>","protected":false},"excerpt":{"rendered":"<p>O Secretariado Nacional para a Causa de Canoniza\u00e7\u00e3o de Padre Eust\u00e1quio come\u00e7ou a gravar esta semana o Retiro Quaresmal, que ser\u00e1 veiculado no Canal Padre Eust\u00e1quio durante os 40 dias da Quaresma. O material come\u00e7a a ser postado na Quarta-feira de Cinzas. Com o objetivo de ajudar os devotos de Padre Eust\u00e1quio a viver mais intensamente a Quaresma, o Secretariado montou um cen\u00e1rio cl\u00e1ssico com cores e objetos que remetem ao per\u00edodo quaresmal e convidou o Padre Silvano Dias de \u00c1vila para comandar as reflex\u00f5es. Padre Silvano, que \u00e9 formador da Congrega\u00e7\u00e3o dos Sagrados Cora\u00e7\u00f5es, ir\u00e1 usar como subs\u00eddio o [&hellip;]<\/p>\n","protected":false},"author":2,"featured_media":8143,"comment_status":"open","ping_status":"closed","sticky":false,"template":"","format":"standard","meta":{"_acf_changed":false,"footnotes":""},"categories":[611],"tags":[],"class_list":["post-8138","post","type-post","status-publish","format-standard","has-post-thumbnail","hentry","category-noticias"],"acf":[],"yoast_head":"<!-- This site is optimized with the Yoast SEO plugin v27.2 - https:\/\/yoast.com\/product\/yoast-seo-wordpress\/ -->\n<title>Secretariado para a Causa de Canoniza\u00e7\u00e3o prepara v\u00eddeos para a Quaresma<\/title>\n<meta name=\"description\" content=\"O Secretariado Nacional para a Causa de Canoniza\u00e7\u00e3o de Padre Eust\u00e1quio come\u00e7ou a gravar esta semana o Retiro Quaresmal, que ser\u00e1 veiculado no Canal Padre Eust\u00e1quio durante os 40 dias da Quaresma. O material come\u00e7a a ser postado na Quarta-feira de Cinzas.\" \/>\n<meta name=\"robots\" content=\"index, follow, max-snippet:-1, max-image-preview:large, max-video-preview:-1\" \/>\n<link rel=\"canonical\" href=\"https:\/\/www.padreeustaquio.com.br\/en\/the-secretariat-for-the-cause-of-canonization-is-preparing-videos-for-lent\/\" \/>\n<meta property=\"og:locale\" content=\"en_US\" \/>\n<meta property=\"og:type\" content=\"article\" \/>\n<meta property=\"og:title\" content=\"Secretariado para a Causa de Canoniza\u00e7\u00e3o prepara v\u00eddeos para a Quaresma\" \/>\n<meta property=\"og:description\" content=\"O Secretariado Nacional para a Causa de Canoniza\u00e7\u00e3o de Padre Eust\u00e1quio come\u00e7ou a gravar esta semana o Retiro Quaresmal, que ser\u00e1 veiculado no Canal Padre Eust\u00e1quio durante os 40 dias da Quaresma. O material come\u00e7a a ser postado na Quarta-feira de Cinzas.\" \/>\n<meta property=\"og:url\" content=\"https:\/\/www.padreeustaquio.com.br\/en\/the-secretariat-for-the-cause-of-canonization-is-preparing-videos-for-lent\/\" \/>\n<meta property=\"og:site_name\" content=\"Padre Eust\u00e1quio\" \/>\n<meta property=\"article:publisher\" content=\"https:\/\/www.facebook.com\/beatopadreeustaquio\/\" \/>\n<meta property=\"article:published_time\" content=\"2022-02-18T09:20:00+00:00\" \/>\n<meta property=\"og:image\" content=\"https:\/\/www.padreeustaquio.com.br\/wp-content\/uploads\/2022\/02\/gravacoes-quaresma.jpg\" \/>\n\t<meta property=\"og:image:width\" content=\"748\" \/>\n\t<meta property=\"og:image:height\" content=\"394\" \/>\n\t<meta property=\"og:image:type\" content=\"image\/jpeg\" \/>\n<meta name=\"author\" content=\"@sscc\" \/>\n<meta name=\"twitter:card\" content=\"summary_large_image\" \/>\n<meta name=\"twitter:creator\" content=\"@beatopeustaquio\" \/>\n<meta name=\"twitter:site\" content=\"@beatopeustaquio\" \/>\n<meta name=\"twitter:label1\" content=\"Written by\" \/>\n\t<meta name=\"twitter:data1\" content=\"@sscc\" \/>\n\t<meta name=\"twitter:label2\" content=\"Est. reading time\" \/>\n\t<meta name=\"twitter:data2\" content=\"2 minutes\" \/>\n<script type=\"application\/ld+json\" class=\"yoast-schema-graph\">{\"@context\":\"https:\/\/schema.org\",\"@graph\":[{\"@type\":\"Article\",\"@id\":\"https:\/\/www.padreeustaquio.com.br\/secretariado-para-a-causa-de-canonizacao-prepara-videos-para-a-quaresma\/#article\",\"isPartOf\":{\"@id\":\"https:\/\/www.padreeustaquio.com.br\/secretariado-para-a-causa-de-canonizacao-prepara-videos-para-a-quaresma\/\"},\"author\":{\"name\":\"@sscc\",\"@id\":\"https:\/\/www.padreeustaquio.com.br\/#\/schema\/person\/a2a51db1d00f1a7af0204a0f1ddb1566\"},\"headline\":\"Secretariado para a Causa de Canoniza\u00e7\u00e3o prepara v\u00eddeos para a Quaresma\",\"datePublished\":\"2022-02-18T09:20:00+00:00\",\"mainEntityOfPage\":{\"@id\":\"https:\/\/www.padreeustaquio.com.br\/secretariado-para-a-causa-de-canonizacao-prepara-videos-para-a-quaresma\/\"},\"wordCount\":355,\"commentCount\":0,\"publisher\":{\"@id\":\"https:\/\/www.padreeustaquio.com.br\/#organization\"},\"image\":{\"@id\":\"https:\/\/www.padreeustaquio.com.br\/secretariado-para-a-causa-de-canonizacao-prepara-videos-para-a-quaresma\/#primaryimage\"},\"thumbnailUrl\":\"https:\/\/www.padreeustaquio.com.br\/wp-content\/uploads\/2022\/02\/gravacoes-quaresma.jpg\",\"articleSection\":[\"Not\u00edcias\"],\"inLanguage\":\"en-US\",\"potentialAction\":[{\"@type\":\"CommentAction\",\"name\":\"Comment\",\"target\":[\"https:\/\/www.padreeustaquio.com.br\/secretariado-para-a-causa-de-canonizacao-prepara-videos-para-a-quaresma\/#respond\"]}]},{\"@type\":\"WebPage\",\"@id\":\"https:\/\/www.padreeustaquio.com.br\/secretariado-para-a-causa-de-canonizacao-prepara-videos-para-a-quaresma\/\",\"url\":\"https:\/\/www.padreeustaquio.com.br\/secretariado-para-a-causa-de-canonizacao-prepara-videos-para-a-quaresma\/\",\"name\":\"Secretariado para a Causa de Canoniza\u00e7\u00e3o prepara v\u00eddeos para a Quaresma\",\"isPartOf\":{\"@id\":\"https:\/\/www.padreeustaquio.com.br\/#website\"},\"primaryImageOfPage\":{\"@id\":\"https:\/\/www.padreeustaquio.com.br\/secretariado-para-a-causa-de-canonizacao-prepara-videos-para-a-quaresma\/#primaryimage\"},\"image\":{\"@id\":\"https:\/\/www.padreeustaquio.com.br\/secretariado-para-a-causa-de-canonizacao-prepara-videos-para-a-quaresma\/#primaryimage\"},\"thumbnailUrl\":\"https:\/\/www.padreeustaquio.com.br\/wp-content\/uploads\/2022\/02\/gravacoes-quaresma.jpg\",\"datePublished\":\"2022-02-18T09:20:00+00:00\",\"description\":\"O Secretariado Nacional para a Causa de Canoniza\u00e7\u00e3o de Padre Eust\u00e1quio come\u00e7ou a gravar esta semana o Retiro Quaresmal, que ser\u00e1 veiculado no Canal Padre Eust\u00e1quio durante os 40 dias da Quaresma. O material come\u00e7a a ser postado na Quarta-feira de Cinzas.\",\"breadcrumb\":{\"@id\":\"https:\/\/www.padreeustaquio.com.br\/secretariado-para-a-causa-de-canonizacao-prepara-videos-para-a-quaresma\/#breadcrumb\"},\"inLanguage\":\"en-US\",\"potentialAction\":[{\"@type\":\"ReadAction\",\"target\":[\"https:\/\/www.padreeustaquio.com.br\/secretariado-para-a-causa-de-canonizacao-prepara-videos-para-a-quaresma\/\"]}]},{\"@type\":\"ImageObject\",\"inLanguage\":\"en-US\",\"@id\":\"https:\/\/www.padreeustaquio.com.br\/secretariado-para-a-causa-de-canonizacao-prepara-videos-para-a-quaresma\/#primaryimage\",\"url\":\"https:\/\/www.padreeustaquio.com.br\/wp-content\/uploads\/2022\/02\/gravacoes-quaresma.jpg\",\"contentUrl\":\"https:\/\/www.padreeustaquio.com.br\/wp-content\/uploads\/2022\/02\/gravacoes-quaresma.jpg\",\"width\":748,\"height\":394},{\"@type\":\"BreadcrumbList\",\"@id\":\"https:\/\/www.padreeustaquio.com.br\/secretariado-para-a-causa-de-canonizacao-prepara-videos-para-a-quaresma\/#breadcrumb\",\"itemListElement\":[{\"@type\":\"ListItem\",\"position\":1,\"name\":\"In\u00edcio\",\"item\":\"https:\/\/www.padreeustaquio.com.br\/\"},{\"@type\":\"ListItem\",\"position\":2,\"name\":\"Secretariado para a Causa de Canoniza\u00e7\u00e3o prepara v\u00eddeos para a Quaresma\"}]},{\"@type\":\"WebSite\",\"@id\":\"https:\/\/www.padreeustaquio.com.br\/#website\",\"url\":\"https:\/\/www.padreeustaquio.com.br\/\",\"name\":\"Padre Eust\u00e1quio\",\"description\":\"Sa\u00fade e Paz\",\"publisher\":{\"@id\":\"https:\/\/www.padreeustaquio.com.br\/#organization\"},\"potentialAction\":[{\"@type\":\"SearchAction\",\"target\":{\"@type\":\"EntryPoint\",\"urlTemplate\":\"https:\/\/www.padreeustaquio.com.br\/?s={search_term_string}\"},\"query-input\":{\"@type\":\"PropertyValueSpecification\",\"valueRequired\":true,\"valueName\":\"search_term_string\"}}],\"inLanguage\":\"en-US\"},{\"@type\":\"Organization\",\"@id\":\"https:\/\/www.padreeustaquio.com.br\/#organization\",\"name\":\"Padre Eust\u00e1quio\",\"url\":\"https:\/\/www.padreeustaquio.com.br\/\",\"logo\":{\"@type\":\"ImageObject\",\"inLanguage\":\"en-US\",\"@id\":\"https:\/\/www.padreeustaquio.com.br\/#\/schema\/logo\/image\/\",\"url\":\"https:\/\/www.padreeustaquio.com.br\/wp-content\/uploads\/2019\/08\/marca.png\",\"contentUrl\":\"https:\/\/www.padreeustaquio.com.br\/wp-content\/uploads\/2019\/08\/marca.png\",\"width\":350,\"height\":400,\"caption\":\"Padre Eust\u00e1quio\"},\"image\":{\"@id\":\"https:\/\/www.padreeustaquio.com.br\/#\/schema\/logo\/image\/\"},\"sameAs\":[\"https:\/\/www.facebook.com\/beatopadreeustaquio\/\",\"https:\/\/x.com\/beatopeustaquio\",\"https:\/\/www.instagram.com\/beatopadreeustaquio\/\",\"https:\/\/www.youtube.com\/channel\/UCRhw7vfabnajwLxb1ZXMeIw\"]},{\"@type\":\"Person\",\"@id\":\"https:\/\/www.padreeustaquio.com.br\/#\/schema\/person\/a2a51db1d00f1a7af0204a0f1ddb1566\",\"name\":\"@sscc\",\"image\":{\"@type\":\"ImageObject\",\"inLanguage\":\"en-US\",\"@id\":\"https:\/\/secure.gravatar.com\/avatar\/68cfafa5f44617fea54071e215026e0ff06be366c3d54a8425f04fdcb86f8c5f?s=96&d=mm&r=g\",\"url\":\"https:\/\/secure.gravatar.com\/avatar\/68cfafa5f44617fea54071e215026e0ff06be366c3d54a8425f04fdcb86f8c5f?s=96&d=mm&r=g\",\"contentUrl\":\"https:\/\/secure.gravatar.com\/avatar\/68cfafa5f44617fea54071e215026e0ff06be366c3d54a8425f04fdcb86f8c5f?s=96&d=mm&r=g\",\"caption\":\"@sscc\"},\"url\":\"https:\/\/www.padreeustaquio.com.br\/en\/author\/sscc\/\"}]}<\/script>\n<!-- \/ Yoast SEO plugin. -->","yoast_head_json":{"title":"The Secretariat for the Cause of Canonization is preparing videos for Lent.","description":"The National Secretariat for the Cause of Canonization of Father Eust\u00e1quio began recording the Lenten Retreat this week, which will be broadcast on the Father Eust\u00e1quio Channel during the 40 days of Lent. The material will begin to be posted on Ash Wednesday.","robots":{"index":"index","follow":"follow","max-snippet":"max-snippet:-1","max-image-preview":"max-image-preview:large","max-video-preview":"max-video-preview:-1"},"canonical":"https:\/\/www.padreeustaquio.com.br\/en\/the-secretariat-for-the-cause-of-canonization-is-preparing-videos-for-lent\/","og_locale":"en_US","og_type":"article","og_title":"Secretariado para a Causa de Canoniza\u00e7\u00e3o prepara v\u00eddeos para a Quaresma","og_description":"O Secretariado Nacional para a Causa de Canoniza\u00e7\u00e3o de Padre Eust\u00e1quio come\u00e7ou a gravar esta semana o Retiro Quaresmal, que ser\u00e1 veiculado no Canal Padre Eust\u00e1quio durante os 40 dias da Quaresma. O material come\u00e7a a ser postado na Quarta-feira de Cinzas.","og_url":"https:\/\/www.padreeustaquio.com.br\/en\/the-secretariat-for-the-cause-of-canonization-is-preparing-videos-for-lent\/","og_site_name":"Padre Eust\u00e1quio","article_publisher":"https:\/\/www.facebook.com\/beatopadreeustaquio\/","article_published_time":"2022-02-18T09:20:00+00:00","og_image":[{"width":748,"height":394,"url":"https:\/\/www.padreeustaquio.com.br\/wp-content\/uploads\/2022\/02\/gravacoes-quaresma.jpg","type":"image\/jpeg"}],"author":"@sscc","twitter_card":"summary_large_image","twitter_creator":"@beatopeustaquio","twitter_site":"@beatopeustaquio","twitter_misc":{"Written by":"@sscc","Est. reading time":"2 minutes"},"schema":{"@context":"https:\/\/schema.org","@graph":[{"@type":"Article","@id":"https:\/\/www.padreeustaquio.com.br\/secretariado-para-a-causa-de-canonizacao-prepara-videos-para-a-quaresma\/#article","isPartOf":{"@id":"https:\/\/www.padreeustaquio.com.br\/secretariado-para-a-causa-de-canonizacao-prepara-videos-para-a-quaresma\/"},"author":{"name":"@sscc","@id":"https:\/\/www.padreeustaquio.com.br\/#\/schema\/person\/a2a51db1d00f1a7af0204a0f1ddb1566"},"headline":"Secretariado para a Causa de Canoniza\u00e7\u00e3o prepara v\u00eddeos para a Quaresma","datePublished":"2022-02-18T09:20:00+00:00","mainEntityOfPage":{"@id":"https:\/\/www.padreeustaquio.com.br\/secretariado-para-a-causa-de-canonizacao-prepara-videos-para-a-quaresma\/"},"wordCount":355,"commentCount":0,"publisher":{"@id":"https:\/\/www.padreeustaquio.com.br\/#organization"},"image":{"@id":"https:\/\/www.padreeustaquio.com.br\/secretariado-para-a-causa-de-canonizacao-prepara-videos-para-a-quaresma\/#primaryimage"},"thumbnailUrl":"https:\/\/www.padreeustaquio.com.br\/wp-content\/uploads\/2022\/02\/gravacoes-quaresma.jpg","articleSection":["Not\u00edcias"],"inLanguage":"en-US","potentialAction":[{"@type":"CommentAction","name":"Comment","target":["https:\/\/www.padreeustaquio.com.br\/secretariado-para-a-causa-de-canonizacao-prepara-videos-para-a-quaresma\/#respond"]}]},{"@type":"WebPage","@id":"https:\/\/www.padreeustaquio.com.br\/secretariado-para-a-causa-de-canonizacao-prepara-videos-para-a-quaresma\/","url":"https:\/\/www.padreeustaquio.com.br\/secretariado-para-a-causa-de-canonizacao-prepara-videos-para-a-quaresma\/","name":"The Secretariat for the Cause of Canonization is preparing videos for Lent.","isPartOf":{"@id":"https:\/\/www.padreeustaquio.com.br\/#website"},"primaryImageOfPage":{"@id":"https:\/\/www.padreeustaquio.com.br\/secretariado-para-a-causa-de-canonizacao-prepara-videos-para-a-quaresma\/#primaryimage"},"image":{"@id":"https:\/\/www.padreeustaquio.com.br\/secretariado-para-a-causa-de-canonizacao-prepara-videos-para-a-quaresma\/#primaryimage"},"thumbnailUrl":"https:\/\/www.padreeustaquio.com.br\/wp-content\/uploads\/2022\/02\/gravacoes-quaresma.jpg","datePublished":"2022-02-18T09:20:00+00:00","description":"The National Secretariat for the Cause of Canonization of Father Eust\u00e1quio began recording the Lenten Retreat this week, which will be broadcast on the Father Eust\u00e1quio Channel during the 40 days of Lent. The material will begin to be posted on Ash Wednesday.","breadcrumb":{"@id":"https:\/\/www.padreeustaquio.com.br\/secretariado-para-a-causa-de-canonizacao-prepara-videos-para-a-quaresma\/#breadcrumb"},"inLanguage":"en-US","potentialAction":[{"@type":"ReadAction","target":["https:\/\/www.padreeustaquio.com.br\/secretariado-para-a-causa-de-canonizacao-prepara-videos-para-a-quaresma\/"]}]},{"@type":"ImageObject","inLanguage":"en-US","@id":"https:\/\/www.padreeustaquio.com.br\/secretariado-para-a-causa-de-canonizacao-prepara-videos-para-a-quaresma\/#primaryimage","url":"https:\/\/www.padreeustaquio.com.br\/wp-content\/uploads\/2022\/02\/gravacoes-quaresma.jpg","contentUrl":"https:\/\/www.padreeustaquio.com.br\/wp-content\/uploads\/2022\/02\/gravacoes-quaresma.jpg","width":748,"height":394},{"@type":"BreadcrumbList","@id":"https:\/\/www.padreeustaquio.com.br\/secretariado-para-a-causa-de-canonizacao-prepara-videos-para-a-quaresma\/#breadcrumb","itemListElement":[{"@type":"ListItem","position":1,"name":"In\u00edcio","item":"https:\/\/www.padreeustaquio.com.br\/"},{"@type":"ListItem","position":2,"name":"Secretariado para a Causa de Canoniza\u00e7\u00e3o prepara v\u00eddeos para a Quaresma"}]},{"@type":"WebSite","@id":"https:\/\/www.padreeustaquio.com.br\/#website","url":"https:\/\/www.padreeustaquio.com.br\/","name":"FATHER EUST\u00c1QUIO","description":"Health and Peace","publisher":{"@id":"https:\/\/www.padreeustaquio.com.br\/#organization"},"potentialAction":[{"@type":"SearchAction","target":{"@type":"EntryPoint","urlTemplate":"https:\/\/www.padreeustaquio.com.br\/?s={search_term_string}"},"query-input":{"@type":"PropertyValueSpecification","valueRequired":true,"valueName":"search_term_string"}}],"inLanguage":"en-US"},{"@type":"Organization","@id":"https:\/\/www.padreeustaquio.com.br\/#organization","name":"FATHER EUST\u00c1QUIO","url":"https:\/\/www.padreeustaquio.com.br\/","logo":{"@type":"ImageObject","inLanguage":"en-US","@id":"https:\/\/www.padreeustaquio.com.br\/#\/schema\/logo\/image\/","url":"https:\/\/www.padreeustaquio.com.br\/wp-content\/uploads\/2019\/08\/marca.png","contentUrl":"https:\/\/www.padreeustaquio.com.br\/wp-content\/uploads\/2019\/08\/marca.png","width":350,"height":400,"caption":"Padre Eust\u00e1quio"},"image":{"@id":"https:\/\/www.padreeustaquio.com.br\/#\/schema\/logo\/image\/"},"sameAs":["https:\/\/www.facebook.com\/beatopadreeustaquio\/","https:\/\/x.com\/beatopeustaquio","https:\/\/www.instagram.com\/beatopadreeustaquio\/","https:\/\/www.youtube.com\/channel\/UCRhw7vfabnajwLxb1ZXMeIw"]},{"@type":"Person","@id":"https:\/\/www.padreeustaquio.com.br\/#\/schema\/person\/a2a51db1d00f1a7af0204a0f1ddb1566","name":"@sscc","image":{"@type":"ImageObject","inLanguage":"en-US","@id":"https:\/\/secure.gravatar.com\/avatar\/68cfafa5f44617fea54071e215026e0ff06be366c3d54a8425f04fdcb86f8c5f?s=96&d=mm&r=g","url":"https:\/\/secure.gravatar.com\/avatar\/68cfafa5f44617fea54071e215026e0ff06be366c3d54a8425f04fdcb86f8c5f?s=96&d=mm&r=g","contentUrl":"https:\/\/secure.gravatar.com\/avatar\/68cfafa5f44617fea54071e215026e0ff06be366c3d54a8425f04fdcb86f8c5f?s=96&d=mm&r=g","caption":"@sscc"},"url":"https:\/\/www.padreeustaquio.com.br\/en\/author\/sscc\/"}]}},"_links":{"self":[{"href":"https:\/\/www.padreeustaquio.com.br\/en\/wp-json\/wp\/v2\/posts\/8138","targetHints":{"allow":["GET"]}}],"collection":[{"href":"https:\/\/www.padreeustaquio.com.br\/en\/wp-json\/wp\/v2\/posts"}],"about":[{"href":"https:\/\/www.padreeustaquio.com.br\/en\/wp-json\/wp\/v2\/types\/post"}],"author":[{"embeddable":true,"href":"https:\/\/www.padreeustaquio.com.br\/en\/wp-json\/wp\/v2\/users\/2"}],"replies":[{"embeddable":true,"href":"https:\/\/www.padreeustaquio.com.br\/en\/wp-json\/wp\/v2\/comments?post=8138"}],"version-history":[{"count":0,"href":"https:\/\/www.padreeustaquio.com.br\/en\/wp-json\/wp\/v2\/posts\/8138\/revisions"}],"wp:featuredmedia":[{"embeddable":true,"href":"https:\/\/www.padreeustaquio.com.br\/en\/wp-json\/wp\/v2\/media\/8143"}],"wp:attachment":[{"href":"https:\/\/www.padreeustaquio.com.br\/en\/wp-json\/wp\/v2\/media?parent=8138"}],"wp:term":[{"taxonomy":"category","embeddable":true,"href":"https:\/\/www.padreeustaquio.com.br\/en\/wp-json\/wp\/v2\/categories?post=8138"},{"taxonomy":"post_tag","embeddable":true,"href":"https:\/\/www.padreeustaquio.com.br\/en\/wp-json\/wp\/v2\/tags?post=8138"}],"curies":[{"name":"wp","href":"https:\/\/api.w.org\/{rel}","templated":true}]}}