{"id":8132,"date":"2022-02-17T06:11:00","date_gmt":"2022-02-17T09:11:00","guid":{"rendered":"https:\/\/www.padreeustaquio.com.br\/?p=8132"},"modified":"2022-02-14T21:19:09","modified_gmt":"2022-02-15T00:19:09","slug":"father-eustaces-words-on-devotion-to-the-sacred-hearts","status":"publish","type":"post","link":"https:\/\/www.padreeustaquio.com.br\/en\/father-eustaces-words-on-devotion-to-the-sacred-hearts\/","title":{"rendered":"Words of Father Eustace \u2013 Devotion to the Sacred Hearts"},"content":{"rendered":"<p>Father Eust\u00e1quio joined the Congregation of the Sacred Hearts at a very young age and developed a great devotion to the Sacred Heart of Jesus and the Immaculate Heart of Mary. His personal archives contain many devotional objects related to the Sacred Hearts, and especially numerous writings on the subject.<\/p>\n\n\n\n<p>In one of these texts, the Blessed One speaks of how the Heart of Jesus is a source of grace for all of us, and how the Heart of Mary is the channel for this grace. The text offers a beautiful reflection that we invite you to read below:<\/p>\n\n\n\n<p><strong>The Sacred Hearts<\/strong><\/p>\n\n\n\n<p><em>Two hearts that we can never separate \u2013 the Heart of Jesus and the Heart of Mary. The Heart of Jesus is the source of grace, the Heart of Mary the channel of grace. And to be able to obtain grace from this source, we must have the conviction that we need to be continually in relationship with Mary and surrender ourselves totally to the Heart of Mary in order to belong to the Heart of Jesus. Mary is the blue firmament \u2013 the Heart of Jesus the sun that radiates its rays upon us \u2013 we want to take advantage of this sun \u2013 we must leave our own homes and be under the blue firmament \u2013 to take advantage of the clarity and warmth of this Sacred Heart. We must be Saints and Sanctifiers; without the grace of Christ we can do nothing, no fruit of apostolate without grace \u2013 God wanted us to have everything through Mary.<\/em><\/p>\n\n\n\n<p><\/p>","protected":false},"excerpt":{"rendered":"<p>Padre Eust\u00e1quio entrou muito novo para a Congrega\u00e7\u00e3o dos Sagrados Cora\u00e7\u00f5es e alimentou uma grande devo\u00e7\u00e3o ao Sagrado Cora\u00e7\u00e3o de Jesus e ao Imaculado Cora\u00e7\u00e3o de Maria. Em seus arquivos pessoais \u00e9 poss\u00edvel encontrar muitos objetos de devo\u00e7\u00e3o ligados aos Sagrados Cora\u00e7\u00f5es, principalmente, muitos escritos sobre o tema. Em um desses textos, o Beato fala como o Cora\u00e7\u00e3o de Jesus \u00e9 fonte de gra\u00e7a para todos n\u00f3s, e como o Cora\u00e7\u00e3o de Maria \u00e9 o canal para essa gra\u00e7a. O texto traz uma bel\u00edssima reflex\u00e3o que te convidamos a ler a seguir: Os Sagrados Cora\u00e7\u00f5es Dois cora\u00e7\u00f5es que nunca podemos [&hellip;]<\/p>\n","protected":false},"author":2,"featured_media":8133,"comment_status":"open","ping_status":"closed","sticky":false,"template":"","format":"standard","meta":{"_acf_changed":false,"footnotes":""},"categories":[611],"tags":[],"class_list":["post-8132","post","type-post","status-publish","format-standard","has-post-thumbnail","hentry","category-noticias"],"acf":[],"yoast_head":"<!-- This site is optimized with the Yoast SEO plugin v27.2 - https:\/\/yoast.com\/product\/yoast-seo-wordpress\/ -->\n<title>Palavras do Padre Eust\u00e1quio - A devo\u00e7\u00e3o aos Sagrados Cora\u00e7\u00f5es<\/title>\n<meta name=\"description\" content=\"Padre Eust\u00e1quio fala como o Cora\u00e7\u00e3o de Jesus \u00e9 fonte de gra\u00e7a para todos n\u00f3s, e como o Cora\u00e7\u00e3o de Maria \u00e9 o canal para essa gra\u00e7a. O texto que trazemos aqui faz uma bel\u00edssima reflex\u00e3o que te convidamos a ler e se espiritualizar.\" \/>\n<meta name=\"robots\" content=\"index, follow, max-snippet:-1, max-image-preview:large, max-video-preview:-1\" \/>\n<link rel=\"canonical\" href=\"https:\/\/www.padreeustaquio.com.br\/en\/father-eustaces-words-on-devotion-to-the-sacred-hearts\/\" \/>\n<meta property=\"og:locale\" content=\"en_US\" \/>\n<meta property=\"og:type\" content=\"article\" \/>\n<meta property=\"og:title\" content=\"Palavras do Padre Eust\u00e1quio - A devo\u00e7\u00e3o aos Sagrados Cora\u00e7\u00f5es\" \/>\n<meta property=\"og:description\" content=\"Padre Eust\u00e1quio fala como o Cora\u00e7\u00e3o de Jesus \u00e9 fonte de gra\u00e7a para todos n\u00f3s, e como o Cora\u00e7\u00e3o de Maria \u00e9 o canal para essa gra\u00e7a. O texto que trazemos aqui faz uma bel\u00edssima reflex\u00e3o que te convidamos a ler e se espiritualizar.\" \/>\n<meta property=\"og:url\" content=\"https:\/\/www.padreeustaquio.com.br\/en\/father-eustaces-words-on-devotion-to-the-sacred-hearts\/\" \/>\n<meta property=\"og:site_name\" content=\"Padre Eust\u00e1quio\" \/>\n<meta property=\"article:publisher\" content=\"https:\/\/www.facebook.com\/beatopadreeustaquio\/\" \/>\n<meta property=\"article:published_time\" content=\"2022-02-17T09:11:00+00:00\" \/>\n<meta property=\"og:image\" content=\"https:\/\/www.padreeustaquio.com.br\/wp-content\/uploads\/2022\/02\/palavra-do-padeustaqui.jpg\" \/>\n\t<meta property=\"og:image:width\" content=\"748\" \/>\n\t<meta property=\"og:image:height\" content=\"394\" \/>\n\t<meta property=\"og:image:type\" content=\"image\/jpeg\" \/>\n<meta name=\"author\" content=\"@sscc\" \/>\n<meta name=\"twitter:card\" content=\"summary_large_image\" \/>\n<meta name=\"twitter:creator\" content=\"@beatopeustaquio\" \/>\n<meta name=\"twitter:site\" content=\"@beatopeustaquio\" \/>\n<meta name=\"twitter:label1\" content=\"Written by\" \/>\n\t<meta name=\"twitter:data1\" content=\"@sscc\" \/>\n\t<meta name=\"twitter:label2\" content=\"Est. reading time\" \/>\n\t<meta name=\"twitter:data2\" content=\"2 minutes\" \/>\n<script type=\"application\/ld+json\" class=\"yoast-schema-graph\">{\"@context\":\"https:\/\/schema.org\",\"@graph\":[{\"@type\":\"Article\",\"@id\":\"https:\/\/www.padreeustaquio.com.br\/palavras-do-padre-eustaquio-a-devocao-aos-sagrados-coracoes\/#article\",\"isPartOf\":{\"@id\":\"https:\/\/www.padreeustaquio.com.br\/palavras-do-padre-eustaquio-a-devocao-aos-sagrados-coracoes\/\"},\"author\":{\"name\":\"@sscc\",\"@id\":\"https:\/\/www.padreeustaquio.com.br\/#\/schema\/person\/a2a51db1d00f1a7af0204a0f1ddb1566\"},\"headline\":\"Palavras do Padre Eust\u00e1quio &#8211; A devo\u00e7\u00e3o aos Sagrados Cora\u00e7\u00f5es\",\"datePublished\":\"2022-02-17T09:11:00+00:00\",\"mainEntityOfPage\":{\"@id\":\"https:\/\/www.padreeustaquio.com.br\/palavras-do-padre-eustaquio-a-devocao-aos-sagrados-coracoes\/\"},\"wordCount\":280,\"commentCount\":0,\"publisher\":{\"@id\":\"https:\/\/www.padreeustaquio.com.br\/#organization\"},\"image\":{\"@id\":\"https:\/\/www.padreeustaquio.com.br\/palavras-do-padre-eustaquio-a-devocao-aos-sagrados-coracoes\/#primaryimage\"},\"thumbnailUrl\":\"https:\/\/www.padreeustaquio.com.br\/wp-content\/uploads\/2022\/02\/palavra-do-padeustaqui.jpg\",\"articleSection\":[\"Not\u00edcias\"],\"inLanguage\":\"en-US\",\"potentialAction\":[{\"@type\":\"CommentAction\",\"name\":\"Comment\",\"target\":[\"https:\/\/www.padreeustaquio.com.br\/palavras-do-padre-eustaquio-a-devocao-aos-sagrados-coracoes\/#respond\"]}]},{\"@type\":\"WebPage\",\"@id\":\"https:\/\/www.padreeustaquio.com.br\/palavras-do-padre-eustaquio-a-devocao-aos-sagrados-coracoes\/\",\"url\":\"https:\/\/www.padreeustaquio.com.br\/palavras-do-padre-eustaquio-a-devocao-aos-sagrados-coracoes\/\",\"name\":\"Palavras do Padre Eust\u00e1quio - A devo\u00e7\u00e3o aos Sagrados Cora\u00e7\u00f5es\",\"isPartOf\":{\"@id\":\"https:\/\/www.padreeustaquio.com.br\/#website\"},\"primaryImageOfPage\":{\"@id\":\"https:\/\/www.padreeustaquio.com.br\/palavras-do-padre-eustaquio-a-devocao-aos-sagrados-coracoes\/#primaryimage\"},\"image\":{\"@id\":\"https:\/\/www.padreeustaquio.com.br\/palavras-do-padre-eustaquio-a-devocao-aos-sagrados-coracoes\/#primaryimage\"},\"thumbnailUrl\":\"https:\/\/www.padreeustaquio.com.br\/wp-content\/uploads\/2022\/02\/palavra-do-padeustaqui.jpg\",\"datePublished\":\"2022-02-17T09:11:00+00:00\",\"description\":\"Padre Eust\u00e1quio fala como o Cora\u00e7\u00e3o de Jesus \u00e9 fonte de gra\u00e7a para todos n\u00f3s, e como o Cora\u00e7\u00e3o de Maria \u00e9 o canal para essa gra\u00e7a. O texto que trazemos aqui faz uma bel\u00edssima reflex\u00e3o que te convidamos a ler e se espiritualizar.\",\"breadcrumb\":{\"@id\":\"https:\/\/www.padreeustaquio.com.br\/palavras-do-padre-eustaquio-a-devocao-aos-sagrados-coracoes\/#breadcrumb\"},\"inLanguage\":\"en-US\",\"potentialAction\":[{\"@type\":\"ReadAction\",\"target\":[\"https:\/\/www.padreeustaquio.com.br\/palavras-do-padre-eustaquio-a-devocao-aos-sagrados-coracoes\/\"]}]},{\"@type\":\"ImageObject\",\"inLanguage\":\"en-US\",\"@id\":\"https:\/\/www.padreeustaquio.com.br\/palavras-do-padre-eustaquio-a-devocao-aos-sagrados-coracoes\/#primaryimage\",\"url\":\"https:\/\/www.padreeustaquio.com.br\/wp-content\/uploads\/2022\/02\/palavra-do-padeustaqui.jpg\",\"contentUrl\":\"https:\/\/www.padreeustaquio.com.br\/wp-content\/uploads\/2022\/02\/palavra-do-padeustaqui.jpg\",\"width\":748,\"height\":394},{\"@type\":\"BreadcrumbList\",\"@id\":\"https:\/\/www.padreeustaquio.com.br\/palavras-do-padre-eustaquio-a-devocao-aos-sagrados-coracoes\/#breadcrumb\",\"itemListElement\":[{\"@type\":\"ListItem\",\"position\":1,\"name\":\"In\u00edcio\",\"item\":\"https:\/\/www.padreeustaquio.com.br\/\"},{\"@type\":\"ListItem\",\"position\":2,\"name\":\"Palavras do Padre Eust\u00e1quio &#8211; A devo\u00e7\u00e3o aos Sagrados Cora\u00e7\u00f5es\"}]},{\"@type\":\"WebSite\",\"@id\":\"https:\/\/www.padreeustaquio.com.br\/#website\",\"url\":\"https:\/\/www.padreeustaquio.com.br\/\",\"name\":\"Padre Eust\u00e1quio\",\"description\":\"Sa\u00fade e Paz\",\"publisher\":{\"@id\":\"https:\/\/www.padreeustaquio.com.br\/#organization\"},\"potentialAction\":[{\"@type\":\"SearchAction\",\"target\":{\"@type\":\"EntryPoint\",\"urlTemplate\":\"https:\/\/www.padreeustaquio.com.br\/?s={search_term_string}\"},\"query-input\":{\"@type\":\"PropertyValueSpecification\",\"valueRequired\":true,\"valueName\":\"search_term_string\"}}],\"inLanguage\":\"en-US\"},{\"@type\":\"Organization\",\"@id\":\"https:\/\/www.padreeustaquio.com.br\/#organization\",\"name\":\"Padre Eust\u00e1quio\",\"url\":\"https:\/\/www.padreeustaquio.com.br\/\",\"logo\":{\"@type\":\"ImageObject\",\"inLanguage\":\"en-US\",\"@id\":\"https:\/\/www.padreeustaquio.com.br\/#\/schema\/logo\/image\/\",\"url\":\"https:\/\/www.padreeustaquio.com.br\/wp-content\/uploads\/2019\/08\/marca.png\",\"contentUrl\":\"https:\/\/www.padreeustaquio.com.br\/wp-content\/uploads\/2019\/08\/marca.png\",\"width\":350,\"height\":400,\"caption\":\"Padre Eust\u00e1quio\"},\"image\":{\"@id\":\"https:\/\/www.padreeustaquio.com.br\/#\/schema\/logo\/image\/\"},\"sameAs\":[\"https:\/\/www.facebook.com\/beatopadreeustaquio\/\",\"https:\/\/x.com\/beatopeustaquio\",\"https:\/\/www.instagram.com\/beatopadreeustaquio\/\",\"https:\/\/www.youtube.com\/channel\/UCRhw7vfabnajwLxb1ZXMeIw\"]},{\"@type\":\"Person\",\"@id\":\"https:\/\/www.padreeustaquio.com.br\/#\/schema\/person\/a2a51db1d00f1a7af0204a0f1ddb1566\",\"name\":\"@sscc\",\"image\":{\"@type\":\"ImageObject\",\"inLanguage\":\"en-US\",\"@id\":\"https:\/\/secure.gravatar.com\/avatar\/68cfafa5f44617fea54071e215026e0ff06be366c3d54a8425f04fdcb86f8c5f?s=96&d=mm&r=g\",\"url\":\"https:\/\/secure.gravatar.com\/avatar\/68cfafa5f44617fea54071e215026e0ff06be366c3d54a8425f04fdcb86f8c5f?s=96&d=mm&r=g\",\"contentUrl\":\"https:\/\/secure.gravatar.com\/avatar\/68cfafa5f44617fea54071e215026e0ff06be366c3d54a8425f04fdcb86f8c5f?s=96&d=mm&r=g\",\"caption\":\"@sscc\"},\"url\":\"https:\/\/www.padreeustaquio.com.br\/en\/author\/sscc\/\"}]}<\/script>\n<!-- \/ Yoast SEO plugin. -->","yoast_head_json":{"title":"Words of Father Eust\u00e1quio - Devotion to the Sacred Hearts","description":"Father Eust\u00e1quio speaks about how the Heart of Jesus is a source of grace for all of us, and how the Heart of Mary is the channel for that grace. The text we present here offers a beautiful reflection that we invite you to read and spiritualize.","robots":{"index":"index","follow":"follow","max-snippet":"max-snippet:-1","max-image-preview":"max-image-preview:large","max-video-preview":"max-video-preview:-1"},"canonical":"https:\/\/www.padreeustaquio.com.br\/en\/father-eustaces-words-on-devotion-to-the-sacred-hearts\/","og_locale":"en_US","og_type":"article","og_title":"Palavras do Padre Eust\u00e1quio - A devo\u00e7\u00e3o aos Sagrados Cora\u00e7\u00f5es","og_description":"Padre Eust\u00e1quio fala como o Cora\u00e7\u00e3o de Jesus \u00e9 fonte de gra\u00e7a para todos n\u00f3s, e como o Cora\u00e7\u00e3o de Maria \u00e9 o canal para essa gra\u00e7a. O texto que trazemos aqui faz uma bel\u00edssima reflex\u00e3o que te convidamos a ler e se espiritualizar.","og_url":"https:\/\/www.padreeustaquio.com.br\/en\/father-eustaces-words-on-devotion-to-the-sacred-hearts\/","og_site_name":"Padre Eust\u00e1quio","article_publisher":"https:\/\/www.facebook.com\/beatopadreeustaquio\/","article_published_time":"2022-02-17T09:11:00+00:00","og_image":[{"width":748,"height":394,"url":"https:\/\/www.padreeustaquio.com.br\/wp-content\/uploads\/2022\/02\/palavra-do-padeustaqui.jpg","type":"image\/jpeg"}],"author":"@sscc","twitter_card":"summary_large_image","twitter_creator":"@beatopeustaquio","twitter_site":"@beatopeustaquio","twitter_misc":{"Written by":"@sscc","Est. reading time":"2 minutes"},"schema":{"@context":"https:\/\/schema.org","@graph":[{"@type":"Article","@id":"https:\/\/www.padreeustaquio.com.br\/palavras-do-padre-eustaquio-a-devocao-aos-sagrados-coracoes\/#article","isPartOf":{"@id":"https:\/\/www.padreeustaquio.com.br\/palavras-do-padre-eustaquio-a-devocao-aos-sagrados-coracoes\/"},"author":{"name":"@sscc","@id":"https:\/\/www.padreeustaquio.com.br\/#\/schema\/person\/a2a51db1d00f1a7af0204a0f1ddb1566"},"headline":"Palavras do Padre Eust\u00e1quio &#8211; A devo\u00e7\u00e3o aos Sagrados Cora\u00e7\u00f5es","datePublished":"2022-02-17T09:11:00+00:00","mainEntityOfPage":{"@id":"https:\/\/www.padreeustaquio.com.br\/palavras-do-padre-eustaquio-a-devocao-aos-sagrados-coracoes\/"},"wordCount":280,"commentCount":0,"publisher":{"@id":"https:\/\/www.padreeustaquio.com.br\/#organization"},"image":{"@id":"https:\/\/www.padreeustaquio.com.br\/palavras-do-padre-eustaquio-a-devocao-aos-sagrados-coracoes\/#primaryimage"},"thumbnailUrl":"https:\/\/www.padreeustaquio.com.br\/wp-content\/uploads\/2022\/02\/palavra-do-padeustaqui.jpg","articleSection":["Not\u00edcias"],"inLanguage":"en-US","potentialAction":[{"@type":"CommentAction","name":"Comment","target":["https:\/\/www.padreeustaquio.com.br\/palavras-do-padre-eustaquio-a-devocao-aos-sagrados-coracoes\/#respond"]}]},{"@type":"WebPage","@id":"https:\/\/www.padreeustaquio.com.br\/palavras-do-padre-eustaquio-a-devocao-aos-sagrados-coracoes\/","url":"https:\/\/www.padreeustaquio.com.br\/palavras-do-padre-eustaquio-a-devocao-aos-sagrados-coracoes\/","name":"Words of Father Eust\u00e1quio - Devotion to the Sacred Hearts","isPartOf":{"@id":"https:\/\/www.padreeustaquio.com.br\/#website"},"primaryImageOfPage":{"@id":"https:\/\/www.padreeustaquio.com.br\/palavras-do-padre-eustaquio-a-devocao-aos-sagrados-coracoes\/#primaryimage"},"image":{"@id":"https:\/\/www.padreeustaquio.com.br\/palavras-do-padre-eustaquio-a-devocao-aos-sagrados-coracoes\/#primaryimage"},"thumbnailUrl":"https:\/\/www.padreeustaquio.com.br\/wp-content\/uploads\/2022\/02\/palavra-do-padeustaqui.jpg","datePublished":"2022-02-17T09:11:00+00:00","description":"Father Eust\u00e1quio speaks about how the Heart of Jesus is a source of grace for all of us, and how the Heart of Mary is the channel for that grace. The text we present here offers a beautiful reflection that we invite you to read and spiritualize.","breadcrumb":{"@id":"https:\/\/www.padreeustaquio.com.br\/palavras-do-padre-eustaquio-a-devocao-aos-sagrados-coracoes\/#breadcrumb"},"inLanguage":"en-US","potentialAction":[{"@type":"ReadAction","target":["https:\/\/www.padreeustaquio.com.br\/palavras-do-padre-eustaquio-a-devocao-aos-sagrados-coracoes\/"]}]},{"@type":"ImageObject","inLanguage":"en-US","@id":"https:\/\/www.padreeustaquio.com.br\/palavras-do-padre-eustaquio-a-devocao-aos-sagrados-coracoes\/#primaryimage","url":"https:\/\/www.padreeustaquio.com.br\/wp-content\/uploads\/2022\/02\/palavra-do-padeustaqui.jpg","contentUrl":"https:\/\/www.padreeustaquio.com.br\/wp-content\/uploads\/2022\/02\/palavra-do-padeustaqui.jpg","width":748,"height":394},{"@type":"BreadcrumbList","@id":"https:\/\/www.padreeustaquio.com.br\/palavras-do-padre-eustaquio-a-devocao-aos-sagrados-coracoes\/#breadcrumb","itemListElement":[{"@type":"ListItem","position":1,"name":"In\u00edcio","item":"https:\/\/www.padreeustaquio.com.br\/"},{"@type":"ListItem","position":2,"name":"Palavras do Padre Eust\u00e1quio &#8211; A devo\u00e7\u00e3o aos Sagrados Cora\u00e7\u00f5es"}]},{"@type":"WebSite","@id":"https:\/\/www.padreeustaquio.com.br\/#website","url":"https:\/\/www.padreeustaquio.com.br\/","name":"FATHER EUST\u00c1QUIO","description":"Health and Peace","publisher":{"@id":"https:\/\/www.padreeustaquio.com.br\/#organization"},"potentialAction":[{"@type":"SearchAction","target":{"@type":"EntryPoint","urlTemplate":"https:\/\/www.padreeustaquio.com.br\/?s={search_term_string}"},"query-input":{"@type":"PropertyValueSpecification","valueRequired":true,"valueName":"search_term_string"}}],"inLanguage":"en-US"},{"@type":"Organization","@id":"https:\/\/www.padreeustaquio.com.br\/#organization","name":"FATHER EUST\u00c1QUIO","url":"https:\/\/www.padreeustaquio.com.br\/","logo":{"@type":"ImageObject","inLanguage":"en-US","@id":"https:\/\/www.padreeustaquio.com.br\/#\/schema\/logo\/image\/","url":"https:\/\/www.padreeustaquio.com.br\/wp-content\/uploads\/2019\/08\/marca.png","contentUrl":"https:\/\/www.padreeustaquio.com.br\/wp-content\/uploads\/2019\/08\/marca.png","width":350,"height":400,"caption":"Padre Eust\u00e1quio"},"image":{"@id":"https:\/\/www.padreeustaquio.com.br\/#\/schema\/logo\/image\/"},"sameAs":["https:\/\/www.facebook.com\/beatopadreeustaquio\/","https:\/\/x.com\/beatopeustaquio","https:\/\/www.instagram.com\/beatopadreeustaquio\/","https:\/\/www.youtube.com\/channel\/UCRhw7vfabnajwLxb1ZXMeIw"]},{"@type":"Person","@id":"https:\/\/www.padreeustaquio.com.br\/#\/schema\/person\/a2a51db1d00f1a7af0204a0f1ddb1566","name":"@sscc","image":{"@type":"ImageObject","inLanguage":"en-US","@id":"https:\/\/secure.gravatar.com\/avatar\/68cfafa5f44617fea54071e215026e0ff06be366c3d54a8425f04fdcb86f8c5f?s=96&d=mm&r=g","url":"https:\/\/secure.gravatar.com\/avatar\/68cfafa5f44617fea54071e215026e0ff06be366c3d54a8425f04fdcb86f8c5f?s=96&d=mm&r=g","contentUrl":"https:\/\/secure.gravatar.com\/avatar\/68cfafa5f44617fea54071e215026e0ff06be366c3d54a8425f04fdcb86f8c5f?s=96&d=mm&r=g","caption":"@sscc"},"url":"https:\/\/www.padreeustaquio.com.br\/en\/author\/sscc\/"}]}},"_links":{"self":[{"href":"https:\/\/www.padreeustaquio.com.br\/en\/wp-json\/wp\/v2\/posts\/8132","targetHints":{"allow":["GET"]}}],"collection":[{"href":"https:\/\/www.padreeustaquio.com.br\/en\/wp-json\/wp\/v2\/posts"}],"about":[{"href":"https:\/\/www.padreeustaquio.com.br\/en\/wp-json\/wp\/v2\/types\/post"}],"author":[{"embeddable":true,"href":"https:\/\/www.padreeustaquio.com.br\/en\/wp-json\/wp\/v2\/users\/2"}],"replies":[{"embeddable":true,"href":"https:\/\/www.padreeustaquio.com.br\/en\/wp-json\/wp\/v2\/comments?post=8132"}],"version-history":[{"count":0,"href":"https:\/\/www.padreeustaquio.com.br\/en\/wp-json\/wp\/v2\/posts\/8132\/revisions"}],"wp:featuredmedia":[{"embeddable":true,"href":"https:\/\/www.padreeustaquio.com.br\/en\/wp-json\/wp\/v2\/media\/8133"}],"wp:attachment":[{"href":"https:\/\/www.padreeustaquio.com.br\/en\/wp-json\/wp\/v2\/media?parent=8132"}],"wp:term":[{"taxonomy":"category","embeddable":true,"href":"https:\/\/www.padreeustaquio.com.br\/en\/wp-json\/wp\/v2\/categories?post=8132"},{"taxonomy":"post_tag","embeddable":true,"href":"https:\/\/www.padreeustaquio.com.br\/en\/wp-json\/wp\/v2\/tags?post=8132"}],"curies":[{"name":"wp","href":"https:\/\/api.w.org\/{rel}","templated":true}]}}