{"id":8128,"date":"2022-02-16T05:58:00","date_gmt":"2022-02-16T08:58:00","guid":{"rendered":"https:\/\/www.padreeustaquio.com.br\/?p=8128"},"modified":"2022-02-14T21:10:46","modified_gmt":"2022-02-15T00:10:46","slug":"meeting-for-the-training-of-eucharistic-ministers-held-at-the-padre-eustaquio-theater","status":"publish","type":"post","link":"https:\/\/www.padreeustaquio.com.br\/en\/meeting-for-the-training-of-eucharistic-ministers-held-at-the-padre-eustaquio-theater\/","title":{"rendered":"Meeting for the training of Eucharistic Ministers is held at the Padre Eust\u00e1quio Theater."},"content":{"rendered":"<p>The Padre Eust\u00e1quio Theater, attached to the Health and Peace Sanctuary in Belo Horizonte, will host a training course for Extraordinary Ministers of Holy Communion over four Saturdays. The first day of training was last weekend, February 12th.<\/p>\n\n\n\n<p>Approximately 200 people participated in the first meeting. They are parishioners from the S\u00e3o Francisco das Chagas Deanery, Nossa Senhora da Esperan\u00e7a episcopal region, which belongs to the Archdiocese of Belo Horizonte.<\/p>\n\n\n\n<p>The idea behind the meeting is to offer new ministers biblical, theological, liturgical, and pastoral foundations for the Extraordinary Ministry of Holy Communion. The training session was led by pastoral advisor and representative of the Archdiocese of Belo Horizonte, Daniel Reis. The theologian guided the work based on documents from the Catholic Church made available by the Holy See, the CNBB (National Conference of Bishops of Brazil), and the Archdiocese of Belo Horizonte.<\/p>\n\n\n\n<p>The next meeting will be held on February 19th, also at the Padre Eust\u00e1quio Theater.<\/p>\n\n\n\n<p><\/p>","protected":false},"excerpt":{"rendered":"<p>O Teatro Padre Eust\u00e1quio, anexo ao Santu\u00e1rio Sa\u00fade e Paz, em Belo Horizonte, receber\u00e1 durante quatro s\u00e1bados o Encontro de Forma\u00e7\u00e3o para Ministros Extraordin\u00e1rios da Comunh\u00e3o Eucar\u00edstica. O primeiro dia de forma\u00e7\u00e3o foi no \u00faltimo fim de semana, dia 12 de fevereiro. Cerca de 200 pessoas participaram da primeira reuni\u00e3o. Eles s\u00e3o paroquianos da Forania S\u00e3o Francisco das Chagas, regi\u00e3o episcopal Nossa Senhora da Esperan\u00e7a, que pertence \u00e0 Arquidiocese de Belo Horizonte. A ideia do encontro \u00e9 oferecer aos novos ministros fundamentos b\u00edblicos, teol\u00f3gicos, lit\u00fargicos e pastorais do Minist\u00e9rio Extraordin\u00e1rio da Comunh\u00e3o Eucar\u00edstica. O momento de forma\u00e7\u00e3o foi ministrado pelo [&hellip;]<\/p>\n","protected":false},"author":2,"featured_media":8129,"comment_status":"open","ping_status":"closed","sticky":false,"template":"","format":"standard","meta":{"_acf_changed":false,"footnotes":""},"categories":[611],"tags":[],"class_list":["post-8128","post","type-post","status-publish","format-standard","has-post-thumbnail","hentry","category-noticias"],"acf":[],"yoast_head":"<!-- This site is optimized with the Yoast SEO plugin v27.2 - https:\/\/yoast.com\/product\/yoast-seo-wordpress\/ -->\n<title>Encontro para forma\u00e7\u00e3o de Ministros da Eucaristia \u00e9 realizado no Teatro Padre Eust\u00e1quio<\/title>\n<meta name=\"description\" content=\"O Teatro Padre Eust\u00e1quio, anexo ao Santu\u00e1rio Sa\u00fade e Paz, em Belo Horizonte, receber\u00e1 durante quatro s\u00e1bados o Encontro de Forma\u00e7\u00e3o para Ministros Extraordin\u00e1rios da Comunh\u00e3o Eucar\u00edstica. O primeiro dia de forma\u00e7\u00e3o foi no \u00faltimo fim de semana.\" \/>\n<meta name=\"robots\" content=\"index, follow, max-snippet:-1, max-image-preview:large, max-video-preview:-1\" \/>\n<link rel=\"canonical\" href=\"https:\/\/www.padreeustaquio.com.br\/en\/meeting-for-the-training-of-eucharistic-ministers-held-at-the-padre-eustaquio-theater\/\" \/>\n<meta property=\"og:locale\" content=\"en_US\" \/>\n<meta property=\"og:type\" content=\"article\" \/>\n<meta property=\"og:title\" content=\"Encontro para forma\u00e7\u00e3o de Ministros da Eucaristia \u00e9 realizado no Teatro Padre Eust\u00e1quio\" \/>\n<meta property=\"og:description\" content=\"O Teatro Padre Eust\u00e1quio, anexo ao Santu\u00e1rio Sa\u00fade e Paz, em Belo Horizonte, receber\u00e1 durante quatro s\u00e1bados o Encontro de Forma\u00e7\u00e3o para Ministros Extraordin\u00e1rios da Comunh\u00e3o Eucar\u00edstica. O primeiro dia de forma\u00e7\u00e3o foi no \u00faltimo fim de semana.\" \/>\n<meta property=\"og:url\" content=\"https:\/\/www.padreeustaquio.com.br\/en\/meeting-for-the-training-of-eucharistic-ministers-held-at-the-padre-eustaquio-theater\/\" \/>\n<meta property=\"og:site_name\" content=\"Padre Eust\u00e1quio\" \/>\n<meta property=\"article:publisher\" content=\"https:\/\/www.facebook.com\/beatopadreeustaquio\/\" \/>\n<meta property=\"article:published_time\" content=\"2022-02-16T08:58:00+00:00\" \/>\n<meta property=\"og:image\" content=\"https:\/\/www.padreeustaquio.com.br\/wp-content\/uploads\/2022\/02\/formacao-ministros.jpg\" \/>\n\t<meta property=\"og:image:width\" content=\"748\" \/>\n\t<meta property=\"og:image:height\" content=\"394\" \/>\n\t<meta property=\"og:image:type\" content=\"image\/jpeg\" \/>\n<meta name=\"author\" content=\"@sscc\" \/>\n<meta name=\"twitter:card\" content=\"summary_large_image\" \/>\n<meta name=\"twitter:creator\" content=\"@beatopeustaquio\" \/>\n<meta name=\"twitter:site\" content=\"@beatopeustaquio\" \/>\n<meta name=\"twitter:label1\" content=\"Written by\" \/>\n\t<meta name=\"twitter:data1\" content=\"@sscc\" \/>\n\t<meta name=\"twitter:label2\" content=\"Est. reading time\" \/>\n\t<meta name=\"twitter:data2\" content=\"1 minute\" \/>\n<script type=\"application\/ld+json\" class=\"yoast-schema-graph\">{\"@context\":\"https:\/\/schema.org\",\"@graph\":[{\"@type\":\"Article\",\"@id\":\"https:\/\/www.padreeustaquio.com.br\/encontro-para-formacao-de-ministros-da-eucaristia-e-realizado-no-teatro-padre-eustaquio\/#article\",\"isPartOf\":{\"@id\":\"https:\/\/www.padreeustaquio.com.br\/encontro-para-formacao-de-ministros-da-eucaristia-e-realizado-no-teatro-padre-eustaquio\/\"},\"author\":{\"name\":\"@sscc\",\"@id\":\"https:\/\/www.padreeustaquio.com.br\/#\/schema\/person\/a2a51db1d00f1a7af0204a0f1ddb1566\"},\"headline\":\"Encontro para forma\u00e7\u00e3o de Ministros da Eucaristia \u00e9 realizado no Teatro Padre Eust\u00e1quio\",\"datePublished\":\"2022-02-16T08:58:00+00:00\",\"mainEntityOfPage\":{\"@id\":\"https:\/\/www.padreeustaquio.com.br\/encontro-para-formacao-de-ministros-da-eucaristia-e-realizado-no-teatro-padre-eustaquio\/\"},\"wordCount\":184,\"commentCount\":0,\"publisher\":{\"@id\":\"https:\/\/www.padreeustaquio.com.br\/#organization\"},\"image\":{\"@id\":\"https:\/\/www.padreeustaquio.com.br\/encontro-para-formacao-de-ministros-da-eucaristia-e-realizado-no-teatro-padre-eustaquio\/#primaryimage\"},\"thumbnailUrl\":\"https:\/\/www.padreeustaquio.com.br\/wp-content\/uploads\/2022\/02\/formacao-ministros.jpg\",\"articleSection\":[\"Not\u00edcias\"],\"inLanguage\":\"en-US\",\"potentialAction\":[{\"@type\":\"CommentAction\",\"name\":\"Comment\",\"target\":[\"https:\/\/www.padreeustaquio.com.br\/encontro-para-formacao-de-ministros-da-eucaristia-e-realizado-no-teatro-padre-eustaquio\/#respond\"]}]},{\"@type\":\"WebPage\",\"@id\":\"https:\/\/www.padreeustaquio.com.br\/encontro-para-formacao-de-ministros-da-eucaristia-e-realizado-no-teatro-padre-eustaquio\/\",\"url\":\"https:\/\/www.padreeustaquio.com.br\/encontro-para-formacao-de-ministros-da-eucaristia-e-realizado-no-teatro-padre-eustaquio\/\",\"name\":\"Encontro para forma\u00e7\u00e3o de Ministros da Eucaristia \u00e9 realizado no Teatro Padre Eust\u00e1quio\",\"isPartOf\":{\"@id\":\"https:\/\/www.padreeustaquio.com.br\/#website\"},\"primaryImageOfPage\":{\"@id\":\"https:\/\/www.padreeustaquio.com.br\/encontro-para-formacao-de-ministros-da-eucaristia-e-realizado-no-teatro-padre-eustaquio\/#primaryimage\"},\"image\":{\"@id\":\"https:\/\/www.padreeustaquio.com.br\/encontro-para-formacao-de-ministros-da-eucaristia-e-realizado-no-teatro-padre-eustaquio\/#primaryimage\"},\"thumbnailUrl\":\"https:\/\/www.padreeustaquio.com.br\/wp-content\/uploads\/2022\/02\/formacao-ministros.jpg\",\"datePublished\":\"2022-02-16T08:58:00+00:00\",\"description\":\"O Teatro Padre Eust\u00e1quio, anexo ao Santu\u00e1rio Sa\u00fade e Paz, em Belo Horizonte, receber\u00e1 durante quatro s\u00e1bados o Encontro de Forma\u00e7\u00e3o para Ministros Extraordin\u00e1rios da Comunh\u00e3o Eucar\u00edstica. O primeiro dia de forma\u00e7\u00e3o foi no \u00faltimo fim de semana.\",\"breadcrumb\":{\"@id\":\"https:\/\/www.padreeustaquio.com.br\/encontro-para-formacao-de-ministros-da-eucaristia-e-realizado-no-teatro-padre-eustaquio\/#breadcrumb\"},\"inLanguage\":\"en-US\",\"potentialAction\":[{\"@type\":\"ReadAction\",\"target\":[\"https:\/\/www.padreeustaquio.com.br\/encontro-para-formacao-de-ministros-da-eucaristia-e-realizado-no-teatro-padre-eustaquio\/\"]}]},{\"@type\":\"ImageObject\",\"inLanguage\":\"en-US\",\"@id\":\"https:\/\/www.padreeustaquio.com.br\/encontro-para-formacao-de-ministros-da-eucaristia-e-realizado-no-teatro-padre-eustaquio\/#primaryimage\",\"url\":\"https:\/\/www.padreeustaquio.com.br\/wp-content\/uploads\/2022\/02\/formacao-ministros.jpg\",\"contentUrl\":\"https:\/\/www.padreeustaquio.com.br\/wp-content\/uploads\/2022\/02\/formacao-ministros.jpg\",\"width\":748,\"height\":394},{\"@type\":\"BreadcrumbList\",\"@id\":\"https:\/\/www.padreeustaquio.com.br\/encontro-para-formacao-de-ministros-da-eucaristia-e-realizado-no-teatro-padre-eustaquio\/#breadcrumb\",\"itemListElement\":[{\"@type\":\"ListItem\",\"position\":1,\"name\":\"In\u00edcio\",\"item\":\"https:\/\/www.padreeustaquio.com.br\/\"},{\"@type\":\"ListItem\",\"position\":2,\"name\":\"Encontro para forma\u00e7\u00e3o de Ministros da Eucaristia \u00e9 realizado no Teatro Padre Eust\u00e1quio\"}]},{\"@type\":\"WebSite\",\"@id\":\"https:\/\/www.padreeustaquio.com.br\/#website\",\"url\":\"https:\/\/www.padreeustaquio.com.br\/\",\"name\":\"Padre Eust\u00e1quio\",\"description\":\"Sa\u00fade e Paz\",\"publisher\":{\"@id\":\"https:\/\/www.padreeustaquio.com.br\/#organization\"},\"potentialAction\":[{\"@type\":\"SearchAction\",\"target\":{\"@type\":\"EntryPoint\",\"urlTemplate\":\"https:\/\/www.padreeustaquio.com.br\/?s={search_term_string}\"},\"query-input\":{\"@type\":\"PropertyValueSpecification\",\"valueRequired\":true,\"valueName\":\"search_term_string\"}}],\"inLanguage\":\"en-US\"},{\"@type\":\"Organization\",\"@id\":\"https:\/\/www.padreeustaquio.com.br\/#organization\",\"name\":\"Padre Eust\u00e1quio\",\"url\":\"https:\/\/www.padreeustaquio.com.br\/\",\"logo\":{\"@type\":\"ImageObject\",\"inLanguage\":\"en-US\",\"@id\":\"https:\/\/www.padreeustaquio.com.br\/#\/schema\/logo\/image\/\",\"url\":\"https:\/\/www.padreeustaquio.com.br\/wp-content\/uploads\/2019\/08\/marca.png\",\"contentUrl\":\"https:\/\/www.padreeustaquio.com.br\/wp-content\/uploads\/2019\/08\/marca.png\",\"width\":350,\"height\":400,\"caption\":\"Padre Eust\u00e1quio\"},\"image\":{\"@id\":\"https:\/\/www.padreeustaquio.com.br\/#\/schema\/logo\/image\/\"},\"sameAs\":[\"https:\/\/www.facebook.com\/beatopadreeustaquio\/\",\"https:\/\/x.com\/beatopeustaquio\",\"https:\/\/www.instagram.com\/beatopadreeustaquio\/\",\"https:\/\/www.youtube.com\/channel\/UCRhw7vfabnajwLxb1ZXMeIw\"]},{\"@type\":\"Person\",\"@id\":\"https:\/\/www.padreeustaquio.com.br\/#\/schema\/person\/a2a51db1d00f1a7af0204a0f1ddb1566\",\"name\":\"@sscc\",\"image\":{\"@type\":\"ImageObject\",\"inLanguage\":\"en-US\",\"@id\":\"https:\/\/secure.gravatar.com\/avatar\/68cfafa5f44617fea54071e215026e0ff06be366c3d54a8425f04fdcb86f8c5f?s=96&d=mm&r=g\",\"url\":\"https:\/\/secure.gravatar.com\/avatar\/68cfafa5f44617fea54071e215026e0ff06be366c3d54a8425f04fdcb86f8c5f?s=96&d=mm&r=g\",\"contentUrl\":\"https:\/\/secure.gravatar.com\/avatar\/68cfafa5f44617fea54071e215026e0ff06be366c3d54a8425f04fdcb86f8c5f?s=96&d=mm&r=g\",\"caption\":\"@sscc\"},\"url\":\"https:\/\/www.padreeustaquio.com.br\/en\/author\/sscc\/\"}]}<\/script>\n<!-- \/ Yoast SEO plugin. -->","yoast_head_json":{"title":"Meeting for the training of Eucharistic Ministers is held at the Padre Eust\u00e1quio Theater.","description":"The Padre Eust\u00e1quio Theater, attached to the Health and Peace Sanctuary in Belo Horizonte, will host a training course for Extraordinary Ministers of Holy Communion over four Saturdays. The first day of training was last weekend.","robots":{"index":"index","follow":"follow","max-snippet":"max-snippet:-1","max-image-preview":"max-image-preview:large","max-video-preview":"max-video-preview:-1"},"canonical":"https:\/\/www.padreeustaquio.com.br\/en\/meeting-for-the-training-of-eucharistic-ministers-held-at-the-padre-eustaquio-theater\/","og_locale":"en_US","og_type":"article","og_title":"Encontro para forma\u00e7\u00e3o de Ministros da Eucaristia \u00e9 realizado no Teatro Padre Eust\u00e1quio","og_description":"O Teatro Padre Eust\u00e1quio, anexo ao Santu\u00e1rio Sa\u00fade e Paz, em Belo Horizonte, receber\u00e1 durante quatro s\u00e1bados o Encontro de Forma\u00e7\u00e3o para Ministros Extraordin\u00e1rios da Comunh\u00e3o Eucar\u00edstica. O primeiro dia de forma\u00e7\u00e3o foi no \u00faltimo fim de semana.","og_url":"https:\/\/www.padreeustaquio.com.br\/en\/meeting-for-the-training-of-eucharistic-ministers-held-at-the-padre-eustaquio-theater\/","og_site_name":"Padre Eust\u00e1quio","article_publisher":"https:\/\/www.facebook.com\/beatopadreeustaquio\/","article_published_time":"2022-02-16T08:58:00+00:00","og_image":[{"width":748,"height":394,"url":"https:\/\/www.padreeustaquio.com.br\/wp-content\/uploads\/2022\/02\/formacao-ministros.jpg","type":"image\/jpeg"}],"author":"@sscc","twitter_card":"summary_large_image","twitter_creator":"@beatopeustaquio","twitter_site":"@beatopeustaquio","twitter_misc":{"Written by":"@sscc","Est. reading time":"1 minute"},"schema":{"@context":"https:\/\/schema.org","@graph":[{"@type":"Article","@id":"https:\/\/www.padreeustaquio.com.br\/encontro-para-formacao-de-ministros-da-eucaristia-e-realizado-no-teatro-padre-eustaquio\/#article","isPartOf":{"@id":"https:\/\/www.padreeustaquio.com.br\/encontro-para-formacao-de-ministros-da-eucaristia-e-realizado-no-teatro-padre-eustaquio\/"},"author":{"name":"@sscc","@id":"https:\/\/www.padreeustaquio.com.br\/#\/schema\/person\/a2a51db1d00f1a7af0204a0f1ddb1566"},"headline":"Encontro para forma\u00e7\u00e3o de Ministros da Eucaristia \u00e9 realizado no Teatro Padre Eust\u00e1quio","datePublished":"2022-02-16T08:58:00+00:00","mainEntityOfPage":{"@id":"https:\/\/www.padreeustaquio.com.br\/encontro-para-formacao-de-ministros-da-eucaristia-e-realizado-no-teatro-padre-eustaquio\/"},"wordCount":184,"commentCount":0,"publisher":{"@id":"https:\/\/www.padreeustaquio.com.br\/#organization"},"image":{"@id":"https:\/\/www.padreeustaquio.com.br\/encontro-para-formacao-de-ministros-da-eucaristia-e-realizado-no-teatro-padre-eustaquio\/#primaryimage"},"thumbnailUrl":"https:\/\/www.padreeustaquio.com.br\/wp-content\/uploads\/2022\/02\/formacao-ministros.jpg","articleSection":["Not\u00edcias"],"inLanguage":"en-US","potentialAction":[{"@type":"CommentAction","name":"Comment","target":["https:\/\/www.padreeustaquio.com.br\/encontro-para-formacao-de-ministros-da-eucaristia-e-realizado-no-teatro-padre-eustaquio\/#respond"]}]},{"@type":"WebPage","@id":"https:\/\/www.padreeustaquio.com.br\/encontro-para-formacao-de-ministros-da-eucaristia-e-realizado-no-teatro-padre-eustaquio\/","url":"https:\/\/www.padreeustaquio.com.br\/encontro-para-formacao-de-ministros-da-eucaristia-e-realizado-no-teatro-padre-eustaquio\/","name":"Meeting for the training of Eucharistic Ministers is held at the Padre Eust\u00e1quio Theater.","isPartOf":{"@id":"https:\/\/www.padreeustaquio.com.br\/#website"},"primaryImageOfPage":{"@id":"https:\/\/www.padreeustaquio.com.br\/encontro-para-formacao-de-ministros-da-eucaristia-e-realizado-no-teatro-padre-eustaquio\/#primaryimage"},"image":{"@id":"https:\/\/www.padreeustaquio.com.br\/encontro-para-formacao-de-ministros-da-eucaristia-e-realizado-no-teatro-padre-eustaquio\/#primaryimage"},"thumbnailUrl":"https:\/\/www.padreeustaquio.com.br\/wp-content\/uploads\/2022\/02\/formacao-ministros.jpg","datePublished":"2022-02-16T08:58:00+00:00","description":"The Padre Eust\u00e1quio Theater, attached to the Health and Peace Sanctuary in Belo Horizonte, will host a training course for Extraordinary Ministers of Holy Communion over four Saturdays. The first day of training was last weekend.","breadcrumb":{"@id":"https:\/\/www.padreeustaquio.com.br\/encontro-para-formacao-de-ministros-da-eucaristia-e-realizado-no-teatro-padre-eustaquio\/#breadcrumb"},"inLanguage":"en-US","potentialAction":[{"@type":"ReadAction","target":["https:\/\/www.padreeustaquio.com.br\/encontro-para-formacao-de-ministros-da-eucaristia-e-realizado-no-teatro-padre-eustaquio\/"]}]},{"@type":"ImageObject","inLanguage":"en-US","@id":"https:\/\/www.padreeustaquio.com.br\/encontro-para-formacao-de-ministros-da-eucaristia-e-realizado-no-teatro-padre-eustaquio\/#primaryimage","url":"https:\/\/www.padreeustaquio.com.br\/wp-content\/uploads\/2022\/02\/formacao-ministros.jpg","contentUrl":"https:\/\/www.padreeustaquio.com.br\/wp-content\/uploads\/2022\/02\/formacao-ministros.jpg","width":748,"height":394},{"@type":"BreadcrumbList","@id":"https:\/\/www.padreeustaquio.com.br\/encontro-para-formacao-de-ministros-da-eucaristia-e-realizado-no-teatro-padre-eustaquio\/#breadcrumb","itemListElement":[{"@type":"ListItem","position":1,"name":"In\u00edcio","item":"https:\/\/www.padreeustaquio.com.br\/"},{"@type":"ListItem","position":2,"name":"Encontro para forma\u00e7\u00e3o de Ministros da Eucaristia \u00e9 realizado no Teatro Padre Eust\u00e1quio"}]},{"@type":"WebSite","@id":"https:\/\/www.padreeustaquio.com.br\/#website","url":"https:\/\/www.padreeustaquio.com.br\/","name":"FATHER EUST\u00c1QUIO","description":"Health and Peace","publisher":{"@id":"https:\/\/www.padreeustaquio.com.br\/#organization"},"potentialAction":[{"@type":"SearchAction","target":{"@type":"EntryPoint","urlTemplate":"https:\/\/www.padreeustaquio.com.br\/?s={search_term_string}"},"query-input":{"@type":"PropertyValueSpecification","valueRequired":true,"valueName":"search_term_string"}}],"inLanguage":"en-US"},{"@type":"Organization","@id":"https:\/\/www.padreeustaquio.com.br\/#organization","name":"FATHER EUST\u00c1QUIO","url":"https:\/\/www.padreeustaquio.com.br\/","logo":{"@type":"ImageObject","inLanguage":"en-US","@id":"https:\/\/www.padreeustaquio.com.br\/#\/schema\/logo\/image\/","url":"https:\/\/www.padreeustaquio.com.br\/wp-content\/uploads\/2019\/08\/marca.png","contentUrl":"https:\/\/www.padreeustaquio.com.br\/wp-content\/uploads\/2019\/08\/marca.png","width":350,"height":400,"caption":"Padre Eust\u00e1quio"},"image":{"@id":"https:\/\/www.padreeustaquio.com.br\/#\/schema\/logo\/image\/"},"sameAs":["https:\/\/www.facebook.com\/beatopadreeustaquio\/","https:\/\/x.com\/beatopeustaquio","https:\/\/www.instagram.com\/beatopadreeustaquio\/","https:\/\/www.youtube.com\/channel\/UCRhw7vfabnajwLxb1ZXMeIw"]},{"@type":"Person","@id":"https:\/\/www.padreeustaquio.com.br\/#\/schema\/person\/a2a51db1d00f1a7af0204a0f1ddb1566","name":"@sscc","image":{"@type":"ImageObject","inLanguage":"en-US","@id":"https:\/\/secure.gravatar.com\/avatar\/68cfafa5f44617fea54071e215026e0ff06be366c3d54a8425f04fdcb86f8c5f?s=96&d=mm&r=g","url":"https:\/\/secure.gravatar.com\/avatar\/68cfafa5f44617fea54071e215026e0ff06be366c3d54a8425f04fdcb86f8c5f?s=96&d=mm&r=g","contentUrl":"https:\/\/secure.gravatar.com\/avatar\/68cfafa5f44617fea54071e215026e0ff06be366c3d54a8425f04fdcb86f8c5f?s=96&d=mm&r=g","caption":"@sscc"},"url":"https:\/\/www.padreeustaquio.com.br\/en\/author\/sscc\/"}]}},"_links":{"self":[{"href":"https:\/\/www.padreeustaquio.com.br\/en\/wp-json\/wp\/v2\/posts\/8128","targetHints":{"allow":["GET"]}}],"collection":[{"href":"https:\/\/www.padreeustaquio.com.br\/en\/wp-json\/wp\/v2\/posts"}],"about":[{"href":"https:\/\/www.padreeustaquio.com.br\/en\/wp-json\/wp\/v2\/types\/post"}],"author":[{"embeddable":true,"href":"https:\/\/www.padreeustaquio.com.br\/en\/wp-json\/wp\/v2\/users\/2"}],"replies":[{"embeddable":true,"href":"https:\/\/www.padreeustaquio.com.br\/en\/wp-json\/wp\/v2\/comments?post=8128"}],"version-history":[{"count":0,"href":"https:\/\/www.padreeustaquio.com.br\/en\/wp-json\/wp\/v2\/posts\/8128\/revisions"}],"wp:featuredmedia":[{"embeddable":true,"href":"https:\/\/www.padreeustaquio.com.br\/en\/wp-json\/wp\/v2\/media\/8129"}],"wp:attachment":[{"href":"https:\/\/www.padreeustaquio.com.br\/en\/wp-json\/wp\/v2\/media?parent=8128"}],"wp:term":[{"taxonomy":"category","embeddable":true,"href":"https:\/\/www.padreeustaquio.com.br\/en\/wp-json\/wp\/v2\/categories?post=8128"},{"taxonomy":"post_tag","embeddable":true,"href":"https:\/\/www.padreeustaquio.com.br\/en\/wp-json\/wp\/v2\/tags?post=8128"}],"curies":[{"name":"wp","href":"https:\/\/api.w.org\/{rel}","templated":true}]}}