{"id":8123,"date":"2022-02-15T06:20:00","date_gmt":"2022-02-15T09:20:00","guid":{"rendered":"https:\/\/www.padreeustaquio.com.br\/?p=8123"},"modified":"2022-02-14T20:52:09","modified_gmt":"2022-02-14T23:52:09","slug":"the-mens-rosary-is-happening-again-at-father-eustaquios-church-in-belo-horizonte","status":"publish","type":"post","link":"https:\/\/www.padreeustaquio.com.br\/en\/the-mens-rosary-is-happening-again-at-father-eustaquios-church-in-belo-horizonte\/","title":{"rendered":"\u201c&quot;Men&#039;s Rosary&quot; returns to the Church of Father Eust\u00e1quio, in Belo Horizonte."},"content":{"rendered":"<p>After a long time without meeting, the &quot;Men&#039;s Rosary&quot; movement is meeting again today (February 15th) at the Sanctuary of Health and Peace. The group had suspended its activities in March 2020 due to the Covid-19 pandemic.<\/p>\n\n\n\n<p>On Tuesday evening, immediately following Holy Mass, the men who pray the Marian rosary together at the Sanctuary of Health and Peace will meet after almost two years without gathering. All men are invited to participate. The Eucharistic Celebration takes place at 7 pm; afterwards, the group gathers in the left nave of the church. With songs and meditation on the life of Jesus, the participants pray, make their requests, and give thanks to God for the valuable intercession of Mary.<\/p>\n\n\n\n<p>Starting today, every Tuesday at around 8 PM, the &quot;Men&#039;s Rosary&quot; will be held at the Padre Eust\u00e1quio Church in Belo Horizonte, Minas Gerais.<\/p>\n\n\n\n<p><strong>The emergence of the Men&#039;s Rosary.<\/strong><\/p>\n\n\n\n<p>Under the guidance of Father Am\u00e9rico Vasconcelos, a Salesian priest, and Mrs. Oneida Ara\u00fajo da Silva, the first seed of the Men&#039;s Rosary at the parish level germinated in 1997 in the municipality of Jaboat\u00e3o dos Guararapes\/PE. This beginning took place in the chapel of Our Lady of Deliverance, which was transformed into the Schoenstatt Parish Shrine. The group started with 15 men.<\/p>\n\n\n\n<p>Father Jos\u00e9 Pontes, of the Secular Institute of the Schoenstatt Fathers, having learned of this initiative, decided to try it out at the Shrine of the New Evangelization, in the Diocese of Olinda-Recife\/PE and<strong>\u00a0<\/strong>The Rosary began its significant development, integrating itself into the fruitfulness of the Shrine and the strength of the charism of its Movement. Several years passed before it took root and became properly organized. In May 1998, the Rosary began to be prayed weekly. It is with this rhythm that it will explode towards new horizons. The definition of the name, Men&#039;s Rosary of the Mother Queen, came in March 2007.<\/p>\n\n\n\n<p><\/p>","protected":false},"excerpt":{"rendered":"<p>Depois de um longo tempo sem se reunir, o movimento &#8220;Ter\u00e7o dos Homens&#8221; volta, hoje (15 de fevereiro) a se encontrar no Santu\u00e1rio da Sa\u00fade e da Paz. O grupo havia paralisado as atividades em mar\u00e7o de 2020 por causa da pandemia da Covid-19. Na noite desta ter\u00e7a-feira, logo ap\u00f3s a celebra\u00e7\u00e3o da Santa Missa, os homens que rezam juntos o ter\u00e7o mariano no Santu\u00e1rio da Sa\u00fade e da Paz, v\u00e3o se encontrar depois de quase dois anos sem se reunir. Todos os homens est\u00e3o convidados a participar. A Celebra\u00e7\u00e3o Eucar\u00edstica \u00e9 realizada \u00e0s 19h; em seguida o grupo se [&hellip;]<\/p>\n","protected":false},"author":2,"featured_media":8125,"comment_status":"open","ping_status":"closed","sticky":false,"template":"","format":"standard","meta":{"_acf_changed":false,"footnotes":""},"categories":[611],"tags":[],"class_list":["post-8123","post","type-post","status-publish","format-standard","has-post-thumbnail","hentry","category-noticias"],"acf":[],"yoast_head":"<!-- This site is optimized with the Yoast SEO plugin v27.2 - https:\/\/yoast.com\/product\/yoast-seo-wordpress\/ -->\n<title>&quot;Ter\u00e7o dos Homens&quot; volta a acontecer na Igreja do Padre Eust\u00e1quio, em BH<\/title>\n<meta name=\"description\" content=\"Depois de um longo tempo sem se reunir, o movimento &quot;Ter\u00e7o dos Homens&quot; volta, hoje (15 de fevereiro) a se encontrar no Santu\u00e1rio da Sa\u00fade e da Paz. O grupo havia paralisado as atividades em mar\u00e7o de 2020 por causa da pandemia da Covid-19.\" \/>\n<meta name=\"robots\" content=\"index, follow, max-snippet:-1, max-image-preview:large, max-video-preview:-1\" \/>\n<link rel=\"canonical\" href=\"https:\/\/www.padreeustaquio.com.br\/en\/the-mens-rosary-is-happening-again-at-father-eustaquios-church-in-belo-horizonte\/\" \/>\n<meta property=\"og:locale\" content=\"en_US\" \/>\n<meta property=\"og:type\" content=\"article\" \/>\n<meta property=\"og:title\" content=\"&quot;Ter\u00e7o dos Homens&quot; volta a acontecer na Igreja do Padre Eust\u00e1quio, em BH\" \/>\n<meta property=\"og:description\" content=\"Depois de um longo tempo sem se reunir, o movimento &quot;Ter\u00e7o dos Homens&quot; volta, hoje (15 de fevereiro) a se encontrar no Santu\u00e1rio da Sa\u00fade e da Paz. O grupo havia paralisado as atividades em mar\u00e7o de 2020 por causa da pandemia da Covid-19.\" \/>\n<meta property=\"og:url\" content=\"https:\/\/www.padreeustaquio.com.br\/en\/the-mens-rosary-is-happening-again-at-father-eustaquios-church-in-belo-horizonte\/\" \/>\n<meta property=\"og:site_name\" content=\"Padre Eust\u00e1quio\" \/>\n<meta property=\"article:publisher\" content=\"https:\/\/www.facebook.com\/beatopadreeustaquio\/\" \/>\n<meta property=\"article:published_time\" content=\"2022-02-15T09:20:00+00:00\" \/>\n<meta property=\"og:image\" content=\"https:\/\/www.padreeustaquio.com.br\/wp-content\/uploads\/2022\/02\/Design-sem-nome-scaled.jpg\" \/>\n\t<meta property=\"og:image:width\" content=\"2560\" \/>\n\t<meta property=\"og:image:height\" content=\"1280\" \/>\n\t<meta property=\"og:image:type\" content=\"image\/jpeg\" \/>\n<meta name=\"author\" content=\"@sscc\" \/>\n<meta name=\"twitter:card\" content=\"summary_large_image\" \/>\n<meta name=\"twitter:creator\" content=\"@beatopeustaquio\" \/>\n<meta name=\"twitter:site\" content=\"@beatopeustaquio\" \/>\n<meta name=\"twitter:label1\" content=\"Written by\" \/>\n\t<meta name=\"twitter:data1\" content=\"@sscc\" \/>\n\t<meta name=\"twitter:label2\" content=\"Est. reading time\" \/>\n\t<meta name=\"twitter:data2\" content=\"2 minutes\" \/>\n<script type=\"application\/ld+json\" class=\"yoast-schema-graph\">{\"@context\":\"https:\/\/schema.org\",\"@graph\":[{\"@type\":\"Article\",\"@id\":\"https:\/\/www.padreeustaquio.com.br\/terco-dos-homens-volta-a-acontecer-na-igreja-do-padre-eustaquio-em-bh\/#article\",\"isPartOf\":{\"@id\":\"https:\/\/www.padreeustaquio.com.br\/terco-dos-homens-volta-a-acontecer-na-igreja-do-padre-eustaquio-em-bh\/\"},\"author\":{\"name\":\"@sscc\",\"@id\":\"https:\/\/www.padreeustaquio.com.br\/#\/schema\/person\/a2a51db1d00f1a7af0204a0f1ddb1566\"},\"headline\":\"&#8220;Ter\u00e7o dos Homens&#8221; volta a acontecer na Igreja do Padre Eust\u00e1quio, em BH\",\"datePublished\":\"2022-02-15T09:20:00+00:00\",\"mainEntityOfPage\":{\"@id\":\"https:\/\/www.padreeustaquio.com.br\/terco-dos-homens-volta-a-acontecer-na-igreja-do-padre-eustaquio-em-bh\/\"},\"wordCount\":367,\"commentCount\":0,\"publisher\":{\"@id\":\"https:\/\/www.padreeustaquio.com.br\/#organization\"},\"image\":{\"@id\":\"https:\/\/www.padreeustaquio.com.br\/terco-dos-homens-volta-a-acontecer-na-igreja-do-padre-eustaquio-em-bh\/#primaryimage\"},\"thumbnailUrl\":\"https:\/\/www.padreeustaquio.com.br\/wp-content\/uploads\/2022\/02\/Design-sem-nome-scaled.jpg\",\"articleSection\":[\"Not\u00edcias\"],\"inLanguage\":\"en-US\",\"potentialAction\":[{\"@type\":\"CommentAction\",\"name\":\"Comment\",\"target\":[\"https:\/\/www.padreeustaquio.com.br\/terco-dos-homens-volta-a-acontecer-na-igreja-do-padre-eustaquio-em-bh\/#respond\"]}]},{\"@type\":\"WebPage\",\"@id\":\"https:\/\/www.padreeustaquio.com.br\/terco-dos-homens-volta-a-acontecer-na-igreja-do-padre-eustaquio-em-bh\/\",\"url\":\"https:\/\/www.padreeustaquio.com.br\/terco-dos-homens-volta-a-acontecer-na-igreja-do-padre-eustaquio-em-bh\/\",\"name\":\"\\\"Ter\u00e7o dos Homens\\\" volta a acontecer na Igreja do Padre Eust\u00e1quio, em BH\",\"isPartOf\":{\"@id\":\"https:\/\/www.padreeustaquio.com.br\/#website\"},\"primaryImageOfPage\":{\"@id\":\"https:\/\/www.padreeustaquio.com.br\/terco-dos-homens-volta-a-acontecer-na-igreja-do-padre-eustaquio-em-bh\/#primaryimage\"},\"image\":{\"@id\":\"https:\/\/www.padreeustaquio.com.br\/terco-dos-homens-volta-a-acontecer-na-igreja-do-padre-eustaquio-em-bh\/#primaryimage\"},\"thumbnailUrl\":\"https:\/\/www.padreeustaquio.com.br\/wp-content\/uploads\/2022\/02\/Design-sem-nome-scaled.jpg\",\"datePublished\":\"2022-02-15T09:20:00+00:00\",\"description\":\"Depois de um longo tempo sem se reunir, o movimento \\\"Ter\u00e7o dos Homens\\\" volta, hoje (15 de fevereiro) a se encontrar no Santu\u00e1rio da Sa\u00fade e da Paz. O grupo havia paralisado as atividades em mar\u00e7o de 2020 por causa da pandemia da Covid-19.\",\"breadcrumb\":{\"@id\":\"https:\/\/www.padreeustaquio.com.br\/terco-dos-homens-volta-a-acontecer-na-igreja-do-padre-eustaquio-em-bh\/#breadcrumb\"},\"inLanguage\":\"en-US\",\"potentialAction\":[{\"@type\":\"ReadAction\",\"target\":[\"https:\/\/www.padreeustaquio.com.br\/terco-dos-homens-volta-a-acontecer-na-igreja-do-padre-eustaquio-em-bh\/\"]}]},{\"@type\":\"ImageObject\",\"inLanguage\":\"en-US\",\"@id\":\"https:\/\/www.padreeustaquio.com.br\/terco-dos-homens-volta-a-acontecer-na-igreja-do-padre-eustaquio-em-bh\/#primaryimage\",\"url\":\"https:\/\/www.padreeustaquio.com.br\/wp-content\/uploads\/2022\/02\/Design-sem-nome-scaled.jpg\",\"contentUrl\":\"https:\/\/www.padreeustaquio.com.br\/wp-content\/uploads\/2022\/02\/Design-sem-nome-scaled.jpg\",\"width\":2560,\"height\":1280},{\"@type\":\"BreadcrumbList\",\"@id\":\"https:\/\/www.padreeustaquio.com.br\/terco-dos-homens-volta-a-acontecer-na-igreja-do-padre-eustaquio-em-bh\/#breadcrumb\",\"itemListElement\":[{\"@type\":\"ListItem\",\"position\":1,\"name\":\"In\u00edcio\",\"item\":\"https:\/\/www.padreeustaquio.com.br\/\"},{\"@type\":\"ListItem\",\"position\":2,\"name\":\"&#8220;Ter\u00e7o dos Homens&#8221; volta a acontecer na Igreja do Padre Eust\u00e1quio, em BH\"}]},{\"@type\":\"WebSite\",\"@id\":\"https:\/\/www.padreeustaquio.com.br\/#website\",\"url\":\"https:\/\/www.padreeustaquio.com.br\/\",\"name\":\"Padre Eust\u00e1quio\",\"description\":\"Sa\u00fade e Paz\",\"publisher\":{\"@id\":\"https:\/\/www.padreeustaquio.com.br\/#organization\"},\"potentialAction\":[{\"@type\":\"SearchAction\",\"target\":{\"@type\":\"EntryPoint\",\"urlTemplate\":\"https:\/\/www.padreeustaquio.com.br\/?s={search_term_string}\"},\"query-input\":{\"@type\":\"PropertyValueSpecification\",\"valueRequired\":true,\"valueName\":\"search_term_string\"}}],\"inLanguage\":\"en-US\"},{\"@type\":\"Organization\",\"@id\":\"https:\/\/www.padreeustaquio.com.br\/#organization\",\"name\":\"Padre Eust\u00e1quio\",\"url\":\"https:\/\/www.padreeustaquio.com.br\/\",\"logo\":{\"@type\":\"ImageObject\",\"inLanguage\":\"en-US\",\"@id\":\"https:\/\/www.padreeustaquio.com.br\/#\/schema\/logo\/image\/\",\"url\":\"https:\/\/www.padreeustaquio.com.br\/wp-content\/uploads\/2019\/08\/marca.png\",\"contentUrl\":\"https:\/\/www.padreeustaquio.com.br\/wp-content\/uploads\/2019\/08\/marca.png\",\"width\":350,\"height\":400,\"caption\":\"Padre Eust\u00e1quio\"},\"image\":{\"@id\":\"https:\/\/www.padreeustaquio.com.br\/#\/schema\/logo\/image\/\"},\"sameAs\":[\"https:\/\/www.facebook.com\/beatopadreeustaquio\/\",\"https:\/\/x.com\/beatopeustaquio\",\"https:\/\/www.instagram.com\/beatopadreeustaquio\/\",\"https:\/\/www.youtube.com\/channel\/UCRhw7vfabnajwLxb1ZXMeIw\"]},{\"@type\":\"Person\",\"@id\":\"https:\/\/www.padreeustaquio.com.br\/#\/schema\/person\/a2a51db1d00f1a7af0204a0f1ddb1566\",\"name\":\"@sscc\",\"image\":{\"@type\":\"ImageObject\",\"inLanguage\":\"en-US\",\"@id\":\"https:\/\/secure.gravatar.com\/avatar\/68cfafa5f44617fea54071e215026e0ff06be366c3d54a8425f04fdcb86f8c5f?s=96&d=mm&r=g\",\"url\":\"https:\/\/secure.gravatar.com\/avatar\/68cfafa5f44617fea54071e215026e0ff06be366c3d54a8425f04fdcb86f8c5f?s=96&d=mm&r=g\",\"contentUrl\":\"https:\/\/secure.gravatar.com\/avatar\/68cfafa5f44617fea54071e215026e0ff06be366c3d54a8425f04fdcb86f8c5f?s=96&d=mm&r=g\",\"caption\":\"@sscc\"},\"url\":\"https:\/\/www.padreeustaquio.com.br\/en\/author\/sscc\/\"}]}<\/script>\n<!-- \/ Yoast SEO plugin. -->","yoast_head_json":{"title":"\"&quot;Men&#039;s Rosary&quot; returns to the Church of Father Eust\u00e1quio, in BH.","description":"After a long time without meeting, the &quot;Men&#039;s Rosary&quot; movement is meeting again today (February 15th) at the Sanctuary of Health and Peace. The group had suspended its activities in March 2020 due to the Covid-19 pandemic.","robots":{"index":"index","follow":"follow","max-snippet":"max-snippet:-1","max-image-preview":"max-image-preview:large","max-video-preview":"max-video-preview:-1"},"canonical":"https:\/\/www.padreeustaquio.com.br\/en\/the-mens-rosary-is-happening-again-at-father-eustaquios-church-in-belo-horizonte\/","og_locale":"en_US","og_type":"article","og_title":"\"Ter\u00e7o dos Homens\" volta a acontecer na Igreja do Padre Eust\u00e1quio, em BH","og_description":"Depois de um longo tempo sem se reunir, o movimento \"Ter\u00e7o dos Homens\" volta, hoje (15 de fevereiro) a se encontrar no Santu\u00e1rio da Sa\u00fade e da Paz. O grupo havia paralisado as atividades em mar\u00e7o de 2020 por causa da pandemia da Covid-19.","og_url":"https:\/\/www.padreeustaquio.com.br\/en\/the-mens-rosary-is-happening-again-at-father-eustaquios-church-in-belo-horizonte\/","og_site_name":"Padre Eust\u00e1quio","article_publisher":"https:\/\/www.facebook.com\/beatopadreeustaquio\/","article_published_time":"2022-02-15T09:20:00+00:00","og_image":[{"width":2560,"height":1280,"url":"https:\/\/www.padreeustaquio.com.br\/wp-content\/uploads\/2022\/02\/Design-sem-nome-scaled.jpg","type":"image\/jpeg"}],"author":"@sscc","twitter_card":"summary_large_image","twitter_creator":"@beatopeustaquio","twitter_site":"@beatopeustaquio","twitter_misc":{"Written by":"@sscc","Est. reading time":"2 minutes"},"schema":{"@context":"https:\/\/schema.org","@graph":[{"@type":"Article","@id":"https:\/\/www.padreeustaquio.com.br\/terco-dos-homens-volta-a-acontecer-na-igreja-do-padre-eustaquio-em-bh\/#article","isPartOf":{"@id":"https:\/\/www.padreeustaquio.com.br\/terco-dos-homens-volta-a-acontecer-na-igreja-do-padre-eustaquio-em-bh\/"},"author":{"name":"@sscc","@id":"https:\/\/www.padreeustaquio.com.br\/#\/schema\/person\/a2a51db1d00f1a7af0204a0f1ddb1566"},"headline":"&#8220;Ter\u00e7o dos Homens&#8221; volta a acontecer na Igreja do Padre Eust\u00e1quio, em BH","datePublished":"2022-02-15T09:20:00+00:00","mainEntityOfPage":{"@id":"https:\/\/www.padreeustaquio.com.br\/terco-dos-homens-volta-a-acontecer-na-igreja-do-padre-eustaquio-em-bh\/"},"wordCount":367,"commentCount":0,"publisher":{"@id":"https:\/\/www.padreeustaquio.com.br\/#organization"},"image":{"@id":"https:\/\/www.padreeustaquio.com.br\/terco-dos-homens-volta-a-acontecer-na-igreja-do-padre-eustaquio-em-bh\/#primaryimage"},"thumbnailUrl":"https:\/\/www.padreeustaquio.com.br\/wp-content\/uploads\/2022\/02\/Design-sem-nome-scaled.jpg","articleSection":["Not\u00edcias"],"inLanguage":"en-US","potentialAction":[{"@type":"CommentAction","name":"Comment","target":["https:\/\/www.padreeustaquio.com.br\/terco-dos-homens-volta-a-acontecer-na-igreja-do-padre-eustaquio-em-bh\/#respond"]}]},{"@type":"WebPage","@id":"https:\/\/www.padreeustaquio.com.br\/terco-dos-homens-volta-a-acontecer-na-igreja-do-padre-eustaquio-em-bh\/","url":"https:\/\/www.padreeustaquio.com.br\/terco-dos-homens-volta-a-acontecer-na-igreja-do-padre-eustaquio-em-bh\/","name":"\"&quot;Men&#039;s Rosary&quot; returns to the Church of Father Eust\u00e1quio, in BH.","isPartOf":{"@id":"https:\/\/www.padreeustaquio.com.br\/#website"},"primaryImageOfPage":{"@id":"https:\/\/www.padreeustaquio.com.br\/terco-dos-homens-volta-a-acontecer-na-igreja-do-padre-eustaquio-em-bh\/#primaryimage"},"image":{"@id":"https:\/\/www.padreeustaquio.com.br\/terco-dos-homens-volta-a-acontecer-na-igreja-do-padre-eustaquio-em-bh\/#primaryimage"},"thumbnailUrl":"https:\/\/www.padreeustaquio.com.br\/wp-content\/uploads\/2022\/02\/Design-sem-nome-scaled.jpg","datePublished":"2022-02-15T09:20:00+00:00","description":"After a long time without meeting, the &quot;Men&#039;s Rosary&quot; movement is meeting again today (February 15th) at the Sanctuary of Health and Peace. The group had suspended its activities in March 2020 due to the Covid-19 pandemic.","breadcrumb":{"@id":"https:\/\/www.padreeustaquio.com.br\/terco-dos-homens-volta-a-acontecer-na-igreja-do-padre-eustaquio-em-bh\/#breadcrumb"},"inLanguage":"en-US","potentialAction":[{"@type":"ReadAction","target":["https:\/\/www.padreeustaquio.com.br\/terco-dos-homens-volta-a-acontecer-na-igreja-do-padre-eustaquio-em-bh\/"]}]},{"@type":"ImageObject","inLanguage":"en-US","@id":"https:\/\/www.padreeustaquio.com.br\/terco-dos-homens-volta-a-acontecer-na-igreja-do-padre-eustaquio-em-bh\/#primaryimage","url":"https:\/\/www.padreeustaquio.com.br\/wp-content\/uploads\/2022\/02\/Design-sem-nome-scaled.jpg","contentUrl":"https:\/\/www.padreeustaquio.com.br\/wp-content\/uploads\/2022\/02\/Design-sem-nome-scaled.jpg","width":2560,"height":1280},{"@type":"BreadcrumbList","@id":"https:\/\/www.padreeustaquio.com.br\/terco-dos-homens-volta-a-acontecer-na-igreja-do-padre-eustaquio-em-bh\/#breadcrumb","itemListElement":[{"@type":"ListItem","position":1,"name":"In\u00edcio","item":"https:\/\/www.padreeustaquio.com.br\/"},{"@type":"ListItem","position":2,"name":"&#8220;Ter\u00e7o dos Homens&#8221; volta a acontecer na Igreja do Padre Eust\u00e1quio, em BH"}]},{"@type":"WebSite","@id":"https:\/\/www.padreeustaquio.com.br\/#website","url":"https:\/\/www.padreeustaquio.com.br\/","name":"FATHER EUST\u00c1QUIO","description":"Health and Peace","publisher":{"@id":"https:\/\/www.padreeustaquio.com.br\/#organization"},"potentialAction":[{"@type":"SearchAction","target":{"@type":"EntryPoint","urlTemplate":"https:\/\/www.padreeustaquio.com.br\/?s={search_term_string}"},"query-input":{"@type":"PropertyValueSpecification","valueRequired":true,"valueName":"search_term_string"}}],"inLanguage":"en-US"},{"@type":"Organization","@id":"https:\/\/www.padreeustaquio.com.br\/#organization","name":"FATHER EUST\u00c1QUIO","url":"https:\/\/www.padreeustaquio.com.br\/","logo":{"@type":"ImageObject","inLanguage":"en-US","@id":"https:\/\/www.padreeustaquio.com.br\/#\/schema\/logo\/image\/","url":"https:\/\/www.padreeustaquio.com.br\/wp-content\/uploads\/2019\/08\/marca.png","contentUrl":"https:\/\/www.padreeustaquio.com.br\/wp-content\/uploads\/2019\/08\/marca.png","width":350,"height":400,"caption":"Padre Eust\u00e1quio"},"image":{"@id":"https:\/\/www.padreeustaquio.com.br\/#\/schema\/logo\/image\/"},"sameAs":["https:\/\/www.facebook.com\/beatopadreeustaquio\/","https:\/\/x.com\/beatopeustaquio","https:\/\/www.instagram.com\/beatopadreeustaquio\/","https:\/\/www.youtube.com\/channel\/UCRhw7vfabnajwLxb1ZXMeIw"]},{"@type":"Person","@id":"https:\/\/www.padreeustaquio.com.br\/#\/schema\/person\/a2a51db1d00f1a7af0204a0f1ddb1566","name":"@sscc","image":{"@type":"ImageObject","inLanguage":"en-US","@id":"https:\/\/secure.gravatar.com\/avatar\/68cfafa5f44617fea54071e215026e0ff06be366c3d54a8425f04fdcb86f8c5f?s=96&d=mm&r=g","url":"https:\/\/secure.gravatar.com\/avatar\/68cfafa5f44617fea54071e215026e0ff06be366c3d54a8425f04fdcb86f8c5f?s=96&d=mm&r=g","contentUrl":"https:\/\/secure.gravatar.com\/avatar\/68cfafa5f44617fea54071e215026e0ff06be366c3d54a8425f04fdcb86f8c5f?s=96&d=mm&r=g","caption":"@sscc"},"url":"https:\/\/www.padreeustaquio.com.br\/en\/author\/sscc\/"}]}},"_links":{"self":[{"href":"https:\/\/www.padreeustaquio.com.br\/en\/wp-json\/wp\/v2\/posts\/8123","targetHints":{"allow":["GET"]}}],"collection":[{"href":"https:\/\/www.padreeustaquio.com.br\/en\/wp-json\/wp\/v2\/posts"}],"about":[{"href":"https:\/\/www.padreeustaquio.com.br\/en\/wp-json\/wp\/v2\/types\/post"}],"author":[{"embeddable":true,"href":"https:\/\/www.padreeustaquio.com.br\/en\/wp-json\/wp\/v2\/users\/2"}],"replies":[{"embeddable":true,"href":"https:\/\/www.padreeustaquio.com.br\/en\/wp-json\/wp\/v2\/comments?post=8123"}],"version-history":[{"count":0,"href":"https:\/\/www.padreeustaquio.com.br\/en\/wp-json\/wp\/v2\/posts\/8123\/revisions"}],"wp:featuredmedia":[{"embeddable":true,"href":"https:\/\/www.padreeustaquio.com.br\/en\/wp-json\/wp\/v2\/media\/8125"}],"wp:attachment":[{"href":"https:\/\/www.padreeustaquio.com.br\/en\/wp-json\/wp\/v2\/media?parent=8123"}],"wp:term":[{"taxonomy":"category","embeddable":true,"href":"https:\/\/www.padreeustaquio.com.br\/en\/wp-json\/wp\/v2\/categories?post=8123"},{"taxonomy":"post_tag","embeddable":true,"href":"https:\/\/www.padreeustaquio.com.br\/en\/wp-json\/wp\/v2\/tags?post=8123"}],"curies":[{"name":"wp","href":"https:\/\/api.w.org\/{rel}","templated":true}]}}