{"id":8093,"date":"2022-02-10T05:59:00","date_gmt":"2022-02-10T08:59:00","guid":{"rendered":"https:\/\/www.padreeustaquio.com.br\/?p=8093"},"modified":"2022-02-10T13:51:30","modified_gmt":"2022-02-10T16:51:30","slug":"testimony-of-odetinhas-mother-for-the-cause-of-father-eustaquio-and-recovery","status":"publish","type":"post","link":"https:\/\/www.padreeustaquio.com.br\/en\/testimony-of-odetinhas-mother-for-the-cause-of-father-eustaquio-and-recovery\/","title":{"rendered":"Testimony from Odetinha&#039;s mother for the Cause of Father Eust\u00e1quio is recovered."},"content":{"rendered":"<p>Father Eust\u00e1quio held a great devotion to the little girl Odetinha, who was recently proclaimed Venerable by the Holy See, and for this reason, for some years he maintained contact with the girl&#039;s parents, from which a beautiful friendship arose.<\/p>\n\n\n\n<p>It was because of this experience that Alice Vidal de Oliveira, Odetinha&#039;s mother, gave a testimony to the Ecclesiastical Tribunal for the Cause of Beatification and Canonization of Father Eust\u00e1quio. This testimony was collected on October 29, 1963. Read the document in its entirety below. It was recovered by researchers working on cataloging the collection of the future Father Eust\u00e1quio Museum in Belo Horizonte:<\/p>\n\n\n\n<p><em>\u201c&quot;Regarding the period he was here in Rio, I can attest, as a witness with personal knowledge, to the following: he was at the Convent of his Congregation and at the Church of the Sacred Hearts entrusted to the same Congregation, I mean at the Church of Saint Margaret, although I don&#039;t even know if he went to this Church; the fact is that I went to look for him at the convent itself.&quot;. <\/em><\/p>\n\n\n\n<p><em>The reason that led me to this step was the following: I was suffering from a stomach ailment that I had been experiencing for about 3 years, and the doctors were of the opinion that I should have surgery. My husband, at the suggestion of a nun, Mother Francisca Xavier of the Conceptionist nuns of the Divine Heart (now deceased), who said that there was a priest from the Congregation of the Sacred Hearts in Rio who was performing miracles, persuaded me to go see the priest. For my part, I had little interest in seeking that cure, as I would even prefer to leave, since I had lost my three children and saw no further purpose in remaining here, as I would not be missed by my husband in such a serious illness. Despite everything, I agreed to my husband&#039;s suggestion and went with him to the convent where Father Eust\u00e1quio was.<\/em> <\/p>\n\n\n\n<p><em>Neither my husband nor I had ever met him before. When we arrived at the house, there was a crowd of people, many of them sick and needy, all seeking to see Father Eustace. I couldn&#039;t see him, much less speak to him. So we left for the Church of Saint Margaret, I mean, the chapel attached to the religious house, and we stayed there praying. At a certain point, Father Felix, Father Eustace&#039;s brother in habit, came to speak with us, telling us that Father Eustace would be coming to our house that very afternoon. Father Felix was a friend of our family and knew about my illness. I suppose that&#039;s why he must have persuaded Father Eustace to visit us at home. Indeed, Father Eustace appeared at our house around 7 o&#039;clock in the afternoon. <\/em><\/p>\n\n\n\n<p><em>We were at home, my husband and I and three maids, but in less than an hour my house was full of other people who wanted to speak with the Father. Father Eust\u00e1quio stayed at home until 9 pm, having supper with us, and then went to his convent. Around 11 pm I received a phone call from Father Gil, Provincial of the Order, asking us to shelter Father Eust\u00e1quio in our house that night, because Cardinal Leme had asked him to remove Father Eust\u00e1quio from the Convent. So it was that Father Eust\u00e1quio returned to our house and stayed overnight. <\/em><\/p>\n\n\n\n<p><em>The following day, at 5:45 a.m., the priest left to say Mass at the Monastery of Saint Benedict, accompanied by my husband. From there he returned to our house and stayed with us that day until 8 p.m.<\/em> <em>when Dr. Lineu de Paula Machado came to fetch her to take her to his farm, S\u00e3o Jos\u00e9. During that second day he spent with us, he had a strict order forbidding anyone from meeting with him. In fact, upon arriving home he had said that if anyone sought him out, I should tell them that they would not receive him because he was forbidden, and that he could only hear confessions. <\/em><\/p>\n\n\n\n<p><em>I then asked him if a very sick person came to my house, and if he wouldn&#039;t receive them, to which Father Eustace replied: &quot;If I could heal the whole world and holy obedience forbade me, I wouldn&#039;t do it.&quot; So it was that, although many people sought him out at our house, he did not attend to them; to each person who arrived I said that Father Eustace could not attend to them; however, I informed Father Eustace of the names of the people who sought him out, but the Father simply said that he would pray for them, but could not attend to them. <\/em><\/p>\n\n\n\n<p><em>Only one person was heard by the priest in confession. Those hours he spent in our house, he dedicated to praying his breviary and writing, always remaining in his room, where he even took his meals, which I brought him. He had stayed overnight, and the next day I observed that the bed was in the same state as I had left it, which led me to suppose that he had not slept in the bed. All this is what occurred in our house with respect to Father Eust\u00e1quio himself. <\/em><\/p>\n\n\n\n<p><em>Regarding the people he attended to the previous day, it should be noted that, as I said before, our house was full within an hour of a<\/em> <em>A large number of people were present. Father Eust\u00e1quio, having visited the room where our daughter died, accompanied by my husband, who must have spoken to him about my state of health, came down from the room and, upon encountering the people who were at home, was met with numerous requests from people seeking to speak to him privately and touch him. These people were restrained by two gentlemen to prevent any disturbance. <\/em><\/p>\n\n\n\n<p><em>Then Father Eustace said to those present: \u201cI will give the blessing of our Mother and Holy Church especially for the sick.\u201d Opening his prayer book, he recited the formula of the blessing in Latin and, taking from his pocket an aspergillum with holy water, began sprinkling it one by one on the people who were kneeling in the room; as I was not kneeling, he ordered me to kneel, and I did, and I burst into tears. <\/em><\/p>\n\n\n\n<p><em>There were other people in the corridor, and he also sprinkled holy water on those who couldn&#039;t kneel. As for me, I must say that after being sprinkled with that blessing, I forgot any pain or discomfort, and to this day I feel nothing more.<\/em>.&quot;\u201d<\/p>\n\n\n\n<p><strong>Alice Vidal de Oliveira (mother of Venerable Odetinha) \u2013 10\/29\/1963<\/strong><\/p>\n\n\n\n<p><\/p>","protected":false},"excerpt":{"rendered":"<p>Padre Eust\u00e1quio mantinha uma grande devo\u00e7\u00e3o \u00e0 menina Odetinha, que recentemente foi proclamada Vener\u00e1vel pela Santa S\u00e9, e por isso, por alguns anos ele manteve contato com os pais da garotinha, surgindo a partir da\u00ed uma bela amizade. Foi por causa dessa viv\u00eancia que Alice Vidal de Oliveira, m\u00e3e de Odetinha, prestou um depoimento para o Tribunal Eclesi\u00e1stico da Causa de Beatifica\u00e7\u00e3o e Canoniza\u00e7\u00e3o do Padre Eust\u00e1quio. Este depoimento foi colhido no dia 29 de outubro de 1963. Leia o documento, na \u00edntegra, a seguir. Ele foi recuperado pelos pesquisadores que trabalham na cataloga\u00e7\u00e3o do acervo do futuro Museu Padre [&hellip;]<\/p>\n","protected":false},"author":2,"featured_media":8094,"comment_status":"open","ping_status":"closed","sticky":false,"template":"","format":"standard","meta":{"_acf_changed":false,"footnotes":""},"categories":[611],"tags":[],"class_list":["post-8093","post","type-post","status-publish","format-standard","has-post-thumbnail","hentry","category-noticias"],"acf":[],"yoast_head":"<!-- This site is optimized with the Yoast SEO plugin v27.2 - https:\/\/yoast.com\/product\/yoast-seo-wordpress\/ -->\n<title>Depoimento da m\u00e3e de Odetinha para a Causa do Padre Eust\u00e1quio \u00e9 recuperado<\/title>\n<meta name=\"description\" content=\"Padre Eust\u00e1quio mantinha uma grande devo\u00e7\u00e3o \u00e0 menina Odetinha, que recentemente foi proclamada Vener\u00e1vel pela Santa S\u00e9, e por isso, por alguns anos ele manteve contato com os pais da garotinha, surgindo a partir da\u00ed uma bela amizade.\" \/>\n<meta name=\"robots\" content=\"index, follow, max-snippet:-1, max-image-preview:large, max-video-preview:-1\" \/>\n<link rel=\"canonical\" href=\"https:\/\/www.padreeustaquio.com.br\/en\/testimony-of-odetinhas-mother-for-the-cause-of-father-eustaquio-and-recovery\/\" \/>\n<meta property=\"og:locale\" content=\"en_US\" \/>\n<meta property=\"og:type\" content=\"article\" \/>\n<meta property=\"og:title\" content=\"Depoimento da m\u00e3e de Odetinha para a Causa do Padre Eust\u00e1quio \u00e9 recuperado\" \/>\n<meta property=\"og:description\" content=\"Padre Eust\u00e1quio mantinha uma grande devo\u00e7\u00e3o \u00e0 menina Odetinha, que recentemente foi proclamada Vener\u00e1vel pela Santa S\u00e9, e por isso, por alguns anos ele manteve contato com os pais da garotinha, surgindo a partir da\u00ed uma bela amizade.\" \/>\n<meta property=\"og:url\" content=\"https:\/\/www.padreeustaquio.com.br\/en\/testimony-of-odetinhas-mother-for-the-cause-of-father-eustaquio-and-recovery\/\" \/>\n<meta property=\"og:site_name\" content=\"Padre Eust\u00e1quio\" \/>\n<meta property=\"article:publisher\" content=\"https:\/\/www.facebook.com\/beatopadreeustaquio\/\" \/>\n<meta property=\"article:published_time\" content=\"2022-02-10T08:59:00+00:00\" \/>\n<meta property=\"article:modified_time\" content=\"2022-02-10T16:51:30+00:00\" \/>\n<meta property=\"og:image\" content=\"https:\/\/www.padreeustaquio.com.br\/wp-content\/uploads\/2022\/02\/depoimento-mae-odetinha.jpg\" \/>\n\t<meta property=\"og:image:width\" content=\"748\" \/>\n\t<meta property=\"og:image:height\" content=\"394\" \/>\n\t<meta property=\"og:image:type\" content=\"image\/jpeg\" \/>\n<meta name=\"author\" content=\"@sscc\" \/>\n<meta name=\"twitter:card\" content=\"summary_large_image\" \/>\n<meta name=\"twitter:creator\" content=\"@beatopeustaquio\" \/>\n<meta name=\"twitter:site\" content=\"@beatopeustaquio\" \/>\n<meta name=\"twitter:label1\" content=\"Written by\" \/>\n\t<meta name=\"twitter:data1\" content=\"@sscc\" \/>\n\t<meta name=\"twitter:label2\" content=\"Est. reading time\" \/>\n\t<meta name=\"twitter:data2\" content=\"5 minutes\" \/>\n<script type=\"application\/ld+json\" class=\"yoast-schema-graph\">{\"@context\":\"https:\/\/schema.org\",\"@graph\":[{\"@type\":\"Article\",\"@id\":\"https:\/\/www.padreeustaquio.com.br\/depoimento-da-mae-de-odetinha-para-a-causa-do-padre-eustaquio-e-recuperado\/#article\",\"isPartOf\":{\"@id\":\"https:\/\/www.padreeustaquio.com.br\/depoimento-da-mae-de-odetinha-para-a-causa-do-padre-eustaquio-e-recuperado\/\"},\"author\":{\"name\":\"@sscc\",\"@id\":\"https:\/\/www.padreeustaquio.com.br\/#\/schema\/person\/a2a51db1d00f1a7af0204a0f1ddb1566\"},\"headline\":\"Depoimento da m\u00e3e de Odetinha para a Causa do Padre Eust\u00e1quio \u00e9 recuperado\",\"datePublished\":\"2022-02-10T08:59:00+00:00\",\"dateModified\":\"2022-02-10T16:51:30+00:00\",\"mainEntityOfPage\":{\"@id\":\"https:\/\/www.padreeustaquio.com.br\/depoimento-da-mae-de-odetinha-para-a-causa-do-padre-eustaquio-e-recuperado\/\"},\"wordCount\":1177,\"commentCount\":0,\"publisher\":{\"@id\":\"https:\/\/www.padreeustaquio.com.br\/#organization\"},\"image\":{\"@id\":\"https:\/\/www.padreeustaquio.com.br\/depoimento-da-mae-de-odetinha-para-a-causa-do-padre-eustaquio-e-recuperado\/#primaryimage\"},\"thumbnailUrl\":\"https:\/\/www.padreeustaquio.com.br\/wp-content\/uploads\/2022\/02\/depoimento-mae-odetinha.jpg\",\"articleSection\":[\"Not\u00edcias\"],\"inLanguage\":\"en-US\",\"potentialAction\":[{\"@type\":\"CommentAction\",\"name\":\"Comment\",\"target\":[\"https:\/\/www.padreeustaquio.com.br\/depoimento-da-mae-de-odetinha-para-a-causa-do-padre-eustaquio-e-recuperado\/#respond\"]}]},{\"@type\":\"WebPage\",\"@id\":\"https:\/\/www.padreeustaquio.com.br\/depoimento-da-mae-de-odetinha-para-a-causa-do-padre-eustaquio-e-recuperado\/\",\"url\":\"https:\/\/www.padreeustaquio.com.br\/depoimento-da-mae-de-odetinha-para-a-causa-do-padre-eustaquio-e-recuperado\/\",\"name\":\"Depoimento da m\u00e3e de Odetinha para a Causa do Padre Eust\u00e1quio \u00e9 recuperado\",\"isPartOf\":{\"@id\":\"https:\/\/www.padreeustaquio.com.br\/#website\"},\"primaryImageOfPage\":{\"@id\":\"https:\/\/www.padreeustaquio.com.br\/depoimento-da-mae-de-odetinha-para-a-causa-do-padre-eustaquio-e-recuperado\/#primaryimage\"},\"image\":{\"@id\":\"https:\/\/www.padreeustaquio.com.br\/depoimento-da-mae-de-odetinha-para-a-causa-do-padre-eustaquio-e-recuperado\/#primaryimage\"},\"thumbnailUrl\":\"https:\/\/www.padreeustaquio.com.br\/wp-content\/uploads\/2022\/02\/depoimento-mae-odetinha.jpg\",\"datePublished\":\"2022-02-10T08:59:00+00:00\",\"dateModified\":\"2022-02-10T16:51:30+00:00\",\"description\":\"Padre Eust\u00e1quio mantinha uma grande devo\u00e7\u00e3o \u00e0 menina Odetinha, que recentemente foi proclamada Vener\u00e1vel pela Santa S\u00e9, e por isso, por alguns anos ele manteve contato com os pais da garotinha, surgindo a partir da\u00ed uma bela amizade.\",\"breadcrumb\":{\"@id\":\"https:\/\/www.padreeustaquio.com.br\/depoimento-da-mae-de-odetinha-para-a-causa-do-padre-eustaquio-e-recuperado\/#breadcrumb\"},\"inLanguage\":\"en-US\",\"potentialAction\":[{\"@type\":\"ReadAction\",\"target\":[\"https:\/\/www.padreeustaquio.com.br\/depoimento-da-mae-de-odetinha-para-a-causa-do-padre-eustaquio-e-recuperado\/\"]}]},{\"@type\":\"ImageObject\",\"inLanguage\":\"en-US\",\"@id\":\"https:\/\/www.padreeustaquio.com.br\/depoimento-da-mae-de-odetinha-para-a-causa-do-padre-eustaquio-e-recuperado\/#primaryimage\",\"url\":\"https:\/\/www.padreeustaquio.com.br\/wp-content\/uploads\/2022\/02\/depoimento-mae-odetinha.jpg\",\"contentUrl\":\"https:\/\/www.padreeustaquio.com.br\/wp-content\/uploads\/2022\/02\/depoimento-mae-odetinha.jpg\",\"width\":748,\"height\":394,\"caption\":\"Odette Vidal Cardoso (Vener\u00e1vel Odetinha) e sua m\u00e3e, Alice Vidal de Oliveira.\"},{\"@type\":\"BreadcrumbList\",\"@id\":\"https:\/\/www.padreeustaquio.com.br\/depoimento-da-mae-de-odetinha-para-a-causa-do-padre-eustaquio-e-recuperado\/#breadcrumb\",\"itemListElement\":[{\"@type\":\"ListItem\",\"position\":1,\"name\":\"In\u00edcio\",\"item\":\"https:\/\/www.padreeustaquio.com.br\/\"},{\"@type\":\"ListItem\",\"position\":2,\"name\":\"Depoimento da m\u00e3e de Odetinha para a Causa do Padre Eust\u00e1quio \u00e9 recuperado\"}]},{\"@type\":\"WebSite\",\"@id\":\"https:\/\/www.padreeustaquio.com.br\/#website\",\"url\":\"https:\/\/www.padreeustaquio.com.br\/\",\"name\":\"Padre Eust\u00e1quio\",\"description\":\"Sa\u00fade e Paz\",\"publisher\":{\"@id\":\"https:\/\/www.padreeustaquio.com.br\/#organization\"},\"potentialAction\":[{\"@type\":\"SearchAction\",\"target\":{\"@type\":\"EntryPoint\",\"urlTemplate\":\"https:\/\/www.padreeustaquio.com.br\/?s={search_term_string}\"},\"query-input\":{\"@type\":\"PropertyValueSpecification\",\"valueRequired\":true,\"valueName\":\"search_term_string\"}}],\"inLanguage\":\"en-US\"},{\"@type\":\"Organization\",\"@id\":\"https:\/\/www.padreeustaquio.com.br\/#organization\",\"name\":\"Padre Eust\u00e1quio\",\"url\":\"https:\/\/www.padreeustaquio.com.br\/\",\"logo\":{\"@type\":\"ImageObject\",\"inLanguage\":\"en-US\",\"@id\":\"https:\/\/www.padreeustaquio.com.br\/#\/schema\/logo\/image\/\",\"url\":\"https:\/\/www.padreeustaquio.com.br\/wp-content\/uploads\/2019\/08\/marca.png\",\"contentUrl\":\"https:\/\/www.padreeustaquio.com.br\/wp-content\/uploads\/2019\/08\/marca.png\",\"width\":350,\"height\":400,\"caption\":\"Padre Eust\u00e1quio\"},\"image\":{\"@id\":\"https:\/\/www.padreeustaquio.com.br\/#\/schema\/logo\/image\/\"},\"sameAs\":[\"https:\/\/www.facebook.com\/beatopadreeustaquio\/\",\"https:\/\/x.com\/beatopeustaquio\",\"https:\/\/www.instagram.com\/beatopadreeustaquio\/\",\"https:\/\/www.youtube.com\/channel\/UCRhw7vfabnajwLxb1ZXMeIw\"]},{\"@type\":\"Person\",\"@id\":\"https:\/\/www.padreeustaquio.com.br\/#\/schema\/person\/a2a51db1d00f1a7af0204a0f1ddb1566\",\"name\":\"@sscc\",\"image\":{\"@type\":\"ImageObject\",\"inLanguage\":\"en-US\",\"@id\":\"https:\/\/secure.gravatar.com\/avatar\/68cfafa5f44617fea54071e215026e0ff06be366c3d54a8425f04fdcb86f8c5f?s=96&d=mm&r=g\",\"url\":\"https:\/\/secure.gravatar.com\/avatar\/68cfafa5f44617fea54071e215026e0ff06be366c3d54a8425f04fdcb86f8c5f?s=96&d=mm&r=g\",\"contentUrl\":\"https:\/\/secure.gravatar.com\/avatar\/68cfafa5f44617fea54071e215026e0ff06be366c3d54a8425f04fdcb86f8c5f?s=96&d=mm&r=g\",\"caption\":\"@sscc\"},\"url\":\"https:\/\/www.padreeustaquio.com.br\/en\/author\/sscc\/\"}]}<\/script>\n<!-- \/ Yoast SEO plugin. -->","yoast_head_json":{"title":"Testimony from Odetinha&#039;s mother for the Cause of Father Eust\u00e1quio is recovered.","description":"Father Eust\u00e1quio held a great devotion to the little girl Odetinha, who was recently proclaimed Venerable by the Holy See, and for this reason, for some years he maintained contact with the girl&#039;s parents, from which a beautiful friendship arose.","robots":{"index":"index","follow":"follow","max-snippet":"max-snippet:-1","max-image-preview":"max-image-preview:large","max-video-preview":"max-video-preview:-1"},"canonical":"https:\/\/www.padreeustaquio.com.br\/en\/testimony-of-odetinhas-mother-for-the-cause-of-father-eustaquio-and-recovery\/","og_locale":"en_US","og_type":"article","og_title":"Depoimento da m\u00e3e de Odetinha para a Causa do Padre Eust\u00e1quio \u00e9 recuperado","og_description":"Padre Eust\u00e1quio mantinha uma grande devo\u00e7\u00e3o \u00e0 menina Odetinha, que recentemente foi proclamada Vener\u00e1vel pela Santa S\u00e9, e por isso, por alguns anos ele manteve contato com os pais da garotinha, surgindo a partir da\u00ed uma bela amizade.","og_url":"https:\/\/www.padreeustaquio.com.br\/en\/testimony-of-odetinhas-mother-for-the-cause-of-father-eustaquio-and-recovery\/","og_site_name":"Padre Eust\u00e1quio","article_publisher":"https:\/\/www.facebook.com\/beatopadreeustaquio\/","article_published_time":"2022-02-10T08:59:00+00:00","article_modified_time":"2022-02-10T16:51:30+00:00","og_image":[{"width":748,"height":394,"url":"https:\/\/www.padreeustaquio.com.br\/wp-content\/uploads\/2022\/02\/depoimento-mae-odetinha.jpg","type":"image\/jpeg"}],"author":"@sscc","twitter_card":"summary_large_image","twitter_creator":"@beatopeustaquio","twitter_site":"@beatopeustaquio","twitter_misc":{"Written by":"@sscc","Est. reading time":"5 minutes"},"schema":{"@context":"https:\/\/schema.org","@graph":[{"@type":"Article","@id":"https:\/\/www.padreeustaquio.com.br\/depoimento-da-mae-de-odetinha-para-a-causa-do-padre-eustaquio-e-recuperado\/#article","isPartOf":{"@id":"https:\/\/www.padreeustaquio.com.br\/depoimento-da-mae-de-odetinha-para-a-causa-do-padre-eustaquio-e-recuperado\/"},"author":{"name":"@sscc","@id":"https:\/\/www.padreeustaquio.com.br\/#\/schema\/person\/a2a51db1d00f1a7af0204a0f1ddb1566"},"headline":"Depoimento da m\u00e3e de Odetinha para a Causa do Padre Eust\u00e1quio \u00e9 recuperado","datePublished":"2022-02-10T08:59:00+00:00","dateModified":"2022-02-10T16:51:30+00:00","mainEntityOfPage":{"@id":"https:\/\/www.padreeustaquio.com.br\/depoimento-da-mae-de-odetinha-para-a-causa-do-padre-eustaquio-e-recuperado\/"},"wordCount":1177,"commentCount":0,"publisher":{"@id":"https:\/\/www.padreeustaquio.com.br\/#organization"},"image":{"@id":"https:\/\/www.padreeustaquio.com.br\/depoimento-da-mae-de-odetinha-para-a-causa-do-padre-eustaquio-e-recuperado\/#primaryimage"},"thumbnailUrl":"https:\/\/www.padreeustaquio.com.br\/wp-content\/uploads\/2022\/02\/depoimento-mae-odetinha.jpg","articleSection":["Not\u00edcias"],"inLanguage":"en-US","potentialAction":[{"@type":"CommentAction","name":"Comment","target":["https:\/\/www.padreeustaquio.com.br\/depoimento-da-mae-de-odetinha-para-a-causa-do-padre-eustaquio-e-recuperado\/#respond"]}]},{"@type":"WebPage","@id":"https:\/\/www.padreeustaquio.com.br\/depoimento-da-mae-de-odetinha-para-a-causa-do-padre-eustaquio-e-recuperado\/","url":"https:\/\/www.padreeustaquio.com.br\/depoimento-da-mae-de-odetinha-para-a-causa-do-padre-eustaquio-e-recuperado\/","name":"Testimony from Odetinha&#039;s mother for the Cause of Father Eust\u00e1quio is recovered.","isPartOf":{"@id":"https:\/\/www.padreeustaquio.com.br\/#website"},"primaryImageOfPage":{"@id":"https:\/\/www.padreeustaquio.com.br\/depoimento-da-mae-de-odetinha-para-a-causa-do-padre-eustaquio-e-recuperado\/#primaryimage"},"image":{"@id":"https:\/\/www.padreeustaquio.com.br\/depoimento-da-mae-de-odetinha-para-a-causa-do-padre-eustaquio-e-recuperado\/#primaryimage"},"thumbnailUrl":"https:\/\/www.padreeustaquio.com.br\/wp-content\/uploads\/2022\/02\/depoimento-mae-odetinha.jpg","datePublished":"2022-02-10T08:59:00+00:00","dateModified":"2022-02-10T16:51:30+00:00","description":"Father Eust\u00e1quio held a great devotion to the little girl Odetinha, who was recently proclaimed Venerable by the Holy See, and for this reason, for some years he maintained contact with the girl&#039;s parents, from which a beautiful friendship arose.","breadcrumb":{"@id":"https:\/\/www.padreeustaquio.com.br\/depoimento-da-mae-de-odetinha-para-a-causa-do-padre-eustaquio-e-recuperado\/#breadcrumb"},"inLanguage":"en-US","potentialAction":[{"@type":"ReadAction","target":["https:\/\/www.padreeustaquio.com.br\/depoimento-da-mae-de-odetinha-para-a-causa-do-padre-eustaquio-e-recuperado\/"]}]},{"@type":"ImageObject","inLanguage":"en-US","@id":"https:\/\/www.padreeustaquio.com.br\/depoimento-da-mae-de-odetinha-para-a-causa-do-padre-eustaquio-e-recuperado\/#primaryimage","url":"https:\/\/www.padreeustaquio.com.br\/wp-content\/uploads\/2022\/02\/depoimento-mae-odetinha.jpg","contentUrl":"https:\/\/www.padreeustaquio.com.br\/wp-content\/uploads\/2022\/02\/depoimento-mae-odetinha.jpg","width":748,"height":394,"caption":"Odette Vidal Cardoso (Vener\u00e1vel Odetinha) e sua m\u00e3e, Alice Vidal de Oliveira."},{"@type":"BreadcrumbList","@id":"https:\/\/www.padreeustaquio.com.br\/depoimento-da-mae-de-odetinha-para-a-causa-do-padre-eustaquio-e-recuperado\/#breadcrumb","itemListElement":[{"@type":"ListItem","position":1,"name":"In\u00edcio","item":"https:\/\/www.padreeustaquio.com.br\/"},{"@type":"ListItem","position":2,"name":"Depoimento da m\u00e3e de Odetinha para a Causa do Padre Eust\u00e1quio \u00e9 recuperado"}]},{"@type":"WebSite","@id":"https:\/\/www.padreeustaquio.com.br\/#website","url":"https:\/\/www.padreeustaquio.com.br\/","name":"FATHER EUST\u00c1QUIO","description":"Health and Peace","publisher":{"@id":"https:\/\/www.padreeustaquio.com.br\/#organization"},"potentialAction":[{"@type":"SearchAction","target":{"@type":"EntryPoint","urlTemplate":"https:\/\/www.padreeustaquio.com.br\/?s={search_term_string}"},"query-input":{"@type":"PropertyValueSpecification","valueRequired":true,"valueName":"search_term_string"}}],"inLanguage":"en-US"},{"@type":"Organization","@id":"https:\/\/www.padreeustaquio.com.br\/#organization","name":"FATHER EUST\u00c1QUIO","url":"https:\/\/www.padreeustaquio.com.br\/","logo":{"@type":"ImageObject","inLanguage":"en-US","@id":"https:\/\/www.padreeustaquio.com.br\/#\/schema\/logo\/image\/","url":"https:\/\/www.padreeustaquio.com.br\/wp-content\/uploads\/2019\/08\/marca.png","contentUrl":"https:\/\/www.padreeustaquio.com.br\/wp-content\/uploads\/2019\/08\/marca.png","width":350,"height":400,"caption":"Padre Eust\u00e1quio"},"image":{"@id":"https:\/\/www.padreeustaquio.com.br\/#\/schema\/logo\/image\/"},"sameAs":["https:\/\/www.facebook.com\/beatopadreeustaquio\/","https:\/\/x.com\/beatopeustaquio","https:\/\/www.instagram.com\/beatopadreeustaquio\/","https:\/\/www.youtube.com\/channel\/UCRhw7vfabnajwLxb1ZXMeIw"]},{"@type":"Person","@id":"https:\/\/www.padreeustaquio.com.br\/#\/schema\/person\/a2a51db1d00f1a7af0204a0f1ddb1566","name":"@sscc","image":{"@type":"ImageObject","inLanguage":"en-US","@id":"https:\/\/secure.gravatar.com\/avatar\/68cfafa5f44617fea54071e215026e0ff06be366c3d54a8425f04fdcb86f8c5f?s=96&d=mm&r=g","url":"https:\/\/secure.gravatar.com\/avatar\/68cfafa5f44617fea54071e215026e0ff06be366c3d54a8425f04fdcb86f8c5f?s=96&d=mm&r=g","contentUrl":"https:\/\/secure.gravatar.com\/avatar\/68cfafa5f44617fea54071e215026e0ff06be366c3d54a8425f04fdcb86f8c5f?s=96&d=mm&r=g","caption":"@sscc"},"url":"https:\/\/www.padreeustaquio.com.br\/en\/author\/sscc\/"}]}},"_links":{"self":[{"href":"https:\/\/www.padreeustaquio.com.br\/en\/wp-json\/wp\/v2\/posts\/8093","targetHints":{"allow":["GET"]}}],"collection":[{"href":"https:\/\/www.padreeustaquio.com.br\/en\/wp-json\/wp\/v2\/posts"}],"about":[{"href":"https:\/\/www.padreeustaquio.com.br\/en\/wp-json\/wp\/v2\/types\/post"}],"author":[{"embeddable":true,"href":"https:\/\/www.padreeustaquio.com.br\/en\/wp-json\/wp\/v2\/users\/2"}],"replies":[{"embeddable":true,"href":"https:\/\/www.padreeustaquio.com.br\/en\/wp-json\/wp\/v2\/comments?post=8093"}],"version-history":[{"count":0,"href":"https:\/\/www.padreeustaquio.com.br\/en\/wp-json\/wp\/v2\/posts\/8093\/revisions"}],"wp:featuredmedia":[{"embeddable":true,"href":"https:\/\/www.padreeustaquio.com.br\/en\/wp-json\/wp\/v2\/media\/8094"}],"wp:attachment":[{"href":"https:\/\/www.padreeustaquio.com.br\/en\/wp-json\/wp\/v2\/media?parent=8093"}],"wp:term":[{"taxonomy":"category","embeddable":true,"href":"https:\/\/www.padreeustaquio.com.br\/en\/wp-json\/wp\/v2\/categories?post=8093"},{"taxonomy":"post_tag","embeddable":true,"href":"https:\/\/www.padreeustaquio.com.br\/en\/wp-json\/wp\/v2\/tags?post=8093"}],"curies":[{"name":"wp","href":"https:\/\/api.w.org\/{rel}","templated":true}]}}