{"id":8083,"date":"2022-02-09T06:02:00","date_gmt":"2022-02-09T09:02:00","guid":{"rendered":"https:\/\/www.padreeustaquio.com.br\/?p=8083"},"modified":"2022-02-10T13:45:18","modified_gmt":"2022-02-10T16:45:18","slug":"congregation-of-the-sacred-hearts-takes-over-parishes-in-the-jequitinhonha-valley-in-minas-gerais","status":"publish","type":"post","link":"https:\/\/www.padreeustaquio.com.br\/en\/congregation-of-the-sacred-hearts-takes-over-parishes-in-the-jequitinhonha-valley-in-minas-gerais\/","title":{"rendered":"Congregation of the Sacred Hearts takes over parishes in the Jequitinhonha Valley in Minas Gerais."},"content":{"rendered":"<p>Since last weekend, brothers and sisters of the Congregation of the Sacred Hearts have been working with the Catholic community in two cities in the Jequitinhonha Valley, in northeastern Minas Gerais. Parishes in Pedra Azul and Divisa Alegre welcomed the presence of the brothers and sisters.<\/p>\n\n\n\n<p>The installation took place on Sunday, February 6th. The provincial superior, Fr. Osv\u00e2nio Humberto Mariano, attended the ceremony, presided over by the diocesan bishop of Ara\u00e7ua\u00ed, Dom Esmeraldo Barreto de Farias. The holy mass was held at the Nossa Senhora da Concei\u00e7\u00e3o parish church. Three priests of the Sacred Hearts will carry out pastoral work there: Father \u00c9lcio Mota, Father Jorge Oliveira, and Father Paulo Roberto Teixeira.<\/p>\n\n\n\n<p>In addition to the priests, the nuns will also take on pastoral work in the city of Divisa Alegre. Sister Val\u00e9ria Gomes and Sister Marilene de Souza have also taken office in the parish and will now walk alongside the people of those communities.<\/p>","protected":false},"excerpt":{"rendered":"<p>Desde o \u00faltimo final de semana, irm\u00e3os e irm\u00e3s da Congrega\u00e7\u00e3o dos Sagrados Cora\u00e7\u00f5es trabalham junto \u00e0 comunidade cat\u00f3lica de duas cidades do Vale do Jequitinhonha, no nordeste de Minas Gerais. Par\u00f3quias em Pedra Azul e em Divisa Alegre contaram com a presen\u00e7a dos irm\u00e3os. A posse foi realizada no domingo, dia 06 de fevereiro. O superior provincial, Pe. Osv\u00e2nio Humberto Mariano, acompanhou a cerim\u00f4nia, presidida pelo bispo diocesano de Ara\u00e7ua\u00ed, Dom Esmeraldo Barreto de Farias. A santa missa foi realizada na matriz Nossa Senhora da Concei\u00e7\u00e3o. Por l\u00e1, tr\u00eas padres dos Sagrados Cora\u00e7\u00f5es far\u00e3o o trabalho pastoral: Padre \u00c9lcio [&hellip;]<\/p>\n","protected":false},"author":2,"featured_media":8084,"comment_status":"open","ping_status":"closed","sticky":false,"template":"","format":"standard","meta":{"_acf_changed":false,"footnotes":""},"categories":[611],"tags":[],"class_list":["post-8083","post","type-post","status-publish","format-standard","has-post-thumbnail","hentry","category-noticias"],"acf":[],"yoast_head":"<!-- This site is optimized with the Yoast SEO plugin v27.2 - https:\/\/yoast.com\/product\/yoast-seo-wordpress\/ -->\n<title>Congrega\u00e7\u00e3o dos Sagrados Cora\u00e7\u00f5es assume par\u00f3quias no Vale do Jequitinhonha em MG<\/title>\n<meta name=\"description\" content=\"Desde o \u00faltimo final de semana, padres e irm\u00e3s da Congrega\u00e7\u00e3o dos Sagrados Cora\u00e7\u00f5es trabalham junto \u00e0 comunidade cat\u00f3lica de duas cidades do Vale do Jequitinhonha, no nordeste de Minas Gerais. Par\u00f3quias em Pedra Azul e em Divisa Alegre contaram com a presen\u00e7a dos irm\u00e3os.\" \/>\n<meta name=\"robots\" content=\"index, follow, max-snippet:-1, max-image-preview:large, max-video-preview:-1\" \/>\n<link rel=\"canonical\" href=\"https:\/\/www.padreeustaquio.com.br\/en\/congregation-of-the-sacred-hearts-takes-over-parishes-in-the-jequitinhonha-valley-in-minas-gerais\/\" \/>\n<meta property=\"og:locale\" content=\"en_US\" \/>\n<meta property=\"og:type\" content=\"article\" \/>\n<meta property=\"og:title\" content=\"Congrega\u00e7\u00e3o dos Sagrados Cora\u00e7\u00f5es assume par\u00f3quias no Vale do Jequitinhonha em MG\" \/>\n<meta property=\"og:description\" content=\"Desde o \u00faltimo final de semana, padres e irm\u00e3s da Congrega\u00e7\u00e3o dos Sagrados Cora\u00e7\u00f5es trabalham junto \u00e0 comunidade cat\u00f3lica de duas cidades do Vale do Jequitinhonha, no nordeste de Minas Gerais. Par\u00f3quias em Pedra Azul e em Divisa Alegre contaram com a presen\u00e7a dos irm\u00e3os.\" \/>\n<meta property=\"og:url\" content=\"https:\/\/www.padreeustaquio.com.br\/en\/congregation-of-the-sacred-hearts-takes-over-parishes-in-the-jequitinhonha-valley-in-minas-gerais\/\" \/>\n<meta property=\"og:site_name\" content=\"Padre Eust\u00e1quio\" \/>\n<meta property=\"article:publisher\" content=\"https:\/\/www.facebook.com\/beatopadreeustaquio\/\" \/>\n<meta property=\"article:published_time\" content=\"2022-02-09T09:02:00+00:00\" \/>\n<meta property=\"article:modified_time\" content=\"2022-02-10T16:45:18+00:00\" \/>\n<meta property=\"og:image\" content=\"https:\/\/www.padreeustaquio.com.br\/wp-content\/uploads\/2022\/02\/WhatsApp-Image-2022-02-07-at-14.37.39.jpeg\" \/>\n\t<meta property=\"og:image:width\" content=\"1032\" \/>\n\t<meta property=\"og:image:height\" content=\"581\" \/>\n\t<meta property=\"og:image:type\" content=\"image\/jpeg\" \/>\n<meta name=\"author\" content=\"@sscc\" \/>\n<meta name=\"twitter:card\" content=\"summary_large_image\" \/>\n<meta name=\"twitter:creator\" content=\"@beatopeustaquio\" \/>\n<meta name=\"twitter:site\" content=\"@beatopeustaquio\" \/>\n<meta name=\"twitter:label1\" content=\"Written by\" \/>\n\t<meta name=\"twitter:data1\" content=\"@sscc\" \/>\n\t<meta name=\"twitter:label2\" content=\"Est. reading time\" \/>\n\t<meta name=\"twitter:data2\" content=\"1 minute\" \/>\n<script type=\"application\/ld+json\" class=\"yoast-schema-graph\">{\"@context\":\"https:\/\/schema.org\",\"@graph\":[{\"@type\":\"Article\",\"@id\":\"https:\/\/www.padreeustaquio.com.br\/congregacao-dos-sagrados-coracoes-assume-paroquias-no-vale-do-jequitinhonha-em-mg\/#article\",\"isPartOf\":{\"@id\":\"https:\/\/www.padreeustaquio.com.br\/congregacao-dos-sagrados-coracoes-assume-paroquias-no-vale-do-jequitinhonha-em-mg\/\"},\"author\":{\"name\":\"@sscc\",\"@id\":\"https:\/\/www.padreeustaquio.com.br\/#\/schema\/person\/a2a51db1d00f1a7af0204a0f1ddb1566\"},\"headline\":\"Congrega\u00e7\u00e3o dos Sagrados Cora\u00e7\u00f5es assume par\u00f3quias no Vale do Jequitinhonha em MG\",\"datePublished\":\"2022-02-09T09:02:00+00:00\",\"dateModified\":\"2022-02-10T16:45:18+00:00\",\"mainEntityOfPage\":{\"@id\":\"https:\/\/www.padreeustaquio.com.br\/congregacao-dos-sagrados-coracoes-assume-paroquias-no-vale-do-jequitinhonha-em-mg\/\"},\"wordCount\":185,\"commentCount\":0,\"publisher\":{\"@id\":\"https:\/\/www.padreeustaquio.com.br\/#organization\"},\"image\":{\"@id\":\"https:\/\/www.padreeustaquio.com.br\/congregacao-dos-sagrados-coracoes-assume-paroquias-no-vale-do-jequitinhonha-em-mg\/#primaryimage\"},\"thumbnailUrl\":\"https:\/\/www.padreeustaquio.com.br\/wp-content\/uploads\/2022\/02\/WhatsApp-Image-2022-02-07-at-14.37.39.jpeg\",\"articleSection\":[\"Not\u00edcias\"],\"inLanguage\":\"en-US\",\"potentialAction\":[{\"@type\":\"CommentAction\",\"name\":\"Comment\",\"target\":[\"https:\/\/www.padreeustaquio.com.br\/congregacao-dos-sagrados-coracoes-assume-paroquias-no-vale-do-jequitinhonha-em-mg\/#respond\"]}]},{\"@type\":\"WebPage\",\"@id\":\"https:\/\/www.padreeustaquio.com.br\/congregacao-dos-sagrados-coracoes-assume-paroquias-no-vale-do-jequitinhonha-em-mg\/\",\"url\":\"https:\/\/www.padreeustaquio.com.br\/congregacao-dos-sagrados-coracoes-assume-paroquias-no-vale-do-jequitinhonha-em-mg\/\",\"name\":\"Congrega\u00e7\u00e3o dos Sagrados Cora\u00e7\u00f5es assume par\u00f3quias no Vale do Jequitinhonha em MG\",\"isPartOf\":{\"@id\":\"https:\/\/www.padreeustaquio.com.br\/#website\"},\"primaryImageOfPage\":{\"@id\":\"https:\/\/www.padreeustaquio.com.br\/congregacao-dos-sagrados-coracoes-assume-paroquias-no-vale-do-jequitinhonha-em-mg\/#primaryimage\"},\"image\":{\"@id\":\"https:\/\/www.padreeustaquio.com.br\/congregacao-dos-sagrados-coracoes-assume-paroquias-no-vale-do-jequitinhonha-em-mg\/#primaryimage\"},\"thumbnailUrl\":\"https:\/\/www.padreeustaquio.com.br\/wp-content\/uploads\/2022\/02\/WhatsApp-Image-2022-02-07-at-14.37.39.jpeg\",\"datePublished\":\"2022-02-09T09:02:00+00:00\",\"dateModified\":\"2022-02-10T16:45:18+00:00\",\"description\":\"Desde o \u00faltimo final de semana, padres e irm\u00e3s da Congrega\u00e7\u00e3o dos Sagrados Cora\u00e7\u00f5es trabalham junto \u00e0 comunidade cat\u00f3lica de duas cidades do Vale do Jequitinhonha, no nordeste de Minas Gerais. Par\u00f3quias em Pedra Azul e em Divisa Alegre contaram com a presen\u00e7a dos irm\u00e3os.\",\"breadcrumb\":{\"@id\":\"https:\/\/www.padreeustaquio.com.br\/congregacao-dos-sagrados-coracoes-assume-paroquias-no-vale-do-jequitinhonha-em-mg\/#breadcrumb\"},\"inLanguage\":\"en-US\",\"potentialAction\":[{\"@type\":\"ReadAction\",\"target\":[\"https:\/\/www.padreeustaquio.com.br\/congregacao-dos-sagrados-coracoes-assume-paroquias-no-vale-do-jequitinhonha-em-mg\/\"]}]},{\"@type\":\"ImageObject\",\"inLanguage\":\"en-US\",\"@id\":\"https:\/\/www.padreeustaquio.com.br\/congregacao-dos-sagrados-coracoes-assume-paroquias-no-vale-do-jequitinhonha-em-mg\/#primaryimage\",\"url\":\"https:\/\/www.padreeustaquio.com.br\/wp-content\/uploads\/2022\/02\/WhatsApp-Image-2022-02-07-at-14.37.39.jpeg\",\"contentUrl\":\"https:\/\/www.padreeustaquio.com.br\/wp-content\/uploads\/2022\/02\/WhatsApp-Image-2022-02-07-at-14.37.39.jpeg\",\"width\":1032,\"height\":581},{\"@type\":\"BreadcrumbList\",\"@id\":\"https:\/\/www.padreeustaquio.com.br\/congregacao-dos-sagrados-coracoes-assume-paroquias-no-vale-do-jequitinhonha-em-mg\/#breadcrumb\",\"itemListElement\":[{\"@type\":\"ListItem\",\"position\":1,\"name\":\"In\u00edcio\",\"item\":\"https:\/\/www.padreeustaquio.com.br\/\"},{\"@type\":\"ListItem\",\"position\":2,\"name\":\"Congrega\u00e7\u00e3o dos Sagrados Cora\u00e7\u00f5es assume par\u00f3quias no Vale do Jequitinhonha em MG\"}]},{\"@type\":\"WebSite\",\"@id\":\"https:\/\/www.padreeustaquio.com.br\/#website\",\"url\":\"https:\/\/www.padreeustaquio.com.br\/\",\"name\":\"Padre Eust\u00e1quio\",\"description\":\"Sa\u00fade e Paz\",\"publisher\":{\"@id\":\"https:\/\/www.padreeustaquio.com.br\/#organization\"},\"potentialAction\":[{\"@type\":\"SearchAction\",\"target\":{\"@type\":\"EntryPoint\",\"urlTemplate\":\"https:\/\/www.padreeustaquio.com.br\/?s={search_term_string}\"},\"query-input\":{\"@type\":\"PropertyValueSpecification\",\"valueRequired\":true,\"valueName\":\"search_term_string\"}}],\"inLanguage\":\"en-US\"},{\"@type\":\"Organization\",\"@id\":\"https:\/\/www.padreeustaquio.com.br\/#organization\",\"name\":\"Padre Eust\u00e1quio\",\"url\":\"https:\/\/www.padreeustaquio.com.br\/\",\"logo\":{\"@type\":\"ImageObject\",\"inLanguage\":\"en-US\",\"@id\":\"https:\/\/www.padreeustaquio.com.br\/#\/schema\/logo\/image\/\",\"url\":\"https:\/\/www.padreeustaquio.com.br\/wp-content\/uploads\/2019\/08\/marca.png\",\"contentUrl\":\"https:\/\/www.padreeustaquio.com.br\/wp-content\/uploads\/2019\/08\/marca.png\",\"width\":350,\"height\":400,\"caption\":\"Padre Eust\u00e1quio\"},\"image\":{\"@id\":\"https:\/\/www.padreeustaquio.com.br\/#\/schema\/logo\/image\/\"},\"sameAs\":[\"https:\/\/www.facebook.com\/beatopadreeustaquio\/\",\"https:\/\/x.com\/beatopeustaquio\",\"https:\/\/www.instagram.com\/beatopadreeustaquio\/\",\"https:\/\/www.youtube.com\/channel\/UCRhw7vfabnajwLxb1ZXMeIw\"]},{\"@type\":\"Person\",\"@id\":\"https:\/\/www.padreeustaquio.com.br\/#\/schema\/person\/a2a51db1d00f1a7af0204a0f1ddb1566\",\"name\":\"@sscc\",\"image\":{\"@type\":\"ImageObject\",\"inLanguage\":\"en-US\",\"@id\":\"https:\/\/secure.gravatar.com\/avatar\/68cfafa5f44617fea54071e215026e0ff06be366c3d54a8425f04fdcb86f8c5f?s=96&d=mm&r=g\",\"url\":\"https:\/\/secure.gravatar.com\/avatar\/68cfafa5f44617fea54071e215026e0ff06be366c3d54a8425f04fdcb86f8c5f?s=96&d=mm&r=g\",\"contentUrl\":\"https:\/\/secure.gravatar.com\/avatar\/68cfafa5f44617fea54071e215026e0ff06be366c3d54a8425f04fdcb86f8c5f?s=96&d=mm&r=g\",\"caption\":\"@sscc\"},\"url\":\"https:\/\/www.padreeustaquio.com.br\/en\/author\/sscc\/\"}]}<\/script>\n<!-- \/ Yoast SEO plugin. -->","yoast_head_json":{"title":"Congregation of the Sacred Hearts takes over parishes in the Jequitinhonha Valley in Minas Gerais.","description":"Since last weekend, priests and nuns from the Congregation of the Sacred Hearts have been working with the Catholic community in two cities in the Jequitinhonha Valley, in northeastern Minas Gerais. Parishes in Pedra Azul and Divisa Alegre welcomed the presence of the brothers and sisters.","robots":{"index":"index","follow":"follow","max-snippet":"max-snippet:-1","max-image-preview":"max-image-preview:large","max-video-preview":"max-video-preview:-1"},"canonical":"https:\/\/www.padreeustaquio.com.br\/en\/congregation-of-the-sacred-hearts-takes-over-parishes-in-the-jequitinhonha-valley-in-minas-gerais\/","og_locale":"en_US","og_type":"article","og_title":"Congrega\u00e7\u00e3o dos Sagrados Cora\u00e7\u00f5es assume par\u00f3quias no Vale do Jequitinhonha em MG","og_description":"Desde o \u00faltimo final de semana, padres e irm\u00e3s da Congrega\u00e7\u00e3o dos Sagrados Cora\u00e7\u00f5es trabalham junto \u00e0 comunidade cat\u00f3lica de duas cidades do Vale do Jequitinhonha, no nordeste de Minas Gerais. Par\u00f3quias em Pedra Azul e em Divisa Alegre contaram com a presen\u00e7a dos irm\u00e3os.","og_url":"https:\/\/www.padreeustaquio.com.br\/en\/congregation-of-the-sacred-hearts-takes-over-parishes-in-the-jequitinhonha-valley-in-minas-gerais\/","og_site_name":"Padre Eust\u00e1quio","article_publisher":"https:\/\/www.facebook.com\/beatopadreeustaquio\/","article_published_time":"2022-02-09T09:02:00+00:00","article_modified_time":"2022-02-10T16:45:18+00:00","og_image":[{"width":1032,"height":581,"url":"https:\/\/www.padreeustaquio.com.br\/wp-content\/uploads\/2022\/02\/WhatsApp-Image-2022-02-07-at-14.37.39.jpeg","type":"image\/jpeg"}],"author":"@sscc","twitter_card":"summary_large_image","twitter_creator":"@beatopeustaquio","twitter_site":"@beatopeustaquio","twitter_misc":{"Written by":"@sscc","Est. reading time":"1 minute"},"schema":{"@context":"https:\/\/schema.org","@graph":[{"@type":"Article","@id":"https:\/\/www.padreeustaquio.com.br\/congregacao-dos-sagrados-coracoes-assume-paroquias-no-vale-do-jequitinhonha-em-mg\/#article","isPartOf":{"@id":"https:\/\/www.padreeustaquio.com.br\/congregacao-dos-sagrados-coracoes-assume-paroquias-no-vale-do-jequitinhonha-em-mg\/"},"author":{"name":"@sscc","@id":"https:\/\/www.padreeustaquio.com.br\/#\/schema\/person\/a2a51db1d00f1a7af0204a0f1ddb1566"},"headline":"Congrega\u00e7\u00e3o dos Sagrados Cora\u00e7\u00f5es assume par\u00f3quias no Vale do Jequitinhonha em MG","datePublished":"2022-02-09T09:02:00+00:00","dateModified":"2022-02-10T16:45:18+00:00","mainEntityOfPage":{"@id":"https:\/\/www.padreeustaquio.com.br\/congregacao-dos-sagrados-coracoes-assume-paroquias-no-vale-do-jequitinhonha-em-mg\/"},"wordCount":185,"commentCount":0,"publisher":{"@id":"https:\/\/www.padreeustaquio.com.br\/#organization"},"image":{"@id":"https:\/\/www.padreeustaquio.com.br\/congregacao-dos-sagrados-coracoes-assume-paroquias-no-vale-do-jequitinhonha-em-mg\/#primaryimage"},"thumbnailUrl":"https:\/\/www.padreeustaquio.com.br\/wp-content\/uploads\/2022\/02\/WhatsApp-Image-2022-02-07-at-14.37.39.jpeg","articleSection":["Not\u00edcias"],"inLanguage":"en-US","potentialAction":[{"@type":"CommentAction","name":"Comment","target":["https:\/\/www.padreeustaquio.com.br\/congregacao-dos-sagrados-coracoes-assume-paroquias-no-vale-do-jequitinhonha-em-mg\/#respond"]}]},{"@type":"WebPage","@id":"https:\/\/www.padreeustaquio.com.br\/congregacao-dos-sagrados-coracoes-assume-paroquias-no-vale-do-jequitinhonha-em-mg\/","url":"https:\/\/www.padreeustaquio.com.br\/congregacao-dos-sagrados-coracoes-assume-paroquias-no-vale-do-jequitinhonha-em-mg\/","name":"Congregation of the Sacred Hearts takes over parishes in the Jequitinhonha Valley in Minas Gerais.","isPartOf":{"@id":"https:\/\/www.padreeustaquio.com.br\/#website"},"primaryImageOfPage":{"@id":"https:\/\/www.padreeustaquio.com.br\/congregacao-dos-sagrados-coracoes-assume-paroquias-no-vale-do-jequitinhonha-em-mg\/#primaryimage"},"image":{"@id":"https:\/\/www.padreeustaquio.com.br\/congregacao-dos-sagrados-coracoes-assume-paroquias-no-vale-do-jequitinhonha-em-mg\/#primaryimage"},"thumbnailUrl":"https:\/\/www.padreeustaquio.com.br\/wp-content\/uploads\/2022\/02\/WhatsApp-Image-2022-02-07-at-14.37.39.jpeg","datePublished":"2022-02-09T09:02:00+00:00","dateModified":"2022-02-10T16:45:18+00:00","description":"Since last weekend, priests and nuns from the Congregation of the Sacred Hearts have been working with the Catholic community in two cities in the Jequitinhonha Valley, in northeastern Minas Gerais. Parishes in Pedra Azul and Divisa Alegre welcomed the presence of the brothers and sisters.","breadcrumb":{"@id":"https:\/\/www.padreeustaquio.com.br\/congregacao-dos-sagrados-coracoes-assume-paroquias-no-vale-do-jequitinhonha-em-mg\/#breadcrumb"},"inLanguage":"en-US","potentialAction":[{"@type":"ReadAction","target":["https:\/\/www.padreeustaquio.com.br\/congregacao-dos-sagrados-coracoes-assume-paroquias-no-vale-do-jequitinhonha-em-mg\/"]}]},{"@type":"ImageObject","inLanguage":"en-US","@id":"https:\/\/www.padreeustaquio.com.br\/congregacao-dos-sagrados-coracoes-assume-paroquias-no-vale-do-jequitinhonha-em-mg\/#primaryimage","url":"https:\/\/www.padreeustaquio.com.br\/wp-content\/uploads\/2022\/02\/WhatsApp-Image-2022-02-07-at-14.37.39.jpeg","contentUrl":"https:\/\/www.padreeustaquio.com.br\/wp-content\/uploads\/2022\/02\/WhatsApp-Image-2022-02-07-at-14.37.39.jpeg","width":1032,"height":581},{"@type":"BreadcrumbList","@id":"https:\/\/www.padreeustaquio.com.br\/congregacao-dos-sagrados-coracoes-assume-paroquias-no-vale-do-jequitinhonha-em-mg\/#breadcrumb","itemListElement":[{"@type":"ListItem","position":1,"name":"In\u00edcio","item":"https:\/\/www.padreeustaquio.com.br\/"},{"@type":"ListItem","position":2,"name":"Congrega\u00e7\u00e3o dos Sagrados Cora\u00e7\u00f5es assume par\u00f3quias no Vale do Jequitinhonha em MG"}]},{"@type":"WebSite","@id":"https:\/\/www.padreeustaquio.com.br\/#website","url":"https:\/\/www.padreeustaquio.com.br\/","name":"FATHER EUST\u00c1QUIO","description":"Health and Peace","publisher":{"@id":"https:\/\/www.padreeustaquio.com.br\/#organization"},"potentialAction":[{"@type":"SearchAction","target":{"@type":"EntryPoint","urlTemplate":"https:\/\/www.padreeustaquio.com.br\/?s={search_term_string}"},"query-input":{"@type":"PropertyValueSpecification","valueRequired":true,"valueName":"search_term_string"}}],"inLanguage":"en-US"},{"@type":"Organization","@id":"https:\/\/www.padreeustaquio.com.br\/#organization","name":"FATHER EUST\u00c1QUIO","url":"https:\/\/www.padreeustaquio.com.br\/","logo":{"@type":"ImageObject","inLanguage":"en-US","@id":"https:\/\/www.padreeustaquio.com.br\/#\/schema\/logo\/image\/","url":"https:\/\/www.padreeustaquio.com.br\/wp-content\/uploads\/2019\/08\/marca.png","contentUrl":"https:\/\/www.padreeustaquio.com.br\/wp-content\/uploads\/2019\/08\/marca.png","width":350,"height":400,"caption":"Padre Eust\u00e1quio"},"image":{"@id":"https:\/\/www.padreeustaquio.com.br\/#\/schema\/logo\/image\/"},"sameAs":["https:\/\/www.facebook.com\/beatopadreeustaquio\/","https:\/\/x.com\/beatopeustaquio","https:\/\/www.instagram.com\/beatopadreeustaquio\/","https:\/\/www.youtube.com\/channel\/UCRhw7vfabnajwLxb1ZXMeIw"]},{"@type":"Person","@id":"https:\/\/www.padreeustaquio.com.br\/#\/schema\/person\/a2a51db1d00f1a7af0204a0f1ddb1566","name":"@sscc","image":{"@type":"ImageObject","inLanguage":"en-US","@id":"https:\/\/secure.gravatar.com\/avatar\/68cfafa5f44617fea54071e215026e0ff06be366c3d54a8425f04fdcb86f8c5f?s=96&d=mm&r=g","url":"https:\/\/secure.gravatar.com\/avatar\/68cfafa5f44617fea54071e215026e0ff06be366c3d54a8425f04fdcb86f8c5f?s=96&d=mm&r=g","contentUrl":"https:\/\/secure.gravatar.com\/avatar\/68cfafa5f44617fea54071e215026e0ff06be366c3d54a8425f04fdcb86f8c5f?s=96&d=mm&r=g","caption":"@sscc"},"url":"https:\/\/www.padreeustaquio.com.br\/en\/author\/sscc\/"}]}},"_links":{"self":[{"href":"https:\/\/www.padreeustaquio.com.br\/en\/wp-json\/wp\/v2\/posts\/8083","targetHints":{"allow":["GET"]}}],"collection":[{"href":"https:\/\/www.padreeustaquio.com.br\/en\/wp-json\/wp\/v2\/posts"}],"about":[{"href":"https:\/\/www.padreeustaquio.com.br\/en\/wp-json\/wp\/v2\/types\/post"}],"author":[{"embeddable":true,"href":"https:\/\/www.padreeustaquio.com.br\/en\/wp-json\/wp\/v2\/users\/2"}],"replies":[{"embeddable":true,"href":"https:\/\/www.padreeustaquio.com.br\/en\/wp-json\/wp\/v2\/comments?post=8083"}],"version-history":[{"count":0,"href":"https:\/\/www.padreeustaquio.com.br\/en\/wp-json\/wp\/v2\/posts\/8083\/revisions"}],"wp:featuredmedia":[{"embeddable":true,"href":"https:\/\/www.padreeustaquio.com.br\/en\/wp-json\/wp\/v2\/media\/8084"}],"wp:attachment":[{"href":"https:\/\/www.padreeustaquio.com.br\/en\/wp-json\/wp\/v2\/media?parent=8083"}],"wp:term":[{"taxonomy":"category","embeddable":true,"href":"https:\/\/www.padreeustaquio.com.br\/en\/wp-json\/wp\/v2\/categories?post=8083"},{"taxonomy":"post_tag","embeddable":true,"href":"https:\/\/www.padreeustaquio.com.br\/en\/wp-json\/wp\/v2\/tags?post=8083"}],"curies":[{"name":"wp","href":"https:\/\/api.w.org\/{rel}","templated":true}]}}