{"id":8063,"date":"2022-02-07T06:11:00","date_gmt":"2022-02-07T09:11:00","guid":{"rendered":"https:\/\/www.padreeustaquio.com.br\/?p=8063"},"modified":"2022-02-04T10:31:53","modified_gmt":"2022-02-04T13:31:53","slug":"father-eustaquios-church-opens-registration-for-prayer-and-life-workshops","status":"publish","type":"post","link":"https:\/\/www.padreeustaquio.com.br\/en\/father-eustaquios-church-opens-registration-for-prayer-and-life-workshops\/","title":{"rendered":"Father Eust\u00e1quio&#039;s Church opens registration for Prayer and Life Workshops."},"content":{"rendered":"<p>The Sanctuary of Health and Peace, the Church of Father Eust\u00e1quio, is now accepting registrations for those who wish to participate in the Prayer and Life Workshops. Adults, teenagers, and children are invited to join this journey of study and prayer.<\/p>\n\n\n\n<p>The Prayer and Life workshops at the Health and Peace Sanctuary are held in weekly meetings lasting two hours, for 15 weeks for adults and 10 weeks for young people, teenagers and children.<\/p>\n\n\n\n<p>Throughout the meetings, participants will be guided to relate to God as a friend; to handle the Bible and understand what God wants to tell us; to free themselves from sadness, anxieties, and anguish; and to become healthier, more joyful, free, and happy.<\/p>\n\n\n\n<p>The Prayer and Life Workshops at the Padre Eust\u00e1quio Church begin tomorrow, February 8th, with the Opening Session, at two times: 3 PM or 7:30 PM, in the Sanctuary Halls. According to each person&#039;s preference, afternoon and evening classes will be formed, with a maximum of seven people per room.<\/p>\n\n\n\n<p>To register or learn more about the Prayer and Life Workshops at the Sanctuary of Health and Peace, please contact the Parish Office, Monday to Friday, from 7:30 am to 6:00 pm. Saturdays and Sundays, from 8:00 am to 11:30 am. The telephone number is... <a href=\"https:\/\/www.google.com\/search?q=santuario+da+saude+e+da+paz&amp;rlz=1C1CHZN_pt-BRBR962BR962&amp;sxsrf=APq-WBvm51OqzucmTy2lgfkNALRegZGdLw%3A1643980510927&amp;ei=3ib9YcrqN8HM1sQP5bCgkAE&amp;oq=santu&amp;gs_lcp=Cgdnd3Mtd2l6EAMYADIECCMQJzIECCMQJzIECCMQJzIECAAQQzIKCAAQsQMQgwEQQzIICAAQgAQQsQMyBAgAEEMyCwguEIAEEMcBEK8BMgUIABCABDILCC4QgAQQxwEQrwE6CwguEIAEELEDEIMBOhEILhCABBCxAxCDARDHARDRAzoLCAAQgAQQsQMQgwE6CAguELEDEIMBOg4ILhCABBCxAxDHARCjAjoECC4QQ0oECEEYAEoECEYYAFAAWJUEYIYMaABwAngAgAGkAYgBwgWSAQMwLjWYAQCgAQHAAQE&amp;sclient=gws-wiz#\">(31) 3462-6557<\/a>. Questions can also be answered by the person in charge of the meetings (Neide) on the phone: (31) 98235-0696.<\/p>\n\n\n\n<p><\/p>","protected":false},"excerpt":{"rendered":"<p>O Santu\u00e1rio da Sa\u00fade e Paz, a Igreja do Padre Eust\u00e1quio est\u00e1 com inscri\u00e7\u00f5es abertas \u00e0queles que desejam participar dos encontros das Oficinas de Ora\u00e7\u00e3o e Vida. Adultos, adolescentes e crian\u00e7as est\u00e3o convidados a entrar nesta jornada de estudo e ora\u00e7\u00e3o. As oficinas de Ora\u00e7\u00e3o e Vida no Santu\u00e1rio Sa\u00fade e Paz, s\u00e3o aplicadas em encontros semanais com dura\u00e7\u00e3o de duas horas, durante 15 semanas para adultos e 10 semanas para os jovens, os adolescentes e as crian\u00e7as. No transcorrer dos encontros, os participantes ser\u00e3o conduzidos a relacionar-se com Deus como um amigo; a manusear a B\u00edblia e entender o [&hellip;]<\/p>\n","protected":false},"author":2,"featured_media":8065,"comment_status":"open","ping_status":"closed","sticky":false,"template":"","format":"standard","meta":{"_acf_changed":false,"footnotes":""},"categories":[611],"tags":[],"class_list":["post-8063","post","type-post","status-publish","format-standard","has-post-thumbnail","hentry","category-noticias"],"acf":[],"yoast_head":"<!-- This site is optimized with the Yoast SEO plugin v27.2 - https:\/\/yoast.com\/product\/yoast-seo-wordpress\/ -->\n<title>Igreja do Padre Eust\u00e1quio abre inscri\u00e7\u00f5es para Oficinas de Ora\u00e7\u00e3o e Vida<\/title>\n<meta name=\"description\" content=\"O Santu\u00e1rio da Sa\u00fade e Paz, a Igreja do Padre Eust\u00e1quio est\u00e1 com inscri\u00e7\u00f5es abertas \u00e0queles que desejam participar dos encontros das Oficinas de Ora\u00e7\u00e3o e Vida. Adultos, adolescentes e crian\u00e7as est\u00e3o convidados a entrar nesta jornada de estudo e ora\u00e7\u00e3o.\" \/>\n<meta name=\"robots\" content=\"index, follow, max-snippet:-1, max-image-preview:large, max-video-preview:-1\" \/>\n<link rel=\"canonical\" href=\"https:\/\/www.padreeustaquio.com.br\/en\/father-eustaquios-church-opens-registration-for-prayer-and-life-workshops\/\" \/>\n<meta property=\"og:locale\" content=\"en_US\" \/>\n<meta property=\"og:type\" content=\"article\" \/>\n<meta property=\"og:title\" content=\"Igreja do Padre Eust\u00e1quio abre inscri\u00e7\u00f5es para Oficinas de Ora\u00e7\u00e3o e Vida\" \/>\n<meta property=\"og:description\" content=\"O Santu\u00e1rio da Sa\u00fade e Paz, a Igreja do Padre Eust\u00e1quio est\u00e1 com inscri\u00e7\u00f5es abertas \u00e0queles que desejam participar dos encontros das Oficinas de Ora\u00e7\u00e3o e Vida. Adultos, adolescentes e crian\u00e7as est\u00e3o convidados a entrar nesta jornada de estudo e ora\u00e7\u00e3o.\" \/>\n<meta property=\"og:url\" content=\"https:\/\/www.padreeustaquio.com.br\/en\/father-eustaquios-church-opens-registration-for-prayer-and-life-workshops\/\" \/>\n<meta property=\"og:site_name\" content=\"Padre Eust\u00e1quio\" \/>\n<meta property=\"article:publisher\" content=\"https:\/\/www.facebook.com\/beatopadreeustaquio\/\" \/>\n<meta property=\"article:published_time\" content=\"2022-02-07T09:11:00+00:00\" \/>\n<meta property=\"og:image\" content=\"https:\/\/www.padreeustaquio.com.br\/wp-content\/uploads\/2022\/02\/oficinas-de-oracao-e-vida.jpg\" \/>\n\t<meta property=\"og:image:width\" content=\"748\" \/>\n\t<meta property=\"og:image:height\" content=\"394\" \/>\n\t<meta property=\"og:image:type\" content=\"image\/jpeg\" \/>\n<meta name=\"author\" content=\"@sscc\" \/>\n<meta name=\"twitter:card\" content=\"summary_large_image\" \/>\n<meta name=\"twitter:creator\" content=\"@beatopeustaquio\" \/>\n<meta name=\"twitter:site\" content=\"@beatopeustaquio\" \/>\n<meta name=\"twitter:label1\" content=\"Written by\" \/>\n\t<meta name=\"twitter:data1\" content=\"@sscc\" \/>\n\t<meta name=\"twitter:label2\" content=\"Est. reading time\" \/>\n\t<meta name=\"twitter:data2\" content=\"2 minutes\" \/>\n<script type=\"application\/ld+json\" class=\"yoast-schema-graph\">{\"@context\":\"https:\/\/schema.org\",\"@graph\":[{\"@type\":\"Article\",\"@id\":\"https:\/\/www.padreeustaquio.com.br\/igreja-do-padre-eustaquio-abre-inscricoes-para-oficinas-de-oracao-e-vida\/#article\",\"isPartOf\":{\"@id\":\"https:\/\/www.padreeustaquio.com.br\/igreja-do-padre-eustaquio-abre-inscricoes-para-oficinas-de-oracao-e-vida\/\"},\"author\":{\"name\":\"@sscc\",\"@id\":\"https:\/\/www.padreeustaquio.com.br\/#\/schema\/person\/a2a51db1d00f1a7af0204a0f1ddb1566\"},\"headline\":\"Igreja do Padre Eust\u00e1quio abre inscri\u00e7\u00f5es para Oficinas de Ora\u00e7\u00e3o e Vida\",\"datePublished\":\"2022-02-07T09:11:00+00:00\",\"mainEntityOfPage\":{\"@id\":\"https:\/\/www.padreeustaquio.com.br\/igreja-do-padre-eustaquio-abre-inscricoes-para-oficinas-de-oracao-e-vida\/\"},\"wordCount\":287,\"commentCount\":0,\"publisher\":{\"@id\":\"https:\/\/www.padreeustaquio.com.br\/#organization\"},\"image\":{\"@id\":\"https:\/\/www.padreeustaquio.com.br\/igreja-do-padre-eustaquio-abre-inscricoes-para-oficinas-de-oracao-e-vida\/#primaryimage\"},\"thumbnailUrl\":\"https:\/\/www.padreeustaquio.com.br\/wp-content\/uploads\/2022\/02\/oficinas-de-oracao-e-vida.jpg\",\"articleSection\":[\"Not\u00edcias\"],\"inLanguage\":\"en-US\",\"potentialAction\":[{\"@type\":\"CommentAction\",\"name\":\"Comment\",\"target\":[\"https:\/\/www.padreeustaquio.com.br\/igreja-do-padre-eustaquio-abre-inscricoes-para-oficinas-de-oracao-e-vida\/#respond\"]}]},{\"@type\":\"WebPage\",\"@id\":\"https:\/\/www.padreeustaquio.com.br\/igreja-do-padre-eustaquio-abre-inscricoes-para-oficinas-de-oracao-e-vida\/\",\"url\":\"https:\/\/www.padreeustaquio.com.br\/igreja-do-padre-eustaquio-abre-inscricoes-para-oficinas-de-oracao-e-vida\/\",\"name\":\"Igreja do Padre Eust\u00e1quio abre inscri\u00e7\u00f5es para Oficinas de Ora\u00e7\u00e3o e Vida\",\"isPartOf\":{\"@id\":\"https:\/\/www.padreeustaquio.com.br\/#website\"},\"primaryImageOfPage\":{\"@id\":\"https:\/\/www.padreeustaquio.com.br\/igreja-do-padre-eustaquio-abre-inscricoes-para-oficinas-de-oracao-e-vida\/#primaryimage\"},\"image\":{\"@id\":\"https:\/\/www.padreeustaquio.com.br\/igreja-do-padre-eustaquio-abre-inscricoes-para-oficinas-de-oracao-e-vida\/#primaryimage\"},\"thumbnailUrl\":\"https:\/\/www.padreeustaquio.com.br\/wp-content\/uploads\/2022\/02\/oficinas-de-oracao-e-vida.jpg\",\"datePublished\":\"2022-02-07T09:11:00+00:00\",\"description\":\"O Santu\u00e1rio da Sa\u00fade e Paz, a Igreja do Padre Eust\u00e1quio est\u00e1 com inscri\u00e7\u00f5es abertas \u00e0queles que desejam participar dos encontros das Oficinas de Ora\u00e7\u00e3o e Vida. Adultos, adolescentes e crian\u00e7as est\u00e3o convidados a entrar nesta jornada de estudo e ora\u00e7\u00e3o.\",\"breadcrumb\":{\"@id\":\"https:\/\/www.padreeustaquio.com.br\/igreja-do-padre-eustaquio-abre-inscricoes-para-oficinas-de-oracao-e-vida\/#breadcrumb\"},\"inLanguage\":\"en-US\",\"potentialAction\":[{\"@type\":\"ReadAction\",\"target\":[\"https:\/\/www.padreeustaquio.com.br\/igreja-do-padre-eustaquio-abre-inscricoes-para-oficinas-de-oracao-e-vida\/\"]}]},{\"@type\":\"ImageObject\",\"inLanguage\":\"en-US\",\"@id\":\"https:\/\/www.padreeustaquio.com.br\/igreja-do-padre-eustaquio-abre-inscricoes-para-oficinas-de-oracao-e-vida\/#primaryimage\",\"url\":\"https:\/\/www.padreeustaquio.com.br\/wp-content\/uploads\/2022\/02\/oficinas-de-oracao-e-vida.jpg\",\"contentUrl\":\"https:\/\/www.padreeustaquio.com.br\/wp-content\/uploads\/2022\/02\/oficinas-de-oracao-e-vida.jpg\",\"width\":748,\"height\":394},{\"@type\":\"BreadcrumbList\",\"@id\":\"https:\/\/www.padreeustaquio.com.br\/igreja-do-padre-eustaquio-abre-inscricoes-para-oficinas-de-oracao-e-vida\/#breadcrumb\",\"itemListElement\":[{\"@type\":\"ListItem\",\"position\":1,\"name\":\"In\u00edcio\",\"item\":\"https:\/\/www.padreeustaquio.com.br\/\"},{\"@type\":\"ListItem\",\"position\":2,\"name\":\"Igreja do Padre Eust\u00e1quio abre inscri\u00e7\u00f5es para Oficinas de Ora\u00e7\u00e3o e Vida\"}]},{\"@type\":\"WebSite\",\"@id\":\"https:\/\/www.padreeustaquio.com.br\/#website\",\"url\":\"https:\/\/www.padreeustaquio.com.br\/\",\"name\":\"Padre Eust\u00e1quio\",\"description\":\"Sa\u00fade e Paz\",\"publisher\":{\"@id\":\"https:\/\/www.padreeustaquio.com.br\/#organization\"},\"potentialAction\":[{\"@type\":\"SearchAction\",\"target\":{\"@type\":\"EntryPoint\",\"urlTemplate\":\"https:\/\/www.padreeustaquio.com.br\/?s={search_term_string}\"},\"query-input\":{\"@type\":\"PropertyValueSpecification\",\"valueRequired\":true,\"valueName\":\"search_term_string\"}}],\"inLanguage\":\"en-US\"},{\"@type\":\"Organization\",\"@id\":\"https:\/\/www.padreeustaquio.com.br\/#organization\",\"name\":\"Padre Eust\u00e1quio\",\"url\":\"https:\/\/www.padreeustaquio.com.br\/\",\"logo\":{\"@type\":\"ImageObject\",\"inLanguage\":\"en-US\",\"@id\":\"https:\/\/www.padreeustaquio.com.br\/#\/schema\/logo\/image\/\",\"url\":\"https:\/\/www.padreeustaquio.com.br\/wp-content\/uploads\/2019\/08\/marca.png\",\"contentUrl\":\"https:\/\/www.padreeustaquio.com.br\/wp-content\/uploads\/2019\/08\/marca.png\",\"width\":350,\"height\":400,\"caption\":\"Padre Eust\u00e1quio\"},\"image\":{\"@id\":\"https:\/\/www.padreeustaquio.com.br\/#\/schema\/logo\/image\/\"},\"sameAs\":[\"https:\/\/www.facebook.com\/beatopadreeustaquio\/\",\"https:\/\/x.com\/beatopeustaquio\",\"https:\/\/www.instagram.com\/beatopadreeustaquio\/\",\"https:\/\/www.youtube.com\/channel\/UCRhw7vfabnajwLxb1ZXMeIw\"]},{\"@type\":\"Person\",\"@id\":\"https:\/\/www.padreeustaquio.com.br\/#\/schema\/person\/a2a51db1d00f1a7af0204a0f1ddb1566\",\"name\":\"@sscc\",\"image\":{\"@type\":\"ImageObject\",\"inLanguage\":\"en-US\",\"@id\":\"https:\/\/secure.gravatar.com\/avatar\/68cfafa5f44617fea54071e215026e0ff06be366c3d54a8425f04fdcb86f8c5f?s=96&d=mm&r=g\",\"url\":\"https:\/\/secure.gravatar.com\/avatar\/68cfafa5f44617fea54071e215026e0ff06be366c3d54a8425f04fdcb86f8c5f?s=96&d=mm&r=g\",\"contentUrl\":\"https:\/\/secure.gravatar.com\/avatar\/68cfafa5f44617fea54071e215026e0ff06be366c3d54a8425f04fdcb86f8c5f?s=96&d=mm&r=g\",\"caption\":\"@sscc\"},\"url\":\"https:\/\/www.padreeustaquio.com.br\/en\/author\/sscc\/\"}]}<\/script>\n<!-- \/ Yoast SEO plugin. -->","yoast_head_json":{"title":"Father Eust\u00e1quio&#039;s Church opens registration for Prayer and Life Workshops.","description":"The Sanctuary of Health and Peace, the Church of Father Eust\u00e1quio, is now accepting registrations for those who wish to participate in the Prayer and Life Workshops. Adults, teenagers, and children are invited to join this journey of study and prayer.","robots":{"index":"index","follow":"follow","max-snippet":"max-snippet:-1","max-image-preview":"max-image-preview:large","max-video-preview":"max-video-preview:-1"},"canonical":"https:\/\/www.padreeustaquio.com.br\/en\/father-eustaquios-church-opens-registration-for-prayer-and-life-workshops\/","og_locale":"en_US","og_type":"article","og_title":"Igreja do Padre Eust\u00e1quio abre inscri\u00e7\u00f5es para Oficinas de Ora\u00e7\u00e3o e Vida","og_description":"O Santu\u00e1rio da Sa\u00fade e Paz, a Igreja do Padre Eust\u00e1quio est\u00e1 com inscri\u00e7\u00f5es abertas \u00e0queles que desejam participar dos encontros das Oficinas de Ora\u00e7\u00e3o e Vida. Adultos, adolescentes e crian\u00e7as est\u00e3o convidados a entrar nesta jornada de estudo e ora\u00e7\u00e3o.","og_url":"https:\/\/www.padreeustaquio.com.br\/en\/father-eustaquios-church-opens-registration-for-prayer-and-life-workshops\/","og_site_name":"Padre Eust\u00e1quio","article_publisher":"https:\/\/www.facebook.com\/beatopadreeustaquio\/","article_published_time":"2022-02-07T09:11:00+00:00","og_image":[{"width":748,"height":394,"url":"https:\/\/www.padreeustaquio.com.br\/wp-content\/uploads\/2022\/02\/oficinas-de-oracao-e-vida.jpg","type":"image\/jpeg"}],"author":"@sscc","twitter_card":"summary_large_image","twitter_creator":"@beatopeustaquio","twitter_site":"@beatopeustaquio","twitter_misc":{"Written by":"@sscc","Est. reading time":"2 minutes"},"schema":{"@context":"https:\/\/schema.org","@graph":[{"@type":"Article","@id":"https:\/\/www.padreeustaquio.com.br\/igreja-do-padre-eustaquio-abre-inscricoes-para-oficinas-de-oracao-e-vida\/#article","isPartOf":{"@id":"https:\/\/www.padreeustaquio.com.br\/igreja-do-padre-eustaquio-abre-inscricoes-para-oficinas-de-oracao-e-vida\/"},"author":{"name":"@sscc","@id":"https:\/\/www.padreeustaquio.com.br\/#\/schema\/person\/a2a51db1d00f1a7af0204a0f1ddb1566"},"headline":"Igreja do Padre Eust\u00e1quio abre inscri\u00e7\u00f5es para Oficinas de Ora\u00e7\u00e3o e Vida","datePublished":"2022-02-07T09:11:00+00:00","mainEntityOfPage":{"@id":"https:\/\/www.padreeustaquio.com.br\/igreja-do-padre-eustaquio-abre-inscricoes-para-oficinas-de-oracao-e-vida\/"},"wordCount":287,"commentCount":0,"publisher":{"@id":"https:\/\/www.padreeustaquio.com.br\/#organization"},"image":{"@id":"https:\/\/www.padreeustaquio.com.br\/igreja-do-padre-eustaquio-abre-inscricoes-para-oficinas-de-oracao-e-vida\/#primaryimage"},"thumbnailUrl":"https:\/\/www.padreeustaquio.com.br\/wp-content\/uploads\/2022\/02\/oficinas-de-oracao-e-vida.jpg","articleSection":["Not\u00edcias"],"inLanguage":"en-US","potentialAction":[{"@type":"CommentAction","name":"Comment","target":["https:\/\/www.padreeustaquio.com.br\/igreja-do-padre-eustaquio-abre-inscricoes-para-oficinas-de-oracao-e-vida\/#respond"]}]},{"@type":"WebPage","@id":"https:\/\/www.padreeustaquio.com.br\/igreja-do-padre-eustaquio-abre-inscricoes-para-oficinas-de-oracao-e-vida\/","url":"https:\/\/www.padreeustaquio.com.br\/igreja-do-padre-eustaquio-abre-inscricoes-para-oficinas-de-oracao-e-vida\/","name":"Father Eust\u00e1quio&#039;s Church opens registration for Prayer and Life Workshops.","isPartOf":{"@id":"https:\/\/www.padreeustaquio.com.br\/#website"},"primaryImageOfPage":{"@id":"https:\/\/www.padreeustaquio.com.br\/igreja-do-padre-eustaquio-abre-inscricoes-para-oficinas-de-oracao-e-vida\/#primaryimage"},"image":{"@id":"https:\/\/www.padreeustaquio.com.br\/igreja-do-padre-eustaquio-abre-inscricoes-para-oficinas-de-oracao-e-vida\/#primaryimage"},"thumbnailUrl":"https:\/\/www.padreeustaquio.com.br\/wp-content\/uploads\/2022\/02\/oficinas-de-oracao-e-vida.jpg","datePublished":"2022-02-07T09:11:00+00:00","description":"The Sanctuary of Health and Peace, the Church of Father Eust\u00e1quio, is now accepting registrations for those who wish to participate in the Prayer and Life Workshops. Adults, teenagers, and children are invited to join this journey of study and prayer.","breadcrumb":{"@id":"https:\/\/www.padreeustaquio.com.br\/igreja-do-padre-eustaquio-abre-inscricoes-para-oficinas-de-oracao-e-vida\/#breadcrumb"},"inLanguage":"en-US","potentialAction":[{"@type":"ReadAction","target":["https:\/\/www.padreeustaquio.com.br\/igreja-do-padre-eustaquio-abre-inscricoes-para-oficinas-de-oracao-e-vida\/"]}]},{"@type":"ImageObject","inLanguage":"en-US","@id":"https:\/\/www.padreeustaquio.com.br\/igreja-do-padre-eustaquio-abre-inscricoes-para-oficinas-de-oracao-e-vida\/#primaryimage","url":"https:\/\/www.padreeustaquio.com.br\/wp-content\/uploads\/2022\/02\/oficinas-de-oracao-e-vida.jpg","contentUrl":"https:\/\/www.padreeustaquio.com.br\/wp-content\/uploads\/2022\/02\/oficinas-de-oracao-e-vida.jpg","width":748,"height":394},{"@type":"BreadcrumbList","@id":"https:\/\/www.padreeustaquio.com.br\/igreja-do-padre-eustaquio-abre-inscricoes-para-oficinas-de-oracao-e-vida\/#breadcrumb","itemListElement":[{"@type":"ListItem","position":1,"name":"In\u00edcio","item":"https:\/\/www.padreeustaquio.com.br\/"},{"@type":"ListItem","position":2,"name":"Igreja do Padre Eust\u00e1quio abre inscri\u00e7\u00f5es para Oficinas de Ora\u00e7\u00e3o e Vida"}]},{"@type":"WebSite","@id":"https:\/\/www.padreeustaquio.com.br\/#website","url":"https:\/\/www.padreeustaquio.com.br\/","name":"FATHER EUST\u00c1QUIO","description":"Health and Peace","publisher":{"@id":"https:\/\/www.padreeustaquio.com.br\/#organization"},"potentialAction":[{"@type":"SearchAction","target":{"@type":"EntryPoint","urlTemplate":"https:\/\/www.padreeustaquio.com.br\/?s={search_term_string}"},"query-input":{"@type":"PropertyValueSpecification","valueRequired":true,"valueName":"search_term_string"}}],"inLanguage":"en-US"},{"@type":"Organization","@id":"https:\/\/www.padreeustaquio.com.br\/#organization","name":"FATHER EUST\u00c1QUIO","url":"https:\/\/www.padreeustaquio.com.br\/","logo":{"@type":"ImageObject","inLanguage":"en-US","@id":"https:\/\/www.padreeustaquio.com.br\/#\/schema\/logo\/image\/","url":"https:\/\/www.padreeustaquio.com.br\/wp-content\/uploads\/2019\/08\/marca.png","contentUrl":"https:\/\/www.padreeustaquio.com.br\/wp-content\/uploads\/2019\/08\/marca.png","width":350,"height":400,"caption":"Padre Eust\u00e1quio"},"image":{"@id":"https:\/\/www.padreeustaquio.com.br\/#\/schema\/logo\/image\/"},"sameAs":["https:\/\/www.facebook.com\/beatopadreeustaquio\/","https:\/\/x.com\/beatopeustaquio","https:\/\/www.instagram.com\/beatopadreeustaquio\/","https:\/\/www.youtube.com\/channel\/UCRhw7vfabnajwLxb1ZXMeIw"]},{"@type":"Person","@id":"https:\/\/www.padreeustaquio.com.br\/#\/schema\/person\/a2a51db1d00f1a7af0204a0f1ddb1566","name":"@sscc","image":{"@type":"ImageObject","inLanguage":"en-US","@id":"https:\/\/secure.gravatar.com\/avatar\/68cfafa5f44617fea54071e215026e0ff06be366c3d54a8425f04fdcb86f8c5f?s=96&d=mm&r=g","url":"https:\/\/secure.gravatar.com\/avatar\/68cfafa5f44617fea54071e215026e0ff06be366c3d54a8425f04fdcb86f8c5f?s=96&d=mm&r=g","contentUrl":"https:\/\/secure.gravatar.com\/avatar\/68cfafa5f44617fea54071e215026e0ff06be366c3d54a8425f04fdcb86f8c5f?s=96&d=mm&r=g","caption":"@sscc"},"url":"https:\/\/www.padreeustaquio.com.br\/en\/author\/sscc\/"}]}},"_links":{"self":[{"href":"https:\/\/www.padreeustaquio.com.br\/en\/wp-json\/wp\/v2\/posts\/8063","targetHints":{"allow":["GET"]}}],"collection":[{"href":"https:\/\/www.padreeustaquio.com.br\/en\/wp-json\/wp\/v2\/posts"}],"about":[{"href":"https:\/\/www.padreeustaquio.com.br\/en\/wp-json\/wp\/v2\/types\/post"}],"author":[{"embeddable":true,"href":"https:\/\/www.padreeustaquio.com.br\/en\/wp-json\/wp\/v2\/users\/2"}],"replies":[{"embeddable":true,"href":"https:\/\/www.padreeustaquio.com.br\/en\/wp-json\/wp\/v2\/comments?post=8063"}],"version-history":[{"count":0,"href":"https:\/\/www.padreeustaquio.com.br\/en\/wp-json\/wp\/v2\/posts\/8063\/revisions"}],"wp:featuredmedia":[{"embeddable":true,"href":"https:\/\/www.padreeustaquio.com.br\/en\/wp-json\/wp\/v2\/media\/8065"}],"wp:attachment":[{"href":"https:\/\/www.padreeustaquio.com.br\/en\/wp-json\/wp\/v2\/media?parent=8063"}],"wp:term":[{"taxonomy":"category","embeddable":true,"href":"https:\/\/www.padreeustaquio.com.br\/en\/wp-json\/wp\/v2\/categories?post=8063"},{"taxonomy":"post_tag","embeddable":true,"href":"https:\/\/www.padreeustaquio.com.br\/en\/wp-json\/wp\/v2\/tags?post=8063"}],"curies":[{"name":"wp","href":"https:\/\/api.w.org\/{rel}","templated":true}]}}