{"id":8053,"date":"2022-02-08T06:34:00","date_gmt":"2022-02-08T09:34:00","guid":{"rendered":"https:\/\/www.padreeustaquio.com.br\/?p=8053"},"modified":"2022-02-04T10:34:38","modified_gmt":"2022-02-04T13:34:38","slug":"secretary-of-culture-of-porto-alegre-sp-visits-padre-eustaquio-museum-in-the-city","status":"publish","type":"post","link":"https:\/\/www.padreeustaquio.com.br\/en\/secretary-of-culture-of-porto-alegre-sp-visits-padre-eustaquio-museum-in-the-city\/","title":{"rendered":"Secretary of Culture of Po\u00e1-SP visits Padre Eust\u00e1quio Museum"},"content":{"rendered":"<p>The municipal secretary of culture of Po\u00e1\/SP, Ariel Borges, visited the city&#039;s museum, dedicated to Father Eust\u00e1quio. The municipal director of culture also participated in the visit.<\/p>\n\n\n\n<p>During the visit, representatives of the municipality&#039;s executive branch were able to learn a little about the history of the Blessed One. They examined documents and objects that belonged to Father Eust\u00e1quio up close. They also took the opportunity to see the results of the emergency repairs carried out on the building&#039;s roof to stop leaks and seepage, work done last year with funds allocated to culture.<\/p>\n\n\n\n<p>The museum dedicated to the Blessed was inaugurated in May 2006 and today operates within the Padre Eust\u00e1quio Evangelization Center. The site receives approximately 300 visitors per year.<\/p>\n\n\n\n<p><\/p>","protected":false},"excerpt":{"rendered":"<p>O secret\u00e1rio municipal de cultura de Po\u00e1\/SP, Ariel Borges, visitou o Museu da cidade, dedicado a Padre Eust\u00e1quio. O diretor municipal de cultura tamb\u00e9m participou da visita\u00e7\u00e3o. Durante a visita, os representantes do poder executivo do munic\u00edpio, puderam conhecer um pouco da hist\u00f3ria do Beato. Eles conferiram de perto documentos e objetos que pertenceram a Padre Eust\u00e1quio. Os dois aproveitaram ainda para verem o resultado da reforma emergencial, realizada no telhado do im\u00f3vel para conter as infiltra\u00e7\u00f5es e goteiras, obra feita no ano passado, com o auxilio de verba destinada \u00e0 cultura. O Museu dedicado ao Beato foi inaugurado em [&hellip;]<\/p>\n","protected":false},"author":2,"featured_media":8054,"comment_status":"open","ping_status":"closed","sticky":false,"template":"","format":"standard","meta":{"_acf_changed":false,"footnotes":""},"categories":[611],"tags":[],"class_list":["post-8053","post","type-post","status-publish","format-standard","has-post-thumbnail","hentry","category-noticias"],"acf":[],"yoast_head":"<!-- This site is optimized with the Yoast SEO plugin v27.2 - https:\/\/yoast.com\/product\/yoast-seo-wordpress\/ -->\n<title>Secret\u00e1rio de Cultura de Po\u00e1-SP visita Museu Padre Eust\u00e1quio<\/title>\n<meta name=\"description\" content=\"O secret\u00e1rio municipal de cultura de Po\u00e1\/SP, Ariel Borges, visitou o Museu da cidade, dedicado a Padre Eust\u00e1quio. O diretor municipal de cultura tamb\u00e9m participou da visita\u00e7\u00e3o.\" \/>\n<meta name=\"robots\" content=\"index, follow, max-snippet:-1, max-image-preview:large, max-video-preview:-1\" \/>\n<link rel=\"canonical\" href=\"https:\/\/www.padreeustaquio.com.br\/en\/secretary-of-culture-of-porto-alegre-sp-visits-padre-eustaquio-museum-in-the-city\/\" \/>\n<meta property=\"og:locale\" content=\"en_US\" \/>\n<meta property=\"og:type\" content=\"article\" \/>\n<meta property=\"og:title\" content=\"Secret\u00e1rio de Cultura de Po\u00e1-SP visita Museu Padre Eust\u00e1quio\" \/>\n<meta property=\"og:description\" content=\"O secret\u00e1rio municipal de cultura de Po\u00e1\/SP, Ariel Borges, visitou o Museu da cidade, dedicado a Padre Eust\u00e1quio. O diretor municipal de cultura tamb\u00e9m participou da visita\u00e7\u00e3o.\" \/>\n<meta property=\"og:url\" content=\"https:\/\/www.padreeustaquio.com.br\/en\/secretary-of-culture-of-porto-alegre-sp-visits-padre-eustaquio-museum-in-the-city\/\" \/>\n<meta property=\"og:site_name\" content=\"Padre Eust\u00e1quio\" \/>\n<meta property=\"article:publisher\" content=\"https:\/\/www.facebook.com\/beatopadreeustaquio\/\" \/>\n<meta property=\"article:published_time\" content=\"2022-02-08T09:34:00+00:00\" \/>\n<meta property=\"og:image\" content=\"https:\/\/www.padreeustaquio.com.br\/wp-content\/uploads\/2022\/02\/visita-secretario.jpg\" \/>\n\t<meta property=\"og:image:width\" content=\"748\" \/>\n\t<meta property=\"og:image:height\" content=\"394\" \/>\n\t<meta property=\"og:image:type\" content=\"image\/jpeg\" \/>\n<meta name=\"author\" content=\"@sscc\" \/>\n<meta name=\"twitter:card\" content=\"summary_large_image\" \/>\n<meta name=\"twitter:creator\" content=\"@beatopeustaquio\" \/>\n<meta name=\"twitter:site\" content=\"@beatopeustaquio\" \/>\n<meta name=\"twitter:label1\" content=\"Written by\" \/>\n\t<meta name=\"twitter:data1\" content=\"@sscc\" \/>\n\t<meta name=\"twitter:label2\" content=\"Est. reading time\" \/>\n\t<meta name=\"twitter:data2\" content=\"1 minute\" \/>\n<script type=\"application\/ld+json\" class=\"yoast-schema-graph\">{\"@context\":\"https:\/\/schema.org\",\"@graph\":[{\"@type\":\"Article\",\"@id\":\"https:\/\/www.padreeustaquio.com.br\/secretario-de-cultura-de-poa-sp-visita-museu-padre-eustaquio-da-cidade\/#article\",\"isPartOf\":{\"@id\":\"https:\/\/www.padreeustaquio.com.br\/secretario-de-cultura-de-poa-sp-visita-museu-padre-eustaquio-da-cidade\/\"},\"author\":{\"name\":\"@sscc\",\"@id\":\"https:\/\/www.padreeustaquio.com.br\/#\/schema\/person\/a2a51db1d00f1a7af0204a0f1ddb1566\"},\"headline\":\"Secret\u00e1rio de Cultura de Po\u00e1-SP visita Museu Padre Eust\u00e1quio\",\"datePublished\":\"2022-02-08T09:34:00+00:00\",\"mainEntityOfPage\":{\"@id\":\"https:\/\/www.padreeustaquio.com.br\/secretario-de-cultura-de-poa-sp-visita-museu-padre-eustaquio-da-cidade\/\"},\"wordCount\":142,\"commentCount\":0,\"publisher\":{\"@id\":\"https:\/\/www.padreeustaquio.com.br\/#organization\"},\"image\":{\"@id\":\"https:\/\/www.padreeustaquio.com.br\/secretario-de-cultura-de-poa-sp-visita-museu-padre-eustaquio-da-cidade\/#primaryimage\"},\"thumbnailUrl\":\"https:\/\/www.padreeustaquio.com.br\/wp-content\/uploads\/2022\/02\/visita-secretario.jpg\",\"articleSection\":[\"Not\u00edcias\"],\"inLanguage\":\"en-US\",\"potentialAction\":[{\"@type\":\"CommentAction\",\"name\":\"Comment\",\"target\":[\"https:\/\/www.padreeustaquio.com.br\/secretario-de-cultura-de-poa-sp-visita-museu-padre-eustaquio-da-cidade\/#respond\"]}]},{\"@type\":\"WebPage\",\"@id\":\"https:\/\/www.padreeustaquio.com.br\/secretario-de-cultura-de-poa-sp-visita-museu-padre-eustaquio-da-cidade\/\",\"url\":\"https:\/\/www.padreeustaquio.com.br\/secretario-de-cultura-de-poa-sp-visita-museu-padre-eustaquio-da-cidade\/\",\"name\":\"Secret\u00e1rio de Cultura de Po\u00e1-SP visita Museu Padre Eust\u00e1quio\",\"isPartOf\":{\"@id\":\"https:\/\/www.padreeustaquio.com.br\/#website\"},\"primaryImageOfPage\":{\"@id\":\"https:\/\/www.padreeustaquio.com.br\/secretario-de-cultura-de-poa-sp-visita-museu-padre-eustaquio-da-cidade\/#primaryimage\"},\"image\":{\"@id\":\"https:\/\/www.padreeustaquio.com.br\/secretario-de-cultura-de-poa-sp-visita-museu-padre-eustaquio-da-cidade\/#primaryimage\"},\"thumbnailUrl\":\"https:\/\/www.padreeustaquio.com.br\/wp-content\/uploads\/2022\/02\/visita-secretario.jpg\",\"datePublished\":\"2022-02-08T09:34:00+00:00\",\"description\":\"O secret\u00e1rio municipal de cultura de Po\u00e1\/SP, Ariel Borges, visitou o Museu da cidade, dedicado a Padre Eust\u00e1quio. O diretor municipal de cultura tamb\u00e9m participou da visita\u00e7\u00e3o.\",\"breadcrumb\":{\"@id\":\"https:\/\/www.padreeustaquio.com.br\/secretario-de-cultura-de-poa-sp-visita-museu-padre-eustaquio-da-cidade\/#breadcrumb\"},\"inLanguage\":\"en-US\",\"potentialAction\":[{\"@type\":\"ReadAction\",\"target\":[\"https:\/\/www.padreeustaquio.com.br\/secretario-de-cultura-de-poa-sp-visita-museu-padre-eustaquio-da-cidade\/\"]}]},{\"@type\":\"ImageObject\",\"inLanguage\":\"en-US\",\"@id\":\"https:\/\/www.padreeustaquio.com.br\/secretario-de-cultura-de-poa-sp-visita-museu-padre-eustaquio-da-cidade\/#primaryimage\",\"url\":\"https:\/\/www.padreeustaquio.com.br\/wp-content\/uploads\/2022\/02\/visita-secretario.jpg\",\"contentUrl\":\"https:\/\/www.padreeustaquio.com.br\/wp-content\/uploads\/2022\/02\/visita-secretario.jpg\",\"width\":748,\"height\":394},{\"@type\":\"BreadcrumbList\",\"@id\":\"https:\/\/www.padreeustaquio.com.br\/secretario-de-cultura-de-poa-sp-visita-museu-padre-eustaquio-da-cidade\/#breadcrumb\",\"itemListElement\":[{\"@type\":\"ListItem\",\"position\":1,\"name\":\"In\u00edcio\",\"item\":\"https:\/\/www.padreeustaquio.com.br\/\"},{\"@type\":\"ListItem\",\"position\":2,\"name\":\"Secret\u00e1rio de Cultura de Po\u00e1-SP visita Museu Padre Eust\u00e1quio\"}]},{\"@type\":\"WebSite\",\"@id\":\"https:\/\/www.padreeustaquio.com.br\/#website\",\"url\":\"https:\/\/www.padreeustaquio.com.br\/\",\"name\":\"Padre Eust\u00e1quio\",\"description\":\"Sa\u00fade e Paz\",\"publisher\":{\"@id\":\"https:\/\/www.padreeustaquio.com.br\/#organization\"},\"potentialAction\":[{\"@type\":\"SearchAction\",\"target\":{\"@type\":\"EntryPoint\",\"urlTemplate\":\"https:\/\/www.padreeustaquio.com.br\/?s={search_term_string}\"},\"query-input\":{\"@type\":\"PropertyValueSpecification\",\"valueRequired\":true,\"valueName\":\"search_term_string\"}}],\"inLanguage\":\"en-US\"},{\"@type\":\"Organization\",\"@id\":\"https:\/\/www.padreeustaquio.com.br\/#organization\",\"name\":\"Padre Eust\u00e1quio\",\"url\":\"https:\/\/www.padreeustaquio.com.br\/\",\"logo\":{\"@type\":\"ImageObject\",\"inLanguage\":\"en-US\",\"@id\":\"https:\/\/www.padreeustaquio.com.br\/#\/schema\/logo\/image\/\",\"url\":\"https:\/\/www.padreeustaquio.com.br\/wp-content\/uploads\/2019\/08\/marca.png\",\"contentUrl\":\"https:\/\/www.padreeustaquio.com.br\/wp-content\/uploads\/2019\/08\/marca.png\",\"width\":350,\"height\":400,\"caption\":\"Padre Eust\u00e1quio\"},\"image\":{\"@id\":\"https:\/\/www.padreeustaquio.com.br\/#\/schema\/logo\/image\/\"},\"sameAs\":[\"https:\/\/www.facebook.com\/beatopadreeustaquio\/\",\"https:\/\/x.com\/beatopeustaquio\",\"https:\/\/www.instagram.com\/beatopadreeustaquio\/\",\"https:\/\/www.youtube.com\/channel\/UCRhw7vfabnajwLxb1ZXMeIw\"]},{\"@type\":\"Person\",\"@id\":\"https:\/\/www.padreeustaquio.com.br\/#\/schema\/person\/a2a51db1d00f1a7af0204a0f1ddb1566\",\"name\":\"@sscc\",\"image\":{\"@type\":\"ImageObject\",\"inLanguage\":\"en-US\",\"@id\":\"https:\/\/secure.gravatar.com\/avatar\/68cfafa5f44617fea54071e215026e0ff06be366c3d54a8425f04fdcb86f8c5f?s=96&d=mm&r=g\",\"url\":\"https:\/\/secure.gravatar.com\/avatar\/68cfafa5f44617fea54071e215026e0ff06be366c3d54a8425f04fdcb86f8c5f?s=96&d=mm&r=g\",\"contentUrl\":\"https:\/\/secure.gravatar.com\/avatar\/68cfafa5f44617fea54071e215026e0ff06be366c3d54a8425f04fdcb86f8c5f?s=96&d=mm&r=g\",\"caption\":\"@sscc\"},\"url\":\"https:\/\/www.padreeustaquio.com.br\/en\/author\/sscc\/\"}]}<\/script>\n<!-- \/ Yoast SEO plugin. -->","yoast_head_json":{"title":"Secretary of Culture of Po\u00e1-SP visits Padre Eust\u00e1quio Museum","description":"The municipal secretary of culture of Po\u00e1\/SP, Ariel Borges, visited the city&#039;s museum, dedicated to Father Eust\u00e1quio. The municipal director of culture also participated in the visit.","robots":{"index":"index","follow":"follow","max-snippet":"max-snippet:-1","max-image-preview":"max-image-preview:large","max-video-preview":"max-video-preview:-1"},"canonical":"https:\/\/www.padreeustaquio.com.br\/en\/secretary-of-culture-of-porto-alegre-sp-visits-padre-eustaquio-museum-in-the-city\/","og_locale":"en_US","og_type":"article","og_title":"Secret\u00e1rio de Cultura de Po\u00e1-SP visita Museu Padre Eust\u00e1quio","og_description":"O secret\u00e1rio municipal de cultura de Po\u00e1\/SP, Ariel Borges, visitou o Museu da cidade, dedicado a Padre Eust\u00e1quio. O diretor municipal de cultura tamb\u00e9m participou da visita\u00e7\u00e3o.","og_url":"https:\/\/www.padreeustaquio.com.br\/en\/secretary-of-culture-of-porto-alegre-sp-visits-padre-eustaquio-museum-in-the-city\/","og_site_name":"Padre Eust\u00e1quio","article_publisher":"https:\/\/www.facebook.com\/beatopadreeustaquio\/","article_published_time":"2022-02-08T09:34:00+00:00","og_image":[{"width":748,"height":394,"url":"https:\/\/www.padreeustaquio.com.br\/wp-content\/uploads\/2022\/02\/visita-secretario.jpg","type":"image\/jpeg"}],"author":"@sscc","twitter_card":"summary_large_image","twitter_creator":"@beatopeustaquio","twitter_site":"@beatopeustaquio","twitter_misc":{"Written by":"@sscc","Est. reading time":"1 minute"},"schema":{"@context":"https:\/\/schema.org","@graph":[{"@type":"Article","@id":"https:\/\/www.padreeustaquio.com.br\/secretario-de-cultura-de-poa-sp-visita-museu-padre-eustaquio-da-cidade\/#article","isPartOf":{"@id":"https:\/\/www.padreeustaquio.com.br\/secretario-de-cultura-de-poa-sp-visita-museu-padre-eustaquio-da-cidade\/"},"author":{"name":"@sscc","@id":"https:\/\/www.padreeustaquio.com.br\/#\/schema\/person\/a2a51db1d00f1a7af0204a0f1ddb1566"},"headline":"Secret\u00e1rio de Cultura de Po\u00e1-SP visita Museu Padre Eust\u00e1quio","datePublished":"2022-02-08T09:34:00+00:00","mainEntityOfPage":{"@id":"https:\/\/www.padreeustaquio.com.br\/secretario-de-cultura-de-poa-sp-visita-museu-padre-eustaquio-da-cidade\/"},"wordCount":142,"commentCount":0,"publisher":{"@id":"https:\/\/www.padreeustaquio.com.br\/#organization"},"image":{"@id":"https:\/\/www.padreeustaquio.com.br\/secretario-de-cultura-de-poa-sp-visita-museu-padre-eustaquio-da-cidade\/#primaryimage"},"thumbnailUrl":"https:\/\/www.padreeustaquio.com.br\/wp-content\/uploads\/2022\/02\/visita-secretario.jpg","articleSection":["Not\u00edcias"],"inLanguage":"en-US","potentialAction":[{"@type":"CommentAction","name":"Comment","target":["https:\/\/www.padreeustaquio.com.br\/secretario-de-cultura-de-poa-sp-visita-museu-padre-eustaquio-da-cidade\/#respond"]}]},{"@type":"WebPage","@id":"https:\/\/www.padreeustaquio.com.br\/secretario-de-cultura-de-poa-sp-visita-museu-padre-eustaquio-da-cidade\/","url":"https:\/\/www.padreeustaquio.com.br\/secretario-de-cultura-de-poa-sp-visita-museu-padre-eustaquio-da-cidade\/","name":"Secretary of Culture of Po\u00e1-SP visits Padre Eust\u00e1quio Museum","isPartOf":{"@id":"https:\/\/www.padreeustaquio.com.br\/#website"},"primaryImageOfPage":{"@id":"https:\/\/www.padreeustaquio.com.br\/secretario-de-cultura-de-poa-sp-visita-museu-padre-eustaquio-da-cidade\/#primaryimage"},"image":{"@id":"https:\/\/www.padreeustaquio.com.br\/secretario-de-cultura-de-poa-sp-visita-museu-padre-eustaquio-da-cidade\/#primaryimage"},"thumbnailUrl":"https:\/\/www.padreeustaquio.com.br\/wp-content\/uploads\/2022\/02\/visita-secretario.jpg","datePublished":"2022-02-08T09:34:00+00:00","description":"The municipal secretary of culture of Po\u00e1\/SP, Ariel Borges, visited the city&#039;s museum, dedicated to Father Eust\u00e1quio. The municipal director of culture also participated in the visit.","breadcrumb":{"@id":"https:\/\/www.padreeustaquio.com.br\/secretario-de-cultura-de-poa-sp-visita-museu-padre-eustaquio-da-cidade\/#breadcrumb"},"inLanguage":"en-US","potentialAction":[{"@type":"ReadAction","target":["https:\/\/www.padreeustaquio.com.br\/secretario-de-cultura-de-poa-sp-visita-museu-padre-eustaquio-da-cidade\/"]}]},{"@type":"ImageObject","inLanguage":"en-US","@id":"https:\/\/www.padreeustaquio.com.br\/secretario-de-cultura-de-poa-sp-visita-museu-padre-eustaquio-da-cidade\/#primaryimage","url":"https:\/\/www.padreeustaquio.com.br\/wp-content\/uploads\/2022\/02\/visita-secretario.jpg","contentUrl":"https:\/\/www.padreeustaquio.com.br\/wp-content\/uploads\/2022\/02\/visita-secretario.jpg","width":748,"height":394},{"@type":"BreadcrumbList","@id":"https:\/\/www.padreeustaquio.com.br\/secretario-de-cultura-de-poa-sp-visita-museu-padre-eustaquio-da-cidade\/#breadcrumb","itemListElement":[{"@type":"ListItem","position":1,"name":"In\u00edcio","item":"https:\/\/www.padreeustaquio.com.br\/"},{"@type":"ListItem","position":2,"name":"Secret\u00e1rio de Cultura de Po\u00e1-SP visita Museu Padre Eust\u00e1quio"}]},{"@type":"WebSite","@id":"https:\/\/www.padreeustaquio.com.br\/#website","url":"https:\/\/www.padreeustaquio.com.br\/","name":"FATHER EUST\u00c1QUIO","description":"Health and Peace","publisher":{"@id":"https:\/\/www.padreeustaquio.com.br\/#organization"},"potentialAction":[{"@type":"SearchAction","target":{"@type":"EntryPoint","urlTemplate":"https:\/\/www.padreeustaquio.com.br\/?s={search_term_string}"},"query-input":{"@type":"PropertyValueSpecification","valueRequired":true,"valueName":"search_term_string"}}],"inLanguage":"en-US"},{"@type":"Organization","@id":"https:\/\/www.padreeustaquio.com.br\/#organization","name":"FATHER EUST\u00c1QUIO","url":"https:\/\/www.padreeustaquio.com.br\/","logo":{"@type":"ImageObject","inLanguage":"en-US","@id":"https:\/\/www.padreeustaquio.com.br\/#\/schema\/logo\/image\/","url":"https:\/\/www.padreeustaquio.com.br\/wp-content\/uploads\/2019\/08\/marca.png","contentUrl":"https:\/\/www.padreeustaquio.com.br\/wp-content\/uploads\/2019\/08\/marca.png","width":350,"height":400,"caption":"Padre Eust\u00e1quio"},"image":{"@id":"https:\/\/www.padreeustaquio.com.br\/#\/schema\/logo\/image\/"},"sameAs":["https:\/\/www.facebook.com\/beatopadreeustaquio\/","https:\/\/x.com\/beatopeustaquio","https:\/\/www.instagram.com\/beatopadreeustaquio\/","https:\/\/www.youtube.com\/channel\/UCRhw7vfabnajwLxb1ZXMeIw"]},{"@type":"Person","@id":"https:\/\/www.padreeustaquio.com.br\/#\/schema\/person\/a2a51db1d00f1a7af0204a0f1ddb1566","name":"@sscc","image":{"@type":"ImageObject","inLanguage":"en-US","@id":"https:\/\/secure.gravatar.com\/avatar\/68cfafa5f44617fea54071e215026e0ff06be366c3d54a8425f04fdcb86f8c5f?s=96&d=mm&r=g","url":"https:\/\/secure.gravatar.com\/avatar\/68cfafa5f44617fea54071e215026e0ff06be366c3d54a8425f04fdcb86f8c5f?s=96&d=mm&r=g","contentUrl":"https:\/\/secure.gravatar.com\/avatar\/68cfafa5f44617fea54071e215026e0ff06be366c3d54a8425f04fdcb86f8c5f?s=96&d=mm&r=g","caption":"@sscc"},"url":"https:\/\/www.padreeustaquio.com.br\/en\/author\/sscc\/"}]}},"_links":{"self":[{"href":"https:\/\/www.padreeustaquio.com.br\/en\/wp-json\/wp\/v2\/posts\/8053","targetHints":{"allow":["GET"]}}],"collection":[{"href":"https:\/\/www.padreeustaquio.com.br\/en\/wp-json\/wp\/v2\/posts"}],"about":[{"href":"https:\/\/www.padreeustaquio.com.br\/en\/wp-json\/wp\/v2\/types\/post"}],"author":[{"embeddable":true,"href":"https:\/\/www.padreeustaquio.com.br\/en\/wp-json\/wp\/v2\/users\/2"}],"replies":[{"embeddable":true,"href":"https:\/\/www.padreeustaquio.com.br\/en\/wp-json\/wp\/v2\/comments?post=8053"}],"version-history":[{"count":0,"href":"https:\/\/www.padreeustaquio.com.br\/en\/wp-json\/wp\/v2\/posts\/8053\/revisions"}],"wp:featuredmedia":[{"embeddable":true,"href":"https:\/\/www.padreeustaquio.com.br\/en\/wp-json\/wp\/v2\/media\/8054"}],"wp:attachment":[{"href":"https:\/\/www.padreeustaquio.com.br\/en\/wp-json\/wp\/v2\/media?parent=8053"}],"wp:term":[{"taxonomy":"category","embeddable":true,"href":"https:\/\/www.padreeustaquio.com.br\/en\/wp-json\/wp\/v2\/categories?post=8053"},{"taxonomy":"post_tag","embeddable":true,"href":"https:\/\/www.padreeustaquio.com.br\/en\/wp-json\/wp\/v2\/tags?post=8053"}],"curies":[{"name":"wp","href":"https:\/\/api.w.org\/{rel}","templated":true}]}}