{"id":8048,"date":"2022-02-04T06:22:00","date_gmt":"2022-02-04T09:22:00","guid":{"rendered":"https:\/\/www.padreeustaquio.com.br\/?p=8048"},"modified":"2022-02-03T09:33:03","modified_gmt":"2022-02-03T12:33:03","slug":"father-eustaces-words-on-charity","status":"publish","type":"post","link":"https:\/\/www.padreeustaquio.com.br\/en\/father-eustaces-words-on-charity\/","title":{"rendered":"Words of Father Eust\u00e1quio \u2013 CHARITY"},"content":{"rendered":"<p>We cannot say that we love God if we do not have compassion for our neighbor. Whoever does not love their brothers does not know God, as the Holy Bible tells us. Jesus brought with him a new commandment, asking us to love one another as the Father loves us.<\/p>\n\n\n\n<p>And what better way to demonstrate this love for our neighbor, especially those most in need, than through charity? Helping a brother in need, supporting and giving assistance is a way to show our love for our brothers and sisters and also for God.<\/p>\n\n\n\n<blockquote class=\"wp-block-quote is-layout-flow wp-block-quote-is-layout-flow\"><p><em>\u201c&quot;Though I speak with the tongues of men and of angels, and have not charity, I am become as sounding brass, or a tinkling cymbal.&quot;\u201d<\/em> 1 Corinthians 13:1<\/p><\/blockquote>\n\n\n\n<p>Father Eust\u00e1quio lived out his love for God and charity with integrity throughout his life. He lived to serve and help the most needy people who sought him out.<\/p>\n\n\n\n<p>In notebooks left by the Blessed One, we find many texts that speak about Charity. Read one of these texts below. It was taken from Notebook 18, cataloged by the team that works on the preservation of the Blessed One&#039;s belongings.<\/p>\n\n\n\n<p><strong><em>Charity<\/em><\/strong><\/p>\n\n\n\n<p><em><strong>\u201cIt is impossible to love God and at the same time not love one&#039;s neighbor. The same commandment that demands of us love for God, demands love for our neighbor. We have received, as Saint John says, this commandment: he who loves God also loves his neighbor. To love God and to love one&#039;s neighbor, as Saint Thomas teaches, comes from the same virtue. The entire life of Jesus Christ is a series of works of charity. He seeks out the poor, the guilty, defends them, supports them, forgives them. And as with all virtues, there is no saint who imitates Jesus more than Mary, so Mary had great charity with which she sustained all the poor and needy. Even at the wedding at Cana, Mary could not bear to see that they lacked wine; she did everything to get them out of their trouble.\u201d<\/strong><\/em><\/p>\n\n\n\n<p><\/p>","protected":false},"excerpt":{"rendered":"<p>N\u00e3o podemos dizer que amamos a Deus, se n\u00e3o nos compadecemos para com o pr\u00f3ximo. Quem n\u00e3o ama seus irm\u00e3os n\u00e3o conhece a Deus, j\u00e1 nos diz a B\u00edblia Sagrada. Jesus trouxe consigo um novo mandamento, pedindo que amemos uns aos outros como o Pai nos ama. E qual a melhor forma de demostrar esse amor ao pr\u00f3ximo, principalmente aos mais necessitados, se n\u00e3o por meio da caridade. Ajudar o irm\u00e3o que necessita, amparar e dar apoio \u00e9 uma forma de demostrar nosso amor aos nossos irm\u00e3os e tamb\u00e9m a Deus. &#8220;Ainda que eu falasse as l\u00ednguas dos homens e [&hellip;]<\/p>\n","protected":false},"author":2,"featured_media":8049,"comment_status":"open","ping_status":"closed","sticky":false,"template":"","format":"standard","meta":{"_acf_changed":false,"footnotes":""},"categories":[611],"tags":[],"class_list":["post-8048","post","type-post","status-publish","format-standard","has-post-thumbnail","hentry","category-noticias"],"acf":[],"yoast_head":"<!-- This site is optimized with the Yoast SEO plugin v27.2 - https:\/\/yoast.com\/product\/yoast-seo-wordpress\/ -->\n<title>Palavras de Padre Eust\u00e1quio - A CARIDADE<\/title>\n<meta name=\"description\" content=\"Em cadernos deixados pelo Bem-aventurado, encontramos muitos textos que falam sobre a Caridade. Leia um desses textos a seguir. Ele foi retirado do Caderno 18 catalogado pela equipe que trabalha na preserva\u00e7\u00e3o dos objetos do Beato.\" \/>\n<meta name=\"robots\" content=\"index, follow, max-snippet:-1, max-image-preview:large, max-video-preview:-1\" \/>\n<link rel=\"canonical\" href=\"https:\/\/www.padreeustaquio.com.br\/en\/father-eustaces-words-on-charity\/\" \/>\n<meta property=\"og:locale\" content=\"en_US\" \/>\n<meta property=\"og:type\" content=\"article\" \/>\n<meta property=\"og:title\" content=\"Palavras de Padre Eust\u00e1quio - A CARIDADE\" \/>\n<meta property=\"og:description\" content=\"Em cadernos deixados pelo Bem-aventurado, encontramos muitos textos que falam sobre a Caridade. Leia um desses textos a seguir. Ele foi retirado do Caderno 18 catalogado pela equipe que trabalha na preserva\u00e7\u00e3o dos objetos do Beato.\" \/>\n<meta property=\"og:url\" content=\"https:\/\/www.padreeustaquio.com.br\/en\/father-eustaces-words-on-charity\/\" \/>\n<meta property=\"og:site_name\" content=\"Padre Eust\u00e1quio\" \/>\n<meta property=\"article:publisher\" content=\"https:\/\/www.facebook.com\/beatopadreeustaquio\/\" \/>\n<meta property=\"article:published_time\" content=\"2022-02-04T09:22:00+00:00\" \/>\n<meta property=\"og:image\" content=\"https:\/\/www.padreeustaquio.com.br\/wp-content\/uploads\/2022\/02\/padre-eustaquio-e-a-caridade.jpg\" \/>\n\t<meta property=\"og:image:width\" content=\"748\" \/>\n\t<meta property=\"og:image:height\" content=\"394\" \/>\n\t<meta property=\"og:image:type\" content=\"image\/jpeg\" \/>\n<meta name=\"author\" content=\"@sscc\" \/>\n<meta name=\"twitter:card\" content=\"summary_large_image\" \/>\n<meta name=\"twitter:creator\" content=\"@beatopeustaquio\" \/>\n<meta name=\"twitter:site\" content=\"@beatopeustaquio\" \/>\n<meta name=\"twitter:label1\" content=\"Written by\" \/>\n\t<meta name=\"twitter:data1\" content=\"@sscc\" \/>\n\t<meta name=\"twitter:label2\" content=\"Est. reading time\" \/>\n\t<meta name=\"twitter:data2\" content=\"2 minutes\" \/>\n<script type=\"application\/ld+json\" class=\"yoast-schema-graph\">{\"@context\":\"https:\/\/schema.org\",\"@graph\":[{\"@type\":\"Article\",\"@id\":\"https:\/\/www.padreeustaquio.com.br\/palavras-de-padre-eustaquio-a-caridade\/#article\",\"isPartOf\":{\"@id\":\"https:\/\/www.padreeustaquio.com.br\/palavras-de-padre-eustaquio-a-caridade\/\"},\"author\":{\"name\":\"@sscc\",\"@id\":\"https:\/\/www.padreeustaquio.com.br\/#\/schema\/person\/a2a51db1d00f1a7af0204a0f1ddb1566\"},\"headline\":\"Palavras de Padre Eust\u00e1quio &#8211; A CARIDADE\",\"datePublished\":\"2022-02-04T09:22:00+00:00\",\"mainEntityOfPage\":{\"@id\":\"https:\/\/www.padreeustaquio.com.br\/palavras-de-padre-eustaquio-a-caridade\/\"},\"wordCount\":363,\"commentCount\":0,\"publisher\":{\"@id\":\"https:\/\/www.padreeustaquio.com.br\/#organization\"},\"image\":{\"@id\":\"https:\/\/www.padreeustaquio.com.br\/palavras-de-padre-eustaquio-a-caridade\/#primaryimage\"},\"thumbnailUrl\":\"https:\/\/www.padreeustaquio.com.br\/wp-content\/uploads\/2022\/02\/padre-eustaquio-e-a-caridade.jpg\",\"articleSection\":[\"Not\u00edcias\"],\"inLanguage\":\"en-US\",\"potentialAction\":[{\"@type\":\"CommentAction\",\"name\":\"Comment\",\"target\":[\"https:\/\/www.padreeustaquio.com.br\/palavras-de-padre-eustaquio-a-caridade\/#respond\"]}]},{\"@type\":\"WebPage\",\"@id\":\"https:\/\/www.padreeustaquio.com.br\/palavras-de-padre-eustaquio-a-caridade\/\",\"url\":\"https:\/\/www.padreeustaquio.com.br\/palavras-de-padre-eustaquio-a-caridade\/\",\"name\":\"Palavras de Padre Eust\u00e1quio - A CARIDADE\",\"isPartOf\":{\"@id\":\"https:\/\/www.padreeustaquio.com.br\/#website\"},\"primaryImageOfPage\":{\"@id\":\"https:\/\/www.padreeustaquio.com.br\/palavras-de-padre-eustaquio-a-caridade\/#primaryimage\"},\"image\":{\"@id\":\"https:\/\/www.padreeustaquio.com.br\/palavras-de-padre-eustaquio-a-caridade\/#primaryimage\"},\"thumbnailUrl\":\"https:\/\/www.padreeustaquio.com.br\/wp-content\/uploads\/2022\/02\/padre-eustaquio-e-a-caridade.jpg\",\"datePublished\":\"2022-02-04T09:22:00+00:00\",\"description\":\"Em cadernos deixados pelo Bem-aventurado, encontramos muitos textos que falam sobre a Caridade. Leia um desses textos a seguir. Ele foi retirado do Caderno 18 catalogado pela equipe que trabalha na preserva\u00e7\u00e3o dos objetos do Beato.\",\"breadcrumb\":{\"@id\":\"https:\/\/www.padreeustaquio.com.br\/palavras-de-padre-eustaquio-a-caridade\/#breadcrumb\"},\"inLanguage\":\"en-US\",\"potentialAction\":[{\"@type\":\"ReadAction\",\"target\":[\"https:\/\/www.padreeustaquio.com.br\/palavras-de-padre-eustaquio-a-caridade\/\"]}]},{\"@type\":\"ImageObject\",\"inLanguage\":\"en-US\",\"@id\":\"https:\/\/www.padreeustaquio.com.br\/palavras-de-padre-eustaquio-a-caridade\/#primaryimage\",\"url\":\"https:\/\/www.padreeustaquio.com.br\/wp-content\/uploads\/2022\/02\/padre-eustaquio-e-a-caridade.jpg\",\"contentUrl\":\"https:\/\/www.padreeustaquio.com.br\/wp-content\/uploads\/2022\/02\/padre-eustaquio-e-a-caridade.jpg\",\"width\":748,\"height\":394},{\"@type\":\"BreadcrumbList\",\"@id\":\"https:\/\/www.padreeustaquio.com.br\/palavras-de-padre-eustaquio-a-caridade\/#breadcrumb\",\"itemListElement\":[{\"@type\":\"ListItem\",\"position\":1,\"name\":\"In\u00edcio\",\"item\":\"https:\/\/www.padreeustaquio.com.br\/\"},{\"@type\":\"ListItem\",\"position\":2,\"name\":\"Palavras de Padre Eust\u00e1quio &#8211; A CARIDADE\"}]},{\"@type\":\"WebSite\",\"@id\":\"https:\/\/www.padreeustaquio.com.br\/#website\",\"url\":\"https:\/\/www.padreeustaquio.com.br\/\",\"name\":\"Padre Eust\u00e1quio\",\"description\":\"Sa\u00fade e Paz\",\"publisher\":{\"@id\":\"https:\/\/www.padreeustaquio.com.br\/#organization\"},\"potentialAction\":[{\"@type\":\"SearchAction\",\"target\":{\"@type\":\"EntryPoint\",\"urlTemplate\":\"https:\/\/www.padreeustaquio.com.br\/?s={search_term_string}\"},\"query-input\":{\"@type\":\"PropertyValueSpecification\",\"valueRequired\":true,\"valueName\":\"search_term_string\"}}],\"inLanguage\":\"en-US\"},{\"@type\":\"Organization\",\"@id\":\"https:\/\/www.padreeustaquio.com.br\/#organization\",\"name\":\"Padre Eust\u00e1quio\",\"url\":\"https:\/\/www.padreeustaquio.com.br\/\",\"logo\":{\"@type\":\"ImageObject\",\"inLanguage\":\"en-US\",\"@id\":\"https:\/\/www.padreeustaquio.com.br\/#\/schema\/logo\/image\/\",\"url\":\"https:\/\/www.padreeustaquio.com.br\/wp-content\/uploads\/2019\/08\/marca.png\",\"contentUrl\":\"https:\/\/www.padreeustaquio.com.br\/wp-content\/uploads\/2019\/08\/marca.png\",\"width\":350,\"height\":400,\"caption\":\"Padre Eust\u00e1quio\"},\"image\":{\"@id\":\"https:\/\/www.padreeustaquio.com.br\/#\/schema\/logo\/image\/\"},\"sameAs\":[\"https:\/\/www.facebook.com\/beatopadreeustaquio\/\",\"https:\/\/x.com\/beatopeustaquio\",\"https:\/\/www.instagram.com\/beatopadreeustaquio\/\",\"https:\/\/www.youtube.com\/channel\/UCRhw7vfabnajwLxb1ZXMeIw\"]},{\"@type\":\"Person\",\"@id\":\"https:\/\/www.padreeustaquio.com.br\/#\/schema\/person\/a2a51db1d00f1a7af0204a0f1ddb1566\",\"name\":\"@sscc\",\"image\":{\"@type\":\"ImageObject\",\"inLanguage\":\"en-US\",\"@id\":\"https:\/\/secure.gravatar.com\/avatar\/68cfafa5f44617fea54071e215026e0ff06be366c3d54a8425f04fdcb86f8c5f?s=96&d=mm&r=g\",\"url\":\"https:\/\/secure.gravatar.com\/avatar\/68cfafa5f44617fea54071e215026e0ff06be366c3d54a8425f04fdcb86f8c5f?s=96&d=mm&r=g\",\"contentUrl\":\"https:\/\/secure.gravatar.com\/avatar\/68cfafa5f44617fea54071e215026e0ff06be366c3d54a8425f04fdcb86f8c5f?s=96&d=mm&r=g\",\"caption\":\"@sscc\"},\"url\":\"https:\/\/www.padreeustaquio.com.br\/en\/author\/sscc\/\"}]}<\/script>\n<!-- \/ Yoast SEO plugin. -->","yoast_head_json":{"title":"Words of Father Eust\u00e1quio - CHARITY","description":"In notebooks left by the Blessed One, we find many texts that speak about Charity. Read one of these texts below. It was taken from Notebook 18, cataloged by the team that works on the preservation of the Blessed One&#039;s belongings.","robots":{"index":"index","follow":"follow","max-snippet":"max-snippet:-1","max-image-preview":"max-image-preview:large","max-video-preview":"max-video-preview:-1"},"canonical":"https:\/\/www.padreeustaquio.com.br\/en\/father-eustaces-words-on-charity\/","og_locale":"en_US","og_type":"article","og_title":"Palavras de Padre Eust\u00e1quio - A CARIDADE","og_description":"Em cadernos deixados pelo Bem-aventurado, encontramos muitos textos que falam sobre a Caridade. Leia um desses textos a seguir. Ele foi retirado do Caderno 18 catalogado pela equipe que trabalha na preserva\u00e7\u00e3o dos objetos do Beato.","og_url":"https:\/\/www.padreeustaquio.com.br\/en\/father-eustaces-words-on-charity\/","og_site_name":"Padre Eust\u00e1quio","article_publisher":"https:\/\/www.facebook.com\/beatopadreeustaquio\/","article_published_time":"2022-02-04T09:22:00+00:00","og_image":[{"width":748,"height":394,"url":"https:\/\/www.padreeustaquio.com.br\/wp-content\/uploads\/2022\/02\/padre-eustaquio-e-a-caridade.jpg","type":"image\/jpeg"}],"author":"@sscc","twitter_card":"summary_large_image","twitter_creator":"@beatopeustaquio","twitter_site":"@beatopeustaquio","twitter_misc":{"Written by":"@sscc","Est. reading time":"2 minutes"},"schema":{"@context":"https:\/\/schema.org","@graph":[{"@type":"Article","@id":"https:\/\/www.padreeustaquio.com.br\/palavras-de-padre-eustaquio-a-caridade\/#article","isPartOf":{"@id":"https:\/\/www.padreeustaquio.com.br\/palavras-de-padre-eustaquio-a-caridade\/"},"author":{"name":"@sscc","@id":"https:\/\/www.padreeustaquio.com.br\/#\/schema\/person\/a2a51db1d00f1a7af0204a0f1ddb1566"},"headline":"Palavras de Padre Eust\u00e1quio &#8211; A CARIDADE","datePublished":"2022-02-04T09:22:00+00:00","mainEntityOfPage":{"@id":"https:\/\/www.padreeustaquio.com.br\/palavras-de-padre-eustaquio-a-caridade\/"},"wordCount":363,"commentCount":0,"publisher":{"@id":"https:\/\/www.padreeustaquio.com.br\/#organization"},"image":{"@id":"https:\/\/www.padreeustaquio.com.br\/palavras-de-padre-eustaquio-a-caridade\/#primaryimage"},"thumbnailUrl":"https:\/\/www.padreeustaquio.com.br\/wp-content\/uploads\/2022\/02\/padre-eustaquio-e-a-caridade.jpg","articleSection":["Not\u00edcias"],"inLanguage":"en-US","potentialAction":[{"@type":"CommentAction","name":"Comment","target":["https:\/\/www.padreeustaquio.com.br\/palavras-de-padre-eustaquio-a-caridade\/#respond"]}]},{"@type":"WebPage","@id":"https:\/\/www.padreeustaquio.com.br\/palavras-de-padre-eustaquio-a-caridade\/","url":"https:\/\/www.padreeustaquio.com.br\/palavras-de-padre-eustaquio-a-caridade\/","name":"Words of Father Eust\u00e1quio - CHARITY","isPartOf":{"@id":"https:\/\/www.padreeustaquio.com.br\/#website"},"primaryImageOfPage":{"@id":"https:\/\/www.padreeustaquio.com.br\/palavras-de-padre-eustaquio-a-caridade\/#primaryimage"},"image":{"@id":"https:\/\/www.padreeustaquio.com.br\/palavras-de-padre-eustaquio-a-caridade\/#primaryimage"},"thumbnailUrl":"https:\/\/www.padreeustaquio.com.br\/wp-content\/uploads\/2022\/02\/padre-eustaquio-e-a-caridade.jpg","datePublished":"2022-02-04T09:22:00+00:00","description":"In notebooks left by the Blessed One, we find many texts that speak about Charity. Read one of these texts below. It was taken from Notebook 18, cataloged by the team that works on the preservation of the Blessed One&#039;s belongings.","breadcrumb":{"@id":"https:\/\/www.padreeustaquio.com.br\/palavras-de-padre-eustaquio-a-caridade\/#breadcrumb"},"inLanguage":"en-US","potentialAction":[{"@type":"ReadAction","target":["https:\/\/www.padreeustaquio.com.br\/palavras-de-padre-eustaquio-a-caridade\/"]}]},{"@type":"ImageObject","inLanguage":"en-US","@id":"https:\/\/www.padreeustaquio.com.br\/palavras-de-padre-eustaquio-a-caridade\/#primaryimage","url":"https:\/\/www.padreeustaquio.com.br\/wp-content\/uploads\/2022\/02\/padre-eustaquio-e-a-caridade.jpg","contentUrl":"https:\/\/www.padreeustaquio.com.br\/wp-content\/uploads\/2022\/02\/padre-eustaquio-e-a-caridade.jpg","width":748,"height":394},{"@type":"BreadcrumbList","@id":"https:\/\/www.padreeustaquio.com.br\/palavras-de-padre-eustaquio-a-caridade\/#breadcrumb","itemListElement":[{"@type":"ListItem","position":1,"name":"In\u00edcio","item":"https:\/\/www.padreeustaquio.com.br\/"},{"@type":"ListItem","position":2,"name":"Palavras de Padre Eust\u00e1quio &#8211; A CARIDADE"}]},{"@type":"WebSite","@id":"https:\/\/www.padreeustaquio.com.br\/#website","url":"https:\/\/www.padreeustaquio.com.br\/","name":"FATHER EUST\u00c1QUIO","description":"Health and Peace","publisher":{"@id":"https:\/\/www.padreeustaquio.com.br\/#organization"},"potentialAction":[{"@type":"SearchAction","target":{"@type":"EntryPoint","urlTemplate":"https:\/\/www.padreeustaquio.com.br\/?s={search_term_string}"},"query-input":{"@type":"PropertyValueSpecification","valueRequired":true,"valueName":"search_term_string"}}],"inLanguage":"en-US"},{"@type":"Organization","@id":"https:\/\/www.padreeustaquio.com.br\/#organization","name":"FATHER EUST\u00c1QUIO","url":"https:\/\/www.padreeustaquio.com.br\/","logo":{"@type":"ImageObject","inLanguage":"en-US","@id":"https:\/\/www.padreeustaquio.com.br\/#\/schema\/logo\/image\/","url":"https:\/\/www.padreeustaquio.com.br\/wp-content\/uploads\/2019\/08\/marca.png","contentUrl":"https:\/\/www.padreeustaquio.com.br\/wp-content\/uploads\/2019\/08\/marca.png","width":350,"height":400,"caption":"Padre Eust\u00e1quio"},"image":{"@id":"https:\/\/www.padreeustaquio.com.br\/#\/schema\/logo\/image\/"},"sameAs":["https:\/\/www.facebook.com\/beatopadreeustaquio\/","https:\/\/x.com\/beatopeustaquio","https:\/\/www.instagram.com\/beatopadreeustaquio\/","https:\/\/www.youtube.com\/channel\/UCRhw7vfabnajwLxb1ZXMeIw"]},{"@type":"Person","@id":"https:\/\/www.padreeustaquio.com.br\/#\/schema\/person\/a2a51db1d00f1a7af0204a0f1ddb1566","name":"@sscc","image":{"@type":"ImageObject","inLanguage":"en-US","@id":"https:\/\/secure.gravatar.com\/avatar\/68cfafa5f44617fea54071e215026e0ff06be366c3d54a8425f04fdcb86f8c5f?s=96&d=mm&r=g","url":"https:\/\/secure.gravatar.com\/avatar\/68cfafa5f44617fea54071e215026e0ff06be366c3d54a8425f04fdcb86f8c5f?s=96&d=mm&r=g","contentUrl":"https:\/\/secure.gravatar.com\/avatar\/68cfafa5f44617fea54071e215026e0ff06be366c3d54a8425f04fdcb86f8c5f?s=96&d=mm&r=g","caption":"@sscc"},"url":"https:\/\/www.padreeustaquio.com.br\/en\/author\/sscc\/"}]}},"_links":{"self":[{"href":"https:\/\/www.padreeustaquio.com.br\/en\/wp-json\/wp\/v2\/posts\/8048","targetHints":{"allow":["GET"]}}],"collection":[{"href":"https:\/\/www.padreeustaquio.com.br\/en\/wp-json\/wp\/v2\/posts"}],"about":[{"href":"https:\/\/www.padreeustaquio.com.br\/en\/wp-json\/wp\/v2\/types\/post"}],"author":[{"embeddable":true,"href":"https:\/\/www.padreeustaquio.com.br\/en\/wp-json\/wp\/v2\/users\/2"}],"replies":[{"embeddable":true,"href":"https:\/\/www.padreeustaquio.com.br\/en\/wp-json\/wp\/v2\/comments?post=8048"}],"version-history":[{"count":0,"href":"https:\/\/www.padreeustaquio.com.br\/en\/wp-json\/wp\/v2\/posts\/8048\/revisions"}],"wp:featuredmedia":[{"embeddable":true,"href":"https:\/\/www.padreeustaquio.com.br\/en\/wp-json\/wp\/v2\/media\/8049"}],"wp:attachment":[{"href":"https:\/\/www.padreeustaquio.com.br\/en\/wp-json\/wp\/v2\/media?parent=8048"}],"wp:term":[{"taxonomy":"category","embeddable":true,"href":"https:\/\/www.padreeustaquio.com.br\/en\/wp-json\/wp\/v2\/categories?post=8048"},{"taxonomy":"post_tag","embeddable":true,"href":"https:\/\/www.padreeustaquio.com.br\/en\/wp-json\/wp\/v2\/tags?post=8048"}],"curies":[{"name":"wp","href":"https:\/\/api.w.org\/{rel}","templated":true}]}}