{"id":8045,"date":"2022-02-03T09:20:36","date_gmt":"2022-02-03T12:20:36","guid":{"rendered":"https:\/\/www.padreeustaquio.com.br\/?p=8045"},"modified":"2022-02-03T09:21:04","modified_gmt":"2022-02-03T12:21:04","slug":"padre-eustaquio-daycare-centers-resume-classes-in-belo-horizonte-with-children-up-to-4-years-old","status":"publish","type":"post","link":"https:\/\/www.padreeustaquio.com.br\/en\/padre-eustaquio-daycare-centers-resume-classes-in-belo-horizonte-with-children-up-to-4-years-old\/","title":{"rendered":"Padre Eust\u00e1quio daycare centers resume classes in Belo Horizonte with children up to 4 years old."},"content":{"rendered":"<p>The Padre Eust\u00e1quio Daycare Centers, run by the Padre Eust\u00e1quio Social Action organization, reopened today, February 3rd, for classroom instruction. The institutions are now accepting children aged 0 to 4 years. Children aged 5 will have to wait a little longer.<\/p>\n\n\n\n<p>Approximately 350 children were welcomed to the two daycare centers named after the Blessed Father Eust\u00e1quio, which are maintained through donations and partnerships with the Padre Eust\u00e1quio Social Action. Following all health protocols, the daycare staff were excited and happy to see the children again after the holiday period.<\/p>\n\n\n\n<p>Classes for the second period (with 5-year-old children) were also scheduled to begin today; however, following a decision by Mayor Alexandre Kalil, the return to classes for these groups had to be postponed in Belo Horizonte. The schools were already in the final stages of preparation when they received the news, and therefore are already prepared to receive the children, respecting all currently required protocols. <\/p>\n\n\n\n<p>Today, A\u00e7\u00e3o Social maintains two daycare centers, one in the Padre Eust\u00e1quio neighborhood and the other in the Coqueiros neighborhood. Both are located in Belo Horizonte, serving a total of more than 420 children. The centers, which receive support from the city government, are also maintained through donations that help with the children&#039;s personal and educational needs.<\/p>\n\n\n\n<p>If you would like to be a friend of the Padre Eust\u00e1quio Daycare Centers, make your donation via PIX (31) 99545-1943. Or via the account:<\/p>\n\n\n\n<p>Padre Eust\u00e1quio Social Action \u2013 CNPJ: 17.193.756\/0001-05<br>Federal Savings Bank<br>Agency: 0089 \u2013 Operation: 013<br>Savings account: 48.086-7<\/p>\n\n\n\n<p><\/p>","protected":false},"excerpt":{"rendered":"<p>As Creches Padre Eust\u00e1quio, mantidas pela A\u00e7\u00e3o Social Padre Eust\u00e1quio, retornaram hoje, 03 de fevereiro, aos trabalhos em sala de aula. As institui\u00e7\u00f5es voltaram recebendo alunos de 0 a 4 anos. As crian\u00e7as de 5 anos, ainda v\u00e3o ter que esperar mais um pouco. Cerca de 350 crian\u00e7as foram recebidas nas duas Creches que levam o nome do Bem-Aventurado e que s\u00e3o mantidas pelas doa\u00e7\u00f5es e parcerias feitas pela A\u00e7\u00e3o Social Padre Eust\u00e1quio. Seguindo todos os protocolos sanit\u00e1rios, os profissionais das creches estavam animados e felizes em rever as crian\u00e7as depois deste per\u00edodo de f\u00e9rias. As aulas do 2\u00ba Per\u00edodo [&hellip;]<\/p>\n","protected":false},"author":2,"featured_media":8046,"comment_status":"open","ping_status":"closed","sticky":false,"template":"","format":"standard","meta":{"_acf_changed":false,"footnotes":""},"categories":[611],"tags":[],"class_list":["post-8045","post","type-post","status-publish","format-standard","has-post-thumbnail","hentry","category-noticias"],"acf":[],"yoast_head":"<!-- This site is optimized with the Yoast SEO plugin v27.2 - https:\/\/yoast.com\/product\/yoast-seo-wordpress\/ -->\n<title>Creches Padre Eust\u00e1quio retomam as aulas em BH com crian\u00e7as at\u00e9 4 anos<\/title>\n<meta name=\"description\" content=\"As Creches Padre Eust\u00e1quio, mantidas pela A\u00e7\u00e3o Social Padre Eust\u00e1quio, retornaram hoje, 03 de fevereiro, aos trabalhos em sala de aula. As institui\u00e7\u00f5es voltaram recebendo alunos de 0 a 4 anos. As crian\u00e7as de 5 anos, ainda v\u00e3o ter que esperar mais um pouco.\" \/>\n<meta name=\"robots\" content=\"index, follow, max-snippet:-1, max-image-preview:large, max-video-preview:-1\" \/>\n<link rel=\"canonical\" href=\"https:\/\/www.padreeustaquio.com.br\/en\/padre-eustaquio-daycare-centers-resume-classes-in-belo-horizonte-with-children-up-to-4-years-old\/\" \/>\n<meta property=\"og:locale\" content=\"en_US\" \/>\n<meta property=\"og:type\" content=\"article\" \/>\n<meta property=\"og:title\" content=\"Creches Padre Eust\u00e1quio retomam as aulas em BH com crian\u00e7as at\u00e9 4 anos\" \/>\n<meta property=\"og:description\" content=\"As Creches Padre Eust\u00e1quio, mantidas pela A\u00e7\u00e3o Social Padre Eust\u00e1quio, retornaram hoje, 03 de fevereiro, aos trabalhos em sala de aula. As institui\u00e7\u00f5es voltaram recebendo alunos de 0 a 4 anos. As crian\u00e7as de 5 anos, ainda v\u00e3o ter que esperar mais um pouco.\" \/>\n<meta property=\"og:url\" content=\"https:\/\/www.padreeustaquio.com.br\/en\/padre-eustaquio-daycare-centers-resume-classes-in-belo-horizonte-with-children-up-to-4-years-old\/\" \/>\n<meta property=\"og:site_name\" content=\"Padre Eust\u00e1quio\" \/>\n<meta property=\"article:publisher\" content=\"https:\/\/www.facebook.com\/beatopadreeustaquio\/\" \/>\n<meta property=\"article:published_time\" content=\"2022-02-03T12:20:36+00:00\" \/>\n<meta property=\"article:modified_time\" content=\"2022-02-03T12:21:04+00:00\" \/>\n<meta property=\"og:image\" content=\"https:\/\/www.padreeustaquio.com.br\/wp-content\/uploads\/2022\/02\/volta-as-aulas-2022.jpg\" \/>\n\t<meta property=\"og:image:width\" content=\"748\" \/>\n\t<meta property=\"og:image:height\" content=\"394\" \/>\n\t<meta property=\"og:image:type\" content=\"image\/jpeg\" \/>\n<meta name=\"author\" content=\"@sscc\" \/>\n<meta name=\"twitter:card\" content=\"summary_large_image\" \/>\n<meta name=\"twitter:creator\" content=\"@beatopeustaquio\" \/>\n<meta name=\"twitter:site\" content=\"@beatopeustaquio\" \/>\n<meta name=\"twitter:label1\" content=\"Written by\" \/>\n\t<meta name=\"twitter:data1\" content=\"@sscc\" \/>\n\t<meta name=\"twitter:label2\" content=\"Est. reading time\" \/>\n\t<meta name=\"twitter:data2\" content=\"2 minutes\" \/>\n<script type=\"application\/ld+json\" class=\"yoast-schema-graph\">{\"@context\":\"https:\/\/schema.org\",\"@graph\":[{\"@type\":\"Article\",\"@id\":\"https:\/\/www.padreeustaquio.com.br\/creches-padre-eustaquio-retomam-as-aulas-em-bh-com-criancas-ate-4-anos\/#article\",\"isPartOf\":{\"@id\":\"https:\/\/www.padreeustaquio.com.br\/creches-padre-eustaquio-retomam-as-aulas-em-bh-com-criancas-ate-4-anos\/\"},\"author\":{\"name\":\"@sscc\",\"@id\":\"https:\/\/www.padreeustaquio.com.br\/#\/schema\/person\/a2a51db1d00f1a7af0204a0f1ddb1566\"},\"headline\":\"Creches Padre Eust\u00e1quio retomam as aulas em BH com crian\u00e7as at\u00e9 4 anos\",\"datePublished\":\"2022-02-03T12:20:36+00:00\",\"dateModified\":\"2022-02-03T12:21:04+00:00\",\"mainEntityOfPage\":{\"@id\":\"https:\/\/www.padreeustaquio.com.br\/creches-padre-eustaquio-retomam-as-aulas-em-bh-com-criancas-ate-4-anos\/\"},\"wordCount\":295,\"commentCount\":0,\"publisher\":{\"@id\":\"https:\/\/www.padreeustaquio.com.br\/#organization\"},\"image\":{\"@id\":\"https:\/\/www.padreeustaquio.com.br\/creches-padre-eustaquio-retomam-as-aulas-em-bh-com-criancas-ate-4-anos\/#primaryimage\"},\"thumbnailUrl\":\"https:\/\/www.padreeustaquio.com.br\/wp-content\/uploads\/2022\/02\/volta-as-aulas-2022.jpg\",\"articleSection\":[\"Not\u00edcias\"],\"inLanguage\":\"en-US\",\"potentialAction\":[{\"@type\":\"CommentAction\",\"name\":\"Comment\",\"target\":[\"https:\/\/www.padreeustaquio.com.br\/creches-padre-eustaquio-retomam-as-aulas-em-bh-com-criancas-ate-4-anos\/#respond\"]}]},{\"@type\":\"WebPage\",\"@id\":\"https:\/\/www.padreeustaquio.com.br\/creches-padre-eustaquio-retomam-as-aulas-em-bh-com-criancas-ate-4-anos\/\",\"url\":\"https:\/\/www.padreeustaquio.com.br\/creches-padre-eustaquio-retomam-as-aulas-em-bh-com-criancas-ate-4-anos\/\",\"name\":\"Creches Padre Eust\u00e1quio retomam as aulas em BH com crian\u00e7as at\u00e9 4 anos\",\"isPartOf\":{\"@id\":\"https:\/\/www.padreeustaquio.com.br\/#website\"},\"primaryImageOfPage\":{\"@id\":\"https:\/\/www.padreeustaquio.com.br\/creches-padre-eustaquio-retomam-as-aulas-em-bh-com-criancas-ate-4-anos\/#primaryimage\"},\"image\":{\"@id\":\"https:\/\/www.padreeustaquio.com.br\/creches-padre-eustaquio-retomam-as-aulas-em-bh-com-criancas-ate-4-anos\/#primaryimage\"},\"thumbnailUrl\":\"https:\/\/www.padreeustaquio.com.br\/wp-content\/uploads\/2022\/02\/volta-as-aulas-2022.jpg\",\"datePublished\":\"2022-02-03T12:20:36+00:00\",\"dateModified\":\"2022-02-03T12:21:04+00:00\",\"description\":\"As Creches Padre Eust\u00e1quio, mantidas pela A\u00e7\u00e3o Social Padre Eust\u00e1quio, retornaram hoje, 03 de fevereiro, aos trabalhos em sala de aula. As institui\u00e7\u00f5es voltaram recebendo alunos de 0 a 4 anos. As crian\u00e7as de 5 anos, ainda v\u00e3o ter que esperar mais um pouco.\",\"breadcrumb\":{\"@id\":\"https:\/\/www.padreeustaquio.com.br\/creches-padre-eustaquio-retomam-as-aulas-em-bh-com-criancas-ate-4-anos\/#breadcrumb\"},\"inLanguage\":\"en-US\",\"potentialAction\":[{\"@type\":\"ReadAction\",\"target\":[\"https:\/\/www.padreeustaquio.com.br\/creches-padre-eustaquio-retomam-as-aulas-em-bh-com-criancas-ate-4-anos\/\"]}]},{\"@type\":\"ImageObject\",\"inLanguage\":\"en-US\",\"@id\":\"https:\/\/www.padreeustaquio.com.br\/creches-padre-eustaquio-retomam-as-aulas-em-bh-com-criancas-ate-4-anos\/#primaryimage\",\"url\":\"https:\/\/www.padreeustaquio.com.br\/wp-content\/uploads\/2022\/02\/volta-as-aulas-2022.jpg\",\"contentUrl\":\"https:\/\/www.padreeustaquio.com.br\/wp-content\/uploads\/2022\/02\/volta-as-aulas-2022.jpg\",\"width\":748,\"height\":394},{\"@type\":\"BreadcrumbList\",\"@id\":\"https:\/\/www.padreeustaquio.com.br\/creches-padre-eustaquio-retomam-as-aulas-em-bh-com-criancas-ate-4-anos\/#breadcrumb\",\"itemListElement\":[{\"@type\":\"ListItem\",\"position\":1,\"name\":\"In\u00edcio\",\"item\":\"https:\/\/www.padreeustaquio.com.br\/\"},{\"@type\":\"ListItem\",\"position\":2,\"name\":\"Creches Padre Eust\u00e1quio retomam as aulas em BH com crian\u00e7as at\u00e9 4 anos\"}]},{\"@type\":\"WebSite\",\"@id\":\"https:\/\/www.padreeustaquio.com.br\/#website\",\"url\":\"https:\/\/www.padreeustaquio.com.br\/\",\"name\":\"Padre Eust\u00e1quio\",\"description\":\"Sa\u00fade e Paz\",\"publisher\":{\"@id\":\"https:\/\/www.padreeustaquio.com.br\/#organization\"},\"potentialAction\":[{\"@type\":\"SearchAction\",\"target\":{\"@type\":\"EntryPoint\",\"urlTemplate\":\"https:\/\/www.padreeustaquio.com.br\/?s={search_term_string}\"},\"query-input\":{\"@type\":\"PropertyValueSpecification\",\"valueRequired\":true,\"valueName\":\"search_term_string\"}}],\"inLanguage\":\"en-US\"},{\"@type\":\"Organization\",\"@id\":\"https:\/\/www.padreeustaquio.com.br\/#organization\",\"name\":\"Padre Eust\u00e1quio\",\"url\":\"https:\/\/www.padreeustaquio.com.br\/\",\"logo\":{\"@type\":\"ImageObject\",\"inLanguage\":\"en-US\",\"@id\":\"https:\/\/www.padreeustaquio.com.br\/#\/schema\/logo\/image\/\",\"url\":\"https:\/\/www.padreeustaquio.com.br\/wp-content\/uploads\/2019\/08\/marca.png\",\"contentUrl\":\"https:\/\/www.padreeustaquio.com.br\/wp-content\/uploads\/2019\/08\/marca.png\",\"width\":350,\"height\":400,\"caption\":\"Padre Eust\u00e1quio\"},\"image\":{\"@id\":\"https:\/\/www.padreeustaquio.com.br\/#\/schema\/logo\/image\/\"},\"sameAs\":[\"https:\/\/www.facebook.com\/beatopadreeustaquio\/\",\"https:\/\/x.com\/beatopeustaquio\",\"https:\/\/www.instagram.com\/beatopadreeustaquio\/\",\"https:\/\/www.youtube.com\/channel\/UCRhw7vfabnajwLxb1ZXMeIw\"]},{\"@type\":\"Person\",\"@id\":\"https:\/\/www.padreeustaquio.com.br\/#\/schema\/person\/a2a51db1d00f1a7af0204a0f1ddb1566\",\"name\":\"@sscc\",\"image\":{\"@type\":\"ImageObject\",\"inLanguage\":\"en-US\",\"@id\":\"https:\/\/secure.gravatar.com\/avatar\/68cfafa5f44617fea54071e215026e0ff06be366c3d54a8425f04fdcb86f8c5f?s=96&d=mm&r=g\",\"url\":\"https:\/\/secure.gravatar.com\/avatar\/68cfafa5f44617fea54071e215026e0ff06be366c3d54a8425f04fdcb86f8c5f?s=96&d=mm&r=g\",\"contentUrl\":\"https:\/\/secure.gravatar.com\/avatar\/68cfafa5f44617fea54071e215026e0ff06be366c3d54a8425f04fdcb86f8c5f?s=96&d=mm&r=g\",\"caption\":\"@sscc\"},\"url\":\"https:\/\/www.padreeustaquio.com.br\/en\/author\/sscc\/\"}]}<\/script>\n<!-- \/ Yoast SEO plugin. -->","yoast_head_json":{"title":"Padre Eust\u00e1quio daycare centers resume classes in Belo Horizonte with children up to 4 years old.","description":"The Padre Eust\u00e1quio Daycare Centers, run by the Padre Eust\u00e1quio Social Action organization, reopened today, February 3rd, for classroom instruction. The institutions are now accepting children aged 0 to 4 years. Children aged 5 will have to wait a little longer.","robots":{"index":"index","follow":"follow","max-snippet":"max-snippet:-1","max-image-preview":"max-image-preview:large","max-video-preview":"max-video-preview:-1"},"canonical":"https:\/\/www.padreeustaquio.com.br\/en\/padre-eustaquio-daycare-centers-resume-classes-in-belo-horizonte-with-children-up-to-4-years-old\/","og_locale":"en_US","og_type":"article","og_title":"Creches Padre Eust\u00e1quio retomam as aulas em BH com crian\u00e7as at\u00e9 4 anos","og_description":"As Creches Padre Eust\u00e1quio, mantidas pela A\u00e7\u00e3o Social Padre Eust\u00e1quio, retornaram hoje, 03 de fevereiro, aos trabalhos em sala de aula. As institui\u00e7\u00f5es voltaram recebendo alunos de 0 a 4 anos. As crian\u00e7as de 5 anos, ainda v\u00e3o ter que esperar mais um pouco.","og_url":"https:\/\/www.padreeustaquio.com.br\/en\/padre-eustaquio-daycare-centers-resume-classes-in-belo-horizonte-with-children-up-to-4-years-old\/","og_site_name":"Padre Eust\u00e1quio","article_publisher":"https:\/\/www.facebook.com\/beatopadreeustaquio\/","article_published_time":"2022-02-03T12:20:36+00:00","article_modified_time":"2022-02-03T12:21:04+00:00","og_image":[{"width":748,"height":394,"url":"https:\/\/www.padreeustaquio.com.br\/wp-content\/uploads\/2022\/02\/volta-as-aulas-2022.jpg","type":"image\/jpeg"}],"author":"@sscc","twitter_card":"summary_large_image","twitter_creator":"@beatopeustaquio","twitter_site":"@beatopeustaquio","twitter_misc":{"Written by":"@sscc","Est. reading time":"2 minutes"},"schema":{"@context":"https:\/\/schema.org","@graph":[{"@type":"Article","@id":"https:\/\/www.padreeustaquio.com.br\/creches-padre-eustaquio-retomam-as-aulas-em-bh-com-criancas-ate-4-anos\/#article","isPartOf":{"@id":"https:\/\/www.padreeustaquio.com.br\/creches-padre-eustaquio-retomam-as-aulas-em-bh-com-criancas-ate-4-anos\/"},"author":{"name":"@sscc","@id":"https:\/\/www.padreeustaquio.com.br\/#\/schema\/person\/a2a51db1d00f1a7af0204a0f1ddb1566"},"headline":"Creches Padre Eust\u00e1quio retomam as aulas em BH com crian\u00e7as at\u00e9 4 anos","datePublished":"2022-02-03T12:20:36+00:00","dateModified":"2022-02-03T12:21:04+00:00","mainEntityOfPage":{"@id":"https:\/\/www.padreeustaquio.com.br\/creches-padre-eustaquio-retomam-as-aulas-em-bh-com-criancas-ate-4-anos\/"},"wordCount":295,"commentCount":0,"publisher":{"@id":"https:\/\/www.padreeustaquio.com.br\/#organization"},"image":{"@id":"https:\/\/www.padreeustaquio.com.br\/creches-padre-eustaquio-retomam-as-aulas-em-bh-com-criancas-ate-4-anos\/#primaryimage"},"thumbnailUrl":"https:\/\/www.padreeustaquio.com.br\/wp-content\/uploads\/2022\/02\/volta-as-aulas-2022.jpg","articleSection":["Not\u00edcias"],"inLanguage":"en-US","potentialAction":[{"@type":"CommentAction","name":"Comment","target":["https:\/\/www.padreeustaquio.com.br\/creches-padre-eustaquio-retomam-as-aulas-em-bh-com-criancas-ate-4-anos\/#respond"]}]},{"@type":"WebPage","@id":"https:\/\/www.padreeustaquio.com.br\/creches-padre-eustaquio-retomam-as-aulas-em-bh-com-criancas-ate-4-anos\/","url":"https:\/\/www.padreeustaquio.com.br\/creches-padre-eustaquio-retomam-as-aulas-em-bh-com-criancas-ate-4-anos\/","name":"Padre Eust\u00e1quio daycare centers resume classes in Belo Horizonte with children up to 4 years old.","isPartOf":{"@id":"https:\/\/www.padreeustaquio.com.br\/#website"},"primaryImageOfPage":{"@id":"https:\/\/www.padreeustaquio.com.br\/creches-padre-eustaquio-retomam-as-aulas-em-bh-com-criancas-ate-4-anos\/#primaryimage"},"image":{"@id":"https:\/\/www.padreeustaquio.com.br\/creches-padre-eustaquio-retomam-as-aulas-em-bh-com-criancas-ate-4-anos\/#primaryimage"},"thumbnailUrl":"https:\/\/www.padreeustaquio.com.br\/wp-content\/uploads\/2022\/02\/volta-as-aulas-2022.jpg","datePublished":"2022-02-03T12:20:36+00:00","dateModified":"2022-02-03T12:21:04+00:00","description":"The Padre Eust\u00e1quio Daycare Centers, run by the Padre Eust\u00e1quio Social Action organization, reopened today, February 3rd, for classroom instruction. The institutions are now accepting children aged 0 to 4 years. Children aged 5 will have to wait a little longer.","breadcrumb":{"@id":"https:\/\/www.padreeustaquio.com.br\/creches-padre-eustaquio-retomam-as-aulas-em-bh-com-criancas-ate-4-anos\/#breadcrumb"},"inLanguage":"en-US","potentialAction":[{"@type":"ReadAction","target":["https:\/\/www.padreeustaquio.com.br\/creches-padre-eustaquio-retomam-as-aulas-em-bh-com-criancas-ate-4-anos\/"]}]},{"@type":"ImageObject","inLanguage":"en-US","@id":"https:\/\/www.padreeustaquio.com.br\/creches-padre-eustaquio-retomam-as-aulas-em-bh-com-criancas-ate-4-anos\/#primaryimage","url":"https:\/\/www.padreeustaquio.com.br\/wp-content\/uploads\/2022\/02\/volta-as-aulas-2022.jpg","contentUrl":"https:\/\/www.padreeustaquio.com.br\/wp-content\/uploads\/2022\/02\/volta-as-aulas-2022.jpg","width":748,"height":394},{"@type":"BreadcrumbList","@id":"https:\/\/www.padreeustaquio.com.br\/creches-padre-eustaquio-retomam-as-aulas-em-bh-com-criancas-ate-4-anos\/#breadcrumb","itemListElement":[{"@type":"ListItem","position":1,"name":"In\u00edcio","item":"https:\/\/www.padreeustaquio.com.br\/"},{"@type":"ListItem","position":2,"name":"Creches Padre Eust\u00e1quio retomam as aulas em BH com crian\u00e7as at\u00e9 4 anos"}]},{"@type":"WebSite","@id":"https:\/\/www.padreeustaquio.com.br\/#website","url":"https:\/\/www.padreeustaquio.com.br\/","name":"FATHER EUST\u00c1QUIO","description":"Health and Peace","publisher":{"@id":"https:\/\/www.padreeustaquio.com.br\/#organization"},"potentialAction":[{"@type":"SearchAction","target":{"@type":"EntryPoint","urlTemplate":"https:\/\/www.padreeustaquio.com.br\/?s={search_term_string}"},"query-input":{"@type":"PropertyValueSpecification","valueRequired":true,"valueName":"search_term_string"}}],"inLanguage":"en-US"},{"@type":"Organization","@id":"https:\/\/www.padreeustaquio.com.br\/#organization","name":"FATHER EUST\u00c1QUIO","url":"https:\/\/www.padreeustaquio.com.br\/","logo":{"@type":"ImageObject","inLanguage":"en-US","@id":"https:\/\/www.padreeustaquio.com.br\/#\/schema\/logo\/image\/","url":"https:\/\/www.padreeustaquio.com.br\/wp-content\/uploads\/2019\/08\/marca.png","contentUrl":"https:\/\/www.padreeustaquio.com.br\/wp-content\/uploads\/2019\/08\/marca.png","width":350,"height":400,"caption":"Padre Eust\u00e1quio"},"image":{"@id":"https:\/\/www.padreeustaquio.com.br\/#\/schema\/logo\/image\/"},"sameAs":["https:\/\/www.facebook.com\/beatopadreeustaquio\/","https:\/\/x.com\/beatopeustaquio","https:\/\/www.instagram.com\/beatopadreeustaquio\/","https:\/\/www.youtube.com\/channel\/UCRhw7vfabnajwLxb1ZXMeIw"]},{"@type":"Person","@id":"https:\/\/www.padreeustaquio.com.br\/#\/schema\/person\/a2a51db1d00f1a7af0204a0f1ddb1566","name":"@sscc","image":{"@type":"ImageObject","inLanguage":"en-US","@id":"https:\/\/secure.gravatar.com\/avatar\/68cfafa5f44617fea54071e215026e0ff06be366c3d54a8425f04fdcb86f8c5f?s=96&d=mm&r=g","url":"https:\/\/secure.gravatar.com\/avatar\/68cfafa5f44617fea54071e215026e0ff06be366c3d54a8425f04fdcb86f8c5f?s=96&d=mm&r=g","contentUrl":"https:\/\/secure.gravatar.com\/avatar\/68cfafa5f44617fea54071e215026e0ff06be366c3d54a8425f04fdcb86f8c5f?s=96&d=mm&r=g","caption":"@sscc"},"url":"https:\/\/www.padreeustaquio.com.br\/en\/author\/sscc\/"}]}},"_links":{"self":[{"href":"https:\/\/www.padreeustaquio.com.br\/en\/wp-json\/wp\/v2\/posts\/8045","targetHints":{"allow":["GET"]}}],"collection":[{"href":"https:\/\/www.padreeustaquio.com.br\/en\/wp-json\/wp\/v2\/posts"}],"about":[{"href":"https:\/\/www.padreeustaquio.com.br\/en\/wp-json\/wp\/v2\/types\/post"}],"author":[{"embeddable":true,"href":"https:\/\/www.padreeustaquio.com.br\/en\/wp-json\/wp\/v2\/users\/2"}],"replies":[{"embeddable":true,"href":"https:\/\/www.padreeustaquio.com.br\/en\/wp-json\/wp\/v2\/comments?post=8045"}],"version-history":[{"count":0,"href":"https:\/\/www.padreeustaquio.com.br\/en\/wp-json\/wp\/v2\/posts\/8045\/revisions"}],"wp:featuredmedia":[{"embeddable":true,"href":"https:\/\/www.padreeustaquio.com.br\/en\/wp-json\/wp\/v2\/media\/8046"}],"wp:attachment":[{"href":"https:\/\/www.padreeustaquio.com.br\/en\/wp-json\/wp\/v2\/media?parent=8045"}],"wp:term":[{"taxonomy":"category","embeddable":true,"href":"https:\/\/www.padreeustaquio.com.br\/en\/wp-json\/wp\/v2\/categories?post=8045"},{"taxonomy":"post_tag","embeddable":true,"href":"https:\/\/www.padreeustaquio.com.br\/en\/wp-json\/wp\/v2\/tags?post=8045"}],"curies":[{"name":"wp","href":"https:\/\/api.w.org\/{rel}","templated":true}]}}