{"id":8042,"date":"2022-02-02T05:59:00","date_gmt":"2022-02-02T08:59:00","guid":{"rendered":"https:\/\/www.padreeustaquio.com.br\/?p=8042"},"modified":"2022-02-01T21:17:18","modified_gmt":"2022-02-02T00:17:18","slug":"registration-for-catechism-at-the-sanctuary-begins-next-sunday","status":"publish","type":"post","link":"https:\/\/www.padreeustaquio.com.br\/en\/registration-for-catechism-at-the-sanctuary-begins-next-sunday\/","title":{"rendered":"Registration for Catechism at the Sanctuary begins next Sunday."},"content":{"rendered":"<p>Starting next Sunday, February 6th, registration for Catechism 2022 at the Sanctuary of Health and Peace (Parish of the Sacred Hearts) in Belo Horizonte will open. Places are available for children over 7 years and 9 months old. Children aged 4 to 7 can register for pre-catechesis.<\/p>\n\n\n\n<p>Registrations can be made at the Health and Peace Sanctuary, Church of Blessed Father Eustace, on Mondays and Thursdays from 4:00 PM to 5:30 PM and on weekends from 9:30 AM to 11:00 AM. At the time of registration, the guardian must present a document for the child, in addition to proof of baptism, and fill out a registration form.<\/p>\n\n\n\n<p>Catechism classes are held once a week. The parent\/guardian will choose the best day for the child&#039;s participation, with available dates from Tuesday to Friday, from 6:15 PM to 7:00 PM. On Saturdays, the time is from 9:00 AM to 10:00 AM. For children participating in pre-catechism, there will only be a time slot from 9:00 AM to 10:00 AM on Saturdays.<\/p>\n\n\n\n<p><\/p>\n\n\n\n<p>Catechism classes will be held in person, with dates tentatively starting in the second half of March.<\/p>","protected":false},"excerpt":{"rendered":"<p>A partir do pr\u00f3ximo domingo, dia 06 de fevereiro, as inscri\u00e7\u00f5es para a Catequese 2022 no Santu\u00e1rio da Sa\u00fade e da Paz (Par\u00f3quia dos Sagrados Cora\u00e7\u00f5es), em Belo Horizonte, ser\u00e3o abertas. As vagas s\u00e3o destinadas para crian\u00e7as com mais de 7 anos e 9 meses. J\u00e1 crian\u00e7as de 4 \u00e0 7 anos poder\u00e3o ser inscritas na pr\u00e9-catequese. As inscri\u00e7\u00f5es poder\u00e3o ser feitas no Santu\u00e1rio Sa\u00fade e Paz, Igreja do Beato Padre Eust\u00e1quio, \u00e0s segundas e quintas, das 16h \u00e0s 17h30 e nos fins de semana das 09h30 \u00e0s 11h. No momento da inscri\u00e7\u00e3o, o respons\u00e1vel dever\u00e1 apresentar um documento da [&hellip;]<\/p>\n","protected":false},"author":2,"featured_media":8043,"comment_status":"open","ping_status":"closed","sticky":false,"template":"","format":"standard","meta":{"_acf_changed":false,"footnotes":""},"categories":[611],"tags":[],"class_list":["post-8042","post","type-post","status-publish","format-standard","has-post-thumbnail","hentry","category-noticias"],"acf":[],"yoast_head":"<!-- This site is optimized with the Yoast SEO plugin v27.2 - https:\/\/yoast.com\/product\/yoast-seo-wordpress\/ -->\n<title>Inscri\u00e7\u00f5es para a Catequese no Santu\u00e1rio come\u00e7am no pr\u00f3ximo domingo<\/title>\n<meta name=\"description\" content=\"A partir do pr\u00f3ximo domingo, dia 06 de fevereiro, as inscri\u00e7\u00f5es para a Catequese 2022 no Santu\u00e1rio da Sa\u00fade e da Paz, em Belo Horizonte ser\u00e3o abertas. As vagas s\u00e3o destinadas para crian\u00e7as com mais de 7 anos e 9 meses. J\u00e1 crian\u00e7as de 4 \u00e0 7 anos poder\u00e3o ser inscritas na pr\u00e9-catequese.\" \/>\n<meta name=\"robots\" content=\"index, follow, max-snippet:-1, max-image-preview:large, max-video-preview:-1\" \/>\n<link rel=\"canonical\" href=\"https:\/\/www.padreeustaquio.com.br\/en\/registration-for-catechism-at-the-sanctuary-begins-next-sunday\/\" \/>\n<meta property=\"og:locale\" content=\"en_US\" \/>\n<meta property=\"og:type\" content=\"article\" \/>\n<meta property=\"og:title\" content=\"Inscri\u00e7\u00f5es para a Catequese no Santu\u00e1rio come\u00e7am no pr\u00f3ximo domingo\" \/>\n<meta property=\"og:description\" content=\"A partir do pr\u00f3ximo domingo, dia 06 de fevereiro, as inscri\u00e7\u00f5es para a Catequese 2022 no Santu\u00e1rio da Sa\u00fade e da Paz, em Belo Horizonte ser\u00e3o abertas. As vagas s\u00e3o destinadas para crian\u00e7as com mais de 7 anos e 9 meses. J\u00e1 crian\u00e7as de 4 \u00e0 7 anos poder\u00e3o ser inscritas na pr\u00e9-catequese.\" \/>\n<meta property=\"og:url\" content=\"https:\/\/www.padreeustaquio.com.br\/en\/registration-for-catechism-at-the-sanctuary-begins-next-sunday\/\" \/>\n<meta property=\"og:site_name\" content=\"Padre Eust\u00e1quio\" \/>\n<meta property=\"article:publisher\" content=\"https:\/\/www.facebook.com\/beatopadreeustaquio\/\" \/>\n<meta property=\"article:published_time\" content=\"2022-02-02T08:59:00+00:00\" \/>\n<meta property=\"og:image\" content=\"https:\/\/www.padreeustaquio.com.br\/wp-content\/uploads\/2022\/02\/Catequese.jpg\" \/>\n\t<meta property=\"og:image:width\" content=\"748\" \/>\n\t<meta property=\"og:image:height\" content=\"394\" \/>\n\t<meta property=\"og:image:type\" content=\"image\/jpeg\" \/>\n<meta name=\"author\" content=\"@sscc\" \/>\n<meta name=\"twitter:card\" content=\"summary_large_image\" \/>\n<meta name=\"twitter:creator\" content=\"@beatopeustaquio\" \/>\n<meta name=\"twitter:site\" content=\"@beatopeustaquio\" \/>\n<meta name=\"twitter:label1\" content=\"Written by\" \/>\n\t<meta name=\"twitter:data1\" content=\"@sscc\" \/>\n\t<meta name=\"twitter:label2\" content=\"Est. reading time\" \/>\n\t<meta name=\"twitter:data2\" content=\"1 minute\" \/>\n<script type=\"application\/ld+json\" class=\"yoast-schema-graph\">{\"@context\":\"https:\/\/schema.org\",\"@graph\":[{\"@type\":\"Article\",\"@id\":\"https:\/\/www.padreeustaquio.com.br\/inscricoes-para-a-catequese-no-santuario-comecam-no-proximo-domingo\/#article\",\"isPartOf\":{\"@id\":\"https:\/\/www.padreeustaquio.com.br\/inscricoes-para-a-catequese-no-santuario-comecam-no-proximo-domingo\/\"},\"author\":{\"name\":\"@sscc\",\"@id\":\"https:\/\/www.padreeustaquio.com.br\/#\/schema\/person\/a2a51db1d00f1a7af0204a0f1ddb1566\"},\"headline\":\"Inscri\u00e7\u00f5es para a Catequese no Santu\u00e1rio come\u00e7am no pr\u00f3ximo domingo\",\"datePublished\":\"2022-02-02T08:59:00+00:00\",\"mainEntityOfPage\":{\"@id\":\"https:\/\/www.padreeustaquio.com.br\/inscricoes-para-a-catequese-no-santuario-comecam-no-proximo-domingo\/\"},\"wordCount\":227,\"commentCount\":0,\"publisher\":{\"@id\":\"https:\/\/www.padreeustaquio.com.br\/#organization\"},\"image\":{\"@id\":\"https:\/\/www.padreeustaquio.com.br\/inscricoes-para-a-catequese-no-santuario-comecam-no-proximo-domingo\/#primaryimage\"},\"thumbnailUrl\":\"https:\/\/www.padreeustaquio.com.br\/wp-content\/uploads\/2022\/02\/Catequese.jpg\",\"articleSection\":[\"Not\u00edcias\"],\"inLanguage\":\"en-US\",\"potentialAction\":[{\"@type\":\"CommentAction\",\"name\":\"Comment\",\"target\":[\"https:\/\/www.padreeustaquio.com.br\/inscricoes-para-a-catequese-no-santuario-comecam-no-proximo-domingo\/#respond\"]}]},{\"@type\":\"WebPage\",\"@id\":\"https:\/\/www.padreeustaquio.com.br\/inscricoes-para-a-catequese-no-santuario-comecam-no-proximo-domingo\/\",\"url\":\"https:\/\/www.padreeustaquio.com.br\/inscricoes-para-a-catequese-no-santuario-comecam-no-proximo-domingo\/\",\"name\":\"Inscri\u00e7\u00f5es para a Catequese no Santu\u00e1rio come\u00e7am no pr\u00f3ximo domingo\",\"isPartOf\":{\"@id\":\"https:\/\/www.padreeustaquio.com.br\/#website\"},\"primaryImageOfPage\":{\"@id\":\"https:\/\/www.padreeustaquio.com.br\/inscricoes-para-a-catequese-no-santuario-comecam-no-proximo-domingo\/#primaryimage\"},\"image\":{\"@id\":\"https:\/\/www.padreeustaquio.com.br\/inscricoes-para-a-catequese-no-santuario-comecam-no-proximo-domingo\/#primaryimage\"},\"thumbnailUrl\":\"https:\/\/www.padreeustaquio.com.br\/wp-content\/uploads\/2022\/02\/Catequese.jpg\",\"datePublished\":\"2022-02-02T08:59:00+00:00\",\"description\":\"A partir do pr\u00f3ximo domingo, dia 06 de fevereiro, as inscri\u00e7\u00f5es para a Catequese 2022 no Santu\u00e1rio da Sa\u00fade e da Paz, em Belo Horizonte ser\u00e3o abertas. As vagas s\u00e3o destinadas para crian\u00e7as com mais de 7 anos e 9 meses. J\u00e1 crian\u00e7as de 4 \u00e0 7 anos poder\u00e3o ser inscritas na pr\u00e9-catequese.\",\"breadcrumb\":{\"@id\":\"https:\/\/www.padreeustaquio.com.br\/inscricoes-para-a-catequese-no-santuario-comecam-no-proximo-domingo\/#breadcrumb\"},\"inLanguage\":\"en-US\",\"potentialAction\":[{\"@type\":\"ReadAction\",\"target\":[\"https:\/\/www.padreeustaquio.com.br\/inscricoes-para-a-catequese-no-santuario-comecam-no-proximo-domingo\/\"]}]},{\"@type\":\"ImageObject\",\"inLanguage\":\"en-US\",\"@id\":\"https:\/\/www.padreeustaquio.com.br\/inscricoes-para-a-catequese-no-santuario-comecam-no-proximo-domingo\/#primaryimage\",\"url\":\"https:\/\/www.padreeustaquio.com.br\/wp-content\/uploads\/2022\/02\/Catequese.jpg\",\"contentUrl\":\"https:\/\/www.padreeustaquio.com.br\/wp-content\/uploads\/2022\/02\/Catequese.jpg\",\"width\":748,\"height\":394},{\"@type\":\"BreadcrumbList\",\"@id\":\"https:\/\/www.padreeustaquio.com.br\/inscricoes-para-a-catequese-no-santuario-comecam-no-proximo-domingo\/#breadcrumb\",\"itemListElement\":[{\"@type\":\"ListItem\",\"position\":1,\"name\":\"In\u00edcio\",\"item\":\"https:\/\/www.padreeustaquio.com.br\/\"},{\"@type\":\"ListItem\",\"position\":2,\"name\":\"Inscri\u00e7\u00f5es para a Catequese no Santu\u00e1rio come\u00e7am no pr\u00f3ximo domingo\"}]},{\"@type\":\"WebSite\",\"@id\":\"https:\/\/www.padreeustaquio.com.br\/#website\",\"url\":\"https:\/\/www.padreeustaquio.com.br\/\",\"name\":\"Padre Eust\u00e1quio\",\"description\":\"Sa\u00fade e Paz\",\"publisher\":{\"@id\":\"https:\/\/www.padreeustaquio.com.br\/#organization\"},\"potentialAction\":[{\"@type\":\"SearchAction\",\"target\":{\"@type\":\"EntryPoint\",\"urlTemplate\":\"https:\/\/www.padreeustaquio.com.br\/?s={search_term_string}\"},\"query-input\":{\"@type\":\"PropertyValueSpecification\",\"valueRequired\":true,\"valueName\":\"search_term_string\"}}],\"inLanguage\":\"en-US\"},{\"@type\":\"Organization\",\"@id\":\"https:\/\/www.padreeustaquio.com.br\/#organization\",\"name\":\"Padre Eust\u00e1quio\",\"url\":\"https:\/\/www.padreeustaquio.com.br\/\",\"logo\":{\"@type\":\"ImageObject\",\"inLanguage\":\"en-US\",\"@id\":\"https:\/\/www.padreeustaquio.com.br\/#\/schema\/logo\/image\/\",\"url\":\"https:\/\/www.padreeustaquio.com.br\/wp-content\/uploads\/2019\/08\/marca.png\",\"contentUrl\":\"https:\/\/www.padreeustaquio.com.br\/wp-content\/uploads\/2019\/08\/marca.png\",\"width\":350,\"height\":400,\"caption\":\"Padre Eust\u00e1quio\"},\"image\":{\"@id\":\"https:\/\/www.padreeustaquio.com.br\/#\/schema\/logo\/image\/\"},\"sameAs\":[\"https:\/\/www.facebook.com\/beatopadreeustaquio\/\",\"https:\/\/x.com\/beatopeustaquio\",\"https:\/\/www.instagram.com\/beatopadreeustaquio\/\",\"https:\/\/www.youtube.com\/channel\/UCRhw7vfabnajwLxb1ZXMeIw\"]},{\"@type\":\"Person\",\"@id\":\"https:\/\/www.padreeustaquio.com.br\/#\/schema\/person\/a2a51db1d00f1a7af0204a0f1ddb1566\",\"name\":\"@sscc\",\"image\":{\"@type\":\"ImageObject\",\"inLanguage\":\"en-US\",\"@id\":\"https:\/\/secure.gravatar.com\/avatar\/68cfafa5f44617fea54071e215026e0ff06be366c3d54a8425f04fdcb86f8c5f?s=96&d=mm&r=g\",\"url\":\"https:\/\/secure.gravatar.com\/avatar\/68cfafa5f44617fea54071e215026e0ff06be366c3d54a8425f04fdcb86f8c5f?s=96&d=mm&r=g\",\"contentUrl\":\"https:\/\/secure.gravatar.com\/avatar\/68cfafa5f44617fea54071e215026e0ff06be366c3d54a8425f04fdcb86f8c5f?s=96&d=mm&r=g\",\"caption\":\"@sscc\"},\"url\":\"https:\/\/www.padreeustaquio.com.br\/en\/author\/sscc\/\"}]}<\/script>\n<!-- \/ Yoast SEO plugin. -->","yoast_head_json":{"title":"Registration for Catechism at the Sanctuary begins next Sunday.","description":"Starting next Sunday, February 6th, registration for Catechism 2022 at the Sanctuary of Health and Peace in Belo Horizonte will open. Places are available for children over 7 years and 9 months old. Children aged 4 to 7 can register for pre-catechesis.","robots":{"index":"index","follow":"follow","max-snippet":"max-snippet:-1","max-image-preview":"max-image-preview:large","max-video-preview":"max-video-preview:-1"},"canonical":"https:\/\/www.padreeustaquio.com.br\/en\/registration-for-catechism-at-the-sanctuary-begins-next-sunday\/","og_locale":"en_US","og_type":"article","og_title":"Inscri\u00e7\u00f5es para a Catequese no Santu\u00e1rio come\u00e7am no pr\u00f3ximo domingo","og_description":"A partir do pr\u00f3ximo domingo, dia 06 de fevereiro, as inscri\u00e7\u00f5es para a Catequese 2022 no Santu\u00e1rio da Sa\u00fade e da Paz, em Belo Horizonte ser\u00e3o abertas. As vagas s\u00e3o destinadas para crian\u00e7as com mais de 7 anos e 9 meses. J\u00e1 crian\u00e7as de 4 \u00e0 7 anos poder\u00e3o ser inscritas na pr\u00e9-catequese.","og_url":"https:\/\/www.padreeustaquio.com.br\/en\/registration-for-catechism-at-the-sanctuary-begins-next-sunday\/","og_site_name":"Padre Eust\u00e1quio","article_publisher":"https:\/\/www.facebook.com\/beatopadreeustaquio\/","article_published_time":"2022-02-02T08:59:00+00:00","og_image":[{"width":748,"height":394,"url":"https:\/\/www.padreeustaquio.com.br\/wp-content\/uploads\/2022\/02\/Catequese.jpg","type":"image\/jpeg"}],"author":"@sscc","twitter_card":"summary_large_image","twitter_creator":"@beatopeustaquio","twitter_site":"@beatopeustaquio","twitter_misc":{"Written by":"@sscc","Est. reading time":"1 minute"},"schema":{"@context":"https:\/\/schema.org","@graph":[{"@type":"Article","@id":"https:\/\/www.padreeustaquio.com.br\/inscricoes-para-a-catequese-no-santuario-comecam-no-proximo-domingo\/#article","isPartOf":{"@id":"https:\/\/www.padreeustaquio.com.br\/inscricoes-para-a-catequese-no-santuario-comecam-no-proximo-domingo\/"},"author":{"name":"@sscc","@id":"https:\/\/www.padreeustaquio.com.br\/#\/schema\/person\/a2a51db1d00f1a7af0204a0f1ddb1566"},"headline":"Inscri\u00e7\u00f5es para a Catequese no Santu\u00e1rio come\u00e7am no pr\u00f3ximo domingo","datePublished":"2022-02-02T08:59:00+00:00","mainEntityOfPage":{"@id":"https:\/\/www.padreeustaquio.com.br\/inscricoes-para-a-catequese-no-santuario-comecam-no-proximo-domingo\/"},"wordCount":227,"commentCount":0,"publisher":{"@id":"https:\/\/www.padreeustaquio.com.br\/#organization"},"image":{"@id":"https:\/\/www.padreeustaquio.com.br\/inscricoes-para-a-catequese-no-santuario-comecam-no-proximo-domingo\/#primaryimage"},"thumbnailUrl":"https:\/\/www.padreeustaquio.com.br\/wp-content\/uploads\/2022\/02\/Catequese.jpg","articleSection":["Not\u00edcias"],"inLanguage":"en-US","potentialAction":[{"@type":"CommentAction","name":"Comment","target":["https:\/\/www.padreeustaquio.com.br\/inscricoes-para-a-catequese-no-santuario-comecam-no-proximo-domingo\/#respond"]}]},{"@type":"WebPage","@id":"https:\/\/www.padreeustaquio.com.br\/inscricoes-para-a-catequese-no-santuario-comecam-no-proximo-domingo\/","url":"https:\/\/www.padreeustaquio.com.br\/inscricoes-para-a-catequese-no-santuario-comecam-no-proximo-domingo\/","name":"Registration for Catechism at the Sanctuary begins next Sunday.","isPartOf":{"@id":"https:\/\/www.padreeustaquio.com.br\/#website"},"primaryImageOfPage":{"@id":"https:\/\/www.padreeustaquio.com.br\/inscricoes-para-a-catequese-no-santuario-comecam-no-proximo-domingo\/#primaryimage"},"image":{"@id":"https:\/\/www.padreeustaquio.com.br\/inscricoes-para-a-catequese-no-santuario-comecam-no-proximo-domingo\/#primaryimage"},"thumbnailUrl":"https:\/\/www.padreeustaquio.com.br\/wp-content\/uploads\/2022\/02\/Catequese.jpg","datePublished":"2022-02-02T08:59:00+00:00","description":"Starting next Sunday, February 6th, registration for Catechism 2022 at the Sanctuary of Health and Peace in Belo Horizonte will open. Places are available for children over 7 years and 9 months old. Children aged 4 to 7 can register for pre-catechesis.","breadcrumb":{"@id":"https:\/\/www.padreeustaquio.com.br\/inscricoes-para-a-catequese-no-santuario-comecam-no-proximo-domingo\/#breadcrumb"},"inLanguage":"en-US","potentialAction":[{"@type":"ReadAction","target":["https:\/\/www.padreeustaquio.com.br\/inscricoes-para-a-catequese-no-santuario-comecam-no-proximo-domingo\/"]}]},{"@type":"ImageObject","inLanguage":"en-US","@id":"https:\/\/www.padreeustaquio.com.br\/inscricoes-para-a-catequese-no-santuario-comecam-no-proximo-domingo\/#primaryimage","url":"https:\/\/www.padreeustaquio.com.br\/wp-content\/uploads\/2022\/02\/Catequese.jpg","contentUrl":"https:\/\/www.padreeustaquio.com.br\/wp-content\/uploads\/2022\/02\/Catequese.jpg","width":748,"height":394},{"@type":"BreadcrumbList","@id":"https:\/\/www.padreeustaquio.com.br\/inscricoes-para-a-catequese-no-santuario-comecam-no-proximo-domingo\/#breadcrumb","itemListElement":[{"@type":"ListItem","position":1,"name":"In\u00edcio","item":"https:\/\/www.padreeustaquio.com.br\/"},{"@type":"ListItem","position":2,"name":"Inscri\u00e7\u00f5es para a Catequese no Santu\u00e1rio come\u00e7am no pr\u00f3ximo domingo"}]},{"@type":"WebSite","@id":"https:\/\/www.padreeustaquio.com.br\/#website","url":"https:\/\/www.padreeustaquio.com.br\/","name":"FATHER EUST\u00c1QUIO","description":"Health and Peace","publisher":{"@id":"https:\/\/www.padreeustaquio.com.br\/#organization"},"potentialAction":[{"@type":"SearchAction","target":{"@type":"EntryPoint","urlTemplate":"https:\/\/www.padreeustaquio.com.br\/?s={search_term_string}"},"query-input":{"@type":"PropertyValueSpecification","valueRequired":true,"valueName":"search_term_string"}}],"inLanguage":"en-US"},{"@type":"Organization","@id":"https:\/\/www.padreeustaquio.com.br\/#organization","name":"FATHER EUST\u00c1QUIO","url":"https:\/\/www.padreeustaquio.com.br\/","logo":{"@type":"ImageObject","inLanguage":"en-US","@id":"https:\/\/www.padreeustaquio.com.br\/#\/schema\/logo\/image\/","url":"https:\/\/www.padreeustaquio.com.br\/wp-content\/uploads\/2019\/08\/marca.png","contentUrl":"https:\/\/www.padreeustaquio.com.br\/wp-content\/uploads\/2019\/08\/marca.png","width":350,"height":400,"caption":"Padre Eust\u00e1quio"},"image":{"@id":"https:\/\/www.padreeustaquio.com.br\/#\/schema\/logo\/image\/"},"sameAs":["https:\/\/www.facebook.com\/beatopadreeustaquio\/","https:\/\/x.com\/beatopeustaquio","https:\/\/www.instagram.com\/beatopadreeustaquio\/","https:\/\/www.youtube.com\/channel\/UCRhw7vfabnajwLxb1ZXMeIw"]},{"@type":"Person","@id":"https:\/\/www.padreeustaquio.com.br\/#\/schema\/person\/a2a51db1d00f1a7af0204a0f1ddb1566","name":"@sscc","image":{"@type":"ImageObject","inLanguage":"en-US","@id":"https:\/\/secure.gravatar.com\/avatar\/68cfafa5f44617fea54071e215026e0ff06be366c3d54a8425f04fdcb86f8c5f?s=96&d=mm&r=g","url":"https:\/\/secure.gravatar.com\/avatar\/68cfafa5f44617fea54071e215026e0ff06be366c3d54a8425f04fdcb86f8c5f?s=96&d=mm&r=g","contentUrl":"https:\/\/secure.gravatar.com\/avatar\/68cfafa5f44617fea54071e215026e0ff06be366c3d54a8425f04fdcb86f8c5f?s=96&d=mm&r=g","caption":"@sscc"},"url":"https:\/\/www.padreeustaquio.com.br\/en\/author\/sscc\/"}]}},"_links":{"self":[{"href":"https:\/\/www.padreeustaquio.com.br\/en\/wp-json\/wp\/v2\/posts\/8042","targetHints":{"allow":["GET"]}}],"collection":[{"href":"https:\/\/www.padreeustaquio.com.br\/en\/wp-json\/wp\/v2\/posts"}],"about":[{"href":"https:\/\/www.padreeustaquio.com.br\/en\/wp-json\/wp\/v2\/types\/post"}],"author":[{"embeddable":true,"href":"https:\/\/www.padreeustaquio.com.br\/en\/wp-json\/wp\/v2\/users\/2"}],"replies":[{"embeddable":true,"href":"https:\/\/www.padreeustaquio.com.br\/en\/wp-json\/wp\/v2\/comments?post=8042"}],"version-history":[{"count":0,"href":"https:\/\/www.padreeustaquio.com.br\/en\/wp-json\/wp\/v2\/posts\/8042\/revisions"}],"wp:featuredmedia":[{"embeddable":true,"href":"https:\/\/www.padreeustaquio.com.br\/en\/wp-json\/wp\/v2\/media\/8043"}],"wp:attachment":[{"href":"https:\/\/www.padreeustaquio.com.br\/en\/wp-json\/wp\/v2\/media?parent=8042"}],"wp:term":[{"taxonomy":"category","embeddable":true,"href":"https:\/\/www.padreeustaquio.com.br\/en\/wp-json\/wp\/v2\/categories?post=8042"},{"taxonomy":"post_tag","embeddable":true,"href":"https:\/\/www.padreeustaquio.com.br\/en\/wp-json\/wp\/v2\/tags?post=8042"}],"curies":[{"name":"wp","href":"https:\/\/api.w.org\/{rel}","templated":true}]}}